{"id":213975,"date":"2026-04-30T16:17:21","date_gmt":"2026-04-30T19:17:21","guid":{"rendered":"https:\/\/radioinfinitagoya.com.ar\/v1\/?p=213975"},"modified":"2026-04-30T16:17:21","modified_gmt":"2026-04-30T19:17:21","slug":"anularon-el-procesamiento-de-alberto-fernandez-en-la-causa-seguros","status":"publish","type":"post","link":"https:\/\/radioinfinitagoya.com.ar\/v1\/2026\/04\/30\/anularon-el-procesamiento-de-alberto-fernandez-en-la-causa-seguros\/","title":{"rendered":"Anularon el procesamiento de Alberto Fern\u00e1ndez en la causa Seguros"},"content":{"rendered":"<p>El expresidente obtuvo alivio procesal en un fallo con voto dividido.<\/p>\n<p>La Sala IV de la C\u00e1mara de Casaci\u00f3n, con un voto mayoritario, hizo lugar esta mi\u00e9rcoles al pedido de Alberto Fern\u00e1ndez y anul\u00f3 la confirmaci\u00f3n del procesamiento por corrupci\u00f3n del ex presidente confirmado por la instancia anterior, en el marco de la causa Seguros.<\/p>\n<p>En funci\u00f3n de esta medida se orden\u00f3 que la C\u00e1mara Federal dicte un nuevo pronunciamiento. Sin embargo, los jueces no discutieron el fondo del caso: no plantean la inocencia de Alberto Fern\u00e1ndez frente a los hechos de corrupci\u00f3n, sino que piden que el Tribunal que revisa los que hacen los jueces de instrucci\u00f3n vuelva a revisar el procedimiento que los condujo a confirmar la acusaci\u00f3n.<\/p>\n<p>La mayor\u00eda que anul\u00f3 el procesamiento estuvo conformada por los jueces Mariano Borinsky y Javier Carbajo.<\/p>\n<p>Ante la C\u00e1mara Federal de Casaci\u00f3n Penal el ex Presidente hab\u00eda requerido la nulidad de las acusaciones que pesan sobre \u00e9l y que lo podr\u00edan conducir a su primer juicio oral por corrupci\u00f3n.<\/p>\n<p>En este expediente el ex Jefe de Estado termin\u00f3 procesado por el delito de negociaciones incompatibles con la funci\u00f3n p\u00fablica.<\/p>\n<p>Un cuestionado decreto firmado por Fern\u00e1ndez, 45 contratos, 25 intermediarios de seguros, comisiones millonarias, una cooperativa que funcion\u00f3 como financiera y un posible direccionamiento de los contratos son parte de las piezas que componen lo que la justicia denomin\u00f3 una \u201cestructura criminal\u201d para desviar fondos p\u00fablicos a privados.<\/p>\n<p>El monto de las comisiones pagadas a intermediarios de contratos entre organismos p\u00fablicos, supuestamente con irregularidades y direccionamientos -seg\u00fan consta en la acusaci\u00f3n- fue de 3.364.522.944 pesos.<\/p>\n<p>Despu\u00e9s de las apelaciones de los acusados ante las instancias superiores, el 23 de febrero la Sala IV de la Casaci\u00f3n Federal, integrada por Javier Carbajo, Gustavo Hornos y Mariano Borinsky, confirm\u00f3 los procesamientos de diez personas involucradas en el entramado de corrupci\u00f3n alrededor de los contratos del Estado con Naci\u00f3n Seguros y la intermediaci\u00f3n de brokers del rubro.<\/p>\n<p>Los delitos incluyen administraci\u00f3n fraudulenta en perjuicio del Estado y negociaciones incompatibles, como pilares centrales del procesamiento.<\/p>\n<p>Sin embargo, qued\u00f3 bajo revisi\u00f3n en el m\u00e1ximo tribunal penal la situaci\u00f3n procesal de Alberto Fern\u00e1ndez, principal implicado en el entramado de comisiones y favoritismos otorgados a su amigo y broker H\u00e9ctor Mart\u00ednez Sosa, quien se alz\u00f3 con el 59,6% de las comisiones pagadas a los comisionistas.<\/p>\n<p>\u00bfPor qu\u00e9 la situaci\u00f3n est\u00e1 bajo an\u00e1lisis? Porque la C\u00e1mara de Casaci\u00f3n hizo lugar a la queja de la defensa y decidi\u00f3 revisar su procesamiento debido a que, en la instancia anterior, el fiscal de C\u00e1mara -Jos\u00e9 Luis Aguero Iturbe-, consider\u00f3 que deb\u00edan escucharse a los testigos sugeridos por el ex presidente.<\/p>\n<p>La defensa del ex Jefe de Estado sostuvo que el pronunciamiento &#8220;resultaba arbitrario toda vez que se hab\u00eda confirmado el procesamiento de su asistido mediante una err\u00f3nea interpretaci\u00f3n de la ley sustantiva y procesal, con vulneraci\u00f3n de diversas garant\u00edas constitucionales, entre las que destac\u00f3 el derecho al debido proceso y a la defensa en juicio&#8221;.<\/p>\n<p>A ese planteo le asisti\u00f3 la raz\u00f3n dos de los integrantes de la Sala IV de la C\u00e1mara de Casaci\u00f3n. Ese voto conjunto sostiene ante la C\u00e1mara Federal, \u201cno existi\u00f3 controversia entre la defensa de Fern\u00e1ndez y el Ministerio P\u00fablico Fiscal ya que ambos hab\u00edan pedido revocar el procesamiento y dictar la falta de m\u00e9rito\u201d.<\/p>\n<p>Puntualmente, dijo el camarista Borinsky, la confirmaci\u00f3n del procesamiento por parte del tribunal de apelaciones \u201cimplic\u00f3 resolver en exceso de la pretensi\u00f3n acusatoria y afect\u00f3 el principio acusatorio, el contradictorio y el debido proceso\u201d.<\/p>\n<p>Cuando el reclamo lleg\u00f3 ante el m\u00e1ximo tribunal penal, el fiscal general ante dicha instancia, Ra\u00fal Ple\u00e9, rechaz\u00f3 los argumentos de la defensa de Fern\u00e1ndez considerando que en el mismo, no hab\u00eda sustento jur\u00eddico suficiente para retrotraer la decisi\u00f3n de la confirmaci\u00f3n del procesamiento.<\/p>\n<p>Al respecto los camaristas expresaron que dicha intervenci\u00f3n del Ministerio P\u00fablico \u201cno subsanaba el problema\u201d ya que ese dictamen \u201cno ofreci\u00f3 razones concretas, ajustadas al caso, que justificaran apartarse de la postura fiscal anterior; se apoy\u00f3 en invocaciones generales al principio de unidad de actuaci\u00f3n del Ministerio P\u00fablico Fiscal y no alcanz\u00f3 para sostener la inadmisibilidad ni el rechazo del recurso defensista\u201d.<\/p>\n<p>Por su lado, el juez Carbajo consider\u00f3 que la confirmaci\u00f3n de la C\u00e1mara de Apelaciones que revisa las decisiones de los jueces de instrucci\u00f3n, hab\u00eda sido dictada en \u201cexceso de la pretensi\u00f3n oportunamente expuesta por la acusaci\u00f3n\u201d. Ese argumento central lo condujo a acompa\u00f1ar el voto de su par de la Sala IV, Mariano Borinsky.<\/p>\n<p>En conclusi\u00f3n, se\u00f1alaron los magistrados que correspond\u00eda hacer lugar a la anulaci\u00f3n del procesamiento por corrupci\u00f3n contra Alberto Fern\u00e1ndez. En consecuencia, de devolvi\u00f3 el expediente al tribunal de origen para que dicte un nuevo fallo.<\/p>\n<p>El voto disidente<br \/>\nDe manera contraria vot\u00f3 el juez Gustavo Hornos quien consider\u00f3 que hab\u00eda que declarar inadmisible el recurso, ya que el fallo e la C\u00e1mara de Apelaciones, &#8220;no se trata de una sentencia definitiva ni equiparable a tal, por lo que no superaba el l\u00edmite de impugnabilidad objetiva&#8221; que contempla el C\u00f3digo Procesal Penal de la Naci\u00f3n.<\/p>\n<p>En consonancia con lo que hab\u00eda argumentado el fiscal de la Casaci\u00f3n, Ra\u00fal Ple\u00e9, el camarista sostuvo que la abogada de Alberto Fern\u00e1ndez &#8220;no demostr\u00f3 un agravio actual de imposible o tard\u00eda reparaci\u00f3n ulterior&#8221;.<\/p>\n<p>Respecto al rol del Ministerio P\u00fablico Fiscal y en la vereda opuesta a la tesis de su par Mariano Borinsky, Hornos se\u00f1al\u00f3 que el fiscal general ante Casaci\u00f3n &#8220;hab\u00eda propiciado la inadmisibilidad y, subsidiariamente, el rechazo del recurso, reafirmando la continuidad del proceso&#8221;.<\/p>\n<p>A partir de ello, entendi\u00f3 que quedaba descartada la existencia de una cuesti\u00f3n federal suficiente. En su criterio, la postura institucional del Ministerio P\u00fablico Fiscal en Casaci\u00f3n disipaba el agravio construido sobre la supuesta falta de acusaci\u00f3n.<\/p>\n<p>Finalmente, en el voto en disidencia se expres\u00f3 que el procesamiento dictado sin prisi\u00f3n preventiva y confirmado por la C\u00e1mara de Apelaciones se encontraba \u201csuficientemente fundado en derecho y en las constancias de la causa\u201d, en relaci\u00f3n con los hechos investigados. En ese sentido, destac\u00f3 que su postura se apoya en la corroboraci\u00f3n -en esta etapa- respecto a &#8220;la existencia de un esquema de direccionamiento irregular en la contrataci\u00f3n de seguros estatales&#8221;.<\/p>\n<p>En ese sentido, record\u00f3 que el esquema bajo investigaci\u00f3n &#8220;habr\u00eda operado mediante el aprovechamiento de la centralizaci\u00f3n dispuesta por el Decreto 823\/2021, lo que permiti\u00f3 la indebida incorporaci\u00f3n de intermediarios y coaseguradoras privadas&#8221;.<\/p>\n<p>Ello habr\u00eda derivado en el &#8220;pago de comisiones superiores a las de mercado y en la eventual contrataci\u00f3n de servicios innecesarios o sobrefacturados, con el consiguiente perjuicio econ\u00f3mico para el Estado&#8221;.<\/p>\n","protected":false},"excerpt":{"rendered":"<p>El expresidente obtuvo alivio procesal en un fallo con voto dividido. La Sala IV de la C\u00e1mara de Casaci\u00f3n, con un voto mayoritario, hizo lugar esta mi\u00e9rcoles al pedido de Alberto Fern\u00e1ndez y anul\u00f3 la confirmaci\u00f3n del procesamiento por corrupci\u00f3n del ex presidente confirmado por la instancia anterior, en el marco de la causa Seguros. [&hellip;]<\/p>\n","protected":false},"author":4,"featured_media":213976,"comment_status":"open","ping_status":"open","sticky":false,"template":"","format":"standard","meta":{"_joinchat":[],"footnotes":""},"categories":[29],"tags":[],"class_list":{"0":"post-213975","1":"post","2":"type-post","3":"status-publish","4":"format-standard","5":"has-post-thumbnail","7":"category-nacionales"},"yoast_head":"<!-- This site is optimized with the Yoast SEO plugin v27.2 - https:\/\/yoast.com\/product\/yoast-seo-wordpress\/ -->\n<title>Anularon el procesamiento de Alberto Fern\u00e1ndez en la causa Seguros - Radio Infinita Goya<\/title>\n<meta name=\"description\" content=\"El expresidente obtuvo alivio procesal en un fallo con voto dividido. La Sala IV de la C\u00e1mara de Casaci\u00f3n, con un voto mayoritario, hizo lugar esta\" \/>\n<meta name=\"robots\" content=\"index, follow, max-snippet:-1, max-image-preview:large, max-video-preview:-1\" \/>\n<link rel=\"canonical\" href=\"https:\/\/radioinfinitagoya.com.ar\/v1\/2026\/04\/30\/anularon-el-procesamiento-de-alberto-fernandez-en-la-causa-seguros\/\" \/>\n<meta property=\"og:locale\" content=\"es_ES\" \/>\n<meta property=\"og:type\" content=\"article\" \/>\n<meta property=\"og:title\" content=\"Anularon el procesamiento de Alberto Fern\u00e1ndez en la causa Seguros - Radio Infinita Goya\" \/>\n<meta property=\"og:description\" content=\"El expresidente obtuvo alivio procesal en un fallo con voto dividido. La Sala IV de la C\u00e1mara de Casaci\u00f3n, con un voto mayoritario, hizo lugar esta\" \/>\n<meta property=\"og:url\" content=\"https:\/\/radioinfinitagoya.com.ar\/v1\/2026\/04\/30\/anularon-el-procesamiento-de-alberto-fernandez-en-la-causa-seguros\/\" \/>\n<meta property=\"og:site_name\" content=\"Radio Infinita Goya\" \/>\n<meta property=\"article:publisher\" content=\"https:\/\/www.facebook.com\/p\/Infinita-Goya-100063870918311\/\" \/>\n<meta property=\"article:published_time\" content=\"2026-04-30T19:17:21+00:00\" \/>\n<meta property=\"og:image\" content=\"https:\/\/radioinfinitagoya.com.ar\/v1\/wp-content\/uploads\/2026\/04\/Jzj5Ev5I.jpg\" \/>\n\t<meta property=\"og:image:width\" content=\"600\" \/>\n\t<meta property=\"og:image:height\" content=\"315\" \/>\n\t<meta property=\"og:image:type\" content=\"image\/jpeg\" \/>\n<meta name=\"author\" content=\"Jorge Mi\u00f1o\" \/>\n<meta name=\"twitter:card\" content=\"summary_large_image\" \/>\n<meta name=\"twitter:label1\" content=\"Escrito por\" \/>\n\t<meta name=\"twitter:data1\" content=\"Jorge Mi\u00f1o\" \/>\n\t<meta name=\"twitter:label2\" content=\"Tiempo de lectura\" \/>\n\t<meta name=\"twitter:data2\" content=\"6 minutos\" \/>\n<script type=\"application\/ld+json\" class=\"yoast-schema-graph\">{\"@context\":\"https:\/\/schema.org\",\"@graph\":[{\"@type\":\"Article\",\"@id\":\"https:\/\/radioinfinitagoya.com.ar\/v1\/2026\/04\/30\/anularon-el-procesamiento-de-alberto-fernandez-en-la-causa-seguros\/#article\",\"isPartOf\":{\"@id\":\"https:\/\/radioinfinitagoya.com.ar\/v1\/2026\/04\/30\/anularon-el-procesamiento-de-alberto-fernandez-en-la-causa-seguros\/\"},\"author\":{\"name\":\"Jorge Mi\u00f1o\",\"@id\":\"https:\/\/radioinfinitagoya.com.ar\/v1\/#\/schema\/person\/d4cf9c413d4f6edb24aabdccab49ca4a\"},\"headline\":\"Anularon el procesamiento de Alberto Fern\u00e1ndez en la causa Seguros\",\"datePublished\":\"2026-04-30T19:17:21+00:00\",\"mainEntityOfPage\":{\"@id\":\"https:\/\/radioinfinitagoya.com.ar\/v1\/2026\/04\/30\/anularon-el-procesamiento-de-alberto-fernandez-en-la-causa-seguros\/\"},\"wordCount\":1206,\"commentCount\":0,\"publisher\":{\"@id\":\"https:\/\/radioinfinitagoya.com.ar\/v1\/#organization\"},\"image\":{\"@id\":\"https:\/\/radioinfinitagoya.com.ar\/v1\/2026\/04\/30\/anularon-el-procesamiento-de-alberto-fernandez-en-la-causa-seguros\/#primaryimage\"},\"thumbnailUrl\":\"https:\/\/radioinfinitagoya.com.ar\/v1\/wp-content\/uploads\/2026\/04\/Jzj5Ev5I.jpg\",\"articleSection\":[\"NACIONALES\"],\"inLanguage\":\"es-AR\",\"potentialAction\":[{\"@type\":\"CommentAction\",\"name\":\"Comment\",\"target\":[\"https:\/\/radioinfinitagoya.com.ar\/v1\/2026\/04\/30\/anularon-el-procesamiento-de-alberto-fernandez-en-la-causa-seguros\/#respond\"]}]},{\"@type\":\"WebPage\",\"@id\":\"https:\/\/radioinfinitagoya.com.ar\/v1\/2026\/04\/30\/anularon-el-procesamiento-de-alberto-fernandez-en-la-causa-seguros\/\",\"url\":\"https:\/\/radioinfinitagoya.com.ar\/v1\/2026\/04\/30\/anularon-el-procesamiento-de-alberto-fernandez-en-la-causa-seguros\/\",\"name\":\"Anularon el procesamiento de Alberto Fern\u00e1ndez en la causa Seguros - Radio Infinita Goya\",\"isPartOf\":{\"@id\":\"https:\/\/radioinfinitagoya.com.ar\/v1\/#website\"},\"primaryImageOfPage\":{\"@id\":\"https:\/\/radioinfinitagoya.com.ar\/v1\/2026\/04\/30\/anularon-el-procesamiento-de-alberto-fernandez-en-la-causa-seguros\/#primaryimage\"},\"image\":{\"@id\":\"https:\/\/radioinfinitagoya.com.ar\/v1\/2026\/04\/30\/anularon-el-procesamiento-de-alberto-fernandez-en-la-causa-seguros\/#primaryimage\"},\"thumbnailUrl\":\"https:\/\/radioinfinitagoya.com.ar\/v1\/wp-content\/uploads\/2026\/04\/Jzj5Ev5I.jpg\",\"datePublished\":\"2026-04-30T19:17:21+00:00\",\"description\":\"El expresidente obtuvo alivio procesal en un fallo con voto dividido. La Sala IV de la C\u00e1mara de Casaci\u00f3n, con un voto mayoritario, hizo lugar esta\",\"breadcrumb\":{\"@id\":\"https:\/\/radioinfinitagoya.com.ar\/v1\/2026\/04\/30\/anularon-el-procesamiento-de-alberto-fernandez-en-la-causa-seguros\/#breadcrumb\"},\"inLanguage\":\"es-AR\",\"potentialAction\":[{\"@type\":\"ReadAction\",\"target\":[\"https:\/\/radioinfinitagoya.com.ar\/v1\/2026\/04\/30\/anularon-el-procesamiento-de-alberto-fernandez-en-la-causa-seguros\/\"]}]},{\"@type\":\"ImageObject\",\"inLanguage\":\"es-AR\",\"@id\":\"https:\/\/radioinfinitagoya.com.ar\/v1\/2026\/04\/30\/anularon-el-procesamiento-de-alberto-fernandez-en-la-causa-seguros\/#primaryimage\",\"url\":\"https:\/\/radioinfinitagoya.com.ar\/v1\/wp-content\/uploads\/2026\/04\/Jzj5Ev5I.jpg\",\"contentUrl\":\"https:\/\/radioinfinitagoya.com.ar\/v1\/wp-content\/uploads\/2026\/04\/Jzj5Ev5I.jpg\",\"width\":600,\"height\":315},{\"@type\":\"BreadcrumbList\",\"@id\":\"https:\/\/radioinfinitagoya.com.ar\/v1\/2026\/04\/30\/anularon-el-procesamiento-de-alberto-fernandez-en-la-causa-seguros\/#breadcrumb\",\"itemListElement\":[{\"@type\":\"ListItem\",\"position\":1,\"name\":\"Inicio\",\"item\":\"https:\/\/radioinfinitagoya.com.ar\/v1\/\"},{\"@type\":\"ListItem\",\"position\":2,\"name\":\"Anularon el procesamiento de Alberto Fern\u00e1ndez en la causa Seguros\"}]},{\"@type\":\"WebSite\",\"@id\":\"https:\/\/radioinfinitagoya.com.ar\/v1\/#website\",\"url\":\"https:\/\/radioinfinitagoya.com.ar\/v1\/\",\"name\":\"radioinfinitagoya.com.ar\",\"description\":\"Radio de noticias\",\"publisher\":{\"@id\":\"https:\/\/radioinfinitagoya.com.ar\/v1\/#organization\"},\"potentialAction\":[{\"@type\":\"SearchAction\",\"target\":{\"@type\":\"EntryPoint\",\"urlTemplate\":\"https:\/\/radioinfinitagoya.com.ar\/v1\/?s={search_term_string}\"},\"query-input\":{\"@type\":\"PropertyValueSpecification\",\"valueRequired\":true,\"valueName\":\"search_term_string\"}}],\"inLanguage\":\"es-AR\"},{\"@type\":\"Organization\",\"@id\":\"https:\/\/radioinfinitagoya.com.ar\/v1\/#organization\",\"name\":\"Radio Infinita Goya\",\"url\":\"https:\/\/radioinfinitagoya.com.ar\/v1\/\",\"logo\":{\"@type\":\"ImageObject\",\"inLanguage\":\"es-AR\",\"@id\":\"https:\/\/radioinfinitagoya.com.ar\/v1\/#\/schema\/logo\/image\/\",\"url\":\"https:\/\/radioinfinitagoya.com.ar\/v1\/wp-content\/uploads\/2019\/11\/logo-pie-web.png\",\"contentUrl\":\"https:\/\/radioinfinitagoya.com.ar\/v1\/wp-content\/uploads\/2019\/11\/logo-pie-web.png\",\"width\":635,\"height\":326,\"caption\":\"Radio Infinita Goya\"},\"image\":{\"@id\":\"https:\/\/radioinfinitagoya.com.ar\/v1\/#\/schema\/logo\/image\/\"},\"sameAs\":[\"https:\/\/www.facebook.com\/p\/Infinita-Goya-100063870918311\/\"]},{\"@type\":\"Person\",\"@id\":\"https:\/\/radioinfinitagoya.com.ar\/v1\/#\/schema\/person\/d4cf9c413d4f6edb24aabdccab49ca4a\",\"name\":\"Jorge Mi\u00f1o\",\"image\":{\"@type\":\"ImageObject\",\"inLanguage\":\"es-AR\",\"@id\":\"https:\/\/secure.gravatar.com\/avatar\/910fcf6728fe95320e07a6643c1581fec1c7fc4bf8ae12e3d8f0d0373dc844be?s=96&d=mm&r=g\",\"url\":\"https:\/\/secure.gravatar.com\/avatar\/910fcf6728fe95320e07a6643c1581fec1c7fc4bf8ae12e3d8f0d0373dc844be?s=96&d=mm&r=g\",\"contentUrl\":\"https:\/\/secure.gravatar.com\/avatar\/910fcf6728fe95320e07a6643c1581fec1c7fc4bf8ae12e3d8f0d0373dc844be?s=96&d=mm&r=g\",\"caption\":\"Jorge Mi\u00f1o\"},\"sameAs\":[\"http:\/\/radioinfinitagoya.com.ar\"]}]}<\/script>\n<!-- \/ Yoast SEO plugin. -->","yoast_head_json":{"title":"Anularon el procesamiento de Alberto Fern\u00e1ndez en la causa Seguros - Radio Infinita Goya","description":"El expresidente obtuvo alivio procesal en un fallo con voto dividido. La Sala IV de la C\u00e1mara de Casaci\u00f3n, con un voto mayoritario, hizo lugar esta","robots":{"index":"index","follow":"follow","max-snippet":"max-snippet:-1","max-image-preview":"max-image-preview:large","max-video-preview":"max-video-preview:-1"},"canonical":"https:\/\/radioinfinitagoya.com.ar\/v1\/2026\/04\/30\/anularon-el-procesamiento-de-alberto-fernandez-en-la-causa-seguros\/","og_locale":"es_ES","og_type":"article","og_title":"Anularon el procesamiento de Alberto Fern\u00e1ndez en la causa Seguros - Radio Infinita Goya","og_description":"El expresidente obtuvo alivio procesal en un fallo con voto dividido. La Sala IV de la C\u00e1mara de Casaci\u00f3n, con un voto mayoritario, hizo lugar esta","og_url":"https:\/\/radioinfinitagoya.com.ar\/v1\/2026\/04\/30\/anularon-el-procesamiento-de-alberto-fernandez-en-la-causa-seguros\/","og_site_name":"Radio Infinita Goya","article_publisher":"https:\/\/www.facebook.com\/p\/Infinita-Goya-100063870918311\/","article_published_time":"2026-04-30T19:17:21+00:00","og_image":[{"width":600,"height":315,"url":"https:\/\/radioinfinitagoya.com.ar\/v1\/wp-content\/uploads\/2026\/04\/Jzj5Ev5I.jpg","type":"image\/jpeg"}],"author":"Jorge Mi\u00f1o","twitter_card":"summary_large_image","twitter_misc":{"Escrito por":"Jorge Mi\u00f1o","Tiempo de lectura":"6 minutos"},"schema":{"@context":"https:\/\/schema.org","@graph":[{"@type":"Article","@id":"https:\/\/radioinfinitagoya.com.ar\/v1\/2026\/04\/30\/anularon-el-procesamiento-de-alberto-fernandez-en-la-causa-seguros\/#article","isPartOf":{"@id":"https:\/\/radioinfinitagoya.com.ar\/v1\/2026\/04\/30\/anularon-el-procesamiento-de-alberto-fernandez-en-la-causa-seguros\/"},"author":{"name":"Jorge Mi\u00f1o","@id":"https:\/\/radioinfinitagoya.com.ar\/v1\/#\/schema\/person\/d4cf9c413d4f6edb24aabdccab49ca4a"},"headline":"Anularon el procesamiento de Alberto Fern\u00e1ndez en la causa Seguros","datePublished":"2026-04-30T19:17:21+00:00","mainEntityOfPage":{"@id":"https:\/\/radioinfinitagoya.com.ar\/v1\/2026\/04\/30\/anularon-el-procesamiento-de-alberto-fernandez-en-la-causa-seguros\/"},"wordCount":1206,"commentCount":0,"publisher":{"@id":"https:\/\/radioinfinitagoya.com.ar\/v1\/#organization"},"image":{"@id":"https:\/\/radioinfinitagoya.com.ar\/v1\/2026\/04\/30\/anularon-el-procesamiento-de-alberto-fernandez-en-la-causa-seguros\/#primaryimage"},"thumbnailUrl":"https:\/\/radioinfinitagoya.com.ar\/v1\/wp-content\/uploads\/2026\/04\/Jzj5Ev5I.jpg","articleSection":["NACIONALES"],"inLanguage":"es-AR","potentialAction":[{"@type":"CommentAction","name":"Comment","target":["https:\/\/radioinfinitagoya.com.ar\/v1\/2026\/04\/30\/anularon-el-procesamiento-de-alberto-fernandez-en-la-causa-seguros\/#respond"]}]},{"@type":"WebPage","@id":"https:\/\/radioinfinitagoya.com.ar\/v1\/2026\/04\/30\/anularon-el-procesamiento-de-alberto-fernandez-en-la-causa-seguros\/","url":"https:\/\/radioinfinitagoya.com.ar\/v1\/2026\/04\/30\/anularon-el-procesamiento-de-alberto-fernandez-en-la-causa-seguros\/","name":"Anularon el procesamiento de Alberto Fern\u00e1ndez en la causa Seguros - Radio Infinita Goya","isPartOf":{"@id":"https:\/\/radioinfinitagoya.com.ar\/v1\/#website"},"primaryImageOfPage":{"@id":"https:\/\/radioinfinitagoya.com.ar\/v1\/2026\/04\/30\/anularon-el-procesamiento-de-alberto-fernandez-en-la-causa-seguros\/#primaryimage"},"image":{"@id":"https:\/\/radioinfinitagoya.com.ar\/v1\/2026\/04\/30\/anularon-el-procesamiento-de-alberto-fernandez-en-la-causa-seguros\/#primaryimage"},"thumbnailUrl":"https:\/\/radioinfinitagoya.com.ar\/v1\/wp-content\/uploads\/2026\/04\/Jzj5Ev5I.jpg","datePublished":"2026-04-30T19:17:21+00:00","description":"El expresidente obtuvo alivio procesal en un fallo con voto dividido. La Sala IV de la C\u00e1mara de Casaci\u00f3n, con un voto mayoritario, hizo lugar esta","breadcrumb":{"@id":"https:\/\/radioinfinitagoya.com.ar\/v1\/2026\/04\/30\/anularon-el-procesamiento-de-alberto-fernandez-en-la-causa-seguros\/#breadcrumb"},"inLanguage":"es-AR","potentialAction":[{"@type":"ReadAction","target":["https:\/\/radioinfinitagoya.com.ar\/v1\/2026\/04\/30\/anularon-el-procesamiento-de-alberto-fernandez-en-la-causa-seguros\/"]}]},{"@type":"ImageObject","inLanguage":"es-AR","@id":"https:\/\/radioinfinitagoya.com.ar\/v1\/2026\/04\/30\/anularon-el-procesamiento-de-alberto-fernandez-en-la-causa-seguros\/#primaryimage","url":"https:\/\/radioinfinitagoya.com.ar\/v1\/wp-content\/uploads\/2026\/04\/Jzj5Ev5I.jpg","contentUrl":"https:\/\/radioinfinitagoya.com.ar\/v1\/wp-content\/uploads\/2026\/04\/Jzj5Ev5I.jpg","width":600,"height":315},{"@type":"BreadcrumbList","@id":"https:\/\/radioinfinitagoya.com.ar\/v1\/2026\/04\/30\/anularon-el-procesamiento-de-alberto-fernandez-en-la-causa-seguros\/#breadcrumb","itemListElement":[{"@type":"ListItem","position":1,"name":"Inicio","item":"https:\/\/radioinfinitagoya.com.ar\/v1\/"},{"@type":"ListItem","position":2,"name":"Anularon el procesamiento de Alberto Fern\u00e1ndez en la causa Seguros"}]},{"@type":"WebSite","@id":"https:\/\/radioinfinitagoya.com.ar\/v1\/#website","url":"https:\/\/radioinfinitagoya.com.ar\/v1\/","name":"radioinfinitagoya.com.ar","description":"Radio de noticias","publisher":{"@id":"https:\/\/radioinfinitagoya.com.ar\/v1\/#organization"},"potentialAction":[{"@type":"SearchAction","target":{"@type":"EntryPoint","urlTemplate":"https:\/\/radioinfinitagoya.com.ar\/v1\/?s={search_term_string}"},"query-input":{"@type":"PropertyValueSpecification","valueRequired":true,"valueName":"search_term_string"}}],"inLanguage":"es-AR"},{"@type":"Organization","@id":"https:\/\/radioinfinitagoya.com.ar\/v1\/#organization","name":"Radio Infinita Goya","url":"https:\/\/radioinfinitagoya.com.ar\/v1\/","logo":{"@type":"ImageObject","inLanguage":"es-AR","@id":"https:\/\/radioinfinitagoya.com.ar\/v1\/#\/schema\/logo\/image\/","url":"https:\/\/radioinfinitagoya.com.ar\/v1\/wp-content\/uploads\/2019\/11\/logo-pie-web.png","contentUrl":"https:\/\/radioinfinitagoya.com.ar\/v1\/wp-content\/uploads\/2019\/11\/logo-pie-web.png","width":635,"height":326,"caption":"Radio Infinita Goya"},"image":{"@id":"https:\/\/radioinfinitagoya.com.ar\/v1\/#\/schema\/logo\/image\/"},"sameAs":["https:\/\/www.facebook.com\/p\/Infinita-Goya-100063870918311\/"]},{"@type":"Person","@id":"https:\/\/radioinfinitagoya.com.ar\/v1\/#\/schema\/person\/d4cf9c413d4f6edb24aabdccab49ca4a","name":"Jorge Mi\u00f1o","image":{"@type":"ImageObject","inLanguage":"es-AR","@id":"https:\/\/secure.gravatar.com\/avatar\/910fcf6728fe95320e07a6643c1581fec1c7fc4bf8ae12e3d8f0d0373dc844be?s=96&d=mm&r=g","url":"https:\/\/secure.gravatar.com\/avatar\/910fcf6728fe95320e07a6643c1581fec1c7fc4bf8ae12e3d8f0d0373dc844be?s=96&d=mm&r=g","contentUrl":"https:\/\/secure.gravatar.com\/avatar\/910fcf6728fe95320e07a6643c1581fec1c7fc4bf8ae12e3d8f0d0373dc844be?s=96&d=mm&r=g","caption":"Jorge Mi\u00f1o"},"sameAs":["http:\/\/radioinfinitagoya.com.ar"]}]}},"_links":{"self":[{"href":"https:\/\/radioinfinitagoya.com.ar\/v1\/wp-json\/wp\/v2\/posts\/213975","targetHints":{"allow":["GET"]}}],"collection":[{"href":"https:\/\/radioinfinitagoya.com.ar\/v1\/wp-json\/wp\/v2\/posts"}],"about":[{"href":"https:\/\/radioinfinitagoya.com.ar\/v1\/wp-json\/wp\/v2\/types\/post"}],"author":[{"embeddable":true,"href":"https:\/\/radioinfinitagoya.com.ar\/v1\/wp-json\/wp\/v2\/users\/4"}],"replies":[{"embeddable":true,"href":"https:\/\/radioinfinitagoya.com.ar\/v1\/wp-json\/wp\/v2\/comments?post=213975"}],"version-history":[{"count":1,"href":"https:\/\/radioinfinitagoya.com.ar\/v1\/wp-json\/wp\/v2\/posts\/213975\/revisions"}],"predecessor-version":[{"id":213977,"href":"https:\/\/radioinfinitagoya.com.ar\/v1\/wp-json\/wp\/v2\/posts\/213975\/revisions\/213977"}],"wp:featuredmedia":[{"embeddable":true,"href":"https:\/\/radioinfinitagoya.com.ar\/v1\/wp-json\/wp\/v2\/media\/213976"}],"wp:attachment":[{"href":"https:\/\/radioinfinitagoya.com.ar\/v1\/wp-json\/wp\/v2\/media?parent=213975"}],"wp:term":[{"taxonomy":"category","embeddable":true,"href":"https:\/\/radioinfinitagoya.com.ar\/v1\/wp-json\/wp\/v2\/categories?post=213975"},{"taxonomy":"post_tag","embeddable":true,"href":"https:\/\/radioinfinitagoya.com.ar\/v1\/wp-json\/wp\/v2\/tags?post=213975"}],"curies":[{"name":"wp","href":"https:\/\/api.w.org\/{rel}","templated":true}]}}