{"id":213978,"date":"2026-04-30T16:20:59","date_gmt":"2026-04-30T19:20:59","guid":{"rendered":"https:\/\/radioinfinitagoya.com.ar\/v1\/?p=213978"},"modified":"2026-04-30T16:20:59","modified_gmt":"2026-04-30T19:20:59","slug":"nuevo-aumento-del-impuesto-a-los-combustibles-a-partir-de-mayo","status":"publish","type":"post","link":"https:\/\/radioinfinitagoya.com.ar\/v1\/2026\/04\/30\/nuevo-aumento-del-impuesto-a-los-combustibles-a-partir-de-mayo\/","title":{"rendered":"Nuevo aumento del impuesto a los combustibles a partir de mayo"},"content":{"rendered":"<p>YPF decidi\u00f3 estabilizar el precio de los combustibles por 45 d\u00edas ante la suba del petr\u00f3leo por la guerra en Medio Oriente, pero el Gobierno implement\u00f3 parcialmente los incrementos tributarios que hab\u00eda postergado en abril, lo que incide en el precio del litro de la nafta y el gasoil.<\/p>\n<p>Intranquilo por contener los efectos de la disparada inflacionaria, el Gobierno desdobl\u00f3 el aumento de combustibles que ten\u00eda previsto para el pr\u00f3ximo mes y pate\u00f3 hasta junio parte del porcentaje de la suba que se aplicar\u00e1 en la nafta y el gasoil.<\/p>\n<p>La jugada fue oficializada hoy mediante el decreto 30\/2026 que autoriza un incremento al Impuesto sobre Combustible L\u00edquidos y al Di\u00f3xido de Carbono del 0,5 por ciento a partir del 1 de mayo.<\/p>\n<p>El resto del porcentaje de la suba que fue postergada para junio ser\u00eda m\u00e1s alta pero no fue especificada porque depender\u00e1 del pr\u00f3ximo \u00cdndice de Precios al Consumidor (IPC) y de los diferimientos que ello implique en la f\u00f3rmula de actualizaci\u00f3n.<\/p>\n<p>Lo cierto es que a partir de ma\u00f1ana los combustibles subir\u00e1n por impuestos unos 11 pesos por litro para el caso de las naftas y 9 pesos para el litro del gasoil.<\/p>\n<p>Para el caso de la nafta sin plomo y nafta virgen, el costo trepa 10,398 pesos por litro en el impuesto a los combustibles l\u00edquidos y 0,637 en el impuesto al di\u00f3xido de carbono.<\/p>\n<p>En cuanto al gasoil, el tributo sube 9,269 pesos en el impuesto a los combustibles l\u00edquidos; a 5,019 en el tratamiento diferencial para algunas regiones y a $1,056 en el impuesto al di\u00f3xido de carbono.<\/p>\n<p>El ajuste regir\u00e1 en todo el pa\u00eds con una aplicaci\u00f3n diferente para el gasoil destinado a las provincias de Neuqu\u00e9n, La Pampa, R\u00edo Negro, Chubut, Santa Cruz, Tierra del Fuego, el Partido de Patagones en Buenos Aires y el Departamento de Malarg\u00fce en Mendoza.<\/p>\n<p>Seg\u00fan los considerandos del decreto, la partici\u00f3n del aumento ser\u00e1 aplicada &#8220;con el prop\u00f3sito de continuar estimulando el crecimiento de la econom\u00eda a trav\u00e9s de un sendero fiscal sostenible&#8221;.<\/p>\n<p>Asimismo, la decisi\u00f3n de &#8220;diferir parcialmente los incrementos remanentes originados en las referidas actualizaciones&#8221; se da en un escenario de creciente presi\u00f3n sobre los precios de la energ\u00eda. Seg\u00fan el Gobierno, todo se debe a la guerra en Medio Oriente.<\/p>\n<p>Con las excusas que fueren, la administraci\u00f3n de Javier Milei busca morigerar un mayor impacto en los surtidores y atenuar el efecto en la inflaci\u00f3n que se aceler\u00f3 en los \u00faltimos meses.<\/p>\n<p>Se sabe que este tipo de aumento que llega a los surtidores se traslada luego al costo de transporte de toda la cadena de producci\u00f3n, jaqueada durante los \u00faltimos dos a\u00f1os.<\/p>\n<p>La consultora Econom\u00eda y Energ\u00eda estim\u00f3 que las postergaciones de los aumentos impositivos a los combustibles dispuestas en 2025 implicaron una resignaci\u00f3n de ingresos fiscales por un total de 2.326 millones de d\u00f3lares.<\/p>\n","protected":false},"excerpt":{"rendered":"<p>YPF decidi\u00f3 estabilizar el precio de los combustibles por 45 d\u00edas ante la suba del petr\u00f3leo por la guerra en Medio Oriente, pero el Gobierno implement\u00f3 parcialmente los incrementos tributarios que hab\u00eda postergado en abril, lo que incide en el precio del litro de la nafta y el gasoil. Intranquilo por contener los efectos de [&hellip;]<\/p>\n","protected":false},"author":4,"featured_media":213979,"comment_status":"open","ping_status":"open","sticky":false,"template":"","format":"standard","meta":{"_joinchat":[],"footnotes":""},"categories":[29],"tags":[],"class_list":{"0":"post-213978","1":"post","2":"type-post","3":"status-publish","4":"format-standard","5":"has-post-thumbnail","7":"category-nacionales"},"yoast_head":"<!-- This site is optimized with the Yoast SEO plugin v27.2 - https:\/\/yoast.com\/product\/yoast-seo-wordpress\/ -->\n<title>Nuevo aumento del impuesto a los combustibles a partir de mayo - Radio Infinita Goya<\/title>\n<meta name=\"description\" content=\"YPF decidi\u00f3 estabilizar el precio de los combustibles por 45 d\u00edas ante la suba del petr\u00f3leo por la guerra en Medio Oriente, pero el Gobierno implement\u00f3\" \/>\n<meta name=\"robots\" content=\"index, follow, max-snippet:-1, max-image-preview:large, max-video-preview:-1\" \/>\n<link rel=\"canonical\" href=\"https:\/\/radioinfinitagoya.com.ar\/v1\/2026\/04\/30\/nuevo-aumento-del-impuesto-a-los-combustibles-a-partir-de-mayo\/\" \/>\n<meta property=\"og:locale\" content=\"es_ES\" \/>\n<meta property=\"og:type\" content=\"article\" \/>\n<meta property=\"og:title\" content=\"Nuevo aumento del impuesto a los combustibles a partir de mayo - Radio Infinita Goya\" \/>\n<meta property=\"og:description\" content=\"YPF decidi\u00f3 estabilizar el precio de los combustibles por 45 d\u00edas ante la suba del petr\u00f3leo por la guerra en Medio Oriente, pero el Gobierno implement\u00f3\" \/>\n<meta property=\"og:url\" content=\"https:\/\/radioinfinitagoya.com.ar\/v1\/2026\/04\/30\/nuevo-aumento-del-impuesto-a-los-combustibles-a-partir-de-mayo\/\" \/>\n<meta property=\"og:site_name\" content=\"Radio Infinita Goya\" \/>\n<meta property=\"article:publisher\" content=\"https:\/\/www.facebook.com\/p\/Infinita-Goya-100063870918311\/\" \/>\n<meta property=\"article:published_time\" content=\"2026-04-30T19:20:59+00:00\" \/>\n<meta property=\"og:image\" content=\"https:\/\/radioinfinitagoya.com.ar\/v1\/wp-content\/uploads\/2026\/04\/2e6Xi4W5.jpg\" \/>\n\t<meta property=\"og:image:width\" content=\"680\" \/>\n\t<meta property=\"og:image:height\" content=\"383\" \/>\n\t<meta property=\"og:image:type\" content=\"image\/jpeg\" \/>\n<meta name=\"author\" content=\"Jorge Mi\u00f1o\" \/>\n<meta name=\"twitter:card\" content=\"summary_large_image\" \/>\n<meta name=\"twitter:label1\" content=\"Escrito por\" \/>\n\t<meta name=\"twitter:data1\" content=\"Jorge Mi\u00f1o\" \/>\n\t<meta name=\"twitter:label2\" content=\"Tiempo de lectura\" \/>\n\t<meta name=\"twitter:data2\" content=\"3 minutos\" \/>\n<script type=\"application\/ld+json\" class=\"yoast-schema-graph\">{\"@context\":\"https:\/\/schema.org\",\"@graph\":[{\"@type\":\"Article\",\"@id\":\"https:\/\/radioinfinitagoya.com.ar\/v1\/2026\/04\/30\/nuevo-aumento-del-impuesto-a-los-combustibles-a-partir-de-mayo\/#article\",\"isPartOf\":{\"@id\":\"https:\/\/radioinfinitagoya.com.ar\/v1\/2026\/04\/30\/nuevo-aumento-del-impuesto-a-los-combustibles-a-partir-de-mayo\/\"},\"author\":{\"name\":\"Jorge Mi\u00f1o\",\"@id\":\"https:\/\/radioinfinitagoya.com.ar\/v1\/#\/schema\/person\/d4cf9c413d4f6edb24aabdccab49ca4a\"},\"headline\":\"Nuevo aumento del impuesto a los combustibles a partir de mayo\",\"datePublished\":\"2026-04-30T19:20:59+00:00\",\"mainEntityOfPage\":{\"@id\":\"https:\/\/radioinfinitagoya.com.ar\/v1\/2026\/04\/30\/nuevo-aumento-del-impuesto-a-los-combustibles-a-partir-de-mayo\/\"},\"wordCount\":513,\"commentCount\":0,\"publisher\":{\"@id\":\"https:\/\/radioinfinitagoya.com.ar\/v1\/#organization\"},\"image\":{\"@id\":\"https:\/\/radioinfinitagoya.com.ar\/v1\/2026\/04\/30\/nuevo-aumento-del-impuesto-a-los-combustibles-a-partir-de-mayo\/#primaryimage\"},\"thumbnailUrl\":\"https:\/\/radioinfinitagoya.com.ar\/v1\/wp-content\/uploads\/2026\/04\/2e6Xi4W5.jpg\",\"articleSection\":[\"NACIONALES\"],\"inLanguage\":\"es-AR\",\"potentialAction\":[{\"@type\":\"CommentAction\",\"name\":\"Comment\",\"target\":[\"https:\/\/radioinfinitagoya.com.ar\/v1\/2026\/04\/30\/nuevo-aumento-del-impuesto-a-los-combustibles-a-partir-de-mayo\/#respond\"]}]},{\"@type\":\"WebPage\",\"@id\":\"https:\/\/radioinfinitagoya.com.ar\/v1\/2026\/04\/30\/nuevo-aumento-del-impuesto-a-los-combustibles-a-partir-de-mayo\/\",\"url\":\"https:\/\/radioinfinitagoya.com.ar\/v1\/2026\/04\/30\/nuevo-aumento-del-impuesto-a-los-combustibles-a-partir-de-mayo\/\",\"name\":\"Nuevo aumento del impuesto a los combustibles a partir de mayo - Radio Infinita Goya\",\"isPartOf\":{\"@id\":\"https:\/\/radioinfinitagoya.com.ar\/v1\/#website\"},\"primaryImageOfPage\":{\"@id\":\"https:\/\/radioinfinitagoya.com.ar\/v1\/2026\/04\/30\/nuevo-aumento-del-impuesto-a-los-combustibles-a-partir-de-mayo\/#primaryimage\"},\"image\":{\"@id\":\"https:\/\/radioinfinitagoya.com.ar\/v1\/2026\/04\/30\/nuevo-aumento-del-impuesto-a-los-combustibles-a-partir-de-mayo\/#primaryimage\"},\"thumbnailUrl\":\"https:\/\/radioinfinitagoya.com.ar\/v1\/wp-content\/uploads\/2026\/04\/2e6Xi4W5.jpg\",\"datePublished\":\"2026-04-30T19:20:59+00:00\",\"description\":\"YPF decidi\u00f3 estabilizar el precio de los combustibles por 45 d\u00edas ante la suba del petr\u00f3leo por la guerra en Medio Oriente, pero el Gobierno implement\u00f3\",\"breadcrumb\":{\"@id\":\"https:\/\/radioinfinitagoya.com.ar\/v1\/2026\/04\/30\/nuevo-aumento-del-impuesto-a-los-combustibles-a-partir-de-mayo\/#breadcrumb\"},\"inLanguage\":\"es-AR\",\"potentialAction\":[{\"@type\":\"ReadAction\",\"target\":[\"https:\/\/radioinfinitagoya.com.ar\/v1\/2026\/04\/30\/nuevo-aumento-del-impuesto-a-los-combustibles-a-partir-de-mayo\/\"]}]},{\"@type\":\"ImageObject\",\"inLanguage\":\"es-AR\",\"@id\":\"https:\/\/radioinfinitagoya.com.ar\/v1\/2026\/04\/30\/nuevo-aumento-del-impuesto-a-los-combustibles-a-partir-de-mayo\/#primaryimage\",\"url\":\"https:\/\/radioinfinitagoya.com.ar\/v1\/wp-content\/uploads\/2026\/04\/2e6Xi4W5.jpg\",\"contentUrl\":\"https:\/\/radioinfinitagoya.com.ar\/v1\/wp-content\/uploads\/2026\/04\/2e6Xi4W5.jpg\",\"width\":680,\"height\":383},{\"@type\":\"BreadcrumbList\",\"@id\":\"https:\/\/radioinfinitagoya.com.ar\/v1\/2026\/04\/30\/nuevo-aumento-del-impuesto-a-los-combustibles-a-partir-de-mayo\/#breadcrumb\",\"itemListElement\":[{\"@type\":\"ListItem\",\"position\":1,\"name\":\"Inicio\",\"item\":\"https:\/\/radioinfinitagoya.com.ar\/v1\/\"},{\"@type\":\"ListItem\",\"position\":2,\"name\":\"Nuevo aumento del impuesto a los combustibles a partir de mayo\"}]},{\"@type\":\"WebSite\",\"@id\":\"https:\/\/radioinfinitagoya.com.ar\/v1\/#website\",\"url\":\"https:\/\/radioinfinitagoya.com.ar\/v1\/\",\"name\":\"radioinfinitagoya.com.ar\",\"description\":\"Radio de noticias\",\"publisher\":{\"@id\":\"https:\/\/radioinfinitagoya.com.ar\/v1\/#organization\"},\"potentialAction\":[{\"@type\":\"SearchAction\",\"target\":{\"@type\":\"EntryPoint\",\"urlTemplate\":\"https:\/\/radioinfinitagoya.com.ar\/v1\/?s={search_term_string}\"},\"query-input\":{\"@type\":\"PropertyValueSpecification\",\"valueRequired\":true,\"valueName\":\"search_term_string\"}}],\"inLanguage\":\"es-AR\"},{\"@type\":\"Organization\",\"@id\":\"https:\/\/radioinfinitagoya.com.ar\/v1\/#organization\",\"name\":\"Radio Infinita Goya\",\"url\":\"https:\/\/radioinfinitagoya.com.ar\/v1\/\",\"logo\":{\"@type\":\"ImageObject\",\"inLanguage\":\"es-AR\",\"@id\":\"https:\/\/radioinfinitagoya.com.ar\/v1\/#\/schema\/logo\/image\/\",\"url\":\"https:\/\/radioinfinitagoya.com.ar\/v1\/wp-content\/uploads\/2019\/11\/logo-pie-web.png\",\"contentUrl\":\"https:\/\/radioinfinitagoya.com.ar\/v1\/wp-content\/uploads\/2019\/11\/logo-pie-web.png\",\"width\":635,\"height\":326,\"caption\":\"Radio Infinita Goya\"},\"image\":{\"@id\":\"https:\/\/radioinfinitagoya.com.ar\/v1\/#\/schema\/logo\/image\/\"},\"sameAs\":[\"https:\/\/www.facebook.com\/p\/Infinita-Goya-100063870918311\/\"]},{\"@type\":\"Person\",\"@id\":\"https:\/\/radioinfinitagoya.com.ar\/v1\/#\/schema\/person\/d4cf9c413d4f6edb24aabdccab49ca4a\",\"name\":\"Jorge Mi\u00f1o\",\"image\":{\"@type\":\"ImageObject\",\"inLanguage\":\"es-AR\",\"@id\":\"https:\/\/secure.gravatar.com\/avatar\/910fcf6728fe95320e07a6643c1581fec1c7fc4bf8ae12e3d8f0d0373dc844be?s=96&d=mm&r=g\",\"url\":\"https:\/\/secure.gravatar.com\/avatar\/910fcf6728fe95320e07a6643c1581fec1c7fc4bf8ae12e3d8f0d0373dc844be?s=96&d=mm&r=g\",\"contentUrl\":\"https:\/\/secure.gravatar.com\/avatar\/910fcf6728fe95320e07a6643c1581fec1c7fc4bf8ae12e3d8f0d0373dc844be?s=96&d=mm&r=g\",\"caption\":\"Jorge Mi\u00f1o\"},\"sameAs\":[\"http:\/\/radioinfinitagoya.com.ar\"]}]}<\/script>\n<!-- \/ Yoast SEO plugin. -->","yoast_head_json":{"title":"Nuevo aumento del impuesto a los combustibles a partir de mayo - Radio Infinita Goya","description":"YPF decidi\u00f3 estabilizar el precio de los combustibles por 45 d\u00edas ante la suba del petr\u00f3leo por la guerra en Medio Oriente, pero el Gobierno implement\u00f3","robots":{"index":"index","follow":"follow","max-snippet":"max-snippet:-1","max-image-preview":"max-image-preview:large","max-video-preview":"max-video-preview:-1"},"canonical":"https:\/\/radioinfinitagoya.com.ar\/v1\/2026\/04\/30\/nuevo-aumento-del-impuesto-a-los-combustibles-a-partir-de-mayo\/","og_locale":"es_ES","og_type":"article","og_title":"Nuevo aumento del impuesto a los combustibles a partir de mayo - Radio Infinita Goya","og_description":"YPF decidi\u00f3 estabilizar el precio de los combustibles por 45 d\u00edas ante la suba del petr\u00f3leo por la guerra en Medio Oriente, pero el Gobierno implement\u00f3","og_url":"https:\/\/radioinfinitagoya.com.ar\/v1\/2026\/04\/30\/nuevo-aumento-del-impuesto-a-los-combustibles-a-partir-de-mayo\/","og_site_name":"Radio Infinita Goya","article_publisher":"https:\/\/www.facebook.com\/p\/Infinita-Goya-100063870918311\/","article_published_time":"2026-04-30T19:20:59+00:00","og_image":[{"width":680,"height":383,"url":"https:\/\/radioinfinitagoya.com.ar\/v1\/wp-content\/uploads\/2026\/04\/2e6Xi4W5.jpg","type":"image\/jpeg"}],"author":"Jorge Mi\u00f1o","twitter_card":"summary_large_image","twitter_misc":{"Escrito por":"Jorge Mi\u00f1o","Tiempo de lectura":"3 minutos"},"schema":{"@context":"https:\/\/schema.org","@graph":[{"@type":"Article","@id":"https:\/\/radioinfinitagoya.com.ar\/v1\/2026\/04\/30\/nuevo-aumento-del-impuesto-a-los-combustibles-a-partir-de-mayo\/#article","isPartOf":{"@id":"https:\/\/radioinfinitagoya.com.ar\/v1\/2026\/04\/30\/nuevo-aumento-del-impuesto-a-los-combustibles-a-partir-de-mayo\/"},"author":{"name":"Jorge Mi\u00f1o","@id":"https:\/\/radioinfinitagoya.com.ar\/v1\/#\/schema\/person\/d4cf9c413d4f6edb24aabdccab49ca4a"},"headline":"Nuevo aumento del impuesto a los combustibles a partir de mayo","datePublished":"2026-04-30T19:20:59+00:00","mainEntityOfPage":{"@id":"https:\/\/radioinfinitagoya.com.ar\/v1\/2026\/04\/30\/nuevo-aumento-del-impuesto-a-los-combustibles-a-partir-de-mayo\/"},"wordCount":513,"commentCount":0,"publisher":{"@id":"https:\/\/radioinfinitagoya.com.ar\/v1\/#organization"},"image":{"@id":"https:\/\/radioinfinitagoya.com.ar\/v1\/2026\/04\/30\/nuevo-aumento-del-impuesto-a-los-combustibles-a-partir-de-mayo\/#primaryimage"},"thumbnailUrl":"https:\/\/radioinfinitagoya.com.ar\/v1\/wp-content\/uploads\/2026\/04\/2e6Xi4W5.jpg","articleSection":["NACIONALES"],"inLanguage":"es-AR","potentialAction":[{"@type":"CommentAction","name":"Comment","target":["https:\/\/radioinfinitagoya.com.ar\/v1\/2026\/04\/30\/nuevo-aumento-del-impuesto-a-los-combustibles-a-partir-de-mayo\/#respond"]}]},{"@type":"WebPage","@id":"https:\/\/radioinfinitagoya.com.ar\/v1\/2026\/04\/30\/nuevo-aumento-del-impuesto-a-los-combustibles-a-partir-de-mayo\/","url":"https:\/\/radioinfinitagoya.com.ar\/v1\/2026\/04\/30\/nuevo-aumento-del-impuesto-a-los-combustibles-a-partir-de-mayo\/","name":"Nuevo aumento del impuesto a los combustibles a partir de mayo - Radio Infinita Goya","isPartOf":{"@id":"https:\/\/radioinfinitagoya.com.ar\/v1\/#website"},"primaryImageOfPage":{"@id":"https:\/\/radioinfinitagoya.com.ar\/v1\/2026\/04\/30\/nuevo-aumento-del-impuesto-a-los-combustibles-a-partir-de-mayo\/#primaryimage"},"image":{"@id":"https:\/\/radioinfinitagoya.com.ar\/v1\/2026\/04\/30\/nuevo-aumento-del-impuesto-a-los-combustibles-a-partir-de-mayo\/#primaryimage"},"thumbnailUrl":"https:\/\/radioinfinitagoya.com.ar\/v1\/wp-content\/uploads\/2026\/04\/2e6Xi4W5.jpg","datePublished":"2026-04-30T19:20:59+00:00","description":"YPF decidi\u00f3 estabilizar el precio de los combustibles por 45 d\u00edas ante la suba del petr\u00f3leo por la guerra en Medio Oriente, pero el Gobierno implement\u00f3","breadcrumb":{"@id":"https:\/\/radioinfinitagoya.com.ar\/v1\/2026\/04\/30\/nuevo-aumento-del-impuesto-a-los-combustibles-a-partir-de-mayo\/#breadcrumb"},"inLanguage":"es-AR","potentialAction":[{"@type":"ReadAction","target":["https:\/\/radioinfinitagoya.com.ar\/v1\/2026\/04\/30\/nuevo-aumento-del-impuesto-a-los-combustibles-a-partir-de-mayo\/"]}]},{"@type":"ImageObject","inLanguage":"es-AR","@id":"https:\/\/radioinfinitagoya.com.ar\/v1\/2026\/04\/30\/nuevo-aumento-del-impuesto-a-los-combustibles-a-partir-de-mayo\/#primaryimage","url":"https:\/\/radioinfinitagoya.com.ar\/v1\/wp-content\/uploads\/2026\/04\/2e6Xi4W5.jpg","contentUrl":"https:\/\/radioinfinitagoya.com.ar\/v1\/wp-content\/uploads\/2026\/04\/2e6Xi4W5.jpg","width":680,"height":383},{"@type":"BreadcrumbList","@id":"https:\/\/radioinfinitagoya.com.ar\/v1\/2026\/04\/30\/nuevo-aumento-del-impuesto-a-los-combustibles-a-partir-de-mayo\/#breadcrumb","itemListElement":[{"@type":"ListItem","position":1,"name":"Inicio","item":"https:\/\/radioinfinitagoya.com.ar\/v1\/"},{"@type":"ListItem","position":2,"name":"Nuevo aumento del impuesto a los combustibles a partir de mayo"}]},{"@type":"WebSite","@id":"https:\/\/radioinfinitagoya.com.ar\/v1\/#website","url":"https:\/\/radioinfinitagoya.com.ar\/v1\/","name":"radioinfinitagoya.com.ar","description":"Radio de noticias","publisher":{"@id":"https:\/\/radioinfinitagoya.com.ar\/v1\/#organization"},"potentialAction":[{"@type":"SearchAction","target":{"@type":"EntryPoint","urlTemplate":"https:\/\/radioinfinitagoya.com.ar\/v1\/?s={search_term_string}"},"query-input":{"@type":"PropertyValueSpecification","valueRequired":true,"valueName":"search_term_string"}}],"inLanguage":"es-AR"},{"@type":"Organization","@id":"https:\/\/radioinfinitagoya.com.ar\/v1\/#organization","name":"Radio Infinita Goya","url":"https:\/\/radioinfinitagoya.com.ar\/v1\/","logo":{"@type":"ImageObject","inLanguage":"es-AR","@id":"https:\/\/radioinfinitagoya.com.ar\/v1\/#\/schema\/logo\/image\/","url":"https:\/\/radioinfinitagoya.com.ar\/v1\/wp-content\/uploads\/2019\/11\/logo-pie-web.png","contentUrl":"https:\/\/radioinfinitagoya.com.ar\/v1\/wp-content\/uploads\/2019\/11\/logo-pie-web.png","width":635,"height":326,"caption":"Radio Infinita Goya"},"image":{"@id":"https:\/\/radioinfinitagoya.com.ar\/v1\/#\/schema\/logo\/image\/"},"sameAs":["https:\/\/www.facebook.com\/p\/Infinita-Goya-100063870918311\/"]},{"@type":"Person","@id":"https:\/\/radioinfinitagoya.com.ar\/v1\/#\/schema\/person\/d4cf9c413d4f6edb24aabdccab49ca4a","name":"Jorge Mi\u00f1o","image":{"@type":"ImageObject","inLanguage":"es-AR","@id":"https:\/\/secure.gravatar.com\/avatar\/910fcf6728fe95320e07a6643c1581fec1c7fc4bf8ae12e3d8f0d0373dc844be?s=96&d=mm&r=g","url":"https:\/\/secure.gravatar.com\/avatar\/910fcf6728fe95320e07a6643c1581fec1c7fc4bf8ae12e3d8f0d0373dc844be?s=96&d=mm&r=g","contentUrl":"https:\/\/secure.gravatar.com\/avatar\/910fcf6728fe95320e07a6643c1581fec1c7fc4bf8ae12e3d8f0d0373dc844be?s=96&d=mm&r=g","caption":"Jorge Mi\u00f1o"},"sameAs":["http:\/\/radioinfinitagoya.com.ar"]}]}},"_links":{"self":[{"href":"https:\/\/radioinfinitagoya.com.ar\/v1\/wp-json\/wp\/v2\/posts\/213978","targetHints":{"allow":["GET"]}}],"collection":[{"href":"https:\/\/radioinfinitagoya.com.ar\/v1\/wp-json\/wp\/v2\/posts"}],"about":[{"href":"https:\/\/radioinfinitagoya.com.ar\/v1\/wp-json\/wp\/v2\/types\/post"}],"author":[{"embeddable":true,"href":"https:\/\/radioinfinitagoya.com.ar\/v1\/wp-json\/wp\/v2\/users\/4"}],"replies":[{"embeddable":true,"href":"https:\/\/radioinfinitagoya.com.ar\/v1\/wp-json\/wp\/v2\/comments?post=213978"}],"version-history":[{"count":1,"href":"https:\/\/radioinfinitagoya.com.ar\/v1\/wp-json\/wp\/v2\/posts\/213978\/revisions"}],"predecessor-version":[{"id":213980,"href":"https:\/\/radioinfinitagoya.com.ar\/v1\/wp-json\/wp\/v2\/posts\/213978\/revisions\/213980"}],"wp:featuredmedia":[{"embeddable":true,"href":"https:\/\/radioinfinitagoya.com.ar\/v1\/wp-json\/wp\/v2\/media\/213979"}],"wp:attachment":[{"href":"https:\/\/radioinfinitagoya.com.ar\/v1\/wp-json\/wp\/v2\/media?parent=213978"}],"wp:term":[{"taxonomy":"category","embeddable":true,"href":"https:\/\/radioinfinitagoya.com.ar\/v1\/wp-json\/wp\/v2\/categories?post=213978"},{"taxonomy":"post_tag","embeddable":true,"href":"https:\/\/radioinfinitagoya.com.ar\/v1\/wp-json\/wp\/v2\/tags?post=213978"}],"curies":[{"name":"wp","href":"https:\/\/api.w.org\/{rel}","templated":true}]}}