{"id":213981,"date":"2026-04-30T16:25:07","date_gmt":"2026-04-30T19:25:07","guid":{"rendered":"https:\/\/radioinfinitagoya.com.ar\/v1\/?p=213981"},"modified":"2026-04-30T16:25:07","modified_gmt":"2026-04-30T19:25:07","slug":"adorni-en-el-congreso-que-dijo-el-jefe-de-gabinete-sobre-las-obras-en-la-autovia-12-de-corrientes","status":"publish","type":"post","link":"https:\/\/radioinfinitagoya.com.ar\/v1\/2026\/04\/30\/adorni-en-el-congreso-que-dijo-el-jefe-de-gabinete-sobre-las-obras-en-la-autovia-12-de-corrientes\/","title":{"rendered":"Adorni en el Congreso: qu\u00e9 dijo el jefe de Gabinete sobre las obras en la Autov\u00eda 12 de Corrientes"},"content":{"rendered":"<p>Ante el Congreso, el jefe de Gabinete Manuel Adorni admiti\u00f3 que la obra estrat\u00e9gica tiene un avance del 77%. El diputado Di\u00f3genes Gonz\u00e1lez denunci\u00f3 &#8220;decenas de accidentes fatales&#8221; por el abandono de los trabajos.<\/p>\n<p>El estado de la Autov\u00eda 12 en el acceso a la ciudad de Corrientes volvi\u00f3 a ser el centro de una fuerte discusi\u00f3n pol\u00edtica en el Congreso de la Naci\u00f3n. Durante su presentaci\u00f3n ante la C\u00e1mara de Diputados, el jefe de Gabinete, Manuel Adorni, reconoci\u00f3 oficialmente que los trabajos en los 13 kil\u00f3metros que componen el tramo se encuentran frenados, aunque evit\u00f3 precisar cu\u00e1ndo se retomar\u00e1n las tareas o una fecha tentativa de inauguraci\u00f3n.<\/p>\n<p>La respuesta lleg\u00f3 tras la intervenci\u00f3n del diputado correntino Di\u00f3genes Gonz\u00e1lez, quien calific\u00f3 la situaci\u00f3n como una muestra del &#8220;plano inclinado&#8221; que desfavorece al Norte Grande argentino en materia de inversi\u00f3n p\u00fablica.<\/p>\n<p>Tres mandatos y una obra inconclusa<br \/>\nGonz\u00e1lez record\u00f3 que la autov\u00eda es un proyecto que atraviesa tres administraciones presidenciales: se inici\u00f3 en 2017 durante la gesti\u00f3n de Mauricio Macri, continu\u00f3 con Alberto Fern\u00e1ndez y ahora se encuentra estancada en el tercer a\u00f1o de mandato de la actual gesti\u00f3n.<\/p>\n<p>&#8220;Esta obra est\u00e1 en el coraz\u00f3n de tres provincias que representan 3,5 millones de habitantes. Por aqu\u00ed pasa el turismo religioso hacia Itat\u00ed, que moviliza 2 millones de personas al a\u00f1o, y los visitantes que van a las Cataratas del Iguaz\u00fa&#8221;, enfatiz\u00f3 el legislador, subrayando la importancia log\u00edstica para el NEA.<\/p>\n<p>La denuncia m\u00e1s grave del diputado apunt\u00f3 a la seguridad vial: &#8220;Debo informarle que la obra est\u00e1 paralizada, que la empresa se retir\u00f3 y que hay decenas de accidentes fatales graves porque a la noche la se\u00f1alizaci\u00f3n es deficiente&#8221;, reclam\u00f3 ante el presidente de la C\u00e1mara, Mart\u00edn Menem.<\/p>\n<p>La postura del Gobierno nacional<br \/>\nPor su parte, Adorni precis\u00f3 que el avance f\u00edsico de la obra se mantiene en un 77,58%. Seg\u00fan el jefe de Gabinete, Vialidad Nacional se encuentra realizando &#8220;gestiones tendientes a adecuar los aspectos financieros vinculados al contrato&#8221; con el objetivo de &#8220;normalizar el ritmo de ejecuci\u00f3n&#8221;.<\/p>\n<p>Sin embargo, no hubo respuestas concretas sobre el cronograma de pagos a la contratista o la reactivaci\u00f3n inmediata de las m\u00e1quinas en el terreno.<\/p>\n<p>Respecto a otras intervenciones en territorio correntino, el funcionario nacional mencion\u00f3 que se est\u00e1n ejecutando tareas de mantenimiento b\u00e1sico en otros tramos de la Ruta 12:<\/p>\n<p>Bacheo y corte de pasto.<\/p>\n<p>Relleno de erosiones.<\/p>\n<p>Cortafuegos en los trayectos que unen el r\u00edo Guayquirar\u00f3 con Esquina, y de Esquina hacia Goya.<\/p>\n<p>La falta de definiciones sobre la autov\u00eda central deja un clima de incertidumbre en la provincia, donde el crecimiento del flujo vehicular y la siniestralidad vial mantienen en alerta a las autoridades locales y a los usuarios que transitan diariamente por el acceso capitalino.<\/p>\n<p>&nbsp;<\/p>\n","protected":false},"excerpt":{"rendered":"<p>Ante el Congreso, el jefe de Gabinete Manuel Adorni admiti\u00f3 que la obra estrat\u00e9gica tiene un avance del 77%. El diputado Di\u00f3genes Gonz\u00e1lez denunci\u00f3 &#8220;decenas de accidentes fatales&#8221; por el abandono de los trabajos. El estado de la Autov\u00eda 12 en el acceso a la ciudad de Corrientes volvi\u00f3 a ser el centro de una [&hellip;]<\/p>\n","protected":false},"author":4,"featured_media":213982,"comment_status":"open","ping_status":"open","sticky":false,"template":"","format":"standard","meta":{"_joinchat":[],"footnotes":""},"categories":[31],"tags":[],"class_list":{"0":"post-213981","1":"post","2":"type-post","3":"status-publish","4":"format-standard","5":"has-post-thumbnail","7":"category-informacion-general"},"yoast_head":"<!-- This site is optimized with the Yoast SEO plugin v27.2 - https:\/\/yoast.com\/product\/yoast-seo-wordpress\/ -->\n<title>Adorni en el Congreso: qu\u00e9 dijo el jefe de Gabinete sobre las obras en la Autov\u00eda 12 de Corrientes - Radio Infinita Goya<\/title>\n<meta name=\"description\" content=\"Ante el Congreso, el jefe de Gabinete Manuel Adorni admiti\u00f3 que la obra estrat\u00e9gica tiene un avance del 77%. El diputado Di\u00f3genes Gonz\u00e1lez denunci\u00f3\" \/>\n<meta name=\"robots\" content=\"index, follow, max-snippet:-1, max-image-preview:large, max-video-preview:-1\" \/>\n<link rel=\"canonical\" href=\"https:\/\/radioinfinitagoya.com.ar\/v1\/2026\/04\/30\/adorni-en-el-congreso-que-dijo-el-jefe-de-gabinete-sobre-las-obras-en-la-autovia-12-de-corrientes\/\" \/>\n<meta property=\"og:locale\" content=\"es_ES\" \/>\n<meta property=\"og:type\" content=\"article\" \/>\n<meta property=\"og:title\" content=\"Adorni en el Congreso: qu\u00e9 dijo el jefe de Gabinete sobre las obras en la Autov\u00eda 12 de Corrientes - Radio Infinita Goya\" \/>\n<meta property=\"og:description\" content=\"Ante el Congreso, el jefe de Gabinete Manuel Adorni admiti\u00f3 que la obra estrat\u00e9gica tiene un avance del 77%. El diputado Di\u00f3genes Gonz\u00e1lez denunci\u00f3\" \/>\n<meta property=\"og:url\" content=\"https:\/\/radioinfinitagoya.com.ar\/v1\/2026\/04\/30\/adorni-en-el-congreso-que-dijo-el-jefe-de-gabinete-sobre-las-obras-en-la-autovia-12-de-corrientes\/\" \/>\n<meta property=\"og:site_name\" content=\"Radio Infinita Goya\" \/>\n<meta property=\"article:publisher\" content=\"https:\/\/www.facebook.com\/p\/Infinita-Goya-100063870918311\/\" \/>\n<meta property=\"article:published_time\" content=\"2026-04-30T19:25:07+00:00\" \/>\n<meta property=\"og:image\" content=\"https:\/\/radioinfinitagoya.com.ar\/v1\/wp-content\/uploads\/2026\/04\/1777491840704.webp\" \/>\n\t<meta property=\"og:image:width\" content=\"1200\" \/>\n\t<meta property=\"og:image:height\" content=\"675\" \/>\n\t<meta property=\"og:image:type\" content=\"image\/webp\" \/>\n<meta name=\"author\" content=\"Jorge Mi\u00f1o\" \/>\n<meta name=\"twitter:card\" content=\"summary_large_image\" \/>\n<meta name=\"twitter:label1\" content=\"Escrito por\" \/>\n\t<meta name=\"twitter:data1\" content=\"Jorge Mi\u00f1o\" \/>\n\t<meta name=\"twitter:label2\" content=\"Tiempo de lectura\" \/>\n\t<meta name=\"twitter:data2\" content=\"3 minutos\" \/>\n<script type=\"application\/ld+json\" class=\"yoast-schema-graph\">{\"@context\":\"https:\/\/schema.org\",\"@graph\":[{\"@type\":\"Article\",\"@id\":\"https:\/\/radioinfinitagoya.com.ar\/v1\/2026\/04\/30\/adorni-en-el-congreso-que-dijo-el-jefe-de-gabinete-sobre-las-obras-en-la-autovia-12-de-corrientes\/#article\",\"isPartOf\":{\"@id\":\"https:\/\/radioinfinitagoya.com.ar\/v1\/2026\/04\/30\/adorni-en-el-congreso-que-dijo-el-jefe-de-gabinete-sobre-las-obras-en-la-autovia-12-de-corrientes\/\"},\"author\":{\"name\":\"Jorge Mi\u00f1o\",\"@id\":\"https:\/\/radioinfinitagoya.com.ar\/v1\/#\/schema\/person\/d4cf9c413d4f6edb24aabdccab49ca4a\"},\"headline\":\"Adorni en el Congreso: qu\u00e9 dijo el jefe de Gabinete sobre las obras en la Autov\u00eda 12 de Corrientes\",\"datePublished\":\"2026-04-30T19:25:07+00:00\",\"mainEntityOfPage\":{\"@id\":\"https:\/\/radioinfinitagoya.com.ar\/v1\/2026\/04\/30\/adorni-en-el-congreso-que-dijo-el-jefe-de-gabinete-sobre-las-obras-en-la-autovia-12-de-corrientes\/\"},\"wordCount\":510,\"commentCount\":0,\"publisher\":{\"@id\":\"https:\/\/radioinfinitagoya.com.ar\/v1\/#organization\"},\"image\":{\"@id\":\"https:\/\/radioinfinitagoya.com.ar\/v1\/2026\/04\/30\/adorni-en-el-congreso-que-dijo-el-jefe-de-gabinete-sobre-las-obras-en-la-autovia-12-de-corrientes\/#primaryimage\"},\"thumbnailUrl\":\"https:\/\/radioinfinitagoya.com.ar\/v1\/wp-content\/uploads\/2026\/04\/1777491840704.webp\",\"articleSection\":[\"INFORMACI\u00d3N GENERAL\"],\"inLanguage\":\"es-AR\",\"potentialAction\":[{\"@type\":\"CommentAction\",\"name\":\"Comment\",\"target\":[\"https:\/\/radioinfinitagoya.com.ar\/v1\/2026\/04\/30\/adorni-en-el-congreso-que-dijo-el-jefe-de-gabinete-sobre-las-obras-en-la-autovia-12-de-corrientes\/#respond\"]}]},{\"@type\":\"WebPage\",\"@id\":\"https:\/\/radioinfinitagoya.com.ar\/v1\/2026\/04\/30\/adorni-en-el-congreso-que-dijo-el-jefe-de-gabinete-sobre-las-obras-en-la-autovia-12-de-corrientes\/\",\"url\":\"https:\/\/radioinfinitagoya.com.ar\/v1\/2026\/04\/30\/adorni-en-el-congreso-que-dijo-el-jefe-de-gabinete-sobre-las-obras-en-la-autovia-12-de-corrientes\/\",\"name\":\"Adorni en el Congreso: qu\u00e9 dijo el jefe de Gabinete sobre las obras en la Autov\u00eda 12 de Corrientes - Radio Infinita Goya\",\"isPartOf\":{\"@id\":\"https:\/\/radioinfinitagoya.com.ar\/v1\/#website\"},\"primaryImageOfPage\":{\"@id\":\"https:\/\/radioinfinitagoya.com.ar\/v1\/2026\/04\/30\/adorni-en-el-congreso-que-dijo-el-jefe-de-gabinete-sobre-las-obras-en-la-autovia-12-de-corrientes\/#primaryimage\"},\"image\":{\"@id\":\"https:\/\/radioinfinitagoya.com.ar\/v1\/2026\/04\/30\/adorni-en-el-congreso-que-dijo-el-jefe-de-gabinete-sobre-las-obras-en-la-autovia-12-de-corrientes\/#primaryimage\"},\"thumbnailUrl\":\"https:\/\/radioinfinitagoya.com.ar\/v1\/wp-content\/uploads\/2026\/04\/1777491840704.webp\",\"datePublished\":\"2026-04-30T19:25:07+00:00\",\"description\":\"Ante el Congreso, el jefe de Gabinete Manuel Adorni admiti\u00f3 que la obra estrat\u00e9gica tiene un avance del 77%. El diputado Di\u00f3genes Gonz\u00e1lez denunci\u00f3\",\"breadcrumb\":{\"@id\":\"https:\/\/radioinfinitagoya.com.ar\/v1\/2026\/04\/30\/adorni-en-el-congreso-que-dijo-el-jefe-de-gabinete-sobre-las-obras-en-la-autovia-12-de-corrientes\/#breadcrumb\"},\"inLanguage\":\"es-AR\",\"potentialAction\":[{\"@type\":\"ReadAction\",\"target\":[\"https:\/\/radioinfinitagoya.com.ar\/v1\/2026\/04\/30\/adorni-en-el-congreso-que-dijo-el-jefe-de-gabinete-sobre-las-obras-en-la-autovia-12-de-corrientes\/\"]}]},{\"@type\":\"ImageObject\",\"inLanguage\":\"es-AR\",\"@id\":\"https:\/\/radioinfinitagoya.com.ar\/v1\/2026\/04\/30\/adorni-en-el-congreso-que-dijo-el-jefe-de-gabinete-sobre-las-obras-en-la-autovia-12-de-corrientes\/#primaryimage\",\"url\":\"https:\/\/radioinfinitagoya.com.ar\/v1\/wp-content\/uploads\/2026\/04\/1777491840704.webp\",\"contentUrl\":\"https:\/\/radioinfinitagoya.com.ar\/v1\/wp-content\/uploads\/2026\/04\/1777491840704.webp\",\"width\":1200,\"height\":675},{\"@type\":\"BreadcrumbList\",\"@id\":\"https:\/\/radioinfinitagoya.com.ar\/v1\/2026\/04\/30\/adorni-en-el-congreso-que-dijo-el-jefe-de-gabinete-sobre-las-obras-en-la-autovia-12-de-corrientes\/#breadcrumb\",\"itemListElement\":[{\"@type\":\"ListItem\",\"position\":1,\"name\":\"Inicio\",\"item\":\"https:\/\/radioinfinitagoya.com.ar\/v1\/\"},{\"@type\":\"ListItem\",\"position\":2,\"name\":\"Adorni en el Congreso: qu\u00e9 dijo el jefe de Gabinete sobre las obras en la Autov\u00eda 12 de Corrientes\"}]},{\"@type\":\"WebSite\",\"@id\":\"https:\/\/radioinfinitagoya.com.ar\/v1\/#website\",\"url\":\"https:\/\/radioinfinitagoya.com.ar\/v1\/\",\"name\":\"radioinfinitagoya.com.ar\",\"description\":\"Radio de noticias\",\"publisher\":{\"@id\":\"https:\/\/radioinfinitagoya.com.ar\/v1\/#organization\"},\"potentialAction\":[{\"@type\":\"SearchAction\",\"target\":{\"@type\":\"EntryPoint\",\"urlTemplate\":\"https:\/\/radioinfinitagoya.com.ar\/v1\/?s={search_term_string}\"},\"query-input\":{\"@type\":\"PropertyValueSpecification\",\"valueRequired\":true,\"valueName\":\"search_term_string\"}}],\"inLanguage\":\"es-AR\"},{\"@type\":\"Organization\",\"@id\":\"https:\/\/radioinfinitagoya.com.ar\/v1\/#organization\",\"name\":\"Radio Infinita Goya\",\"url\":\"https:\/\/radioinfinitagoya.com.ar\/v1\/\",\"logo\":{\"@type\":\"ImageObject\",\"inLanguage\":\"es-AR\",\"@id\":\"https:\/\/radioinfinitagoya.com.ar\/v1\/#\/schema\/logo\/image\/\",\"url\":\"https:\/\/radioinfinitagoya.com.ar\/v1\/wp-content\/uploads\/2019\/11\/logo-pie-web.png\",\"contentUrl\":\"https:\/\/radioinfinitagoya.com.ar\/v1\/wp-content\/uploads\/2019\/11\/logo-pie-web.png\",\"width\":635,\"height\":326,\"caption\":\"Radio Infinita Goya\"},\"image\":{\"@id\":\"https:\/\/radioinfinitagoya.com.ar\/v1\/#\/schema\/logo\/image\/\"},\"sameAs\":[\"https:\/\/www.facebook.com\/p\/Infinita-Goya-100063870918311\/\"]},{\"@type\":\"Person\",\"@id\":\"https:\/\/radioinfinitagoya.com.ar\/v1\/#\/schema\/person\/d4cf9c413d4f6edb24aabdccab49ca4a\",\"name\":\"Jorge Mi\u00f1o\",\"image\":{\"@type\":\"ImageObject\",\"inLanguage\":\"es-AR\",\"@id\":\"https:\/\/secure.gravatar.com\/avatar\/910fcf6728fe95320e07a6643c1581fec1c7fc4bf8ae12e3d8f0d0373dc844be?s=96&d=mm&r=g\",\"url\":\"https:\/\/secure.gravatar.com\/avatar\/910fcf6728fe95320e07a6643c1581fec1c7fc4bf8ae12e3d8f0d0373dc844be?s=96&d=mm&r=g\",\"contentUrl\":\"https:\/\/secure.gravatar.com\/avatar\/910fcf6728fe95320e07a6643c1581fec1c7fc4bf8ae12e3d8f0d0373dc844be?s=96&d=mm&r=g\",\"caption\":\"Jorge Mi\u00f1o\"},\"sameAs\":[\"http:\/\/radioinfinitagoya.com.ar\"]}]}<\/script>\n<!-- \/ Yoast SEO plugin. -->","yoast_head_json":{"title":"Adorni en el Congreso: qu\u00e9 dijo el jefe de Gabinete sobre las obras en la Autov\u00eda 12 de Corrientes - Radio Infinita Goya","description":"Ante el Congreso, el jefe de Gabinete Manuel Adorni admiti\u00f3 que la obra estrat\u00e9gica tiene un avance del 77%. El diputado Di\u00f3genes Gonz\u00e1lez denunci\u00f3","robots":{"index":"index","follow":"follow","max-snippet":"max-snippet:-1","max-image-preview":"max-image-preview:large","max-video-preview":"max-video-preview:-1"},"canonical":"https:\/\/radioinfinitagoya.com.ar\/v1\/2026\/04\/30\/adorni-en-el-congreso-que-dijo-el-jefe-de-gabinete-sobre-las-obras-en-la-autovia-12-de-corrientes\/","og_locale":"es_ES","og_type":"article","og_title":"Adorni en el Congreso: qu\u00e9 dijo el jefe de Gabinete sobre las obras en la Autov\u00eda 12 de Corrientes - Radio Infinita Goya","og_description":"Ante el Congreso, el jefe de Gabinete Manuel Adorni admiti\u00f3 que la obra estrat\u00e9gica tiene un avance del 77%. El diputado Di\u00f3genes Gonz\u00e1lez denunci\u00f3","og_url":"https:\/\/radioinfinitagoya.com.ar\/v1\/2026\/04\/30\/adorni-en-el-congreso-que-dijo-el-jefe-de-gabinete-sobre-las-obras-en-la-autovia-12-de-corrientes\/","og_site_name":"Radio Infinita Goya","article_publisher":"https:\/\/www.facebook.com\/p\/Infinita-Goya-100063870918311\/","article_published_time":"2026-04-30T19:25:07+00:00","og_image":[{"width":1200,"height":675,"url":"https:\/\/radioinfinitagoya.com.ar\/v1\/wp-content\/uploads\/2026\/04\/1777491840704.webp","type":"image\/webp"}],"author":"Jorge Mi\u00f1o","twitter_card":"summary_large_image","twitter_misc":{"Escrito por":"Jorge Mi\u00f1o","Tiempo de lectura":"3 minutos"},"schema":{"@context":"https:\/\/schema.org","@graph":[{"@type":"Article","@id":"https:\/\/radioinfinitagoya.com.ar\/v1\/2026\/04\/30\/adorni-en-el-congreso-que-dijo-el-jefe-de-gabinete-sobre-las-obras-en-la-autovia-12-de-corrientes\/#article","isPartOf":{"@id":"https:\/\/radioinfinitagoya.com.ar\/v1\/2026\/04\/30\/adorni-en-el-congreso-que-dijo-el-jefe-de-gabinete-sobre-las-obras-en-la-autovia-12-de-corrientes\/"},"author":{"name":"Jorge Mi\u00f1o","@id":"https:\/\/radioinfinitagoya.com.ar\/v1\/#\/schema\/person\/d4cf9c413d4f6edb24aabdccab49ca4a"},"headline":"Adorni en el Congreso: qu\u00e9 dijo el jefe de Gabinete sobre las obras en la Autov\u00eda 12 de Corrientes","datePublished":"2026-04-30T19:25:07+00:00","mainEntityOfPage":{"@id":"https:\/\/radioinfinitagoya.com.ar\/v1\/2026\/04\/30\/adorni-en-el-congreso-que-dijo-el-jefe-de-gabinete-sobre-las-obras-en-la-autovia-12-de-corrientes\/"},"wordCount":510,"commentCount":0,"publisher":{"@id":"https:\/\/radioinfinitagoya.com.ar\/v1\/#organization"},"image":{"@id":"https:\/\/radioinfinitagoya.com.ar\/v1\/2026\/04\/30\/adorni-en-el-congreso-que-dijo-el-jefe-de-gabinete-sobre-las-obras-en-la-autovia-12-de-corrientes\/#primaryimage"},"thumbnailUrl":"https:\/\/radioinfinitagoya.com.ar\/v1\/wp-content\/uploads\/2026\/04\/1777491840704.webp","articleSection":["INFORMACI\u00d3N GENERAL"],"inLanguage":"es-AR","potentialAction":[{"@type":"CommentAction","name":"Comment","target":["https:\/\/radioinfinitagoya.com.ar\/v1\/2026\/04\/30\/adorni-en-el-congreso-que-dijo-el-jefe-de-gabinete-sobre-las-obras-en-la-autovia-12-de-corrientes\/#respond"]}]},{"@type":"WebPage","@id":"https:\/\/radioinfinitagoya.com.ar\/v1\/2026\/04\/30\/adorni-en-el-congreso-que-dijo-el-jefe-de-gabinete-sobre-las-obras-en-la-autovia-12-de-corrientes\/","url":"https:\/\/radioinfinitagoya.com.ar\/v1\/2026\/04\/30\/adorni-en-el-congreso-que-dijo-el-jefe-de-gabinete-sobre-las-obras-en-la-autovia-12-de-corrientes\/","name":"Adorni en el Congreso: qu\u00e9 dijo el jefe de Gabinete sobre las obras en la Autov\u00eda 12 de Corrientes - Radio Infinita Goya","isPartOf":{"@id":"https:\/\/radioinfinitagoya.com.ar\/v1\/#website"},"primaryImageOfPage":{"@id":"https:\/\/radioinfinitagoya.com.ar\/v1\/2026\/04\/30\/adorni-en-el-congreso-que-dijo-el-jefe-de-gabinete-sobre-las-obras-en-la-autovia-12-de-corrientes\/#primaryimage"},"image":{"@id":"https:\/\/radioinfinitagoya.com.ar\/v1\/2026\/04\/30\/adorni-en-el-congreso-que-dijo-el-jefe-de-gabinete-sobre-las-obras-en-la-autovia-12-de-corrientes\/#primaryimage"},"thumbnailUrl":"https:\/\/radioinfinitagoya.com.ar\/v1\/wp-content\/uploads\/2026\/04\/1777491840704.webp","datePublished":"2026-04-30T19:25:07+00:00","description":"Ante el Congreso, el jefe de Gabinete Manuel Adorni admiti\u00f3 que la obra estrat\u00e9gica tiene un avance del 77%. El diputado Di\u00f3genes Gonz\u00e1lez denunci\u00f3","breadcrumb":{"@id":"https:\/\/radioinfinitagoya.com.ar\/v1\/2026\/04\/30\/adorni-en-el-congreso-que-dijo-el-jefe-de-gabinete-sobre-las-obras-en-la-autovia-12-de-corrientes\/#breadcrumb"},"inLanguage":"es-AR","potentialAction":[{"@type":"ReadAction","target":["https:\/\/radioinfinitagoya.com.ar\/v1\/2026\/04\/30\/adorni-en-el-congreso-que-dijo-el-jefe-de-gabinete-sobre-las-obras-en-la-autovia-12-de-corrientes\/"]}]},{"@type":"ImageObject","inLanguage":"es-AR","@id":"https:\/\/radioinfinitagoya.com.ar\/v1\/2026\/04\/30\/adorni-en-el-congreso-que-dijo-el-jefe-de-gabinete-sobre-las-obras-en-la-autovia-12-de-corrientes\/#primaryimage","url":"https:\/\/radioinfinitagoya.com.ar\/v1\/wp-content\/uploads\/2026\/04\/1777491840704.webp","contentUrl":"https:\/\/radioinfinitagoya.com.ar\/v1\/wp-content\/uploads\/2026\/04\/1777491840704.webp","width":1200,"height":675},{"@type":"BreadcrumbList","@id":"https:\/\/radioinfinitagoya.com.ar\/v1\/2026\/04\/30\/adorni-en-el-congreso-que-dijo-el-jefe-de-gabinete-sobre-las-obras-en-la-autovia-12-de-corrientes\/#breadcrumb","itemListElement":[{"@type":"ListItem","position":1,"name":"Inicio","item":"https:\/\/radioinfinitagoya.com.ar\/v1\/"},{"@type":"ListItem","position":2,"name":"Adorni en el Congreso: qu\u00e9 dijo el jefe de Gabinete sobre las obras en la Autov\u00eda 12 de Corrientes"}]},{"@type":"WebSite","@id":"https:\/\/radioinfinitagoya.com.ar\/v1\/#website","url":"https:\/\/radioinfinitagoya.com.ar\/v1\/","name":"radioinfinitagoya.com.ar","description":"Radio de noticias","publisher":{"@id":"https:\/\/radioinfinitagoya.com.ar\/v1\/#organization"},"potentialAction":[{"@type":"SearchAction","target":{"@type":"EntryPoint","urlTemplate":"https:\/\/radioinfinitagoya.com.ar\/v1\/?s={search_term_string}"},"query-input":{"@type":"PropertyValueSpecification","valueRequired":true,"valueName":"search_term_string"}}],"inLanguage":"es-AR"},{"@type":"Organization","@id":"https:\/\/radioinfinitagoya.com.ar\/v1\/#organization","name":"Radio Infinita Goya","url":"https:\/\/radioinfinitagoya.com.ar\/v1\/","logo":{"@type":"ImageObject","inLanguage":"es-AR","@id":"https:\/\/radioinfinitagoya.com.ar\/v1\/#\/schema\/logo\/image\/","url":"https:\/\/radioinfinitagoya.com.ar\/v1\/wp-content\/uploads\/2019\/11\/logo-pie-web.png","contentUrl":"https:\/\/radioinfinitagoya.com.ar\/v1\/wp-content\/uploads\/2019\/11\/logo-pie-web.png","width":635,"height":326,"caption":"Radio Infinita Goya"},"image":{"@id":"https:\/\/radioinfinitagoya.com.ar\/v1\/#\/schema\/logo\/image\/"},"sameAs":["https:\/\/www.facebook.com\/p\/Infinita-Goya-100063870918311\/"]},{"@type":"Person","@id":"https:\/\/radioinfinitagoya.com.ar\/v1\/#\/schema\/person\/d4cf9c413d4f6edb24aabdccab49ca4a","name":"Jorge Mi\u00f1o","image":{"@type":"ImageObject","inLanguage":"es-AR","@id":"https:\/\/secure.gravatar.com\/avatar\/910fcf6728fe95320e07a6643c1581fec1c7fc4bf8ae12e3d8f0d0373dc844be?s=96&d=mm&r=g","url":"https:\/\/secure.gravatar.com\/avatar\/910fcf6728fe95320e07a6643c1581fec1c7fc4bf8ae12e3d8f0d0373dc844be?s=96&d=mm&r=g","contentUrl":"https:\/\/secure.gravatar.com\/avatar\/910fcf6728fe95320e07a6643c1581fec1c7fc4bf8ae12e3d8f0d0373dc844be?s=96&d=mm&r=g","caption":"Jorge Mi\u00f1o"},"sameAs":["http:\/\/radioinfinitagoya.com.ar"]}]}},"_links":{"self":[{"href":"https:\/\/radioinfinitagoya.com.ar\/v1\/wp-json\/wp\/v2\/posts\/213981","targetHints":{"allow":["GET"]}}],"collection":[{"href":"https:\/\/radioinfinitagoya.com.ar\/v1\/wp-json\/wp\/v2\/posts"}],"about":[{"href":"https:\/\/radioinfinitagoya.com.ar\/v1\/wp-json\/wp\/v2\/types\/post"}],"author":[{"embeddable":true,"href":"https:\/\/radioinfinitagoya.com.ar\/v1\/wp-json\/wp\/v2\/users\/4"}],"replies":[{"embeddable":true,"href":"https:\/\/radioinfinitagoya.com.ar\/v1\/wp-json\/wp\/v2\/comments?post=213981"}],"version-history":[{"count":1,"href":"https:\/\/radioinfinitagoya.com.ar\/v1\/wp-json\/wp\/v2\/posts\/213981\/revisions"}],"predecessor-version":[{"id":213983,"href":"https:\/\/radioinfinitagoya.com.ar\/v1\/wp-json\/wp\/v2\/posts\/213981\/revisions\/213983"}],"wp:featuredmedia":[{"embeddable":true,"href":"https:\/\/radioinfinitagoya.com.ar\/v1\/wp-json\/wp\/v2\/media\/213982"}],"wp:attachment":[{"href":"https:\/\/radioinfinitagoya.com.ar\/v1\/wp-json\/wp\/v2\/media?parent=213981"}],"wp:term":[{"taxonomy":"category","embeddable":true,"href":"https:\/\/radioinfinitagoya.com.ar\/v1\/wp-json\/wp\/v2\/categories?post=213981"},{"taxonomy":"post_tag","embeddable":true,"href":"https:\/\/radioinfinitagoya.com.ar\/v1\/wp-json\/wp\/v2\/tags?post=213981"}],"curies":[{"name":"wp","href":"https:\/\/api.w.org\/{rel}","templated":true}]}}