{"id":213987,"date":"2026-04-30T16:29:22","date_gmt":"2026-04-30T19:29:22","guid":{"rendered":"https:\/\/radioinfinitagoya.com.ar\/v1\/?p=213987"},"modified":"2026-04-30T16:29:22","modified_gmt":"2026-04-30T19:29:22","slug":"polo-un-equipo-mercedeno-va-por-el-titulo","status":"publish","type":"post","link":"https:\/\/radioinfinitagoya.com.ar\/v1\/2026\/04\/30\/polo-un-equipo-mercedeno-va-por-el-titulo\/","title":{"rendered":"Polo: Un equipo Mercede\u00f1o va por el t\u00edtulo"},"content":{"rendered":"<p>Se disputaron las semifinales del Campeonato Argentino de Polo del Interior en las instalaciones del Cuarto Rinc\u00f3n Polo Club de Mercedes. Con triunfo de rosarinos del Jockey Club y Naimara que se qued\u00f3 con el duelo entre los locales. En una jornada soleada que cont\u00f3 con un importante marco de p\u00fablico.<\/p>\n<p>En marco de las semifinales, se disput\u00f3 el duelo entre los entrerrianos de La Justina de Gualeguay y La Violeta de Chajari con triunfo de La Justina por 10 a 9.<\/p>\n<p>En tanto que las semifinales que abrieron la acci\u00f3n del segundo d\u00eda del CAIH en Mercedes tuvo como ganador al representativo de La Famille del Jockey Club de Rosario que se impuso tambi\u00e9n por 10 a 9 a Los Sauces de San Luis.<\/p>\n<p>Y el broche de oro lo ofrecieron los locales, que se enfrentaron en la segunda semifinal, en un encuentro vibrante y cambiante hasta el final, que se defini\u00f3 con un gol agonico sobre el final para imponerse Naimara \u2013 La Madrugada por 11 a 10.<\/p>\n<p>De esta manera los cruces finales del 36* CAIH ser\u00e1n los siguientes:<\/p>\n<p>CanchasCuarto Rinc\u00f3n 11.00: Final Copa Cavana: Cuarto Rinc\u00f3n va La Justina. Cancha 2<br \/>\n13. 00: Final Copa Amistad: La Violeta vs Los Sauces.Cancha 2<br \/>\n15.30: Final CAIH 2026: Naimara y Jockey Club Rosario La Famille &#8211; cancha 1.<\/p>\n<p>Gran jornada final invita a vivir un dia completo de Polo en Cuarto Rinc\u00f3n con entrada libre y gratuita, y todos los servicios necesarios para pasar un dia especial.<\/p>\n","protected":false},"excerpt":{"rendered":"<p>Se disputaron las semifinales del Campeonato Argentino de Polo del Interior en las instalaciones del Cuarto Rinc\u00f3n Polo Club de Mercedes. Con triunfo de rosarinos del Jockey Club y Naimara que se qued\u00f3 con el duelo entre los locales. En una jornada soleada que cont\u00f3 con un importante marco de p\u00fablico. En marco de las [&hellip;]<\/p>\n","protected":false},"author":4,"featured_media":213988,"comment_status":"open","ping_status":"open","sticky":false,"template":"","format":"standard","meta":{"_joinchat":[],"footnotes":""},"categories":[28],"tags":[],"class_list":{"0":"post-213987","1":"post","2":"type-post","3":"status-publish","4":"format-standard","5":"has-post-thumbnail","7":"category-deportes"},"yoast_head":"<!-- This site is optimized with the Yoast SEO plugin v27.2 - https:\/\/yoast.com\/product\/yoast-seo-wordpress\/ -->\n<title>Polo: Un equipo Mercede\u00f1o va por el t\u00edtulo - Radio Infinita Goya<\/title>\n<meta name=\"description\" content=\"Se disputaron las semifinales del Campeonato Argentino de Polo del Interior en las instalaciones del Cuarto Rinc\u00f3n Polo Club de Mercedes. Con triunfo de\" \/>\n<meta name=\"robots\" content=\"index, follow, max-snippet:-1, max-image-preview:large, max-video-preview:-1\" \/>\n<link rel=\"canonical\" href=\"https:\/\/radioinfinitagoya.com.ar\/v1\/2026\/04\/30\/polo-un-equipo-mercedeno-va-por-el-titulo\/\" \/>\n<meta property=\"og:locale\" content=\"es_ES\" \/>\n<meta property=\"og:type\" content=\"article\" \/>\n<meta property=\"og:title\" content=\"Polo: Un equipo Mercede\u00f1o va por el t\u00edtulo - Radio Infinita Goya\" \/>\n<meta property=\"og:description\" content=\"Se disputaron las semifinales del Campeonato Argentino de Polo del Interior en las instalaciones del Cuarto Rinc\u00f3n Polo Club de Mercedes. Con triunfo de\" \/>\n<meta property=\"og:url\" content=\"https:\/\/radioinfinitagoya.com.ar\/v1\/2026\/04\/30\/polo-un-equipo-mercedeno-va-por-el-titulo\/\" \/>\n<meta property=\"og:site_name\" content=\"Radio Infinita Goya\" \/>\n<meta property=\"article:publisher\" content=\"https:\/\/www.facebook.com\/p\/Infinita-Goya-100063870918311\/\" \/>\n<meta property=\"article:published_time\" content=\"2026-04-30T19:29:22+00:00\" \/>\n<meta property=\"og:image\" content=\"https:\/\/radioinfinitagoya.com.ar\/v1\/wp-content\/uploads\/2026\/04\/284791w380h214c.jpg.webp\" \/>\n\t<meta property=\"og:image:width\" content=\"380\" \/>\n\t<meta property=\"og:image:height\" content=\"214\" \/>\n\t<meta property=\"og:image:type\" content=\"image\/webp\" \/>\n<meta name=\"author\" content=\"Jorge Mi\u00f1o\" \/>\n<meta name=\"twitter:card\" content=\"summary_large_image\" \/>\n<meta name=\"twitter:label1\" content=\"Escrito por\" \/>\n\t<meta name=\"twitter:data1\" content=\"Jorge Mi\u00f1o\" \/>\n\t<meta name=\"twitter:label2\" content=\"Tiempo de lectura\" \/>\n\t<meta name=\"twitter:data2\" content=\"2 minutos\" \/>\n<script type=\"application\/ld+json\" class=\"yoast-schema-graph\">{\"@context\":\"https:\/\/schema.org\",\"@graph\":[{\"@type\":\"Article\",\"@id\":\"https:\/\/radioinfinitagoya.com.ar\/v1\/2026\/04\/30\/polo-un-equipo-mercedeno-va-por-el-titulo\/#article\",\"isPartOf\":{\"@id\":\"https:\/\/radioinfinitagoya.com.ar\/v1\/2026\/04\/30\/polo-un-equipo-mercedeno-va-por-el-titulo\/\"},\"author\":{\"name\":\"Jorge Mi\u00f1o\",\"@id\":\"https:\/\/radioinfinitagoya.com.ar\/v1\/#\/schema\/person\/d4cf9c413d4f6edb24aabdccab49ca4a\"},\"headline\":\"Polo: Un equipo Mercede\u00f1o va por el t\u00edtulo\",\"datePublished\":\"2026-04-30T19:29:22+00:00\",\"mainEntityOfPage\":{\"@id\":\"https:\/\/radioinfinitagoya.com.ar\/v1\/2026\/04\/30\/polo-un-equipo-mercedeno-va-por-el-titulo\/\"},\"wordCount\":253,\"commentCount\":0,\"publisher\":{\"@id\":\"https:\/\/radioinfinitagoya.com.ar\/v1\/#organization\"},\"image\":{\"@id\":\"https:\/\/radioinfinitagoya.com.ar\/v1\/2026\/04\/30\/polo-un-equipo-mercedeno-va-por-el-titulo\/#primaryimage\"},\"thumbnailUrl\":\"https:\/\/radioinfinitagoya.com.ar\/v1\/wp-content\/uploads\/2026\/04\/284791w380h214c.jpg.webp\",\"articleSection\":[\"DEPORTES\"],\"inLanguage\":\"es-AR\",\"potentialAction\":[{\"@type\":\"CommentAction\",\"name\":\"Comment\",\"target\":[\"https:\/\/radioinfinitagoya.com.ar\/v1\/2026\/04\/30\/polo-un-equipo-mercedeno-va-por-el-titulo\/#respond\"]}]},{\"@type\":\"WebPage\",\"@id\":\"https:\/\/radioinfinitagoya.com.ar\/v1\/2026\/04\/30\/polo-un-equipo-mercedeno-va-por-el-titulo\/\",\"url\":\"https:\/\/radioinfinitagoya.com.ar\/v1\/2026\/04\/30\/polo-un-equipo-mercedeno-va-por-el-titulo\/\",\"name\":\"Polo: Un equipo Mercede\u00f1o va por el t\u00edtulo - Radio Infinita Goya\",\"isPartOf\":{\"@id\":\"https:\/\/radioinfinitagoya.com.ar\/v1\/#website\"},\"primaryImageOfPage\":{\"@id\":\"https:\/\/radioinfinitagoya.com.ar\/v1\/2026\/04\/30\/polo-un-equipo-mercedeno-va-por-el-titulo\/#primaryimage\"},\"image\":{\"@id\":\"https:\/\/radioinfinitagoya.com.ar\/v1\/2026\/04\/30\/polo-un-equipo-mercedeno-va-por-el-titulo\/#primaryimage\"},\"thumbnailUrl\":\"https:\/\/radioinfinitagoya.com.ar\/v1\/wp-content\/uploads\/2026\/04\/284791w380h214c.jpg.webp\",\"datePublished\":\"2026-04-30T19:29:22+00:00\",\"description\":\"Se disputaron las semifinales del Campeonato Argentino de Polo del Interior en las instalaciones del Cuarto Rinc\u00f3n Polo Club de Mercedes. Con triunfo de\",\"breadcrumb\":{\"@id\":\"https:\/\/radioinfinitagoya.com.ar\/v1\/2026\/04\/30\/polo-un-equipo-mercedeno-va-por-el-titulo\/#breadcrumb\"},\"inLanguage\":\"es-AR\",\"potentialAction\":[{\"@type\":\"ReadAction\",\"target\":[\"https:\/\/radioinfinitagoya.com.ar\/v1\/2026\/04\/30\/polo-un-equipo-mercedeno-va-por-el-titulo\/\"]}]},{\"@type\":\"ImageObject\",\"inLanguage\":\"es-AR\",\"@id\":\"https:\/\/radioinfinitagoya.com.ar\/v1\/2026\/04\/30\/polo-un-equipo-mercedeno-va-por-el-titulo\/#primaryimage\",\"url\":\"https:\/\/radioinfinitagoya.com.ar\/v1\/wp-content\/uploads\/2026\/04\/284791w380h214c.jpg.webp\",\"contentUrl\":\"https:\/\/radioinfinitagoya.com.ar\/v1\/wp-content\/uploads\/2026\/04\/284791w380h214c.jpg.webp\",\"width\":380,\"height\":214},{\"@type\":\"BreadcrumbList\",\"@id\":\"https:\/\/radioinfinitagoya.com.ar\/v1\/2026\/04\/30\/polo-un-equipo-mercedeno-va-por-el-titulo\/#breadcrumb\",\"itemListElement\":[{\"@type\":\"ListItem\",\"position\":1,\"name\":\"Inicio\",\"item\":\"https:\/\/radioinfinitagoya.com.ar\/v1\/\"},{\"@type\":\"ListItem\",\"position\":2,\"name\":\"Polo: Un equipo Mercede\u00f1o va por el t\u00edtulo\"}]},{\"@type\":\"WebSite\",\"@id\":\"https:\/\/radioinfinitagoya.com.ar\/v1\/#website\",\"url\":\"https:\/\/radioinfinitagoya.com.ar\/v1\/\",\"name\":\"radioinfinitagoya.com.ar\",\"description\":\"Radio de noticias\",\"publisher\":{\"@id\":\"https:\/\/radioinfinitagoya.com.ar\/v1\/#organization\"},\"potentialAction\":[{\"@type\":\"SearchAction\",\"target\":{\"@type\":\"EntryPoint\",\"urlTemplate\":\"https:\/\/radioinfinitagoya.com.ar\/v1\/?s={search_term_string}\"},\"query-input\":{\"@type\":\"PropertyValueSpecification\",\"valueRequired\":true,\"valueName\":\"search_term_string\"}}],\"inLanguage\":\"es-AR\"},{\"@type\":\"Organization\",\"@id\":\"https:\/\/radioinfinitagoya.com.ar\/v1\/#organization\",\"name\":\"Radio Infinita Goya\",\"url\":\"https:\/\/radioinfinitagoya.com.ar\/v1\/\",\"logo\":{\"@type\":\"ImageObject\",\"inLanguage\":\"es-AR\",\"@id\":\"https:\/\/radioinfinitagoya.com.ar\/v1\/#\/schema\/logo\/image\/\",\"url\":\"https:\/\/radioinfinitagoya.com.ar\/v1\/wp-content\/uploads\/2019\/11\/logo-pie-web.png\",\"contentUrl\":\"https:\/\/radioinfinitagoya.com.ar\/v1\/wp-content\/uploads\/2019\/11\/logo-pie-web.png\",\"width\":635,\"height\":326,\"caption\":\"Radio Infinita Goya\"},\"image\":{\"@id\":\"https:\/\/radioinfinitagoya.com.ar\/v1\/#\/schema\/logo\/image\/\"},\"sameAs\":[\"https:\/\/www.facebook.com\/p\/Infinita-Goya-100063870918311\/\"]},{\"@type\":\"Person\",\"@id\":\"https:\/\/radioinfinitagoya.com.ar\/v1\/#\/schema\/person\/d4cf9c413d4f6edb24aabdccab49ca4a\",\"name\":\"Jorge Mi\u00f1o\",\"image\":{\"@type\":\"ImageObject\",\"inLanguage\":\"es-AR\",\"@id\":\"https:\/\/secure.gravatar.com\/avatar\/910fcf6728fe95320e07a6643c1581fec1c7fc4bf8ae12e3d8f0d0373dc844be?s=96&d=mm&r=g\",\"url\":\"https:\/\/secure.gravatar.com\/avatar\/910fcf6728fe95320e07a6643c1581fec1c7fc4bf8ae12e3d8f0d0373dc844be?s=96&d=mm&r=g\",\"contentUrl\":\"https:\/\/secure.gravatar.com\/avatar\/910fcf6728fe95320e07a6643c1581fec1c7fc4bf8ae12e3d8f0d0373dc844be?s=96&d=mm&r=g\",\"caption\":\"Jorge Mi\u00f1o\"},\"sameAs\":[\"http:\/\/radioinfinitagoya.com.ar\"]}]}<\/script>\n<!-- \/ Yoast SEO plugin. -->","yoast_head_json":{"title":"Polo: Un equipo Mercede\u00f1o va por el t\u00edtulo - Radio Infinita Goya","description":"Se disputaron las semifinales del Campeonato Argentino de Polo del Interior en las instalaciones del Cuarto Rinc\u00f3n Polo Club de Mercedes. Con triunfo de","robots":{"index":"index","follow":"follow","max-snippet":"max-snippet:-1","max-image-preview":"max-image-preview:large","max-video-preview":"max-video-preview:-1"},"canonical":"https:\/\/radioinfinitagoya.com.ar\/v1\/2026\/04\/30\/polo-un-equipo-mercedeno-va-por-el-titulo\/","og_locale":"es_ES","og_type":"article","og_title":"Polo: Un equipo Mercede\u00f1o va por el t\u00edtulo - Radio Infinita Goya","og_description":"Se disputaron las semifinales del Campeonato Argentino de Polo del Interior en las instalaciones del Cuarto Rinc\u00f3n Polo Club de Mercedes. Con triunfo de","og_url":"https:\/\/radioinfinitagoya.com.ar\/v1\/2026\/04\/30\/polo-un-equipo-mercedeno-va-por-el-titulo\/","og_site_name":"Radio Infinita Goya","article_publisher":"https:\/\/www.facebook.com\/p\/Infinita-Goya-100063870918311\/","article_published_time":"2026-04-30T19:29:22+00:00","og_image":[{"width":380,"height":214,"url":"https:\/\/radioinfinitagoya.com.ar\/v1\/wp-content\/uploads\/2026\/04\/284791w380h214c.jpg.webp","type":"image\/webp"}],"author":"Jorge Mi\u00f1o","twitter_card":"summary_large_image","twitter_misc":{"Escrito por":"Jorge Mi\u00f1o","Tiempo de lectura":"2 minutos"},"schema":{"@context":"https:\/\/schema.org","@graph":[{"@type":"Article","@id":"https:\/\/radioinfinitagoya.com.ar\/v1\/2026\/04\/30\/polo-un-equipo-mercedeno-va-por-el-titulo\/#article","isPartOf":{"@id":"https:\/\/radioinfinitagoya.com.ar\/v1\/2026\/04\/30\/polo-un-equipo-mercedeno-va-por-el-titulo\/"},"author":{"name":"Jorge Mi\u00f1o","@id":"https:\/\/radioinfinitagoya.com.ar\/v1\/#\/schema\/person\/d4cf9c413d4f6edb24aabdccab49ca4a"},"headline":"Polo: Un equipo Mercede\u00f1o va por el t\u00edtulo","datePublished":"2026-04-30T19:29:22+00:00","mainEntityOfPage":{"@id":"https:\/\/radioinfinitagoya.com.ar\/v1\/2026\/04\/30\/polo-un-equipo-mercedeno-va-por-el-titulo\/"},"wordCount":253,"commentCount":0,"publisher":{"@id":"https:\/\/radioinfinitagoya.com.ar\/v1\/#organization"},"image":{"@id":"https:\/\/radioinfinitagoya.com.ar\/v1\/2026\/04\/30\/polo-un-equipo-mercedeno-va-por-el-titulo\/#primaryimage"},"thumbnailUrl":"https:\/\/radioinfinitagoya.com.ar\/v1\/wp-content\/uploads\/2026\/04\/284791w380h214c.jpg.webp","articleSection":["DEPORTES"],"inLanguage":"es-AR","potentialAction":[{"@type":"CommentAction","name":"Comment","target":["https:\/\/radioinfinitagoya.com.ar\/v1\/2026\/04\/30\/polo-un-equipo-mercedeno-va-por-el-titulo\/#respond"]}]},{"@type":"WebPage","@id":"https:\/\/radioinfinitagoya.com.ar\/v1\/2026\/04\/30\/polo-un-equipo-mercedeno-va-por-el-titulo\/","url":"https:\/\/radioinfinitagoya.com.ar\/v1\/2026\/04\/30\/polo-un-equipo-mercedeno-va-por-el-titulo\/","name":"Polo: Un equipo Mercede\u00f1o va por el t\u00edtulo - Radio Infinita Goya","isPartOf":{"@id":"https:\/\/radioinfinitagoya.com.ar\/v1\/#website"},"primaryImageOfPage":{"@id":"https:\/\/radioinfinitagoya.com.ar\/v1\/2026\/04\/30\/polo-un-equipo-mercedeno-va-por-el-titulo\/#primaryimage"},"image":{"@id":"https:\/\/radioinfinitagoya.com.ar\/v1\/2026\/04\/30\/polo-un-equipo-mercedeno-va-por-el-titulo\/#primaryimage"},"thumbnailUrl":"https:\/\/radioinfinitagoya.com.ar\/v1\/wp-content\/uploads\/2026\/04\/284791w380h214c.jpg.webp","datePublished":"2026-04-30T19:29:22+00:00","description":"Se disputaron las semifinales del Campeonato Argentino de Polo del Interior en las instalaciones del Cuarto Rinc\u00f3n Polo Club de Mercedes. Con triunfo de","breadcrumb":{"@id":"https:\/\/radioinfinitagoya.com.ar\/v1\/2026\/04\/30\/polo-un-equipo-mercedeno-va-por-el-titulo\/#breadcrumb"},"inLanguage":"es-AR","potentialAction":[{"@type":"ReadAction","target":["https:\/\/radioinfinitagoya.com.ar\/v1\/2026\/04\/30\/polo-un-equipo-mercedeno-va-por-el-titulo\/"]}]},{"@type":"ImageObject","inLanguage":"es-AR","@id":"https:\/\/radioinfinitagoya.com.ar\/v1\/2026\/04\/30\/polo-un-equipo-mercedeno-va-por-el-titulo\/#primaryimage","url":"https:\/\/radioinfinitagoya.com.ar\/v1\/wp-content\/uploads\/2026\/04\/284791w380h214c.jpg.webp","contentUrl":"https:\/\/radioinfinitagoya.com.ar\/v1\/wp-content\/uploads\/2026\/04\/284791w380h214c.jpg.webp","width":380,"height":214},{"@type":"BreadcrumbList","@id":"https:\/\/radioinfinitagoya.com.ar\/v1\/2026\/04\/30\/polo-un-equipo-mercedeno-va-por-el-titulo\/#breadcrumb","itemListElement":[{"@type":"ListItem","position":1,"name":"Inicio","item":"https:\/\/radioinfinitagoya.com.ar\/v1\/"},{"@type":"ListItem","position":2,"name":"Polo: Un equipo Mercede\u00f1o va por el t\u00edtulo"}]},{"@type":"WebSite","@id":"https:\/\/radioinfinitagoya.com.ar\/v1\/#website","url":"https:\/\/radioinfinitagoya.com.ar\/v1\/","name":"radioinfinitagoya.com.ar","description":"Radio de noticias","publisher":{"@id":"https:\/\/radioinfinitagoya.com.ar\/v1\/#organization"},"potentialAction":[{"@type":"SearchAction","target":{"@type":"EntryPoint","urlTemplate":"https:\/\/radioinfinitagoya.com.ar\/v1\/?s={search_term_string}"},"query-input":{"@type":"PropertyValueSpecification","valueRequired":true,"valueName":"search_term_string"}}],"inLanguage":"es-AR"},{"@type":"Organization","@id":"https:\/\/radioinfinitagoya.com.ar\/v1\/#organization","name":"Radio Infinita Goya","url":"https:\/\/radioinfinitagoya.com.ar\/v1\/","logo":{"@type":"ImageObject","inLanguage":"es-AR","@id":"https:\/\/radioinfinitagoya.com.ar\/v1\/#\/schema\/logo\/image\/","url":"https:\/\/radioinfinitagoya.com.ar\/v1\/wp-content\/uploads\/2019\/11\/logo-pie-web.png","contentUrl":"https:\/\/radioinfinitagoya.com.ar\/v1\/wp-content\/uploads\/2019\/11\/logo-pie-web.png","width":635,"height":326,"caption":"Radio Infinita Goya"},"image":{"@id":"https:\/\/radioinfinitagoya.com.ar\/v1\/#\/schema\/logo\/image\/"},"sameAs":["https:\/\/www.facebook.com\/p\/Infinita-Goya-100063870918311\/"]},{"@type":"Person","@id":"https:\/\/radioinfinitagoya.com.ar\/v1\/#\/schema\/person\/d4cf9c413d4f6edb24aabdccab49ca4a","name":"Jorge Mi\u00f1o","image":{"@type":"ImageObject","inLanguage":"es-AR","@id":"https:\/\/secure.gravatar.com\/avatar\/910fcf6728fe95320e07a6643c1581fec1c7fc4bf8ae12e3d8f0d0373dc844be?s=96&d=mm&r=g","url":"https:\/\/secure.gravatar.com\/avatar\/910fcf6728fe95320e07a6643c1581fec1c7fc4bf8ae12e3d8f0d0373dc844be?s=96&d=mm&r=g","contentUrl":"https:\/\/secure.gravatar.com\/avatar\/910fcf6728fe95320e07a6643c1581fec1c7fc4bf8ae12e3d8f0d0373dc844be?s=96&d=mm&r=g","caption":"Jorge Mi\u00f1o"},"sameAs":["http:\/\/radioinfinitagoya.com.ar"]}]}},"_links":{"self":[{"href":"https:\/\/radioinfinitagoya.com.ar\/v1\/wp-json\/wp\/v2\/posts\/213987","targetHints":{"allow":["GET"]}}],"collection":[{"href":"https:\/\/radioinfinitagoya.com.ar\/v1\/wp-json\/wp\/v2\/posts"}],"about":[{"href":"https:\/\/radioinfinitagoya.com.ar\/v1\/wp-json\/wp\/v2\/types\/post"}],"author":[{"embeddable":true,"href":"https:\/\/radioinfinitagoya.com.ar\/v1\/wp-json\/wp\/v2\/users\/4"}],"replies":[{"embeddable":true,"href":"https:\/\/radioinfinitagoya.com.ar\/v1\/wp-json\/wp\/v2\/comments?post=213987"}],"version-history":[{"count":1,"href":"https:\/\/radioinfinitagoya.com.ar\/v1\/wp-json\/wp\/v2\/posts\/213987\/revisions"}],"predecessor-version":[{"id":213989,"href":"https:\/\/radioinfinitagoya.com.ar\/v1\/wp-json\/wp\/v2\/posts\/213987\/revisions\/213989"}],"wp:featuredmedia":[{"embeddable":true,"href":"https:\/\/radioinfinitagoya.com.ar\/v1\/wp-json\/wp\/v2\/media\/213988"}],"wp:attachment":[{"href":"https:\/\/radioinfinitagoya.com.ar\/v1\/wp-json\/wp\/v2\/media?parent=213987"}],"wp:term":[{"taxonomy":"category","embeddable":true,"href":"https:\/\/radioinfinitagoya.com.ar\/v1\/wp-json\/wp\/v2\/categories?post=213987"},{"taxonomy":"post_tag","embeddable":true,"href":"https:\/\/radioinfinitagoya.com.ar\/v1\/wp-json\/wp\/v2\/tags?post=213987"}],"curies":[{"name":"wp","href":"https:\/\/api.w.org\/{rel}","templated":true}]}}