{"id":213990,"date":"2026-04-30T16:40:11","date_gmt":"2026-04-30T19:40:11","guid":{"rendered":"https:\/\/radioinfinitagoya.com.ar\/v1\/?p=213990"},"modified":"2026-04-30T16:40:11","modified_gmt":"2026-04-30T19:40:11","slug":"colapinto-palpito-el-gp-de-miami-y-dio-detalles-sobre-su-encuentro-con-messi","status":"publish","type":"post","link":"https:\/\/radioinfinitagoya.com.ar\/v1\/2026\/04\/30\/colapinto-palpito-el-gp-de-miami-y-dio-detalles-sobre-su-encuentro-con-messi\/","title":{"rendered":"Colapinto palpit\u00f3 el GP de Miami y dio detalles sobre su encuentro con Messi"},"content":{"rendered":"<p>El argentino de 22 a\u00f1os record\u00f3 su hist\u00f3rica exhibici\u00f3n en Buenos Aires y la reuni\u00f3n con el capit\u00e1n de la selecci\u00f3n argentina<\/p>\n<p>Luego de la hist\u00f3rica exhibici\u00f3n en Buenos Aires, Franco Colapinto afrontar\u00e1 el Gran Premio de Miami tras el receso de actividad de la F\u00f3rmula 1. El argentino palpit\u00f3 el fin de semana, que contar\u00e1 con carrera Sprint y confirm\u00f3 que no contar\u00e1 con una mejora importante en su Alpine, algo que tendr\u00e1 el de Pierre Gasly. Al mismo tiempo, habl\u00f3 sobre su encuentro con Lionel Messi y Rodrigo De Paul en el predio del Inter Miami.<\/p>\n<p>\u201cFue algo espectacular. Haber conocido a Leo (Messi) fue un momento \u00fanico. Un poco fue todo lo que esperaba. Por una cosa u otra, no se hab\u00eda dado antes. En el pasado nunca hab\u00eda tenido la oportunidad, era algo que siempre hab\u00eda so\u00f1ado. Era un momento que lo quer\u00eda vivir hace mucho tiempo. Al final se dio ac\u00e1, en Miami, en su club. Pero tambi\u00e9n de la forma que yo quer\u00eda. Un poco m\u00e1s natural, sin c\u00e1maras o marketing, solo una charla entre nosotros tres con Rodri (De Paul) y Leo. Vivir esa experiencia fue algo muy especial\u201d, coment\u00f3 Colapinto en di\u00e1logo con la F1.<\/p>\n<p>En esta misma l\u00ednea, agreg\u00f3: \u201cYo lo admiro un mont\u00f3n, como todos los argentinos. Si hay una persona que todos queremos conocer, es Leo. Haber tenido la oportunidad de charlar con \u00e9l de forma m\u00e1s descontracturada, en una situaci\u00f3n tranquila sin c\u00e1maras alrededor entre nosotros tres, fue algo muy lindo. Lo disfrut\u00e9 mucho, una experiencia hermosa\u201d.<\/p>\n<p>Franco Colapinto tambi\u00e9n se refiri\u00f3 a las mejoras que llev\u00f3 Alpine a Miami. \u201cHubo un par de cambios. Obviamente, lo que no sabemos es la cantidad de cambios en los otros equipos y las mejoras que tienen. Hay una mejora grande en el aler\u00f3n de atr\u00e1s que no lo tengo yo, pero el resto es lo mismo. El chasis es el mismo, solamente que el \u00faltimo que se hizo es un pel\u00edn m\u00e1s liviano porque estaba pasado de peso el primero. Despu\u00e9s, alg\u00fan aler\u00f3n chiquito y el aler\u00f3n trasero, que es la mejora m\u00e1s grande, la voy a tener en Canad\u00e1. Paso a paso, se va a ir alineando un todo. Vamos entendiendo un par de cosas, lo cual es positivo. Ojal\u00e1 sea un buen finde\u201d, explic\u00f3 en di\u00e1logo con ESPN.<\/p>\n<p>Por su parte, con la F1, sum\u00f3: \u201cEl chasis, veremos. Es lo mismo, solamente que est\u00e1 hecho un poco despu\u00e9s. Eso seguramente va a ayudar. Hay cosas chiquitas que cambian, pero son esos pasos que vas dando de a poco. Hay unas mejoras, unas que tengo y otras que no, pero ser\u00e1 un poco paso a paso para ver c\u00f3mo funciona todo. Creo que en Canad\u00e1 van a estar alineados de vuelta los autos. Creo que puede ser un mejor finde ac\u00e1 y en Canad\u00e1, con curvas un poco m\u00e1s lentas\u201d.<\/p>\n<p>El joven de 22 a\u00f1os record\u00f3 el hist\u00f3rico Road Show en Palermo y remarc\u00f3 que el mejor momento fue con su abuela Rosa. \u201cMi abuela, mi familia, pero mi abuela est\u00e1 ah\u00ed arriba. Espero no dejarla m\u00e1s sorda con el F1, pero se la banc\u00f3 todo el d\u00eda. Para ella el estar ah\u00ed, verme de piloto, en ese personaje que no hab\u00eda visto nunca, fue algo muy especial. Le hice trompos ah\u00ed cerquita. Me volv\u00ed loco. La disfrut\u00e9 mucho. Siento que para ella es un d\u00eda muy especial porque vio a lo que su nieto lleg\u00f3. No hab\u00eda tenido nunca la chance de verlo y que me viera cerca. Fue un momento \u00fanico. El verme con tanto apoyo de los argentinos banc\u00e1ndome, cantando mi nombre. Creo que, para ella, fue uno de los mejores d\u00edas de su vida. Realmente disfrut\u00e9 mucho tenerla\u201d, coment\u00f3 con ESPN.<\/p>\n<p>Respecto al momento en el que manej\u00f3 la Flecha de Plata de Juan Manuel Fangio, destac\u00f3: \u201cFue top. Haber manejado un auto de Fangio con la bandera de Argentina por las calles de Buenos Aires&#8230; un auto del 54, un delirio. Nunca pens\u00e9 que podr\u00eda llegar a suceder. Fue una experiencia \u00fanica. M\u00e1s all\u00e1 del disfrute, es algo que me voy a guardar para m\u00ed porque haber manejado un auto actual y, de golpe, un auto tan antiguo, que es parte de la historia del automovilismo mundial, fue algo muy lindo. Es algo que nunca me voy a olvidar. Con todos los argentinos alrededor, el casco de Fangio&#8230; fue todo perfecto. Nada sali\u00f3 mal. Creo que ese fue un gran momento antes del F1. Bajarme con el auto prendido fuego, la bandera de Argentina. Fue todo muy cine\u201d.<\/p>\n<p>\u201cEran cuadras y cuadras de gente para atr\u00e1s. Son incre\u00edbles. Fue algo muy lindo. M\u00e1s all\u00e1 de la gente que se junt\u00f3, el poder traer un F\u00f3rmula 1 y dar el show por las calles de Buenos Aires es \u00fanico. S\u00e9 el sacrificio que hacen para venir a verme, apoyarme y bancarme carrera tras carrera. Haber tenido la oportunidad de ser yo el que les lleve el auto, que vean la emoci\u00f3n del F\u00f3rmula 1 con el ruido de cerca, es esa sensaci\u00f3n&#8221;, destac\u00f3.<\/p>\n<p>En esta misma l\u00ednea, complet\u00f3: \u201cArgentina es muy fierrera. Tiene el automovilismo all\u00e1 arriba, despu\u00e9s del f\u00fatbol. Tener la oportunidad de haberles llevado un show tan lindo de cerca, y tener un F1 despu\u00e9s de tantos a\u00f1os, fue algo \u00fanico. Personalmente, lo so\u00f1aba de chiquito y lo disfrut\u00e9 mucho. Es un momento que me voy a acordar por siempre. Ojal\u00e1 pueda repetir, pero tambi\u00e9n que sea un gran puntapi\u00e9 para que pueda haber un Gran Premio en el pa\u00eds\u201d.<\/p>\n<p>La actividad en Miami iniciar\u00e1 el viernes a las 13:00 (hora argentina) con las \u00fanicas pr\u00e1cticas libres, que ser\u00e1n de una hora y media. La clasificaci\u00f3n para la Sprint ser\u00e1 a las 17:30, mientras que la carrera dar\u00e1 inicio a las 13:00 del s\u00e1bado. La qualy principal se llevar\u00e1 a cabo a las 17:00, misma hora en la que ser\u00e1 la gran atracci\u00f3n del domingo.<\/p>\n<p>&nbsp;<\/p>\n<p>&nbsp;<\/p>\n","protected":false},"excerpt":{"rendered":"<p>El argentino de 22 a\u00f1os record\u00f3 su hist\u00f3rica exhibici\u00f3n en Buenos Aires y la reuni\u00f3n con el capit\u00e1n de la selecci\u00f3n argentina Luego de la hist\u00f3rica exhibici\u00f3n en Buenos Aires, Franco Colapinto afrontar\u00e1 el Gran Premio de Miami tras el receso de actividad de la F\u00f3rmula 1. El argentino palpit\u00f3 el fin de semana, que [&hellip;]<\/p>\n","protected":false},"author":4,"featured_media":213991,"comment_status":"open","ping_status":"open","sticky":false,"template":"","format":"standard","meta":{"_joinchat":[],"footnotes":""},"categories":[28],"tags":[],"class_list":{"0":"post-213990","1":"post","2":"type-post","3":"status-publish","4":"format-standard","5":"has-post-thumbnail","7":"category-deportes"},"yoast_head":"<!-- This site is optimized with the Yoast SEO plugin v27.2 - https:\/\/yoast.com\/product\/yoast-seo-wordpress\/ -->\n<title>Colapinto palpit\u00f3 el GP de Miami y dio detalles sobre su encuentro con Messi - Radio Infinita Goya<\/title>\n<meta name=\"description\" content=\"El argentino de 22 a\u00f1os record\u00f3 su hist\u00f3rica exhibici\u00f3n en Buenos Aires y la reuni\u00f3n con el capit\u00e1n de la selecci\u00f3n argentina Luego de la hist\u00f3rica\" \/>\n<meta name=\"robots\" content=\"index, follow, max-snippet:-1, max-image-preview:large, max-video-preview:-1\" \/>\n<link rel=\"canonical\" href=\"https:\/\/radioinfinitagoya.com.ar\/v1\/2026\/04\/30\/colapinto-palpito-el-gp-de-miami-y-dio-detalles-sobre-su-encuentro-con-messi\/\" \/>\n<meta property=\"og:locale\" content=\"es_ES\" \/>\n<meta property=\"og:type\" content=\"article\" \/>\n<meta property=\"og:title\" content=\"Colapinto palpit\u00f3 el GP de Miami y dio detalles sobre su encuentro con Messi - Radio Infinita Goya\" \/>\n<meta property=\"og:description\" content=\"El argentino de 22 a\u00f1os record\u00f3 su hist\u00f3rica exhibici\u00f3n en Buenos Aires y la reuni\u00f3n con el capit\u00e1n de la selecci\u00f3n argentina Luego de la hist\u00f3rica\" \/>\n<meta property=\"og:url\" content=\"https:\/\/radioinfinitagoya.com.ar\/v1\/2026\/04\/30\/colapinto-palpito-el-gp-de-miami-y-dio-detalles-sobre-su-encuentro-con-messi\/\" \/>\n<meta property=\"og:site_name\" content=\"Radio Infinita Goya\" \/>\n<meta property=\"article:publisher\" content=\"https:\/\/www.facebook.com\/p\/Infinita-Goya-100063870918311\/\" \/>\n<meta property=\"article:published_time\" content=\"2026-04-30T19:40:11+00:00\" \/>\n<meta property=\"og:image\" content=\"https:\/\/radioinfinitagoya.com.ar\/v1\/wp-content\/uploads\/2026\/04\/30-IBnK.jpg\" \/>\n\t<meta property=\"og:image:width\" content=\"680\" \/>\n\t<meta property=\"og:image:height\" content=\"340\" \/>\n\t<meta property=\"og:image:type\" content=\"image\/jpeg\" \/>\n<meta name=\"author\" content=\"Jorge Mi\u00f1o\" \/>\n<meta name=\"twitter:card\" content=\"summary_large_image\" \/>\n<meta name=\"twitter:label1\" content=\"Escrito por\" \/>\n\t<meta name=\"twitter:data1\" content=\"Jorge Mi\u00f1o\" \/>\n\t<meta name=\"twitter:label2\" content=\"Tiempo de lectura\" \/>\n\t<meta name=\"twitter:data2\" content=\"5 minutos\" \/>\n<script type=\"application\/ld+json\" class=\"yoast-schema-graph\">{\"@context\":\"https:\/\/schema.org\",\"@graph\":[{\"@type\":\"Article\",\"@id\":\"https:\/\/radioinfinitagoya.com.ar\/v1\/2026\/04\/30\/colapinto-palpito-el-gp-de-miami-y-dio-detalles-sobre-su-encuentro-con-messi\/#article\",\"isPartOf\":{\"@id\":\"https:\/\/radioinfinitagoya.com.ar\/v1\/2026\/04\/30\/colapinto-palpito-el-gp-de-miami-y-dio-detalles-sobre-su-encuentro-con-messi\/\"},\"author\":{\"name\":\"Jorge Mi\u00f1o\",\"@id\":\"https:\/\/radioinfinitagoya.com.ar\/v1\/#\/schema\/person\/d4cf9c413d4f6edb24aabdccab49ca4a\"},\"headline\":\"Colapinto palpit\u00f3 el GP de Miami y dio detalles sobre su encuentro con Messi\",\"datePublished\":\"2026-04-30T19:40:11+00:00\",\"mainEntityOfPage\":{\"@id\":\"https:\/\/radioinfinitagoya.com.ar\/v1\/2026\/04\/30\/colapinto-palpito-el-gp-de-miami-y-dio-detalles-sobre-su-encuentro-con-messi\/\"},\"wordCount\":1067,\"commentCount\":0,\"publisher\":{\"@id\":\"https:\/\/radioinfinitagoya.com.ar\/v1\/#organization\"},\"image\":{\"@id\":\"https:\/\/radioinfinitagoya.com.ar\/v1\/2026\/04\/30\/colapinto-palpito-el-gp-de-miami-y-dio-detalles-sobre-su-encuentro-con-messi\/#primaryimage\"},\"thumbnailUrl\":\"https:\/\/radioinfinitagoya.com.ar\/v1\/wp-content\/uploads\/2026\/04\/30-IBnK.jpg\",\"articleSection\":[\"DEPORTES\"],\"inLanguage\":\"es-AR\",\"potentialAction\":[{\"@type\":\"CommentAction\",\"name\":\"Comment\",\"target\":[\"https:\/\/radioinfinitagoya.com.ar\/v1\/2026\/04\/30\/colapinto-palpito-el-gp-de-miami-y-dio-detalles-sobre-su-encuentro-con-messi\/#respond\"]}]},{\"@type\":\"WebPage\",\"@id\":\"https:\/\/radioinfinitagoya.com.ar\/v1\/2026\/04\/30\/colapinto-palpito-el-gp-de-miami-y-dio-detalles-sobre-su-encuentro-con-messi\/\",\"url\":\"https:\/\/radioinfinitagoya.com.ar\/v1\/2026\/04\/30\/colapinto-palpito-el-gp-de-miami-y-dio-detalles-sobre-su-encuentro-con-messi\/\",\"name\":\"Colapinto palpit\u00f3 el GP de Miami y dio detalles sobre su encuentro con Messi - Radio Infinita Goya\",\"isPartOf\":{\"@id\":\"https:\/\/radioinfinitagoya.com.ar\/v1\/#website\"},\"primaryImageOfPage\":{\"@id\":\"https:\/\/radioinfinitagoya.com.ar\/v1\/2026\/04\/30\/colapinto-palpito-el-gp-de-miami-y-dio-detalles-sobre-su-encuentro-con-messi\/#primaryimage\"},\"image\":{\"@id\":\"https:\/\/radioinfinitagoya.com.ar\/v1\/2026\/04\/30\/colapinto-palpito-el-gp-de-miami-y-dio-detalles-sobre-su-encuentro-con-messi\/#primaryimage\"},\"thumbnailUrl\":\"https:\/\/radioinfinitagoya.com.ar\/v1\/wp-content\/uploads\/2026\/04\/30-IBnK.jpg\",\"datePublished\":\"2026-04-30T19:40:11+00:00\",\"description\":\"El argentino de 22 a\u00f1os record\u00f3 su hist\u00f3rica exhibici\u00f3n en Buenos Aires y la reuni\u00f3n con el capit\u00e1n de la selecci\u00f3n argentina Luego de la hist\u00f3rica\",\"breadcrumb\":{\"@id\":\"https:\/\/radioinfinitagoya.com.ar\/v1\/2026\/04\/30\/colapinto-palpito-el-gp-de-miami-y-dio-detalles-sobre-su-encuentro-con-messi\/#breadcrumb\"},\"inLanguage\":\"es-AR\",\"potentialAction\":[{\"@type\":\"ReadAction\",\"target\":[\"https:\/\/radioinfinitagoya.com.ar\/v1\/2026\/04\/30\/colapinto-palpito-el-gp-de-miami-y-dio-detalles-sobre-su-encuentro-con-messi\/\"]}]},{\"@type\":\"ImageObject\",\"inLanguage\":\"es-AR\",\"@id\":\"https:\/\/radioinfinitagoya.com.ar\/v1\/2026\/04\/30\/colapinto-palpito-el-gp-de-miami-y-dio-detalles-sobre-su-encuentro-con-messi\/#primaryimage\",\"url\":\"https:\/\/radioinfinitagoya.com.ar\/v1\/wp-content\/uploads\/2026\/04\/30-IBnK.jpg\",\"contentUrl\":\"https:\/\/radioinfinitagoya.com.ar\/v1\/wp-content\/uploads\/2026\/04\/30-IBnK.jpg\",\"width\":680,\"height\":340},{\"@type\":\"BreadcrumbList\",\"@id\":\"https:\/\/radioinfinitagoya.com.ar\/v1\/2026\/04\/30\/colapinto-palpito-el-gp-de-miami-y-dio-detalles-sobre-su-encuentro-con-messi\/#breadcrumb\",\"itemListElement\":[{\"@type\":\"ListItem\",\"position\":1,\"name\":\"Inicio\",\"item\":\"https:\/\/radioinfinitagoya.com.ar\/v1\/\"},{\"@type\":\"ListItem\",\"position\":2,\"name\":\"Colapinto palpit\u00f3 el GP de Miami y dio detalles sobre su encuentro con Messi\"}]},{\"@type\":\"WebSite\",\"@id\":\"https:\/\/radioinfinitagoya.com.ar\/v1\/#website\",\"url\":\"https:\/\/radioinfinitagoya.com.ar\/v1\/\",\"name\":\"radioinfinitagoya.com.ar\",\"description\":\"Radio de noticias\",\"publisher\":{\"@id\":\"https:\/\/radioinfinitagoya.com.ar\/v1\/#organization\"},\"potentialAction\":[{\"@type\":\"SearchAction\",\"target\":{\"@type\":\"EntryPoint\",\"urlTemplate\":\"https:\/\/radioinfinitagoya.com.ar\/v1\/?s={search_term_string}\"},\"query-input\":{\"@type\":\"PropertyValueSpecification\",\"valueRequired\":true,\"valueName\":\"search_term_string\"}}],\"inLanguage\":\"es-AR\"},{\"@type\":\"Organization\",\"@id\":\"https:\/\/radioinfinitagoya.com.ar\/v1\/#organization\",\"name\":\"Radio Infinita Goya\",\"url\":\"https:\/\/radioinfinitagoya.com.ar\/v1\/\",\"logo\":{\"@type\":\"ImageObject\",\"inLanguage\":\"es-AR\",\"@id\":\"https:\/\/radioinfinitagoya.com.ar\/v1\/#\/schema\/logo\/image\/\",\"url\":\"https:\/\/radioinfinitagoya.com.ar\/v1\/wp-content\/uploads\/2019\/11\/logo-pie-web.png\",\"contentUrl\":\"https:\/\/radioinfinitagoya.com.ar\/v1\/wp-content\/uploads\/2019\/11\/logo-pie-web.png\",\"width\":635,\"height\":326,\"caption\":\"Radio Infinita Goya\"},\"image\":{\"@id\":\"https:\/\/radioinfinitagoya.com.ar\/v1\/#\/schema\/logo\/image\/\"},\"sameAs\":[\"https:\/\/www.facebook.com\/p\/Infinita-Goya-100063870918311\/\"]},{\"@type\":\"Person\",\"@id\":\"https:\/\/radioinfinitagoya.com.ar\/v1\/#\/schema\/person\/d4cf9c413d4f6edb24aabdccab49ca4a\",\"name\":\"Jorge Mi\u00f1o\",\"image\":{\"@type\":\"ImageObject\",\"inLanguage\":\"es-AR\",\"@id\":\"https:\/\/secure.gravatar.com\/avatar\/910fcf6728fe95320e07a6643c1581fec1c7fc4bf8ae12e3d8f0d0373dc844be?s=96&d=mm&r=g\",\"url\":\"https:\/\/secure.gravatar.com\/avatar\/910fcf6728fe95320e07a6643c1581fec1c7fc4bf8ae12e3d8f0d0373dc844be?s=96&d=mm&r=g\",\"contentUrl\":\"https:\/\/secure.gravatar.com\/avatar\/910fcf6728fe95320e07a6643c1581fec1c7fc4bf8ae12e3d8f0d0373dc844be?s=96&d=mm&r=g\",\"caption\":\"Jorge Mi\u00f1o\"},\"sameAs\":[\"http:\/\/radioinfinitagoya.com.ar\"]}]}<\/script>\n<!-- \/ Yoast SEO plugin. -->","yoast_head_json":{"title":"Colapinto palpit\u00f3 el GP de Miami y dio detalles sobre su encuentro con Messi - Radio Infinita Goya","description":"El argentino de 22 a\u00f1os record\u00f3 su hist\u00f3rica exhibici\u00f3n en Buenos Aires y la reuni\u00f3n con el capit\u00e1n de la selecci\u00f3n argentina Luego de la hist\u00f3rica","robots":{"index":"index","follow":"follow","max-snippet":"max-snippet:-1","max-image-preview":"max-image-preview:large","max-video-preview":"max-video-preview:-1"},"canonical":"https:\/\/radioinfinitagoya.com.ar\/v1\/2026\/04\/30\/colapinto-palpito-el-gp-de-miami-y-dio-detalles-sobre-su-encuentro-con-messi\/","og_locale":"es_ES","og_type":"article","og_title":"Colapinto palpit\u00f3 el GP de Miami y dio detalles sobre su encuentro con Messi - Radio Infinita Goya","og_description":"El argentino de 22 a\u00f1os record\u00f3 su hist\u00f3rica exhibici\u00f3n en Buenos Aires y la reuni\u00f3n con el capit\u00e1n de la selecci\u00f3n argentina Luego de la hist\u00f3rica","og_url":"https:\/\/radioinfinitagoya.com.ar\/v1\/2026\/04\/30\/colapinto-palpito-el-gp-de-miami-y-dio-detalles-sobre-su-encuentro-con-messi\/","og_site_name":"Radio Infinita Goya","article_publisher":"https:\/\/www.facebook.com\/p\/Infinita-Goya-100063870918311\/","article_published_time":"2026-04-30T19:40:11+00:00","og_image":[{"width":680,"height":340,"url":"https:\/\/radioinfinitagoya.com.ar\/v1\/wp-content\/uploads\/2026\/04\/30-IBnK.jpg","type":"image\/jpeg"}],"author":"Jorge Mi\u00f1o","twitter_card":"summary_large_image","twitter_misc":{"Escrito por":"Jorge Mi\u00f1o","Tiempo de lectura":"5 minutos"},"schema":{"@context":"https:\/\/schema.org","@graph":[{"@type":"Article","@id":"https:\/\/radioinfinitagoya.com.ar\/v1\/2026\/04\/30\/colapinto-palpito-el-gp-de-miami-y-dio-detalles-sobre-su-encuentro-con-messi\/#article","isPartOf":{"@id":"https:\/\/radioinfinitagoya.com.ar\/v1\/2026\/04\/30\/colapinto-palpito-el-gp-de-miami-y-dio-detalles-sobre-su-encuentro-con-messi\/"},"author":{"name":"Jorge Mi\u00f1o","@id":"https:\/\/radioinfinitagoya.com.ar\/v1\/#\/schema\/person\/d4cf9c413d4f6edb24aabdccab49ca4a"},"headline":"Colapinto palpit\u00f3 el GP de Miami y dio detalles sobre su encuentro con Messi","datePublished":"2026-04-30T19:40:11+00:00","mainEntityOfPage":{"@id":"https:\/\/radioinfinitagoya.com.ar\/v1\/2026\/04\/30\/colapinto-palpito-el-gp-de-miami-y-dio-detalles-sobre-su-encuentro-con-messi\/"},"wordCount":1067,"commentCount":0,"publisher":{"@id":"https:\/\/radioinfinitagoya.com.ar\/v1\/#organization"},"image":{"@id":"https:\/\/radioinfinitagoya.com.ar\/v1\/2026\/04\/30\/colapinto-palpito-el-gp-de-miami-y-dio-detalles-sobre-su-encuentro-con-messi\/#primaryimage"},"thumbnailUrl":"https:\/\/radioinfinitagoya.com.ar\/v1\/wp-content\/uploads\/2026\/04\/30-IBnK.jpg","articleSection":["DEPORTES"],"inLanguage":"es-AR","potentialAction":[{"@type":"CommentAction","name":"Comment","target":["https:\/\/radioinfinitagoya.com.ar\/v1\/2026\/04\/30\/colapinto-palpito-el-gp-de-miami-y-dio-detalles-sobre-su-encuentro-con-messi\/#respond"]}]},{"@type":"WebPage","@id":"https:\/\/radioinfinitagoya.com.ar\/v1\/2026\/04\/30\/colapinto-palpito-el-gp-de-miami-y-dio-detalles-sobre-su-encuentro-con-messi\/","url":"https:\/\/radioinfinitagoya.com.ar\/v1\/2026\/04\/30\/colapinto-palpito-el-gp-de-miami-y-dio-detalles-sobre-su-encuentro-con-messi\/","name":"Colapinto palpit\u00f3 el GP de Miami y dio detalles sobre su encuentro con Messi - Radio Infinita Goya","isPartOf":{"@id":"https:\/\/radioinfinitagoya.com.ar\/v1\/#website"},"primaryImageOfPage":{"@id":"https:\/\/radioinfinitagoya.com.ar\/v1\/2026\/04\/30\/colapinto-palpito-el-gp-de-miami-y-dio-detalles-sobre-su-encuentro-con-messi\/#primaryimage"},"image":{"@id":"https:\/\/radioinfinitagoya.com.ar\/v1\/2026\/04\/30\/colapinto-palpito-el-gp-de-miami-y-dio-detalles-sobre-su-encuentro-con-messi\/#primaryimage"},"thumbnailUrl":"https:\/\/radioinfinitagoya.com.ar\/v1\/wp-content\/uploads\/2026\/04\/30-IBnK.jpg","datePublished":"2026-04-30T19:40:11+00:00","description":"El argentino de 22 a\u00f1os record\u00f3 su hist\u00f3rica exhibici\u00f3n en Buenos Aires y la reuni\u00f3n con el capit\u00e1n de la selecci\u00f3n argentina Luego de la hist\u00f3rica","breadcrumb":{"@id":"https:\/\/radioinfinitagoya.com.ar\/v1\/2026\/04\/30\/colapinto-palpito-el-gp-de-miami-y-dio-detalles-sobre-su-encuentro-con-messi\/#breadcrumb"},"inLanguage":"es-AR","potentialAction":[{"@type":"ReadAction","target":["https:\/\/radioinfinitagoya.com.ar\/v1\/2026\/04\/30\/colapinto-palpito-el-gp-de-miami-y-dio-detalles-sobre-su-encuentro-con-messi\/"]}]},{"@type":"ImageObject","inLanguage":"es-AR","@id":"https:\/\/radioinfinitagoya.com.ar\/v1\/2026\/04\/30\/colapinto-palpito-el-gp-de-miami-y-dio-detalles-sobre-su-encuentro-con-messi\/#primaryimage","url":"https:\/\/radioinfinitagoya.com.ar\/v1\/wp-content\/uploads\/2026\/04\/30-IBnK.jpg","contentUrl":"https:\/\/radioinfinitagoya.com.ar\/v1\/wp-content\/uploads\/2026\/04\/30-IBnK.jpg","width":680,"height":340},{"@type":"BreadcrumbList","@id":"https:\/\/radioinfinitagoya.com.ar\/v1\/2026\/04\/30\/colapinto-palpito-el-gp-de-miami-y-dio-detalles-sobre-su-encuentro-con-messi\/#breadcrumb","itemListElement":[{"@type":"ListItem","position":1,"name":"Inicio","item":"https:\/\/radioinfinitagoya.com.ar\/v1\/"},{"@type":"ListItem","position":2,"name":"Colapinto palpit\u00f3 el GP de Miami y dio detalles sobre su encuentro con Messi"}]},{"@type":"WebSite","@id":"https:\/\/radioinfinitagoya.com.ar\/v1\/#website","url":"https:\/\/radioinfinitagoya.com.ar\/v1\/","name":"radioinfinitagoya.com.ar","description":"Radio de noticias","publisher":{"@id":"https:\/\/radioinfinitagoya.com.ar\/v1\/#organization"},"potentialAction":[{"@type":"SearchAction","target":{"@type":"EntryPoint","urlTemplate":"https:\/\/radioinfinitagoya.com.ar\/v1\/?s={search_term_string}"},"query-input":{"@type":"PropertyValueSpecification","valueRequired":true,"valueName":"search_term_string"}}],"inLanguage":"es-AR"},{"@type":"Organization","@id":"https:\/\/radioinfinitagoya.com.ar\/v1\/#organization","name":"Radio Infinita Goya","url":"https:\/\/radioinfinitagoya.com.ar\/v1\/","logo":{"@type":"ImageObject","inLanguage":"es-AR","@id":"https:\/\/radioinfinitagoya.com.ar\/v1\/#\/schema\/logo\/image\/","url":"https:\/\/radioinfinitagoya.com.ar\/v1\/wp-content\/uploads\/2019\/11\/logo-pie-web.png","contentUrl":"https:\/\/radioinfinitagoya.com.ar\/v1\/wp-content\/uploads\/2019\/11\/logo-pie-web.png","width":635,"height":326,"caption":"Radio Infinita Goya"},"image":{"@id":"https:\/\/radioinfinitagoya.com.ar\/v1\/#\/schema\/logo\/image\/"},"sameAs":["https:\/\/www.facebook.com\/p\/Infinita-Goya-100063870918311\/"]},{"@type":"Person","@id":"https:\/\/radioinfinitagoya.com.ar\/v1\/#\/schema\/person\/d4cf9c413d4f6edb24aabdccab49ca4a","name":"Jorge Mi\u00f1o","image":{"@type":"ImageObject","inLanguage":"es-AR","@id":"https:\/\/secure.gravatar.com\/avatar\/910fcf6728fe95320e07a6643c1581fec1c7fc4bf8ae12e3d8f0d0373dc844be?s=96&d=mm&r=g","url":"https:\/\/secure.gravatar.com\/avatar\/910fcf6728fe95320e07a6643c1581fec1c7fc4bf8ae12e3d8f0d0373dc844be?s=96&d=mm&r=g","contentUrl":"https:\/\/secure.gravatar.com\/avatar\/910fcf6728fe95320e07a6643c1581fec1c7fc4bf8ae12e3d8f0d0373dc844be?s=96&d=mm&r=g","caption":"Jorge Mi\u00f1o"},"sameAs":["http:\/\/radioinfinitagoya.com.ar"]}]}},"_links":{"self":[{"href":"https:\/\/radioinfinitagoya.com.ar\/v1\/wp-json\/wp\/v2\/posts\/213990","targetHints":{"allow":["GET"]}}],"collection":[{"href":"https:\/\/radioinfinitagoya.com.ar\/v1\/wp-json\/wp\/v2\/posts"}],"about":[{"href":"https:\/\/radioinfinitagoya.com.ar\/v1\/wp-json\/wp\/v2\/types\/post"}],"author":[{"embeddable":true,"href":"https:\/\/radioinfinitagoya.com.ar\/v1\/wp-json\/wp\/v2\/users\/4"}],"replies":[{"embeddable":true,"href":"https:\/\/radioinfinitagoya.com.ar\/v1\/wp-json\/wp\/v2\/comments?post=213990"}],"version-history":[{"count":1,"href":"https:\/\/radioinfinitagoya.com.ar\/v1\/wp-json\/wp\/v2\/posts\/213990\/revisions"}],"predecessor-version":[{"id":213992,"href":"https:\/\/radioinfinitagoya.com.ar\/v1\/wp-json\/wp\/v2\/posts\/213990\/revisions\/213992"}],"wp:featuredmedia":[{"embeddable":true,"href":"https:\/\/radioinfinitagoya.com.ar\/v1\/wp-json\/wp\/v2\/media\/213991"}],"wp:attachment":[{"href":"https:\/\/radioinfinitagoya.com.ar\/v1\/wp-json\/wp\/v2\/media?parent=213990"}],"wp:term":[{"taxonomy":"category","embeddable":true,"href":"https:\/\/radioinfinitagoya.com.ar\/v1\/wp-json\/wp\/v2\/categories?post=213990"},{"taxonomy":"post_tag","embeddable":true,"href":"https:\/\/radioinfinitagoya.com.ar\/v1\/wp-json\/wp\/v2\/tags?post=213990"}],"curies":[{"name":"wp","href":"https:\/\/api.w.org\/{rel}","templated":true}]}}