{"id":213993,"date":"2026-04-30T16:46:05","date_gmt":"2026-04-30T19:46:05","guid":{"rendered":"https:\/\/radioinfinitagoya.com.ar\/v1\/?p=213993"},"modified":"2026-04-30T16:46:05","modified_gmt":"2026-04-30T19:46:05","slug":"milei-arribo-al-portaaviones-uss-nimitz-y-participa-de-los-ejercicios-navales-con-eeuu","status":"publish","type":"post","link":"https:\/\/radioinfinitagoya.com.ar\/v1\/2026\/04\/30\/milei-arribo-al-portaaviones-uss-nimitz-y-participa-de-los-ejercicios-navales-con-eeuu\/","title":{"rendered":"Milei arrib\u00f3 al portaaviones USS Nimitz y participa de los ejercicios navales con EEUU"},"content":{"rendered":"<p>El Presidente lleg\u00f3 al buque nuclear cerca del mediod\u00eda. Como anticip\u00f3 Infobae, se suma a una actividad conjunta organizada en el marco de los ejercicios navales Passex 2026. Se trata de un nuevo gesto de alineamiento con la potencia norteamericana<\/p>\n<p>Javier Milei viaj\u00f3 esta ma\u00f1ana al portaaviones nuclear USS Nimitz para participar de una actividad conjunta organizada por el Comando Sur (SOUTHCOM) y la Embajada de Estados Unidos en Argentina, en el marco de los ejercicios navales Passex 2026 que se desarrollan en el Atl\u00e1ntico Sur. El presidente parti\u00f3 desde Aeroparque a las 10 de la ma\u00f1ana y aterriz\u00f3 en la cubierta del buque una hora y media m\u00e1s tarde. Es la primera ocasi\u00f3n que el libertario arriba a una nave de estas caracter\u00edsticas. En Casa Rosada pretenden sostener los gestos de alineamiento geopol\u00edtico hacia la potencia norteamericana.<\/p>\n<p>El traslado se realiz\u00f3 a bordo de un Grumman C-2 Greyhound estadounidense, la aeronave de transporte que opera desde y hacia la cubierta del portaaviones. La visita presidencial coincidi\u00f3 con una demostraci\u00f3n a\u00e9rea de aviones F-18 y helic\u00f3pteros MH-60 Seahawk, prevista como parte del programa del \u00faltimo d\u00eda de ejercicios.<\/p>\n<p>Junto a Milei viaj\u00f3 la secretaria general de la Presidencia, Karina Milei, y el canciller Pablo Quirno, quienes posaron junto al embajador estadounidense Peter Lamelas al aterrizar en el nav\u00edo. Tambi\u00e9n estaban presentes el asesor presidencial Santiago Caputo; el presidente de la C\u00e1mara de Diputados, Mart\u00edn Menem; el ministro de Defensa, Carlos Presti, el jefe del Estado Mayor Conjunto, Marcelo Dalle Nogare, y el jefe de la Armada, Juan Carlos Romay.<\/p>\n<p><img loading=\"lazy\" decoding=\"async\" class=\"alignnone size-medium wp-image-213995\" src=\"https:\/\/radioinfinitagoya.com.ar\/v1\/wp-content\/uploads\/2026\/04\/MWPHPR35T5HZDIJSTXNUYDODWY-600x338.jpg\" alt=\"\" width=\"600\" height=\"338\" srcset=\"https:\/\/radioinfinitagoya.com.ar\/v1\/wp-content\/uploads\/2026\/04\/MWPHPR35T5HZDIJSTXNUYDODWY-600x338.jpg 600w, https:\/\/radioinfinitagoya.com.ar\/v1\/wp-content\/uploads\/2026\/04\/MWPHPR35T5HZDIJSTXNUYDODWY-150x84.jpg 150w, https:\/\/radioinfinitagoya.com.ar\/v1\/wp-content\/uploads\/2026\/04\/MWPHPR35T5HZDIJSTXNUYDODWY-768x432.jpg 768w, https:\/\/radioinfinitagoya.com.ar\/v1\/wp-content\/uploads\/2026\/04\/MWPHPR35T5HZDIJSTXNUYDODWY-747x420.jpg 747w, https:\/\/radioinfinitagoya.com.ar\/v1\/wp-content\/uploads\/2026\/04\/MWPHPR35T5HZDIJSTXNUYDODWY-696x392.jpg 696w, https:\/\/radioinfinitagoya.com.ar\/v1\/wp-content\/uploads\/2026\/04\/MWPHPR35T5HZDIJSTXNUYDODWY.avif 992w\" sizes=\"auto, (max-width: 600px) 100vw, 600px\" \/><\/p>\n<p>La visita al USS Nimitz no es un episodio aislado en la pol\u00edtica exterior de la administraci\u00f3n libertaria. Desde que asumi\u00f3, Milei ha acumulado una serie de gestos de alineamiento con Washington que tienen como eje la cooperaci\u00f3n en materia de defensa. El m\u00e1s simb\u00f3lico de ellos fue el viaje a Ushuaia, Tierra del Fuego, junto a la entonces generala Laura Richardson, del Comando Sur (SOUTHCOM), para marcar la intenci\u00f3n de construir una Base Naval Integrada en el extremo sur del pa\u00eds. Ese proyecto, cuyo presupuesto oscila entre los 400 y 500 millones de d\u00f3lares, apunta a que Estados Unidos financie parte de la infraestructura para que ambos pa\u00edses tengan facilidades de acceso al continente ant\u00e1rtico.<\/p>\n<p>El Passex 2026 fue habilitado por el Gobierno Nacional mediante el Decreto 264\/2026, una decisi\u00f3n que gener\u00f3 controversia porque este tipo de autorizaciones suelen tramitarse por v\u00eda del Congreso. El ejercicio, denominado t\u00e9cnicamente Passing Exercise, es una maniobra de oportunidad que se activa cuando buques de otras naciones transitan por aguas jurisdiccionales. En este caso, el USS Nimitz cruz\u00f3 el Estrecho de Magallanes y desde el domingo anterior se encontraba en el Mar Argentino con destino al sur de Mar del Plata, donde se desarrolla uno de los ejercicios del programa Southern Seas 2026.<\/p>\n<p><img loading=\"lazy\" decoding=\"async\" class=\"alignnone size-medium wp-image-213996\" src=\"https:\/\/radioinfinitagoya.com.ar\/v1\/wp-content\/uploads\/2026\/04\/WI6DTYSKKVCHFHXXCZCYE7GFIM-600x338.jpg\" alt=\"\" width=\"600\" height=\"338\" srcset=\"https:\/\/radioinfinitagoya.com.ar\/v1\/wp-content\/uploads\/2026\/04\/WI6DTYSKKVCHFHXXCZCYE7GFIM-600x338.jpg 600w, https:\/\/radioinfinitagoya.com.ar\/v1\/wp-content\/uploads\/2026\/04\/WI6DTYSKKVCHFHXXCZCYE7GFIM-150x84.jpg 150w, https:\/\/radioinfinitagoya.com.ar\/v1\/wp-content\/uploads\/2026\/04\/WI6DTYSKKVCHFHXXCZCYE7GFIM-768x432.jpg 768w, https:\/\/radioinfinitagoya.com.ar\/v1\/wp-content\/uploads\/2026\/04\/WI6DTYSKKVCHFHXXCZCYE7GFIM-747x420.jpg 747w, https:\/\/radioinfinitagoya.com.ar\/v1\/wp-content\/uploads\/2026\/04\/WI6DTYSKKVCHFHXXCZCYE7GFIM-696x392.jpg 696w, https:\/\/radioinfinitagoya.com.ar\/v1\/wp-content\/uploads\/2026\/04\/WI6DTYSKKVCHFHXXCZCYE7GFIM.avif 992w\" sizes=\"auto, (max-width: 600px) 100vw, 600px\" \/><\/p>\n<p>El dispositivo combinado reuni\u00f3, de forma escalonada, a unidades de la Flota de Mar argentina junto al portaaviones y al destructor USS \u201cGridley\u201d (DDG-101). El martes 28 se incorpor\u00f3 el destructor ARA \u201cLa Argentina\u201d, con dos helic\u00f3pteros Sea King de la Segunda Escuadrilla Aeronaval de Helic\u00f3pteros a bordo del Nimitz.<\/p>\n<p>A la altura de Trelew se ejecutaron maniobras en formaci\u00f3n, vuelos de exploraci\u00f3n con aeronaves P3C Orion y un ejercicio de defensa a\u00e9rea con simulaci\u00f3n de ataques de cazas F-18. Al d\u00eda siguiente, frente a Necochea, la formaci\u00f3n alcanz\u00f3 su m\u00e1xima capacidad con la incorporaci\u00f3n del destructor ARA \u201cSarand\u00ed\u201d, las corbetas ARA \u201cRobinson\u201d y ARA \u201cRosales\u201d, y los patrulleros oce\u00e1nicos ARA \u201cPiedrabuena\u201d y ARA \u201cContraalmirante Cordero\u201d. Entre este \u00faltimo buque y el Gridley se desarroll\u00f3 un ejercicio de visita, registro y captura.<\/p>\n<p>Frente a Mar del Plata, todas las unidades de superficie \u2014a excepci\u00f3n del USS Nimitz\u2014 navegaron en columna, una maniobra t\u00e1ctica de alta complejidad coordinativa. El programa de actividades incluy\u00f3 evoluciones t\u00e1cticas, maniobras de comunicaciones y el tradicional ejercicio fotogr\u00e1fico (Photoex), que permite registrar el despliegue de la fuerza de tareas combinada.<\/p>\n<p>Estas maniobras tienen antecedentes hist\u00f3ricos bajo la denominaci\u00f3n \u201cGringo-Gaucho\u201d, nombre con el que se conocieron ediciones anteriores de ejercicios bilaterales entre las armadas de ambos pa\u00edses. Su objetivo central es incrementar el nivel de adiestramiento de las dotaciones argentinas e intercambiar doctrinas y procedimientos con una de las flotas m\u00e1s avanzadas del mundo.<\/p>\n<p>El comandante de la Flota de Mar, contraalmirante Pablo Germ\u00e1n Basso, quien zarp\u00f3 a bordo del ARA \u201cLa Argentina\u201d desde la Base Naval Puerto Belgrano, subray\u00f3 que el encuentro permite realizar ejercicios de defensa antia\u00e9rea con aviones de combate y elevar los est\u00e1ndares profesionales de la fuerza. A bordo del USS Nimitz participan, como parte del Estado Mayor multinacional, tres oficiales argentinos: los capitanes de corbeta Julio Escudero y Romina Banegas, y el suboficial primero Jorge Ortiz, quienes intervienen en la planificaci\u00f3n de t\u00e1cticas y procedimientos comunes.<\/p>\n<p><img loading=\"lazy\" decoding=\"async\" class=\"alignnone size-medium wp-image-213997\" src=\"https:\/\/radioinfinitagoya.com.ar\/v1\/wp-content\/uploads\/2026\/04\/N6GHC3KYBJA5JFNEJJT6HO3IMQ-450x600.jpg\" alt=\"\" width=\"450\" height=\"600\" srcset=\"https:\/\/radioinfinitagoya.com.ar\/v1\/wp-content\/uploads\/2026\/04\/N6GHC3KYBJA5JFNEJJT6HO3IMQ-450x600.jpg 450w, https:\/\/radioinfinitagoya.com.ar\/v1\/wp-content\/uploads\/2026\/04\/N6GHC3KYBJA5JFNEJJT6HO3IMQ-112x150.jpg 112w, https:\/\/radioinfinitagoya.com.ar\/v1\/wp-content\/uploads\/2026\/04\/N6GHC3KYBJA5JFNEJJT6HO3IMQ-768x1024.jpg 768w, https:\/\/radioinfinitagoya.com.ar\/v1\/wp-content\/uploads\/2026\/04\/N6GHC3KYBJA5JFNEJJT6HO3IMQ-315x420.jpg 315w, https:\/\/radioinfinitagoya.com.ar\/v1\/wp-content\/uploads\/2026\/04\/N6GHC3KYBJA5JFNEJJT6HO3IMQ-696x928.jpg 696w, https:\/\/radioinfinitagoya.com.ar\/v1\/wp-content\/uploads\/2026\/04\/N6GHC3KYBJA5JFNEJJT6HO3IMQ.avif 992w\" sizes=\"auto, (max-width: 450px) 100vw, 450px\" \/><\/p>\n<p>Se trata de la segunda vez en dos a\u00f1os que una nave de estas caracter\u00edsticas recorre el Mar Argentino. En el 2024 estuvo el portaaviones a propulsi\u00f3n nuclear USS George Washington de los Estados Unidos, que realiz\u00f3 ejercicios en el Atl\u00e1ntico Sur con la Armada Argentina, en el marco del Southern Seas 2024.<\/p>\n<p>En ese entonces, de la reducida comitiva participaron adem\u00e1s la ministra de Relaciones Exteriores de la Argentina, Diana Mondino, el ministro de Defensa, Luis Petri, el jefe del Estado Mayor Conjunto brigadier general Xavier Isaac y el contraalmirante Carlos Allievi, jefe de la Armada Argentina. El embajador de los Estados Unidos, Marc R. Stanley, tambi\u00e9n abord\u00f3 el buque nuclear.<\/p>\n<p>\u201cEsta es una gran oportunidad para que Estados Unidos reafirme su asociaci\u00f3n con Argentina. Mientras estemos aqu\u00ed, vamos a operar en el aire, en la superficie y realmente construir la interoperabilidad entre nuestras armadas y nuestras naciones. El ejercicio est\u00e1 yendo muy bien\u201d, hab\u00eda se\u00f1alado en ese entonces Walker en declaraciones a Infobae. Tambi\u00e9n elogi\u00f3 las capacidades militares argentinas: \u201cSon muy profesionales, muy capaces, y podemos trabajar estrechamente con ellos. Y se est\u00e1 produciendo un aprendizaje mutuo entre nuestras dos armadas\u201d.<\/p>\n","protected":false},"excerpt":{"rendered":"<p>El Presidente lleg\u00f3 al buque nuclear cerca del mediod\u00eda. Como anticip\u00f3 Infobae, se suma a una actividad conjunta organizada en el marco de los ejercicios navales Passex 2026. Se trata de un nuevo gesto de alineamiento con la potencia norteamericana Javier Milei viaj\u00f3 esta ma\u00f1ana al portaaviones nuclear USS Nimitz para participar de una actividad [&hellip;]<\/p>\n","protected":false},"author":4,"featured_media":213994,"comment_status":"open","ping_status":"open","sticky":false,"template":"","format":"standard","meta":{"_joinchat":[],"footnotes":""},"categories":[34],"tags":[],"class_list":{"0":"post-213993","1":"post","2":"type-post","3":"status-publish","4":"format-standard","5":"has-post-thumbnail","7":"category-principal"},"yoast_head":"<!-- This site is optimized with the Yoast SEO plugin v27.2 - https:\/\/yoast.com\/product\/yoast-seo-wordpress\/ -->\n<title>Milei arrib\u00f3 al portaaviones USS Nimitz y participa de los ejercicios navales con EEUU - Radio Infinita Goya<\/title>\n<meta name=\"description\" content=\"El Presidente lleg\u00f3 al buque nuclear cerca del mediod\u00eda. Como anticip\u00f3 Infobae, se suma a una actividad conjunta organizada en el marco de los ejercicios\" \/>\n<meta name=\"robots\" content=\"index, follow, max-snippet:-1, max-image-preview:large, max-video-preview:-1\" \/>\n<link rel=\"canonical\" href=\"https:\/\/radioinfinitagoya.com.ar\/v1\/2026\/04\/30\/milei-arribo-al-portaaviones-uss-nimitz-y-participa-de-los-ejercicios-navales-con-eeuu\/\" \/>\n<meta property=\"og:locale\" content=\"es_ES\" \/>\n<meta property=\"og:type\" content=\"article\" \/>\n<meta property=\"og:title\" content=\"Milei arrib\u00f3 al portaaviones USS Nimitz y participa de los ejercicios navales con EEUU - Radio Infinita Goya\" \/>\n<meta property=\"og:description\" content=\"El Presidente lleg\u00f3 al buque nuclear cerca del mediod\u00eda. Como anticip\u00f3 Infobae, se suma a una actividad conjunta organizada en el marco de los ejercicios\" \/>\n<meta property=\"og:url\" content=\"https:\/\/radioinfinitagoya.com.ar\/v1\/2026\/04\/30\/milei-arribo-al-portaaviones-uss-nimitz-y-participa-de-los-ejercicios-navales-con-eeuu\/\" \/>\n<meta property=\"og:site_name\" content=\"Radio Infinita Goya\" \/>\n<meta property=\"article:publisher\" content=\"https:\/\/www.facebook.com\/p\/Infinita-Goya-100063870918311\/\" \/>\n<meta property=\"article:published_time\" content=\"2026-04-30T19:46:05+00:00\" \/>\n<meta name=\"author\" content=\"Jorge Mi\u00f1o\" \/>\n<meta name=\"twitter:card\" content=\"summary_large_image\" \/>\n<meta name=\"twitter:label1\" content=\"Escrito por\" \/>\n\t<meta name=\"twitter:data1\" content=\"Jorge Mi\u00f1o\" \/>\n\t<meta name=\"twitter:label2\" content=\"Tiempo de lectura\" \/>\n\t<meta name=\"twitter:data2\" content=\"6 minutos\" \/>\n<script type=\"application\/ld+json\" class=\"yoast-schema-graph\">{\"@context\":\"https:\/\/schema.org\",\"@graph\":[{\"@type\":\"Article\",\"@id\":\"https:\/\/radioinfinitagoya.com.ar\/v1\/2026\/04\/30\/milei-arribo-al-portaaviones-uss-nimitz-y-participa-de-los-ejercicios-navales-con-eeuu\/#article\",\"isPartOf\":{\"@id\":\"https:\/\/radioinfinitagoya.com.ar\/v1\/2026\/04\/30\/milei-arribo-al-portaaviones-uss-nimitz-y-participa-de-los-ejercicios-navales-con-eeuu\/\"},\"author\":{\"name\":\"Jorge Mi\u00f1o\",\"@id\":\"https:\/\/radioinfinitagoya.com.ar\/v1\/#\/schema\/person\/d4cf9c413d4f6edb24aabdccab49ca4a\"},\"headline\":\"Milei arrib\u00f3 al portaaviones USS Nimitz y participa de los ejercicios navales con EEUU\",\"datePublished\":\"2026-04-30T19:46:05+00:00\",\"mainEntityOfPage\":{\"@id\":\"https:\/\/radioinfinitagoya.com.ar\/v1\/2026\/04\/30\/milei-arribo-al-portaaviones-uss-nimitz-y-participa-de-los-ejercicios-navales-con-eeuu\/\"},\"wordCount\":1053,\"commentCount\":0,\"publisher\":{\"@id\":\"https:\/\/radioinfinitagoya.com.ar\/v1\/#organization\"},\"image\":{\"@id\":\"https:\/\/radioinfinitagoya.com.ar\/v1\/2026\/04\/30\/milei-arribo-al-portaaviones-uss-nimitz-y-participa-de-los-ejercicios-navales-con-eeuu\/#primaryimage\"},\"thumbnailUrl\":\"https:\/\/radioinfinitagoya.com.ar\/v1\/wp-content\/uploads\/2026\/04\/6RFCKKNYRZHSFPCSNIIO5OTHXA.avif\",\"articleSection\":[\"PRINCIPAL\"],\"inLanguage\":\"es-AR\",\"potentialAction\":[{\"@type\":\"CommentAction\",\"name\":\"Comment\",\"target\":[\"https:\/\/radioinfinitagoya.com.ar\/v1\/2026\/04\/30\/milei-arribo-al-portaaviones-uss-nimitz-y-participa-de-los-ejercicios-navales-con-eeuu\/#respond\"]}]},{\"@type\":\"WebPage\",\"@id\":\"https:\/\/radioinfinitagoya.com.ar\/v1\/2026\/04\/30\/milei-arribo-al-portaaviones-uss-nimitz-y-participa-de-los-ejercicios-navales-con-eeuu\/\",\"url\":\"https:\/\/radioinfinitagoya.com.ar\/v1\/2026\/04\/30\/milei-arribo-al-portaaviones-uss-nimitz-y-participa-de-los-ejercicios-navales-con-eeuu\/\",\"name\":\"Milei arrib\u00f3 al portaaviones USS Nimitz y participa de los ejercicios navales con EEUU - Radio Infinita Goya\",\"isPartOf\":{\"@id\":\"https:\/\/radioinfinitagoya.com.ar\/v1\/#website\"},\"primaryImageOfPage\":{\"@id\":\"https:\/\/radioinfinitagoya.com.ar\/v1\/2026\/04\/30\/milei-arribo-al-portaaviones-uss-nimitz-y-participa-de-los-ejercicios-navales-con-eeuu\/#primaryimage\"},\"image\":{\"@id\":\"https:\/\/radioinfinitagoya.com.ar\/v1\/2026\/04\/30\/milei-arribo-al-portaaviones-uss-nimitz-y-participa-de-los-ejercicios-navales-con-eeuu\/#primaryimage\"},\"thumbnailUrl\":\"https:\/\/radioinfinitagoya.com.ar\/v1\/wp-content\/uploads\/2026\/04\/6RFCKKNYRZHSFPCSNIIO5OTHXA.avif\",\"datePublished\":\"2026-04-30T19:46:05+00:00\",\"description\":\"El Presidente lleg\u00f3 al buque nuclear cerca del mediod\u00eda. Como anticip\u00f3 Infobae, se suma a una actividad conjunta organizada en el marco de los ejercicios\",\"breadcrumb\":{\"@id\":\"https:\/\/radioinfinitagoya.com.ar\/v1\/2026\/04\/30\/milei-arribo-al-portaaviones-uss-nimitz-y-participa-de-los-ejercicios-navales-con-eeuu\/#breadcrumb\"},\"inLanguage\":\"es-AR\",\"potentialAction\":[{\"@type\":\"ReadAction\",\"target\":[\"https:\/\/radioinfinitagoya.com.ar\/v1\/2026\/04\/30\/milei-arribo-al-portaaviones-uss-nimitz-y-participa-de-los-ejercicios-navales-con-eeuu\/\"]}]},{\"@type\":\"ImageObject\",\"inLanguage\":\"es-AR\",\"@id\":\"https:\/\/radioinfinitagoya.com.ar\/v1\/2026\/04\/30\/milei-arribo-al-portaaviones-uss-nimitz-y-participa-de-los-ejercicios-navales-con-eeuu\/#primaryimage\",\"url\":\"https:\/\/radioinfinitagoya.com.ar\/v1\/wp-content\/uploads\/2026\/04\/6RFCKKNYRZHSFPCSNIIO5OTHXA.avif\",\"contentUrl\":\"https:\/\/radioinfinitagoya.com.ar\/v1\/wp-content\/uploads\/2026\/04\/6RFCKKNYRZHSFPCSNIIO5OTHXA.avif\",\"width\":992,\"height\":558},{\"@type\":\"BreadcrumbList\",\"@id\":\"https:\/\/radioinfinitagoya.com.ar\/v1\/2026\/04\/30\/milei-arribo-al-portaaviones-uss-nimitz-y-participa-de-los-ejercicios-navales-con-eeuu\/#breadcrumb\",\"itemListElement\":[{\"@type\":\"ListItem\",\"position\":1,\"name\":\"Inicio\",\"item\":\"https:\/\/radioinfinitagoya.com.ar\/v1\/\"},{\"@type\":\"ListItem\",\"position\":2,\"name\":\"Milei arrib\u00f3 al portaaviones USS Nimitz y participa de los ejercicios navales con EEUU\"}]},{\"@type\":\"WebSite\",\"@id\":\"https:\/\/radioinfinitagoya.com.ar\/v1\/#website\",\"url\":\"https:\/\/radioinfinitagoya.com.ar\/v1\/\",\"name\":\"radioinfinitagoya.com.ar\",\"description\":\"Radio de noticias\",\"publisher\":{\"@id\":\"https:\/\/radioinfinitagoya.com.ar\/v1\/#organization\"},\"potentialAction\":[{\"@type\":\"SearchAction\",\"target\":{\"@type\":\"EntryPoint\",\"urlTemplate\":\"https:\/\/radioinfinitagoya.com.ar\/v1\/?s={search_term_string}\"},\"query-input\":{\"@type\":\"PropertyValueSpecification\",\"valueRequired\":true,\"valueName\":\"search_term_string\"}}],\"inLanguage\":\"es-AR\"},{\"@type\":\"Organization\",\"@id\":\"https:\/\/radioinfinitagoya.com.ar\/v1\/#organization\",\"name\":\"Radio Infinita Goya\",\"url\":\"https:\/\/radioinfinitagoya.com.ar\/v1\/\",\"logo\":{\"@type\":\"ImageObject\",\"inLanguage\":\"es-AR\",\"@id\":\"https:\/\/radioinfinitagoya.com.ar\/v1\/#\/schema\/logo\/image\/\",\"url\":\"https:\/\/radioinfinitagoya.com.ar\/v1\/wp-content\/uploads\/2019\/11\/logo-pie-web.png\",\"contentUrl\":\"https:\/\/radioinfinitagoya.com.ar\/v1\/wp-content\/uploads\/2019\/11\/logo-pie-web.png\",\"width\":635,\"height\":326,\"caption\":\"Radio Infinita Goya\"},\"image\":{\"@id\":\"https:\/\/radioinfinitagoya.com.ar\/v1\/#\/schema\/logo\/image\/\"},\"sameAs\":[\"https:\/\/www.facebook.com\/p\/Infinita-Goya-100063870918311\/\"]},{\"@type\":\"Person\",\"@id\":\"https:\/\/radioinfinitagoya.com.ar\/v1\/#\/schema\/person\/d4cf9c413d4f6edb24aabdccab49ca4a\",\"name\":\"Jorge Mi\u00f1o\",\"image\":{\"@type\":\"ImageObject\",\"inLanguage\":\"es-AR\",\"@id\":\"https:\/\/secure.gravatar.com\/avatar\/910fcf6728fe95320e07a6643c1581fec1c7fc4bf8ae12e3d8f0d0373dc844be?s=96&d=mm&r=g\",\"url\":\"https:\/\/secure.gravatar.com\/avatar\/910fcf6728fe95320e07a6643c1581fec1c7fc4bf8ae12e3d8f0d0373dc844be?s=96&d=mm&r=g\",\"contentUrl\":\"https:\/\/secure.gravatar.com\/avatar\/910fcf6728fe95320e07a6643c1581fec1c7fc4bf8ae12e3d8f0d0373dc844be?s=96&d=mm&r=g\",\"caption\":\"Jorge Mi\u00f1o\"},\"sameAs\":[\"http:\/\/radioinfinitagoya.com.ar\"]}]}<\/script>\n<!-- \/ Yoast SEO plugin. -->","yoast_head_json":{"title":"Milei arrib\u00f3 al portaaviones USS Nimitz y participa de los ejercicios navales con EEUU - Radio Infinita Goya","description":"El Presidente lleg\u00f3 al buque nuclear cerca del mediod\u00eda. Como anticip\u00f3 Infobae, se suma a una actividad conjunta organizada en el marco de los ejercicios","robots":{"index":"index","follow":"follow","max-snippet":"max-snippet:-1","max-image-preview":"max-image-preview:large","max-video-preview":"max-video-preview:-1"},"canonical":"https:\/\/radioinfinitagoya.com.ar\/v1\/2026\/04\/30\/milei-arribo-al-portaaviones-uss-nimitz-y-participa-de-los-ejercicios-navales-con-eeuu\/","og_locale":"es_ES","og_type":"article","og_title":"Milei arrib\u00f3 al portaaviones USS Nimitz y participa de los ejercicios navales con EEUU - Radio Infinita Goya","og_description":"El Presidente lleg\u00f3 al buque nuclear cerca del mediod\u00eda. Como anticip\u00f3 Infobae, se suma a una actividad conjunta organizada en el marco de los ejercicios","og_url":"https:\/\/radioinfinitagoya.com.ar\/v1\/2026\/04\/30\/milei-arribo-al-portaaviones-uss-nimitz-y-participa-de-los-ejercicios-navales-con-eeuu\/","og_site_name":"Radio Infinita Goya","article_publisher":"https:\/\/www.facebook.com\/p\/Infinita-Goya-100063870918311\/","article_published_time":"2026-04-30T19:46:05+00:00","author":"Jorge Mi\u00f1o","twitter_card":"summary_large_image","twitter_misc":{"Escrito por":"Jorge Mi\u00f1o","Tiempo de lectura":"6 minutos"},"schema":{"@context":"https:\/\/schema.org","@graph":[{"@type":"Article","@id":"https:\/\/radioinfinitagoya.com.ar\/v1\/2026\/04\/30\/milei-arribo-al-portaaviones-uss-nimitz-y-participa-de-los-ejercicios-navales-con-eeuu\/#article","isPartOf":{"@id":"https:\/\/radioinfinitagoya.com.ar\/v1\/2026\/04\/30\/milei-arribo-al-portaaviones-uss-nimitz-y-participa-de-los-ejercicios-navales-con-eeuu\/"},"author":{"name":"Jorge Mi\u00f1o","@id":"https:\/\/radioinfinitagoya.com.ar\/v1\/#\/schema\/person\/d4cf9c413d4f6edb24aabdccab49ca4a"},"headline":"Milei arrib\u00f3 al portaaviones USS Nimitz y participa de los ejercicios navales con EEUU","datePublished":"2026-04-30T19:46:05+00:00","mainEntityOfPage":{"@id":"https:\/\/radioinfinitagoya.com.ar\/v1\/2026\/04\/30\/milei-arribo-al-portaaviones-uss-nimitz-y-participa-de-los-ejercicios-navales-con-eeuu\/"},"wordCount":1053,"commentCount":0,"publisher":{"@id":"https:\/\/radioinfinitagoya.com.ar\/v1\/#organization"},"image":{"@id":"https:\/\/radioinfinitagoya.com.ar\/v1\/2026\/04\/30\/milei-arribo-al-portaaviones-uss-nimitz-y-participa-de-los-ejercicios-navales-con-eeuu\/#primaryimage"},"thumbnailUrl":"https:\/\/radioinfinitagoya.com.ar\/v1\/wp-content\/uploads\/2026\/04\/6RFCKKNYRZHSFPCSNIIO5OTHXA.avif","articleSection":["PRINCIPAL"],"inLanguage":"es-AR","potentialAction":[{"@type":"CommentAction","name":"Comment","target":["https:\/\/radioinfinitagoya.com.ar\/v1\/2026\/04\/30\/milei-arribo-al-portaaviones-uss-nimitz-y-participa-de-los-ejercicios-navales-con-eeuu\/#respond"]}]},{"@type":"WebPage","@id":"https:\/\/radioinfinitagoya.com.ar\/v1\/2026\/04\/30\/milei-arribo-al-portaaviones-uss-nimitz-y-participa-de-los-ejercicios-navales-con-eeuu\/","url":"https:\/\/radioinfinitagoya.com.ar\/v1\/2026\/04\/30\/milei-arribo-al-portaaviones-uss-nimitz-y-participa-de-los-ejercicios-navales-con-eeuu\/","name":"Milei arrib\u00f3 al portaaviones USS Nimitz y participa de los ejercicios navales con EEUU - Radio Infinita Goya","isPartOf":{"@id":"https:\/\/radioinfinitagoya.com.ar\/v1\/#website"},"primaryImageOfPage":{"@id":"https:\/\/radioinfinitagoya.com.ar\/v1\/2026\/04\/30\/milei-arribo-al-portaaviones-uss-nimitz-y-participa-de-los-ejercicios-navales-con-eeuu\/#primaryimage"},"image":{"@id":"https:\/\/radioinfinitagoya.com.ar\/v1\/2026\/04\/30\/milei-arribo-al-portaaviones-uss-nimitz-y-participa-de-los-ejercicios-navales-con-eeuu\/#primaryimage"},"thumbnailUrl":"https:\/\/radioinfinitagoya.com.ar\/v1\/wp-content\/uploads\/2026\/04\/6RFCKKNYRZHSFPCSNIIO5OTHXA.avif","datePublished":"2026-04-30T19:46:05+00:00","description":"El Presidente lleg\u00f3 al buque nuclear cerca del mediod\u00eda. Como anticip\u00f3 Infobae, se suma a una actividad conjunta organizada en el marco de los ejercicios","breadcrumb":{"@id":"https:\/\/radioinfinitagoya.com.ar\/v1\/2026\/04\/30\/milei-arribo-al-portaaviones-uss-nimitz-y-participa-de-los-ejercicios-navales-con-eeuu\/#breadcrumb"},"inLanguage":"es-AR","potentialAction":[{"@type":"ReadAction","target":["https:\/\/radioinfinitagoya.com.ar\/v1\/2026\/04\/30\/milei-arribo-al-portaaviones-uss-nimitz-y-participa-de-los-ejercicios-navales-con-eeuu\/"]}]},{"@type":"ImageObject","inLanguage":"es-AR","@id":"https:\/\/radioinfinitagoya.com.ar\/v1\/2026\/04\/30\/milei-arribo-al-portaaviones-uss-nimitz-y-participa-de-los-ejercicios-navales-con-eeuu\/#primaryimage","url":"https:\/\/radioinfinitagoya.com.ar\/v1\/wp-content\/uploads\/2026\/04\/6RFCKKNYRZHSFPCSNIIO5OTHXA.avif","contentUrl":"https:\/\/radioinfinitagoya.com.ar\/v1\/wp-content\/uploads\/2026\/04\/6RFCKKNYRZHSFPCSNIIO5OTHXA.avif","width":992,"height":558},{"@type":"BreadcrumbList","@id":"https:\/\/radioinfinitagoya.com.ar\/v1\/2026\/04\/30\/milei-arribo-al-portaaviones-uss-nimitz-y-participa-de-los-ejercicios-navales-con-eeuu\/#breadcrumb","itemListElement":[{"@type":"ListItem","position":1,"name":"Inicio","item":"https:\/\/radioinfinitagoya.com.ar\/v1\/"},{"@type":"ListItem","position":2,"name":"Milei arrib\u00f3 al portaaviones USS Nimitz y participa de los ejercicios navales con EEUU"}]},{"@type":"WebSite","@id":"https:\/\/radioinfinitagoya.com.ar\/v1\/#website","url":"https:\/\/radioinfinitagoya.com.ar\/v1\/","name":"radioinfinitagoya.com.ar","description":"Radio de noticias","publisher":{"@id":"https:\/\/radioinfinitagoya.com.ar\/v1\/#organization"},"potentialAction":[{"@type":"SearchAction","target":{"@type":"EntryPoint","urlTemplate":"https:\/\/radioinfinitagoya.com.ar\/v1\/?s={search_term_string}"},"query-input":{"@type":"PropertyValueSpecification","valueRequired":true,"valueName":"search_term_string"}}],"inLanguage":"es-AR"},{"@type":"Organization","@id":"https:\/\/radioinfinitagoya.com.ar\/v1\/#organization","name":"Radio Infinita Goya","url":"https:\/\/radioinfinitagoya.com.ar\/v1\/","logo":{"@type":"ImageObject","inLanguage":"es-AR","@id":"https:\/\/radioinfinitagoya.com.ar\/v1\/#\/schema\/logo\/image\/","url":"https:\/\/radioinfinitagoya.com.ar\/v1\/wp-content\/uploads\/2019\/11\/logo-pie-web.png","contentUrl":"https:\/\/radioinfinitagoya.com.ar\/v1\/wp-content\/uploads\/2019\/11\/logo-pie-web.png","width":635,"height":326,"caption":"Radio Infinita Goya"},"image":{"@id":"https:\/\/radioinfinitagoya.com.ar\/v1\/#\/schema\/logo\/image\/"},"sameAs":["https:\/\/www.facebook.com\/p\/Infinita-Goya-100063870918311\/"]},{"@type":"Person","@id":"https:\/\/radioinfinitagoya.com.ar\/v1\/#\/schema\/person\/d4cf9c413d4f6edb24aabdccab49ca4a","name":"Jorge Mi\u00f1o","image":{"@type":"ImageObject","inLanguage":"es-AR","@id":"https:\/\/secure.gravatar.com\/avatar\/910fcf6728fe95320e07a6643c1581fec1c7fc4bf8ae12e3d8f0d0373dc844be?s=96&d=mm&r=g","url":"https:\/\/secure.gravatar.com\/avatar\/910fcf6728fe95320e07a6643c1581fec1c7fc4bf8ae12e3d8f0d0373dc844be?s=96&d=mm&r=g","contentUrl":"https:\/\/secure.gravatar.com\/avatar\/910fcf6728fe95320e07a6643c1581fec1c7fc4bf8ae12e3d8f0d0373dc844be?s=96&d=mm&r=g","caption":"Jorge Mi\u00f1o"},"sameAs":["http:\/\/radioinfinitagoya.com.ar"]}]}},"_links":{"self":[{"href":"https:\/\/radioinfinitagoya.com.ar\/v1\/wp-json\/wp\/v2\/posts\/213993","targetHints":{"allow":["GET"]}}],"collection":[{"href":"https:\/\/radioinfinitagoya.com.ar\/v1\/wp-json\/wp\/v2\/posts"}],"about":[{"href":"https:\/\/radioinfinitagoya.com.ar\/v1\/wp-json\/wp\/v2\/types\/post"}],"author":[{"embeddable":true,"href":"https:\/\/radioinfinitagoya.com.ar\/v1\/wp-json\/wp\/v2\/users\/4"}],"replies":[{"embeddable":true,"href":"https:\/\/radioinfinitagoya.com.ar\/v1\/wp-json\/wp\/v2\/comments?post=213993"}],"version-history":[{"count":1,"href":"https:\/\/radioinfinitagoya.com.ar\/v1\/wp-json\/wp\/v2\/posts\/213993\/revisions"}],"predecessor-version":[{"id":213998,"href":"https:\/\/radioinfinitagoya.com.ar\/v1\/wp-json\/wp\/v2\/posts\/213993\/revisions\/213998"}],"wp:featuredmedia":[{"embeddable":true,"href":"https:\/\/radioinfinitagoya.com.ar\/v1\/wp-json\/wp\/v2\/media\/213994"}],"wp:attachment":[{"href":"https:\/\/radioinfinitagoya.com.ar\/v1\/wp-json\/wp\/v2\/media?parent=213993"}],"wp:term":[{"taxonomy":"category","embeddable":true,"href":"https:\/\/radioinfinitagoya.com.ar\/v1\/wp-json\/wp\/v2\/categories?post=213993"},{"taxonomy":"post_tag","embeddable":true,"href":"https:\/\/radioinfinitagoya.com.ar\/v1\/wp-json\/wp\/v2\/tags?post=213993"}],"curies":[{"name":"wp","href":"https:\/\/api.w.org\/{rel}","templated":true}]}}