{"id":213999,"date":"2026-04-30T16:55:16","date_gmt":"2026-04-30T19:55:16","guid":{"rendered":"https:\/\/radioinfinitagoya.com.ar\/v1\/?p=213999"},"modified":"2026-04-30T16:55:16","modified_gmt":"2026-04-30T19:55:16","slug":"la-cgt-advirtio-que-se-acabo-la-paciencia-y-anticipo","status":"publish","type":"post","link":"https:\/\/radioinfinitagoya.com.ar\/v1\/2026\/04\/30\/la-cgt-advirtio-que-se-acabo-la-paciencia-y-anticipo\/","title":{"rendered":"La CGT advirti\u00f3 que \u201cse acab\u00f3 la paciencia\u201d y anticip\u00f3"},"content":{"rendered":"<p>\u201cHay que profundizar los conflictos\u201d<\/p>\n<p>La central obrera march\u00f3 hacia Plaza de Mayo y realiz\u00f3 un acto en el que los integrantes del Triunvirato criticaron al Gobierno y llamaron a trabajar por \u201cun nuevo contrato social\u201d<\/p>\n<p>La Confederaci\u00f3n General del Trabajo (CGT) se moviliz\u00f3 hacia plaza de mayo y realiz\u00f3 un acto delante de Casa Rosada este jueves 30 de abril, en la antesala de la celebraci\u00f3n por el D\u00eda del Trabajador.<\/p>\n<p>En el acto, que incluy\u00f3 un breve homenaje al Papa Francisco, brindaron discursos los integrantes del triunvirato, Octavio Arg\u00fcello, Cristian Jer\u00f3nimo y Jorge Sola.<\/p>\n<p>Pese a que en las horas previas trascendi\u00f3 la posibilidad de una convocatoria a un paro general, las palabras de los dirigentes s\u00f3lo anticiparon la continuidad de los reclamos por otras v\u00edas.<\/p>\n<p>Jorge Sola, llam\u00f3 a \u201ccrear una Argentina con futuro, en unidad\u201d. Sostuvo que \u201cno hay libertad posible si se les quita a quienes menos tienen lo poco que poseen\u201d, y convoc\u00f3 a la sociedad a involucrarse activamente en la defensa de los derechos laborales y sociales.<\/p>\n<p>La CGT plante\u00f3, en palabras de Sola, que \u201cprotestar y reclamar es nuestra responsabilidad, lo vamos a hacer. Lo hacemos\u201d, respaldando el acompa\u00f1amiento a organizaciones sociales, colectivos de discapacidad y estudiantiles. Seg\u00fan el dirigente, ese esfuerzo debe ir m\u00e1s all\u00e1: \u201cSeamos capaces de organizar y entender a quienes menos tienen. Seamos capaces de crear futuro\u201d.<\/p>\n<p>Inst\u00f3 a avanzar \u201chacia un nuevo contrato social\u201d, apoyado en principios de justicia social, igualdad y distribuci\u00f3n equitativa de la riqueza.<\/p>\n<p>En el documento que se ley\u00f3 este jueves en la Plaza de Mayo, la CGT advirti\u00f3 que \u201cla mayor\u00eda de los indicadores laborales, econ\u00f3micos y sociales reflejan un retroceso en la calidad de vida del pueblo argentino\u201d, mientras considera que \u201cel Gobierno, en lugar de tender puentes de uni\u00f3n y reconocimiento, divide al pueblo, promueve el enfrentamiento, la descalificaci\u00f3n, el odio y el resentimiento, y pone en riesgo la paz social&#8221;.<\/p>\n<p>El texto, que lleva como t\u00edtulo \u201cEl trabajo es con derechos o es esclavo\u201d, afirma que \u201cun gobierno nacional encerrado en sus teor\u00edas, que contin\u00faa comprometiendo a las generaciones futuras con pol\u00edticas de ajuste indiscriminadas condena a la sociedad argentina a un presente de vulnerabilidad econ\u00f3mica, laboral y social sin precedentes&#8221;.<\/p>\n<p>En el segundo p\u00e1rrafo, el documento hace hincapi\u00e9 en que \u201choy se discute judicialmente una ley de reforma laboral promovida por el gobierno nacional, que despoja de derechos colectivos e individuales a trabajadoras y trabajadores&#8221;. Y a\u00f1ade: \u201cLa CGT seguir\u00e1 todas las instancias judiciales para defender los derechos garantizados por la Constituci\u00f3n Nacional. Cada derecho laboral cost\u00f3 organizaci\u00f3n y lucha\u201d.<\/p>\n<p>Al detallar la realidad actual, la central obrera sostiene que \u201cla actividad econ\u00f3mica y el consumo muestran ca\u00eddas pronunciadas, fundamentalmente las vinculadas a la industria, construcci\u00f3n y comercio&#8221;, mientras se\u00f1ala que \u201cno hay incentivos orientados al crecimiento de la matriz productiva, que permitan alcanzar la trilog\u00eda virtuosa de desarrollo, producci\u00f3n y trabajo\u201d.<\/p>\n<p>\u201cS\u00f3lo se privilegian los beneficios de un selecto grupo de actores vinculados a la actividad financiera y especulativa&#8221;, enfatiza la declaraci\u00f3n de la CGT, que destaca que, \u201ca pesar del discurso oficial, la inflaci\u00f3n sigue impactando en el poder adquisitivo de los salarios, agravado por los topes a las paritarias, que impacta en el poder adquisitivo de los salarios&#8221;.<\/p>\n<p>Alerta, adem\u00e1s, que \u201choy existe cierre masivo de empresas (de diciembre 2023 a marzo 2026 cerraron 24.180 establecimientos, seg\u00fan datos de la Secretar\u00eda de Trabajo), con una escalada creciente del flagelo de la desocupaci\u00f3n y de la informalidad laboral&#8221;.<\/p>\n<p>\u201cUn modelo de desarrollo requiere necesariamente de la inclusi\u00f3n y de la inversi\u00f3n p\u00fablica como pilar de una estrategia para alcanzarlo -agrega-. La efectiva desaparici\u00f3n de la obra p\u00fablica, motor de la infraestructura que nuestro pa\u00eds necesita y dinamizadora de la actividad econ\u00f3mica, condiciona las oportunidades productivas y limita la integraci\u00f3n regional&#8221;.<\/p>\n<p>En otro de sus p\u00e1rrafos, el documento cegetista indica que \u201cse silencia del debate p\u00fablico los compromisos tomados con el FMI mientras contrae una deuda con diversos organismos y acreedores internacionales que representa, para la administraci\u00f3n nacional, un perfil de vencimientos de capital e intereses que el Estado argentino no est\u00e1 en condiciones de pagar\u201d.<\/p>\n<p>Para la CGT, \u201cse privilegia el desarrollo de sectores primarios de la econom\u00eda que, si bien son importantes para la generaci\u00f3n de divisas, no compensan el deterioro del empleo y del trabajo de calidad, lo que se refleja en la fuerte ca\u00edda de la actividad industrial y del comercio&#8221;.<\/p>\n<p>Asegura tambi\u00e9n que \u201cotra de las consecuencias lamentables son el alto endeudamiento masivo de las personas, de las familias y de las empresas&#8221; y a\u00f1ade cifras al respecto: \u201cSeis de cada 10 hogares tienen deudas, bancarias o informales, que muestran una morosidad creciente y apremiante\u201d.<\/p>\n<p>El texto puntualiza tambi\u00e9n que \u201cel sistema de salud est\u00e1 en emergencia nacional, con desfinanciamiento de las obras sociales sindicales, recorte sobre la obra social PAMI de jubilados y pensionados que, adem\u00e1s de percibir montos de haberes paup\u00e9rrimos, les agrava las condiciones de atenci\u00f3n, con falta de m\u00e9dicos, demoras en turnos, problemas de cobertura en medicamentos y un funcionamiento cr\u00edtico del sistema, saturando los hospitales p\u00fablicos&#8221;.<\/p>\n<p>Adem\u00e1s, afirma, \u201cse destruyen las prestaciones para las personas con discapacidad, dejando sin acceso a las condiciones b\u00e1sicas en la asistencia y negando la aplicaci\u00f3n de la Ley de Emergencia en Discapacidad&#8221;.<\/p>\n<p>\u201cUn Estado desertor en materia de salud p\u00fablica facilita el aumento de las adicciones y la crisis de la salud mental, reflejada en el aumento de las enfermedades psicosociales y de los consumos problem\u00e1ticos&#8221;, dice otro de los duros p\u00e1rrafos de la declaraci\u00f3n.<\/p>\n<p>Finalmente, la CGT menciona al Papa Francisco, a quien se homenajear\u00e1 en la Plaza de Mayo: \u201cDebemos recuperar una cultura del encuentro y del trabajo, como ense\u00f1aba Francisco: \u2018Abrirse a so\u00f1ar cosas grandes, aunque parezcan imposibles. A que el mundo con vos puede ser distinto\u2019. Crear, construir, caminos y herramientas que nos permitan superar todas estas heridas. Nuestro horizonte es transitar hacia un pa\u00eds, socialmente justo, econ\u00f3micamente libre y pol\u00edticamente soberano&#8221;.<\/p>\n","protected":false},"excerpt":{"rendered":"<p>\u201cHay que profundizar los conflictos\u201d La central obrera march\u00f3 hacia Plaza de Mayo y realiz\u00f3 un acto en el que los integrantes del Triunvirato criticaron al Gobierno y llamaron a trabajar por \u201cun nuevo contrato social\u201d La Confederaci\u00f3n General del Trabajo (CGT) se moviliz\u00f3 hacia plaza de mayo y realiz\u00f3 un acto delante de Casa [&hellip;]<\/p>\n","protected":false},"author":4,"featured_media":214001,"comment_status":"open","ping_status":"open","sticky":false,"template":"","format":"standard","meta":{"_joinchat":[],"footnotes":""},"categories":[25],"tags":[],"class_list":{"0":"post-213999","1":"post","2":"type-post","3":"status-publish","4":"format-standard","5":"has-post-thumbnail","7":"category-destacados"},"yoast_head":"<!-- This site is optimized with the Yoast SEO plugin v27.2 - https:\/\/yoast.com\/product\/yoast-seo-wordpress\/ -->\n<title>La CGT advirti\u00f3 que \u201cse acab\u00f3 la paciencia\u201d y anticip\u00f3 - Radio Infinita Goya<\/title>\n<meta name=\"description\" content=\"\u201cHay que profundizar los conflictos\u201d La central obrera march\u00f3 hacia Plaza de Mayo y realiz\u00f3 un acto en el que los integrantes del Triunvirato criticaron\" \/>\n<meta name=\"robots\" content=\"index, follow, max-snippet:-1, max-image-preview:large, max-video-preview:-1\" \/>\n<link rel=\"canonical\" href=\"https:\/\/radioinfinitagoya.com.ar\/v1\/2026\/04\/30\/la-cgt-advirtio-que-se-acabo-la-paciencia-y-anticipo\/\" \/>\n<meta property=\"og:locale\" content=\"es_ES\" \/>\n<meta property=\"og:type\" content=\"article\" \/>\n<meta property=\"og:title\" content=\"La CGT advirti\u00f3 que \u201cse acab\u00f3 la paciencia\u201d y anticip\u00f3 - Radio Infinita Goya\" \/>\n<meta property=\"og:description\" content=\"\u201cHay que profundizar los conflictos\u201d La central obrera march\u00f3 hacia Plaza de Mayo y realiz\u00f3 un acto en el que los integrantes del Triunvirato criticaron\" \/>\n<meta property=\"og:url\" content=\"https:\/\/radioinfinitagoya.com.ar\/v1\/2026\/04\/30\/la-cgt-advirtio-que-se-acabo-la-paciencia-y-anticipo\/\" \/>\n<meta property=\"og:site_name\" content=\"Radio Infinita Goya\" \/>\n<meta property=\"article:publisher\" content=\"https:\/\/www.facebook.com\/p\/Infinita-Goya-100063870918311\/\" \/>\n<meta property=\"article:published_time\" content=\"2026-04-30T19:55:16+00:00\" \/>\n<meta property=\"og:image\" content=\"https:\/\/radioinfinitagoya.com.ar\/v1\/wp-content\/uploads\/2026\/04\/marcha-de-la-cgt-a-plaza-de-mayo-en-contra-la-VC2BUJUNFRAIRKDYC55X5WRRJQ.jpeg\" \/>\n\t<meta property=\"og:image:width\" content=\"488\" \/>\n\t<meta property=\"og:image:height\" content=\"325\" \/>\n\t<meta property=\"og:image:type\" content=\"image\/jpeg\" \/>\n<meta name=\"author\" content=\"Jorge Mi\u00f1o\" \/>\n<meta name=\"twitter:card\" content=\"summary_large_image\" \/>\n<meta name=\"twitter:label1\" content=\"Escrito por\" \/>\n\t<meta name=\"twitter:data1\" content=\"Jorge Mi\u00f1o\" \/>\n\t<meta name=\"twitter:label2\" content=\"Tiempo de lectura\" \/>\n\t<meta name=\"twitter:data2\" content=\"5 minutos\" \/>\n<script type=\"application\/ld+json\" class=\"yoast-schema-graph\">{\"@context\":\"https:\/\/schema.org\",\"@graph\":[{\"@type\":\"Article\",\"@id\":\"https:\/\/radioinfinitagoya.com.ar\/v1\/2026\/04\/30\/la-cgt-advirtio-que-se-acabo-la-paciencia-y-anticipo\/#article\",\"isPartOf\":{\"@id\":\"https:\/\/radioinfinitagoya.com.ar\/v1\/2026\/04\/30\/la-cgt-advirtio-que-se-acabo-la-paciencia-y-anticipo\/\"},\"author\":{\"name\":\"Jorge Mi\u00f1o\",\"@id\":\"https:\/\/radioinfinitagoya.com.ar\/v1\/#\/schema\/person\/d4cf9c413d4f6edb24aabdccab49ca4a\"},\"headline\":\"La CGT advirti\u00f3 que \u201cse acab\u00f3 la paciencia\u201d y anticip\u00f3\",\"datePublished\":\"2026-04-30T19:55:16+00:00\",\"mainEntityOfPage\":{\"@id\":\"https:\/\/radioinfinitagoya.com.ar\/v1\/2026\/04\/30\/la-cgt-advirtio-que-se-acabo-la-paciencia-y-anticipo\/\"},\"wordCount\":1072,\"commentCount\":0,\"publisher\":{\"@id\":\"https:\/\/radioinfinitagoya.com.ar\/v1\/#organization\"},\"image\":{\"@id\":\"https:\/\/radioinfinitagoya.com.ar\/v1\/2026\/04\/30\/la-cgt-advirtio-que-se-acabo-la-paciencia-y-anticipo\/#primaryimage\"},\"thumbnailUrl\":\"https:\/\/radioinfinitagoya.com.ar\/v1\/wp-content\/uploads\/2026\/04\/marcha-de-la-cgt-a-plaza-de-mayo-en-contra-la-VC2BUJUNFRAIRKDYC55X5WRRJQ.jpeg\",\"articleSection\":[\"DESTACADOS\"],\"inLanguage\":\"es-AR\",\"potentialAction\":[{\"@type\":\"CommentAction\",\"name\":\"Comment\",\"target\":[\"https:\/\/radioinfinitagoya.com.ar\/v1\/2026\/04\/30\/la-cgt-advirtio-que-se-acabo-la-paciencia-y-anticipo\/#respond\"]}]},{\"@type\":\"WebPage\",\"@id\":\"https:\/\/radioinfinitagoya.com.ar\/v1\/2026\/04\/30\/la-cgt-advirtio-que-se-acabo-la-paciencia-y-anticipo\/\",\"url\":\"https:\/\/radioinfinitagoya.com.ar\/v1\/2026\/04\/30\/la-cgt-advirtio-que-se-acabo-la-paciencia-y-anticipo\/\",\"name\":\"La CGT advirti\u00f3 que \u201cse acab\u00f3 la paciencia\u201d y anticip\u00f3 - Radio Infinita Goya\",\"isPartOf\":{\"@id\":\"https:\/\/radioinfinitagoya.com.ar\/v1\/#website\"},\"primaryImageOfPage\":{\"@id\":\"https:\/\/radioinfinitagoya.com.ar\/v1\/2026\/04\/30\/la-cgt-advirtio-que-se-acabo-la-paciencia-y-anticipo\/#primaryimage\"},\"image\":{\"@id\":\"https:\/\/radioinfinitagoya.com.ar\/v1\/2026\/04\/30\/la-cgt-advirtio-que-se-acabo-la-paciencia-y-anticipo\/#primaryimage\"},\"thumbnailUrl\":\"https:\/\/radioinfinitagoya.com.ar\/v1\/wp-content\/uploads\/2026\/04\/marcha-de-la-cgt-a-plaza-de-mayo-en-contra-la-VC2BUJUNFRAIRKDYC55X5WRRJQ.jpeg\",\"datePublished\":\"2026-04-30T19:55:16+00:00\",\"description\":\"\u201cHay que profundizar los conflictos\u201d La central obrera march\u00f3 hacia Plaza de Mayo y realiz\u00f3 un acto en el que los integrantes del Triunvirato criticaron\",\"breadcrumb\":{\"@id\":\"https:\/\/radioinfinitagoya.com.ar\/v1\/2026\/04\/30\/la-cgt-advirtio-que-se-acabo-la-paciencia-y-anticipo\/#breadcrumb\"},\"inLanguage\":\"es-AR\",\"potentialAction\":[{\"@type\":\"ReadAction\",\"target\":[\"https:\/\/radioinfinitagoya.com.ar\/v1\/2026\/04\/30\/la-cgt-advirtio-que-se-acabo-la-paciencia-y-anticipo\/\"]}]},{\"@type\":\"ImageObject\",\"inLanguage\":\"es-AR\",\"@id\":\"https:\/\/radioinfinitagoya.com.ar\/v1\/2026\/04\/30\/la-cgt-advirtio-que-se-acabo-la-paciencia-y-anticipo\/#primaryimage\",\"url\":\"https:\/\/radioinfinitagoya.com.ar\/v1\/wp-content\/uploads\/2026\/04\/marcha-de-la-cgt-a-plaza-de-mayo-en-contra-la-VC2BUJUNFRAIRKDYC55X5WRRJQ.jpeg\",\"contentUrl\":\"https:\/\/radioinfinitagoya.com.ar\/v1\/wp-content\/uploads\/2026\/04\/marcha-de-la-cgt-a-plaza-de-mayo-en-contra-la-VC2BUJUNFRAIRKDYC55X5WRRJQ.jpeg\",\"width\":488,\"height\":325},{\"@type\":\"BreadcrumbList\",\"@id\":\"https:\/\/radioinfinitagoya.com.ar\/v1\/2026\/04\/30\/la-cgt-advirtio-que-se-acabo-la-paciencia-y-anticipo\/#breadcrumb\",\"itemListElement\":[{\"@type\":\"ListItem\",\"position\":1,\"name\":\"Inicio\",\"item\":\"https:\/\/radioinfinitagoya.com.ar\/v1\/\"},{\"@type\":\"ListItem\",\"position\":2,\"name\":\"La CGT advirti\u00f3 que \u201cse acab\u00f3 la paciencia\u201d y anticip\u00f3\"}]},{\"@type\":\"WebSite\",\"@id\":\"https:\/\/radioinfinitagoya.com.ar\/v1\/#website\",\"url\":\"https:\/\/radioinfinitagoya.com.ar\/v1\/\",\"name\":\"radioinfinitagoya.com.ar\",\"description\":\"Radio de noticias\",\"publisher\":{\"@id\":\"https:\/\/radioinfinitagoya.com.ar\/v1\/#organization\"},\"potentialAction\":[{\"@type\":\"SearchAction\",\"target\":{\"@type\":\"EntryPoint\",\"urlTemplate\":\"https:\/\/radioinfinitagoya.com.ar\/v1\/?s={search_term_string}\"},\"query-input\":{\"@type\":\"PropertyValueSpecification\",\"valueRequired\":true,\"valueName\":\"search_term_string\"}}],\"inLanguage\":\"es-AR\"},{\"@type\":\"Organization\",\"@id\":\"https:\/\/radioinfinitagoya.com.ar\/v1\/#organization\",\"name\":\"Radio Infinita Goya\",\"url\":\"https:\/\/radioinfinitagoya.com.ar\/v1\/\",\"logo\":{\"@type\":\"ImageObject\",\"inLanguage\":\"es-AR\",\"@id\":\"https:\/\/radioinfinitagoya.com.ar\/v1\/#\/schema\/logo\/image\/\",\"url\":\"https:\/\/radioinfinitagoya.com.ar\/v1\/wp-content\/uploads\/2019\/11\/logo-pie-web.png\",\"contentUrl\":\"https:\/\/radioinfinitagoya.com.ar\/v1\/wp-content\/uploads\/2019\/11\/logo-pie-web.png\",\"width\":635,\"height\":326,\"caption\":\"Radio Infinita Goya\"},\"image\":{\"@id\":\"https:\/\/radioinfinitagoya.com.ar\/v1\/#\/schema\/logo\/image\/\"},\"sameAs\":[\"https:\/\/www.facebook.com\/p\/Infinita-Goya-100063870918311\/\"]},{\"@type\":\"Person\",\"@id\":\"https:\/\/radioinfinitagoya.com.ar\/v1\/#\/schema\/person\/d4cf9c413d4f6edb24aabdccab49ca4a\",\"name\":\"Jorge Mi\u00f1o\",\"image\":{\"@type\":\"ImageObject\",\"inLanguage\":\"es-AR\",\"@id\":\"https:\/\/secure.gravatar.com\/avatar\/910fcf6728fe95320e07a6643c1581fec1c7fc4bf8ae12e3d8f0d0373dc844be?s=96&d=mm&r=g\",\"url\":\"https:\/\/secure.gravatar.com\/avatar\/910fcf6728fe95320e07a6643c1581fec1c7fc4bf8ae12e3d8f0d0373dc844be?s=96&d=mm&r=g\",\"contentUrl\":\"https:\/\/secure.gravatar.com\/avatar\/910fcf6728fe95320e07a6643c1581fec1c7fc4bf8ae12e3d8f0d0373dc844be?s=96&d=mm&r=g\",\"caption\":\"Jorge Mi\u00f1o\"},\"sameAs\":[\"http:\/\/radioinfinitagoya.com.ar\"]}]}<\/script>\n<!-- \/ Yoast SEO plugin. -->","yoast_head_json":{"title":"La CGT advirti\u00f3 que \u201cse acab\u00f3 la paciencia\u201d y anticip\u00f3 - Radio Infinita Goya","description":"\u201cHay que profundizar los conflictos\u201d La central obrera march\u00f3 hacia Plaza de Mayo y realiz\u00f3 un acto en el que los integrantes del Triunvirato criticaron","robots":{"index":"index","follow":"follow","max-snippet":"max-snippet:-1","max-image-preview":"max-image-preview:large","max-video-preview":"max-video-preview:-1"},"canonical":"https:\/\/radioinfinitagoya.com.ar\/v1\/2026\/04\/30\/la-cgt-advirtio-que-se-acabo-la-paciencia-y-anticipo\/","og_locale":"es_ES","og_type":"article","og_title":"La CGT advirti\u00f3 que \u201cse acab\u00f3 la paciencia\u201d y anticip\u00f3 - Radio Infinita Goya","og_description":"\u201cHay que profundizar los conflictos\u201d La central obrera march\u00f3 hacia Plaza de Mayo y realiz\u00f3 un acto en el que los integrantes del Triunvirato criticaron","og_url":"https:\/\/radioinfinitagoya.com.ar\/v1\/2026\/04\/30\/la-cgt-advirtio-que-se-acabo-la-paciencia-y-anticipo\/","og_site_name":"Radio Infinita Goya","article_publisher":"https:\/\/www.facebook.com\/p\/Infinita-Goya-100063870918311\/","article_published_time":"2026-04-30T19:55:16+00:00","og_image":[{"width":488,"height":325,"url":"https:\/\/radioinfinitagoya.com.ar\/v1\/wp-content\/uploads\/2026\/04\/marcha-de-la-cgt-a-plaza-de-mayo-en-contra-la-VC2BUJUNFRAIRKDYC55X5WRRJQ.jpeg","type":"image\/jpeg"}],"author":"Jorge Mi\u00f1o","twitter_card":"summary_large_image","twitter_misc":{"Escrito por":"Jorge Mi\u00f1o","Tiempo de lectura":"5 minutos"},"schema":{"@context":"https:\/\/schema.org","@graph":[{"@type":"Article","@id":"https:\/\/radioinfinitagoya.com.ar\/v1\/2026\/04\/30\/la-cgt-advirtio-que-se-acabo-la-paciencia-y-anticipo\/#article","isPartOf":{"@id":"https:\/\/radioinfinitagoya.com.ar\/v1\/2026\/04\/30\/la-cgt-advirtio-que-se-acabo-la-paciencia-y-anticipo\/"},"author":{"name":"Jorge Mi\u00f1o","@id":"https:\/\/radioinfinitagoya.com.ar\/v1\/#\/schema\/person\/d4cf9c413d4f6edb24aabdccab49ca4a"},"headline":"La CGT advirti\u00f3 que \u201cse acab\u00f3 la paciencia\u201d y anticip\u00f3","datePublished":"2026-04-30T19:55:16+00:00","mainEntityOfPage":{"@id":"https:\/\/radioinfinitagoya.com.ar\/v1\/2026\/04\/30\/la-cgt-advirtio-que-se-acabo-la-paciencia-y-anticipo\/"},"wordCount":1072,"commentCount":0,"publisher":{"@id":"https:\/\/radioinfinitagoya.com.ar\/v1\/#organization"},"image":{"@id":"https:\/\/radioinfinitagoya.com.ar\/v1\/2026\/04\/30\/la-cgt-advirtio-que-se-acabo-la-paciencia-y-anticipo\/#primaryimage"},"thumbnailUrl":"https:\/\/radioinfinitagoya.com.ar\/v1\/wp-content\/uploads\/2026\/04\/marcha-de-la-cgt-a-plaza-de-mayo-en-contra-la-VC2BUJUNFRAIRKDYC55X5WRRJQ.jpeg","articleSection":["DESTACADOS"],"inLanguage":"es-AR","potentialAction":[{"@type":"CommentAction","name":"Comment","target":["https:\/\/radioinfinitagoya.com.ar\/v1\/2026\/04\/30\/la-cgt-advirtio-que-se-acabo-la-paciencia-y-anticipo\/#respond"]}]},{"@type":"WebPage","@id":"https:\/\/radioinfinitagoya.com.ar\/v1\/2026\/04\/30\/la-cgt-advirtio-que-se-acabo-la-paciencia-y-anticipo\/","url":"https:\/\/radioinfinitagoya.com.ar\/v1\/2026\/04\/30\/la-cgt-advirtio-que-se-acabo-la-paciencia-y-anticipo\/","name":"La CGT advirti\u00f3 que \u201cse acab\u00f3 la paciencia\u201d y anticip\u00f3 - Radio Infinita Goya","isPartOf":{"@id":"https:\/\/radioinfinitagoya.com.ar\/v1\/#website"},"primaryImageOfPage":{"@id":"https:\/\/radioinfinitagoya.com.ar\/v1\/2026\/04\/30\/la-cgt-advirtio-que-se-acabo-la-paciencia-y-anticipo\/#primaryimage"},"image":{"@id":"https:\/\/radioinfinitagoya.com.ar\/v1\/2026\/04\/30\/la-cgt-advirtio-que-se-acabo-la-paciencia-y-anticipo\/#primaryimage"},"thumbnailUrl":"https:\/\/radioinfinitagoya.com.ar\/v1\/wp-content\/uploads\/2026\/04\/marcha-de-la-cgt-a-plaza-de-mayo-en-contra-la-VC2BUJUNFRAIRKDYC55X5WRRJQ.jpeg","datePublished":"2026-04-30T19:55:16+00:00","description":"\u201cHay que profundizar los conflictos\u201d La central obrera march\u00f3 hacia Plaza de Mayo y realiz\u00f3 un acto en el que los integrantes del Triunvirato criticaron","breadcrumb":{"@id":"https:\/\/radioinfinitagoya.com.ar\/v1\/2026\/04\/30\/la-cgt-advirtio-que-se-acabo-la-paciencia-y-anticipo\/#breadcrumb"},"inLanguage":"es-AR","potentialAction":[{"@type":"ReadAction","target":["https:\/\/radioinfinitagoya.com.ar\/v1\/2026\/04\/30\/la-cgt-advirtio-que-se-acabo-la-paciencia-y-anticipo\/"]}]},{"@type":"ImageObject","inLanguage":"es-AR","@id":"https:\/\/radioinfinitagoya.com.ar\/v1\/2026\/04\/30\/la-cgt-advirtio-que-se-acabo-la-paciencia-y-anticipo\/#primaryimage","url":"https:\/\/radioinfinitagoya.com.ar\/v1\/wp-content\/uploads\/2026\/04\/marcha-de-la-cgt-a-plaza-de-mayo-en-contra-la-VC2BUJUNFRAIRKDYC55X5WRRJQ.jpeg","contentUrl":"https:\/\/radioinfinitagoya.com.ar\/v1\/wp-content\/uploads\/2026\/04\/marcha-de-la-cgt-a-plaza-de-mayo-en-contra-la-VC2BUJUNFRAIRKDYC55X5WRRJQ.jpeg","width":488,"height":325},{"@type":"BreadcrumbList","@id":"https:\/\/radioinfinitagoya.com.ar\/v1\/2026\/04\/30\/la-cgt-advirtio-que-se-acabo-la-paciencia-y-anticipo\/#breadcrumb","itemListElement":[{"@type":"ListItem","position":1,"name":"Inicio","item":"https:\/\/radioinfinitagoya.com.ar\/v1\/"},{"@type":"ListItem","position":2,"name":"La CGT advirti\u00f3 que \u201cse acab\u00f3 la paciencia\u201d y anticip\u00f3"}]},{"@type":"WebSite","@id":"https:\/\/radioinfinitagoya.com.ar\/v1\/#website","url":"https:\/\/radioinfinitagoya.com.ar\/v1\/","name":"radioinfinitagoya.com.ar","description":"Radio de noticias","publisher":{"@id":"https:\/\/radioinfinitagoya.com.ar\/v1\/#organization"},"potentialAction":[{"@type":"SearchAction","target":{"@type":"EntryPoint","urlTemplate":"https:\/\/radioinfinitagoya.com.ar\/v1\/?s={search_term_string}"},"query-input":{"@type":"PropertyValueSpecification","valueRequired":true,"valueName":"search_term_string"}}],"inLanguage":"es-AR"},{"@type":"Organization","@id":"https:\/\/radioinfinitagoya.com.ar\/v1\/#organization","name":"Radio Infinita Goya","url":"https:\/\/radioinfinitagoya.com.ar\/v1\/","logo":{"@type":"ImageObject","inLanguage":"es-AR","@id":"https:\/\/radioinfinitagoya.com.ar\/v1\/#\/schema\/logo\/image\/","url":"https:\/\/radioinfinitagoya.com.ar\/v1\/wp-content\/uploads\/2019\/11\/logo-pie-web.png","contentUrl":"https:\/\/radioinfinitagoya.com.ar\/v1\/wp-content\/uploads\/2019\/11\/logo-pie-web.png","width":635,"height":326,"caption":"Radio Infinita Goya"},"image":{"@id":"https:\/\/radioinfinitagoya.com.ar\/v1\/#\/schema\/logo\/image\/"},"sameAs":["https:\/\/www.facebook.com\/p\/Infinita-Goya-100063870918311\/"]},{"@type":"Person","@id":"https:\/\/radioinfinitagoya.com.ar\/v1\/#\/schema\/person\/d4cf9c413d4f6edb24aabdccab49ca4a","name":"Jorge Mi\u00f1o","image":{"@type":"ImageObject","inLanguage":"es-AR","@id":"https:\/\/secure.gravatar.com\/avatar\/910fcf6728fe95320e07a6643c1581fec1c7fc4bf8ae12e3d8f0d0373dc844be?s=96&d=mm&r=g","url":"https:\/\/secure.gravatar.com\/avatar\/910fcf6728fe95320e07a6643c1581fec1c7fc4bf8ae12e3d8f0d0373dc844be?s=96&d=mm&r=g","contentUrl":"https:\/\/secure.gravatar.com\/avatar\/910fcf6728fe95320e07a6643c1581fec1c7fc4bf8ae12e3d8f0d0373dc844be?s=96&d=mm&r=g","caption":"Jorge Mi\u00f1o"},"sameAs":["http:\/\/radioinfinitagoya.com.ar"]}]}},"_links":{"self":[{"href":"https:\/\/radioinfinitagoya.com.ar\/v1\/wp-json\/wp\/v2\/posts\/213999","targetHints":{"allow":["GET"]}}],"collection":[{"href":"https:\/\/radioinfinitagoya.com.ar\/v1\/wp-json\/wp\/v2\/posts"}],"about":[{"href":"https:\/\/radioinfinitagoya.com.ar\/v1\/wp-json\/wp\/v2\/types\/post"}],"author":[{"embeddable":true,"href":"https:\/\/radioinfinitagoya.com.ar\/v1\/wp-json\/wp\/v2\/users\/4"}],"replies":[{"embeddable":true,"href":"https:\/\/radioinfinitagoya.com.ar\/v1\/wp-json\/wp\/v2\/comments?post=213999"}],"version-history":[{"count":1,"href":"https:\/\/radioinfinitagoya.com.ar\/v1\/wp-json\/wp\/v2\/posts\/213999\/revisions"}],"predecessor-version":[{"id":214002,"href":"https:\/\/radioinfinitagoya.com.ar\/v1\/wp-json\/wp\/v2\/posts\/213999\/revisions\/214002"}],"wp:featuredmedia":[{"embeddable":true,"href":"https:\/\/radioinfinitagoya.com.ar\/v1\/wp-json\/wp\/v2\/media\/214001"}],"wp:attachment":[{"href":"https:\/\/radioinfinitagoya.com.ar\/v1\/wp-json\/wp\/v2\/media?parent=213999"}],"wp:term":[{"taxonomy":"category","embeddable":true,"href":"https:\/\/radioinfinitagoya.com.ar\/v1\/wp-json\/wp\/v2\/categories?post=213999"},{"taxonomy":"post_tag","embeddable":true,"href":"https:\/\/radioinfinitagoya.com.ar\/v1\/wp-json\/wp\/v2\/tags?post=213999"}],"curies":[{"name":"wp","href":"https:\/\/api.w.org\/{rel}","templated":true}]}}