{"id":214003,"date":"2026-05-01T17:17:52","date_gmt":"2026-05-01T20:17:52","guid":{"rendered":"https:\/\/radioinfinitagoya.com.ar\/v1\/?p=214003"},"modified":"2026-05-01T17:17:52","modified_gmt":"2026-05-01T20:17:52","slug":"juan-p-valdes-impulso-obras-clave-en-el-parque-industrial-de-goya","status":"publish","type":"post","link":"https:\/\/radioinfinitagoya.com.ar\/v1\/2026\/05\/01\/juan-p-valdes-impulso-obras-clave-en-el-parque-industrial-de-goya\/","title":{"rendered":"Juan P Vald\u00e9s impuls\u00f3 obras clave en el Parque Industrial de Goya"},"content":{"rendered":"<p>El gobernador Juan Pablo Vald\u00e9s acord\u00f3 una inversi\u00f3n que en un primer tramo ser\u00e1 de 300 millones de pesos para pavimentaci\u00f3n y cierre perimetral, adem\u00e1s ratific\u00f3 su apoyo al sector privado como motor del empleo genuino. Tras una mesa de trabajo con empresarios, recorri\u00f3 plantas frigor\u00edficas y asegur\u00f3 recursos para modernizar el Parque Industrial, beneficiando a m\u00e1s de 1.500 trabajadores.<\/p>\n<p>En una jornada marcada por el compromiso con el crecimiento econ\u00f3mico y la generaci\u00f3n de empleo genuino, el gobernador Juan Pablo Vald\u00e9s encabez\u00f3 una mesa de trabajo estrat\u00e9gica en el Parque Industrial de Goya. La visita sirvi\u00f3 para ratificar el rumbo de las pol\u00edticas de desarrollo en la provincia y para estrechar v\u00ednculos directos con los protagonistas de la producci\u00f3n local. Durante el encuentro, que cont\u00f3 con la presencia del intendente municipal, Mariano Hormaechea y representantes del sector industrial, se abordaron las necesidades de un predio que ya alberga a casi 60 empresas. Al respecto, el Mandatario destac\u00f3 la importancia de estas reuniones para &#8220;potenciar la industria y ver qu\u00e9 necesitaban del gobierno provincial, para poder mejorar la propia infraestructura y de esta manera ser m\u00e1s competitivos&#8221;.<\/p>\n<p>Uno de los anuncios m\u00e1s significativos fue el acuerdo de un primer tramo de 300 millones de pesos destinados a obras de pavimentaci\u00f3n. Bajo un esquema de colaboraci\u00f3n mutua, la provincia proveer\u00e1 el hormig\u00f3n mientras que el Municipio aportar\u00e1 la mano de obra. Esta decisi\u00f3n fue celebrada por el consorcio del parque, desde donde se\u00f1alaron que la respuesta oficial fue &#8220;terriblemente positiva y sin dudar&#8221;, remarcando que en un contexto econ\u00f3mico complejo, esta sinergia representa una noticia alentadora para el sector. El objetivo es transformar la log\u00edstica interna para facilitar el movimiento de carga.<\/p>\n<p>La recorrida incluy\u00f3 una visita al frigor\u00edfico Aguma, un emprendimiento que transita su segunda fase de desarrollo. Vald\u00e9s subray\u00f3 la relevancia de este crecimiento y expres\u00f3 que este avance &#8220;va a permitir tambi\u00e9n seguir vendiendo y empezar a mirar cu\u00e1les son las necesidades para poder exportar&#8221;.<\/p>\n","protected":false},"excerpt":{"rendered":"<p>El gobernador Juan Pablo Vald\u00e9s acord\u00f3 una inversi\u00f3n que en un primer tramo ser\u00e1 de 300 millones de pesos para pavimentaci\u00f3n y cierre perimetral, adem\u00e1s ratific\u00f3 su apoyo al sector privado como motor del empleo genuino. Tras una mesa de trabajo con empresarios, recorri\u00f3 plantas frigor\u00edficas y asegur\u00f3 recursos para modernizar el Parque Industrial, beneficiando [&hellip;]<\/p>\n","protected":false},"author":4,"featured_media":214004,"comment_status":"open","ping_status":"open","sticky":false,"template":"","format":"standard","meta":{"_joinchat":[],"footnotes":""},"categories":[27],"tags":[],"class_list":{"0":"post-214003","1":"post","2":"type-post","3":"status-publish","4":"format-standard","5":"has-post-thumbnail","7":"category-locales"},"yoast_head":"<!-- This site is optimized with the Yoast SEO plugin v27.2 - https:\/\/yoast.com\/product\/yoast-seo-wordpress\/ -->\n<title>Juan P Vald\u00e9s impuls\u00f3 obras clave en el Parque Industrial de Goya - Radio Infinita Goya<\/title>\n<meta name=\"description\" content=\"El gobernador Juan Pablo Vald\u00e9s acord\u00f3 una inversi\u00f3n que en un primer tramo ser\u00e1 de 300 millones de pesos para pavimentaci\u00f3n y cierre perimetral, adem\u00e1s\" \/>\n<meta name=\"robots\" content=\"index, follow, max-snippet:-1, max-image-preview:large, max-video-preview:-1\" \/>\n<link rel=\"canonical\" href=\"https:\/\/radioinfinitagoya.com.ar\/v1\/2026\/05\/01\/juan-p-valdes-impulso-obras-clave-en-el-parque-industrial-de-goya\/\" \/>\n<meta property=\"og:locale\" content=\"es_ES\" \/>\n<meta property=\"og:type\" content=\"article\" \/>\n<meta property=\"og:title\" content=\"Juan P Vald\u00e9s impuls\u00f3 obras clave en el Parque Industrial de Goya - Radio Infinita Goya\" \/>\n<meta property=\"og:description\" content=\"El gobernador Juan Pablo Vald\u00e9s acord\u00f3 una inversi\u00f3n que en un primer tramo ser\u00e1 de 300 millones de pesos para pavimentaci\u00f3n y cierre perimetral, adem\u00e1s\" \/>\n<meta property=\"og:url\" content=\"https:\/\/radioinfinitagoya.com.ar\/v1\/2026\/05\/01\/juan-p-valdes-impulso-obras-clave-en-el-parque-industrial-de-goya\/\" \/>\n<meta property=\"og:site_name\" content=\"Radio Infinita Goya\" \/>\n<meta property=\"article:publisher\" content=\"https:\/\/www.facebook.com\/p\/Infinita-Goya-100063870918311\/\" \/>\n<meta property=\"article:published_time\" content=\"2026-05-01T20:17:52+00:00\" \/>\n<meta property=\"og:image\" content=\"https:\/\/radioinfinitagoya.com.ar\/v1\/wp-content\/uploads\/2026\/05\/descarga.jpg\" \/>\n\t<meta property=\"og:image:width\" content=\"560\" \/>\n\t<meta property=\"og:image:height\" content=\"374\" \/>\n\t<meta property=\"og:image:type\" content=\"image\/jpeg\" \/>\n<meta name=\"author\" content=\"Jorge Mi\u00f1o\" \/>\n<meta name=\"twitter:card\" content=\"summary_large_image\" \/>\n<meta name=\"twitter:label1\" content=\"Escrito por\" \/>\n\t<meta name=\"twitter:data1\" content=\"Jorge Mi\u00f1o\" \/>\n\t<meta name=\"twitter:label2\" content=\"Tiempo de lectura\" \/>\n\t<meta name=\"twitter:data2\" content=\"2 minutos\" \/>\n<script type=\"application\/ld+json\" class=\"yoast-schema-graph\">{\"@context\":\"https:\/\/schema.org\",\"@graph\":[{\"@type\":\"Article\",\"@id\":\"https:\/\/radioinfinitagoya.com.ar\/v1\/2026\/05\/01\/juan-p-valdes-impulso-obras-clave-en-el-parque-industrial-de-goya\/#article\",\"isPartOf\":{\"@id\":\"https:\/\/radioinfinitagoya.com.ar\/v1\/2026\/05\/01\/juan-p-valdes-impulso-obras-clave-en-el-parque-industrial-de-goya\/\"},\"author\":{\"name\":\"Jorge Mi\u00f1o\",\"@id\":\"https:\/\/radioinfinitagoya.com.ar\/v1\/#\/schema\/person\/d4cf9c413d4f6edb24aabdccab49ca4a\"},\"headline\":\"Juan P Vald\u00e9s impuls\u00f3 obras clave en el Parque Industrial de Goya\",\"datePublished\":\"2026-05-01T20:17:52+00:00\",\"mainEntityOfPage\":{\"@id\":\"https:\/\/radioinfinitagoya.com.ar\/v1\/2026\/05\/01\/juan-p-valdes-impulso-obras-clave-en-el-parque-industrial-de-goya\/\"},\"wordCount\":362,\"commentCount\":0,\"publisher\":{\"@id\":\"https:\/\/radioinfinitagoya.com.ar\/v1\/#organization\"},\"image\":{\"@id\":\"https:\/\/radioinfinitagoya.com.ar\/v1\/2026\/05\/01\/juan-p-valdes-impulso-obras-clave-en-el-parque-industrial-de-goya\/#primaryimage\"},\"thumbnailUrl\":\"https:\/\/radioinfinitagoya.com.ar\/v1\/wp-content\/uploads\/2026\/05\/descarga.jpg\",\"articleSection\":[\"LOCALES\"],\"inLanguage\":\"es-AR\",\"potentialAction\":[{\"@type\":\"CommentAction\",\"name\":\"Comment\",\"target\":[\"https:\/\/radioinfinitagoya.com.ar\/v1\/2026\/05\/01\/juan-p-valdes-impulso-obras-clave-en-el-parque-industrial-de-goya\/#respond\"]}]},{\"@type\":\"WebPage\",\"@id\":\"https:\/\/radioinfinitagoya.com.ar\/v1\/2026\/05\/01\/juan-p-valdes-impulso-obras-clave-en-el-parque-industrial-de-goya\/\",\"url\":\"https:\/\/radioinfinitagoya.com.ar\/v1\/2026\/05\/01\/juan-p-valdes-impulso-obras-clave-en-el-parque-industrial-de-goya\/\",\"name\":\"Juan P Vald\u00e9s impuls\u00f3 obras clave en el Parque Industrial de Goya - Radio Infinita Goya\",\"isPartOf\":{\"@id\":\"https:\/\/radioinfinitagoya.com.ar\/v1\/#website\"},\"primaryImageOfPage\":{\"@id\":\"https:\/\/radioinfinitagoya.com.ar\/v1\/2026\/05\/01\/juan-p-valdes-impulso-obras-clave-en-el-parque-industrial-de-goya\/#primaryimage\"},\"image\":{\"@id\":\"https:\/\/radioinfinitagoya.com.ar\/v1\/2026\/05\/01\/juan-p-valdes-impulso-obras-clave-en-el-parque-industrial-de-goya\/#primaryimage\"},\"thumbnailUrl\":\"https:\/\/radioinfinitagoya.com.ar\/v1\/wp-content\/uploads\/2026\/05\/descarga.jpg\",\"datePublished\":\"2026-05-01T20:17:52+00:00\",\"description\":\"El gobernador Juan Pablo Vald\u00e9s acord\u00f3 una inversi\u00f3n que en un primer tramo ser\u00e1 de 300 millones de pesos para pavimentaci\u00f3n y cierre perimetral, adem\u00e1s\",\"breadcrumb\":{\"@id\":\"https:\/\/radioinfinitagoya.com.ar\/v1\/2026\/05\/01\/juan-p-valdes-impulso-obras-clave-en-el-parque-industrial-de-goya\/#breadcrumb\"},\"inLanguage\":\"es-AR\",\"potentialAction\":[{\"@type\":\"ReadAction\",\"target\":[\"https:\/\/radioinfinitagoya.com.ar\/v1\/2026\/05\/01\/juan-p-valdes-impulso-obras-clave-en-el-parque-industrial-de-goya\/\"]}]},{\"@type\":\"ImageObject\",\"inLanguage\":\"es-AR\",\"@id\":\"https:\/\/radioinfinitagoya.com.ar\/v1\/2026\/05\/01\/juan-p-valdes-impulso-obras-clave-en-el-parque-industrial-de-goya\/#primaryimage\",\"url\":\"https:\/\/radioinfinitagoya.com.ar\/v1\/wp-content\/uploads\/2026\/05\/descarga.jpg\",\"contentUrl\":\"https:\/\/radioinfinitagoya.com.ar\/v1\/wp-content\/uploads\/2026\/05\/descarga.jpg\",\"width\":560,\"height\":374},{\"@type\":\"BreadcrumbList\",\"@id\":\"https:\/\/radioinfinitagoya.com.ar\/v1\/2026\/05\/01\/juan-p-valdes-impulso-obras-clave-en-el-parque-industrial-de-goya\/#breadcrumb\",\"itemListElement\":[{\"@type\":\"ListItem\",\"position\":1,\"name\":\"Inicio\",\"item\":\"https:\/\/radioinfinitagoya.com.ar\/v1\/\"},{\"@type\":\"ListItem\",\"position\":2,\"name\":\"Juan P Vald\u00e9s impuls\u00f3 obras clave en el Parque Industrial de Goya\"}]},{\"@type\":\"WebSite\",\"@id\":\"https:\/\/radioinfinitagoya.com.ar\/v1\/#website\",\"url\":\"https:\/\/radioinfinitagoya.com.ar\/v1\/\",\"name\":\"radioinfinitagoya.com.ar\",\"description\":\"Radio de noticias\",\"publisher\":{\"@id\":\"https:\/\/radioinfinitagoya.com.ar\/v1\/#organization\"},\"potentialAction\":[{\"@type\":\"SearchAction\",\"target\":{\"@type\":\"EntryPoint\",\"urlTemplate\":\"https:\/\/radioinfinitagoya.com.ar\/v1\/?s={search_term_string}\"},\"query-input\":{\"@type\":\"PropertyValueSpecification\",\"valueRequired\":true,\"valueName\":\"search_term_string\"}}],\"inLanguage\":\"es-AR\"},{\"@type\":\"Organization\",\"@id\":\"https:\/\/radioinfinitagoya.com.ar\/v1\/#organization\",\"name\":\"Radio Infinita Goya\",\"url\":\"https:\/\/radioinfinitagoya.com.ar\/v1\/\",\"logo\":{\"@type\":\"ImageObject\",\"inLanguage\":\"es-AR\",\"@id\":\"https:\/\/radioinfinitagoya.com.ar\/v1\/#\/schema\/logo\/image\/\",\"url\":\"https:\/\/radioinfinitagoya.com.ar\/v1\/wp-content\/uploads\/2019\/11\/logo-pie-web.png\",\"contentUrl\":\"https:\/\/radioinfinitagoya.com.ar\/v1\/wp-content\/uploads\/2019\/11\/logo-pie-web.png\",\"width\":635,\"height\":326,\"caption\":\"Radio Infinita Goya\"},\"image\":{\"@id\":\"https:\/\/radioinfinitagoya.com.ar\/v1\/#\/schema\/logo\/image\/\"},\"sameAs\":[\"https:\/\/www.facebook.com\/p\/Infinita-Goya-100063870918311\/\"]},{\"@type\":\"Person\",\"@id\":\"https:\/\/radioinfinitagoya.com.ar\/v1\/#\/schema\/person\/d4cf9c413d4f6edb24aabdccab49ca4a\",\"name\":\"Jorge Mi\u00f1o\",\"image\":{\"@type\":\"ImageObject\",\"inLanguage\":\"es-AR\",\"@id\":\"https:\/\/secure.gravatar.com\/avatar\/910fcf6728fe95320e07a6643c1581fec1c7fc4bf8ae12e3d8f0d0373dc844be?s=96&d=mm&r=g\",\"url\":\"https:\/\/secure.gravatar.com\/avatar\/910fcf6728fe95320e07a6643c1581fec1c7fc4bf8ae12e3d8f0d0373dc844be?s=96&d=mm&r=g\",\"contentUrl\":\"https:\/\/secure.gravatar.com\/avatar\/910fcf6728fe95320e07a6643c1581fec1c7fc4bf8ae12e3d8f0d0373dc844be?s=96&d=mm&r=g\",\"caption\":\"Jorge Mi\u00f1o\"},\"sameAs\":[\"http:\/\/radioinfinitagoya.com.ar\"]}]}<\/script>\n<!-- \/ Yoast SEO plugin. -->","yoast_head_json":{"title":"Juan P Vald\u00e9s impuls\u00f3 obras clave en el Parque Industrial de Goya - Radio Infinita Goya","description":"El gobernador Juan Pablo Vald\u00e9s acord\u00f3 una inversi\u00f3n que en un primer tramo ser\u00e1 de 300 millones de pesos para pavimentaci\u00f3n y cierre perimetral, adem\u00e1s","robots":{"index":"index","follow":"follow","max-snippet":"max-snippet:-1","max-image-preview":"max-image-preview:large","max-video-preview":"max-video-preview:-1"},"canonical":"https:\/\/radioinfinitagoya.com.ar\/v1\/2026\/05\/01\/juan-p-valdes-impulso-obras-clave-en-el-parque-industrial-de-goya\/","og_locale":"es_ES","og_type":"article","og_title":"Juan P Vald\u00e9s impuls\u00f3 obras clave en el Parque Industrial de Goya - Radio Infinita Goya","og_description":"El gobernador Juan Pablo Vald\u00e9s acord\u00f3 una inversi\u00f3n que en un primer tramo ser\u00e1 de 300 millones de pesos para pavimentaci\u00f3n y cierre perimetral, adem\u00e1s","og_url":"https:\/\/radioinfinitagoya.com.ar\/v1\/2026\/05\/01\/juan-p-valdes-impulso-obras-clave-en-el-parque-industrial-de-goya\/","og_site_name":"Radio Infinita Goya","article_publisher":"https:\/\/www.facebook.com\/p\/Infinita-Goya-100063870918311\/","article_published_time":"2026-05-01T20:17:52+00:00","og_image":[{"width":560,"height":374,"url":"https:\/\/radioinfinitagoya.com.ar\/v1\/wp-content\/uploads\/2026\/05\/descarga.jpg","type":"image\/jpeg"}],"author":"Jorge Mi\u00f1o","twitter_card":"summary_large_image","twitter_misc":{"Escrito por":"Jorge Mi\u00f1o","Tiempo de lectura":"2 minutos"},"schema":{"@context":"https:\/\/schema.org","@graph":[{"@type":"Article","@id":"https:\/\/radioinfinitagoya.com.ar\/v1\/2026\/05\/01\/juan-p-valdes-impulso-obras-clave-en-el-parque-industrial-de-goya\/#article","isPartOf":{"@id":"https:\/\/radioinfinitagoya.com.ar\/v1\/2026\/05\/01\/juan-p-valdes-impulso-obras-clave-en-el-parque-industrial-de-goya\/"},"author":{"name":"Jorge Mi\u00f1o","@id":"https:\/\/radioinfinitagoya.com.ar\/v1\/#\/schema\/person\/d4cf9c413d4f6edb24aabdccab49ca4a"},"headline":"Juan P Vald\u00e9s impuls\u00f3 obras clave en el Parque Industrial de Goya","datePublished":"2026-05-01T20:17:52+00:00","mainEntityOfPage":{"@id":"https:\/\/radioinfinitagoya.com.ar\/v1\/2026\/05\/01\/juan-p-valdes-impulso-obras-clave-en-el-parque-industrial-de-goya\/"},"wordCount":362,"commentCount":0,"publisher":{"@id":"https:\/\/radioinfinitagoya.com.ar\/v1\/#organization"},"image":{"@id":"https:\/\/radioinfinitagoya.com.ar\/v1\/2026\/05\/01\/juan-p-valdes-impulso-obras-clave-en-el-parque-industrial-de-goya\/#primaryimage"},"thumbnailUrl":"https:\/\/radioinfinitagoya.com.ar\/v1\/wp-content\/uploads\/2026\/05\/descarga.jpg","articleSection":["LOCALES"],"inLanguage":"es-AR","potentialAction":[{"@type":"CommentAction","name":"Comment","target":["https:\/\/radioinfinitagoya.com.ar\/v1\/2026\/05\/01\/juan-p-valdes-impulso-obras-clave-en-el-parque-industrial-de-goya\/#respond"]}]},{"@type":"WebPage","@id":"https:\/\/radioinfinitagoya.com.ar\/v1\/2026\/05\/01\/juan-p-valdes-impulso-obras-clave-en-el-parque-industrial-de-goya\/","url":"https:\/\/radioinfinitagoya.com.ar\/v1\/2026\/05\/01\/juan-p-valdes-impulso-obras-clave-en-el-parque-industrial-de-goya\/","name":"Juan P Vald\u00e9s impuls\u00f3 obras clave en el Parque Industrial de Goya - Radio Infinita Goya","isPartOf":{"@id":"https:\/\/radioinfinitagoya.com.ar\/v1\/#website"},"primaryImageOfPage":{"@id":"https:\/\/radioinfinitagoya.com.ar\/v1\/2026\/05\/01\/juan-p-valdes-impulso-obras-clave-en-el-parque-industrial-de-goya\/#primaryimage"},"image":{"@id":"https:\/\/radioinfinitagoya.com.ar\/v1\/2026\/05\/01\/juan-p-valdes-impulso-obras-clave-en-el-parque-industrial-de-goya\/#primaryimage"},"thumbnailUrl":"https:\/\/radioinfinitagoya.com.ar\/v1\/wp-content\/uploads\/2026\/05\/descarga.jpg","datePublished":"2026-05-01T20:17:52+00:00","description":"El gobernador Juan Pablo Vald\u00e9s acord\u00f3 una inversi\u00f3n que en un primer tramo ser\u00e1 de 300 millones de pesos para pavimentaci\u00f3n y cierre perimetral, adem\u00e1s","breadcrumb":{"@id":"https:\/\/radioinfinitagoya.com.ar\/v1\/2026\/05\/01\/juan-p-valdes-impulso-obras-clave-en-el-parque-industrial-de-goya\/#breadcrumb"},"inLanguage":"es-AR","potentialAction":[{"@type":"ReadAction","target":["https:\/\/radioinfinitagoya.com.ar\/v1\/2026\/05\/01\/juan-p-valdes-impulso-obras-clave-en-el-parque-industrial-de-goya\/"]}]},{"@type":"ImageObject","inLanguage":"es-AR","@id":"https:\/\/radioinfinitagoya.com.ar\/v1\/2026\/05\/01\/juan-p-valdes-impulso-obras-clave-en-el-parque-industrial-de-goya\/#primaryimage","url":"https:\/\/radioinfinitagoya.com.ar\/v1\/wp-content\/uploads\/2026\/05\/descarga.jpg","contentUrl":"https:\/\/radioinfinitagoya.com.ar\/v1\/wp-content\/uploads\/2026\/05\/descarga.jpg","width":560,"height":374},{"@type":"BreadcrumbList","@id":"https:\/\/radioinfinitagoya.com.ar\/v1\/2026\/05\/01\/juan-p-valdes-impulso-obras-clave-en-el-parque-industrial-de-goya\/#breadcrumb","itemListElement":[{"@type":"ListItem","position":1,"name":"Inicio","item":"https:\/\/radioinfinitagoya.com.ar\/v1\/"},{"@type":"ListItem","position":2,"name":"Juan P Vald\u00e9s impuls\u00f3 obras clave en el Parque Industrial de Goya"}]},{"@type":"WebSite","@id":"https:\/\/radioinfinitagoya.com.ar\/v1\/#website","url":"https:\/\/radioinfinitagoya.com.ar\/v1\/","name":"radioinfinitagoya.com.ar","description":"Radio de noticias","publisher":{"@id":"https:\/\/radioinfinitagoya.com.ar\/v1\/#organization"},"potentialAction":[{"@type":"SearchAction","target":{"@type":"EntryPoint","urlTemplate":"https:\/\/radioinfinitagoya.com.ar\/v1\/?s={search_term_string}"},"query-input":{"@type":"PropertyValueSpecification","valueRequired":true,"valueName":"search_term_string"}}],"inLanguage":"es-AR"},{"@type":"Organization","@id":"https:\/\/radioinfinitagoya.com.ar\/v1\/#organization","name":"Radio Infinita Goya","url":"https:\/\/radioinfinitagoya.com.ar\/v1\/","logo":{"@type":"ImageObject","inLanguage":"es-AR","@id":"https:\/\/radioinfinitagoya.com.ar\/v1\/#\/schema\/logo\/image\/","url":"https:\/\/radioinfinitagoya.com.ar\/v1\/wp-content\/uploads\/2019\/11\/logo-pie-web.png","contentUrl":"https:\/\/radioinfinitagoya.com.ar\/v1\/wp-content\/uploads\/2019\/11\/logo-pie-web.png","width":635,"height":326,"caption":"Radio Infinita Goya"},"image":{"@id":"https:\/\/radioinfinitagoya.com.ar\/v1\/#\/schema\/logo\/image\/"},"sameAs":["https:\/\/www.facebook.com\/p\/Infinita-Goya-100063870918311\/"]},{"@type":"Person","@id":"https:\/\/radioinfinitagoya.com.ar\/v1\/#\/schema\/person\/d4cf9c413d4f6edb24aabdccab49ca4a","name":"Jorge Mi\u00f1o","image":{"@type":"ImageObject","inLanguage":"es-AR","@id":"https:\/\/secure.gravatar.com\/avatar\/910fcf6728fe95320e07a6643c1581fec1c7fc4bf8ae12e3d8f0d0373dc844be?s=96&d=mm&r=g","url":"https:\/\/secure.gravatar.com\/avatar\/910fcf6728fe95320e07a6643c1581fec1c7fc4bf8ae12e3d8f0d0373dc844be?s=96&d=mm&r=g","contentUrl":"https:\/\/secure.gravatar.com\/avatar\/910fcf6728fe95320e07a6643c1581fec1c7fc4bf8ae12e3d8f0d0373dc844be?s=96&d=mm&r=g","caption":"Jorge Mi\u00f1o"},"sameAs":["http:\/\/radioinfinitagoya.com.ar"]}]}},"_links":{"self":[{"href":"https:\/\/radioinfinitagoya.com.ar\/v1\/wp-json\/wp\/v2\/posts\/214003","targetHints":{"allow":["GET"]}}],"collection":[{"href":"https:\/\/radioinfinitagoya.com.ar\/v1\/wp-json\/wp\/v2\/posts"}],"about":[{"href":"https:\/\/radioinfinitagoya.com.ar\/v1\/wp-json\/wp\/v2\/types\/post"}],"author":[{"embeddable":true,"href":"https:\/\/radioinfinitagoya.com.ar\/v1\/wp-json\/wp\/v2\/users\/4"}],"replies":[{"embeddable":true,"href":"https:\/\/radioinfinitagoya.com.ar\/v1\/wp-json\/wp\/v2\/comments?post=214003"}],"version-history":[{"count":1,"href":"https:\/\/radioinfinitagoya.com.ar\/v1\/wp-json\/wp\/v2\/posts\/214003\/revisions"}],"predecessor-version":[{"id":214005,"href":"https:\/\/radioinfinitagoya.com.ar\/v1\/wp-json\/wp\/v2\/posts\/214003\/revisions\/214005"}],"wp:featuredmedia":[{"embeddable":true,"href":"https:\/\/radioinfinitagoya.com.ar\/v1\/wp-json\/wp\/v2\/media\/214004"}],"wp:attachment":[{"href":"https:\/\/radioinfinitagoya.com.ar\/v1\/wp-json\/wp\/v2\/media?parent=214003"}],"wp:term":[{"taxonomy":"category","embeddable":true,"href":"https:\/\/radioinfinitagoya.com.ar\/v1\/wp-json\/wp\/v2\/categories?post=214003"},{"taxonomy":"post_tag","embeddable":true,"href":"https:\/\/radioinfinitagoya.com.ar\/v1\/wp-json\/wp\/v2\/tags?post=214003"}],"curies":[{"name":"wp","href":"https:\/\/api.w.org\/{rel}","templated":true}]}}