{"id":214009,"date":"2026-05-01T17:21:18","date_gmt":"2026-05-01T20:21:18","guid":{"rendered":"https:\/\/radioinfinitagoya.com.ar\/v1\/?p=214009"},"modified":"2026-05-01T17:21:18","modified_gmt":"2026-05-01T20:21:18","slug":"estos-son-los-candidatos-a-ocupar-el-juzgado-federal-1-de-corrientes","status":"publish","type":"post","link":"https:\/\/radioinfinitagoya.com.ar\/v1\/2026\/05\/01\/estos-son-los-candidatos-a-ocupar-el-juzgado-federal-1-de-corrientes\/","title":{"rendered":"Estos son los candidatos a ocupar el Juzgado Federal 1 de Corrientes"},"content":{"rendered":"<p>El presidente Javier Milei deber\u00e1 definir qu\u00e9 nombre env\u00eda al Senado para la aprobaci\u00f3n.<\/p>\n<p>El Consejo de la Magistratura de la Naci\u00f3n aprob\u00f3 la terna del concurso para cubrir la vacante en el Juzgado Federal de 1 de Corrientes con competencia electoral. Ahora deber\u00e1 definir el presidente Javier Milei qu\u00e9 nombre env\u00eda al Senado para la aprobaci\u00f3n.<\/p>\n<p>Entre la aprobaci\u00f3n y la lista de candidatos<\/p>\n<p>Di\u00f3medes Guillermo Rojas Busellatto<br \/>\nJuan Carlos Vallejos<br \/>\nMar\u00eda del Carmen Mareco<\/p>\n<p>Lista complementaria, art\u00edculo 48 del reglamento: 4\u00ba) Mat\u00edas Alejandro Latino y 5\u00ba) Harry Lionel Schurig.<\/p>\n<p>El juzgado de la calle 25 de Mayo est\u00e1 vacante desde el a\u00f1o 2019, cuando se retir\u00f3 el juez Carlos Soto D\u00e1vila.<\/p>\n<p>Entre los candidatos oficializados, se conoce que Rojas Busellato es abogado y ejerce en Corrientes, donde tambi\u00e9n se desempe\u00f1a como docente universitario. Por otro lado, Vallejos es el actual juez federal N\u00b0 2 de Corrientes, mientras que Mareco es jueza en la ciudad de Saladas.<\/p>\n<p>&nbsp;<\/p>\n","protected":false},"excerpt":{"rendered":"<p>El presidente Javier Milei deber\u00e1 definir qu\u00e9 nombre env\u00eda al Senado para la aprobaci\u00f3n. El Consejo de la Magistratura de la Naci\u00f3n aprob\u00f3 la terna del concurso para cubrir la vacante en el Juzgado Federal de 1 de Corrientes con competencia electoral. Ahora deber\u00e1 definir el presidente Javier Milei qu\u00e9 nombre env\u00eda al Senado para [&hellip;]<\/p>\n","protected":false},"author":4,"featured_media":214010,"comment_status":"open","ping_status":"open","sticky":false,"template":"","format":"standard","meta":{"_joinchat":[],"footnotes":""},"categories":[26],"tags":[],"class_list":{"0":"post-214009","1":"post","2":"type-post","3":"status-publish","4":"format-standard","5":"has-post-thumbnail","7":"category-provinciales"},"yoast_head":"<!-- This site is optimized with the Yoast SEO plugin v27.2 - https:\/\/yoast.com\/product\/yoast-seo-wordpress\/ -->\n<title>Estos son los candidatos a ocupar el Juzgado Federal 1 de Corrientes - Radio Infinita Goya<\/title>\n<meta name=\"description\" content=\"El presidente Javier Milei deber\u00e1 definir qu\u00e9 nombre env\u00eda al Senado para la aprobaci\u00f3n. El Consejo de la Magistratura de la Naci\u00f3n aprob\u00f3 la terna del\" \/>\n<meta name=\"robots\" content=\"index, follow, max-snippet:-1, max-image-preview:large, max-video-preview:-1\" \/>\n<link rel=\"canonical\" href=\"https:\/\/radioinfinitagoya.com.ar\/v1\/2026\/05\/01\/estos-son-los-candidatos-a-ocupar-el-juzgado-federal-1-de-corrientes\/\" \/>\n<meta property=\"og:locale\" content=\"es_ES\" \/>\n<meta property=\"og:type\" content=\"article\" \/>\n<meta property=\"og:title\" content=\"Estos son los candidatos a ocupar el Juzgado Federal 1 de Corrientes - Radio Infinita Goya\" \/>\n<meta property=\"og:description\" content=\"El presidente Javier Milei deber\u00e1 definir qu\u00e9 nombre env\u00eda al Senado para la aprobaci\u00f3n. El Consejo de la Magistratura de la Naci\u00f3n aprob\u00f3 la terna del\" \/>\n<meta property=\"og:url\" content=\"https:\/\/radioinfinitagoya.com.ar\/v1\/2026\/05\/01\/estos-son-los-candidatos-a-ocupar-el-juzgado-federal-1-de-corrientes\/\" \/>\n<meta property=\"og:site_name\" content=\"Radio Infinita Goya\" \/>\n<meta property=\"article:publisher\" content=\"https:\/\/www.facebook.com\/p\/Infinita-Goya-100063870918311\/\" \/>\n<meta property=\"article:published_time\" content=\"2026-05-01T20:21:18+00:00\" \/>\n<meta property=\"og:image\" content=\"https:\/\/radioinfinitagoya.com.ar\/v1\/wp-content\/uploads\/2026\/05\/1777650352033.webp\" \/>\n\t<meta property=\"og:image:width\" content=\"1200\" \/>\n\t<meta property=\"og:image:height\" content=\"675\" \/>\n\t<meta property=\"og:image:type\" content=\"image\/webp\" \/>\n<meta name=\"author\" content=\"Jorge Mi\u00f1o\" \/>\n<meta name=\"twitter:card\" content=\"summary_large_image\" \/>\n<meta name=\"twitter:label1\" content=\"Escrito por\" \/>\n\t<meta name=\"twitter:data1\" content=\"Jorge Mi\u00f1o\" \/>\n\t<meta name=\"twitter:label2\" content=\"Tiempo de lectura\" \/>\n\t<meta name=\"twitter:data2\" content=\"1 minuto\" \/>\n<script type=\"application\/ld+json\" class=\"yoast-schema-graph\">{\"@context\":\"https:\/\/schema.org\",\"@graph\":[{\"@type\":\"Article\",\"@id\":\"https:\/\/radioinfinitagoya.com.ar\/v1\/2026\/05\/01\/estos-son-los-candidatos-a-ocupar-el-juzgado-federal-1-de-corrientes\/#article\",\"isPartOf\":{\"@id\":\"https:\/\/radioinfinitagoya.com.ar\/v1\/2026\/05\/01\/estos-son-los-candidatos-a-ocupar-el-juzgado-federal-1-de-corrientes\/\"},\"author\":{\"name\":\"Jorge Mi\u00f1o\",\"@id\":\"https:\/\/radioinfinitagoya.com.ar\/v1\/#\/schema\/person\/d4cf9c413d4f6edb24aabdccab49ca4a\"},\"headline\":\"Estos son los candidatos a ocupar el Juzgado Federal 1 de Corrientes\",\"datePublished\":\"2026-05-01T20:21:18+00:00\",\"mainEntityOfPage\":{\"@id\":\"https:\/\/radioinfinitagoya.com.ar\/v1\/2026\/05\/01\/estos-son-los-candidatos-a-ocupar-el-juzgado-federal-1-de-corrientes\/\"},\"wordCount\":177,\"commentCount\":0,\"publisher\":{\"@id\":\"https:\/\/radioinfinitagoya.com.ar\/v1\/#organization\"},\"image\":{\"@id\":\"https:\/\/radioinfinitagoya.com.ar\/v1\/2026\/05\/01\/estos-son-los-candidatos-a-ocupar-el-juzgado-federal-1-de-corrientes\/#primaryimage\"},\"thumbnailUrl\":\"https:\/\/radioinfinitagoya.com.ar\/v1\/wp-content\/uploads\/2026\/05\/1777650352033.webp\",\"articleSection\":[\"PROVINCIALES\"],\"inLanguage\":\"es-AR\",\"potentialAction\":[{\"@type\":\"CommentAction\",\"name\":\"Comment\",\"target\":[\"https:\/\/radioinfinitagoya.com.ar\/v1\/2026\/05\/01\/estos-son-los-candidatos-a-ocupar-el-juzgado-federal-1-de-corrientes\/#respond\"]}]},{\"@type\":\"WebPage\",\"@id\":\"https:\/\/radioinfinitagoya.com.ar\/v1\/2026\/05\/01\/estos-son-los-candidatos-a-ocupar-el-juzgado-federal-1-de-corrientes\/\",\"url\":\"https:\/\/radioinfinitagoya.com.ar\/v1\/2026\/05\/01\/estos-son-los-candidatos-a-ocupar-el-juzgado-federal-1-de-corrientes\/\",\"name\":\"Estos son los candidatos a ocupar el Juzgado Federal 1 de Corrientes - Radio Infinita Goya\",\"isPartOf\":{\"@id\":\"https:\/\/radioinfinitagoya.com.ar\/v1\/#website\"},\"primaryImageOfPage\":{\"@id\":\"https:\/\/radioinfinitagoya.com.ar\/v1\/2026\/05\/01\/estos-son-los-candidatos-a-ocupar-el-juzgado-federal-1-de-corrientes\/#primaryimage\"},\"image\":{\"@id\":\"https:\/\/radioinfinitagoya.com.ar\/v1\/2026\/05\/01\/estos-son-los-candidatos-a-ocupar-el-juzgado-federal-1-de-corrientes\/#primaryimage\"},\"thumbnailUrl\":\"https:\/\/radioinfinitagoya.com.ar\/v1\/wp-content\/uploads\/2026\/05\/1777650352033.webp\",\"datePublished\":\"2026-05-01T20:21:18+00:00\",\"description\":\"El presidente Javier Milei deber\u00e1 definir qu\u00e9 nombre env\u00eda al Senado para la aprobaci\u00f3n. El Consejo de la Magistratura de la Naci\u00f3n aprob\u00f3 la terna del\",\"breadcrumb\":{\"@id\":\"https:\/\/radioinfinitagoya.com.ar\/v1\/2026\/05\/01\/estos-son-los-candidatos-a-ocupar-el-juzgado-federal-1-de-corrientes\/#breadcrumb\"},\"inLanguage\":\"es-AR\",\"potentialAction\":[{\"@type\":\"ReadAction\",\"target\":[\"https:\/\/radioinfinitagoya.com.ar\/v1\/2026\/05\/01\/estos-son-los-candidatos-a-ocupar-el-juzgado-federal-1-de-corrientes\/\"]}]},{\"@type\":\"ImageObject\",\"inLanguage\":\"es-AR\",\"@id\":\"https:\/\/radioinfinitagoya.com.ar\/v1\/2026\/05\/01\/estos-son-los-candidatos-a-ocupar-el-juzgado-federal-1-de-corrientes\/#primaryimage\",\"url\":\"https:\/\/radioinfinitagoya.com.ar\/v1\/wp-content\/uploads\/2026\/05\/1777650352033.webp\",\"contentUrl\":\"https:\/\/radioinfinitagoya.com.ar\/v1\/wp-content\/uploads\/2026\/05\/1777650352033.webp\",\"width\":1200,\"height\":675},{\"@type\":\"BreadcrumbList\",\"@id\":\"https:\/\/radioinfinitagoya.com.ar\/v1\/2026\/05\/01\/estos-son-los-candidatos-a-ocupar-el-juzgado-federal-1-de-corrientes\/#breadcrumb\",\"itemListElement\":[{\"@type\":\"ListItem\",\"position\":1,\"name\":\"Inicio\",\"item\":\"https:\/\/radioinfinitagoya.com.ar\/v1\/\"},{\"@type\":\"ListItem\",\"position\":2,\"name\":\"Estos son los candidatos a ocupar el Juzgado Federal 1 de Corrientes\"}]},{\"@type\":\"WebSite\",\"@id\":\"https:\/\/radioinfinitagoya.com.ar\/v1\/#website\",\"url\":\"https:\/\/radioinfinitagoya.com.ar\/v1\/\",\"name\":\"radioinfinitagoya.com.ar\",\"description\":\"Radio de noticias\",\"publisher\":{\"@id\":\"https:\/\/radioinfinitagoya.com.ar\/v1\/#organization\"},\"potentialAction\":[{\"@type\":\"SearchAction\",\"target\":{\"@type\":\"EntryPoint\",\"urlTemplate\":\"https:\/\/radioinfinitagoya.com.ar\/v1\/?s={search_term_string}\"},\"query-input\":{\"@type\":\"PropertyValueSpecification\",\"valueRequired\":true,\"valueName\":\"search_term_string\"}}],\"inLanguage\":\"es-AR\"},{\"@type\":\"Organization\",\"@id\":\"https:\/\/radioinfinitagoya.com.ar\/v1\/#organization\",\"name\":\"Radio Infinita Goya\",\"url\":\"https:\/\/radioinfinitagoya.com.ar\/v1\/\",\"logo\":{\"@type\":\"ImageObject\",\"inLanguage\":\"es-AR\",\"@id\":\"https:\/\/radioinfinitagoya.com.ar\/v1\/#\/schema\/logo\/image\/\",\"url\":\"https:\/\/radioinfinitagoya.com.ar\/v1\/wp-content\/uploads\/2019\/11\/logo-pie-web.png\",\"contentUrl\":\"https:\/\/radioinfinitagoya.com.ar\/v1\/wp-content\/uploads\/2019\/11\/logo-pie-web.png\",\"width\":635,\"height\":326,\"caption\":\"Radio Infinita Goya\"},\"image\":{\"@id\":\"https:\/\/radioinfinitagoya.com.ar\/v1\/#\/schema\/logo\/image\/\"},\"sameAs\":[\"https:\/\/www.facebook.com\/p\/Infinita-Goya-100063870918311\/\"]},{\"@type\":\"Person\",\"@id\":\"https:\/\/radioinfinitagoya.com.ar\/v1\/#\/schema\/person\/d4cf9c413d4f6edb24aabdccab49ca4a\",\"name\":\"Jorge Mi\u00f1o\",\"image\":{\"@type\":\"ImageObject\",\"inLanguage\":\"es-AR\",\"@id\":\"https:\/\/secure.gravatar.com\/avatar\/910fcf6728fe95320e07a6643c1581fec1c7fc4bf8ae12e3d8f0d0373dc844be?s=96&d=mm&r=g\",\"url\":\"https:\/\/secure.gravatar.com\/avatar\/910fcf6728fe95320e07a6643c1581fec1c7fc4bf8ae12e3d8f0d0373dc844be?s=96&d=mm&r=g\",\"contentUrl\":\"https:\/\/secure.gravatar.com\/avatar\/910fcf6728fe95320e07a6643c1581fec1c7fc4bf8ae12e3d8f0d0373dc844be?s=96&d=mm&r=g\",\"caption\":\"Jorge Mi\u00f1o\"},\"sameAs\":[\"http:\/\/radioinfinitagoya.com.ar\"]}]}<\/script>\n<!-- \/ Yoast SEO plugin. -->","yoast_head_json":{"title":"Estos son los candidatos a ocupar el Juzgado Federal 1 de Corrientes - Radio Infinita Goya","description":"El presidente Javier Milei deber\u00e1 definir qu\u00e9 nombre env\u00eda al Senado para la aprobaci\u00f3n. El Consejo de la Magistratura de la Naci\u00f3n aprob\u00f3 la terna del","robots":{"index":"index","follow":"follow","max-snippet":"max-snippet:-1","max-image-preview":"max-image-preview:large","max-video-preview":"max-video-preview:-1"},"canonical":"https:\/\/radioinfinitagoya.com.ar\/v1\/2026\/05\/01\/estos-son-los-candidatos-a-ocupar-el-juzgado-federal-1-de-corrientes\/","og_locale":"es_ES","og_type":"article","og_title":"Estos son los candidatos a ocupar el Juzgado Federal 1 de Corrientes - Radio Infinita Goya","og_description":"El presidente Javier Milei deber\u00e1 definir qu\u00e9 nombre env\u00eda al Senado para la aprobaci\u00f3n. El Consejo de la Magistratura de la Naci\u00f3n aprob\u00f3 la terna del","og_url":"https:\/\/radioinfinitagoya.com.ar\/v1\/2026\/05\/01\/estos-son-los-candidatos-a-ocupar-el-juzgado-federal-1-de-corrientes\/","og_site_name":"Radio Infinita Goya","article_publisher":"https:\/\/www.facebook.com\/p\/Infinita-Goya-100063870918311\/","article_published_time":"2026-05-01T20:21:18+00:00","og_image":[{"width":1200,"height":675,"url":"https:\/\/radioinfinitagoya.com.ar\/v1\/wp-content\/uploads\/2026\/05\/1777650352033.webp","type":"image\/webp"}],"author":"Jorge Mi\u00f1o","twitter_card":"summary_large_image","twitter_misc":{"Escrito por":"Jorge Mi\u00f1o","Tiempo de lectura":"1 minuto"},"schema":{"@context":"https:\/\/schema.org","@graph":[{"@type":"Article","@id":"https:\/\/radioinfinitagoya.com.ar\/v1\/2026\/05\/01\/estos-son-los-candidatos-a-ocupar-el-juzgado-federal-1-de-corrientes\/#article","isPartOf":{"@id":"https:\/\/radioinfinitagoya.com.ar\/v1\/2026\/05\/01\/estos-son-los-candidatos-a-ocupar-el-juzgado-federal-1-de-corrientes\/"},"author":{"name":"Jorge Mi\u00f1o","@id":"https:\/\/radioinfinitagoya.com.ar\/v1\/#\/schema\/person\/d4cf9c413d4f6edb24aabdccab49ca4a"},"headline":"Estos son los candidatos a ocupar el Juzgado Federal 1 de Corrientes","datePublished":"2026-05-01T20:21:18+00:00","mainEntityOfPage":{"@id":"https:\/\/radioinfinitagoya.com.ar\/v1\/2026\/05\/01\/estos-son-los-candidatos-a-ocupar-el-juzgado-federal-1-de-corrientes\/"},"wordCount":177,"commentCount":0,"publisher":{"@id":"https:\/\/radioinfinitagoya.com.ar\/v1\/#organization"},"image":{"@id":"https:\/\/radioinfinitagoya.com.ar\/v1\/2026\/05\/01\/estos-son-los-candidatos-a-ocupar-el-juzgado-federal-1-de-corrientes\/#primaryimage"},"thumbnailUrl":"https:\/\/radioinfinitagoya.com.ar\/v1\/wp-content\/uploads\/2026\/05\/1777650352033.webp","articleSection":["PROVINCIALES"],"inLanguage":"es-AR","potentialAction":[{"@type":"CommentAction","name":"Comment","target":["https:\/\/radioinfinitagoya.com.ar\/v1\/2026\/05\/01\/estos-son-los-candidatos-a-ocupar-el-juzgado-federal-1-de-corrientes\/#respond"]}]},{"@type":"WebPage","@id":"https:\/\/radioinfinitagoya.com.ar\/v1\/2026\/05\/01\/estos-son-los-candidatos-a-ocupar-el-juzgado-federal-1-de-corrientes\/","url":"https:\/\/radioinfinitagoya.com.ar\/v1\/2026\/05\/01\/estos-son-los-candidatos-a-ocupar-el-juzgado-federal-1-de-corrientes\/","name":"Estos son los candidatos a ocupar el Juzgado Federal 1 de Corrientes - Radio Infinita Goya","isPartOf":{"@id":"https:\/\/radioinfinitagoya.com.ar\/v1\/#website"},"primaryImageOfPage":{"@id":"https:\/\/radioinfinitagoya.com.ar\/v1\/2026\/05\/01\/estos-son-los-candidatos-a-ocupar-el-juzgado-federal-1-de-corrientes\/#primaryimage"},"image":{"@id":"https:\/\/radioinfinitagoya.com.ar\/v1\/2026\/05\/01\/estos-son-los-candidatos-a-ocupar-el-juzgado-federal-1-de-corrientes\/#primaryimage"},"thumbnailUrl":"https:\/\/radioinfinitagoya.com.ar\/v1\/wp-content\/uploads\/2026\/05\/1777650352033.webp","datePublished":"2026-05-01T20:21:18+00:00","description":"El presidente Javier Milei deber\u00e1 definir qu\u00e9 nombre env\u00eda al Senado para la aprobaci\u00f3n. El Consejo de la Magistratura de la Naci\u00f3n aprob\u00f3 la terna del","breadcrumb":{"@id":"https:\/\/radioinfinitagoya.com.ar\/v1\/2026\/05\/01\/estos-son-los-candidatos-a-ocupar-el-juzgado-federal-1-de-corrientes\/#breadcrumb"},"inLanguage":"es-AR","potentialAction":[{"@type":"ReadAction","target":["https:\/\/radioinfinitagoya.com.ar\/v1\/2026\/05\/01\/estos-son-los-candidatos-a-ocupar-el-juzgado-federal-1-de-corrientes\/"]}]},{"@type":"ImageObject","inLanguage":"es-AR","@id":"https:\/\/radioinfinitagoya.com.ar\/v1\/2026\/05\/01\/estos-son-los-candidatos-a-ocupar-el-juzgado-federal-1-de-corrientes\/#primaryimage","url":"https:\/\/radioinfinitagoya.com.ar\/v1\/wp-content\/uploads\/2026\/05\/1777650352033.webp","contentUrl":"https:\/\/radioinfinitagoya.com.ar\/v1\/wp-content\/uploads\/2026\/05\/1777650352033.webp","width":1200,"height":675},{"@type":"BreadcrumbList","@id":"https:\/\/radioinfinitagoya.com.ar\/v1\/2026\/05\/01\/estos-son-los-candidatos-a-ocupar-el-juzgado-federal-1-de-corrientes\/#breadcrumb","itemListElement":[{"@type":"ListItem","position":1,"name":"Inicio","item":"https:\/\/radioinfinitagoya.com.ar\/v1\/"},{"@type":"ListItem","position":2,"name":"Estos son los candidatos a ocupar el Juzgado Federal 1 de Corrientes"}]},{"@type":"WebSite","@id":"https:\/\/radioinfinitagoya.com.ar\/v1\/#website","url":"https:\/\/radioinfinitagoya.com.ar\/v1\/","name":"radioinfinitagoya.com.ar","description":"Radio de noticias","publisher":{"@id":"https:\/\/radioinfinitagoya.com.ar\/v1\/#organization"},"potentialAction":[{"@type":"SearchAction","target":{"@type":"EntryPoint","urlTemplate":"https:\/\/radioinfinitagoya.com.ar\/v1\/?s={search_term_string}"},"query-input":{"@type":"PropertyValueSpecification","valueRequired":true,"valueName":"search_term_string"}}],"inLanguage":"es-AR"},{"@type":"Organization","@id":"https:\/\/radioinfinitagoya.com.ar\/v1\/#organization","name":"Radio Infinita Goya","url":"https:\/\/radioinfinitagoya.com.ar\/v1\/","logo":{"@type":"ImageObject","inLanguage":"es-AR","@id":"https:\/\/radioinfinitagoya.com.ar\/v1\/#\/schema\/logo\/image\/","url":"https:\/\/radioinfinitagoya.com.ar\/v1\/wp-content\/uploads\/2019\/11\/logo-pie-web.png","contentUrl":"https:\/\/radioinfinitagoya.com.ar\/v1\/wp-content\/uploads\/2019\/11\/logo-pie-web.png","width":635,"height":326,"caption":"Radio Infinita Goya"},"image":{"@id":"https:\/\/radioinfinitagoya.com.ar\/v1\/#\/schema\/logo\/image\/"},"sameAs":["https:\/\/www.facebook.com\/p\/Infinita-Goya-100063870918311\/"]},{"@type":"Person","@id":"https:\/\/radioinfinitagoya.com.ar\/v1\/#\/schema\/person\/d4cf9c413d4f6edb24aabdccab49ca4a","name":"Jorge Mi\u00f1o","image":{"@type":"ImageObject","inLanguage":"es-AR","@id":"https:\/\/secure.gravatar.com\/avatar\/910fcf6728fe95320e07a6643c1581fec1c7fc4bf8ae12e3d8f0d0373dc844be?s=96&d=mm&r=g","url":"https:\/\/secure.gravatar.com\/avatar\/910fcf6728fe95320e07a6643c1581fec1c7fc4bf8ae12e3d8f0d0373dc844be?s=96&d=mm&r=g","contentUrl":"https:\/\/secure.gravatar.com\/avatar\/910fcf6728fe95320e07a6643c1581fec1c7fc4bf8ae12e3d8f0d0373dc844be?s=96&d=mm&r=g","caption":"Jorge Mi\u00f1o"},"sameAs":["http:\/\/radioinfinitagoya.com.ar"]}]}},"_links":{"self":[{"href":"https:\/\/radioinfinitagoya.com.ar\/v1\/wp-json\/wp\/v2\/posts\/214009","targetHints":{"allow":["GET"]}}],"collection":[{"href":"https:\/\/radioinfinitagoya.com.ar\/v1\/wp-json\/wp\/v2\/posts"}],"about":[{"href":"https:\/\/radioinfinitagoya.com.ar\/v1\/wp-json\/wp\/v2\/types\/post"}],"author":[{"embeddable":true,"href":"https:\/\/radioinfinitagoya.com.ar\/v1\/wp-json\/wp\/v2\/users\/4"}],"replies":[{"embeddable":true,"href":"https:\/\/radioinfinitagoya.com.ar\/v1\/wp-json\/wp\/v2\/comments?post=214009"}],"version-history":[{"count":1,"href":"https:\/\/radioinfinitagoya.com.ar\/v1\/wp-json\/wp\/v2\/posts\/214009\/revisions"}],"predecessor-version":[{"id":214011,"href":"https:\/\/radioinfinitagoya.com.ar\/v1\/wp-json\/wp\/v2\/posts\/214009\/revisions\/214011"}],"wp:featuredmedia":[{"embeddable":true,"href":"https:\/\/radioinfinitagoya.com.ar\/v1\/wp-json\/wp\/v2\/media\/214010"}],"wp:attachment":[{"href":"https:\/\/radioinfinitagoya.com.ar\/v1\/wp-json\/wp\/v2\/media?parent=214009"}],"wp:term":[{"taxonomy":"category","embeddable":true,"href":"https:\/\/radioinfinitagoya.com.ar\/v1\/wp-json\/wp\/v2\/categories?post=214009"},{"taxonomy":"post_tag","embeddable":true,"href":"https:\/\/radioinfinitagoya.com.ar\/v1\/wp-json\/wp\/v2\/tags?post=214009"}],"curies":[{"name":"wp","href":"https:\/\/api.w.org\/{rel}","templated":true}]}}