{"id":214012,"date":"2026-05-01T17:24:50","date_gmt":"2026-05-01T20:24:50","guid":{"rendered":"https:\/\/radioinfinitagoya.com.ar\/v1\/?p=214012"},"modified":"2026-05-01T17:24:50","modified_gmt":"2026-05-01T20:24:50","slug":"prision-preventiva-para-el-taxista-detenido-por-trasladar-300-ampollas-de-fentanilo","status":"publish","type":"post","link":"https:\/\/radioinfinitagoya.com.ar\/v1\/2026\/05\/01\/prision-preventiva-para-el-taxista-detenido-por-trasladar-300-ampollas-de-fentanilo\/","title":{"rendered":"Prisi\u00f3n preventiva para el taxista detenido por trasladar 300 ampollas de Fentanilo"},"content":{"rendered":"<p>La Justicia Federal dispuso una prisi\u00f3n preventiva de 60 d\u00edas al taxista detenido en Corrientes, tras comprobarse en un operativo de Gendarmer\u00eda Nacional, que trasladaba en su auto 300 ampollas de Fentanilo en su veh\u00edculo. La medida fue solicitada por el Ministerio P\u00fablico Fiscal y formalizada en audiencia ante el juez de Garant\u00edas Juan Carlos Vallejos.<\/p>\n<p>La Justicia Federal dispuso una prisi\u00f3n preventiva de 60 d\u00edas al taxista detenido en Corrientes, tras comprobarse en un operativo de Gendarmer\u00eda Nacional, que trasladaba en su auto 300 ampollas de Fentanilo en su veh\u00edculo. La medida fue solicitada por el Ministerio P\u00fablico Fiscal y formalizada en audiencia ante el juez de Garant\u00edas Juan Carlos Vallejos.<\/p>\n<p>La Justicia federal dispuso que permanezca detenido durante 60 d\u00edas mientras se desarrolla la investigaci\u00f3n.<\/p>\n<p>La medida fue solicitada por el Ministerio P\u00fablico Fiscal y formalizada en una audiencia ante el juez de Garant\u00edas Juan Carlos Vallejos. El taxista est\u00e1 acusado est\u00e1 imputado por el delito de transporte de estupefacientes.<\/p>\n<p>La petici\u00f3n fue impulsada por el \u00c1rea de Investigaci\u00f3n y Litigio de Casos Complejos de la Unidad Fiscal Corrientes, a cargo de Tamara Pourcel y en este marco, se fij\u00f3 adem\u00e1s el mismo plazo de 60 d\u00edas para el desarrollo de la investigaci\u00f3n penal preparatoria.<\/p>\n<p>El hecho<\/p>\n<p>Efectivos del Escuadr\u00f3n Ituzaing\u00f3 de Gendarmer\u00eda Nacional detectaron d\u00edas atr\u00e1s, el transporte ilegal de la sustancia opioide en un procedimiento sobre la Ruta Provincial 34.<\/p>\n<p>Un hombre llevaba tres cajas con 300 ampollas de fentanilo ocultas en el habit\u00e1culo de un taxi que fue interceptado en el mencionado viaducto.<\/p>\n<p>El traslado de forma ilegal fue descubierto en un control caminero cerca del l\u00edmite con la provincia de Misiones, seg\u00fan informaron fuentes oficiales.<\/p>\n<p>La sustancia opioide estaba en tres cajas ocultas dentro del habit\u00e1culo del automotor Chevrolet Classic identificado como &#8220;taxi&#8221; de la ciudad de Posadas, el cual circulaba con un solo ocupante, de acuerdo a lo se\u00f1alado<\/p>\n<p>La fuerza federal inform\u00f3 que el hallazgo de los gendarmes se produjo cuando estaban llevando adelante un control sobre el kil\u00f3metro 18 de la Ruta Provincial 34, en cercan\u00edas al cementerio Santo Tom\u00e1s.<\/p>\n<p>&nbsp;<\/p>\n<p>&nbsp;<\/p>\n<p>&nbsp;<\/p>\n","protected":false},"excerpt":{"rendered":"<p>La Justicia Federal dispuso una prisi\u00f3n preventiva de 60 d\u00edas al taxista detenido en Corrientes, tras comprobarse en un operativo de Gendarmer\u00eda Nacional, que trasladaba en su auto 300 ampollas de Fentanilo en su veh\u00edculo. La medida fue solicitada por el Ministerio P\u00fablico Fiscal y formalizada en audiencia ante el juez de Garant\u00edas Juan Carlos [&hellip;]<\/p>\n","protected":false},"author":4,"featured_media":214014,"comment_status":"open","ping_status":"open","sticky":false,"template":"","format":"standard","meta":{"_joinchat":[],"footnotes":""},"categories":[26],"tags":[],"class_list":{"0":"post-214012","1":"post","2":"type-post","3":"status-publish","4":"format-standard","5":"has-post-thumbnail","7":"category-provinciales"},"yoast_head":"<!-- This site is optimized with the Yoast SEO plugin v27.2 - https:\/\/yoast.com\/product\/yoast-seo-wordpress\/ -->\n<title>Prisi\u00f3n preventiva para el taxista detenido por trasladar 300 ampollas de Fentanilo - Radio Infinita Goya<\/title>\n<meta name=\"description\" content=\"La Justicia Federal dispuso una prisi\u00f3n preventiva de 60 d\u00edas al taxista detenido en Corrientes, tras comprobarse en un operativo de Gendarmer\u00eda Nacional,\" \/>\n<meta name=\"robots\" content=\"index, follow, max-snippet:-1, max-image-preview:large, max-video-preview:-1\" \/>\n<link rel=\"canonical\" href=\"https:\/\/radioinfinitagoya.com.ar\/v1\/2026\/05\/01\/prision-preventiva-para-el-taxista-detenido-por-trasladar-300-ampollas-de-fentanilo\/\" \/>\n<meta property=\"og:locale\" content=\"es_ES\" \/>\n<meta property=\"og:type\" content=\"article\" \/>\n<meta property=\"og:title\" content=\"Prisi\u00f3n preventiva para el taxista detenido por trasladar 300 ampollas de Fentanilo - Radio Infinita Goya\" \/>\n<meta property=\"og:description\" content=\"La Justicia Federal dispuso una prisi\u00f3n preventiva de 60 d\u00edas al taxista detenido en Corrientes, tras comprobarse en un operativo de Gendarmer\u00eda Nacional,\" \/>\n<meta property=\"og:url\" content=\"https:\/\/radioinfinitagoya.com.ar\/v1\/2026\/05\/01\/prision-preventiva-para-el-taxista-detenido-por-trasladar-300-ampollas-de-fentanilo\/\" \/>\n<meta property=\"og:site_name\" content=\"Radio Infinita Goya\" \/>\n<meta property=\"article:publisher\" content=\"https:\/\/www.facebook.com\/p\/Infinita-Goya-100063870918311\/\" \/>\n<meta property=\"article:published_time\" content=\"2026-05-01T20:24:50+00:00\" \/>\n<meta property=\"og:image\" content=\"https:\/\/radioinfinitagoya.com.ar\/v1\/wp-content\/uploads\/2026\/05\/284854w526h285c.jpg.webp\" \/>\n\t<meta property=\"og:image:width\" content=\"526\" \/>\n\t<meta property=\"og:image:height\" content=\"285\" \/>\n\t<meta property=\"og:image:type\" content=\"image\/webp\" \/>\n<meta name=\"author\" content=\"Jorge Mi\u00f1o\" \/>\n<meta name=\"twitter:card\" content=\"summary_large_image\" \/>\n<meta name=\"twitter:label1\" content=\"Escrito por\" \/>\n\t<meta name=\"twitter:data1\" content=\"Jorge Mi\u00f1o\" \/>\n\t<meta name=\"twitter:label2\" content=\"Tiempo de lectura\" \/>\n\t<meta name=\"twitter:data2\" content=\"2 minutos\" \/>\n<script type=\"application\/ld+json\" class=\"yoast-schema-graph\">{\"@context\":\"https:\/\/schema.org\",\"@graph\":[{\"@type\":\"Article\",\"@id\":\"https:\/\/radioinfinitagoya.com.ar\/v1\/2026\/05\/01\/prision-preventiva-para-el-taxista-detenido-por-trasladar-300-ampollas-de-fentanilo\/#article\",\"isPartOf\":{\"@id\":\"https:\/\/radioinfinitagoya.com.ar\/v1\/2026\/05\/01\/prision-preventiva-para-el-taxista-detenido-por-trasladar-300-ampollas-de-fentanilo\/\"},\"author\":{\"name\":\"Jorge Mi\u00f1o\",\"@id\":\"https:\/\/radioinfinitagoya.com.ar\/v1\/#\/schema\/person\/d4cf9c413d4f6edb24aabdccab49ca4a\"},\"headline\":\"Prisi\u00f3n preventiva para el taxista detenido por trasladar 300 ampollas de Fentanilo\",\"datePublished\":\"2026-05-01T20:24:50+00:00\",\"mainEntityOfPage\":{\"@id\":\"https:\/\/radioinfinitagoya.com.ar\/v1\/2026\/05\/01\/prision-preventiva-para-el-taxista-detenido-por-trasladar-300-ampollas-de-fentanilo\/\"},\"wordCount\":387,\"commentCount\":0,\"publisher\":{\"@id\":\"https:\/\/radioinfinitagoya.com.ar\/v1\/#organization\"},\"image\":{\"@id\":\"https:\/\/radioinfinitagoya.com.ar\/v1\/2026\/05\/01\/prision-preventiva-para-el-taxista-detenido-por-trasladar-300-ampollas-de-fentanilo\/#primaryimage\"},\"thumbnailUrl\":\"https:\/\/radioinfinitagoya.com.ar\/v1\/wp-content\/uploads\/2026\/05\/284854w526h285c.jpg.webp\",\"articleSection\":[\"PROVINCIALES\"],\"inLanguage\":\"es-AR\",\"potentialAction\":[{\"@type\":\"CommentAction\",\"name\":\"Comment\",\"target\":[\"https:\/\/radioinfinitagoya.com.ar\/v1\/2026\/05\/01\/prision-preventiva-para-el-taxista-detenido-por-trasladar-300-ampollas-de-fentanilo\/#respond\"]}]},{\"@type\":\"WebPage\",\"@id\":\"https:\/\/radioinfinitagoya.com.ar\/v1\/2026\/05\/01\/prision-preventiva-para-el-taxista-detenido-por-trasladar-300-ampollas-de-fentanilo\/\",\"url\":\"https:\/\/radioinfinitagoya.com.ar\/v1\/2026\/05\/01\/prision-preventiva-para-el-taxista-detenido-por-trasladar-300-ampollas-de-fentanilo\/\",\"name\":\"Prisi\u00f3n preventiva para el taxista detenido por trasladar 300 ampollas de Fentanilo - Radio Infinita Goya\",\"isPartOf\":{\"@id\":\"https:\/\/radioinfinitagoya.com.ar\/v1\/#website\"},\"primaryImageOfPage\":{\"@id\":\"https:\/\/radioinfinitagoya.com.ar\/v1\/2026\/05\/01\/prision-preventiva-para-el-taxista-detenido-por-trasladar-300-ampollas-de-fentanilo\/#primaryimage\"},\"image\":{\"@id\":\"https:\/\/radioinfinitagoya.com.ar\/v1\/2026\/05\/01\/prision-preventiva-para-el-taxista-detenido-por-trasladar-300-ampollas-de-fentanilo\/#primaryimage\"},\"thumbnailUrl\":\"https:\/\/radioinfinitagoya.com.ar\/v1\/wp-content\/uploads\/2026\/05\/284854w526h285c.jpg.webp\",\"datePublished\":\"2026-05-01T20:24:50+00:00\",\"description\":\"La Justicia Federal dispuso una prisi\u00f3n preventiva de 60 d\u00edas al taxista detenido en Corrientes, tras comprobarse en un operativo de Gendarmer\u00eda Nacional,\",\"breadcrumb\":{\"@id\":\"https:\/\/radioinfinitagoya.com.ar\/v1\/2026\/05\/01\/prision-preventiva-para-el-taxista-detenido-por-trasladar-300-ampollas-de-fentanilo\/#breadcrumb\"},\"inLanguage\":\"es-AR\",\"potentialAction\":[{\"@type\":\"ReadAction\",\"target\":[\"https:\/\/radioinfinitagoya.com.ar\/v1\/2026\/05\/01\/prision-preventiva-para-el-taxista-detenido-por-trasladar-300-ampollas-de-fentanilo\/\"]}]},{\"@type\":\"ImageObject\",\"inLanguage\":\"es-AR\",\"@id\":\"https:\/\/radioinfinitagoya.com.ar\/v1\/2026\/05\/01\/prision-preventiva-para-el-taxista-detenido-por-trasladar-300-ampollas-de-fentanilo\/#primaryimage\",\"url\":\"https:\/\/radioinfinitagoya.com.ar\/v1\/wp-content\/uploads\/2026\/05\/284854w526h285c.jpg.webp\",\"contentUrl\":\"https:\/\/radioinfinitagoya.com.ar\/v1\/wp-content\/uploads\/2026\/05\/284854w526h285c.jpg.webp\",\"width\":526,\"height\":285},{\"@type\":\"BreadcrumbList\",\"@id\":\"https:\/\/radioinfinitagoya.com.ar\/v1\/2026\/05\/01\/prision-preventiva-para-el-taxista-detenido-por-trasladar-300-ampollas-de-fentanilo\/#breadcrumb\",\"itemListElement\":[{\"@type\":\"ListItem\",\"position\":1,\"name\":\"Inicio\",\"item\":\"https:\/\/radioinfinitagoya.com.ar\/v1\/\"},{\"@type\":\"ListItem\",\"position\":2,\"name\":\"Prisi\u00f3n preventiva para el taxista detenido por trasladar 300 ampollas de Fentanilo\"}]},{\"@type\":\"WebSite\",\"@id\":\"https:\/\/radioinfinitagoya.com.ar\/v1\/#website\",\"url\":\"https:\/\/radioinfinitagoya.com.ar\/v1\/\",\"name\":\"radioinfinitagoya.com.ar\",\"description\":\"Radio de noticias\",\"publisher\":{\"@id\":\"https:\/\/radioinfinitagoya.com.ar\/v1\/#organization\"},\"potentialAction\":[{\"@type\":\"SearchAction\",\"target\":{\"@type\":\"EntryPoint\",\"urlTemplate\":\"https:\/\/radioinfinitagoya.com.ar\/v1\/?s={search_term_string}\"},\"query-input\":{\"@type\":\"PropertyValueSpecification\",\"valueRequired\":true,\"valueName\":\"search_term_string\"}}],\"inLanguage\":\"es-AR\"},{\"@type\":\"Organization\",\"@id\":\"https:\/\/radioinfinitagoya.com.ar\/v1\/#organization\",\"name\":\"Radio Infinita Goya\",\"url\":\"https:\/\/radioinfinitagoya.com.ar\/v1\/\",\"logo\":{\"@type\":\"ImageObject\",\"inLanguage\":\"es-AR\",\"@id\":\"https:\/\/radioinfinitagoya.com.ar\/v1\/#\/schema\/logo\/image\/\",\"url\":\"https:\/\/radioinfinitagoya.com.ar\/v1\/wp-content\/uploads\/2019\/11\/logo-pie-web.png\",\"contentUrl\":\"https:\/\/radioinfinitagoya.com.ar\/v1\/wp-content\/uploads\/2019\/11\/logo-pie-web.png\",\"width\":635,\"height\":326,\"caption\":\"Radio Infinita Goya\"},\"image\":{\"@id\":\"https:\/\/radioinfinitagoya.com.ar\/v1\/#\/schema\/logo\/image\/\"},\"sameAs\":[\"https:\/\/www.facebook.com\/p\/Infinita-Goya-100063870918311\/\"]},{\"@type\":\"Person\",\"@id\":\"https:\/\/radioinfinitagoya.com.ar\/v1\/#\/schema\/person\/d4cf9c413d4f6edb24aabdccab49ca4a\",\"name\":\"Jorge Mi\u00f1o\",\"image\":{\"@type\":\"ImageObject\",\"inLanguage\":\"es-AR\",\"@id\":\"https:\/\/secure.gravatar.com\/avatar\/910fcf6728fe95320e07a6643c1581fec1c7fc4bf8ae12e3d8f0d0373dc844be?s=96&d=mm&r=g\",\"url\":\"https:\/\/secure.gravatar.com\/avatar\/910fcf6728fe95320e07a6643c1581fec1c7fc4bf8ae12e3d8f0d0373dc844be?s=96&d=mm&r=g\",\"contentUrl\":\"https:\/\/secure.gravatar.com\/avatar\/910fcf6728fe95320e07a6643c1581fec1c7fc4bf8ae12e3d8f0d0373dc844be?s=96&d=mm&r=g\",\"caption\":\"Jorge Mi\u00f1o\"},\"sameAs\":[\"http:\/\/radioinfinitagoya.com.ar\"]}]}<\/script>\n<!-- \/ Yoast SEO plugin. -->","yoast_head_json":{"title":"Prisi\u00f3n preventiva para el taxista detenido por trasladar 300 ampollas de Fentanilo - Radio Infinita Goya","description":"La Justicia Federal dispuso una prisi\u00f3n preventiva de 60 d\u00edas al taxista detenido en Corrientes, tras comprobarse en un operativo de Gendarmer\u00eda Nacional,","robots":{"index":"index","follow":"follow","max-snippet":"max-snippet:-1","max-image-preview":"max-image-preview:large","max-video-preview":"max-video-preview:-1"},"canonical":"https:\/\/radioinfinitagoya.com.ar\/v1\/2026\/05\/01\/prision-preventiva-para-el-taxista-detenido-por-trasladar-300-ampollas-de-fentanilo\/","og_locale":"es_ES","og_type":"article","og_title":"Prisi\u00f3n preventiva para el taxista detenido por trasladar 300 ampollas de Fentanilo - Radio Infinita Goya","og_description":"La Justicia Federal dispuso una prisi\u00f3n preventiva de 60 d\u00edas al taxista detenido en Corrientes, tras comprobarse en un operativo de Gendarmer\u00eda Nacional,","og_url":"https:\/\/radioinfinitagoya.com.ar\/v1\/2026\/05\/01\/prision-preventiva-para-el-taxista-detenido-por-trasladar-300-ampollas-de-fentanilo\/","og_site_name":"Radio Infinita Goya","article_publisher":"https:\/\/www.facebook.com\/p\/Infinita-Goya-100063870918311\/","article_published_time":"2026-05-01T20:24:50+00:00","og_image":[{"width":526,"height":285,"url":"https:\/\/radioinfinitagoya.com.ar\/v1\/wp-content\/uploads\/2026\/05\/284854w526h285c.jpg.webp","type":"image\/webp"}],"author":"Jorge Mi\u00f1o","twitter_card":"summary_large_image","twitter_misc":{"Escrito por":"Jorge Mi\u00f1o","Tiempo de lectura":"2 minutos"},"schema":{"@context":"https:\/\/schema.org","@graph":[{"@type":"Article","@id":"https:\/\/radioinfinitagoya.com.ar\/v1\/2026\/05\/01\/prision-preventiva-para-el-taxista-detenido-por-trasladar-300-ampollas-de-fentanilo\/#article","isPartOf":{"@id":"https:\/\/radioinfinitagoya.com.ar\/v1\/2026\/05\/01\/prision-preventiva-para-el-taxista-detenido-por-trasladar-300-ampollas-de-fentanilo\/"},"author":{"name":"Jorge Mi\u00f1o","@id":"https:\/\/radioinfinitagoya.com.ar\/v1\/#\/schema\/person\/d4cf9c413d4f6edb24aabdccab49ca4a"},"headline":"Prisi\u00f3n preventiva para el taxista detenido por trasladar 300 ampollas de Fentanilo","datePublished":"2026-05-01T20:24:50+00:00","mainEntityOfPage":{"@id":"https:\/\/radioinfinitagoya.com.ar\/v1\/2026\/05\/01\/prision-preventiva-para-el-taxista-detenido-por-trasladar-300-ampollas-de-fentanilo\/"},"wordCount":387,"commentCount":0,"publisher":{"@id":"https:\/\/radioinfinitagoya.com.ar\/v1\/#organization"},"image":{"@id":"https:\/\/radioinfinitagoya.com.ar\/v1\/2026\/05\/01\/prision-preventiva-para-el-taxista-detenido-por-trasladar-300-ampollas-de-fentanilo\/#primaryimage"},"thumbnailUrl":"https:\/\/radioinfinitagoya.com.ar\/v1\/wp-content\/uploads\/2026\/05\/284854w526h285c.jpg.webp","articleSection":["PROVINCIALES"],"inLanguage":"es-AR","potentialAction":[{"@type":"CommentAction","name":"Comment","target":["https:\/\/radioinfinitagoya.com.ar\/v1\/2026\/05\/01\/prision-preventiva-para-el-taxista-detenido-por-trasladar-300-ampollas-de-fentanilo\/#respond"]}]},{"@type":"WebPage","@id":"https:\/\/radioinfinitagoya.com.ar\/v1\/2026\/05\/01\/prision-preventiva-para-el-taxista-detenido-por-trasladar-300-ampollas-de-fentanilo\/","url":"https:\/\/radioinfinitagoya.com.ar\/v1\/2026\/05\/01\/prision-preventiva-para-el-taxista-detenido-por-trasladar-300-ampollas-de-fentanilo\/","name":"Prisi\u00f3n preventiva para el taxista detenido por trasladar 300 ampollas de Fentanilo - Radio Infinita Goya","isPartOf":{"@id":"https:\/\/radioinfinitagoya.com.ar\/v1\/#website"},"primaryImageOfPage":{"@id":"https:\/\/radioinfinitagoya.com.ar\/v1\/2026\/05\/01\/prision-preventiva-para-el-taxista-detenido-por-trasladar-300-ampollas-de-fentanilo\/#primaryimage"},"image":{"@id":"https:\/\/radioinfinitagoya.com.ar\/v1\/2026\/05\/01\/prision-preventiva-para-el-taxista-detenido-por-trasladar-300-ampollas-de-fentanilo\/#primaryimage"},"thumbnailUrl":"https:\/\/radioinfinitagoya.com.ar\/v1\/wp-content\/uploads\/2026\/05\/284854w526h285c.jpg.webp","datePublished":"2026-05-01T20:24:50+00:00","description":"La Justicia Federal dispuso una prisi\u00f3n preventiva de 60 d\u00edas al taxista detenido en Corrientes, tras comprobarse en un operativo de Gendarmer\u00eda Nacional,","breadcrumb":{"@id":"https:\/\/radioinfinitagoya.com.ar\/v1\/2026\/05\/01\/prision-preventiva-para-el-taxista-detenido-por-trasladar-300-ampollas-de-fentanilo\/#breadcrumb"},"inLanguage":"es-AR","potentialAction":[{"@type":"ReadAction","target":["https:\/\/radioinfinitagoya.com.ar\/v1\/2026\/05\/01\/prision-preventiva-para-el-taxista-detenido-por-trasladar-300-ampollas-de-fentanilo\/"]}]},{"@type":"ImageObject","inLanguage":"es-AR","@id":"https:\/\/radioinfinitagoya.com.ar\/v1\/2026\/05\/01\/prision-preventiva-para-el-taxista-detenido-por-trasladar-300-ampollas-de-fentanilo\/#primaryimage","url":"https:\/\/radioinfinitagoya.com.ar\/v1\/wp-content\/uploads\/2026\/05\/284854w526h285c.jpg.webp","contentUrl":"https:\/\/radioinfinitagoya.com.ar\/v1\/wp-content\/uploads\/2026\/05\/284854w526h285c.jpg.webp","width":526,"height":285},{"@type":"BreadcrumbList","@id":"https:\/\/radioinfinitagoya.com.ar\/v1\/2026\/05\/01\/prision-preventiva-para-el-taxista-detenido-por-trasladar-300-ampollas-de-fentanilo\/#breadcrumb","itemListElement":[{"@type":"ListItem","position":1,"name":"Inicio","item":"https:\/\/radioinfinitagoya.com.ar\/v1\/"},{"@type":"ListItem","position":2,"name":"Prisi\u00f3n preventiva para el taxista detenido por trasladar 300 ampollas de Fentanilo"}]},{"@type":"WebSite","@id":"https:\/\/radioinfinitagoya.com.ar\/v1\/#website","url":"https:\/\/radioinfinitagoya.com.ar\/v1\/","name":"radioinfinitagoya.com.ar","description":"Radio de noticias","publisher":{"@id":"https:\/\/radioinfinitagoya.com.ar\/v1\/#organization"},"potentialAction":[{"@type":"SearchAction","target":{"@type":"EntryPoint","urlTemplate":"https:\/\/radioinfinitagoya.com.ar\/v1\/?s={search_term_string}"},"query-input":{"@type":"PropertyValueSpecification","valueRequired":true,"valueName":"search_term_string"}}],"inLanguage":"es-AR"},{"@type":"Organization","@id":"https:\/\/radioinfinitagoya.com.ar\/v1\/#organization","name":"Radio Infinita Goya","url":"https:\/\/radioinfinitagoya.com.ar\/v1\/","logo":{"@type":"ImageObject","inLanguage":"es-AR","@id":"https:\/\/radioinfinitagoya.com.ar\/v1\/#\/schema\/logo\/image\/","url":"https:\/\/radioinfinitagoya.com.ar\/v1\/wp-content\/uploads\/2019\/11\/logo-pie-web.png","contentUrl":"https:\/\/radioinfinitagoya.com.ar\/v1\/wp-content\/uploads\/2019\/11\/logo-pie-web.png","width":635,"height":326,"caption":"Radio Infinita Goya"},"image":{"@id":"https:\/\/radioinfinitagoya.com.ar\/v1\/#\/schema\/logo\/image\/"},"sameAs":["https:\/\/www.facebook.com\/p\/Infinita-Goya-100063870918311\/"]},{"@type":"Person","@id":"https:\/\/radioinfinitagoya.com.ar\/v1\/#\/schema\/person\/d4cf9c413d4f6edb24aabdccab49ca4a","name":"Jorge Mi\u00f1o","image":{"@type":"ImageObject","inLanguage":"es-AR","@id":"https:\/\/secure.gravatar.com\/avatar\/910fcf6728fe95320e07a6643c1581fec1c7fc4bf8ae12e3d8f0d0373dc844be?s=96&d=mm&r=g","url":"https:\/\/secure.gravatar.com\/avatar\/910fcf6728fe95320e07a6643c1581fec1c7fc4bf8ae12e3d8f0d0373dc844be?s=96&d=mm&r=g","contentUrl":"https:\/\/secure.gravatar.com\/avatar\/910fcf6728fe95320e07a6643c1581fec1c7fc4bf8ae12e3d8f0d0373dc844be?s=96&d=mm&r=g","caption":"Jorge Mi\u00f1o"},"sameAs":["http:\/\/radioinfinitagoya.com.ar"]}]}},"_links":{"self":[{"href":"https:\/\/radioinfinitagoya.com.ar\/v1\/wp-json\/wp\/v2\/posts\/214012","targetHints":{"allow":["GET"]}}],"collection":[{"href":"https:\/\/radioinfinitagoya.com.ar\/v1\/wp-json\/wp\/v2\/posts"}],"about":[{"href":"https:\/\/radioinfinitagoya.com.ar\/v1\/wp-json\/wp\/v2\/types\/post"}],"author":[{"embeddable":true,"href":"https:\/\/radioinfinitagoya.com.ar\/v1\/wp-json\/wp\/v2\/users\/4"}],"replies":[{"embeddable":true,"href":"https:\/\/radioinfinitagoya.com.ar\/v1\/wp-json\/wp\/v2\/comments?post=214012"}],"version-history":[{"count":1,"href":"https:\/\/radioinfinitagoya.com.ar\/v1\/wp-json\/wp\/v2\/posts\/214012\/revisions"}],"predecessor-version":[{"id":214015,"href":"https:\/\/radioinfinitagoya.com.ar\/v1\/wp-json\/wp\/v2\/posts\/214012\/revisions\/214015"}],"wp:featuredmedia":[{"embeddable":true,"href":"https:\/\/radioinfinitagoya.com.ar\/v1\/wp-json\/wp\/v2\/media\/214014"}],"wp:attachment":[{"href":"https:\/\/radioinfinitagoya.com.ar\/v1\/wp-json\/wp\/v2\/media?parent=214012"}],"wp:term":[{"taxonomy":"category","embeddable":true,"href":"https:\/\/radioinfinitagoya.com.ar\/v1\/wp-json\/wp\/v2\/categories?post=214012"},{"taxonomy":"post_tag","embeddable":true,"href":"https:\/\/radioinfinitagoya.com.ar\/v1\/wp-json\/wp\/v2\/tags?post=214012"}],"curies":[{"name":"wp","href":"https:\/\/api.w.org\/{rel}","templated":true}]}}