{"id":214016,"date":"2026-05-01T17:28:24","date_gmt":"2026-05-01T20:28:24","guid":{"rendered":"https:\/\/radioinfinitagoya.com.ar\/v1\/?p=214016"},"modified":"2026-05-01T17:28:24","modified_gmt":"2026-05-01T20:28:24","slug":"caso-afa-rechazaron-la-apelacion-de-chiqui-tapia","status":"publish","type":"post","link":"https:\/\/radioinfinitagoya.com.ar\/v1\/2026\/05\/01\/caso-afa-rechazaron-la-apelacion-de-chiqui-tapia\/","title":{"rendered":"Caso AFA: rechazaron la apelaci\u00f3n de Chiqui Tapia"},"content":{"rendered":"<p>Y no podr\u00e1 defender su procesamiento<\/p>\n<p>La C\u00e1mara en lo Penal Econ\u00f3mico declar\u00f3 desierto el recurso del dirigente por presentarlo fuera de t\u00e9rmino.<\/p>\n<p>El procesamiento de Claudio &#8220;Chiqui&#8221; Tapia sum\u00f3 un nuevo cap\u00edtulo judicial tras el rechazo de su apelaci\u00f3n por parte de la C\u00e1mara en lo Penal Econ\u00f3mico. La decisi\u00f3n impide, por ahora, que el titular de la Asociaci\u00f3n del F\u00fatbol Argentino defienda su situaci\u00f3n procesal en esta instancia.<\/p>\n<p>El tribunal resolvi\u00f3 declarar desierto el recurso tanto de Tapia como de la AFA, al considerar que la presentaci\u00f3n fue realizada fuera de t\u00e9rmino. De este modo, los argumentos de la defensa no ser\u00e1n analizados cuando la C\u00e1mara avance en la resoluci\u00f3n del caso.<\/p>\n<p>No obstante, fuentes judiciales aclararon que la medida no implica que el procesamiento quede firme de manera autom\u00e1tica. Las apelaciones de otros imputados s\u00ed ser\u00e1n evaluadas, y un eventual fallo favorable podr\u00eda beneficiar tambi\u00e9n al dirigente.<\/p>\n<p>Tapia fue procesado a fines de marzo por el juez Diego Amarante, junto a otros directivos de la AFA. Entre ellos figuran el tesorero Pablo Toviggino, el secretario general Cristian Malaspina y el expresidente de Racing, Victor Blanco, entre otros.<\/p>\n<p>Todos est\u00e1n acusados de apropiaci\u00f3n indebida de tributos agravada y recursos de la seguridad social. Seg\u00fan la investigaci\u00f3n, no habr\u00edan depositado en tiempo y forma unos 19.300 millones de pesos.<\/p>\n<p>El magistrado sostuvo que los imputados habr\u00edan implementado un esquema para demorar pagos y obtener beneficios financieros. En ese marco, se dispuso un embargo de 350 millones de pesos y la prohibici\u00f3n de salida del pa\u00eds para algunos de los acusados.<\/p>\n<p>Claves del rechazo<\/p>\n<p>La C\u00e1mara hab\u00eda convocado a una audiencia para tratar las apelaciones, pero otorg\u00f3 una pr\u00f3rroga solo a algunas defensas. En ese contexto, la representaci\u00f3n legal de Tapia deb\u00eda cumplir con los plazos originales.<\/p>\n<p>Al no presentar el escrito en tiempo y forma, solicit\u00f3 una nueva audiencia, pero el pedido fue rechazado. Los jueces consideraron que la solicitud fue extempor\u00e1nea y careci\u00f3 de justificaci\u00f3n adecuada.<\/p>\n<p>Adem\u00e1s, se\u00f1alaron que no se explicaron los motivos por los cuales no se pidi\u00f3 una pr\u00f3rroga antes del vencimiento del plazo. Por ese motivo, el recurso qued\u00f3 sin efecto.<\/p>\n<p>La defensa a\u00fan tiene la posibilidad de recurrir a la C\u00e1mara Federal de Casaci\u00f3n Penal. Si se confirman los procesamientos, la causa quedar\u00e1 en condiciones de avanzar hacia un juicio oral.<\/p>\n","protected":false},"excerpt":{"rendered":"<p>Y no podr\u00e1 defender su procesamiento La C\u00e1mara en lo Penal Econ\u00f3mico declar\u00f3 desierto el recurso del dirigente por presentarlo fuera de t\u00e9rmino. El procesamiento de Claudio &#8220;Chiqui&#8221; Tapia sum\u00f3 un nuevo cap\u00edtulo judicial tras el rechazo de su apelaci\u00f3n por parte de la C\u00e1mara en lo Penal Econ\u00f3mico. La decisi\u00f3n impide, por ahora, que [&hellip;]<\/p>\n","protected":false},"author":4,"featured_media":214017,"comment_status":"open","ping_status":"open","sticky":false,"template":"","format":"standard","meta":{"_joinchat":[],"footnotes":""},"categories":[29],"tags":[],"class_list":{"0":"post-214016","1":"post","2":"type-post","3":"status-publish","4":"format-standard","5":"has-post-thumbnail","7":"category-nacionales"},"yoast_head":"<!-- This site is optimized with the Yoast SEO plugin v27.2 - https:\/\/yoast.com\/product\/yoast-seo-wordpress\/ -->\n<title>Caso AFA: rechazaron la apelaci\u00f3n de Chiqui Tapia - Radio Infinita Goya<\/title>\n<meta name=\"description\" content=\"Y no podr\u00e1 defender su procesamiento La C\u00e1mara en lo Penal Econ\u00f3mico declar\u00f3 desierto el recurso del dirigente por presentarlo fuera de t\u00e9rmino. El\" \/>\n<meta name=\"robots\" content=\"index, follow, max-snippet:-1, max-image-preview:large, max-video-preview:-1\" \/>\n<link rel=\"canonical\" href=\"https:\/\/radioinfinitagoya.com.ar\/v1\/2026\/05\/01\/caso-afa-rechazaron-la-apelacion-de-chiqui-tapia\/\" \/>\n<meta property=\"og:locale\" content=\"es_ES\" \/>\n<meta property=\"og:type\" content=\"article\" \/>\n<meta property=\"og:title\" content=\"Caso AFA: rechazaron la apelaci\u00f3n de Chiqui Tapia - Radio Infinita Goya\" \/>\n<meta property=\"og:description\" content=\"Y no podr\u00e1 defender su procesamiento La C\u00e1mara en lo Penal Econ\u00f3mico declar\u00f3 desierto el recurso del dirigente por presentarlo fuera de t\u00e9rmino. El\" \/>\n<meta property=\"og:url\" content=\"https:\/\/radioinfinitagoya.com.ar\/v1\/2026\/05\/01\/caso-afa-rechazaron-la-apelacion-de-chiqui-tapia\/\" \/>\n<meta property=\"og:site_name\" content=\"Radio Infinita Goya\" \/>\n<meta property=\"article:publisher\" content=\"https:\/\/www.facebook.com\/p\/Infinita-Goya-100063870918311\/\" \/>\n<meta property=\"article:published_time\" content=\"2026-05-01T20:28:24+00:00\" \/>\n<meta property=\"og:image\" content=\"https:\/\/radioinfinitagoya.com.ar\/v1\/wp-content\/uploads\/2026\/05\/73iHW2Kf.jpg\" \/>\n\t<meta property=\"og:image:width\" content=\"680\" \/>\n\t<meta property=\"og:image:height\" content=\"381\" \/>\n\t<meta property=\"og:image:type\" content=\"image\/jpeg\" \/>\n<meta name=\"author\" content=\"Jorge Mi\u00f1o\" \/>\n<meta name=\"twitter:card\" content=\"summary_large_image\" \/>\n<meta name=\"twitter:label1\" content=\"Escrito por\" \/>\n\t<meta name=\"twitter:data1\" content=\"Jorge Mi\u00f1o\" \/>\n\t<meta name=\"twitter:label2\" content=\"Tiempo de lectura\" \/>\n\t<meta name=\"twitter:data2\" content=\"2 minutos\" \/>\n<script type=\"application\/ld+json\" class=\"yoast-schema-graph\">{\"@context\":\"https:\/\/schema.org\",\"@graph\":[{\"@type\":\"Article\",\"@id\":\"https:\/\/radioinfinitagoya.com.ar\/v1\/2026\/05\/01\/caso-afa-rechazaron-la-apelacion-de-chiqui-tapia\/#article\",\"isPartOf\":{\"@id\":\"https:\/\/radioinfinitagoya.com.ar\/v1\/2026\/05\/01\/caso-afa-rechazaron-la-apelacion-de-chiqui-tapia\/\"},\"author\":{\"name\":\"Jorge Mi\u00f1o\",\"@id\":\"https:\/\/radioinfinitagoya.com.ar\/v1\/#\/schema\/person\/d4cf9c413d4f6edb24aabdccab49ca4a\"},\"headline\":\"Caso AFA: rechazaron la apelaci\u00f3n de Chiqui Tapia\",\"datePublished\":\"2026-05-01T20:28:24+00:00\",\"mainEntityOfPage\":{\"@id\":\"https:\/\/radioinfinitagoya.com.ar\/v1\/2026\/05\/01\/caso-afa-rechazaron-la-apelacion-de-chiqui-tapia\/\"},\"wordCount\":436,\"commentCount\":0,\"publisher\":{\"@id\":\"https:\/\/radioinfinitagoya.com.ar\/v1\/#organization\"},\"image\":{\"@id\":\"https:\/\/radioinfinitagoya.com.ar\/v1\/2026\/05\/01\/caso-afa-rechazaron-la-apelacion-de-chiqui-tapia\/#primaryimage\"},\"thumbnailUrl\":\"https:\/\/radioinfinitagoya.com.ar\/v1\/wp-content\/uploads\/2026\/05\/73iHW2Kf.jpg\",\"articleSection\":[\"NACIONALES\"],\"inLanguage\":\"es-AR\",\"potentialAction\":[{\"@type\":\"CommentAction\",\"name\":\"Comment\",\"target\":[\"https:\/\/radioinfinitagoya.com.ar\/v1\/2026\/05\/01\/caso-afa-rechazaron-la-apelacion-de-chiqui-tapia\/#respond\"]}]},{\"@type\":\"WebPage\",\"@id\":\"https:\/\/radioinfinitagoya.com.ar\/v1\/2026\/05\/01\/caso-afa-rechazaron-la-apelacion-de-chiqui-tapia\/\",\"url\":\"https:\/\/radioinfinitagoya.com.ar\/v1\/2026\/05\/01\/caso-afa-rechazaron-la-apelacion-de-chiqui-tapia\/\",\"name\":\"Caso AFA: rechazaron la apelaci\u00f3n de Chiqui Tapia - Radio Infinita Goya\",\"isPartOf\":{\"@id\":\"https:\/\/radioinfinitagoya.com.ar\/v1\/#website\"},\"primaryImageOfPage\":{\"@id\":\"https:\/\/radioinfinitagoya.com.ar\/v1\/2026\/05\/01\/caso-afa-rechazaron-la-apelacion-de-chiqui-tapia\/#primaryimage\"},\"image\":{\"@id\":\"https:\/\/radioinfinitagoya.com.ar\/v1\/2026\/05\/01\/caso-afa-rechazaron-la-apelacion-de-chiqui-tapia\/#primaryimage\"},\"thumbnailUrl\":\"https:\/\/radioinfinitagoya.com.ar\/v1\/wp-content\/uploads\/2026\/05\/73iHW2Kf.jpg\",\"datePublished\":\"2026-05-01T20:28:24+00:00\",\"description\":\"Y no podr\u00e1 defender su procesamiento La C\u00e1mara en lo Penal Econ\u00f3mico declar\u00f3 desierto el recurso del dirigente por presentarlo fuera de t\u00e9rmino. El\",\"breadcrumb\":{\"@id\":\"https:\/\/radioinfinitagoya.com.ar\/v1\/2026\/05\/01\/caso-afa-rechazaron-la-apelacion-de-chiqui-tapia\/#breadcrumb\"},\"inLanguage\":\"es-AR\",\"potentialAction\":[{\"@type\":\"ReadAction\",\"target\":[\"https:\/\/radioinfinitagoya.com.ar\/v1\/2026\/05\/01\/caso-afa-rechazaron-la-apelacion-de-chiqui-tapia\/\"]}]},{\"@type\":\"ImageObject\",\"inLanguage\":\"es-AR\",\"@id\":\"https:\/\/radioinfinitagoya.com.ar\/v1\/2026\/05\/01\/caso-afa-rechazaron-la-apelacion-de-chiqui-tapia\/#primaryimage\",\"url\":\"https:\/\/radioinfinitagoya.com.ar\/v1\/wp-content\/uploads\/2026\/05\/73iHW2Kf.jpg\",\"contentUrl\":\"https:\/\/radioinfinitagoya.com.ar\/v1\/wp-content\/uploads\/2026\/05\/73iHW2Kf.jpg\",\"width\":680,\"height\":381},{\"@type\":\"BreadcrumbList\",\"@id\":\"https:\/\/radioinfinitagoya.com.ar\/v1\/2026\/05\/01\/caso-afa-rechazaron-la-apelacion-de-chiqui-tapia\/#breadcrumb\",\"itemListElement\":[{\"@type\":\"ListItem\",\"position\":1,\"name\":\"Inicio\",\"item\":\"https:\/\/radioinfinitagoya.com.ar\/v1\/\"},{\"@type\":\"ListItem\",\"position\":2,\"name\":\"Caso AFA: rechazaron la apelaci\u00f3n de Chiqui Tapia\"}]},{\"@type\":\"WebSite\",\"@id\":\"https:\/\/radioinfinitagoya.com.ar\/v1\/#website\",\"url\":\"https:\/\/radioinfinitagoya.com.ar\/v1\/\",\"name\":\"radioinfinitagoya.com.ar\",\"description\":\"Radio de noticias\",\"publisher\":{\"@id\":\"https:\/\/radioinfinitagoya.com.ar\/v1\/#organization\"},\"potentialAction\":[{\"@type\":\"SearchAction\",\"target\":{\"@type\":\"EntryPoint\",\"urlTemplate\":\"https:\/\/radioinfinitagoya.com.ar\/v1\/?s={search_term_string}\"},\"query-input\":{\"@type\":\"PropertyValueSpecification\",\"valueRequired\":true,\"valueName\":\"search_term_string\"}}],\"inLanguage\":\"es-AR\"},{\"@type\":\"Organization\",\"@id\":\"https:\/\/radioinfinitagoya.com.ar\/v1\/#organization\",\"name\":\"Radio Infinita Goya\",\"url\":\"https:\/\/radioinfinitagoya.com.ar\/v1\/\",\"logo\":{\"@type\":\"ImageObject\",\"inLanguage\":\"es-AR\",\"@id\":\"https:\/\/radioinfinitagoya.com.ar\/v1\/#\/schema\/logo\/image\/\",\"url\":\"https:\/\/radioinfinitagoya.com.ar\/v1\/wp-content\/uploads\/2019\/11\/logo-pie-web.png\",\"contentUrl\":\"https:\/\/radioinfinitagoya.com.ar\/v1\/wp-content\/uploads\/2019\/11\/logo-pie-web.png\",\"width\":635,\"height\":326,\"caption\":\"Radio Infinita Goya\"},\"image\":{\"@id\":\"https:\/\/radioinfinitagoya.com.ar\/v1\/#\/schema\/logo\/image\/\"},\"sameAs\":[\"https:\/\/www.facebook.com\/p\/Infinita-Goya-100063870918311\/\"]},{\"@type\":\"Person\",\"@id\":\"https:\/\/radioinfinitagoya.com.ar\/v1\/#\/schema\/person\/d4cf9c413d4f6edb24aabdccab49ca4a\",\"name\":\"Jorge Mi\u00f1o\",\"image\":{\"@type\":\"ImageObject\",\"inLanguage\":\"es-AR\",\"@id\":\"https:\/\/secure.gravatar.com\/avatar\/910fcf6728fe95320e07a6643c1581fec1c7fc4bf8ae12e3d8f0d0373dc844be?s=96&d=mm&r=g\",\"url\":\"https:\/\/secure.gravatar.com\/avatar\/910fcf6728fe95320e07a6643c1581fec1c7fc4bf8ae12e3d8f0d0373dc844be?s=96&d=mm&r=g\",\"contentUrl\":\"https:\/\/secure.gravatar.com\/avatar\/910fcf6728fe95320e07a6643c1581fec1c7fc4bf8ae12e3d8f0d0373dc844be?s=96&d=mm&r=g\",\"caption\":\"Jorge Mi\u00f1o\"},\"sameAs\":[\"http:\/\/radioinfinitagoya.com.ar\"]}]}<\/script>\n<!-- \/ Yoast SEO plugin. -->","yoast_head_json":{"title":"Caso AFA: rechazaron la apelaci\u00f3n de Chiqui Tapia - Radio Infinita Goya","description":"Y no podr\u00e1 defender su procesamiento La C\u00e1mara en lo Penal Econ\u00f3mico declar\u00f3 desierto el recurso del dirigente por presentarlo fuera de t\u00e9rmino. El","robots":{"index":"index","follow":"follow","max-snippet":"max-snippet:-1","max-image-preview":"max-image-preview:large","max-video-preview":"max-video-preview:-1"},"canonical":"https:\/\/radioinfinitagoya.com.ar\/v1\/2026\/05\/01\/caso-afa-rechazaron-la-apelacion-de-chiqui-tapia\/","og_locale":"es_ES","og_type":"article","og_title":"Caso AFA: rechazaron la apelaci\u00f3n de Chiqui Tapia - Radio Infinita Goya","og_description":"Y no podr\u00e1 defender su procesamiento La C\u00e1mara en lo Penal Econ\u00f3mico declar\u00f3 desierto el recurso del dirigente por presentarlo fuera de t\u00e9rmino. El","og_url":"https:\/\/radioinfinitagoya.com.ar\/v1\/2026\/05\/01\/caso-afa-rechazaron-la-apelacion-de-chiqui-tapia\/","og_site_name":"Radio Infinita Goya","article_publisher":"https:\/\/www.facebook.com\/p\/Infinita-Goya-100063870918311\/","article_published_time":"2026-05-01T20:28:24+00:00","og_image":[{"width":680,"height":381,"url":"https:\/\/radioinfinitagoya.com.ar\/v1\/wp-content\/uploads\/2026\/05\/73iHW2Kf.jpg","type":"image\/jpeg"}],"author":"Jorge Mi\u00f1o","twitter_card":"summary_large_image","twitter_misc":{"Escrito por":"Jorge Mi\u00f1o","Tiempo de lectura":"2 minutos"},"schema":{"@context":"https:\/\/schema.org","@graph":[{"@type":"Article","@id":"https:\/\/radioinfinitagoya.com.ar\/v1\/2026\/05\/01\/caso-afa-rechazaron-la-apelacion-de-chiqui-tapia\/#article","isPartOf":{"@id":"https:\/\/radioinfinitagoya.com.ar\/v1\/2026\/05\/01\/caso-afa-rechazaron-la-apelacion-de-chiqui-tapia\/"},"author":{"name":"Jorge Mi\u00f1o","@id":"https:\/\/radioinfinitagoya.com.ar\/v1\/#\/schema\/person\/d4cf9c413d4f6edb24aabdccab49ca4a"},"headline":"Caso AFA: rechazaron la apelaci\u00f3n de Chiqui Tapia","datePublished":"2026-05-01T20:28:24+00:00","mainEntityOfPage":{"@id":"https:\/\/radioinfinitagoya.com.ar\/v1\/2026\/05\/01\/caso-afa-rechazaron-la-apelacion-de-chiqui-tapia\/"},"wordCount":436,"commentCount":0,"publisher":{"@id":"https:\/\/radioinfinitagoya.com.ar\/v1\/#organization"},"image":{"@id":"https:\/\/radioinfinitagoya.com.ar\/v1\/2026\/05\/01\/caso-afa-rechazaron-la-apelacion-de-chiqui-tapia\/#primaryimage"},"thumbnailUrl":"https:\/\/radioinfinitagoya.com.ar\/v1\/wp-content\/uploads\/2026\/05\/73iHW2Kf.jpg","articleSection":["NACIONALES"],"inLanguage":"es-AR","potentialAction":[{"@type":"CommentAction","name":"Comment","target":["https:\/\/radioinfinitagoya.com.ar\/v1\/2026\/05\/01\/caso-afa-rechazaron-la-apelacion-de-chiqui-tapia\/#respond"]}]},{"@type":"WebPage","@id":"https:\/\/radioinfinitagoya.com.ar\/v1\/2026\/05\/01\/caso-afa-rechazaron-la-apelacion-de-chiqui-tapia\/","url":"https:\/\/radioinfinitagoya.com.ar\/v1\/2026\/05\/01\/caso-afa-rechazaron-la-apelacion-de-chiqui-tapia\/","name":"Caso AFA: rechazaron la apelaci\u00f3n de Chiqui Tapia - Radio Infinita Goya","isPartOf":{"@id":"https:\/\/radioinfinitagoya.com.ar\/v1\/#website"},"primaryImageOfPage":{"@id":"https:\/\/radioinfinitagoya.com.ar\/v1\/2026\/05\/01\/caso-afa-rechazaron-la-apelacion-de-chiqui-tapia\/#primaryimage"},"image":{"@id":"https:\/\/radioinfinitagoya.com.ar\/v1\/2026\/05\/01\/caso-afa-rechazaron-la-apelacion-de-chiqui-tapia\/#primaryimage"},"thumbnailUrl":"https:\/\/radioinfinitagoya.com.ar\/v1\/wp-content\/uploads\/2026\/05\/73iHW2Kf.jpg","datePublished":"2026-05-01T20:28:24+00:00","description":"Y no podr\u00e1 defender su procesamiento La C\u00e1mara en lo Penal Econ\u00f3mico declar\u00f3 desierto el recurso del dirigente por presentarlo fuera de t\u00e9rmino. El","breadcrumb":{"@id":"https:\/\/radioinfinitagoya.com.ar\/v1\/2026\/05\/01\/caso-afa-rechazaron-la-apelacion-de-chiqui-tapia\/#breadcrumb"},"inLanguage":"es-AR","potentialAction":[{"@type":"ReadAction","target":["https:\/\/radioinfinitagoya.com.ar\/v1\/2026\/05\/01\/caso-afa-rechazaron-la-apelacion-de-chiqui-tapia\/"]}]},{"@type":"ImageObject","inLanguage":"es-AR","@id":"https:\/\/radioinfinitagoya.com.ar\/v1\/2026\/05\/01\/caso-afa-rechazaron-la-apelacion-de-chiqui-tapia\/#primaryimage","url":"https:\/\/radioinfinitagoya.com.ar\/v1\/wp-content\/uploads\/2026\/05\/73iHW2Kf.jpg","contentUrl":"https:\/\/radioinfinitagoya.com.ar\/v1\/wp-content\/uploads\/2026\/05\/73iHW2Kf.jpg","width":680,"height":381},{"@type":"BreadcrumbList","@id":"https:\/\/radioinfinitagoya.com.ar\/v1\/2026\/05\/01\/caso-afa-rechazaron-la-apelacion-de-chiqui-tapia\/#breadcrumb","itemListElement":[{"@type":"ListItem","position":1,"name":"Inicio","item":"https:\/\/radioinfinitagoya.com.ar\/v1\/"},{"@type":"ListItem","position":2,"name":"Caso AFA: rechazaron la apelaci\u00f3n de Chiqui Tapia"}]},{"@type":"WebSite","@id":"https:\/\/radioinfinitagoya.com.ar\/v1\/#website","url":"https:\/\/radioinfinitagoya.com.ar\/v1\/","name":"radioinfinitagoya.com.ar","description":"Radio de noticias","publisher":{"@id":"https:\/\/radioinfinitagoya.com.ar\/v1\/#organization"},"potentialAction":[{"@type":"SearchAction","target":{"@type":"EntryPoint","urlTemplate":"https:\/\/radioinfinitagoya.com.ar\/v1\/?s={search_term_string}"},"query-input":{"@type":"PropertyValueSpecification","valueRequired":true,"valueName":"search_term_string"}}],"inLanguage":"es-AR"},{"@type":"Organization","@id":"https:\/\/radioinfinitagoya.com.ar\/v1\/#organization","name":"Radio Infinita Goya","url":"https:\/\/radioinfinitagoya.com.ar\/v1\/","logo":{"@type":"ImageObject","inLanguage":"es-AR","@id":"https:\/\/radioinfinitagoya.com.ar\/v1\/#\/schema\/logo\/image\/","url":"https:\/\/radioinfinitagoya.com.ar\/v1\/wp-content\/uploads\/2019\/11\/logo-pie-web.png","contentUrl":"https:\/\/radioinfinitagoya.com.ar\/v1\/wp-content\/uploads\/2019\/11\/logo-pie-web.png","width":635,"height":326,"caption":"Radio Infinita Goya"},"image":{"@id":"https:\/\/radioinfinitagoya.com.ar\/v1\/#\/schema\/logo\/image\/"},"sameAs":["https:\/\/www.facebook.com\/p\/Infinita-Goya-100063870918311\/"]},{"@type":"Person","@id":"https:\/\/radioinfinitagoya.com.ar\/v1\/#\/schema\/person\/d4cf9c413d4f6edb24aabdccab49ca4a","name":"Jorge Mi\u00f1o","image":{"@type":"ImageObject","inLanguage":"es-AR","@id":"https:\/\/secure.gravatar.com\/avatar\/910fcf6728fe95320e07a6643c1581fec1c7fc4bf8ae12e3d8f0d0373dc844be?s=96&d=mm&r=g","url":"https:\/\/secure.gravatar.com\/avatar\/910fcf6728fe95320e07a6643c1581fec1c7fc4bf8ae12e3d8f0d0373dc844be?s=96&d=mm&r=g","contentUrl":"https:\/\/secure.gravatar.com\/avatar\/910fcf6728fe95320e07a6643c1581fec1c7fc4bf8ae12e3d8f0d0373dc844be?s=96&d=mm&r=g","caption":"Jorge Mi\u00f1o"},"sameAs":["http:\/\/radioinfinitagoya.com.ar"]}]}},"_links":{"self":[{"href":"https:\/\/radioinfinitagoya.com.ar\/v1\/wp-json\/wp\/v2\/posts\/214016","targetHints":{"allow":["GET"]}}],"collection":[{"href":"https:\/\/radioinfinitagoya.com.ar\/v1\/wp-json\/wp\/v2\/posts"}],"about":[{"href":"https:\/\/radioinfinitagoya.com.ar\/v1\/wp-json\/wp\/v2\/types\/post"}],"author":[{"embeddable":true,"href":"https:\/\/radioinfinitagoya.com.ar\/v1\/wp-json\/wp\/v2\/users\/4"}],"replies":[{"embeddable":true,"href":"https:\/\/radioinfinitagoya.com.ar\/v1\/wp-json\/wp\/v2\/comments?post=214016"}],"version-history":[{"count":1,"href":"https:\/\/radioinfinitagoya.com.ar\/v1\/wp-json\/wp\/v2\/posts\/214016\/revisions"}],"predecessor-version":[{"id":214018,"href":"https:\/\/radioinfinitagoya.com.ar\/v1\/wp-json\/wp\/v2\/posts\/214016\/revisions\/214018"}],"wp:featuredmedia":[{"embeddable":true,"href":"https:\/\/radioinfinitagoya.com.ar\/v1\/wp-json\/wp\/v2\/media\/214017"}],"wp:attachment":[{"href":"https:\/\/radioinfinitagoya.com.ar\/v1\/wp-json\/wp\/v2\/media?parent=214016"}],"wp:term":[{"taxonomy":"category","embeddable":true,"href":"https:\/\/radioinfinitagoya.com.ar\/v1\/wp-json\/wp\/v2\/categories?post=214016"},{"taxonomy":"post_tag","embeddable":true,"href":"https:\/\/radioinfinitagoya.com.ar\/v1\/wp-json\/wp\/v2\/tags?post=214016"}],"curies":[{"name":"wp","href":"https:\/\/api.w.org\/{rel}","templated":true}]}}