{"id":214022,"date":"2026-05-01T17:35:25","date_gmt":"2026-05-01T20:35:25","guid":{"rendered":"https:\/\/radioinfinitagoya.com.ar\/v1\/?p=214022"},"modified":"2026-05-01T17:35:25","modified_gmt":"2026-05-01T20:35:25","slug":"nueva-convocatoria-para-sumarse-al-cuerpo-de-guardaparques-nacionales","status":"publish","type":"post","link":"https:\/\/radioinfinitagoya.com.ar\/v1\/2026\/05\/01\/nueva-convocatoria-para-sumarse-al-cuerpo-de-guardaparques-nacionales\/","title":{"rendered":"Nueva convocatoria para sumarse al Cuerpo de Guardaparques Nacionales"},"content":{"rendered":"<p>Abrir\u00e1 el pr\u00f3ximo 12 de mayo y apunta a incorporar 40 nuevos agentes del Agrupamiento T\u00e9cnico.<\/p>\n<p>La Administraci\u00f3n de Parques Nacionales (APN) lanz\u00f3 una nueva convocatoria de inscripci\u00f3n a concursos para el ingreso a nuestro Cuerpo de Guardaparques Nacionales, publicada hoy en el Bolet\u00edn Oficial.<\/p>\n<p>La convocatoria est\u00e1 destinada a incorporar 40 nuevos guardaparques al Agrupamiento T\u00e9cnico, cargos vacantes y financiados de la Planta Permanente bajo la Categor\u00eda Guardaparque GT-2. Las inscripciones estar\u00e1n abiertas entre el 12 de mayo a las 08:00 h. y el 2 de junio de 2026 a las 23:59 h.<\/p>\n<p>El guardaparque t\u00e9cnico debe estar en condiciones de realizar tareas operativas en el terreno; control y vigilancia en las \u00e1reas protegidas; fiscalizar actividades; atender y asistir a las personas que visitan o residen en las \u00e1reas protegidas; as\u00ed como participar en proyectos de investigaci\u00f3n, monitoreo ambiental, de extensi\u00f3n y de educaci\u00f3n ambiental, utilizando adecuadamente las herramientas necesarias.<\/p>\n<p>Entre los requisitos excluyentes para la inscripci\u00f3n se encuentran ser argentino nativo, por opci\u00f3n o naturalizado; tener entre 18 y 34 a\u00f1os al momento de la postulaci\u00f3n; aprobar todas las pruebas y etapas del proceso de selecci\u00f3n establecido en el Convenio Colectivo de Trabajo Sectorial del Cuerpo de Guardaparques Nacionales para el Agrupamiento T\u00e9cnico; y contar con t\u00edtulo de nivel terciario o universitario de pregrado reconocido oficialmente, correspondiente a carreras de duraci\u00f3n no inferior a dos a\u00f1os atinente a la funci\u00f3n o puesto a desarrollar.<\/p>\n<p>El proceso de selecci\u00f3n de agentes est\u00e1 organizado en 6 etapas, siendo necesario aprobar cada una para pasar a la siguiente:<\/p>\n<p>Evaluaci\u00f3n de antecedentes de formaci\u00f3n y laborales<br \/>\nEvaluaci\u00f3n t\u00e9cnica<br \/>\nEvaluaci\u00f3n de habilidades pr\u00e1cticas<br \/>\nEntrevista laboral<br \/>\nEvaluaci\u00f3n del perfil psicol\u00f3gico<br \/>\nCurso de habilitaci\u00f3n<\/p>\n<p>Se apunta de esta manera a dotar de recursos humanos al organismo encargado de la administraci\u00f3n de \u00e1reas protegidas nacionales en todo el pa\u00eds, con el fin de fortalecer la gesti\u00f3n y el manejo de estos sitios estrat\u00e9gicos para la conservaci\u00f3n de la biodiversidad y el disfrute de los visitantes.<\/p>\n<p>Por consultas, escribinos a personalrrhh@apn.gob.ar.<\/p>\n","protected":false},"excerpt":{"rendered":"<p>Abrir\u00e1 el pr\u00f3ximo 12 de mayo y apunta a incorporar 40 nuevos agentes del Agrupamiento T\u00e9cnico. La Administraci\u00f3n de Parques Nacionales (APN) lanz\u00f3 una nueva convocatoria de inscripci\u00f3n a concursos para el ingreso a nuestro Cuerpo de Guardaparques Nacionales, publicada hoy en el Bolet\u00edn Oficial. La convocatoria est\u00e1 destinada a incorporar 40 nuevos guardaparques al [&hellip;]<\/p>\n","protected":false},"author":4,"featured_media":214023,"comment_status":"open","ping_status":"open","sticky":false,"template":"","format":"standard","meta":{"_joinchat":[],"footnotes":""},"categories":[29],"tags":[],"class_list":{"0":"post-214022","1":"post","2":"type-post","3":"status-publish","4":"format-standard","5":"has-post-thumbnail","7":"category-nacionales"},"yoast_head":"<!-- This site is optimized with the Yoast SEO plugin v27.2 - https:\/\/yoast.com\/product\/yoast-seo-wordpress\/ -->\n<title>Nueva convocatoria para sumarse al Cuerpo de Guardaparques Nacionales - Radio Infinita Goya<\/title>\n<meta name=\"description\" content=\"Abrir\u00e1 el pr\u00f3ximo 12 de mayo y apunta a incorporar 40 nuevos agentes del Agrupamiento T\u00e9cnico. La Administraci\u00f3n de Parques Nacionales (APN) lanz\u00f3 una\" \/>\n<meta name=\"robots\" content=\"index, follow, max-snippet:-1, max-image-preview:large, max-video-preview:-1\" \/>\n<link rel=\"canonical\" href=\"https:\/\/radioinfinitagoya.com.ar\/v1\/2026\/05\/01\/nueva-convocatoria-para-sumarse-al-cuerpo-de-guardaparques-nacionales\/\" \/>\n<meta property=\"og:locale\" content=\"es_ES\" \/>\n<meta property=\"og:type\" content=\"article\" \/>\n<meta property=\"og:title\" content=\"Nueva convocatoria para sumarse al Cuerpo de Guardaparques Nacionales - Radio Infinita Goya\" \/>\n<meta property=\"og:description\" content=\"Abrir\u00e1 el pr\u00f3ximo 12 de mayo y apunta a incorporar 40 nuevos agentes del Agrupamiento T\u00e9cnico. La Administraci\u00f3n de Parques Nacionales (APN) lanz\u00f3 una\" \/>\n<meta property=\"og:url\" content=\"https:\/\/radioinfinitagoya.com.ar\/v1\/2026\/05\/01\/nueva-convocatoria-para-sumarse-al-cuerpo-de-guardaparques-nacionales\/\" \/>\n<meta property=\"og:site_name\" content=\"Radio Infinita Goya\" \/>\n<meta property=\"article:publisher\" content=\"https:\/\/www.facebook.com\/p\/Infinita-Goya-100063870918311\/\" \/>\n<meta property=\"article:published_time\" content=\"2026-05-01T20:35:25+00:00\" \/>\n<meta property=\"og:image\" content=\"https:\/\/radioinfinitagoya.com.ar\/v1\/wp-content\/uploads\/2026\/05\/284861w850h473c.webp.webp\" \/>\n\t<meta property=\"og:image:width\" content=\"850\" \/>\n\t<meta property=\"og:image:height\" content=\"473\" \/>\n\t<meta property=\"og:image:type\" content=\"image\/webp\" \/>\n<meta name=\"author\" content=\"Jorge Mi\u00f1o\" \/>\n<meta name=\"twitter:card\" content=\"summary_large_image\" \/>\n<meta name=\"twitter:label1\" content=\"Escrito por\" \/>\n\t<meta name=\"twitter:data1\" content=\"Jorge Mi\u00f1o\" \/>\n\t<meta name=\"twitter:label2\" content=\"Tiempo de lectura\" \/>\n\t<meta name=\"twitter:data2\" content=\"2 minutos\" \/>\n<script type=\"application\/ld+json\" class=\"yoast-schema-graph\">{\"@context\":\"https:\/\/schema.org\",\"@graph\":[{\"@type\":\"Article\",\"@id\":\"https:\/\/radioinfinitagoya.com.ar\/v1\/2026\/05\/01\/nueva-convocatoria-para-sumarse-al-cuerpo-de-guardaparques-nacionales\/#article\",\"isPartOf\":{\"@id\":\"https:\/\/radioinfinitagoya.com.ar\/v1\/2026\/05\/01\/nueva-convocatoria-para-sumarse-al-cuerpo-de-guardaparques-nacionales\/\"},\"author\":{\"name\":\"Jorge Mi\u00f1o\",\"@id\":\"https:\/\/radioinfinitagoya.com.ar\/v1\/#\/schema\/person\/d4cf9c413d4f6edb24aabdccab49ca4a\"},\"headline\":\"Nueva convocatoria para sumarse al Cuerpo de Guardaparques Nacionales\",\"datePublished\":\"2026-05-01T20:35:25+00:00\",\"mainEntityOfPage\":{\"@id\":\"https:\/\/radioinfinitagoya.com.ar\/v1\/2026\/05\/01\/nueva-convocatoria-para-sumarse-al-cuerpo-de-guardaparques-nacionales\/\"},\"wordCount\":372,\"commentCount\":0,\"publisher\":{\"@id\":\"https:\/\/radioinfinitagoya.com.ar\/v1\/#organization\"},\"image\":{\"@id\":\"https:\/\/radioinfinitagoya.com.ar\/v1\/2026\/05\/01\/nueva-convocatoria-para-sumarse-al-cuerpo-de-guardaparques-nacionales\/#primaryimage\"},\"thumbnailUrl\":\"https:\/\/radioinfinitagoya.com.ar\/v1\/wp-content\/uploads\/2026\/05\/284861w850h473c.webp.webp\",\"articleSection\":[\"NACIONALES\"],\"inLanguage\":\"es-AR\",\"potentialAction\":[{\"@type\":\"CommentAction\",\"name\":\"Comment\",\"target\":[\"https:\/\/radioinfinitagoya.com.ar\/v1\/2026\/05\/01\/nueva-convocatoria-para-sumarse-al-cuerpo-de-guardaparques-nacionales\/#respond\"]}]},{\"@type\":\"WebPage\",\"@id\":\"https:\/\/radioinfinitagoya.com.ar\/v1\/2026\/05\/01\/nueva-convocatoria-para-sumarse-al-cuerpo-de-guardaparques-nacionales\/\",\"url\":\"https:\/\/radioinfinitagoya.com.ar\/v1\/2026\/05\/01\/nueva-convocatoria-para-sumarse-al-cuerpo-de-guardaparques-nacionales\/\",\"name\":\"Nueva convocatoria para sumarse al Cuerpo de Guardaparques Nacionales - Radio Infinita Goya\",\"isPartOf\":{\"@id\":\"https:\/\/radioinfinitagoya.com.ar\/v1\/#website\"},\"primaryImageOfPage\":{\"@id\":\"https:\/\/radioinfinitagoya.com.ar\/v1\/2026\/05\/01\/nueva-convocatoria-para-sumarse-al-cuerpo-de-guardaparques-nacionales\/#primaryimage\"},\"image\":{\"@id\":\"https:\/\/radioinfinitagoya.com.ar\/v1\/2026\/05\/01\/nueva-convocatoria-para-sumarse-al-cuerpo-de-guardaparques-nacionales\/#primaryimage\"},\"thumbnailUrl\":\"https:\/\/radioinfinitagoya.com.ar\/v1\/wp-content\/uploads\/2026\/05\/284861w850h473c.webp.webp\",\"datePublished\":\"2026-05-01T20:35:25+00:00\",\"description\":\"Abrir\u00e1 el pr\u00f3ximo 12 de mayo y apunta a incorporar 40 nuevos agentes del Agrupamiento T\u00e9cnico. La Administraci\u00f3n de Parques Nacionales (APN) lanz\u00f3 una\",\"breadcrumb\":{\"@id\":\"https:\/\/radioinfinitagoya.com.ar\/v1\/2026\/05\/01\/nueva-convocatoria-para-sumarse-al-cuerpo-de-guardaparques-nacionales\/#breadcrumb\"},\"inLanguage\":\"es-AR\",\"potentialAction\":[{\"@type\":\"ReadAction\",\"target\":[\"https:\/\/radioinfinitagoya.com.ar\/v1\/2026\/05\/01\/nueva-convocatoria-para-sumarse-al-cuerpo-de-guardaparques-nacionales\/\"]}]},{\"@type\":\"ImageObject\",\"inLanguage\":\"es-AR\",\"@id\":\"https:\/\/radioinfinitagoya.com.ar\/v1\/2026\/05\/01\/nueva-convocatoria-para-sumarse-al-cuerpo-de-guardaparques-nacionales\/#primaryimage\",\"url\":\"https:\/\/radioinfinitagoya.com.ar\/v1\/wp-content\/uploads\/2026\/05\/284861w850h473c.webp.webp\",\"contentUrl\":\"https:\/\/radioinfinitagoya.com.ar\/v1\/wp-content\/uploads\/2026\/05\/284861w850h473c.webp.webp\",\"width\":850,\"height\":473},{\"@type\":\"BreadcrumbList\",\"@id\":\"https:\/\/radioinfinitagoya.com.ar\/v1\/2026\/05\/01\/nueva-convocatoria-para-sumarse-al-cuerpo-de-guardaparques-nacionales\/#breadcrumb\",\"itemListElement\":[{\"@type\":\"ListItem\",\"position\":1,\"name\":\"Inicio\",\"item\":\"https:\/\/radioinfinitagoya.com.ar\/v1\/\"},{\"@type\":\"ListItem\",\"position\":2,\"name\":\"Nueva convocatoria para sumarse al Cuerpo de Guardaparques Nacionales\"}]},{\"@type\":\"WebSite\",\"@id\":\"https:\/\/radioinfinitagoya.com.ar\/v1\/#website\",\"url\":\"https:\/\/radioinfinitagoya.com.ar\/v1\/\",\"name\":\"radioinfinitagoya.com.ar\",\"description\":\"Radio de noticias\",\"publisher\":{\"@id\":\"https:\/\/radioinfinitagoya.com.ar\/v1\/#organization\"},\"potentialAction\":[{\"@type\":\"SearchAction\",\"target\":{\"@type\":\"EntryPoint\",\"urlTemplate\":\"https:\/\/radioinfinitagoya.com.ar\/v1\/?s={search_term_string}\"},\"query-input\":{\"@type\":\"PropertyValueSpecification\",\"valueRequired\":true,\"valueName\":\"search_term_string\"}}],\"inLanguage\":\"es-AR\"},{\"@type\":\"Organization\",\"@id\":\"https:\/\/radioinfinitagoya.com.ar\/v1\/#organization\",\"name\":\"Radio Infinita Goya\",\"url\":\"https:\/\/radioinfinitagoya.com.ar\/v1\/\",\"logo\":{\"@type\":\"ImageObject\",\"inLanguage\":\"es-AR\",\"@id\":\"https:\/\/radioinfinitagoya.com.ar\/v1\/#\/schema\/logo\/image\/\",\"url\":\"https:\/\/radioinfinitagoya.com.ar\/v1\/wp-content\/uploads\/2019\/11\/logo-pie-web.png\",\"contentUrl\":\"https:\/\/radioinfinitagoya.com.ar\/v1\/wp-content\/uploads\/2019\/11\/logo-pie-web.png\",\"width\":635,\"height\":326,\"caption\":\"Radio Infinita Goya\"},\"image\":{\"@id\":\"https:\/\/radioinfinitagoya.com.ar\/v1\/#\/schema\/logo\/image\/\"},\"sameAs\":[\"https:\/\/www.facebook.com\/p\/Infinita-Goya-100063870918311\/\"]},{\"@type\":\"Person\",\"@id\":\"https:\/\/radioinfinitagoya.com.ar\/v1\/#\/schema\/person\/d4cf9c413d4f6edb24aabdccab49ca4a\",\"name\":\"Jorge Mi\u00f1o\",\"image\":{\"@type\":\"ImageObject\",\"inLanguage\":\"es-AR\",\"@id\":\"https:\/\/secure.gravatar.com\/avatar\/910fcf6728fe95320e07a6643c1581fec1c7fc4bf8ae12e3d8f0d0373dc844be?s=96&d=mm&r=g\",\"url\":\"https:\/\/secure.gravatar.com\/avatar\/910fcf6728fe95320e07a6643c1581fec1c7fc4bf8ae12e3d8f0d0373dc844be?s=96&d=mm&r=g\",\"contentUrl\":\"https:\/\/secure.gravatar.com\/avatar\/910fcf6728fe95320e07a6643c1581fec1c7fc4bf8ae12e3d8f0d0373dc844be?s=96&d=mm&r=g\",\"caption\":\"Jorge Mi\u00f1o\"},\"sameAs\":[\"http:\/\/radioinfinitagoya.com.ar\"]}]}<\/script>\n<!-- \/ Yoast SEO plugin. -->","yoast_head_json":{"title":"Nueva convocatoria para sumarse al Cuerpo de Guardaparques Nacionales - Radio Infinita Goya","description":"Abrir\u00e1 el pr\u00f3ximo 12 de mayo y apunta a incorporar 40 nuevos agentes del Agrupamiento T\u00e9cnico. La Administraci\u00f3n de Parques Nacionales (APN) lanz\u00f3 una","robots":{"index":"index","follow":"follow","max-snippet":"max-snippet:-1","max-image-preview":"max-image-preview:large","max-video-preview":"max-video-preview:-1"},"canonical":"https:\/\/radioinfinitagoya.com.ar\/v1\/2026\/05\/01\/nueva-convocatoria-para-sumarse-al-cuerpo-de-guardaparques-nacionales\/","og_locale":"es_ES","og_type":"article","og_title":"Nueva convocatoria para sumarse al Cuerpo de Guardaparques Nacionales - Radio Infinita Goya","og_description":"Abrir\u00e1 el pr\u00f3ximo 12 de mayo y apunta a incorporar 40 nuevos agentes del Agrupamiento T\u00e9cnico. La Administraci\u00f3n de Parques Nacionales (APN) lanz\u00f3 una","og_url":"https:\/\/radioinfinitagoya.com.ar\/v1\/2026\/05\/01\/nueva-convocatoria-para-sumarse-al-cuerpo-de-guardaparques-nacionales\/","og_site_name":"Radio Infinita Goya","article_publisher":"https:\/\/www.facebook.com\/p\/Infinita-Goya-100063870918311\/","article_published_time":"2026-05-01T20:35:25+00:00","og_image":[{"width":850,"height":473,"url":"https:\/\/radioinfinitagoya.com.ar\/v1\/wp-content\/uploads\/2026\/05\/284861w850h473c.webp.webp","type":"image\/webp"}],"author":"Jorge Mi\u00f1o","twitter_card":"summary_large_image","twitter_misc":{"Escrito por":"Jorge Mi\u00f1o","Tiempo de lectura":"2 minutos"},"schema":{"@context":"https:\/\/schema.org","@graph":[{"@type":"Article","@id":"https:\/\/radioinfinitagoya.com.ar\/v1\/2026\/05\/01\/nueva-convocatoria-para-sumarse-al-cuerpo-de-guardaparques-nacionales\/#article","isPartOf":{"@id":"https:\/\/radioinfinitagoya.com.ar\/v1\/2026\/05\/01\/nueva-convocatoria-para-sumarse-al-cuerpo-de-guardaparques-nacionales\/"},"author":{"name":"Jorge Mi\u00f1o","@id":"https:\/\/radioinfinitagoya.com.ar\/v1\/#\/schema\/person\/d4cf9c413d4f6edb24aabdccab49ca4a"},"headline":"Nueva convocatoria para sumarse al Cuerpo de Guardaparques Nacionales","datePublished":"2026-05-01T20:35:25+00:00","mainEntityOfPage":{"@id":"https:\/\/radioinfinitagoya.com.ar\/v1\/2026\/05\/01\/nueva-convocatoria-para-sumarse-al-cuerpo-de-guardaparques-nacionales\/"},"wordCount":372,"commentCount":0,"publisher":{"@id":"https:\/\/radioinfinitagoya.com.ar\/v1\/#organization"},"image":{"@id":"https:\/\/radioinfinitagoya.com.ar\/v1\/2026\/05\/01\/nueva-convocatoria-para-sumarse-al-cuerpo-de-guardaparques-nacionales\/#primaryimage"},"thumbnailUrl":"https:\/\/radioinfinitagoya.com.ar\/v1\/wp-content\/uploads\/2026\/05\/284861w850h473c.webp.webp","articleSection":["NACIONALES"],"inLanguage":"es-AR","potentialAction":[{"@type":"CommentAction","name":"Comment","target":["https:\/\/radioinfinitagoya.com.ar\/v1\/2026\/05\/01\/nueva-convocatoria-para-sumarse-al-cuerpo-de-guardaparques-nacionales\/#respond"]}]},{"@type":"WebPage","@id":"https:\/\/radioinfinitagoya.com.ar\/v1\/2026\/05\/01\/nueva-convocatoria-para-sumarse-al-cuerpo-de-guardaparques-nacionales\/","url":"https:\/\/radioinfinitagoya.com.ar\/v1\/2026\/05\/01\/nueva-convocatoria-para-sumarse-al-cuerpo-de-guardaparques-nacionales\/","name":"Nueva convocatoria para sumarse al Cuerpo de Guardaparques Nacionales - Radio Infinita Goya","isPartOf":{"@id":"https:\/\/radioinfinitagoya.com.ar\/v1\/#website"},"primaryImageOfPage":{"@id":"https:\/\/radioinfinitagoya.com.ar\/v1\/2026\/05\/01\/nueva-convocatoria-para-sumarse-al-cuerpo-de-guardaparques-nacionales\/#primaryimage"},"image":{"@id":"https:\/\/radioinfinitagoya.com.ar\/v1\/2026\/05\/01\/nueva-convocatoria-para-sumarse-al-cuerpo-de-guardaparques-nacionales\/#primaryimage"},"thumbnailUrl":"https:\/\/radioinfinitagoya.com.ar\/v1\/wp-content\/uploads\/2026\/05\/284861w850h473c.webp.webp","datePublished":"2026-05-01T20:35:25+00:00","description":"Abrir\u00e1 el pr\u00f3ximo 12 de mayo y apunta a incorporar 40 nuevos agentes del Agrupamiento T\u00e9cnico. La Administraci\u00f3n de Parques Nacionales (APN) lanz\u00f3 una","breadcrumb":{"@id":"https:\/\/radioinfinitagoya.com.ar\/v1\/2026\/05\/01\/nueva-convocatoria-para-sumarse-al-cuerpo-de-guardaparques-nacionales\/#breadcrumb"},"inLanguage":"es-AR","potentialAction":[{"@type":"ReadAction","target":["https:\/\/radioinfinitagoya.com.ar\/v1\/2026\/05\/01\/nueva-convocatoria-para-sumarse-al-cuerpo-de-guardaparques-nacionales\/"]}]},{"@type":"ImageObject","inLanguage":"es-AR","@id":"https:\/\/radioinfinitagoya.com.ar\/v1\/2026\/05\/01\/nueva-convocatoria-para-sumarse-al-cuerpo-de-guardaparques-nacionales\/#primaryimage","url":"https:\/\/radioinfinitagoya.com.ar\/v1\/wp-content\/uploads\/2026\/05\/284861w850h473c.webp.webp","contentUrl":"https:\/\/radioinfinitagoya.com.ar\/v1\/wp-content\/uploads\/2026\/05\/284861w850h473c.webp.webp","width":850,"height":473},{"@type":"BreadcrumbList","@id":"https:\/\/radioinfinitagoya.com.ar\/v1\/2026\/05\/01\/nueva-convocatoria-para-sumarse-al-cuerpo-de-guardaparques-nacionales\/#breadcrumb","itemListElement":[{"@type":"ListItem","position":1,"name":"Inicio","item":"https:\/\/radioinfinitagoya.com.ar\/v1\/"},{"@type":"ListItem","position":2,"name":"Nueva convocatoria para sumarse al Cuerpo de Guardaparques Nacionales"}]},{"@type":"WebSite","@id":"https:\/\/radioinfinitagoya.com.ar\/v1\/#website","url":"https:\/\/radioinfinitagoya.com.ar\/v1\/","name":"radioinfinitagoya.com.ar","description":"Radio de noticias","publisher":{"@id":"https:\/\/radioinfinitagoya.com.ar\/v1\/#organization"},"potentialAction":[{"@type":"SearchAction","target":{"@type":"EntryPoint","urlTemplate":"https:\/\/radioinfinitagoya.com.ar\/v1\/?s={search_term_string}"},"query-input":{"@type":"PropertyValueSpecification","valueRequired":true,"valueName":"search_term_string"}}],"inLanguage":"es-AR"},{"@type":"Organization","@id":"https:\/\/radioinfinitagoya.com.ar\/v1\/#organization","name":"Radio Infinita Goya","url":"https:\/\/radioinfinitagoya.com.ar\/v1\/","logo":{"@type":"ImageObject","inLanguage":"es-AR","@id":"https:\/\/radioinfinitagoya.com.ar\/v1\/#\/schema\/logo\/image\/","url":"https:\/\/radioinfinitagoya.com.ar\/v1\/wp-content\/uploads\/2019\/11\/logo-pie-web.png","contentUrl":"https:\/\/radioinfinitagoya.com.ar\/v1\/wp-content\/uploads\/2019\/11\/logo-pie-web.png","width":635,"height":326,"caption":"Radio Infinita Goya"},"image":{"@id":"https:\/\/radioinfinitagoya.com.ar\/v1\/#\/schema\/logo\/image\/"},"sameAs":["https:\/\/www.facebook.com\/p\/Infinita-Goya-100063870918311\/"]},{"@type":"Person","@id":"https:\/\/radioinfinitagoya.com.ar\/v1\/#\/schema\/person\/d4cf9c413d4f6edb24aabdccab49ca4a","name":"Jorge Mi\u00f1o","image":{"@type":"ImageObject","inLanguage":"es-AR","@id":"https:\/\/secure.gravatar.com\/avatar\/910fcf6728fe95320e07a6643c1581fec1c7fc4bf8ae12e3d8f0d0373dc844be?s=96&d=mm&r=g","url":"https:\/\/secure.gravatar.com\/avatar\/910fcf6728fe95320e07a6643c1581fec1c7fc4bf8ae12e3d8f0d0373dc844be?s=96&d=mm&r=g","contentUrl":"https:\/\/secure.gravatar.com\/avatar\/910fcf6728fe95320e07a6643c1581fec1c7fc4bf8ae12e3d8f0d0373dc844be?s=96&d=mm&r=g","caption":"Jorge Mi\u00f1o"},"sameAs":["http:\/\/radioinfinitagoya.com.ar"]}]}},"_links":{"self":[{"href":"https:\/\/radioinfinitagoya.com.ar\/v1\/wp-json\/wp\/v2\/posts\/214022","targetHints":{"allow":["GET"]}}],"collection":[{"href":"https:\/\/radioinfinitagoya.com.ar\/v1\/wp-json\/wp\/v2\/posts"}],"about":[{"href":"https:\/\/radioinfinitagoya.com.ar\/v1\/wp-json\/wp\/v2\/types\/post"}],"author":[{"embeddable":true,"href":"https:\/\/radioinfinitagoya.com.ar\/v1\/wp-json\/wp\/v2\/users\/4"}],"replies":[{"embeddable":true,"href":"https:\/\/radioinfinitagoya.com.ar\/v1\/wp-json\/wp\/v2\/comments?post=214022"}],"version-history":[{"count":1,"href":"https:\/\/radioinfinitagoya.com.ar\/v1\/wp-json\/wp\/v2\/posts\/214022\/revisions"}],"predecessor-version":[{"id":214024,"href":"https:\/\/radioinfinitagoya.com.ar\/v1\/wp-json\/wp\/v2\/posts\/214022\/revisions\/214024"}],"wp:featuredmedia":[{"embeddable":true,"href":"https:\/\/radioinfinitagoya.com.ar\/v1\/wp-json\/wp\/v2\/media\/214023"}],"wp:attachment":[{"href":"https:\/\/radioinfinitagoya.com.ar\/v1\/wp-json\/wp\/v2\/media?parent=214022"}],"wp:term":[{"taxonomy":"category","embeddable":true,"href":"https:\/\/radioinfinitagoya.com.ar\/v1\/wp-json\/wp\/v2\/categories?post=214022"},{"taxonomy":"post_tag","embeddable":true,"href":"https:\/\/radioinfinitagoya.com.ar\/v1\/wp-json\/wp\/v2\/tags?post=214022"}],"curies":[{"name":"wp","href":"https:\/\/api.w.org\/{rel}","templated":true}]}}