{"id":214025,"date":"2026-05-01T17:41:54","date_gmt":"2026-05-01T20:41:54","guid":{"rendered":"https:\/\/radioinfinitagoya.com.ar\/v1\/?p=214025"},"modified":"2026-05-01T17:41:54","modified_gmt":"2026-05-01T20:41:54","slug":"sigue-vigente-la-alerta-por-lluvias-para-viernes-y-sabado-para-un-sector-de-la-provincia","status":"publish","type":"post","link":"https:\/\/radioinfinitagoya.com.ar\/v1\/2026\/05\/01\/sigue-vigente-la-alerta-por-lluvias-para-viernes-y-sabado-para-un-sector-de-la-provincia\/","title":{"rendered":"Sigue vigente la alerta por lluvias para viernes y s\u00e1bado para un sector de la provincia"},"content":{"rendered":"<p>El SMN ratific\u00f3 este viernes 1\u00ba de mayo las alertas tanto de color amarillo para el norte y oeste de Corrientes, como naranja para centro y sureste del territorio. Se espera que al menos hasta el s\u00e1bado a la tarde sigan vigentes las precipitaciones. Durante la madrugada del viernes en Goya cayeron 9 mm y la jornada permanece mayormente nublado<\/p>\n<p>El alerta se cumpli\u00f3 para Corrientes y las precipitaciones comenzaron en la madrugada de este viernes y seguir\u00e1n al menos hasta el mediod\u00eda del s\u00e1bado. El \u00e1rea de cobertura incluye a las localidades de Ber\u00f3n de Astrada, Capital, Empedrado, General Paz, Itat\u00ed, Mburucuy\u00e1, Saladas, San Cosme y San Luis del Palmar.<\/p>\n","protected":false},"excerpt":{"rendered":"<p>El SMN ratific\u00f3 este viernes 1\u00ba de mayo las alertas tanto de color amarillo para el norte y oeste de Corrientes, como naranja para centro y sureste del territorio. Se espera que al menos hasta el s\u00e1bado a la tarde sigan vigentes las precipitaciones. Durante la madrugada del viernes en Goya cayeron 9 mm y [&hellip;]<\/p>\n","protected":false},"author":4,"featured_media":214026,"comment_status":"open","ping_status":"open","sticky":false,"template":"","format":"standard","meta":{"_joinchat":[],"footnotes":""},"categories":[31],"tags":[],"class_list":{"0":"post-214025","1":"post","2":"type-post","3":"status-publish","4":"format-standard","5":"has-post-thumbnail","7":"category-informacion-general"},"yoast_head":"<!-- This site is optimized with the Yoast SEO plugin v27.2 - https:\/\/yoast.com\/product\/yoast-seo-wordpress\/ -->\n<title>Sigue vigente la alerta por lluvias para viernes y s\u00e1bado para un sector de la provincia - Radio Infinita Goya<\/title>\n<meta name=\"description\" content=\"El SMN ratific\u00f3 este viernes 1\u00ba de mayo las alertas tanto de color amarillo para el norte y oeste de Corrientes, como naranja para centro y sureste del\" \/>\n<meta name=\"robots\" content=\"index, follow, max-snippet:-1, max-image-preview:large, max-video-preview:-1\" \/>\n<link rel=\"canonical\" href=\"https:\/\/radioinfinitagoya.com.ar\/v1\/2026\/05\/01\/sigue-vigente-la-alerta-por-lluvias-para-viernes-y-sabado-para-un-sector-de-la-provincia\/\" \/>\n<meta property=\"og:locale\" content=\"es_ES\" \/>\n<meta property=\"og:type\" content=\"article\" \/>\n<meta property=\"og:title\" content=\"Sigue vigente la alerta por lluvias para viernes y s\u00e1bado para un sector de la provincia - Radio Infinita Goya\" \/>\n<meta property=\"og:description\" content=\"El SMN ratific\u00f3 este viernes 1\u00ba de mayo las alertas tanto de color amarillo para el norte y oeste de Corrientes, como naranja para centro y sureste del\" \/>\n<meta property=\"og:url\" content=\"https:\/\/radioinfinitagoya.com.ar\/v1\/2026\/05\/01\/sigue-vigente-la-alerta-por-lluvias-para-viernes-y-sabado-para-un-sector-de-la-provincia\/\" \/>\n<meta property=\"og:site_name\" content=\"Radio Infinita Goya\" \/>\n<meta property=\"article:publisher\" content=\"https:\/\/www.facebook.com\/p\/Infinita-Goya-100063870918311\/\" \/>\n<meta property=\"article:published_time\" content=\"2026-05-01T20:41:54+00:00\" \/>\n<meta property=\"og:image\" content=\"https:\/\/radioinfinitagoya.com.ar\/v1\/wp-content\/uploads\/2026\/05\/684191994_1440325884774609_4161357620712978105_n.jpg\" \/>\n\t<meta property=\"og:image:width\" content=\"574\" \/>\n\t<meta property=\"og:image:height\" content=\"384\" \/>\n\t<meta property=\"og:image:type\" content=\"image\/jpeg\" \/>\n<meta name=\"author\" content=\"Jorge Mi\u00f1o\" \/>\n<meta name=\"twitter:card\" content=\"summary_large_image\" \/>\n<meta name=\"twitter:label1\" content=\"Escrito por\" \/>\n\t<meta name=\"twitter:data1\" content=\"Jorge Mi\u00f1o\" \/>\n\t<meta name=\"twitter:label2\" content=\"Tiempo de lectura\" \/>\n\t<meta name=\"twitter:data2\" content=\"1 minuto\" \/>\n<script type=\"application\/ld+json\" class=\"yoast-schema-graph\">{\"@context\":\"https:\/\/schema.org\",\"@graph\":[{\"@type\":\"Article\",\"@id\":\"https:\/\/radioinfinitagoya.com.ar\/v1\/2026\/05\/01\/sigue-vigente-la-alerta-por-lluvias-para-viernes-y-sabado-para-un-sector-de-la-provincia\/#article\",\"isPartOf\":{\"@id\":\"https:\/\/radioinfinitagoya.com.ar\/v1\/2026\/05\/01\/sigue-vigente-la-alerta-por-lluvias-para-viernes-y-sabado-para-un-sector-de-la-provincia\/\"},\"author\":{\"name\":\"Jorge Mi\u00f1o\",\"@id\":\"https:\/\/radioinfinitagoya.com.ar\/v1\/#\/schema\/person\/d4cf9c413d4f6edb24aabdccab49ca4a\"},\"headline\":\"Sigue vigente la alerta por lluvias para viernes y s\u00e1bado para un sector de la provincia\",\"datePublished\":\"2026-05-01T20:41:54+00:00\",\"mainEntityOfPage\":{\"@id\":\"https:\/\/radioinfinitagoya.com.ar\/v1\/2026\/05\/01\/sigue-vigente-la-alerta-por-lluvias-para-viernes-y-sabado-para-un-sector-de-la-provincia\/\"},\"wordCount\":131,\"commentCount\":0,\"publisher\":{\"@id\":\"https:\/\/radioinfinitagoya.com.ar\/v1\/#organization\"},\"image\":{\"@id\":\"https:\/\/radioinfinitagoya.com.ar\/v1\/2026\/05\/01\/sigue-vigente-la-alerta-por-lluvias-para-viernes-y-sabado-para-un-sector-de-la-provincia\/#primaryimage\"},\"thumbnailUrl\":\"https:\/\/radioinfinitagoya.com.ar\/v1\/wp-content\/uploads\/2026\/05\/684191994_1440325884774609_4161357620712978105_n.jpg\",\"articleSection\":[\"INFORMACI\u00d3N GENERAL\"],\"inLanguage\":\"es-AR\",\"potentialAction\":[{\"@type\":\"CommentAction\",\"name\":\"Comment\",\"target\":[\"https:\/\/radioinfinitagoya.com.ar\/v1\/2026\/05\/01\/sigue-vigente-la-alerta-por-lluvias-para-viernes-y-sabado-para-un-sector-de-la-provincia\/#respond\"]}]},{\"@type\":\"WebPage\",\"@id\":\"https:\/\/radioinfinitagoya.com.ar\/v1\/2026\/05\/01\/sigue-vigente-la-alerta-por-lluvias-para-viernes-y-sabado-para-un-sector-de-la-provincia\/\",\"url\":\"https:\/\/radioinfinitagoya.com.ar\/v1\/2026\/05\/01\/sigue-vigente-la-alerta-por-lluvias-para-viernes-y-sabado-para-un-sector-de-la-provincia\/\",\"name\":\"Sigue vigente la alerta por lluvias para viernes y s\u00e1bado para un sector de la provincia - Radio Infinita Goya\",\"isPartOf\":{\"@id\":\"https:\/\/radioinfinitagoya.com.ar\/v1\/#website\"},\"primaryImageOfPage\":{\"@id\":\"https:\/\/radioinfinitagoya.com.ar\/v1\/2026\/05\/01\/sigue-vigente-la-alerta-por-lluvias-para-viernes-y-sabado-para-un-sector-de-la-provincia\/#primaryimage\"},\"image\":{\"@id\":\"https:\/\/radioinfinitagoya.com.ar\/v1\/2026\/05\/01\/sigue-vigente-la-alerta-por-lluvias-para-viernes-y-sabado-para-un-sector-de-la-provincia\/#primaryimage\"},\"thumbnailUrl\":\"https:\/\/radioinfinitagoya.com.ar\/v1\/wp-content\/uploads\/2026\/05\/684191994_1440325884774609_4161357620712978105_n.jpg\",\"datePublished\":\"2026-05-01T20:41:54+00:00\",\"description\":\"El SMN ratific\u00f3 este viernes 1\u00ba de mayo las alertas tanto de color amarillo para el norte y oeste de Corrientes, como naranja para centro y sureste del\",\"breadcrumb\":{\"@id\":\"https:\/\/radioinfinitagoya.com.ar\/v1\/2026\/05\/01\/sigue-vigente-la-alerta-por-lluvias-para-viernes-y-sabado-para-un-sector-de-la-provincia\/#breadcrumb\"},\"inLanguage\":\"es-AR\",\"potentialAction\":[{\"@type\":\"ReadAction\",\"target\":[\"https:\/\/radioinfinitagoya.com.ar\/v1\/2026\/05\/01\/sigue-vigente-la-alerta-por-lluvias-para-viernes-y-sabado-para-un-sector-de-la-provincia\/\"]}]},{\"@type\":\"ImageObject\",\"inLanguage\":\"es-AR\",\"@id\":\"https:\/\/radioinfinitagoya.com.ar\/v1\/2026\/05\/01\/sigue-vigente-la-alerta-por-lluvias-para-viernes-y-sabado-para-un-sector-de-la-provincia\/#primaryimage\",\"url\":\"https:\/\/radioinfinitagoya.com.ar\/v1\/wp-content\/uploads\/2026\/05\/684191994_1440325884774609_4161357620712978105_n.jpg\",\"contentUrl\":\"https:\/\/radioinfinitagoya.com.ar\/v1\/wp-content\/uploads\/2026\/05\/684191994_1440325884774609_4161357620712978105_n.jpg\",\"width\":574,\"height\":384,\"caption\":\"DCIM100MEDIADJI_0045.JPG\"},{\"@type\":\"BreadcrumbList\",\"@id\":\"https:\/\/radioinfinitagoya.com.ar\/v1\/2026\/05\/01\/sigue-vigente-la-alerta-por-lluvias-para-viernes-y-sabado-para-un-sector-de-la-provincia\/#breadcrumb\",\"itemListElement\":[{\"@type\":\"ListItem\",\"position\":1,\"name\":\"Inicio\",\"item\":\"https:\/\/radioinfinitagoya.com.ar\/v1\/\"},{\"@type\":\"ListItem\",\"position\":2,\"name\":\"Sigue vigente la alerta por lluvias para viernes y s\u00e1bado para un sector de la provincia\"}]},{\"@type\":\"WebSite\",\"@id\":\"https:\/\/radioinfinitagoya.com.ar\/v1\/#website\",\"url\":\"https:\/\/radioinfinitagoya.com.ar\/v1\/\",\"name\":\"radioinfinitagoya.com.ar\",\"description\":\"Radio de noticias\",\"publisher\":{\"@id\":\"https:\/\/radioinfinitagoya.com.ar\/v1\/#organization\"},\"potentialAction\":[{\"@type\":\"SearchAction\",\"target\":{\"@type\":\"EntryPoint\",\"urlTemplate\":\"https:\/\/radioinfinitagoya.com.ar\/v1\/?s={search_term_string}\"},\"query-input\":{\"@type\":\"PropertyValueSpecification\",\"valueRequired\":true,\"valueName\":\"search_term_string\"}}],\"inLanguage\":\"es-AR\"},{\"@type\":\"Organization\",\"@id\":\"https:\/\/radioinfinitagoya.com.ar\/v1\/#organization\",\"name\":\"Radio Infinita Goya\",\"url\":\"https:\/\/radioinfinitagoya.com.ar\/v1\/\",\"logo\":{\"@type\":\"ImageObject\",\"inLanguage\":\"es-AR\",\"@id\":\"https:\/\/radioinfinitagoya.com.ar\/v1\/#\/schema\/logo\/image\/\",\"url\":\"https:\/\/radioinfinitagoya.com.ar\/v1\/wp-content\/uploads\/2019\/11\/logo-pie-web.png\",\"contentUrl\":\"https:\/\/radioinfinitagoya.com.ar\/v1\/wp-content\/uploads\/2019\/11\/logo-pie-web.png\",\"width\":635,\"height\":326,\"caption\":\"Radio Infinita Goya\"},\"image\":{\"@id\":\"https:\/\/radioinfinitagoya.com.ar\/v1\/#\/schema\/logo\/image\/\"},\"sameAs\":[\"https:\/\/www.facebook.com\/p\/Infinita-Goya-100063870918311\/\"]},{\"@type\":\"Person\",\"@id\":\"https:\/\/radioinfinitagoya.com.ar\/v1\/#\/schema\/person\/d4cf9c413d4f6edb24aabdccab49ca4a\",\"name\":\"Jorge Mi\u00f1o\",\"image\":{\"@type\":\"ImageObject\",\"inLanguage\":\"es-AR\",\"@id\":\"https:\/\/secure.gravatar.com\/avatar\/910fcf6728fe95320e07a6643c1581fec1c7fc4bf8ae12e3d8f0d0373dc844be?s=96&d=mm&r=g\",\"url\":\"https:\/\/secure.gravatar.com\/avatar\/910fcf6728fe95320e07a6643c1581fec1c7fc4bf8ae12e3d8f0d0373dc844be?s=96&d=mm&r=g\",\"contentUrl\":\"https:\/\/secure.gravatar.com\/avatar\/910fcf6728fe95320e07a6643c1581fec1c7fc4bf8ae12e3d8f0d0373dc844be?s=96&d=mm&r=g\",\"caption\":\"Jorge Mi\u00f1o\"},\"sameAs\":[\"http:\/\/radioinfinitagoya.com.ar\"]}]}<\/script>\n<!-- \/ Yoast SEO plugin. -->","yoast_head_json":{"title":"Sigue vigente la alerta por lluvias para viernes y s\u00e1bado para un sector de la provincia - Radio Infinita Goya","description":"El SMN ratific\u00f3 este viernes 1\u00ba de mayo las alertas tanto de color amarillo para el norte y oeste de Corrientes, como naranja para centro y sureste del","robots":{"index":"index","follow":"follow","max-snippet":"max-snippet:-1","max-image-preview":"max-image-preview:large","max-video-preview":"max-video-preview:-1"},"canonical":"https:\/\/radioinfinitagoya.com.ar\/v1\/2026\/05\/01\/sigue-vigente-la-alerta-por-lluvias-para-viernes-y-sabado-para-un-sector-de-la-provincia\/","og_locale":"es_ES","og_type":"article","og_title":"Sigue vigente la alerta por lluvias para viernes y s\u00e1bado para un sector de la provincia - Radio Infinita Goya","og_description":"El SMN ratific\u00f3 este viernes 1\u00ba de mayo las alertas tanto de color amarillo para el norte y oeste de Corrientes, como naranja para centro y sureste del","og_url":"https:\/\/radioinfinitagoya.com.ar\/v1\/2026\/05\/01\/sigue-vigente-la-alerta-por-lluvias-para-viernes-y-sabado-para-un-sector-de-la-provincia\/","og_site_name":"Radio Infinita Goya","article_publisher":"https:\/\/www.facebook.com\/p\/Infinita-Goya-100063870918311\/","article_published_time":"2026-05-01T20:41:54+00:00","og_image":[{"width":574,"height":384,"url":"https:\/\/radioinfinitagoya.com.ar\/v1\/wp-content\/uploads\/2026\/05\/684191994_1440325884774609_4161357620712978105_n.jpg","type":"image\/jpeg"}],"author":"Jorge Mi\u00f1o","twitter_card":"summary_large_image","twitter_misc":{"Escrito por":"Jorge Mi\u00f1o","Tiempo de lectura":"1 minuto"},"schema":{"@context":"https:\/\/schema.org","@graph":[{"@type":"Article","@id":"https:\/\/radioinfinitagoya.com.ar\/v1\/2026\/05\/01\/sigue-vigente-la-alerta-por-lluvias-para-viernes-y-sabado-para-un-sector-de-la-provincia\/#article","isPartOf":{"@id":"https:\/\/radioinfinitagoya.com.ar\/v1\/2026\/05\/01\/sigue-vigente-la-alerta-por-lluvias-para-viernes-y-sabado-para-un-sector-de-la-provincia\/"},"author":{"name":"Jorge Mi\u00f1o","@id":"https:\/\/radioinfinitagoya.com.ar\/v1\/#\/schema\/person\/d4cf9c413d4f6edb24aabdccab49ca4a"},"headline":"Sigue vigente la alerta por lluvias para viernes y s\u00e1bado para un sector de la provincia","datePublished":"2026-05-01T20:41:54+00:00","mainEntityOfPage":{"@id":"https:\/\/radioinfinitagoya.com.ar\/v1\/2026\/05\/01\/sigue-vigente-la-alerta-por-lluvias-para-viernes-y-sabado-para-un-sector-de-la-provincia\/"},"wordCount":131,"commentCount":0,"publisher":{"@id":"https:\/\/radioinfinitagoya.com.ar\/v1\/#organization"},"image":{"@id":"https:\/\/radioinfinitagoya.com.ar\/v1\/2026\/05\/01\/sigue-vigente-la-alerta-por-lluvias-para-viernes-y-sabado-para-un-sector-de-la-provincia\/#primaryimage"},"thumbnailUrl":"https:\/\/radioinfinitagoya.com.ar\/v1\/wp-content\/uploads\/2026\/05\/684191994_1440325884774609_4161357620712978105_n.jpg","articleSection":["INFORMACI\u00d3N GENERAL"],"inLanguage":"es-AR","potentialAction":[{"@type":"CommentAction","name":"Comment","target":["https:\/\/radioinfinitagoya.com.ar\/v1\/2026\/05\/01\/sigue-vigente-la-alerta-por-lluvias-para-viernes-y-sabado-para-un-sector-de-la-provincia\/#respond"]}]},{"@type":"WebPage","@id":"https:\/\/radioinfinitagoya.com.ar\/v1\/2026\/05\/01\/sigue-vigente-la-alerta-por-lluvias-para-viernes-y-sabado-para-un-sector-de-la-provincia\/","url":"https:\/\/radioinfinitagoya.com.ar\/v1\/2026\/05\/01\/sigue-vigente-la-alerta-por-lluvias-para-viernes-y-sabado-para-un-sector-de-la-provincia\/","name":"Sigue vigente la alerta por lluvias para viernes y s\u00e1bado para un sector de la provincia - Radio Infinita Goya","isPartOf":{"@id":"https:\/\/radioinfinitagoya.com.ar\/v1\/#website"},"primaryImageOfPage":{"@id":"https:\/\/radioinfinitagoya.com.ar\/v1\/2026\/05\/01\/sigue-vigente-la-alerta-por-lluvias-para-viernes-y-sabado-para-un-sector-de-la-provincia\/#primaryimage"},"image":{"@id":"https:\/\/radioinfinitagoya.com.ar\/v1\/2026\/05\/01\/sigue-vigente-la-alerta-por-lluvias-para-viernes-y-sabado-para-un-sector-de-la-provincia\/#primaryimage"},"thumbnailUrl":"https:\/\/radioinfinitagoya.com.ar\/v1\/wp-content\/uploads\/2026\/05\/684191994_1440325884774609_4161357620712978105_n.jpg","datePublished":"2026-05-01T20:41:54+00:00","description":"El SMN ratific\u00f3 este viernes 1\u00ba de mayo las alertas tanto de color amarillo para el norte y oeste de Corrientes, como naranja para centro y sureste del","breadcrumb":{"@id":"https:\/\/radioinfinitagoya.com.ar\/v1\/2026\/05\/01\/sigue-vigente-la-alerta-por-lluvias-para-viernes-y-sabado-para-un-sector-de-la-provincia\/#breadcrumb"},"inLanguage":"es-AR","potentialAction":[{"@type":"ReadAction","target":["https:\/\/radioinfinitagoya.com.ar\/v1\/2026\/05\/01\/sigue-vigente-la-alerta-por-lluvias-para-viernes-y-sabado-para-un-sector-de-la-provincia\/"]}]},{"@type":"ImageObject","inLanguage":"es-AR","@id":"https:\/\/radioinfinitagoya.com.ar\/v1\/2026\/05\/01\/sigue-vigente-la-alerta-por-lluvias-para-viernes-y-sabado-para-un-sector-de-la-provincia\/#primaryimage","url":"https:\/\/radioinfinitagoya.com.ar\/v1\/wp-content\/uploads\/2026\/05\/684191994_1440325884774609_4161357620712978105_n.jpg","contentUrl":"https:\/\/radioinfinitagoya.com.ar\/v1\/wp-content\/uploads\/2026\/05\/684191994_1440325884774609_4161357620712978105_n.jpg","width":574,"height":384,"caption":"DCIM100MEDIADJI_0045.JPG"},{"@type":"BreadcrumbList","@id":"https:\/\/radioinfinitagoya.com.ar\/v1\/2026\/05\/01\/sigue-vigente-la-alerta-por-lluvias-para-viernes-y-sabado-para-un-sector-de-la-provincia\/#breadcrumb","itemListElement":[{"@type":"ListItem","position":1,"name":"Inicio","item":"https:\/\/radioinfinitagoya.com.ar\/v1\/"},{"@type":"ListItem","position":2,"name":"Sigue vigente la alerta por lluvias para viernes y s\u00e1bado para un sector de la provincia"}]},{"@type":"WebSite","@id":"https:\/\/radioinfinitagoya.com.ar\/v1\/#website","url":"https:\/\/radioinfinitagoya.com.ar\/v1\/","name":"radioinfinitagoya.com.ar","description":"Radio de noticias","publisher":{"@id":"https:\/\/radioinfinitagoya.com.ar\/v1\/#organization"},"potentialAction":[{"@type":"SearchAction","target":{"@type":"EntryPoint","urlTemplate":"https:\/\/radioinfinitagoya.com.ar\/v1\/?s={search_term_string}"},"query-input":{"@type":"PropertyValueSpecification","valueRequired":true,"valueName":"search_term_string"}}],"inLanguage":"es-AR"},{"@type":"Organization","@id":"https:\/\/radioinfinitagoya.com.ar\/v1\/#organization","name":"Radio Infinita Goya","url":"https:\/\/radioinfinitagoya.com.ar\/v1\/","logo":{"@type":"ImageObject","inLanguage":"es-AR","@id":"https:\/\/radioinfinitagoya.com.ar\/v1\/#\/schema\/logo\/image\/","url":"https:\/\/radioinfinitagoya.com.ar\/v1\/wp-content\/uploads\/2019\/11\/logo-pie-web.png","contentUrl":"https:\/\/radioinfinitagoya.com.ar\/v1\/wp-content\/uploads\/2019\/11\/logo-pie-web.png","width":635,"height":326,"caption":"Radio Infinita Goya"},"image":{"@id":"https:\/\/radioinfinitagoya.com.ar\/v1\/#\/schema\/logo\/image\/"},"sameAs":["https:\/\/www.facebook.com\/p\/Infinita-Goya-100063870918311\/"]},{"@type":"Person","@id":"https:\/\/radioinfinitagoya.com.ar\/v1\/#\/schema\/person\/d4cf9c413d4f6edb24aabdccab49ca4a","name":"Jorge Mi\u00f1o","image":{"@type":"ImageObject","inLanguage":"es-AR","@id":"https:\/\/secure.gravatar.com\/avatar\/910fcf6728fe95320e07a6643c1581fec1c7fc4bf8ae12e3d8f0d0373dc844be?s=96&d=mm&r=g","url":"https:\/\/secure.gravatar.com\/avatar\/910fcf6728fe95320e07a6643c1581fec1c7fc4bf8ae12e3d8f0d0373dc844be?s=96&d=mm&r=g","contentUrl":"https:\/\/secure.gravatar.com\/avatar\/910fcf6728fe95320e07a6643c1581fec1c7fc4bf8ae12e3d8f0d0373dc844be?s=96&d=mm&r=g","caption":"Jorge Mi\u00f1o"},"sameAs":["http:\/\/radioinfinitagoya.com.ar"]}]}},"_links":{"self":[{"href":"https:\/\/radioinfinitagoya.com.ar\/v1\/wp-json\/wp\/v2\/posts\/214025","targetHints":{"allow":["GET"]}}],"collection":[{"href":"https:\/\/radioinfinitagoya.com.ar\/v1\/wp-json\/wp\/v2\/posts"}],"about":[{"href":"https:\/\/radioinfinitagoya.com.ar\/v1\/wp-json\/wp\/v2\/types\/post"}],"author":[{"embeddable":true,"href":"https:\/\/radioinfinitagoya.com.ar\/v1\/wp-json\/wp\/v2\/users\/4"}],"replies":[{"embeddable":true,"href":"https:\/\/radioinfinitagoya.com.ar\/v1\/wp-json\/wp\/v2\/comments?post=214025"}],"version-history":[{"count":1,"href":"https:\/\/radioinfinitagoya.com.ar\/v1\/wp-json\/wp\/v2\/posts\/214025\/revisions"}],"predecessor-version":[{"id":214027,"href":"https:\/\/radioinfinitagoya.com.ar\/v1\/wp-json\/wp\/v2\/posts\/214025\/revisions\/214027"}],"wp:featuredmedia":[{"embeddable":true,"href":"https:\/\/radioinfinitagoya.com.ar\/v1\/wp-json\/wp\/v2\/media\/214026"}],"wp:attachment":[{"href":"https:\/\/radioinfinitagoya.com.ar\/v1\/wp-json\/wp\/v2\/media?parent=214025"}],"wp:term":[{"taxonomy":"category","embeddable":true,"href":"https:\/\/radioinfinitagoya.com.ar\/v1\/wp-json\/wp\/v2\/categories?post=214025"},{"taxonomy":"post_tag","embeddable":true,"href":"https:\/\/radioinfinitagoya.com.ar\/v1\/wp-json\/wp\/v2\/tags?post=214025"}],"curies":[{"name":"wp","href":"https:\/\/api.w.org\/{rel}","templated":true}]}}