{"id":214032,"date":"2026-05-01T17:50:22","date_gmt":"2026-05-01T20:50:22","guid":{"rendered":"https:\/\/radioinfinitagoya.com.ar\/v1\/?p=214032"},"modified":"2026-05-01T17:50:22","modified_gmt":"2026-05-01T20:50:22","slug":"infantino-intento-reunir-a-los-representantes-del-futbol-de-palestina-e-israel","status":"publish","type":"post","link":"https:\/\/radioinfinitagoya.com.ar\/v1\/2026\/05\/01\/infantino-intento-reunir-a-los-representantes-del-futbol-de-palestina-e-israel\/","title":{"rendered":"Infantino intent\u00f3 reunir a los representantes del f\u00fatbol de Palestina e Israel"},"content":{"rendered":"<p>El presidente de la AFA intent\u00f3 un gesto de acercamiento entre referentes deportivos de estados hist\u00f3ricamente enfrentados, pero todo deriv\u00f3 en una situaci\u00f3n inc\u00f3moda<\/p>\n<p>En el Congreso anual de la Federaci\u00f3n Internacional de F\u00fatbol Asociado (FIFA) celebrado este jueves en Vancouver, Jibril Rajoub, presidente de la Asociaci\u00f3n Palestina de F\u00fatbol, rechaz\u00f3 saludar al vicepresidente de la Asociaci\u00f3n de F\u00fatbol de Israel, Basim Sheikh Suliman, a pesar de la insistencia del presidente de la FIFA, Gianni Infantino, quien buscaba proyectar una imagen de cooperaci\u00f3n a pocos d\u00edas del Mundial 2026 y en medio de la intensificaci\u00f3n de la guerra en Medio Oriente. Este episodio expuso la persistente distancia pol\u00edtica y deportiva entre ambos pa\u00edses, especialmente tras la reciente decisi\u00f3n de la FIFA de no suspender a Israel de sus competencias.<\/p>\n<p>Durante el evento en el Centro de Convenciones de Vancouver, la tensi\u00f3n se elev\u00f3 luego de los discursos de ambos directivos. Infantino solicit\u00f3 expresamente que Rajoub y Suliman subieran juntos al escenario para un gesto de acercamiento. Suliman, vicepresidente israel\u00ed, se aproxim\u00f3 cabizbajo y permaneci\u00f3 en un extremo, mientras Rajoub protest\u00f3 en voz alta, accediendo \u00fanicamente a estar presente pero sin estrechar la mano de su contraparte. Finalmente, Rajoub se apart\u00f3 sin intercambiar palabra con Suliman, incluso bajo la presi\u00f3n p\u00fablica del titular de la FIFA.<\/p>\n<p>Infantino, en un llamado a la colaboraci\u00f3n, expres\u00f3 su expectativa p\u00fablica: \u201cPresidente Rajoub, vicepresidente Suliman: trabajemos juntos. Trabajemos juntos para dar esperanza a los ni\u00f1os. Trabajemos juntos para eso\u201d.<\/p>\n<p>Posterior al incidente en el escenario, Rajoub argument\u00f3 su actitud ante periodistas: se pregunt\u00f3 si Israel \u201ctiene derecho siquiera a formar parte de la FIFA\u201d. El presidente palestino se manifest\u00f3 respetuoso de los procedimientos legales de la organizaci\u00f3n internacional, pero insisti\u00f3: \u201cCreo que es momento de entender que Israel deber\u00eda ser sancionado por las violaciones de los estatutos de la FIFA, de los derechos humanos\u201d<\/p>\n<p>Por su parte, Yariv Teper, secretario general interino de la Asociaci\u00f3n de F\u00fatbol de Israel, no respondi\u00f3 directamente a las declaraciones de Rajoub. Sin embargo, transmiti\u00f3 una disposici\u00f3n a cooperar: \u201cEstamos en el Congreso de la FIFA. Nuestra misi\u00f3n es promover el f\u00fatbol y un futuro mejor para todas las regiones, y esa es nuestra misi\u00f3n\u201d<\/p>\n<p>En el Congreso, Rajoub exigi\u00f3 a la FIFA que considere las denuncias presentadas por la Asociaci\u00f3n Palestina de F\u00fatbol acerca del incumplimiento por parte de Israel de la normativa antidiscriminaci\u00f3n. Seg\u00fan Rajoub, el Estado israel\u00ed permite la participaci\u00f3n de clubes con sede en asentamientos en Cisjordania en las ligas nacionales, lo que, desde la perspectiva palestina, constituye una violaci\u00f3n de los estatutos de la FIFA. El dirigente palestino anunci\u00f3, adem\u00e1s, que la cuesti\u00f3n ser\u00eda presentada ante el Tribunal de Arbitraje Deportivo (TAS), tras la resoluci\u00f3n adoptada por la FIFA en marzo, que opt\u00f3 por no suspender a Israel aduciendo la complejidad y el estatus legal todav\u00eda indeterminado de Cisjordania.<\/p>\n<p>En paralelo, la FIFA impuso una multa de USD 190.000 a la Asociaci\u00f3n de F\u00fatbol de Israel, ligada a \u201cdiscriminaci\u00f3n y abuso racista\u201d, sumado a cargos por \u201cconducta ofensiva y violaciones de los principios del juego limpio\u201d, en relaci\u00f3n con un caso independiente vinculado a uno de sus clubes. AP document\u00f3 que esta sanci\u00f3n surge en medio de investigaciones disciplinarias m\u00e1s amplias iniciadas hace un a\u00f1o y medio, impulsadas por objeciones reiteradas de la federaci\u00f3n palestina.<\/p>\n<p>Durante a\u00f1os, las autoridades deportivas palestinas han sostenido que Israel viola los estatutos de la FIFA al permitir que equipos de asentamientos en Cisjordania participen en sus ligas nacionales. La apertura de una investigaci\u00f3n hace 18 meses respondi\u00f3 a sucesivas quejas sobre este punto. La tensi\u00f3n entre ambas federaciones se ha mantenido, sin resolverse mediante las instancias deportivas internacionales.<\/p>\n<p>El liderazgo de la FIFA tambi\u00e9n se encuentra bajo la lupa del contexto pol\u00edtico, dado que Gianni Infantino ha manifestado afinidad en reiteradas ocasiones con Donald Trump, presidente de los Estados Unidos y aliado cercano del primer ministro israel\u00ed, Benjam\u00edn Netanyahu, tanto durante la guerra contra Ir\u00e1n como en los meses m\u00e1s recientes de enfrentamientos con Hamas en la Franja de Gaza.<\/p>\n<p>El comunicado de la FIFA sobre las declaraciones de la Federaci\u00f3n Palestina de F\u00fatbol y de la Federaci\u00f3n Israel\u00ed de F\u00fatbol<\/p>\n<p>El Congreso de la FIFA escuch\u00f3 las declaraciones de la Federaci\u00f3n Palestina de F\u00fatbol (PFA) y de la Federaci\u00f3n Israel\u00ed de F\u00fatbol (IFA). En este contexto, el presidente Infantino rindi\u00f3 homenaje a las v\u00edctimas inocentes de la violencia en la regi\u00f3n e insisti\u00f3 en la importancia de utilizar el f\u00fatbol para tender puentes.<\/p>\n<p>Las instancias correspondientes de la FIFA trataron la propuesta inicial presentada por la PFA.<\/p>\n<p>\u201cNo deben olvidar que sus dos federaciones cuentan con los mismos derechos: el derecho de organizar f\u00fatbol en sus respectivos territorios, el derecho de representar a sus pa\u00edses en los escenarios internacionales y el derecho y el deber de inculcar a sus hijos la pasi\u00f3n por el f\u00fatbol y el respeto mutuo\u201d, concluy\u00f3 Infantino.<\/p>\n<p>&nbsp;<\/p>\n<p>&nbsp;<\/p>\n","protected":false},"excerpt":{"rendered":"<p>El presidente de la AFA intent\u00f3 un gesto de acercamiento entre referentes deportivos de estados hist\u00f3ricamente enfrentados, pero todo deriv\u00f3 en una situaci\u00f3n inc\u00f3moda En el Congreso anual de la Federaci\u00f3n Internacional de F\u00fatbol Asociado (FIFA) celebrado este jueves en Vancouver, Jibril Rajoub, presidente de la Asociaci\u00f3n Palestina de F\u00fatbol, rechaz\u00f3 saludar al vicepresidente de [&hellip;]<\/p>\n","protected":false},"author":4,"featured_media":214033,"comment_status":"open","ping_status":"open","sticky":false,"template":"","format":"standard","meta":{"_joinchat":[],"footnotes":""},"categories":[28],"tags":[],"class_list":{"0":"post-214032","1":"post","2":"type-post","3":"status-publish","4":"format-standard","5":"has-post-thumbnail","7":"category-deportes"},"yoast_head":"<!-- This site is optimized with the Yoast SEO plugin v27.2 - https:\/\/yoast.com\/product\/yoast-seo-wordpress\/ -->\n<title>Infantino intent\u00f3 reunir a los representantes del f\u00fatbol de Palestina e Israel - Radio Infinita Goya<\/title>\n<meta name=\"description\" content=\"El presidente de la AFA intent\u00f3 un gesto de acercamiento entre referentes deportivos de estados hist\u00f3ricamente enfrentados, pero todo deriv\u00f3 en una\" \/>\n<meta name=\"robots\" content=\"index, follow, max-snippet:-1, max-image-preview:large, max-video-preview:-1\" \/>\n<link rel=\"canonical\" href=\"https:\/\/radioinfinitagoya.com.ar\/v1\/2026\/05\/01\/infantino-intento-reunir-a-los-representantes-del-futbol-de-palestina-e-israel\/\" \/>\n<meta property=\"og:locale\" content=\"es_ES\" \/>\n<meta property=\"og:type\" content=\"article\" \/>\n<meta property=\"og:title\" content=\"Infantino intent\u00f3 reunir a los representantes del f\u00fatbol de Palestina e Israel - Radio Infinita Goya\" \/>\n<meta property=\"og:description\" content=\"El presidente de la AFA intent\u00f3 un gesto de acercamiento entre referentes deportivos de estados hist\u00f3ricamente enfrentados, pero todo deriv\u00f3 en una\" \/>\n<meta property=\"og:url\" content=\"https:\/\/radioinfinitagoya.com.ar\/v1\/2026\/05\/01\/infantino-intento-reunir-a-los-representantes-del-futbol-de-palestina-e-israel\/\" \/>\n<meta property=\"og:site_name\" content=\"Radio Infinita Goya\" \/>\n<meta property=\"article:publisher\" content=\"https:\/\/www.facebook.com\/p\/Infinita-Goya-100063870918311\/\" \/>\n<meta property=\"article:published_time\" content=\"2026-05-01T20:50:22+00:00\" \/>\n<meta name=\"author\" content=\"Jorge Mi\u00f1o\" \/>\n<meta name=\"twitter:card\" content=\"summary_large_image\" \/>\n<meta name=\"twitter:label1\" content=\"Escrito por\" \/>\n\t<meta name=\"twitter:data1\" content=\"Jorge Mi\u00f1o\" \/>\n\t<meta name=\"twitter:label2\" content=\"Tiempo de lectura\" \/>\n\t<meta name=\"twitter:data2\" content=\"4 minutos\" \/>\n<script type=\"application\/ld+json\" class=\"yoast-schema-graph\">{\"@context\":\"https:\/\/schema.org\",\"@graph\":[{\"@type\":\"Article\",\"@id\":\"https:\/\/radioinfinitagoya.com.ar\/v1\/2026\/05\/01\/infantino-intento-reunir-a-los-representantes-del-futbol-de-palestina-e-israel\/#article\",\"isPartOf\":{\"@id\":\"https:\/\/radioinfinitagoya.com.ar\/v1\/2026\/05\/01\/infantino-intento-reunir-a-los-representantes-del-futbol-de-palestina-e-israel\/\"},\"author\":{\"name\":\"Jorge Mi\u00f1o\",\"@id\":\"https:\/\/radioinfinitagoya.com.ar\/v1\/#\/schema\/person\/d4cf9c413d4f6edb24aabdccab49ca4a\"},\"headline\":\"Infantino intent\u00f3 reunir a los representantes del f\u00fatbol de Palestina e Israel\",\"datePublished\":\"2026-05-01T20:50:22+00:00\",\"mainEntityOfPage\":{\"@id\":\"https:\/\/radioinfinitagoya.com.ar\/v1\/2026\/05\/01\/infantino-intento-reunir-a-los-representantes-del-futbol-de-palestina-e-israel\/\"},\"wordCount\":896,\"commentCount\":0,\"publisher\":{\"@id\":\"https:\/\/radioinfinitagoya.com.ar\/v1\/#organization\"},\"image\":{\"@id\":\"https:\/\/radioinfinitagoya.com.ar\/v1\/2026\/05\/01\/infantino-intento-reunir-a-los-representantes-del-futbol-de-palestina-e-israel\/#primaryimage\"},\"thumbnailUrl\":\"https:\/\/radioinfinitagoya.com.ar\/v1\/wp-content\/uploads\/2026\/05\/W6WTMB4CS5C6RAWZ5IJYJVXMSU.avif\",\"articleSection\":[\"DEPORTES\"],\"inLanguage\":\"es-AR\",\"potentialAction\":[{\"@type\":\"CommentAction\",\"name\":\"Comment\",\"target\":[\"https:\/\/radioinfinitagoya.com.ar\/v1\/2026\/05\/01\/infantino-intento-reunir-a-los-representantes-del-futbol-de-palestina-e-israel\/#respond\"]}]},{\"@type\":\"WebPage\",\"@id\":\"https:\/\/radioinfinitagoya.com.ar\/v1\/2026\/05\/01\/infantino-intento-reunir-a-los-representantes-del-futbol-de-palestina-e-israel\/\",\"url\":\"https:\/\/radioinfinitagoya.com.ar\/v1\/2026\/05\/01\/infantino-intento-reunir-a-los-representantes-del-futbol-de-palestina-e-israel\/\",\"name\":\"Infantino intent\u00f3 reunir a los representantes del f\u00fatbol de Palestina e Israel - Radio Infinita Goya\",\"isPartOf\":{\"@id\":\"https:\/\/radioinfinitagoya.com.ar\/v1\/#website\"},\"primaryImageOfPage\":{\"@id\":\"https:\/\/radioinfinitagoya.com.ar\/v1\/2026\/05\/01\/infantino-intento-reunir-a-los-representantes-del-futbol-de-palestina-e-israel\/#primaryimage\"},\"image\":{\"@id\":\"https:\/\/radioinfinitagoya.com.ar\/v1\/2026\/05\/01\/infantino-intento-reunir-a-los-representantes-del-futbol-de-palestina-e-israel\/#primaryimage\"},\"thumbnailUrl\":\"https:\/\/radioinfinitagoya.com.ar\/v1\/wp-content\/uploads\/2026\/05\/W6WTMB4CS5C6RAWZ5IJYJVXMSU.avif\",\"datePublished\":\"2026-05-01T20:50:22+00:00\",\"description\":\"El presidente de la AFA intent\u00f3 un gesto de acercamiento entre referentes deportivos de estados hist\u00f3ricamente enfrentados, pero todo deriv\u00f3 en una\",\"breadcrumb\":{\"@id\":\"https:\/\/radioinfinitagoya.com.ar\/v1\/2026\/05\/01\/infantino-intento-reunir-a-los-representantes-del-futbol-de-palestina-e-israel\/#breadcrumb\"},\"inLanguage\":\"es-AR\",\"potentialAction\":[{\"@type\":\"ReadAction\",\"target\":[\"https:\/\/radioinfinitagoya.com.ar\/v1\/2026\/05\/01\/infantino-intento-reunir-a-los-representantes-del-futbol-de-palestina-e-israel\/\"]}]},{\"@type\":\"ImageObject\",\"inLanguage\":\"es-AR\",\"@id\":\"https:\/\/radioinfinitagoya.com.ar\/v1\/2026\/05\/01\/infantino-intento-reunir-a-los-representantes-del-futbol-de-palestina-e-israel\/#primaryimage\",\"url\":\"https:\/\/radioinfinitagoya.com.ar\/v1\/wp-content\/uploads\/2026\/05\/W6WTMB4CS5C6RAWZ5IJYJVXMSU.avif\",\"contentUrl\":\"https:\/\/radioinfinitagoya.com.ar\/v1\/wp-content\/uploads\/2026\/05\/W6WTMB4CS5C6RAWZ5IJYJVXMSU.avif\",\"width\":992,\"height\":670},{\"@type\":\"BreadcrumbList\",\"@id\":\"https:\/\/radioinfinitagoya.com.ar\/v1\/2026\/05\/01\/infantino-intento-reunir-a-los-representantes-del-futbol-de-palestina-e-israel\/#breadcrumb\",\"itemListElement\":[{\"@type\":\"ListItem\",\"position\":1,\"name\":\"Inicio\",\"item\":\"https:\/\/radioinfinitagoya.com.ar\/v1\/\"},{\"@type\":\"ListItem\",\"position\":2,\"name\":\"Infantino intent\u00f3 reunir a los representantes del f\u00fatbol de Palestina e Israel\"}]},{\"@type\":\"WebSite\",\"@id\":\"https:\/\/radioinfinitagoya.com.ar\/v1\/#website\",\"url\":\"https:\/\/radioinfinitagoya.com.ar\/v1\/\",\"name\":\"radioinfinitagoya.com.ar\",\"description\":\"Radio de noticias\",\"publisher\":{\"@id\":\"https:\/\/radioinfinitagoya.com.ar\/v1\/#organization\"},\"potentialAction\":[{\"@type\":\"SearchAction\",\"target\":{\"@type\":\"EntryPoint\",\"urlTemplate\":\"https:\/\/radioinfinitagoya.com.ar\/v1\/?s={search_term_string}\"},\"query-input\":{\"@type\":\"PropertyValueSpecification\",\"valueRequired\":true,\"valueName\":\"search_term_string\"}}],\"inLanguage\":\"es-AR\"},{\"@type\":\"Organization\",\"@id\":\"https:\/\/radioinfinitagoya.com.ar\/v1\/#organization\",\"name\":\"Radio Infinita Goya\",\"url\":\"https:\/\/radioinfinitagoya.com.ar\/v1\/\",\"logo\":{\"@type\":\"ImageObject\",\"inLanguage\":\"es-AR\",\"@id\":\"https:\/\/radioinfinitagoya.com.ar\/v1\/#\/schema\/logo\/image\/\",\"url\":\"https:\/\/radioinfinitagoya.com.ar\/v1\/wp-content\/uploads\/2019\/11\/logo-pie-web.png\",\"contentUrl\":\"https:\/\/radioinfinitagoya.com.ar\/v1\/wp-content\/uploads\/2019\/11\/logo-pie-web.png\",\"width\":635,\"height\":326,\"caption\":\"Radio Infinita Goya\"},\"image\":{\"@id\":\"https:\/\/radioinfinitagoya.com.ar\/v1\/#\/schema\/logo\/image\/\"},\"sameAs\":[\"https:\/\/www.facebook.com\/p\/Infinita-Goya-100063870918311\/\"]},{\"@type\":\"Person\",\"@id\":\"https:\/\/radioinfinitagoya.com.ar\/v1\/#\/schema\/person\/d4cf9c413d4f6edb24aabdccab49ca4a\",\"name\":\"Jorge Mi\u00f1o\",\"image\":{\"@type\":\"ImageObject\",\"inLanguage\":\"es-AR\",\"@id\":\"https:\/\/secure.gravatar.com\/avatar\/910fcf6728fe95320e07a6643c1581fec1c7fc4bf8ae12e3d8f0d0373dc844be?s=96&d=mm&r=g\",\"url\":\"https:\/\/secure.gravatar.com\/avatar\/910fcf6728fe95320e07a6643c1581fec1c7fc4bf8ae12e3d8f0d0373dc844be?s=96&d=mm&r=g\",\"contentUrl\":\"https:\/\/secure.gravatar.com\/avatar\/910fcf6728fe95320e07a6643c1581fec1c7fc4bf8ae12e3d8f0d0373dc844be?s=96&d=mm&r=g\",\"caption\":\"Jorge Mi\u00f1o\"},\"sameAs\":[\"http:\/\/radioinfinitagoya.com.ar\"]}]}<\/script>\n<!-- \/ Yoast SEO plugin. -->","yoast_head_json":{"title":"Infantino intent\u00f3 reunir a los representantes del f\u00fatbol de Palestina e Israel - Radio Infinita Goya","description":"El presidente de la AFA intent\u00f3 un gesto de acercamiento entre referentes deportivos de estados hist\u00f3ricamente enfrentados, pero todo deriv\u00f3 en una","robots":{"index":"index","follow":"follow","max-snippet":"max-snippet:-1","max-image-preview":"max-image-preview:large","max-video-preview":"max-video-preview:-1"},"canonical":"https:\/\/radioinfinitagoya.com.ar\/v1\/2026\/05\/01\/infantino-intento-reunir-a-los-representantes-del-futbol-de-palestina-e-israel\/","og_locale":"es_ES","og_type":"article","og_title":"Infantino intent\u00f3 reunir a los representantes del f\u00fatbol de Palestina e Israel - Radio Infinita Goya","og_description":"El presidente de la AFA intent\u00f3 un gesto de acercamiento entre referentes deportivos de estados hist\u00f3ricamente enfrentados, pero todo deriv\u00f3 en una","og_url":"https:\/\/radioinfinitagoya.com.ar\/v1\/2026\/05\/01\/infantino-intento-reunir-a-los-representantes-del-futbol-de-palestina-e-israel\/","og_site_name":"Radio Infinita Goya","article_publisher":"https:\/\/www.facebook.com\/p\/Infinita-Goya-100063870918311\/","article_published_time":"2026-05-01T20:50:22+00:00","author":"Jorge Mi\u00f1o","twitter_card":"summary_large_image","twitter_misc":{"Escrito por":"Jorge Mi\u00f1o","Tiempo de lectura":"4 minutos"},"schema":{"@context":"https:\/\/schema.org","@graph":[{"@type":"Article","@id":"https:\/\/radioinfinitagoya.com.ar\/v1\/2026\/05\/01\/infantino-intento-reunir-a-los-representantes-del-futbol-de-palestina-e-israel\/#article","isPartOf":{"@id":"https:\/\/radioinfinitagoya.com.ar\/v1\/2026\/05\/01\/infantino-intento-reunir-a-los-representantes-del-futbol-de-palestina-e-israel\/"},"author":{"name":"Jorge Mi\u00f1o","@id":"https:\/\/radioinfinitagoya.com.ar\/v1\/#\/schema\/person\/d4cf9c413d4f6edb24aabdccab49ca4a"},"headline":"Infantino intent\u00f3 reunir a los representantes del f\u00fatbol de Palestina e Israel","datePublished":"2026-05-01T20:50:22+00:00","mainEntityOfPage":{"@id":"https:\/\/radioinfinitagoya.com.ar\/v1\/2026\/05\/01\/infantino-intento-reunir-a-los-representantes-del-futbol-de-palestina-e-israel\/"},"wordCount":896,"commentCount":0,"publisher":{"@id":"https:\/\/radioinfinitagoya.com.ar\/v1\/#organization"},"image":{"@id":"https:\/\/radioinfinitagoya.com.ar\/v1\/2026\/05\/01\/infantino-intento-reunir-a-los-representantes-del-futbol-de-palestina-e-israel\/#primaryimage"},"thumbnailUrl":"https:\/\/radioinfinitagoya.com.ar\/v1\/wp-content\/uploads\/2026\/05\/W6WTMB4CS5C6RAWZ5IJYJVXMSU.avif","articleSection":["DEPORTES"],"inLanguage":"es-AR","potentialAction":[{"@type":"CommentAction","name":"Comment","target":["https:\/\/radioinfinitagoya.com.ar\/v1\/2026\/05\/01\/infantino-intento-reunir-a-los-representantes-del-futbol-de-palestina-e-israel\/#respond"]}]},{"@type":"WebPage","@id":"https:\/\/radioinfinitagoya.com.ar\/v1\/2026\/05\/01\/infantino-intento-reunir-a-los-representantes-del-futbol-de-palestina-e-israel\/","url":"https:\/\/radioinfinitagoya.com.ar\/v1\/2026\/05\/01\/infantino-intento-reunir-a-los-representantes-del-futbol-de-palestina-e-israel\/","name":"Infantino intent\u00f3 reunir a los representantes del f\u00fatbol de Palestina e Israel - Radio Infinita Goya","isPartOf":{"@id":"https:\/\/radioinfinitagoya.com.ar\/v1\/#website"},"primaryImageOfPage":{"@id":"https:\/\/radioinfinitagoya.com.ar\/v1\/2026\/05\/01\/infantino-intento-reunir-a-los-representantes-del-futbol-de-palestina-e-israel\/#primaryimage"},"image":{"@id":"https:\/\/radioinfinitagoya.com.ar\/v1\/2026\/05\/01\/infantino-intento-reunir-a-los-representantes-del-futbol-de-palestina-e-israel\/#primaryimage"},"thumbnailUrl":"https:\/\/radioinfinitagoya.com.ar\/v1\/wp-content\/uploads\/2026\/05\/W6WTMB4CS5C6RAWZ5IJYJVXMSU.avif","datePublished":"2026-05-01T20:50:22+00:00","description":"El presidente de la AFA intent\u00f3 un gesto de acercamiento entre referentes deportivos de estados hist\u00f3ricamente enfrentados, pero todo deriv\u00f3 en una","breadcrumb":{"@id":"https:\/\/radioinfinitagoya.com.ar\/v1\/2026\/05\/01\/infantino-intento-reunir-a-los-representantes-del-futbol-de-palestina-e-israel\/#breadcrumb"},"inLanguage":"es-AR","potentialAction":[{"@type":"ReadAction","target":["https:\/\/radioinfinitagoya.com.ar\/v1\/2026\/05\/01\/infantino-intento-reunir-a-los-representantes-del-futbol-de-palestina-e-israel\/"]}]},{"@type":"ImageObject","inLanguage":"es-AR","@id":"https:\/\/radioinfinitagoya.com.ar\/v1\/2026\/05\/01\/infantino-intento-reunir-a-los-representantes-del-futbol-de-palestina-e-israel\/#primaryimage","url":"https:\/\/radioinfinitagoya.com.ar\/v1\/wp-content\/uploads\/2026\/05\/W6WTMB4CS5C6RAWZ5IJYJVXMSU.avif","contentUrl":"https:\/\/radioinfinitagoya.com.ar\/v1\/wp-content\/uploads\/2026\/05\/W6WTMB4CS5C6RAWZ5IJYJVXMSU.avif","width":992,"height":670},{"@type":"BreadcrumbList","@id":"https:\/\/radioinfinitagoya.com.ar\/v1\/2026\/05\/01\/infantino-intento-reunir-a-los-representantes-del-futbol-de-palestina-e-israel\/#breadcrumb","itemListElement":[{"@type":"ListItem","position":1,"name":"Inicio","item":"https:\/\/radioinfinitagoya.com.ar\/v1\/"},{"@type":"ListItem","position":2,"name":"Infantino intent\u00f3 reunir a los representantes del f\u00fatbol de Palestina e Israel"}]},{"@type":"WebSite","@id":"https:\/\/radioinfinitagoya.com.ar\/v1\/#website","url":"https:\/\/radioinfinitagoya.com.ar\/v1\/","name":"radioinfinitagoya.com.ar","description":"Radio de noticias","publisher":{"@id":"https:\/\/radioinfinitagoya.com.ar\/v1\/#organization"},"potentialAction":[{"@type":"SearchAction","target":{"@type":"EntryPoint","urlTemplate":"https:\/\/radioinfinitagoya.com.ar\/v1\/?s={search_term_string}"},"query-input":{"@type":"PropertyValueSpecification","valueRequired":true,"valueName":"search_term_string"}}],"inLanguage":"es-AR"},{"@type":"Organization","@id":"https:\/\/radioinfinitagoya.com.ar\/v1\/#organization","name":"Radio Infinita Goya","url":"https:\/\/radioinfinitagoya.com.ar\/v1\/","logo":{"@type":"ImageObject","inLanguage":"es-AR","@id":"https:\/\/radioinfinitagoya.com.ar\/v1\/#\/schema\/logo\/image\/","url":"https:\/\/radioinfinitagoya.com.ar\/v1\/wp-content\/uploads\/2019\/11\/logo-pie-web.png","contentUrl":"https:\/\/radioinfinitagoya.com.ar\/v1\/wp-content\/uploads\/2019\/11\/logo-pie-web.png","width":635,"height":326,"caption":"Radio Infinita Goya"},"image":{"@id":"https:\/\/radioinfinitagoya.com.ar\/v1\/#\/schema\/logo\/image\/"},"sameAs":["https:\/\/www.facebook.com\/p\/Infinita-Goya-100063870918311\/"]},{"@type":"Person","@id":"https:\/\/radioinfinitagoya.com.ar\/v1\/#\/schema\/person\/d4cf9c413d4f6edb24aabdccab49ca4a","name":"Jorge Mi\u00f1o","image":{"@type":"ImageObject","inLanguage":"es-AR","@id":"https:\/\/secure.gravatar.com\/avatar\/910fcf6728fe95320e07a6643c1581fec1c7fc4bf8ae12e3d8f0d0373dc844be?s=96&d=mm&r=g","url":"https:\/\/secure.gravatar.com\/avatar\/910fcf6728fe95320e07a6643c1581fec1c7fc4bf8ae12e3d8f0d0373dc844be?s=96&d=mm&r=g","contentUrl":"https:\/\/secure.gravatar.com\/avatar\/910fcf6728fe95320e07a6643c1581fec1c7fc4bf8ae12e3d8f0d0373dc844be?s=96&d=mm&r=g","caption":"Jorge Mi\u00f1o"},"sameAs":["http:\/\/radioinfinitagoya.com.ar"]}]}},"_links":{"self":[{"href":"https:\/\/radioinfinitagoya.com.ar\/v1\/wp-json\/wp\/v2\/posts\/214032","targetHints":{"allow":["GET"]}}],"collection":[{"href":"https:\/\/radioinfinitagoya.com.ar\/v1\/wp-json\/wp\/v2\/posts"}],"about":[{"href":"https:\/\/radioinfinitagoya.com.ar\/v1\/wp-json\/wp\/v2\/types\/post"}],"author":[{"embeddable":true,"href":"https:\/\/radioinfinitagoya.com.ar\/v1\/wp-json\/wp\/v2\/users\/4"}],"replies":[{"embeddable":true,"href":"https:\/\/radioinfinitagoya.com.ar\/v1\/wp-json\/wp\/v2\/comments?post=214032"}],"version-history":[{"count":1,"href":"https:\/\/radioinfinitagoya.com.ar\/v1\/wp-json\/wp\/v2\/posts\/214032\/revisions"}],"predecessor-version":[{"id":214034,"href":"https:\/\/radioinfinitagoya.com.ar\/v1\/wp-json\/wp\/v2\/posts\/214032\/revisions\/214034"}],"wp:featuredmedia":[{"embeddable":true,"href":"https:\/\/radioinfinitagoya.com.ar\/v1\/wp-json\/wp\/v2\/media\/214033"}],"wp:attachment":[{"href":"https:\/\/radioinfinitagoya.com.ar\/v1\/wp-json\/wp\/v2\/media?parent=214032"}],"wp:term":[{"taxonomy":"category","embeddable":true,"href":"https:\/\/radioinfinitagoya.com.ar\/v1\/wp-json\/wp\/v2\/categories?post=214032"},{"taxonomy":"post_tag","embeddable":true,"href":"https:\/\/radioinfinitagoya.com.ar\/v1\/wp-json\/wp\/v2\/tags?post=214032"}],"curies":[{"name":"wp","href":"https:\/\/api.w.org\/{rel}","templated":true}]}}