{"id":214035,"date":"2026-05-01T17:52:53","date_gmt":"2026-05-01T20:52:53","guid":{"rendered":"https:\/\/radioinfinitagoya.com.ar\/v1\/?p=214035"},"modified":"2026-05-01T17:52:53","modified_gmt":"2026-05-01T20:52:53","slug":"guido-andreozzi-y-manuel-guinard-se-clasificaron-a-la-final-en-madrid","status":"publish","type":"post","link":"https:\/\/radioinfinitagoya.com.ar\/v1\/2026\/05\/01\/guido-andreozzi-y-manuel-guinard-se-clasificaron-a-la-final-en-madrid\/","title":{"rendered":"Guido Andreozzi y Manuel Guinard se clasificaron a la final en Madrid"},"content":{"rendered":"<p>Van por el trofeo en la Caja M\u00e1gica<\/p>\n<p>El argentino y el franc\u00e9s vencieron a M\u00e1ximo Gonz\u00e1lez y Andr\u00e9s Molteni en dos sets y definir\u00e1n el t\u00edtulo en la capital espa\u00f1ola<\/p>\n<p>Por las semifinales del Masters 1000 de Madrid, disputado sobre polvo de ladrillo, el argentino Guido Andreozzi, en dupla con el franc\u00e9s Manuel Guinard, se clasific\u00f3 para la final tras imponerse a los tambi\u00e9n argentinos M\u00e1ximo Gonz\u00e1lez y Andr\u00e9s Molteni por 6-4 y 7-6(3), en una hora y 43 minutos de juego.<\/p>\n<p>En el inicio del encuentro en el el Arantxa S\u00e1nchez Stadium, el argentino Andreozzi en dupla con el galo Guinard salvaron un punto de quiebre en el segundo game. Con esa recuperaci\u00f3n y a\u00fan entrando en ritmo de competencia, fueron eficaces para el primer break point que tuvieron en su favor lograron dar el golpe para colocarse 3-1. En el sexto juego, la dupla nacional conformada por Gonz\u00e1lez y Molteni volvieron a contar con tres pelotas de quiebres que no pudieron resolver. Esa peque\u00f1a diferencia el porte\u00f1o y el galo la sostuvieron hasta el final y consiguieron adelantarse en el marcador por 6-4.<\/p>\n<p>En el segundo parcial la intensidad se mantuvo al m\u00e1ximo. Con la ventaja en el marcador, Andreozzi y Guinard no bajaron la guardia y continuaron presionando en busca de las fallas de sus rivales. En el tercer game dispusieron de dos oportunidades de quiebre, pero no lograron capitalizarlas, y en el quinto sus oponentes se adue\u00f1aron del saque del d\u00fao albiceleste. Sin embargo, no pudieron sostener esa diferencia y el marcador qued\u00f3 igualado 3-3.<\/p>\n<p>A partir de all\u00ed, ninguna dupla volvi\u00f3 a ceder su turno de servicio: lo defendieron con solidez, mostraron precisi\u00f3n en los golpes y estiraron la definici\u00f3n al tie-break. En ese tramo decisivo, el argentino y el franc\u00e9s volvieron a marcar diferencias y, con autoridad, sellaron la clasificaci\u00f3n para disputar el t\u00edtulo en la Caja M\u00e1gica con un 7-6(3).<\/p>\n<p>En la final se medir\u00e1n ante el brit\u00e1nico Henry Patten y el finland\u00e9s Harri Heliovaara, quienes dejaron en el camino al polaco Jan Zielinski y al ingl\u00e9s Luke Johnson cuando estaban al frente por 6-4 y 4-3 antes del retiro.<\/p>\n<p>Andreozzi se transform\u00f3 en las \u00faltimas temporadas en uno de los grandes referentes argentinos del dobles. Su evoluci\u00f3n en la especialidad se sostiene en n\u00fameros contundentes: acumula 39 t\u00edtulos a nivel Challenger y ya levant\u00f3 cuatro trofeos en el ATP Tour, con conquistas en ATP Buenos Aires y ATP Bastad en 2025, adem\u00e1s de ATP Umag en 2024. A ese recorrido le sum\u00f3 la final en ATP Metz (2025) y Masters 1000 de Indian Wells (2026).<\/p>\n<p>hist\u00f3rica\u2014, tambi\u00e9n alcanz\u00f3 las semifinales del Masters 1000 de Shanghai Masters en 2025, consolidando su presencia en la \u00e9lite.<\/p>\n<p>El presente lo encuentra en el punto m\u00e1s alto de su trayectoria: al reciente t\u00edtulo en el desierto californiano, se encuentra consolidado como una de las principales opciones para Javier Frana, capit\u00e1n del equipo argentino de Copa Davis.<\/p>\n<p>En ese contexto, el porte\u00f1o tuvo su debut absoluto esta temporada en la serie de Qualifiers disputada en Busan, donde el conjunto albiceleste cay\u00f3 ante Corea del Sur. M\u00e1s all\u00e1 del resultado, Andreozzi dej\u00f3 una se\u00f1al positiva: junto a Federico G\u00f3mez aportaron un punto al equipo con una actuaci\u00f3n destacada en el dobles.<\/p>\n","protected":false},"excerpt":{"rendered":"<p>Van por el trofeo en la Caja M\u00e1gica El argentino y el franc\u00e9s vencieron a M\u00e1ximo Gonz\u00e1lez y Andr\u00e9s Molteni en dos sets y definir\u00e1n el t\u00edtulo en la capital espa\u00f1ola Por las semifinales del Masters 1000 de Madrid, disputado sobre polvo de ladrillo, el argentino Guido Andreozzi, en dupla con el franc\u00e9s Manuel Guinard, [&hellip;]<\/p>\n","protected":false},"author":4,"featured_media":214036,"comment_status":"open","ping_status":"open","sticky":false,"template":"","format":"standard","meta":{"_joinchat":[],"footnotes":""},"categories":[28],"tags":[],"class_list":{"0":"post-214035","1":"post","2":"type-post","3":"status-publish","4":"format-standard","5":"has-post-thumbnail","7":"category-deportes"},"yoast_head":"<!-- This site is optimized with the Yoast SEO plugin v27.2 - https:\/\/yoast.com\/product\/yoast-seo-wordpress\/ -->\n<title>Guido Andreozzi y Manuel Guinard se clasificaron a la final en Madrid - Radio Infinita Goya<\/title>\n<meta name=\"description\" content=\"Van por el trofeo en la Caja M\u00e1gica El argentino y el franc\u00e9s vencieron a M\u00e1ximo Gonz\u00e1lez y Andr\u00e9s Molteni en dos sets y definir\u00e1n el t\u00edtulo en la capital\" \/>\n<meta name=\"robots\" content=\"index, follow, max-snippet:-1, max-image-preview:large, max-video-preview:-1\" \/>\n<link rel=\"canonical\" href=\"https:\/\/radioinfinitagoya.com.ar\/v1\/2026\/05\/01\/guido-andreozzi-y-manuel-guinard-se-clasificaron-a-la-final-en-madrid\/\" \/>\n<meta property=\"og:locale\" content=\"es_ES\" \/>\n<meta property=\"og:type\" content=\"article\" \/>\n<meta property=\"og:title\" content=\"Guido Andreozzi y Manuel Guinard se clasificaron a la final en Madrid - Radio Infinita Goya\" \/>\n<meta property=\"og:description\" content=\"Van por el trofeo en la Caja M\u00e1gica El argentino y el franc\u00e9s vencieron a M\u00e1ximo Gonz\u00e1lez y Andr\u00e9s Molteni en dos sets y definir\u00e1n el t\u00edtulo en la capital\" \/>\n<meta property=\"og:url\" content=\"https:\/\/radioinfinitagoya.com.ar\/v1\/2026\/05\/01\/guido-andreozzi-y-manuel-guinard-se-clasificaron-a-la-final-en-madrid\/\" \/>\n<meta property=\"og:site_name\" content=\"Radio Infinita Goya\" \/>\n<meta property=\"article:publisher\" content=\"https:\/\/www.facebook.com\/p\/Infinita-Goya-100063870918311\/\" \/>\n<meta property=\"article:published_time\" content=\"2026-05-01T20:52:53+00:00\" \/>\n<meta name=\"author\" content=\"Jorge Mi\u00f1o\" \/>\n<meta name=\"twitter:card\" content=\"summary_large_image\" \/>\n<meta name=\"twitter:label1\" content=\"Escrito por\" \/>\n\t<meta name=\"twitter:data1\" content=\"Jorge Mi\u00f1o\" \/>\n\t<meta name=\"twitter:label2\" content=\"Tiempo de lectura\" \/>\n\t<meta name=\"twitter:data2\" content=\"3 minutos\" \/>\n<script type=\"application\/ld+json\" class=\"yoast-schema-graph\">{\"@context\":\"https:\/\/schema.org\",\"@graph\":[{\"@type\":\"Article\",\"@id\":\"https:\/\/radioinfinitagoya.com.ar\/v1\/2026\/05\/01\/guido-andreozzi-y-manuel-guinard-se-clasificaron-a-la-final-en-madrid\/#article\",\"isPartOf\":{\"@id\":\"https:\/\/radioinfinitagoya.com.ar\/v1\/2026\/05\/01\/guido-andreozzi-y-manuel-guinard-se-clasificaron-a-la-final-en-madrid\/\"},\"author\":{\"name\":\"Jorge Mi\u00f1o\",\"@id\":\"https:\/\/radioinfinitagoya.com.ar\/v1\/#\/schema\/person\/d4cf9c413d4f6edb24aabdccab49ca4a\"},\"headline\":\"Guido Andreozzi y Manuel Guinard se clasificaron a la final en Madrid\",\"datePublished\":\"2026-05-01T20:52:53+00:00\",\"mainEntityOfPage\":{\"@id\":\"https:\/\/radioinfinitagoya.com.ar\/v1\/2026\/05\/01\/guido-andreozzi-y-manuel-guinard-se-clasificaron-a-la-final-en-madrid\/\"},\"wordCount\":592,\"commentCount\":0,\"publisher\":{\"@id\":\"https:\/\/radioinfinitagoya.com.ar\/v1\/#organization\"},\"image\":{\"@id\":\"https:\/\/radioinfinitagoya.com.ar\/v1\/2026\/05\/01\/guido-andreozzi-y-manuel-guinard-se-clasificaron-a-la-final-en-madrid\/#primaryimage\"},\"thumbnailUrl\":\"https:\/\/radioinfinitagoya.com.ar\/v1\/wp-content\/uploads\/2026\/05\/KEYK3USBC5G5TBAOEFX2VCO6DE.avif\",\"articleSection\":[\"DEPORTES\"],\"inLanguage\":\"es-AR\",\"potentialAction\":[{\"@type\":\"CommentAction\",\"name\":\"Comment\",\"target\":[\"https:\/\/radioinfinitagoya.com.ar\/v1\/2026\/05\/01\/guido-andreozzi-y-manuel-guinard-se-clasificaron-a-la-final-en-madrid\/#respond\"]}]},{\"@type\":\"WebPage\",\"@id\":\"https:\/\/radioinfinitagoya.com.ar\/v1\/2026\/05\/01\/guido-andreozzi-y-manuel-guinard-se-clasificaron-a-la-final-en-madrid\/\",\"url\":\"https:\/\/radioinfinitagoya.com.ar\/v1\/2026\/05\/01\/guido-andreozzi-y-manuel-guinard-se-clasificaron-a-la-final-en-madrid\/\",\"name\":\"Guido Andreozzi y Manuel Guinard se clasificaron a la final en Madrid - Radio Infinita Goya\",\"isPartOf\":{\"@id\":\"https:\/\/radioinfinitagoya.com.ar\/v1\/#website\"},\"primaryImageOfPage\":{\"@id\":\"https:\/\/radioinfinitagoya.com.ar\/v1\/2026\/05\/01\/guido-andreozzi-y-manuel-guinard-se-clasificaron-a-la-final-en-madrid\/#primaryimage\"},\"image\":{\"@id\":\"https:\/\/radioinfinitagoya.com.ar\/v1\/2026\/05\/01\/guido-andreozzi-y-manuel-guinard-se-clasificaron-a-la-final-en-madrid\/#primaryimage\"},\"thumbnailUrl\":\"https:\/\/radioinfinitagoya.com.ar\/v1\/wp-content\/uploads\/2026\/05\/KEYK3USBC5G5TBAOEFX2VCO6DE.avif\",\"datePublished\":\"2026-05-01T20:52:53+00:00\",\"description\":\"Van por el trofeo en la Caja M\u00e1gica El argentino y el franc\u00e9s vencieron a M\u00e1ximo Gonz\u00e1lez y Andr\u00e9s Molteni en dos sets y definir\u00e1n el t\u00edtulo en la capital\",\"breadcrumb\":{\"@id\":\"https:\/\/radioinfinitagoya.com.ar\/v1\/2026\/05\/01\/guido-andreozzi-y-manuel-guinard-se-clasificaron-a-la-final-en-madrid\/#breadcrumb\"},\"inLanguage\":\"es-AR\",\"potentialAction\":[{\"@type\":\"ReadAction\",\"target\":[\"https:\/\/radioinfinitagoya.com.ar\/v1\/2026\/05\/01\/guido-andreozzi-y-manuel-guinard-se-clasificaron-a-la-final-en-madrid\/\"]}]},{\"@type\":\"ImageObject\",\"inLanguage\":\"es-AR\",\"@id\":\"https:\/\/radioinfinitagoya.com.ar\/v1\/2026\/05\/01\/guido-andreozzi-y-manuel-guinard-se-clasificaron-a-la-final-en-madrid\/#primaryimage\",\"url\":\"https:\/\/radioinfinitagoya.com.ar\/v1\/wp-content\/uploads\/2026\/05\/KEYK3USBC5G5TBAOEFX2VCO6DE.avif\",\"contentUrl\":\"https:\/\/radioinfinitagoya.com.ar\/v1\/wp-content\/uploads\/2026\/05\/KEYK3USBC5G5TBAOEFX2VCO6DE.avif\",\"width\":992,\"height\":661},{\"@type\":\"BreadcrumbList\",\"@id\":\"https:\/\/radioinfinitagoya.com.ar\/v1\/2026\/05\/01\/guido-andreozzi-y-manuel-guinard-se-clasificaron-a-la-final-en-madrid\/#breadcrumb\",\"itemListElement\":[{\"@type\":\"ListItem\",\"position\":1,\"name\":\"Inicio\",\"item\":\"https:\/\/radioinfinitagoya.com.ar\/v1\/\"},{\"@type\":\"ListItem\",\"position\":2,\"name\":\"Guido Andreozzi y Manuel Guinard se clasificaron a la final en Madrid\"}]},{\"@type\":\"WebSite\",\"@id\":\"https:\/\/radioinfinitagoya.com.ar\/v1\/#website\",\"url\":\"https:\/\/radioinfinitagoya.com.ar\/v1\/\",\"name\":\"radioinfinitagoya.com.ar\",\"description\":\"Radio de noticias\",\"publisher\":{\"@id\":\"https:\/\/radioinfinitagoya.com.ar\/v1\/#organization\"},\"potentialAction\":[{\"@type\":\"SearchAction\",\"target\":{\"@type\":\"EntryPoint\",\"urlTemplate\":\"https:\/\/radioinfinitagoya.com.ar\/v1\/?s={search_term_string}\"},\"query-input\":{\"@type\":\"PropertyValueSpecification\",\"valueRequired\":true,\"valueName\":\"search_term_string\"}}],\"inLanguage\":\"es-AR\"},{\"@type\":\"Organization\",\"@id\":\"https:\/\/radioinfinitagoya.com.ar\/v1\/#organization\",\"name\":\"Radio Infinita Goya\",\"url\":\"https:\/\/radioinfinitagoya.com.ar\/v1\/\",\"logo\":{\"@type\":\"ImageObject\",\"inLanguage\":\"es-AR\",\"@id\":\"https:\/\/radioinfinitagoya.com.ar\/v1\/#\/schema\/logo\/image\/\",\"url\":\"https:\/\/radioinfinitagoya.com.ar\/v1\/wp-content\/uploads\/2019\/11\/logo-pie-web.png\",\"contentUrl\":\"https:\/\/radioinfinitagoya.com.ar\/v1\/wp-content\/uploads\/2019\/11\/logo-pie-web.png\",\"width\":635,\"height\":326,\"caption\":\"Radio Infinita Goya\"},\"image\":{\"@id\":\"https:\/\/radioinfinitagoya.com.ar\/v1\/#\/schema\/logo\/image\/\"},\"sameAs\":[\"https:\/\/www.facebook.com\/p\/Infinita-Goya-100063870918311\/\"]},{\"@type\":\"Person\",\"@id\":\"https:\/\/radioinfinitagoya.com.ar\/v1\/#\/schema\/person\/d4cf9c413d4f6edb24aabdccab49ca4a\",\"name\":\"Jorge Mi\u00f1o\",\"image\":{\"@type\":\"ImageObject\",\"inLanguage\":\"es-AR\",\"@id\":\"https:\/\/secure.gravatar.com\/avatar\/910fcf6728fe95320e07a6643c1581fec1c7fc4bf8ae12e3d8f0d0373dc844be?s=96&d=mm&r=g\",\"url\":\"https:\/\/secure.gravatar.com\/avatar\/910fcf6728fe95320e07a6643c1581fec1c7fc4bf8ae12e3d8f0d0373dc844be?s=96&d=mm&r=g\",\"contentUrl\":\"https:\/\/secure.gravatar.com\/avatar\/910fcf6728fe95320e07a6643c1581fec1c7fc4bf8ae12e3d8f0d0373dc844be?s=96&d=mm&r=g\",\"caption\":\"Jorge Mi\u00f1o\"},\"sameAs\":[\"http:\/\/radioinfinitagoya.com.ar\"]}]}<\/script>\n<!-- \/ Yoast SEO plugin. -->","yoast_head_json":{"title":"Guido Andreozzi y Manuel Guinard se clasificaron a la final en Madrid - Radio Infinita Goya","description":"Van por el trofeo en la Caja M\u00e1gica El argentino y el franc\u00e9s vencieron a M\u00e1ximo Gonz\u00e1lez y Andr\u00e9s Molteni en dos sets y definir\u00e1n el t\u00edtulo en la capital","robots":{"index":"index","follow":"follow","max-snippet":"max-snippet:-1","max-image-preview":"max-image-preview:large","max-video-preview":"max-video-preview:-1"},"canonical":"https:\/\/radioinfinitagoya.com.ar\/v1\/2026\/05\/01\/guido-andreozzi-y-manuel-guinard-se-clasificaron-a-la-final-en-madrid\/","og_locale":"es_ES","og_type":"article","og_title":"Guido Andreozzi y Manuel Guinard se clasificaron a la final en Madrid - Radio Infinita Goya","og_description":"Van por el trofeo en la Caja M\u00e1gica El argentino y el franc\u00e9s vencieron a M\u00e1ximo Gonz\u00e1lez y Andr\u00e9s Molteni en dos sets y definir\u00e1n el t\u00edtulo en la capital","og_url":"https:\/\/radioinfinitagoya.com.ar\/v1\/2026\/05\/01\/guido-andreozzi-y-manuel-guinard-se-clasificaron-a-la-final-en-madrid\/","og_site_name":"Radio Infinita Goya","article_publisher":"https:\/\/www.facebook.com\/p\/Infinita-Goya-100063870918311\/","article_published_time":"2026-05-01T20:52:53+00:00","author":"Jorge Mi\u00f1o","twitter_card":"summary_large_image","twitter_misc":{"Escrito por":"Jorge Mi\u00f1o","Tiempo de lectura":"3 minutos"},"schema":{"@context":"https:\/\/schema.org","@graph":[{"@type":"Article","@id":"https:\/\/radioinfinitagoya.com.ar\/v1\/2026\/05\/01\/guido-andreozzi-y-manuel-guinard-se-clasificaron-a-la-final-en-madrid\/#article","isPartOf":{"@id":"https:\/\/radioinfinitagoya.com.ar\/v1\/2026\/05\/01\/guido-andreozzi-y-manuel-guinard-se-clasificaron-a-la-final-en-madrid\/"},"author":{"name":"Jorge Mi\u00f1o","@id":"https:\/\/radioinfinitagoya.com.ar\/v1\/#\/schema\/person\/d4cf9c413d4f6edb24aabdccab49ca4a"},"headline":"Guido Andreozzi y Manuel Guinard se clasificaron a la final en Madrid","datePublished":"2026-05-01T20:52:53+00:00","mainEntityOfPage":{"@id":"https:\/\/radioinfinitagoya.com.ar\/v1\/2026\/05\/01\/guido-andreozzi-y-manuel-guinard-se-clasificaron-a-la-final-en-madrid\/"},"wordCount":592,"commentCount":0,"publisher":{"@id":"https:\/\/radioinfinitagoya.com.ar\/v1\/#organization"},"image":{"@id":"https:\/\/radioinfinitagoya.com.ar\/v1\/2026\/05\/01\/guido-andreozzi-y-manuel-guinard-se-clasificaron-a-la-final-en-madrid\/#primaryimage"},"thumbnailUrl":"https:\/\/radioinfinitagoya.com.ar\/v1\/wp-content\/uploads\/2026\/05\/KEYK3USBC5G5TBAOEFX2VCO6DE.avif","articleSection":["DEPORTES"],"inLanguage":"es-AR","potentialAction":[{"@type":"CommentAction","name":"Comment","target":["https:\/\/radioinfinitagoya.com.ar\/v1\/2026\/05\/01\/guido-andreozzi-y-manuel-guinard-se-clasificaron-a-la-final-en-madrid\/#respond"]}]},{"@type":"WebPage","@id":"https:\/\/radioinfinitagoya.com.ar\/v1\/2026\/05\/01\/guido-andreozzi-y-manuel-guinard-se-clasificaron-a-la-final-en-madrid\/","url":"https:\/\/radioinfinitagoya.com.ar\/v1\/2026\/05\/01\/guido-andreozzi-y-manuel-guinard-se-clasificaron-a-la-final-en-madrid\/","name":"Guido Andreozzi y Manuel Guinard se clasificaron a la final en Madrid - Radio Infinita Goya","isPartOf":{"@id":"https:\/\/radioinfinitagoya.com.ar\/v1\/#website"},"primaryImageOfPage":{"@id":"https:\/\/radioinfinitagoya.com.ar\/v1\/2026\/05\/01\/guido-andreozzi-y-manuel-guinard-se-clasificaron-a-la-final-en-madrid\/#primaryimage"},"image":{"@id":"https:\/\/radioinfinitagoya.com.ar\/v1\/2026\/05\/01\/guido-andreozzi-y-manuel-guinard-se-clasificaron-a-la-final-en-madrid\/#primaryimage"},"thumbnailUrl":"https:\/\/radioinfinitagoya.com.ar\/v1\/wp-content\/uploads\/2026\/05\/KEYK3USBC5G5TBAOEFX2VCO6DE.avif","datePublished":"2026-05-01T20:52:53+00:00","description":"Van por el trofeo en la Caja M\u00e1gica El argentino y el franc\u00e9s vencieron a M\u00e1ximo Gonz\u00e1lez y Andr\u00e9s Molteni en dos sets y definir\u00e1n el t\u00edtulo en la capital","breadcrumb":{"@id":"https:\/\/radioinfinitagoya.com.ar\/v1\/2026\/05\/01\/guido-andreozzi-y-manuel-guinard-se-clasificaron-a-la-final-en-madrid\/#breadcrumb"},"inLanguage":"es-AR","potentialAction":[{"@type":"ReadAction","target":["https:\/\/radioinfinitagoya.com.ar\/v1\/2026\/05\/01\/guido-andreozzi-y-manuel-guinard-se-clasificaron-a-la-final-en-madrid\/"]}]},{"@type":"ImageObject","inLanguage":"es-AR","@id":"https:\/\/radioinfinitagoya.com.ar\/v1\/2026\/05\/01\/guido-andreozzi-y-manuel-guinard-se-clasificaron-a-la-final-en-madrid\/#primaryimage","url":"https:\/\/radioinfinitagoya.com.ar\/v1\/wp-content\/uploads\/2026\/05\/KEYK3USBC5G5TBAOEFX2VCO6DE.avif","contentUrl":"https:\/\/radioinfinitagoya.com.ar\/v1\/wp-content\/uploads\/2026\/05\/KEYK3USBC5G5TBAOEFX2VCO6DE.avif","width":992,"height":661},{"@type":"BreadcrumbList","@id":"https:\/\/radioinfinitagoya.com.ar\/v1\/2026\/05\/01\/guido-andreozzi-y-manuel-guinard-se-clasificaron-a-la-final-en-madrid\/#breadcrumb","itemListElement":[{"@type":"ListItem","position":1,"name":"Inicio","item":"https:\/\/radioinfinitagoya.com.ar\/v1\/"},{"@type":"ListItem","position":2,"name":"Guido Andreozzi y Manuel Guinard se clasificaron a la final en Madrid"}]},{"@type":"WebSite","@id":"https:\/\/radioinfinitagoya.com.ar\/v1\/#website","url":"https:\/\/radioinfinitagoya.com.ar\/v1\/","name":"radioinfinitagoya.com.ar","description":"Radio de noticias","publisher":{"@id":"https:\/\/radioinfinitagoya.com.ar\/v1\/#organization"},"potentialAction":[{"@type":"SearchAction","target":{"@type":"EntryPoint","urlTemplate":"https:\/\/radioinfinitagoya.com.ar\/v1\/?s={search_term_string}"},"query-input":{"@type":"PropertyValueSpecification","valueRequired":true,"valueName":"search_term_string"}}],"inLanguage":"es-AR"},{"@type":"Organization","@id":"https:\/\/radioinfinitagoya.com.ar\/v1\/#organization","name":"Radio Infinita Goya","url":"https:\/\/radioinfinitagoya.com.ar\/v1\/","logo":{"@type":"ImageObject","inLanguage":"es-AR","@id":"https:\/\/radioinfinitagoya.com.ar\/v1\/#\/schema\/logo\/image\/","url":"https:\/\/radioinfinitagoya.com.ar\/v1\/wp-content\/uploads\/2019\/11\/logo-pie-web.png","contentUrl":"https:\/\/radioinfinitagoya.com.ar\/v1\/wp-content\/uploads\/2019\/11\/logo-pie-web.png","width":635,"height":326,"caption":"Radio Infinita Goya"},"image":{"@id":"https:\/\/radioinfinitagoya.com.ar\/v1\/#\/schema\/logo\/image\/"},"sameAs":["https:\/\/www.facebook.com\/p\/Infinita-Goya-100063870918311\/"]},{"@type":"Person","@id":"https:\/\/radioinfinitagoya.com.ar\/v1\/#\/schema\/person\/d4cf9c413d4f6edb24aabdccab49ca4a","name":"Jorge Mi\u00f1o","image":{"@type":"ImageObject","inLanguage":"es-AR","@id":"https:\/\/secure.gravatar.com\/avatar\/910fcf6728fe95320e07a6643c1581fec1c7fc4bf8ae12e3d8f0d0373dc844be?s=96&d=mm&r=g","url":"https:\/\/secure.gravatar.com\/avatar\/910fcf6728fe95320e07a6643c1581fec1c7fc4bf8ae12e3d8f0d0373dc844be?s=96&d=mm&r=g","contentUrl":"https:\/\/secure.gravatar.com\/avatar\/910fcf6728fe95320e07a6643c1581fec1c7fc4bf8ae12e3d8f0d0373dc844be?s=96&d=mm&r=g","caption":"Jorge Mi\u00f1o"},"sameAs":["http:\/\/radioinfinitagoya.com.ar"]}]}},"_links":{"self":[{"href":"https:\/\/radioinfinitagoya.com.ar\/v1\/wp-json\/wp\/v2\/posts\/214035","targetHints":{"allow":["GET"]}}],"collection":[{"href":"https:\/\/radioinfinitagoya.com.ar\/v1\/wp-json\/wp\/v2\/posts"}],"about":[{"href":"https:\/\/radioinfinitagoya.com.ar\/v1\/wp-json\/wp\/v2\/types\/post"}],"author":[{"embeddable":true,"href":"https:\/\/radioinfinitagoya.com.ar\/v1\/wp-json\/wp\/v2\/users\/4"}],"replies":[{"embeddable":true,"href":"https:\/\/radioinfinitagoya.com.ar\/v1\/wp-json\/wp\/v2\/comments?post=214035"}],"version-history":[{"count":1,"href":"https:\/\/radioinfinitagoya.com.ar\/v1\/wp-json\/wp\/v2\/posts\/214035\/revisions"}],"predecessor-version":[{"id":214037,"href":"https:\/\/radioinfinitagoya.com.ar\/v1\/wp-json\/wp\/v2\/posts\/214035\/revisions\/214037"}],"wp:featuredmedia":[{"embeddable":true,"href":"https:\/\/radioinfinitagoya.com.ar\/v1\/wp-json\/wp\/v2\/media\/214036"}],"wp:attachment":[{"href":"https:\/\/radioinfinitagoya.com.ar\/v1\/wp-json\/wp\/v2\/media?parent=214035"}],"wp:term":[{"taxonomy":"category","embeddable":true,"href":"https:\/\/radioinfinitagoya.com.ar\/v1\/wp-json\/wp\/v2\/categories?post=214035"},{"taxonomy":"post_tag","embeddable":true,"href":"https:\/\/radioinfinitagoya.com.ar\/v1\/wp-json\/wp\/v2\/tags?post=214035"}],"curies":[{"name":"wp","href":"https:\/\/api.w.org\/{rel}","templated":true}]}}