{"id":214038,"date":"2026-05-01T17:57:25","date_gmt":"2026-05-01T20:57:25","guid":{"rendered":"https:\/\/radioinfinitagoya.com.ar\/v1\/?p=214038"},"modified":"2026-05-01T17:58:20","modified_gmt":"2026-05-01T20:58:20","slug":"la-casa-blanca-comunico-al-congreso-que-considera-que-la-guerra-contra-iran-termino","status":"publish","type":"post","link":"https:\/\/radioinfinitagoya.com.ar\/v1\/2026\/05\/01\/la-casa-blanca-comunico-al-congreso-que-considera-que-la-guerra-contra-iran-termino\/","title":{"rendered":"La Casa Blanca comunic\u00f3 al Congreso que considera que la guerra contra Ir\u00e1n \u201ctermin\u00f3\u201d"},"content":{"rendered":"<p>\u201cLas hostilidades han cesado\u201d<\/p>\n<p>La administraci\u00f3n estadounidense notific\u00f3 por carta la conclusi\u00f3n de las operaciones militares en Medio Oriente y evita as\u00ed solicitar una nueva autorizaci\u00f3n legislativa, en medio de cuestionamientos sobre la interpretaci\u00f3n de la Ley de Poderes de Guerra<\/p>\n<p>Trump declar\u00f3 \u201cterminadas\u201d las hostilidades con Ir\u00e1n en una carta al Congreso, eludiendo as\u00ed el plazo legal del 1 de mayo que le obligaba a obtener autorizaci\u00f3n legislativa para continuar el conflicto b\u00e9lico iniciado el 28 de febrero de 2026.<\/p>\n<p>La carta, dirigida al presidente de la C\u00e1mara de Representantes Mike Johnson y al presidente pro tempore del Senado Chuck Grassley, fue enviada exactamente al cumplirse los 60 d\u00edas desde que Trump notific\u00f3 formalmente al Legislativo el inicio de las operaciones militares contra Ir\u00e1n, el umbral que establece la Resoluci\u00f3n de Poderes de Guerra de 1973.<\/p>\n<p>La ley, aprobada durante la era de Vietnam para que el Congreso recuperara control sobre las decisiones b\u00e9licas, exige al presidente poner fin al uso de las Fuerzas Armadas en ese plazo, salvo que el Legislativo declare formalmente la guerra o autorice una pr\u00f3rroga de hasta 30 d\u00edas para la \u201cretirada ordenada\u201d de tropas. El Congreso no tom\u00f3 ninguna de esas medidas: el Senado rechaz\u00f3 por sexta vez el jueves un intento dem\u00f3crata de detener el conflicto y los legisladores abandonaron Washington ese mismo d\u00eda de vacaciones por una semana.<\/p>\n<p>La administraci\u00f3n sostiene que el plazo del viernes no aplica porque las hostilidades concluyeron en la pr\u00e1ctica cuando entr\u00f3 en vigor un fr\u00e1gil cese al fuego a principios de abril. \u201cNo ha habido intercambio de disparos entre las Fuerzas Armadas de Estados Unidos e Ir\u00e1n desde el 7 de abril de 2026. Las hostilidades que comenzaron el 28 de febrero de 2026 han cesado\u201d., escribi\u00f3 Trump en la carta. El secretario de Defensa Pete Hegseth reforz\u00f3 esa postura ante el Congreso el jueves: \u201cEstamos en un cese al fuego ahora mismo, lo que seg\u00fan nuestro entendimiento significa que el reloj de 60 d\u00edas se pausa o se detiene\u201d.<\/p>\n<p>Expertos militares y jur\u00eddicos se\u00f1alaron que la ley no contiene ning\u00fan lenguaje que respalde esa interpretaci\u00f3n. El senador dem\u00f3crata Tim Kaine respondi\u00f3 directamente a Hegseth durante la audiencia: \u201cNo creo que el estatuto apoye eso\u201d. Su colega Richard Blumenthal, de Connecticut, fue m\u00e1s categ\u00f3rico en redes sociales: \u201cNo hay bot\u00f3n de pausa en la Constituci\u00f3n ni en la Ley de Poderes de Guerra. Estamos en guerra. Llevamos 60 d\u00edas en guerra. El bloqueo por s\u00ed solo es un acto de guerra continuo\u201d.<\/p>\n<p><img loading=\"lazy\" decoding=\"async\" class=\"alignnone size-medium wp-image-214040\" src=\"https:\/\/radioinfinitagoya.com.ar\/v1\/wp-content\/uploads\/2026\/05\/MTOGJ6GA5VEYBBRGNN7K4C7IQY-600x400.jpg\" alt=\"\" width=\"600\" height=\"400\" srcset=\"https:\/\/radioinfinitagoya.com.ar\/v1\/wp-content\/uploads\/2026\/05\/MTOGJ6GA5VEYBBRGNN7K4C7IQY-600x400.jpg 600w, https:\/\/radioinfinitagoya.com.ar\/v1\/wp-content\/uploads\/2026\/05\/MTOGJ6GA5VEYBBRGNN7K4C7IQY-150x100.jpg 150w, https:\/\/radioinfinitagoya.com.ar\/v1\/wp-content\/uploads\/2026\/05\/MTOGJ6GA5VEYBBRGNN7K4C7IQY-768x512.jpg 768w, https:\/\/radioinfinitagoya.com.ar\/v1\/wp-content\/uploads\/2026\/05\/MTOGJ6GA5VEYBBRGNN7K4C7IQY-630x420.jpg 630w, https:\/\/radioinfinitagoya.com.ar\/v1\/wp-content\/uploads\/2026\/05\/MTOGJ6GA5VEYBBRGNN7K4C7IQY-696x464.jpg 696w, https:\/\/radioinfinitagoya.com.ar\/v1\/wp-content\/uploads\/2026\/05\/MTOGJ6GA5VEYBBRGNN7K4C7IQY.avif 992w\" sizes=\"auto, (max-width: 600px) 100vw, 600px\" \/><\/p>\n<p>La carta de Trump reconoci\u00f3 que la amenaza iran\u00ed \u201csigue siendo significativa\u201d pese al cese al fuego, y que las operaciones apuntan a \u201casegurar una paz duradera\u201d. Esa admisi\u00f3n contrasta con la declaraci\u00f3n de hostilidades \u201cterminadas\u201d, dado que la Armada de Estados Unidos mantiene un bloqueo activo para impedir que los petroleros iran\u00edes salgan al mar, mientras Ir\u00e1n conserva su control sobre el estrecho de Ormuz.<\/p>\n<p>Trump, al salir de la Casa Blanca rumbo a Florida el viernes, descart\u00f3 buscar la aprobaci\u00f3n del Congreso y apel\u00f3 al precedente: \u201cNing\u00fan otro presidente lo ha pedido antes. Nunca se ha usado antes. \u00bfPor qu\u00e9 deber\u00edamos ser diferentes?\u201d A\u00f1adi\u00f3 que considera la Resoluci\u00f3n de Poderes de Guerra \u201ctotalmente inconstitucional\u201d, postura que tambi\u00e9n sostuvieron presidentes anteriores como Bill Clinton y Barack Obama para sortear sus restricciones.<\/p>\n<p><img loading=\"lazy\" decoding=\"async\" class=\"alignnone size-medium wp-image-214041\" src=\"https:\/\/radioinfinitagoya.com.ar\/v1\/wp-content\/uploads\/2026\/05\/ZEY4DT4XCJBKXP4XJKHEQFHRDM-600x409.jpg\" alt=\"\" width=\"600\" height=\"409\" srcset=\"https:\/\/radioinfinitagoya.com.ar\/v1\/wp-content\/uploads\/2026\/05\/ZEY4DT4XCJBKXP4XJKHEQFHRDM-600x409.jpg 600w, https:\/\/radioinfinitagoya.com.ar\/v1\/wp-content\/uploads\/2026\/05\/ZEY4DT4XCJBKXP4XJKHEQFHRDM-150x102.jpg 150w, https:\/\/radioinfinitagoya.com.ar\/v1\/wp-content\/uploads\/2026\/05\/ZEY4DT4XCJBKXP4XJKHEQFHRDM-768x524.jpg 768w, https:\/\/radioinfinitagoya.com.ar\/v1\/wp-content\/uploads\/2026\/05\/ZEY4DT4XCJBKXP4XJKHEQFHRDM-615x420.jpg 615w, https:\/\/radioinfinitagoya.com.ar\/v1\/wp-content\/uploads\/2026\/05\/ZEY4DT4XCJBKXP4XJKHEQFHRDM-218x150.jpg 218w, https:\/\/radioinfinitagoya.com.ar\/v1\/wp-content\/uploads\/2026\/05\/ZEY4DT4XCJBKXP4XJKHEQFHRDM-696x475.jpg 696w, https:\/\/radioinfinitagoya.com.ar\/v1\/wp-content\/uploads\/2026\/05\/ZEY4DT4XCJBKXP4XJKHEQFHRDM.avif 992w\" sizes=\"auto, (max-width: 600px) 100vw, 600px\" \/><\/p>\n<p>El l\u00edder de la mayor\u00eda republicana en el Senado, John Thune, de Dakota del Sur, descart\u00f3 el jueves convocar una votaci\u00f3n para autorizar el uso de la fuerza. \u201cEn este momento no veo que eso vaya a ocurrir\u201d, afirm\u00f3. No obstante, varios senadores del Partido Republicano expresaron malestar creciente ante la prolongaci\u00f3n del conflicto y su impacto en los precios del combustible.<\/p>\n<p>La senadora Susan Collins, de Maine, vot\u00f3 por primera vez junto a los dem\u00f3cratas el jueves para detener el conflicto, argumentando que el plazo de 60 d\u00edas \u201cno es una sugerencia, es un requisito\u201d. Los senadores John Curtis, de Utah; Thom Tillis, de Carolina del Norte; Lisa Murkowski, de Alaska, y Josh Hawley, de Misuri, tambi\u00e9n reclamaron una votaci\u00f3n en alg\u00fan momento. Curtis anunci\u00f3 que no apoyar\u00e1 financiamiento adicional para la guerra hasta que el Congreso la autorice formalmente: \u201cEs momento de que tanto la administraci\u00f3n como el Congreso tomen decisiones, y eso puede ocurrir de manera conjunta, no en conflicto\u201d.<\/p>\n<p>El senador Todd Young, de Indiana, condicion\u00f3 su postura al desarrollo de los hechos: si el conflicto se reanuda, espera que la Casa Blanca trabaje con el Congreso para aprobar una autorizaci\u00f3n de uso de la fuerza militar. El senador Kevin Cramer, de Dakota del Norte, dijo que votar\u00eda a favor de esa autorizaci\u00f3n si Trump la solicitara, aunque cuestion\u00f3 la constitucionalidad de la propia Resoluci\u00f3n de Poderes de Guerra. \u201cNuestros fundadores crearon un ejecutivo muy fuerte, les guste o no\u201d, afirm\u00f3.<\/p>\n<p>El representante dem\u00f3crata Adam Smith, de Washington, miembro de mayor rango de la minor\u00eda en el Comit\u00e9 de Fuerzas Armadas de la C\u00e1mara, resumi\u00f3 la postura de su partido ante The Associated Press: \u201c\u00bfLa expectativa es que la administraci\u00f3n Trump va a cumplir la ley? Yo no tengo esa expectativa\u201d.<\/p>\n<p>&nbsp;<\/p>\n","protected":false},"excerpt":{"rendered":"<p>\u201cLas hostilidades han cesado\u201d La administraci\u00f3n estadounidense notific\u00f3 por carta la conclusi\u00f3n de las operaciones militares en Medio Oriente y evita as\u00ed solicitar una nueva autorizaci\u00f3n legislativa, en medio de cuestionamientos sobre la interpretaci\u00f3n de la Ley de Poderes de Guerra Trump declar\u00f3 \u201cterminadas\u201d las hostilidades con Ir\u00e1n en una carta al Congreso, eludiendo as\u00ed [&hellip;]<\/p>\n","protected":false},"author":4,"featured_media":214041,"comment_status":"open","ping_status":"open","sticky":false,"template":"","format":"standard","meta":{"_joinchat":[],"footnotes":""},"categories":[34],"tags":[],"class_list":{"0":"post-214038","1":"post","2":"type-post","3":"status-publish","4":"format-standard","5":"has-post-thumbnail","7":"category-principal"},"yoast_head":"<!-- This site is optimized with the Yoast SEO plugin v27.2 - https:\/\/yoast.com\/product\/yoast-seo-wordpress\/ -->\n<title>La Casa Blanca comunic\u00f3 al Congreso que considera que la guerra contra Ir\u00e1n \u201ctermin\u00f3\u201d - Radio Infinita Goya<\/title>\n<meta name=\"description\" content=\"\u201cLas hostilidades han cesado\u201d La administraci\u00f3n estadounidense notific\u00f3 por carta la conclusi\u00f3n de las operaciones militares en Medio Oriente y evita as\u00ed\" \/>\n<meta name=\"robots\" content=\"index, follow, max-snippet:-1, max-image-preview:large, max-video-preview:-1\" \/>\n<link rel=\"canonical\" href=\"https:\/\/radioinfinitagoya.com.ar\/v1\/2026\/05\/01\/la-casa-blanca-comunico-al-congreso-que-considera-que-la-guerra-contra-iran-termino\/\" \/>\n<meta property=\"og:locale\" content=\"es_ES\" \/>\n<meta property=\"og:type\" content=\"article\" \/>\n<meta property=\"og:title\" content=\"La Casa Blanca comunic\u00f3 al Congreso que considera que la guerra contra Ir\u00e1n \u201ctermin\u00f3\u201d - Radio Infinita Goya\" \/>\n<meta property=\"og:description\" content=\"\u201cLas hostilidades han cesado\u201d La administraci\u00f3n estadounidense notific\u00f3 por carta la conclusi\u00f3n de las operaciones militares en Medio Oriente y evita as\u00ed\" \/>\n<meta property=\"og:url\" content=\"https:\/\/radioinfinitagoya.com.ar\/v1\/2026\/05\/01\/la-casa-blanca-comunico-al-congreso-que-considera-que-la-guerra-contra-iran-termino\/\" \/>\n<meta property=\"og:site_name\" content=\"Radio Infinita Goya\" \/>\n<meta property=\"article:publisher\" content=\"https:\/\/www.facebook.com\/p\/Infinita-Goya-100063870918311\/\" \/>\n<meta property=\"article:published_time\" content=\"2026-05-01T20:57:25+00:00\" \/>\n<meta property=\"article:modified_time\" content=\"2026-05-01T20:58:20+00:00\" \/>\n<meta name=\"author\" content=\"Jorge Mi\u00f1o\" \/>\n<meta name=\"twitter:card\" content=\"summary_large_image\" \/>\n<meta name=\"twitter:label1\" content=\"Escrito por\" \/>\n\t<meta name=\"twitter:data1\" content=\"Jorge Mi\u00f1o\" \/>\n\t<meta name=\"twitter:label2\" content=\"Tiempo de lectura\" \/>\n\t<meta name=\"twitter:data2\" content=\"5 minutos\" \/>\n<script type=\"application\/ld+json\" class=\"yoast-schema-graph\">{\"@context\":\"https:\/\/schema.org\",\"@graph\":[{\"@type\":\"Article\",\"@id\":\"https:\/\/radioinfinitagoya.com.ar\/v1\/2026\/05\/01\/la-casa-blanca-comunico-al-congreso-que-considera-que-la-guerra-contra-iran-termino\/#article\",\"isPartOf\":{\"@id\":\"https:\/\/radioinfinitagoya.com.ar\/v1\/2026\/05\/01\/la-casa-blanca-comunico-al-congreso-que-considera-que-la-guerra-contra-iran-termino\/\"},\"author\":{\"name\":\"Jorge Mi\u00f1o\",\"@id\":\"https:\/\/radioinfinitagoya.com.ar\/v1\/#\/schema\/person\/d4cf9c413d4f6edb24aabdccab49ca4a\"},\"headline\":\"La Casa Blanca comunic\u00f3 al Congreso que considera que la guerra contra Ir\u00e1n \u201ctermin\u00f3\u201d\",\"datePublished\":\"2026-05-01T20:57:25+00:00\",\"dateModified\":\"2026-05-01T20:58:20+00:00\",\"mainEntityOfPage\":{\"@id\":\"https:\/\/radioinfinitagoya.com.ar\/v1\/2026\/05\/01\/la-casa-blanca-comunico-al-congreso-que-considera-que-la-guerra-contra-iran-termino\/\"},\"wordCount\":907,\"commentCount\":0,\"publisher\":{\"@id\":\"https:\/\/radioinfinitagoya.com.ar\/v1\/#organization\"},\"image\":{\"@id\":\"https:\/\/radioinfinitagoya.com.ar\/v1\/2026\/05\/01\/la-casa-blanca-comunico-al-congreso-que-considera-que-la-guerra-contra-iran-termino\/#primaryimage\"},\"thumbnailUrl\":\"https:\/\/radioinfinitagoya.com.ar\/v1\/wp-content\/uploads\/2026\/05\/ZEY4DT4XCJBKXP4XJKHEQFHRDM.avif\",\"articleSection\":[\"PRINCIPAL\"],\"inLanguage\":\"es-AR\",\"potentialAction\":[{\"@type\":\"CommentAction\",\"name\":\"Comment\",\"target\":[\"https:\/\/radioinfinitagoya.com.ar\/v1\/2026\/05\/01\/la-casa-blanca-comunico-al-congreso-que-considera-que-la-guerra-contra-iran-termino\/#respond\"]}]},{\"@type\":\"WebPage\",\"@id\":\"https:\/\/radioinfinitagoya.com.ar\/v1\/2026\/05\/01\/la-casa-blanca-comunico-al-congreso-que-considera-que-la-guerra-contra-iran-termino\/\",\"url\":\"https:\/\/radioinfinitagoya.com.ar\/v1\/2026\/05\/01\/la-casa-blanca-comunico-al-congreso-que-considera-que-la-guerra-contra-iran-termino\/\",\"name\":\"La Casa Blanca comunic\u00f3 al Congreso que considera que la guerra contra Ir\u00e1n \u201ctermin\u00f3\u201d - Radio Infinita Goya\",\"isPartOf\":{\"@id\":\"https:\/\/radioinfinitagoya.com.ar\/v1\/#website\"},\"primaryImageOfPage\":{\"@id\":\"https:\/\/radioinfinitagoya.com.ar\/v1\/2026\/05\/01\/la-casa-blanca-comunico-al-congreso-que-considera-que-la-guerra-contra-iran-termino\/#primaryimage\"},\"image\":{\"@id\":\"https:\/\/radioinfinitagoya.com.ar\/v1\/2026\/05\/01\/la-casa-blanca-comunico-al-congreso-que-considera-que-la-guerra-contra-iran-termino\/#primaryimage\"},\"thumbnailUrl\":\"https:\/\/radioinfinitagoya.com.ar\/v1\/wp-content\/uploads\/2026\/05\/ZEY4DT4XCJBKXP4XJKHEQFHRDM.avif\",\"datePublished\":\"2026-05-01T20:57:25+00:00\",\"dateModified\":\"2026-05-01T20:58:20+00:00\",\"description\":\"\u201cLas hostilidades han cesado\u201d La administraci\u00f3n estadounidense notific\u00f3 por carta la conclusi\u00f3n de las operaciones militares en Medio Oriente y evita as\u00ed\",\"breadcrumb\":{\"@id\":\"https:\/\/radioinfinitagoya.com.ar\/v1\/2026\/05\/01\/la-casa-blanca-comunico-al-congreso-que-considera-que-la-guerra-contra-iran-termino\/#breadcrumb\"},\"inLanguage\":\"es-AR\",\"potentialAction\":[{\"@type\":\"ReadAction\",\"target\":[\"https:\/\/radioinfinitagoya.com.ar\/v1\/2026\/05\/01\/la-casa-blanca-comunico-al-congreso-que-considera-que-la-guerra-contra-iran-termino\/\"]}]},{\"@type\":\"ImageObject\",\"inLanguage\":\"es-AR\",\"@id\":\"https:\/\/radioinfinitagoya.com.ar\/v1\/2026\/05\/01\/la-casa-blanca-comunico-al-congreso-que-considera-que-la-guerra-contra-iran-termino\/#primaryimage\",\"url\":\"https:\/\/radioinfinitagoya.com.ar\/v1\/wp-content\/uploads\/2026\/05\/ZEY4DT4XCJBKXP4XJKHEQFHRDM.avif\",\"contentUrl\":\"https:\/\/radioinfinitagoya.com.ar\/v1\/wp-content\/uploads\/2026\/05\/ZEY4DT4XCJBKXP4XJKHEQFHRDM.avif\",\"width\":992,\"height\":677},{\"@type\":\"BreadcrumbList\",\"@id\":\"https:\/\/radioinfinitagoya.com.ar\/v1\/2026\/05\/01\/la-casa-blanca-comunico-al-congreso-que-considera-que-la-guerra-contra-iran-termino\/#breadcrumb\",\"itemListElement\":[{\"@type\":\"ListItem\",\"position\":1,\"name\":\"Inicio\",\"item\":\"https:\/\/radioinfinitagoya.com.ar\/v1\/\"},{\"@type\":\"ListItem\",\"position\":2,\"name\":\"La Casa Blanca comunic\u00f3 al Congreso que considera que la guerra contra Ir\u00e1n \u201ctermin\u00f3\u201d\"}]},{\"@type\":\"WebSite\",\"@id\":\"https:\/\/radioinfinitagoya.com.ar\/v1\/#website\",\"url\":\"https:\/\/radioinfinitagoya.com.ar\/v1\/\",\"name\":\"radioinfinitagoya.com.ar\",\"description\":\"Radio de noticias\",\"publisher\":{\"@id\":\"https:\/\/radioinfinitagoya.com.ar\/v1\/#organization\"},\"potentialAction\":[{\"@type\":\"SearchAction\",\"target\":{\"@type\":\"EntryPoint\",\"urlTemplate\":\"https:\/\/radioinfinitagoya.com.ar\/v1\/?s={search_term_string}\"},\"query-input\":{\"@type\":\"PropertyValueSpecification\",\"valueRequired\":true,\"valueName\":\"search_term_string\"}}],\"inLanguage\":\"es-AR\"},{\"@type\":\"Organization\",\"@id\":\"https:\/\/radioinfinitagoya.com.ar\/v1\/#organization\",\"name\":\"Radio Infinita Goya\",\"url\":\"https:\/\/radioinfinitagoya.com.ar\/v1\/\",\"logo\":{\"@type\":\"ImageObject\",\"inLanguage\":\"es-AR\",\"@id\":\"https:\/\/radioinfinitagoya.com.ar\/v1\/#\/schema\/logo\/image\/\",\"url\":\"https:\/\/radioinfinitagoya.com.ar\/v1\/wp-content\/uploads\/2019\/11\/logo-pie-web.png\",\"contentUrl\":\"https:\/\/radioinfinitagoya.com.ar\/v1\/wp-content\/uploads\/2019\/11\/logo-pie-web.png\",\"width\":635,\"height\":326,\"caption\":\"Radio Infinita Goya\"},\"image\":{\"@id\":\"https:\/\/radioinfinitagoya.com.ar\/v1\/#\/schema\/logo\/image\/\"},\"sameAs\":[\"https:\/\/www.facebook.com\/p\/Infinita-Goya-100063870918311\/\"]},{\"@type\":\"Person\",\"@id\":\"https:\/\/radioinfinitagoya.com.ar\/v1\/#\/schema\/person\/d4cf9c413d4f6edb24aabdccab49ca4a\",\"name\":\"Jorge Mi\u00f1o\",\"image\":{\"@type\":\"ImageObject\",\"inLanguage\":\"es-AR\",\"@id\":\"https:\/\/secure.gravatar.com\/avatar\/910fcf6728fe95320e07a6643c1581fec1c7fc4bf8ae12e3d8f0d0373dc844be?s=96&d=mm&r=g\",\"url\":\"https:\/\/secure.gravatar.com\/avatar\/910fcf6728fe95320e07a6643c1581fec1c7fc4bf8ae12e3d8f0d0373dc844be?s=96&d=mm&r=g\",\"contentUrl\":\"https:\/\/secure.gravatar.com\/avatar\/910fcf6728fe95320e07a6643c1581fec1c7fc4bf8ae12e3d8f0d0373dc844be?s=96&d=mm&r=g\",\"caption\":\"Jorge Mi\u00f1o\"},\"sameAs\":[\"http:\/\/radioinfinitagoya.com.ar\"]}]}<\/script>\n<!-- \/ Yoast SEO plugin. -->","yoast_head_json":{"title":"La Casa Blanca comunic\u00f3 al Congreso que considera que la guerra contra Ir\u00e1n \u201ctermin\u00f3\u201d - Radio Infinita Goya","description":"\u201cLas hostilidades han cesado\u201d La administraci\u00f3n estadounidense notific\u00f3 por carta la conclusi\u00f3n de las operaciones militares en Medio Oriente y evita as\u00ed","robots":{"index":"index","follow":"follow","max-snippet":"max-snippet:-1","max-image-preview":"max-image-preview:large","max-video-preview":"max-video-preview:-1"},"canonical":"https:\/\/radioinfinitagoya.com.ar\/v1\/2026\/05\/01\/la-casa-blanca-comunico-al-congreso-que-considera-que-la-guerra-contra-iran-termino\/","og_locale":"es_ES","og_type":"article","og_title":"La Casa Blanca comunic\u00f3 al Congreso que considera que la guerra contra Ir\u00e1n \u201ctermin\u00f3\u201d - Radio Infinita Goya","og_description":"\u201cLas hostilidades han cesado\u201d La administraci\u00f3n estadounidense notific\u00f3 por carta la conclusi\u00f3n de las operaciones militares en Medio Oriente y evita as\u00ed","og_url":"https:\/\/radioinfinitagoya.com.ar\/v1\/2026\/05\/01\/la-casa-blanca-comunico-al-congreso-que-considera-que-la-guerra-contra-iran-termino\/","og_site_name":"Radio Infinita Goya","article_publisher":"https:\/\/www.facebook.com\/p\/Infinita-Goya-100063870918311\/","article_published_time":"2026-05-01T20:57:25+00:00","article_modified_time":"2026-05-01T20:58:20+00:00","author":"Jorge Mi\u00f1o","twitter_card":"summary_large_image","twitter_misc":{"Escrito por":"Jorge Mi\u00f1o","Tiempo de lectura":"5 minutos"},"schema":{"@context":"https:\/\/schema.org","@graph":[{"@type":"Article","@id":"https:\/\/radioinfinitagoya.com.ar\/v1\/2026\/05\/01\/la-casa-blanca-comunico-al-congreso-que-considera-que-la-guerra-contra-iran-termino\/#article","isPartOf":{"@id":"https:\/\/radioinfinitagoya.com.ar\/v1\/2026\/05\/01\/la-casa-blanca-comunico-al-congreso-que-considera-que-la-guerra-contra-iran-termino\/"},"author":{"name":"Jorge Mi\u00f1o","@id":"https:\/\/radioinfinitagoya.com.ar\/v1\/#\/schema\/person\/d4cf9c413d4f6edb24aabdccab49ca4a"},"headline":"La Casa Blanca comunic\u00f3 al Congreso que considera que la guerra contra Ir\u00e1n \u201ctermin\u00f3\u201d","datePublished":"2026-05-01T20:57:25+00:00","dateModified":"2026-05-01T20:58:20+00:00","mainEntityOfPage":{"@id":"https:\/\/radioinfinitagoya.com.ar\/v1\/2026\/05\/01\/la-casa-blanca-comunico-al-congreso-que-considera-que-la-guerra-contra-iran-termino\/"},"wordCount":907,"commentCount":0,"publisher":{"@id":"https:\/\/radioinfinitagoya.com.ar\/v1\/#organization"},"image":{"@id":"https:\/\/radioinfinitagoya.com.ar\/v1\/2026\/05\/01\/la-casa-blanca-comunico-al-congreso-que-considera-que-la-guerra-contra-iran-termino\/#primaryimage"},"thumbnailUrl":"https:\/\/radioinfinitagoya.com.ar\/v1\/wp-content\/uploads\/2026\/05\/ZEY4DT4XCJBKXP4XJKHEQFHRDM.avif","articleSection":["PRINCIPAL"],"inLanguage":"es-AR","potentialAction":[{"@type":"CommentAction","name":"Comment","target":["https:\/\/radioinfinitagoya.com.ar\/v1\/2026\/05\/01\/la-casa-blanca-comunico-al-congreso-que-considera-que-la-guerra-contra-iran-termino\/#respond"]}]},{"@type":"WebPage","@id":"https:\/\/radioinfinitagoya.com.ar\/v1\/2026\/05\/01\/la-casa-blanca-comunico-al-congreso-que-considera-que-la-guerra-contra-iran-termino\/","url":"https:\/\/radioinfinitagoya.com.ar\/v1\/2026\/05\/01\/la-casa-blanca-comunico-al-congreso-que-considera-que-la-guerra-contra-iran-termino\/","name":"La Casa Blanca comunic\u00f3 al Congreso que considera que la guerra contra Ir\u00e1n \u201ctermin\u00f3\u201d - Radio Infinita Goya","isPartOf":{"@id":"https:\/\/radioinfinitagoya.com.ar\/v1\/#website"},"primaryImageOfPage":{"@id":"https:\/\/radioinfinitagoya.com.ar\/v1\/2026\/05\/01\/la-casa-blanca-comunico-al-congreso-que-considera-que-la-guerra-contra-iran-termino\/#primaryimage"},"image":{"@id":"https:\/\/radioinfinitagoya.com.ar\/v1\/2026\/05\/01\/la-casa-blanca-comunico-al-congreso-que-considera-que-la-guerra-contra-iran-termino\/#primaryimage"},"thumbnailUrl":"https:\/\/radioinfinitagoya.com.ar\/v1\/wp-content\/uploads\/2026\/05\/ZEY4DT4XCJBKXP4XJKHEQFHRDM.avif","datePublished":"2026-05-01T20:57:25+00:00","dateModified":"2026-05-01T20:58:20+00:00","description":"\u201cLas hostilidades han cesado\u201d La administraci\u00f3n estadounidense notific\u00f3 por carta la conclusi\u00f3n de las operaciones militares en Medio Oriente y evita as\u00ed","breadcrumb":{"@id":"https:\/\/radioinfinitagoya.com.ar\/v1\/2026\/05\/01\/la-casa-blanca-comunico-al-congreso-que-considera-que-la-guerra-contra-iran-termino\/#breadcrumb"},"inLanguage":"es-AR","potentialAction":[{"@type":"ReadAction","target":["https:\/\/radioinfinitagoya.com.ar\/v1\/2026\/05\/01\/la-casa-blanca-comunico-al-congreso-que-considera-que-la-guerra-contra-iran-termino\/"]}]},{"@type":"ImageObject","inLanguage":"es-AR","@id":"https:\/\/radioinfinitagoya.com.ar\/v1\/2026\/05\/01\/la-casa-blanca-comunico-al-congreso-que-considera-que-la-guerra-contra-iran-termino\/#primaryimage","url":"https:\/\/radioinfinitagoya.com.ar\/v1\/wp-content\/uploads\/2026\/05\/ZEY4DT4XCJBKXP4XJKHEQFHRDM.avif","contentUrl":"https:\/\/radioinfinitagoya.com.ar\/v1\/wp-content\/uploads\/2026\/05\/ZEY4DT4XCJBKXP4XJKHEQFHRDM.avif","width":992,"height":677},{"@type":"BreadcrumbList","@id":"https:\/\/radioinfinitagoya.com.ar\/v1\/2026\/05\/01\/la-casa-blanca-comunico-al-congreso-que-considera-que-la-guerra-contra-iran-termino\/#breadcrumb","itemListElement":[{"@type":"ListItem","position":1,"name":"Inicio","item":"https:\/\/radioinfinitagoya.com.ar\/v1\/"},{"@type":"ListItem","position":2,"name":"La Casa Blanca comunic\u00f3 al Congreso que considera que la guerra contra Ir\u00e1n \u201ctermin\u00f3\u201d"}]},{"@type":"WebSite","@id":"https:\/\/radioinfinitagoya.com.ar\/v1\/#website","url":"https:\/\/radioinfinitagoya.com.ar\/v1\/","name":"radioinfinitagoya.com.ar","description":"Radio de noticias","publisher":{"@id":"https:\/\/radioinfinitagoya.com.ar\/v1\/#organization"},"potentialAction":[{"@type":"SearchAction","target":{"@type":"EntryPoint","urlTemplate":"https:\/\/radioinfinitagoya.com.ar\/v1\/?s={search_term_string}"},"query-input":{"@type":"PropertyValueSpecification","valueRequired":true,"valueName":"search_term_string"}}],"inLanguage":"es-AR"},{"@type":"Organization","@id":"https:\/\/radioinfinitagoya.com.ar\/v1\/#organization","name":"Radio Infinita Goya","url":"https:\/\/radioinfinitagoya.com.ar\/v1\/","logo":{"@type":"ImageObject","inLanguage":"es-AR","@id":"https:\/\/radioinfinitagoya.com.ar\/v1\/#\/schema\/logo\/image\/","url":"https:\/\/radioinfinitagoya.com.ar\/v1\/wp-content\/uploads\/2019\/11\/logo-pie-web.png","contentUrl":"https:\/\/radioinfinitagoya.com.ar\/v1\/wp-content\/uploads\/2019\/11\/logo-pie-web.png","width":635,"height":326,"caption":"Radio Infinita Goya"},"image":{"@id":"https:\/\/radioinfinitagoya.com.ar\/v1\/#\/schema\/logo\/image\/"},"sameAs":["https:\/\/www.facebook.com\/p\/Infinita-Goya-100063870918311\/"]},{"@type":"Person","@id":"https:\/\/radioinfinitagoya.com.ar\/v1\/#\/schema\/person\/d4cf9c413d4f6edb24aabdccab49ca4a","name":"Jorge Mi\u00f1o","image":{"@type":"ImageObject","inLanguage":"es-AR","@id":"https:\/\/secure.gravatar.com\/avatar\/910fcf6728fe95320e07a6643c1581fec1c7fc4bf8ae12e3d8f0d0373dc844be?s=96&d=mm&r=g","url":"https:\/\/secure.gravatar.com\/avatar\/910fcf6728fe95320e07a6643c1581fec1c7fc4bf8ae12e3d8f0d0373dc844be?s=96&d=mm&r=g","contentUrl":"https:\/\/secure.gravatar.com\/avatar\/910fcf6728fe95320e07a6643c1581fec1c7fc4bf8ae12e3d8f0d0373dc844be?s=96&d=mm&r=g","caption":"Jorge Mi\u00f1o"},"sameAs":["http:\/\/radioinfinitagoya.com.ar"]}]}},"_links":{"self":[{"href":"https:\/\/radioinfinitagoya.com.ar\/v1\/wp-json\/wp\/v2\/posts\/214038","targetHints":{"allow":["GET"]}}],"collection":[{"href":"https:\/\/radioinfinitagoya.com.ar\/v1\/wp-json\/wp\/v2\/posts"}],"about":[{"href":"https:\/\/radioinfinitagoya.com.ar\/v1\/wp-json\/wp\/v2\/types\/post"}],"author":[{"embeddable":true,"href":"https:\/\/radioinfinitagoya.com.ar\/v1\/wp-json\/wp\/v2\/users\/4"}],"replies":[{"embeddable":true,"href":"https:\/\/radioinfinitagoya.com.ar\/v1\/wp-json\/wp\/v2\/comments?post=214038"}],"version-history":[{"count":1,"href":"https:\/\/radioinfinitagoya.com.ar\/v1\/wp-json\/wp\/v2\/posts\/214038\/revisions"}],"predecessor-version":[{"id":214042,"href":"https:\/\/radioinfinitagoya.com.ar\/v1\/wp-json\/wp\/v2\/posts\/214038\/revisions\/214042"}],"wp:featuredmedia":[{"embeddable":true,"href":"https:\/\/radioinfinitagoya.com.ar\/v1\/wp-json\/wp\/v2\/media\/214041"}],"wp:attachment":[{"href":"https:\/\/radioinfinitagoya.com.ar\/v1\/wp-json\/wp\/v2\/media?parent=214038"}],"wp:term":[{"taxonomy":"category","embeddable":true,"href":"https:\/\/radioinfinitagoya.com.ar\/v1\/wp-json\/wp\/v2\/categories?post=214038"},{"taxonomy":"post_tag","embeddable":true,"href":"https:\/\/radioinfinitagoya.com.ar\/v1\/wp-json\/wp\/v2\/tags?post=214038"}],"curies":[{"name":"wp","href":"https:\/\/api.w.org\/{rel}","templated":true}]}}