{"id":214044,"date":"2026-05-01T18:02:05","date_gmt":"2026-05-01T21:02:05","guid":{"rendered":"https:\/\/radioinfinitagoya.com.ar\/v1\/?p=214044"},"modified":"2026-05-01T18:02:05","modified_gmt":"2026-05-01T21:02:05","slug":"javier-milei-vuelve-a-viajar-a-estados-unidos","status":"publish","type":"post","link":"https:\/\/radioinfinitagoya.com.ar\/v1\/2026\/05\/01\/javier-milei-vuelve-a-viajar-a-estados-unidos\/","title":{"rendered":"Javier Milei vuelve a viajar a Estados Unidos"},"content":{"rendered":"<p>Participar\u00e1 de la Conferencia Global del Instituto Milken<\/p>\n<p>El Presidente disertar\u00e1 el 6 de mayo en Los \u00c1ngeles, en la 29.\u00aa edici\u00f3n del foro al que ya asisti\u00f3 en 2024. Ser\u00e1 su cuarto viaje a EEUU desde el inicio del a\u00f1o<\/p>\n<p>Tras acompa\u00f1ar a Manuel Adorni al informe de gesti\u00f3n que el Jefe de Gabinete brind\u00f3 en el Congreso, y una visita fugaz al portaaviones nuclear USS Nimitz, que desarrolla ejercicios navales en aguas argentinas del Atl\u00e1ntico Sur, Javier Milei acept\u00f3 una invitaci\u00f3n del Instituto Milken y disertar\u00e1 el pr\u00f3ximo mi\u00e9rcoles 6 de mayo durante la 29.\u00aa Conferencia Global del think tank que congrega l\u00edderes de finanzas, tecnolog\u00eda y pol\u00edticas p\u00fablicas.<\/p>\n<p>La fecha exacta de su partida desde Argentina a\u00fan no fue confirmada. Seg\u00fan supo Infobae de fuentes diplom\u00e1ticas y de Casa Rosada, el Jefe de Estado estar\u00e1 a acompa\u00f1ado por el canciller Pablo Quirno y por el embajador en EEUU, Alec Oxenford, y a\u00fan resta definir si llega el martes 5 a la noche, o el mi\u00e9rcoles 6.<\/p>\n<p>Bajo el lema \u201cLiderando en una nueva era\u201d, la conferencia -que iniciar\u00e1 el domingo- reunir\u00e1 a dirigentes del mundo de las finanzas, la tecnolog\u00eda, la salud, la filantrop\u00eda y las pol\u00edticas p\u00fablicas para abordar soluciones pr\u00e1cticas ante los desaf\u00edos globales m\u00e1s recientes. Entre los oradores que han pasado por ediciones anteriores figuran Bill Clinton, Kristalina Georgieva, Jensen Huang y la reina Ran\u00eda de Jordania.<\/p>\n<p>Para Milei, no se trata de una primera vez en ese foro. En mayo de 2024, el mandatario ya hab\u00eda disertado ante la misma audiencia en la edici\u00f3n n\u00famero 27 del encuentro, donde afirm\u00f3: \u201cArgentina tiene todas las condiciones para ser la nueva meca de Occidente\u201d e invit\u00f3 a los empresarios presentes a invertir en el pa\u00eds. En aquella oportunidad lo acompa\u00f1aron la secretaria general de la Presidencia, Karina Milei; el entonces jefe de Gabinete, Nicol\u00e1s Posse; el ministro de Econom\u00eda, Luis Caputo, y el entonces embajador argentino ante Estados Unidos, Gerardo Werthein.<\/p>\n<p>En 2025, el Presidente tambi\u00e9n tuvo un paso fugaz por el Instituto Milken para exponer ante representantes de Chevron, Paramount, Discovery Capital, JPMorgan, PIMCO, Vista Investment Group, Amazon Web Service, Citi, Discovery Capital, Citi, Copa Airlines, Fundaci\u00f3n Reagan, Peerage Capital Group, East Bank,Visay Globant, entre otras compa\u00f1\u00edas con peso mundial.<\/p>\n<p>El nuevo viaje se produce apenas d\u00edas despu\u00e9s de que el presidente visitara el portaaviones nuclear USS Nimitz en aguas argentinas, el 30 de abril, en el marco de los ejercicios navales Passex 2026 del Comando Sur de Estados Unidos (SOUTHCOM), el comando militar estadounidense. Milei parti\u00f3 desde Aeroparque a las 10 de la ma\u00f1ana y pas\u00f3 cuatro horas a bordo del buque, acompa\u00f1ado por Karina Milei; el canciller Pablo Quirno; el ministro de Defensa, Carlos Presti, y el embajador de Estados Unidos en Argentina, Peter Lamelas, entre otros funcionarios.<\/p>\n<p>Destino preferido<\/p>\n<p>El viaje a Los \u00e1ngeles tambi\u00e9n llega semanas despu\u00e9s de su \u00faltima visita a suelo estadounidense. A principios de marzo, Milei recorri\u00f3 Miami, Doral y Nueva York, donde inaugur\u00f3 la Argentina Week 2026, un encuentro organizado por la Embajada Argentina en Estados Unidos junto a las entidades financieras JPMorgan y Bank of America para reunir a empresarios, banqueros e inversores con gobernadores y funcionarios argentinos. En su discurso de apertura, el mandatario asegur\u00f3: \u201cla Argentina tiene todo dado para emprender un proceso de convergencia econ\u00f3mica que nos coloque a la par de las grandes potencias del mundo\u201d.<\/p>\n<p>El regreso a Los \u00c1ngeles se enmarca en un nuevo gesto de alineamiento con la administraci\u00f3n de Donald Trump y en una agenda internacional que, en lo que va de 2026, ya incluy\u00f3 al menos tres visitas a territorio estadounidense: Washington el 19 de febrero para la reuni\u00f3n inaugural de la Junta de la Paz convocada por Donald Trump; Miami el 8 de marzo para la cumbre \u201cEscudo de las Am\u00e9ricas\u201d con once mandatarios latinoamericanos aliados de la Casa Blanca; y -c\u00f3mo se mencion\u00f3- Nueva York del 9 al 11 de marzo.<\/p>\n<p>Desde su asunci\u00f3n en diciembre de 2023, Estados Unidos es, con amplia diferencia, el pa\u00eds que Milei m\u00e1s visit\u00f3, con al menos 16 desplazamientos que abarcaron Washington D.C., Miami, Nueva York, Los \u00e1ngeles, San Francisco, Austin, Sun Valley, Palm Beach y Doral.<\/p>\n<p>Su \u00faltima actividad internacional fue su visita a Israel, a mediados de abril, donde recibi\u00f3 la Medalla de Honor por parte de su par de Israel, Isaac Herzog, en reconocimiento al respaldo expl\u00edcito y sostenido que el mandatario libertario ha manifestado hacia el Estado de Israel, entre otras actividades como foros universitarios y religiosos de alto perfil.<\/p>\n<p>En la Universidad de Bar-Ilan, donde fue investido doctor Honoris Causa, desarroll\u00f3 durante casi una hora una argumentaci\u00f3n en torno a la \u00e9tica, la econom\u00eda y la pol\u00edtica, retomando ideas de su pr\u00f3ximo libro acad\u00e9mico y abordando lo que denomin\u00f3 \u201cel para\u00edso capitalista\u201d.<\/p>\n","protected":false},"excerpt":{"rendered":"<p>Participar\u00e1 de la Conferencia Global del Instituto Milken El Presidente disertar\u00e1 el 6 de mayo en Los \u00c1ngeles, en la 29.\u00aa edici\u00f3n del foro al que ya asisti\u00f3 en 2024. Ser\u00e1 su cuarto viaje a EEUU desde el inicio del a\u00f1o Tras acompa\u00f1ar a Manuel Adorni al informe de gesti\u00f3n que el Jefe de Gabinete [&hellip;]<\/p>\n","protected":false},"author":4,"featured_media":214045,"comment_status":"open","ping_status":"open","sticky":false,"template":"","format":"standard","meta":{"_joinchat":[],"footnotes":""},"categories":[25],"tags":[],"class_list":{"0":"post-214044","1":"post","2":"type-post","3":"status-publish","4":"format-standard","5":"has-post-thumbnail","7":"category-destacados"},"yoast_head":"<!-- This site is optimized with the Yoast SEO plugin v27.2 - https:\/\/yoast.com\/product\/yoast-seo-wordpress\/ -->\n<title>Javier Milei vuelve a viajar a Estados Unidos - Radio Infinita Goya<\/title>\n<meta name=\"description\" content=\"Participar\u00e1 de la Conferencia Global del Instituto Milken El Presidente disertar\u00e1 el 6 de mayo en Los \u00c1ngeles, en la 29.\u00aa edici\u00f3n del foro al que ya\" \/>\n<meta name=\"robots\" content=\"index, follow, max-snippet:-1, max-image-preview:large, max-video-preview:-1\" \/>\n<link rel=\"canonical\" href=\"https:\/\/radioinfinitagoya.com.ar\/v1\/2026\/05\/01\/javier-milei-vuelve-a-viajar-a-estados-unidos\/\" \/>\n<meta property=\"og:locale\" content=\"es_ES\" \/>\n<meta property=\"og:type\" content=\"article\" \/>\n<meta property=\"og:title\" content=\"Javier Milei vuelve a viajar a Estados Unidos - Radio Infinita Goya\" \/>\n<meta property=\"og:description\" content=\"Participar\u00e1 de la Conferencia Global del Instituto Milken El Presidente disertar\u00e1 el 6 de mayo en Los \u00c1ngeles, en la 29.\u00aa edici\u00f3n del foro al que ya\" \/>\n<meta property=\"og:url\" content=\"https:\/\/radioinfinitagoya.com.ar\/v1\/2026\/05\/01\/javier-milei-vuelve-a-viajar-a-estados-unidos\/\" \/>\n<meta property=\"og:site_name\" content=\"Radio Infinita Goya\" \/>\n<meta property=\"article:publisher\" content=\"https:\/\/www.facebook.com\/p\/Infinita-Goya-100063870918311\/\" \/>\n<meta property=\"article:published_time\" content=\"2026-05-01T21:02:05+00:00\" \/>\n<meta name=\"author\" content=\"Jorge Mi\u00f1o\" \/>\n<meta name=\"twitter:card\" content=\"summary_large_image\" \/>\n<meta name=\"twitter:label1\" content=\"Escrito por\" \/>\n\t<meta name=\"twitter:data1\" content=\"Jorge Mi\u00f1o\" \/>\n\t<meta name=\"twitter:label2\" content=\"Tiempo de lectura\" \/>\n\t<meta name=\"twitter:data2\" content=\"4 minutos\" \/>\n<script type=\"application\/ld+json\" class=\"yoast-schema-graph\">{\"@context\":\"https:\/\/schema.org\",\"@graph\":[{\"@type\":\"Article\",\"@id\":\"https:\/\/radioinfinitagoya.com.ar\/v1\/2026\/05\/01\/javier-milei-vuelve-a-viajar-a-estados-unidos\/#article\",\"isPartOf\":{\"@id\":\"https:\/\/radioinfinitagoya.com.ar\/v1\/2026\/05\/01\/javier-milei-vuelve-a-viajar-a-estados-unidos\/\"},\"author\":{\"name\":\"Jorge Mi\u00f1o\",\"@id\":\"https:\/\/radioinfinitagoya.com.ar\/v1\/#\/schema\/person\/d4cf9c413d4f6edb24aabdccab49ca4a\"},\"headline\":\"Javier Milei vuelve a viajar a Estados Unidos\",\"datePublished\":\"2026-05-01T21:02:05+00:00\",\"mainEntityOfPage\":{\"@id\":\"https:\/\/radioinfinitagoya.com.ar\/v1\/2026\/05\/01\/javier-milei-vuelve-a-viajar-a-estados-unidos\/\"},\"wordCount\":846,\"commentCount\":0,\"publisher\":{\"@id\":\"https:\/\/radioinfinitagoya.com.ar\/v1\/#organization\"},\"image\":{\"@id\":\"https:\/\/radioinfinitagoya.com.ar\/v1\/2026\/05\/01\/javier-milei-vuelve-a-viajar-a-estados-unidos\/#primaryimage\"},\"thumbnailUrl\":\"https:\/\/radioinfinitagoya.com.ar\/v1\/wp-content\/uploads\/2026\/05\/BVQPP34YGVSOIIGJKT2CNJ3W4U.avif\",\"articleSection\":[\"DESTACADOS\"],\"inLanguage\":\"es-AR\",\"potentialAction\":[{\"@type\":\"CommentAction\",\"name\":\"Comment\",\"target\":[\"https:\/\/radioinfinitagoya.com.ar\/v1\/2026\/05\/01\/javier-milei-vuelve-a-viajar-a-estados-unidos\/#respond\"]}]},{\"@type\":\"WebPage\",\"@id\":\"https:\/\/radioinfinitagoya.com.ar\/v1\/2026\/05\/01\/javier-milei-vuelve-a-viajar-a-estados-unidos\/\",\"url\":\"https:\/\/radioinfinitagoya.com.ar\/v1\/2026\/05\/01\/javier-milei-vuelve-a-viajar-a-estados-unidos\/\",\"name\":\"Javier Milei vuelve a viajar a Estados Unidos - Radio Infinita Goya\",\"isPartOf\":{\"@id\":\"https:\/\/radioinfinitagoya.com.ar\/v1\/#website\"},\"primaryImageOfPage\":{\"@id\":\"https:\/\/radioinfinitagoya.com.ar\/v1\/2026\/05\/01\/javier-milei-vuelve-a-viajar-a-estados-unidos\/#primaryimage\"},\"image\":{\"@id\":\"https:\/\/radioinfinitagoya.com.ar\/v1\/2026\/05\/01\/javier-milei-vuelve-a-viajar-a-estados-unidos\/#primaryimage\"},\"thumbnailUrl\":\"https:\/\/radioinfinitagoya.com.ar\/v1\/wp-content\/uploads\/2026\/05\/BVQPP34YGVSOIIGJKT2CNJ3W4U.avif\",\"datePublished\":\"2026-05-01T21:02:05+00:00\",\"description\":\"Participar\u00e1 de la Conferencia Global del Instituto Milken El Presidente disertar\u00e1 el 6 de mayo en Los \u00c1ngeles, en la 29.\u00aa edici\u00f3n del foro al que ya\",\"breadcrumb\":{\"@id\":\"https:\/\/radioinfinitagoya.com.ar\/v1\/2026\/05\/01\/javier-milei-vuelve-a-viajar-a-estados-unidos\/#breadcrumb\"},\"inLanguage\":\"es-AR\",\"potentialAction\":[{\"@type\":\"ReadAction\",\"target\":[\"https:\/\/radioinfinitagoya.com.ar\/v1\/2026\/05\/01\/javier-milei-vuelve-a-viajar-a-estados-unidos\/\"]}]},{\"@type\":\"ImageObject\",\"inLanguage\":\"es-AR\",\"@id\":\"https:\/\/radioinfinitagoya.com.ar\/v1\/2026\/05\/01\/javier-milei-vuelve-a-viajar-a-estados-unidos\/#primaryimage\",\"url\":\"https:\/\/radioinfinitagoya.com.ar\/v1\/wp-content\/uploads\/2026\/05\/BVQPP34YGVSOIIGJKT2CNJ3W4U.avif\",\"contentUrl\":\"https:\/\/radioinfinitagoya.com.ar\/v1\/wp-content\/uploads\/2026\/05\/BVQPP34YGVSOIIGJKT2CNJ3W4U.avif\",\"width\":992,\"height\":661},{\"@type\":\"BreadcrumbList\",\"@id\":\"https:\/\/radioinfinitagoya.com.ar\/v1\/2026\/05\/01\/javier-milei-vuelve-a-viajar-a-estados-unidos\/#breadcrumb\",\"itemListElement\":[{\"@type\":\"ListItem\",\"position\":1,\"name\":\"Inicio\",\"item\":\"https:\/\/radioinfinitagoya.com.ar\/v1\/\"},{\"@type\":\"ListItem\",\"position\":2,\"name\":\"Javier Milei vuelve a viajar a Estados Unidos\"}]},{\"@type\":\"WebSite\",\"@id\":\"https:\/\/radioinfinitagoya.com.ar\/v1\/#website\",\"url\":\"https:\/\/radioinfinitagoya.com.ar\/v1\/\",\"name\":\"radioinfinitagoya.com.ar\",\"description\":\"Radio de noticias\",\"publisher\":{\"@id\":\"https:\/\/radioinfinitagoya.com.ar\/v1\/#organization\"},\"potentialAction\":[{\"@type\":\"SearchAction\",\"target\":{\"@type\":\"EntryPoint\",\"urlTemplate\":\"https:\/\/radioinfinitagoya.com.ar\/v1\/?s={search_term_string}\"},\"query-input\":{\"@type\":\"PropertyValueSpecification\",\"valueRequired\":true,\"valueName\":\"search_term_string\"}}],\"inLanguage\":\"es-AR\"},{\"@type\":\"Organization\",\"@id\":\"https:\/\/radioinfinitagoya.com.ar\/v1\/#organization\",\"name\":\"Radio Infinita Goya\",\"url\":\"https:\/\/radioinfinitagoya.com.ar\/v1\/\",\"logo\":{\"@type\":\"ImageObject\",\"inLanguage\":\"es-AR\",\"@id\":\"https:\/\/radioinfinitagoya.com.ar\/v1\/#\/schema\/logo\/image\/\",\"url\":\"https:\/\/radioinfinitagoya.com.ar\/v1\/wp-content\/uploads\/2019\/11\/logo-pie-web.png\",\"contentUrl\":\"https:\/\/radioinfinitagoya.com.ar\/v1\/wp-content\/uploads\/2019\/11\/logo-pie-web.png\",\"width\":635,\"height\":326,\"caption\":\"Radio Infinita Goya\"},\"image\":{\"@id\":\"https:\/\/radioinfinitagoya.com.ar\/v1\/#\/schema\/logo\/image\/\"},\"sameAs\":[\"https:\/\/www.facebook.com\/p\/Infinita-Goya-100063870918311\/\"]},{\"@type\":\"Person\",\"@id\":\"https:\/\/radioinfinitagoya.com.ar\/v1\/#\/schema\/person\/d4cf9c413d4f6edb24aabdccab49ca4a\",\"name\":\"Jorge Mi\u00f1o\",\"image\":{\"@type\":\"ImageObject\",\"inLanguage\":\"es-AR\",\"@id\":\"https:\/\/secure.gravatar.com\/avatar\/910fcf6728fe95320e07a6643c1581fec1c7fc4bf8ae12e3d8f0d0373dc844be?s=96&d=mm&r=g\",\"url\":\"https:\/\/secure.gravatar.com\/avatar\/910fcf6728fe95320e07a6643c1581fec1c7fc4bf8ae12e3d8f0d0373dc844be?s=96&d=mm&r=g\",\"contentUrl\":\"https:\/\/secure.gravatar.com\/avatar\/910fcf6728fe95320e07a6643c1581fec1c7fc4bf8ae12e3d8f0d0373dc844be?s=96&d=mm&r=g\",\"caption\":\"Jorge Mi\u00f1o\"},\"sameAs\":[\"http:\/\/radioinfinitagoya.com.ar\"]}]}<\/script>\n<!-- \/ Yoast SEO plugin. -->","yoast_head_json":{"title":"Javier Milei vuelve a viajar a Estados Unidos - Radio Infinita Goya","description":"Participar\u00e1 de la Conferencia Global del Instituto Milken El Presidente disertar\u00e1 el 6 de mayo en Los \u00c1ngeles, en la 29.\u00aa edici\u00f3n del foro al que ya","robots":{"index":"index","follow":"follow","max-snippet":"max-snippet:-1","max-image-preview":"max-image-preview:large","max-video-preview":"max-video-preview:-1"},"canonical":"https:\/\/radioinfinitagoya.com.ar\/v1\/2026\/05\/01\/javier-milei-vuelve-a-viajar-a-estados-unidos\/","og_locale":"es_ES","og_type":"article","og_title":"Javier Milei vuelve a viajar a Estados Unidos - Radio Infinita Goya","og_description":"Participar\u00e1 de la Conferencia Global del Instituto Milken El Presidente disertar\u00e1 el 6 de mayo en Los \u00c1ngeles, en la 29.\u00aa edici\u00f3n del foro al que ya","og_url":"https:\/\/radioinfinitagoya.com.ar\/v1\/2026\/05\/01\/javier-milei-vuelve-a-viajar-a-estados-unidos\/","og_site_name":"Radio Infinita Goya","article_publisher":"https:\/\/www.facebook.com\/p\/Infinita-Goya-100063870918311\/","article_published_time":"2026-05-01T21:02:05+00:00","author":"Jorge Mi\u00f1o","twitter_card":"summary_large_image","twitter_misc":{"Escrito por":"Jorge Mi\u00f1o","Tiempo de lectura":"4 minutos"},"schema":{"@context":"https:\/\/schema.org","@graph":[{"@type":"Article","@id":"https:\/\/radioinfinitagoya.com.ar\/v1\/2026\/05\/01\/javier-milei-vuelve-a-viajar-a-estados-unidos\/#article","isPartOf":{"@id":"https:\/\/radioinfinitagoya.com.ar\/v1\/2026\/05\/01\/javier-milei-vuelve-a-viajar-a-estados-unidos\/"},"author":{"name":"Jorge Mi\u00f1o","@id":"https:\/\/radioinfinitagoya.com.ar\/v1\/#\/schema\/person\/d4cf9c413d4f6edb24aabdccab49ca4a"},"headline":"Javier Milei vuelve a viajar a Estados Unidos","datePublished":"2026-05-01T21:02:05+00:00","mainEntityOfPage":{"@id":"https:\/\/radioinfinitagoya.com.ar\/v1\/2026\/05\/01\/javier-milei-vuelve-a-viajar-a-estados-unidos\/"},"wordCount":846,"commentCount":0,"publisher":{"@id":"https:\/\/radioinfinitagoya.com.ar\/v1\/#organization"},"image":{"@id":"https:\/\/radioinfinitagoya.com.ar\/v1\/2026\/05\/01\/javier-milei-vuelve-a-viajar-a-estados-unidos\/#primaryimage"},"thumbnailUrl":"https:\/\/radioinfinitagoya.com.ar\/v1\/wp-content\/uploads\/2026\/05\/BVQPP34YGVSOIIGJKT2CNJ3W4U.avif","articleSection":["DESTACADOS"],"inLanguage":"es-AR","potentialAction":[{"@type":"CommentAction","name":"Comment","target":["https:\/\/radioinfinitagoya.com.ar\/v1\/2026\/05\/01\/javier-milei-vuelve-a-viajar-a-estados-unidos\/#respond"]}]},{"@type":"WebPage","@id":"https:\/\/radioinfinitagoya.com.ar\/v1\/2026\/05\/01\/javier-milei-vuelve-a-viajar-a-estados-unidos\/","url":"https:\/\/radioinfinitagoya.com.ar\/v1\/2026\/05\/01\/javier-milei-vuelve-a-viajar-a-estados-unidos\/","name":"Javier Milei vuelve a viajar a Estados Unidos - Radio Infinita Goya","isPartOf":{"@id":"https:\/\/radioinfinitagoya.com.ar\/v1\/#website"},"primaryImageOfPage":{"@id":"https:\/\/radioinfinitagoya.com.ar\/v1\/2026\/05\/01\/javier-milei-vuelve-a-viajar-a-estados-unidos\/#primaryimage"},"image":{"@id":"https:\/\/radioinfinitagoya.com.ar\/v1\/2026\/05\/01\/javier-milei-vuelve-a-viajar-a-estados-unidos\/#primaryimage"},"thumbnailUrl":"https:\/\/radioinfinitagoya.com.ar\/v1\/wp-content\/uploads\/2026\/05\/BVQPP34YGVSOIIGJKT2CNJ3W4U.avif","datePublished":"2026-05-01T21:02:05+00:00","description":"Participar\u00e1 de la Conferencia Global del Instituto Milken El Presidente disertar\u00e1 el 6 de mayo en Los \u00c1ngeles, en la 29.\u00aa edici\u00f3n del foro al que ya","breadcrumb":{"@id":"https:\/\/radioinfinitagoya.com.ar\/v1\/2026\/05\/01\/javier-milei-vuelve-a-viajar-a-estados-unidos\/#breadcrumb"},"inLanguage":"es-AR","potentialAction":[{"@type":"ReadAction","target":["https:\/\/radioinfinitagoya.com.ar\/v1\/2026\/05\/01\/javier-milei-vuelve-a-viajar-a-estados-unidos\/"]}]},{"@type":"ImageObject","inLanguage":"es-AR","@id":"https:\/\/radioinfinitagoya.com.ar\/v1\/2026\/05\/01\/javier-milei-vuelve-a-viajar-a-estados-unidos\/#primaryimage","url":"https:\/\/radioinfinitagoya.com.ar\/v1\/wp-content\/uploads\/2026\/05\/BVQPP34YGVSOIIGJKT2CNJ3W4U.avif","contentUrl":"https:\/\/radioinfinitagoya.com.ar\/v1\/wp-content\/uploads\/2026\/05\/BVQPP34YGVSOIIGJKT2CNJ3W4U.avif","width":992,"height":661},{"@type":"BreadcrumbList","@id":"https:\/\/radioinfinitagoya.com.ar\/v1\/2026\/05\/01\/javier-milei-vuelve-a-viajar-a-estados-unidos\/#breadcrumb","itemListElement":[{"@type":"ListItem","position":1,"name":"Inicio","item":"https:\/\/radioinfinitagoya.com.ar\/v1\/"},{"@type":"ListItem","position":2,"name":"Javier Milei vuelve a viajar a Estados Unidos"}]},{"@type":"WebSite","@id":"https:\/\/radioinfinitagoya.com.ar\/v1\/#website","url":"https:\/\/radioinfinitagoya.com.ar\/v1\/","name":"radioinfinitagoya.com.ar","description":"Radio de noticias","publisher":{"@id":"https:\/\/radioinfinitagoya.com.ar\/v1\/#organization"},"potentialAction":[{"@type":"SearchAction","target":{"@type":"EntryPoint","urlTemplate":"https:\/\/radioinfinitagoya.com.ar\/v1\/?s={search_term_string}"},"query-input":{"@type":"PropertyValueSpecification","valueRequired":true,"valueName":"search_term_string"}}],"inLanguage":"es-AR"},{"@type":"Organization","@id":"https:\/\/radioinfinitagoya.com.ar\/v1\/#organization","name":"Radio Infinita Goya","url":"https:\/\/radioinfinitagoya.com.ar\/v1\/","logo":{"@type":"ImageObject","inLanguage":"es-AR","@id":"https:\/\/radioinfinitagoya.com.ar\/v1\/#\/schema\/logo\/image\/","url":"https:\/\/radioinfinitagoya.com.ar\/v1\/wp-content\/uploads\/2019\/11\/logo-pie-web.png","contentUrl":"https:\/\/radioinfinitagoya.com.ar\/v1\/wp-content\/uploads\/2019\/11\/logo-pie-web.png","width":635,"height":326,"caption":"Radio Infinita Goya"},"image":{"@id":"https:\/\/radioinfinitagoya.com.ar\/v1\/#\/schema\/logo\/image\/"},"sameAs":["https:\/\/www.facebook.com\/p\/Infinita-Goya-100063870918311\/"]},{"@type":"Person","@id":"https:\/\/radioinfinitagoya.com.ar\/v1\/#\/schema\/person\/d4cf9c413d4f6edb24aabdccab49ca4a","name":"Jorge Mi\u00f1o","image":{"@type":"ImageObject","inLanguage":"es-AR","@id":"https:\/\/secure.gravatar.com\/avatar\/910fcf6728fe95320e07a6643c1581fec1c7fc4bf8ae12e3d8f0d0373dc844be?s=96&d=mm&r=g","url":"https:\/\/secure.gravatar.com\/avatar\/910fcf6728fe95320e07a6643c1581fec1c7fc4bf8ae12e3d8f0d0373dc844be?s=96&d=mm&r=g","contentUrl":"https:\/\/secure.gravatar.com\/avatar\/910fcf6728fe95320e07a6643c1581fec1c7fc4bf8ae12e3d8f0d0373dc844be?s=96&d=mm&r=g","caption":"Jorge Mi\u00f1o"},"sameAs":["http:\/\/radioinfinitagoya.com.ar"]}]}},"_links":{"self":[{"href":"https:\/\/radioinfinitagoya.com.ar\/v1\/wp-json\/wp\/v2\/posts\/214044","targetHints":{"allow":["GET"]}}],"collection":[{"href":"https:\/\/radioinfinitagoya.com.ar\/v1\/wp-json\/wp\/v2\/posts"}],"about":[{"href":"https:\/\/radioinfinitagoya.com.ar\/v1\/wp-json\/wp\/v2\/types\/post"}],"author":[{"embeddable":true,"href":"https:\/\/radioinfinitagoya.com.ar\/v1\/wp-json\/wp\/v2\/users\/4"}],"replies":[{"embeddable":true,"href":"https:\/\/radioinfinitagoya.com.ar\/v1\/wp-json\/wp\/v2\/comments?post=214044"}],"version-history":[{"count":1,"href":"https:\/\/radioinfinitagoya.com.ar\/v1\/wp-json\/wp\/v2\/posts\/214044\/revisions"}],"predecessor-version":[{"id":214046,"href":"https:\/\/radioinfinitagoya.com.ar\/v1\/wp-json\/wp\/v2\/posts\/214044\/revisions\/214046"}],"wp:featuredmedia":[{"embeddable":true,"href":"https:\/\/radioinfinitagoya.com.ar\/v1\/wp-json\/wp\/v2\/media\/214045"}],"wp:attachment":[{"href":"https:\/\/radioinfinitagoya.com.ar\/v1\/wp-json\/wp\/v2\/media?parent=214044"}],"wp:term":[{"taxonomy":"category","embeddable":true,"href":"https:\/\/radioinfinitagoya.com.ar\/v1\/wp-json\/wp\/v2\/categories?post=214044"},{"taxonomy":"post_tag","embeddable":true,"href":"https:\/\/radioinfinitagoya.com.ar\/v1\/wp-json\/wp\/v2\/tags?post=214044"}],"curies":[{"name":"wp","href":"https:\/\/api.w.org\/{rel}","templated":true}]}}