{"id":226376,"date":"2026-08-30T20:54:56","date_gmt":"2026-08-30T23:54:56","guid":{"rendered":"https:\/\/radioinfinitagoya.com.ar\/v1\/?p=226376"},"modified":"2026-08-30T20:54:56","modified_gmt":"2026-08-30T23:54:56","slug":"ceramica-memoria-y-territorio","status":"publish","type":"post","link":"https:\/\/radioinfinitagoya.com.ar\/v1\/2026\/08\/30\/ceramica-memoria-y-territorio\/","title":{"rendered":"Cer\u00e1mica, memoria y territorio"},"content":{"rendered":"<p>Comenz\u00f3 la puesta en valor de la colecci\u00f3n arqueol\u00f3gica de Lilia Spinelli<\/p>\n<p>La iniciativa, impulsada por Fragmentos del Litoral junto a la Municipalidad de Goya, reuni\u00f3 durante dos jornadas a especialistas del Equipo de Arqueolog\u00eda de la UNR (IECH-CONICET, CEIA-FHyA), trabajadoras del Museo del Ferrocarril de la ciudad de Goya y personas interesadas en el patrimonio local. El encuentro permiti\u00f3 avanzar en criterios para registrar, inventariar y preservar una colecci\u00f3n de alrededor de mil piezas arqueol\u00f3gicas reunidas por Spinelli durante sus investigaciones en las costas del Paran\u00e1 Medio.<\/p>\n<p><img loading=\"lazy\" decoding=\"async\" class=\"alignnone size-full wp-image-226378\" src=\"https:\/\/radioinfinitagoya.com.ar\/v1\/wp-content\/uploads\/2026\/08\/cdf25cc5-eedc-47f8-a785-701fdc05c6a1.jpg\" alt=\"\" width=\"560\" height=\"374\" srcset=\"https:\/\/radioinfinitagoya.com.ar\/v1\/wp-content\/uploads\/2026\/08\/cdf25cc5-eedc-47f8-a785-701fdc05c6a1.jpg 560w, https:\/\/radioinfinitagoya.com.ar\/v1\/wp-content\/uploads\/2026\/08\/cdf25cc5-eedc-47f8-a785-701fdc05c6a1-150x100.jpg 150w\" sizes=\"auto, (max-width: 560px) 100vw, 560px\" \/><\/p>\n<p>Este viernes y s\u00e1bado se desarroll\u00f3 en Goya, Corrientes, la primera jornada de Activaci\u00f3n Patrimonial de la Colecci\u00f3n Lilia Spinelli, un conjunto de materiales arqueol\u00f3gicos actualmente resguardados en el Museo del Ferrocarril de la ciudad de Goya.<\/p>\n<p>D\u00edas atr\u00e1s el intendente local, Mariano Hormaechea y el director de Cultura Manuel Zampar recibieron en la Municipalidad a Josefina G\u00f3mez, Juana de Haro y Constanza Tomasella, integrantes de Fragmentos del Litoral, quienes les brindaron detalles sobre la iniciativa que finalmente dio sus primeros pasos este fin de semana.<\/p>\n<p>La propuesta reuni\u00f3 durante estas actividades intensivas de trabajo y aprendizaje a quienes prestan servicio en el Museo, integrantes de Fragmentos del Litoral y personas interesadas en el patrimonio local, junto a las arque\u00f3logas Dra. Carolina Barboza y Dra. Carolina P\u00edccoli, del Equipo de Arqueolog\u00eda de la UNR (IECH-CONICET, CEIA-FHyA).<\/p>\n<p>El encuentro permiti\u00f3 avanzar en la construcci\u00f3n de criterios para el registro, inventario, documentaci\u00f3n y conservaci\u00f3n preventiva de la colecci\u00f3n, a partir del intercambio entre los conocimientos especializados y quienes actualmente tienen a su cargo el resguardo de esta atractiva colecci\u00f3n.<\/p>\n<p>Esta instancia constituye el primer paso de un proceso de trabajo m\u00e1s amplio que continuar\u00e1 con nuevas acciones de investigaci\u00f3n, conservaci\u00f3n, interpretaci\u00f3n y divulgaci\u00f3n, orientadas a poner en valor la colecci\u00f3n y fortalecer su v\u00ednculo con la comunidad.<\/p>\n<p>Memorias de barro: conocer las huellas de quienes habitaron el Litoral<\/p>\n<p>Como segundo eje de la jornada, se realiz\u00f3 en la Casa del Bicentenario de la ciudad de Goya el encuentro abierto al p\u00fablico \u201cMemorias de barro: cer\u00e1micas de los humedales del Litoral argentino\u201d, donde las especialistas<\/p>\n<p>compartieron conocimientos sobre los hallazgos arqueol\u00f3gicos asociados a la entidad Goya-Malabrigo y Iber\u00e1 y sobre las comunidades que habitaron estos territorios durante los \u00faltimos dos milenios antes de la cat\u00e1strofe demogr\u00e1fica y el etnocidio cultural perpetrados con la llegada de los europeos a Am\u00e9rica.<\/p>\n<p>La colecci\u00f3n re\u00fane materiales que permiten aproximarse a distintas tradiciones culturales presentes en la regi\u00f3n, entre ellas aquellas vinculadas a poblaciones chan\u00e1-timb\u00faes, as\u00ed como fragmentos cer\u00e1micos asociados a poblaciones guaran\u00edes.<\/p>\n<p>En ese universo, la arcilla ocup\u00f3 un lugar central: abundante en los humedales, fue utilizada para transformar y habitar el territorio. Con ella y otros sedimentos se construyeron los cerritos indios, elevaciones artificiales que permit\u00edan generar superficies habitables por encima de las inundaciones del Paran\u00e1. Tambi\u00e9n se produjeron recipientes, instrumentos, vasijas y piezas con ap\u00e9ndices zoomorfos, que abren preguntas sobre la relaci\u00f3n de estas comunidades con los animales y el mundo que habitaban.<\/p>\n<p>Los fragmentos que hoy forman parte de la Colecci\u00f3n Spinelli son huellas materiales de esa relaci\u00f3n profunda con los ambientes del Litoral. Volver a estudiarlos, conservarlos y ponerlos en circulaci\u00f3n permite recuperar parte de esas historias y mirar nuestros humedales desde otra perspectiva: no como un paisaje vac\u00edo o reciente, sino como territorios con una larga historia de presencia, conocimiento y transformaci\u00f3n humana.<\/p>\n<p>\u00bfQui\u00e9n fue Lilia Spinelli?<\/p>\n<p>Lilia Spinelli fue una arque\u00f3loga aficionada de la ciudad de Goya que, durante la d\u00e9cada de 1940, recorri\u00f3 y explor\u00f3 distintos sitios arqueol\u00f3gicos de la provincia de Corrientes y las costas de Santa Fe, especialmente en la regi\u00f3n del Paran\u00e1 Medio y en sectores cercanos a Goya, como el Ysor\u00f3 e islas.<\/p>\n<p>En sus recorridos, muchas veces acompa\u00f1ada por su esposo, Julio Chas Grosso, y por otras personas, reuni\u00f3 fragmentos de cer\u00e1mica, restos arqueofaun\u00edsticos y diversos materiales que document\u00f3 a trav\u00e9s de dibujos, anotaciones y registros de campo.<\/p>\n<p>El conjunto conforma una colecci\u00f3n de aproximadamente mil piezas, que hoy se encuentran bajo resguardo de la Municipalidad de Goya.<\/p>\n<p>M\u00e1s de medio siglo despu\u00e9s, esos objetos vuelven a abrir preguntas. \u00bfQui\u00e9nes habitaron estos territorios? \u00bfC\u00f3mo viv\u00edan? \u00bfQu\u00e9 conocimientos ten\u00edan? \u00bfQu\u00e9 relaci\u00f3n establecieron con los r\u00edos, los humedales, los animales y las plantas que los rodeaban? \u00bfQu\u00e9 podemos conocer de aquellas formas de vida a partir de los fragmentos que llegaron hasta nosotros?<br \/>\nActivar el patrimonio: mucho m\u00e1s que exhibir objetos<\/p>\n<p>La propuesta parte de una idea sencilla, pero fundamental: conservar una colecci\u00f3n no significa solamente guardarla.<\/p>\n<p>La activaci\u00f3n patrimonial comprende un conjunto de acciones destinadas a investigar,<\/p>\n<p>La activaci\u00f3n patrimonial comprende un conjunto de acciones destinadas a investigar, conservar, interpretar y poner en circulaci\u00f3n el patrimonio para fortalecer su apropiaci\u00f3n social. Implica generar nuevas relaciones entre las colecciones, el territorio y las comunidades; producir conocimiento compartido y construir relatos que permitan volver a mirar el pasado desde las preguntas del presente.<\/p>\n<p>En ese sentido, la primera jornada constituye apenas un comienzo. El relevamiento y diagn\u00f3stico de la colecci\u00f3n, la definici\u00f3n de criterios de inventario y conservaci\u00f3n y el intercambio con especialistas buscan sentar las bases para futuras acciones de investigaci\u00f3n, educaci\u00f3n, interpretaci\u00f3n y exhibici\u00f3n.<br \/>\nLa pregunta, entonces, no es solamente qu\u00e9 objetos conserva la colecci\u00f3n, sino qu\u00e9 historias pueden ayudarnos a reconstruir y qu\u00e9 lugar queremos darles en la vida cultural de Goya.<\/p>\n<p>Volver a mirar desde el Litoral<\/p>\n<p>La iniciativa es impulsada por Fragmentos del Litoral, un equipo interdisciplinario que desarrolla proyectos de investigaci\u00f3n, creaci\u00f3n y activaci\u00f3n patrimonial vinculados a la regi\u00f3n.<br \/>\nConforman este grupo Juana de Haro, Josefina G\u00f3mez y Constanza Tomasella, vecinas de la ciudad de Goya que se interesan en este tipo de acciones. Desde sus propios saberes y sentires, entienden al Litoral como un territorio de gran diversidad ambiental y cultural, interconectado por el agua y atravesado por miles de a\u00f1os de historias compartidas. \u201cDesde esta perspectiva, el patrimonio no se reduce a objetos aislados, sino que forma parte de una trama de relaciones entre comunidades, memorias, saberes, paisajes y pr\u00e1cticas culturales\u201d, afirman.<\/p>\n<p>\u201cPoner en circulaci\u00f3n estos fragmentos es tambi\u00e9n una manera de preguntarnos por aquello que nos constituye como comunidad. Reconocer las ra\u00edces que dieron forma a nuestros territorios no implica mirar hacia un pasado detenido, sino recuperar herramientas para comprender qui\u00e9nes somos y qu\u00e9 futuros podemos construir desde el lugar que habitamos\u201d, aseguran.<\/p>\n<p>Adem\u00e1s consideran que \u201cla colecci\u00f3n Spinelli ofrece, en ese sentido, una oportunidad concreta: volver a mirar el territorio a trav\u00e9s de sus huellas y reconocer que debajo de nuestras ciudades, en nuestras islas y humedales, permanecen historias que todav\u00eda tienen mucho para decir\u201d.<\/p>\n<p>Una tarea colectiva<\/p>\n<p>El desarrollo de estas jornadas fue posible gracias al trabajo conjunto entre Fragmentos del Litoral, la Municipalidad de Goya, la Direcci\u00f3n de Cultura de Goya y el Equipo de Arqueolog\u00eda del CONICET.<\/p>\n<p>Desde Fragmentos del Litoral agradecemos especialmente a las arque\u00f3logas Dra. Carolina Barboza y Carolina P\u00edccoli por su participaci\u00f3n y generosidad en el intercambio, as\u00ed como a Manuel Zampar, la Direcci\u00f3n de Cultura Goya y la Municipalidad de Goya por acompa\u00f1ar esta primera etapa.<\/p>\n<p>\u201cPorque poner en valor un patrimonio no es solamente recuperar objetos del pasado. Es generar las condiciones para que vuelvan a formar parte de una conversaci\u00f3n colectiva sobre nuestro territorio, nuestra memoria y nuestra identidad. Y quiz\u00e1s<\/p>\n<p>ah\u00ed est\u00e9 el verdadero desaf\u00edo: aprender a mirar las huellas que tenemos cerca para volver a preguntarnos qu\u00e9 Litoral queremos habitar y construir\u201d, finalizaron.<\/p>\n","protected":false},"excerpt":{"rendered":"<p>Comenz\u00f3 la puesta en valor de la colecci\u00f3n arqueol\u00f3gica de Lilia Spinelli La iniciativa, impulsada por Fragmentos del Litoral junto a la Municipalidad de Goya, reuni\u00f3 durante dos jornadas a especialistas del Equipo de Arqueolog\u00eda de la UNR (IECH-CONICET, CEIA-FHyA), trabajadoras del Museo del Ferrocarril de la ciudad de Goya y personas interesadas en el [&hellip;]<\/p>\n","protected":false},"author":4,"featured_media":226377,"comment_status":"open","ping_status":"open","sticky":false,"template":"","format":"standard","meta":{"_joinchat":[],"footnotes":""},"categories":[27],"tags":[],"class_list":["post-226376","post","type-post","status-publish","format-standard","has-post-thumbnail","category-locales"],"yoast_head":"<!-- This site is optimized with the Yoast SEO plugin v27.7 - https:\/\/yoast.com\/product\/yoast-seo-wordpress\/ -->\n<title>Cer\u00e1mica, memoria y territorio - Radio Infinita Goya<\/title>\n<meta name=\"description\" content=\"Comenz\u00f3 la puesta en valor de la colecci\u00f3n arqueol\u00f3gica de Lilia Spinelli La iniciativa, impulsada por Fragmentos del Litoral junto a la Municipalidad de\" \/>\n<meta name=\"robots\" content=\"index, follow, max-snippet:-1, max-image-preview:large, max-video-preview:-1\" \/>\n<link rel=\"canonical\" href=\"https:\/\/radioinfinitagoya.com.ar\/v1\/2026\/08\/30\/ceramica-memoria-y-territorio\/\" \/>\n<meta property=\"og:locale\" content=\"es_ES\" \/>\n<meta property=\"og:type\" content=\"article\" \/>\n<meta property=\"og:title\" content=\"Cer\u00e1mica, memoria y territorio - Radio Infinita Goya\" \/>\n<meta property=\"og:description\" content=\"Comenz\u00f3 la puesta en valor de la colecci\u00f3n arqueol\u00f3gica de Lilia Spinelli La iniciativa, impulsada por Fragmentos del Litoral junto a la Municipalidad de\" \/>\n<meta property=\"og:url\" content=\"https:\/\/radioinfinitagoya.com.ar\/v1\/2026\/08\/30\/ceramica-memoria-y-territorio\/\" \/>\n<meta property=\"og:site_name\" content=\"Radio Infinita Goya\" \/>\n<meta property=\"article:publisher\" content=\"https:\/\/www.facebook.com\/p\/Infinita-Goya-100063870918311\/\" \/>\n<meta property=\"article:published_time\" content=\"2026-08-30T23:54:56+00:00\" \/>\n<meta property=\"og:image\" content=\"https:\/\/radioinfinitagoya.com.ar\/v1\/wp-content\/uploads\/2026\/08\/329c6690-9a8a-4de4-9c43-557c811527c9.jpg\" \/>\n\t<meta property=\"og:image:width\" content=\"560\" \/>\n\t<meta property=\"og:image:height\" content=\"374\" \/>\n\t<meta property=\"og:image:type\" content=\"image\/jpeg\" \/>\n<meta name=\"author\" content=\"Jorge Mi\u00f1o\" \/>\n<meta name=\"twitter:card\" content=\"summary_large_image\" \/>\n<meta name=\"twitter:label1\" content=\"Escrito por\" \/>\n\t<meta name=\"twitter:data1\" content=\"Jorge Mi\u00f1o\" \/>\n\t<meta name=\"twitter:label2\" content=\"Tiempo de lectura\" \/>\n\t<meta name=\"twitter:data2\" content=\"7 minutos\" \/>\n<script type=\"application\/ld+json\" class=\"yoast-schema-graph\">{\"@context\":\"https:\\\/\\\/schema.org\",\"@graph\":[{\"@type\":\"Article\",\"@id\":\"https:\\\/\\\/radioinfinitagoya.com.ar\\\/v1\\\/2026\\\/08\\\/30\\\/ceramica-memoria-y-territorio\\\/#article\",\"isPartOf\":{\"@id\":\"https:\\\/\\\/radioinfinitagoya.com.ar\\\/v1\\\/2026\\\/08\\\/30\\\/ceramica-memoria-y-territorio\\\/\"},\"author\":{\"name\":\"Jorge Mi\u00f1o\",\"@id\":\"https:\\\/\\\/radioinfinitagoya.com.ar\\\/v1\\\/#\\\/schema\\\/person\\\/d4cf9c413d4f6edb24aabdccab49ca4a\"},\"headline\":\"Cer\u00e1mica, memoria y territorio\",\"datePublished\":\"2026-08-30T23:54:56+00:00\",\"mainEntityOfPage\":{\"@id\":\"https:\\\/\\\/radioinfinitagoya.com.ar\\\/v1\\\/2026\\\/08\\\/30\\\/ceramica-memoria-y-territorio\\\/\"},\"wordCount\":1346,\"commentCount\":0,\"publisher\":{\"@id\":\"https:\\\/\\\/radioinfinitagoya.com.ar\\\/v1\\\/#organization\"},\"image\":{\"@id\":\"https:\\\/\\\/radioinfinitagoya.com.ar\\\/v1\\\/2026\\\/08\\\/30\\\/ceramica-memoria-y-territorio\\\/#primaryimage\"},\"thumbnailUrl\":\"https:\\\/\\\/radioinfinitagoya.com.ar\\\/v1\\\/wp-content\\\/uploads\\\/2026\\\/08\\\/329c6690-9a8a-4de4-9c43-557c811527c9.jpg\",\"articleSection\":[\"LOCALES\"],\"inLanguage\":\"es-AR\",\"potentialAction\":[{\"@type\":\"CommentAction\",\"name\":\"Comment\",\"target\":[\"https:\\\/\\\/radioinfinitagoya.com.ar\\\/v1\\\/2026\\\/08\\\/30\\\/ceramica-memoria-y-territorio\\\/#respond\"]}]},{\"@type\":\"WebPage\",\"@id\":\"https:\\\/\\\/radioinfinitagoya.com.ar\\\/v1\\\/2026\\\/08\\\/30\\\/ceramica-memoria-y-territorio\\\/\",\"url\":\"https:\\\/\\\/radioinfinitagoya.com.ar\\\/v1\\\/2026\\\/08\\\/30\\\/ceramica-memoria-y-territorio\\\/\",\"name\":\"Cer\u00e1mica, memoria y territorio - Radio Infinita Goya\",\"isPartOf\":{\"@id\":\"https:\\\/\\\/radioinfinitagoya.com.ar\\\/v1\\\/#website\"},\"primaryImageOfPage\":{\"@id\":\"https:\\\/\\\/radioinfinitagoya.com.ar\\\/v1\\\/2026\\\/08\\\/30\\\/ceramica-memoria-y-territorio\\\/#primaryimage\"},\"image\":{\"@id\":\"https:\\\/\\\/radioinfinitagoya.com.ar\\\/v1\\\/2026\\\/08\\\/30\\\/ceramica-memoria-y-territorio\\\/#primaryimage\"},\"thumbnailUrl\":\"https:\\\/\\\/radioinfinitagoya.com.ar\\\/v1\\\/wp-content\\\/uploads\\\/2026\\\/08\\\/329c6690-9a8a-4de4-9c43-557c811527c9.jpg\",\"datePublished\":\"2026-08-30T23:54:56+00:00\",\"description\":\"Comenz\u00f3 la puesta en valor de la colecci\u00f3n arqueol\u00f3gica de Lilia Spinelli La iniciativa, impulsada por Fragmentos del Litoral junto a la Municipalidad de\",\"breadcrumb\":{\"@id\":\"https:\\\/\\\/radioinfinitagoya.com.ar\\\/v1\\\/2026\\\/08\\\/30\\\/ceramica-memoria-y-territorio\\\/#breadcrumb\"},\"inLanguage\":\"es-AR\",\"potentialAction\":[{\"@type\":\"ReadAction\",\"target\":[\"https:\\\/\\\/radioinfinitagoya.com.ar\\\/v1\\\/2026\\\/08\\\/30\\\/ceramica-memoria-y-territorio\\\/\"]}]},{\"@type\":\"ImageObject\",\"inLanguage\":\"es-AR\",\"@id\":\"https:\\\/\\\/radioinfinitagoya.com.ar\\\/v1\\\/2026\\\/08\\\/30\\\/ceramica-memoria-y-territorio\\\/#primaryimage\",\"url\":\"https:\\\/\\\/radioinfinitagoya.com.ar\\\/v1\\\/wp-content\\\/uploads\\\/2026\\\/08\\\/329c6690-9a8a-4de4-9c43-557c811527c9.jpg\",\"contentUrl\":\"https:\\\/\\\/radioinfinitagoya.com.ar\\\/v1\\\/wp-content\\\/uploads\\\/2026\\\/08\\\/329c6690-9a8a-4de4-9c43-557c811527c9.jpg\",\"width\":560,\"height\":374},{\"@type\":\"BreadcrumbList\",\"@id\":\"https:\\\/\\\/radioinfinitagoya.com.ar\\\/v1\\\/2026\\\/08\\\/30\\\/ceramica-memoria-y-territorio\\\/#breadcrumb\",\"itemListElement\":[{\"@type\":\"ListItem\",\"position\":1,\"name\":\"Inicio\",\"item\":\"https:\\\/\\\/radioinfinitagoya.com.ar\\\/v1\\\/\"},{\"@type\":\"ListItem\",\"position\":2,\"name\":\"Cer\u00e1mica, memoria y territorio\"}]},{\"@type\":\"WebSite\",\"@id\":\"https:\\\/\\\/radioinfinitagoya.com.ar\\\/v1\\\/#website\",\"url\":\"https:\\\/\\\/radioinfinitagoya.com.ar\\\/v1\\\/\",\"name\":\"radioinfinitagoya.com.ar\",\"description\":\"Radio de noticias\",\"publisher\":{\"@id\":\"https:\\\/\\\/radioinfinitagoya.com.ar\\\/v1\\\/#organization\"},\"potentialAction\":[{\"@type\":\"SearchAction\",\"target\":{\"@type\":\"EntryPoint\",\"urlTemplate\":\"https:\\\/\\\/radioinfinitagoya.com.ar\\\/v1\\\/?s={search_term_string}\"},\"query-input\":{\"@type\":\"PropertyValueSpecification\",\"valueRequired\":true,\"valueName\":\"search_term_string\"}}],\"inLanguage\":\"es-AR\"},{\"@type\":\"Organization\",\"@id\":\"https:\\\/\\\/radioinfinitagoya.com.ar\\\/v1\\\/#organization\",\"name\":\"Radio Infinita Goya\",\"url\":\"https:\\\/\\\/radioinfinitagoya.com.ar\\\/v1\\\/\",\"logo\":{\"@type\":\"ImageObject\",\"inLanguage\":\"es-AR\",\"@id\":\"https:\\\/\\\/radioinfinitagoya.com.ar\\\/v1\\\/#\\\/schema\\\/logo\\\/image\\\/\",\"url\":\"https:\\\/\\\/radioinfinitagoya.com.ar\\\/v1\\\/wp-content\\\/uploads\\\/2019\\\/11\\\/logo-pie-web.png\",\"contentUrl\":\"https:\\\/\\\/radioinfinitagoya.com.ar\\\/v1\\\/wp-content\\\/uploads\\\/2019\\\/11\\\/logo-pie-web.png\",\"width\":635,\"height\":326,\"caption\":\"Radio Infinita Goya\"},\"image\":{\"@id\":\"https:\\\/\\\/radioinfinitagoya.com.ar\\\/v1\\\/#\\\/schema\\\/logo\\\/image\\\/\"},\"sameAs\":[\"https:\\\/\\\/www.facebook.com\\\/p\\\/Infinita-Goya-100063870918311\\\/\"]},{\"@type\":\"Person\",\"@id\":\"https:\\\/\\\/radioinfinitagoya.com.ar\\\/v1\\\/#\\\/schema\\\/person\\\/d4cf9c413d4f6edb24aabdccab49ca4a\",\"name\":\"Jorge Mi\u00f1o\",\"image\":{\"@type\":\"ImageObject\",\"inLanguage\":\"es-AR\",\"@id\":\"https:\\\/\\\/secure.gravatar.com\\\/avatar\\\/910fcf6728fe95320e07a6643c1581fec1c7fc4bf8ae12e3d8f0d0373dc844be?s=96&d=mm&r=g\",\"url\":\"https:\\\/\\\/secure.gravatar.com\\\/avatar\\\/910fcf6728fe95320e07a6643c1581fec1c7fc4bf8ae12e3d8f0d0373dc844be?s=96&d=mm&r=g\",\"contentUrl\":\"https:\\\/\\\/secure.gravatar.com\\\/avatar\\\/910fcf6728fe95320e07a6643c1581fec1c7fc4bf8ae12e3d8f0d0373dc844be?s=96&d=mm&r=g\",\"caption\":\"Jorge Mi\u00f1o\"},\"sameAs\":[\"http:\\\/\\\/radioinfinitagoya.com.ar\"]}]}<\/script>\n<!-- \/ Yoast SEO plugin. -->","yoast_head_json":{"title":"Cer\u00e1mica, memoria y territorio - Radio Infinita Goya","description":"Comenz\u00f3 la puesta en valor de la colecci\u00f3n arqueol\u00f3gica de Lilia Spinelli La iniciativa, impulsada por Fragmentos del Litoral junto a la Municipalidad de","robots":{"index":"index","follow":"follow","max-snippet":"max-snippet:-1","max-image-preview":"max-image-preview:large","max-video-preview":"max-video-preview:-1"},"canonical":"https:\/\/radioinfinitagoya.com.ar\/v1\/2026\/08\/30\/ceramica-memoria-y-territorio\/","og_locale":"es_ES","og_type":"article","og_title":"Cer\u00e1mica, memoria y territorio - Radio Infinita Goya","og_description":"Comenz\u00f3 la puesta en valor de la colecci\u00f3n arqueol\u00f3gica de Lilia Spinelli La iniciativa, impulsada por Fragmentos del Litoral junto a la Municipalidad de","og_url":"https:\/\/radioinfinitagoya.com.ar\/v1\/2026\/08\/30\/ceramica-memoria-y-territorio\/","og_site_name":"Radio Infinita Goya","article_publisher":"https:\/\/www.facebook.com\/p\/Infinita-Goya-100063870918311\/","article_published_time":"2026-08-30T23:54:56+00:00","og_image":[{"width":560,"height":374,"url":"https:\/\/radioinfinitagoya.com.ar\/v1\/wp-content\/uploads\/2026\/08\/329c6690-9a8a-4de4-9c43-557c811527c9.jpg","type":"image\/jpeg"}],"author":"Jorge Mi\u00f1o","twitter_card":"summary_large_image","twitter_misc":{"Escrito por":"Jorge Mi\u00f1o","Tiempo de lectura":"7 minutos"},"schema":{"@context":"https:\/\/schema.org","@graph":[{"@type":"Article","@id":"https:\/\/radioinfinitagoya.com.ar\/v1\/2026\/08\/30\/ceramica-memoria-y-territorio\/#article","isPartOf":{"@id":"https:\/\/radioinfinitagoya.com.ar\/v1\/2026\/08\/30\/ceramica-memoria-y-territorio\/"},"author":{"name":"Jorge Mi\u00f1o","@id":"https:\/\/radioinfinitagoya.com.ar\/v1\/#\/schema\/person\/d4cf9c413d4f6edb24aabdccab49ca4a"},"headline":"Cer\u00e1mica, memoria y territorio","datePublished":"2026-08-30T23:54:56+00:00","mainEntityOfPage":{"@id":"https:\/\/radioinfinitagoya.com.ar\/v1\/2026\/08\/30\/ceramica-memoria-y-territorio\/"},"wordCount":1346,"commentCount":0,"publisher":{"@id":"https:\/\/radioinfinitagoya.com.ar\/v1\/#organization"},"image":{"@id":"https:\/\/radioinfinitagoya.com.ar\/v1\/2026\/08\/30\/ceramica-memoria-y-territorio\/#primaryimage"},"thumbnailUrl":"https:\/\/radioinfinitagoya.com.ar\/v1\/wp-content\/uploads\/2026\/08\/329c6690-9a8a-4de4-9c43-557c811527c9.jpg","articleSection":["LOCALES"],"inLanguage":"es-AR","potentialAction":[{"@type":"CommentAction","name":"Comment","target":["https:\/\/radioinfinitagoya.com.ar\/v1\/2026\/08\/30\/ceramica-memoria-y-territorio\/#respond"]}]},{"@type":"WebPage","@id":"https:\/\/radioinfinitagoya.com.ar\/v1\/2026\/08\/30\/ceramica-memoria-y-territorio\/","url":"https:\/\/radioinfinitagoya.com.ar\/v1\/2026\/08\/30\/ceramica-memoria-y-territorio\/","name":"Cer\u00e1mica, memoria y territorio - Radio Infinita Goya","isPartOf":{"@id":"https:\/\/radioinfinitagoya.com.ar\/v1\/#website"},"primaryImageOfPage":{"@id":"https:\/\/radioinfinitagoya.com.ar\/v1\/2026\/08\/30\/ceramica-memoria-y-territorio\/#primaryimage"},"image":{"@id":"https:\/\/radioinfinitagoya.com.ar\/v1\/2026\/08\/30\/ceramica-memoria-y-territorio\/#primaryimage"},"thumbnailUrl":"https:\/\/radioinfinitagoya.com.ar\/v1\/wp-content\/uploads\/2026\/08\/329c6690-9a8a-4de4-9c43-557c811527c9.jpg","datePublished":"2026-08-30T23:54:56+00:00","description":"Comenz\u00f3 la puesta en valor de la colecci\u00f3n arqueol\u00f3gica de Lilia Spinelli La iniciativa, impulsada por Fragmentos del Litoral junto a la Municipalidad de","breadcrumb":{"@id":"https:\/\/radioinfinitagoya.com.ar\/v1\/2026\/08\/30\/ceramica-memoria-y-territorio\/#breadcrumb"},"inLanguage":"es-AR","potentialAction":[{"@type":"ReadAction","target":["https:\/\/radioinfinitagoya.com.ar\/v1\/2026\/08\/30\/ceramica-memoria-y-territorio\/"]}]},{"@type":"ImageObject","inLanguage":"es-AR","@id":"https:\/\/radioinfinitagoya.com.ar\/v1\/2026\/08\/30\/ceramica-memoria-y-territorio\/#primaryimage","url":"https:\/\/radioinfinitagoya.com.ar\/v1\/wp-content\/uploads\/2026\/08\/329c6690-9a8a-4de4-9c43-557c811527c9.jpg","contentUrl":"https:\/\/radioinfinitagoya.com.ar\/v1\/wp-content\/uploads\/2026\/08\/329c6690-9a8a-4de4-9c43-557c811527c9.jpg","width":560,"height":374},{"@type":"BreadcrumbList","@id":"https:\/\/radioinfinitagoya.com.ar\/v1\/2026\/08\/30\/ceramica-memoria-y-territorio\/#breadcrumb","itemListElement":[{"@type":"ListItem","position":1,"name":"Inicio","item":"https:\/\/radioinfinitagoya.com.ar\/v1\/"},{"@type":"ListItem","position":2,"name":"Cer\u00e1mica, memoria y territorio"}]},{"@type":"WebSite","@id":"https:\/\/radioinfinitagoya.com.ar\/v1\/#website","url":"https:\/\/radioinfinitagoya.com.ar\/v1\/","name":"radioinfinitagoya.com.ar","description":"Radio de noticias","publisher":{"@id":"https:\/\/radioinfinitagoya.com.ar\/v1\/#organization"},"potentialAction":[{"@type":"SearchAction","target":{"@type":"EntryPoint","urlTemplate":"https:\/\/radioinfinitagoya.com.ar\/v1\/?s={search_term_string}"},"query-input":{"@type":"PropertyValueSpecification","valueRequired":true,"valueName":"search_term_string"}}],"inLanguage":"es-AR"},{"@type":"Organization","@id":"https:\/\/radioinfinitagoya.com.ar\/v1\/#organization","name":"Radio Infinita Goya","url":"https:\/\/radioinfinitagoya.com.ar\/v1\/","logo":{"@type":"ImageObject","inLanguage":"es-AR","@id":"https:\/\/radioinfinitagoya.com.ar\/v1\/#\/schema\/logo\/image\/","url":"https:\/\/radioinfinitagoya.com.ar\/v1\/wp-content\/uploads\/2019\/11\/logo-pie-web.png","contentUrl":"https:\/\/radioinfinitagoya.com.ar\/v1\/wp-content\/uploads\/2019\/11\/logo-pie-web.png","width":635,"height":326,"caption":"Radio Infinita Goya"},"image":{"@id":"https:\/\/radioinfinitagoya.com.ar\/v1\/#\/schema\/logo\/image\/"},"sameAs":["https:\/\/www.facebook.com\/p\/Infinita-Goya-100063870918311\/"]},{"@type":"Person","@id":"https:\/\/radioinfinitagoya.com.ar\/v1\/#\/schema\/person\/d4cf9c413d4f6edb24aabdccab49ca4a","name":"Jorge Mi\u00f1o","image":{"@type":"ImageObject","inLanguage":"es-AR","@id":"https:\/\/secure.gravatar.com\/avatar\/910fcf6728fe95320e07a6643c1581fec1c7fc4bf8ae12e3d8f0d0373dc844be?s=96&d=mm&r=g","url":"https:\/\/secure.gravatar.com\/avatar\/910fcf6728fe95320e07a6643c1581fec1c7fc4bf8ae12e3d8f0d0373dc844be?s=96&d=mm&r=g","contentUrl":"https:\/\/secure.gravatar.com\/avatar\/910fcf6728fe95320e07a6643c1581fec1c7fc4bf8ae12e3d8f0d0373dc844be?s=96&d=mm&r=g","caption":"Jorge Mi\u00f1o"},"sameAs":["http:\/\/radioinfinitagoya.com.ar"]}]}},"_links":{"self":[{"href":"https:\/\/radioinfinitagoya.com.ar\/v1\/wp-json\/wp\/v2\/posts\/226376","targetHints":{"allow":["GET"]}}],"collection":[{"href":"https:\/\/radioinfinitagoya.com.ar\/v1\/wp-json\/wp\/v2\/posts"}],"about":[{"href":"https:\/\/radioinfinitagoya.com.ar\/v1\/wp-json\/wp\/v2\/types\/post"}],"author":[{"embeddable":true,"href":"https:\/\/radioinfinitagoya.com.ar\/v1\/wp-json\/wp\/v2\/users\/4"}],"replies":[{"embeddable":true,"href":"https:\/\/radioinfinitagoya.com.ar\/v1\/wp-json\/wp\/v2\/comments?post=226376"}],"version-history":[{"count":1,"href":"https:\/\/radioinfinitagoya.com.ar\/v1\/wp-json\/wp\/v2\/posts\/226376\/revisions"}],"predecessor-version":[{"id":226379,"href":"https:\/\/radioinfinitagoya.com.ar\/v1\/wp-json\/wp\/v2\/posts\/226376\/revisions\/226379"}],"wp:featuredmedia":[{"embeddable":true,"href":"https:\/\/radioinfinitagoya.com.ar\/v1\/wp-json\/wp\/v2\/media\/226377"}],"wp:attachment":[{"href":"https:\/\/radioinfinitagoya.com.ar\/v1\/wp-json\/wp\/v2\/media?parent=226376"}],"wp:term":[{"taxonomy":"category","embeddable":true,"href":"https:\/\/radioinfinitagoya.com.ar\/v1\/wp-json\/wp\/v2\/categories?post=226376"},{"taxonomy":"post_tag","embeddable":true,"href":"https:\/\/radioinfinitagoya.com.ar\/v1\/wp-json\/wp\/v2\/tags?post=226376"}],"curies":[{"name":"wp","href":"https:\/\/api.w.org\/{rel}","templated":true}]}}