{"id":226380,"date":"2026-08-31T13:54:35","date_gmt":"2026-08-31T16:54:35","guid":{"rendered":"https:\/\/radioinfinitagoya.com.ar\/v1\/?p=226380"},"modified":"2026-08-31T13:54:35","modified_gmt":"2026-08-31T16:54:35","slug":"que-pasara-con-el-peaje-del-puente-chaco-corrientes","status":"publish","type":"post","link":"https:\/\/radioinfinitagoya.com.ar\/v1\/2026\/08\/31\/que-pasara-con-el-peaje-del-puente-chaco-corrientes\/","title":{"rendered":"Qu\u00e9 pasar\u00e1 con el peaje del puente Chaco-Corrientes"},"content":{"rendered":"<p>El jefe del distrito Corrientes de Vialidad Nacional dio precisiones de c\u00f3mo funcionar\u00e1 el cobro en la v\u00eda interprovincial.<\/p>\n<p>El peaje del puente General Belgrano, que conecta Corrientes con Chaco, tendr\u00e1 una actualizaci\u00f3n de su tarifa, aunque mantendr\u00e1 la modalidad que beneficia a quienes realizan cruces frecuentes entre ambas provincias.<\/p>\n<p>El jefe del distrito Corrientes de Vialidad Nacional, David Moulin, confirm\u00f3 que el puente continuar\u00e1 con el sistema de multipase vigente. Esto significa que el pago del peaje tendr\u00e1 una vigencia de 24 horas, por lo que quienes crucen el puente m\u00e1s de una vez durante ese per\u00edodo no deber\u00e1n volver a abonar.<\/p>\n<p>La aclaraci\u00f3n cobra especial relevancia para las personas que utilizan diariamente el puente General Belgrano para trasladarse entre Corrientes y Resistencia, ya sea por motivos laborales, educativos o personales.<\/p>\n<p>De esta manera, el esquema previsto para el puente mantiene una diferencia importante respecto de otros puntos de la nueva concesi\u00f3n, en el cruce Chaco-Corrientes seguir\u00e1 vigente el beneficio de pagar una sola vez y utilizar el pase durante 24 horas.<\/p>\n<p>La tarifa en la Ruta 12 tendr\u00eda un nuevo valor<br \/>\nSeg\u00fan explic\u00f3 Moulin a Radioactividad, la actualizaci\u00f3n del peaje sobre la Ruta 12 estar\u00e1 vinculada a la inflaci\u00f3n acumulada y no implicar\u00eda un fuerte impacto inicial. El valor de referencia ser\u00eda de aproximadamente $1.800 para los usuarios adheridos al sistema Telepase.<\/p>\n<p>La definici\u00f3n fue comunicada en el marco de los detalles sobre la nueva concesi\u00f3n de la Ruta Nacional 12 y las tarifas que comenzar\u00e1n a aplicarse en distintos corredores viales. La nueva concesionaria tiene previsto iniciar sus funciones durante la primera semana de octubre.<\/p>\n","protected":false},"excerpt":{"rendered":"<p>El jefe del distrito Corrientes de Vialidad Nacional dio precisiones de c\u00f3mo funcionar\u00e1 el cobro en la v\u00eda interprovincial. El peaje del puente General Belgrano, que conecta Corrientes con Chaco, tendr\u00e1 una actualizaci\u00f3n de su tarifa, aunque mantendr\u00e1 la modalidad que beneficia a quienes realizan cruces frecuentes entre ambas provincias. El jefe del distrito Corrientes [&hellip;]<\/p>\n","protected":false},"author":4,"featured_media":226381,"comment_status":"open","ping_status":"open","sticky":false,"template":"","format":"standard","meta":{"_joinchat":[],"footnotes":""},"categories":[26],"tags":[],"class_list":["post-226380","post","type-post","status-publish","format-standard","has-post-thumbnail","category-provinciales"],"yoast_head":"<!-- This site is optimized with the Yoast SEO plugin v27.7 - https:\/\/yoast.com\/product\/yoast-seo-wordpress\/ -->\n<title>Qu\u00e9 pasar\u00e1 con el peaje del puente Chaco-Corrientes - Radio Infinita Goya<\/title>\n<meta name=\"description\" content=\"El jefe del distrito Corrientes de Vialidad Nacional dio precisiones de c\u00f3mo funcionar\u00e1 el cobro en la v\u00eda interprovincial. El peaje del puente General\" \/>\n<meta name=\"robots\" content=\"index, follow, max-snippet:-1, max-image-preview:large, max-video-preview:-1\" \/>\n<link rel=\"canonical\" href=\"https:\/\/radioinfinitagoya.com.ar\/v1\/2026\/08\/31\/que-pasara-con-el-peaje-del-puente-chaco-corrientes\/\" \/>\n<meta property=\"og:locale\" content=\"es_ES\" \/>\n<meta property=\"og:type\" content=\"article\" \/>\n<meta property=\"og:title\" content=\"Qu\u00e9 pasar\u00e1 con el peaje del puente Chaco-Corrientes - Radio Infinita Goya\" \/>\n<meta property=\"og:description\" content=\"El jefe del distrito Corrientes de Vialidad Nacional dio precisiones de c\u00f3mo funcionar\u00e1 el cobro en la v\u00eda interprovincial. El peaje del puente General\" \/>\n<meta property=\"og:url\" content=\"https:\/\/radioinfinitagoya.com.ar\/v1\/2026\/08\/31\/que-pasara-con-el-peaje-del-puente-chaco-corrientes\/\" \/>\n<meta property=\"og:site_name\" content=\"Radio Infinita Goya\" \/>\n<meta property=\"article:publisher\" content=\"https:\/\/www.facebook.com\/p\/Infinita-Goya-100063870918311\/\" \/>\n<meta property=\"article:published_time\" content=\"2026-08-31T16:54:35+00:00\" \/>\n<meta property=\"og:image\" content=\"https:\/\/radioinfinitagoya.com.ar\/v1\/wp-content\/uploads\/2026\/08\/1788172623402.webp\" \/>\n\t<meta property=\"og:image:width\" content=\"1200\" \/>\n\t<meta property=\"og:image:height\" content=\"675\" \/>\n\t<meta property=\"og:image:type\" content=\"image\/webp\" \/>\n<meta name=\"author\" content=\"Jorge Mi\u00f1o\" \/>\n<meta name=\"twitter:card\" content=\"summary_large_image\" \/>\n<meta name=\"twitter:label1\" content=\"Escrito por\" \/>\n\t<meta name=\"twitter:data1\" content=\"Jorge Mi\u00f1o\" \/>\n\t<meta name=\"twitter:label2\" content=\"Tiempo de lectura\" \/>\n\t<meta name=\"twitter:data2\" content=\"2 minutos\" \/>\n<script type=\"application\/ld+json\" class=\"yoast-schema-graph\">{\"@context\":\"https:\\\/\\\/schema.org\",\"@graph\":[{\"@type\":\"Article\",\"@id\":\"https:\\\/\\\/radioinfinitagoya.com.ar\\\/v1\\\/2026\\\/08\\\/31\\\/que-pasara-con-el-peaje-del-puente-chaco-corrientes\\\/#article\",\"isPartOf\":{\"@id\":\"https:\\\/\\\/radioinfinitagoya.com.ar\\\/v1\\\/2026\\\/08\\\/31\\\/que-pasara-con-el-peaje-del-puente-chaco-corrientes\\\/\"},\"author\":{\"name\":\"Jorge Mi\u00f1o\",\"@id\":\"https:\\\/\\\/radioinfinitagoya.com.ar\\\/v1\\\/#\\\/schema\\\/person\\\/d4cf9c413d4f6edb24aabdccab49ca4a\"},\"headline\":\"Qu\u00e9 pasar\u00e1 con el peaje del puente Chaco-Corrientes\",\"datePublished\":\"2026-08-31T16:54:35+00:00\",\"mainEntityOfPage\":{\"@id\":\"https:\\\/\\\/radioinfinitagoya.com.ar\\\/v1\\\/2026\\\/08\\\/31\\\/que-pasara-con-el-peaje-del-puente-chaco-corrientes\\\/\"},\"wordCount\":287,\"commentCount\":0,\"publisher\":{\"@id\":\"https:\\\/\\\/radioinfinitagoya.com.ar\\\/v1\\\/#organization\"},\"image\":{\"@id\":\"https:\\\/\\\/radioinfinitagoya.com.ar\\\/v1\\\/2026\\\/08\\\/31\\\/que-pasara-con-el-peaje-del-puente-chaco-corrientes\\\/#primaryimage\"},\"thumbnailUrl\":\"https:\\\/\\\/radioinfinitagoya.com.ar\\\/v1\\\/wp-content\\\/uploads\\\/2026\\\/08\\\/1788172623402.webp\",\"articleSection\":[\"PROVINCIALES\"],\"inLanguage\":\"es-AR\",\"potentialAction\":[{\"@type\":\"CommentAction\",\"name\":\"Comment\",\"target\":[\"https:\\\/\\\/radioinfinitagoya.com.ar\\\/v1\\\/2026\\\/08\\\/31\\\/que-pasara-con-el-peaje-del-puente-chaco-corrientes\\\/#respond\"]}]},{\"@type\":\"WebPage\",\"@id\":\"https:\\\/\\\/radioinfinitagoya.com.ar\\\/v1\\\/2026\\\/08\\\/31\\\/que-pasara-con-el-peaje-del-puente-chaco-corrientes\\\/\",\"url\":\"https:\\\/\\\/radioinfinitagoya.com.ar\\\/v1\\\/2026\\\/08\\\/31\\\/que-pasara-con-el-peaje-del-puente-chaco-corrientes\\\/\",\"name\":\"Qu\u00e9 pasar\u00e1 con el peaje del puente Chaco-Corrientes - Radio Infinita Goya\",\"isPartOf\":{\"@id\":\"https:\\\/\\\/radioinfinitagoya.com.ar\\\/v1\\\/#website\"},\"primaryImageOfPage\":{\"@id\":\"https:\\\/\\\/radioinfinitagoya.com.ar\\\/v1\\\/2026\\\/08\\\/31\\\/que-pasara-con-el-peaje-del-puente-chaco-corrientes\\\/#primaryimage\"},\"image\":{\"@id\":\"https:\\\/\\\/radioinfinitagoya.com.ar\\\/v1\\\/2026\\\/08\\\/31\\\/que-pasara-con-el-peaje-del-puente-chaco-corrientes\\\/#primaryimage\"},\"thumbnailUrl\":\"https:\\\/\\\/radioinfinitagoya.com.ar\\\/v1\\\/wp-content\\\/uploads\\\/2026\\\/08\\\/1788172623402.webp\",\"datePublished\":\"2026-08-31T16:54:35+00:00\",\"description\":\"El jefe del distrito Corrientes de Vialidad Nacional dio precisiones de c\u00f3mo funcionar\u00e1 el cobro en la v\u00eda interprovincial. El peaje del puente General\",\"breadcrumb\":{\"@id\":\"https:\\\/\\\/radioinfinitagoya.com.ar\\\/v1\\\/2026\\\/08\\\/31\\\/que-pasara-con-el-peaje-del-puente-chaco-corrientes\\\/#breadcrumb\"},\"inLanguage\":\"es-AR\",\"potentialAction\":[{\"@type\":\"ReadAction\",\"target\":[\"https:\\\/\\\/radioinfinitagoya.com.ar\\\/v1\\\/2026\\\/08\\\/31\\\/que-pasara-con-el-peaje-del-puente-chaco-corrientes\\\/\"]}]},{\"@type\":\"ImageObject\",\"inLanguage\":\"es-AR\",\"@id\":\"https:\\\/\\\/radioinfinitagoya.com.ar\\\/v1\\\/2026\\\/08\\\/31\\\/que-pasara-con-el-peaje-del-puente-chaco-corrientes\\\/#primaryimage\",\"url\":\"https:\\\/\\\/radioinfinitagoya.com.ar\\\/v1\\\/wp-content\\\/uploads\\\/2026\\\/08\\\/1788172623402.webp\",\"contentUrl\":\"https:\\\/\\\/radioinfinitagoya.com.ar\\\/v1\\\/wp-content\\\/uploads\\\/2026\\\/08\\\/1788172623402.webp\",\"width\":1200,\"height\":675},{\"@type\":\"BreadcrumbList\",\"@id\":\"https:\\\/\\\/radioinfinitagoya.com.ar\\\/v1\\\/2026\\\/08\\\/31\\\/que-pasara-con-el-peaje-del-puente-chaco-corrientes\\\/#breadcrumb\",\"itemListElement\":[{\"@type\":\"ListItem\",\"position\":1,\"name\":\"Inicio\",\"item\":\"https:\\\/\\\/radioinfinitagoya.com.ar\\\/v1\\\/\"},{\"@type\":\"ListItem\",\"position\":2,\"name\":\"Qu\u00e9 pasar\u00e1 con el peaje del puente Chaco-Corrientes\"}]},{\"@type\":\"WebSite\",\"@id\":\"https:\\\/\\\/radioinfinitagoya.com.ar\\\/v1\\\/#website\",\"url\":\"https:\\\/\\\/radioinfinitagoya.com.ar\\\/v1\\\/\",\"name\":\"radioinfinitagoya.com.ar\",\"description\":\"Radio de noticias\",\"publisher\":{\"@id\":\"https:\\\/\\\/radioinfinitagoya.com.ar\\\/v1\\\/#organization\"},\"potentialAction\":[{\"@type\":\"SearchAction\",\"target\":{\"@type\":\"EntryPoint\",\"urlTemplate\":\"https:\\\/\\\/radioinfinitagoya.com.ar\\\/v1\\\/?s={search_term_string}\"},\"query-input\":{\"@type\":\"PropertyValueSpecification\",\"valueRequired\":true,\"valueName\":\"search_term_string\"}}],\"inLanguage\":\"es-AR\"},{\"@type\":\"Organization\",\"@id\":\"https:\\\/\\\/radioinfinitagoya.com.ar\\\/v1\\\/#organization\",\"name\":\"Radio Infinita Goya\",\"url\":\"https:\\\/\\\/radioinfinitagoya.com.ar\\\/v1\\\/\",\"logo\":{\"@type\":\"ImageObject\",\"inLanguage\":\"es-AR\",\"@id\":\"https:\\\/\\\/radioinfinitagoya.com.ar\\\/v1\\\/#\\\/schema\\\/logo\\\/image\\\/\",\"url\":\"https:\\\/\\\/radioinfinitagoya.com.ar\\\/v1\\\/wp-content\\\/uploads\\\/2019\\\/11\\\/logo-pie-web.png\",\"contentUrl\":\"https:\\\/\\\/radioinfinitagoya.com.ar\\\/v1\\\/wp-content\\\/uploads\\\/2019\\\/11\\\/logo-pie-web.png\",\"width\":635,\"height\":326,\"caption\":\"Radio Infinita Goya\"},\"image\":{\"@id\":\"https:\\\/\\\/radioinfinitagoya.com.ar\\\/v1\\\/#\\\/schema\\\/logo\\\/image\\\/\"},\"sameAs\":[\"https:\\\/\\\/www.facebook.com\\\/p\\\/Infinita-Goya-100063870918311\\\/\"]},{\"@type\":\"Person\",\"@id\":\"https:\\\/\\\/radioinfinitagoya.com.ar\\\/v1\\\/#\\\/schema\\\/person\\\/d4cf9c413d4f6edb24aabdccab49ca4a\",\"name\":\"Jorge Mi\u00f1o\",\"image\":{\"@type\":\"ImageObject\",\"inLanguage\":\"es-AR\",\"@id\":\"https:\\\/\\\/secure.gravatar.com\\\/avatar\\\/910fcf6728fe95320e07a6643c1581fec1c7fc4bf8ae12e3d8f0d0373dc844be?s=96&d=mm&r=g\",\"url\":\"https:\\\/\\\/secure.gravatar.com\\\/avatar\\\/910fcf6728fe95320e07a6643c1581fec1c7fc4bf8ae12e3d8f0d0373dc844be?s=96&d=mm&r=g\",\"contentUrl\":\"https:\\\/\\\/secure.gravatar.com\\\/avatar\\\/910fcf6728fe95320e07a6643c1581fec1c7fc4bf8ae12e3d8f0d0373dc844be?s=96&d=mm&r=g\",\"caption\":\"Jorge Mi\u00f1o\"},\"sameAs\":[\"http:\\\/\\\/radioinfinitagoya.com.ar\"]}]}<\/script>\n<!-- \/ Yoast SEO plugin. -->","yoast_head_json":{"title":"Qu\u00e9 pasar\u00e1 con el peaje del puente Chaco-Corrientes - Radio Infinita Goya","description":"El jefe del distrito Corrientes de Vialidad Nacional dio precisiones de c\u00f3mo funcionar\u00e1 el cobro en la v\u00eda interprovincial. El peaje del puente General","robots":{"index":"index","follow":"follow","max-snippet":"max-snippet:-1","max-image-preview":"max-image-preview:large","max-video-preview":"max-video-preview:-1"},"canonical":"https:\/\/radioinfinitagoya.com.ar\/v1\/2026\/08\/31\/que-pasara-con-el-peaje-del-puente-chaco-corrientes\/","og_locale":"es_ES","og_type":"article","og_title":"Qu\u00e9 pasar\u00e1 con el peaje del puente Chaco-Corrientes - Radio Infinita Goya","og_description":"El jefe del distrito Corrientes de Vialidad Nacional dio precisiones de c\u00f3mo funcionar\u00e1 el cobro en la v\u00eda interprovincial. El peaje del puente General","og_url":"https:\/\/radioinfinitagoya.com.ar\/v1\/2026\/08\/31\/que-pasara-con-el-peaje-del-puente-chaco-corrientes\/","og_site_name":"Radio Infinita Goya","article_publisher":"https:\/\/www.facebook.com\/p\/Infinita-Goya-100063870918311\/","article_published_time":"2026-08-31T16:54:35+00:00","og_image":[{"width":1200,"height":675,"url":"https:\/\/radioinfinitagoya.com.ar\/v1\/wp-content\/uploads\/2026\/08\/1788172623402.webp","type":"image\/webp"}],"author":"Jorge Mi\u00f1o","twitter_card":"summary_large_image","twitter_misc":{"Escrito por":"Jorge Mi\u00f1o","Tiempo de lectura":"2 minutos"},"schema":{"@context":"https:\/\/schema.org","@graph":[{"@type":"Article","@id":"https:\/\/radioinfinitagoya.com.ar\/v1\/2026\/08\/31\/que-pasara-con-el-peaje-del-puente-chaco-corrientes\/#article","isPartOf":{"@id":"https:\/\/radioinfinitagoya.com.ar\/v1\/2026\/08\/31\/que-pasara-con-el-peaje-del-puente-chaco-corrientes\/"},"author":{"name":"Jorge Mi\u00f1o","@id":"https:\/\/radioinfinitagoya.com.ar\/v1\/#\/schema\/person\/d4cf9c413d4f6edb24aabdccab49ca4a"},"headline":"Qu\u00e9 pasar\u00e1 con el peaje del puente Chaco-Corrientes","datePublished":"2026-08-31T16:54:35+00:00","mainEntityOfPage":{"@id":"https:\/\/radioinfinitagoya.com.ar\/v1\/2026\/08\/31\/que-pasara-con-el-peaje-del-puente-chaco-corrientes\/"},"wordCount":287,"commentCount":0,"publisher":{"@id":"https:\/\/radioinfinitagoya.com.ar\/v1\/#organization"},"image":{"@id":"https:\/\/radioinfinitagoya.com.ar\/v1\/2026\/08\/31\/que-pasara-con-el-peaje-del-puente-chaco-corrientes\/#primaryimage"},"thumbnailUrl":"https:\/\/radioinfinitagoya.com.ar\/v1\/wp-content\/uploads\/2026\/08\/1788172623402.webp","articleSection":["PROVINCIALES"],"inLanguage":"es-AR","potentialAction":[{"@type":"CommentAction","name":"Comment","target":["https:\/\/radioinfinitagoya.com.ar\/v1\/2026\/08\/31\/que-pasara-con-el-peaje-del-puente-chaco-corrientes\/#respond"]}]},{"@type":"WebPage","@id":"https:\/\/radioinfinitagoya.com.ar\/v1\/2026\/08\/31\/que-pasara-con-el-peaje-del-puente-chaco-corrientes\/","url":"https:\/\/radioinfinitagoya.com.ar\/v1\/2026\/08\/31\/que-pasara-con-el-peaje-del-puente-chaco-corrientes\/","name":"Qu\u00e9 pasar\u00e1 con el peaje del puente Chaco-Corrientes - Radio Infinita Goya","isPartOf":{"@id":"https:\/\/radioinfinitagoya.com.ar\/v1\/#website"},"primaryImageOfPage":{"@id":"https:\/\/radioinfinitagoya.com.ar\/v1\/2026\/08\/31\/que-pasara-con-el-peaje-del-puente-chaco-corrientes\/#primaryimage"},"image":{"@id":"https:\/\/radioinfinitagoya.com.ar\/v1\/2026\/08\/31\/que-pasara-con-el-peaje-del-puente-chaco-corrientes\/#primaryimage"},"thumbnailUrl":"https:\/\/radioinfinitagoya.com.ar\/v1\/wp-content\/uploads\/2026\/08\/1788172623402.webp","datePublished":"2026-08-31T16:54:35+00:00","description":"El jefe del distrito Corrientes de Vialidad Nacional dio precisiones de c\u00f3mo funcionar\u00e1 el cobro en la v\u00eda interprovincial. El peaje del puente General","breadcrumb":{"@id":"https:\/\/radioinfinitagoya.com.ar\/v1\/2026\/08\/31\/que-pasara-con-el-peaje-del-puente-chaco-corrientes\/#breadcrumb"},"inLanguage":"es-AR","potentialAction":[{"@type":"ReadAction","target":["https:\/\/radioinfinitagoya.com.ar\/v1\/2026\/08\/31\/que-pasara-con-el-peaje-del-puente-chaco-corrientes\/"]}]},{"@type":"ImageObject","inLanguage":"es-AR","@id":"https:\/\/radioinfinitagoya.com.ar\/v1\/2026\/08\/31\/que-pasara-con-el-peaje-del-puente-chaco-corrientes\/#primaryimage","url":"https:\/\/radioinfinitagoya.com.ar\/v1\/wp-content\/uploads\/2026\/08\/1788172623402.webp","contentUrl":"https:\/\/radioinfinitagoya.com.ar\/v1\/wp-content\/uploads\/2026\/08\/1788172623402.webp","width":1200,"height":675},{"@type":"BreadcrumbList","@id":"https:\/\/radioinfinitagoya.com.ar\/v1\/2026\/08\/31\/que-pasara-con-el-peaje-del-puente-chaco-corrientes\/#breadcrumb","itemListElement":[{"@type":"ListItem","position":1,"name":"Inicio","item":"https:\/\/radioinfinitagoya.com.ar\/v1\/"},{"@type":"ListItem","position":2,"name":"Qu\u00e9 pasar\u00e1 con el peaje del puente Chaco-Corrientes"}]},{"@type":"WebSite","@id":"https:\/\/radioinfinitagoya.com.ar\/v1\/#website","url":"https:\/\/radioinfinitagoya.com.ar\/v1\/","name":"radioinfinitagoya.com.ar","description":"Radio de noticias","publisher":{"@id":"https:\/\/radioinfinitagoya.com.ar\/v1\/#organization"},"potentialAction":[{"@type":"SearchAction","target":{"@type":"EntryPoint","urlTemplate":"https:\/\/radioinfinitagoya.com.ar\/v1\/?s={search_term_string}"},"query-input":{"@type":"PropertyValueSpecification","valueRequired":true,"valueName":"search_term_string"}}],"inLanguage":"es-AR"},{"@type":"Organization","@id":"https:\/\/radioinfinitagoya.com.ar\/v1\/#organization","name":"Radio Infinita Goya","url":"https:\/\/radioinfinitagoya.com.ar\/v1\/","logo":{"@type":"ImageObject","inLanguage":"es-AR","@id":"https:\/\/radioinfinitagoya.com.ar\/v1\/#\/schema\/logo\/image\/","url":"https:\/\/radioinfinitagoya.com.ar\/v1\/wp-content\/uploads\/2019\/11\/logo-pie-web.png","contentUrl":"https:\/\/radioinfinitagoya.com.ar\/v1\/wp-content\/uploads\/2019\/11\/logo-pie-web.png","width":635,"height":326,"caption":"Radio Infinita Goya"},"image":{"@id":"https:\/\/radioinfinitagoya.com.ar\/v1\/#\/schema\/logo\/image\/"},"sameAs":["https:\/\/www.facebook.com\/p\/Infinita-Goya-100063870918311\/"]},{"@type":"Person","@id":"https:\/\/radioinfinitagoya.com.ar\/v1\/#\/schema\/person\/d4cf9c413d4f6edb24aabdccab49ca4a","name":"Jorge Mi\u00f1o","image":{"@type":"ImageObject","inLanguage":"es-AR","@id":"https:\/\/secure.gravatar.com\/avatar\/910fcf6728fe95320e07a6643c1581fec1c7fc4bf8ae12e3d8f0d0373dc844be?s=96&d=mm&r=g","url":"https:\/\/secure.gravatar.com\/avatar\/910fcf6728fe95320e07a6643c1581fec1c7fc4bf8ae12e3d8f0d0373dc844be?s=96&d=mm&r=g","contentUrl":"https:\/\/secure.gravatar.com\/avatar\/910fcf6728fe95320e07a6643c1581fec1c7fc4bf8ae12e3d8f0d0373dc844be?s=96&d=mm&r=g","caption":"Jorge Mi\u00f1o"},"sameAs":["http:\/\/radioinfinitagoya.com.ar"]}]}},"_links":{"self":[{"href":"https:\/\/radioinfinitagoya.com.ar\/v1\/wp-json\/wp\/v2\/posts\/226380","targetHints":{"allow":["GET"]}}],"collection":[{"href":"https:\/\/radioinfinitagoya.com.ar\/v1\/wp-json\/wp\/v2\/posts"}],"about":[{"href":"https:\/\/radioinfinitagoya.com.ar\/v1\/wp-json\/wp\/v2\/types\/post"}],"author":[{"embeddable":true,"href":"https:\/\/radioinfinitagoya.com.ar\/v1\/wp-json\/wp\/v2\/users\/4"}],"replies":[{"embeddable":true,"href":"https:\/\/radioinfinitagoya.com.ar\/v1\/wp-json\/wp\/v2\/comments?post=226380"}],"version-history":[{"count":2,"href":"https:\/\/radioinfinitagoya.com.ar\/v1\/wp-json\/wp\/v2\/posts\/226380\/revisions"}],"predecessor-version":[{"id":226383,"href":"https:\/\/radioinfinitagoya.com.ar\/v1\/wp-json\/wp\/v2\/posts\/226380\/revisions\/226383"}],"wp:featuredmedia":[{"embeddable":true,"href":"https:\/\/radioinfinitagoya.com.ar\/v1\/wp-json\/wp\/v2\/media\/226381"}],"wp:attachment":[{"href":"https:\/\/radioinfinitagoya.com.ar\/v1\/wp-json\/wp\/v2\/media?parent=226380"}],"wp:term":[{"taxonomy":"category","embeddable":true,"href":"https:\/\/radioinfinitagoya.com.ar\/v1\/wp-json\/wp\/v2\/categories?post=226380"},{"taxonomy":"post_tag","embeddable":true,"href":"https:\/\/radioinfinitagoya.com.ar\/v1\/wp-json\/wp\/v2\/tags?post=226380"}],"curies":[{"name":"wp","href":"https:\/\/api.w.org\/{rel}","templated":true}]}}