{"id":226384,"date":"2026-08-31T14:02:25","date_gmt":"2026-08-31T17:02:25","guid":{"rendered":"https:\/\/radioinfinitagoya.com.ar\/v1\/?p=226384"},"modified":"2026-08-31T14:02:25","modified_gmt":"2026-08-31T17:02:25","slug":"duro-testimonio-por-el-cierre-de-musimundo","status":"publish","type":"post","link":"https:\/\/radioinfinitagoya.com.ar\/v1\/2026\/08\/31\/duro-testimonio-por-el-cierre-de-musimundo\/","title":{"rendered":"Duro testimonio por el cierre de Musimundo"},"content":{"rendered":"<p>\u201cNos avisaron verbalmente al cerrar el s\u00e1bado&#8221;<\/p>\n<p>Tras bajarse las persianas de las sucursales de la empresa en Capital, los exempleados se presentaron en el local ubicado sobre peatonal Jun\u00edn donde hablaron con El Litoral sobre c\u00f3mo viven esta situaci\u00f3n l\u00edmite.<\/p>\n<p>Los exempleados de la sucursal de Musimundo ubicada en la peatonal Jun\u00edn al 1143 se presentaron en la puerta del comercio este lunes para resguardar su situaci\u00f3n legal tras el sorpresivo cese de actividades dispuesto por la firma el s\u00e1bado por la noche. El Litoral entrevist\u00f3 a los damnificados, que afirman sentir &#8220;una tristeza total&#8221; ante la situaci\u00f3n.<\/p>\n<p>Sandra, una cajera de la firma con 22 a\u00f1os de antig\u00fcedad, relat\u00f3 el duro momento en que el gerente les comunic\u00f3 verbalmente que no deb\u00edan volver a sus puestos.<\/p>\n<p>El cierre y la espera de los telegramas de despido<\/p>\n<p>&#8220;El s\u00e1bado trabajamos normalmente y a la noche, al cierre, alrededor de las 20:30, el gerente cerr\u00f3 la sucursal y nos inform\u00f3, a modo verbal, que a partir de hoy -lunes- no nos ten\u00edamos que presentar m\u00e1s en el local\u201d, relat\u00f3 Sandra y agreg\u00f3 que les dijeron que recibir\u00e1n los telegramas de despido.<\/p>\n<p>Cabe recordar que en ciudad Capital se bajaron las persianas de las sucursales de Maip\u00fa y avenida 3 de Abril, avenida Cazadores Correntinos, la peatonal Jun\u00edn (casi San Juan) y en el predio de Centenario Shopping Mall. Son 36 los empleados y sus familias que se quedaron sin una fuente de ingresos en medio de un contexto de crisis econ\u00f3mica.<\/p>\n<p>\u201cCerramos as\u00ed todos nuestros a\u00f1os laborales. Una tristeza total&#8221;, resumi\u00f3 Sandra el momento que viven y agreg\u00f3 que &#8220;nos sentimos muy mal por la forma en que nos lo han dicho\u201d, en referencia a los hechos del s\u00e1bado pasado.<\/p>\n<p>Estrategia de resguardo legal e incertidumbre<\/p>\n<p>Pese a ser informados sobre la p\u00e9rdida de sus empleos, los trabajadores decidieron marcar presencia frente a la persiana baja para proteger sus derechos laborales.<\/p>\n<p>\u201cNos presentamos hoy para que no quede como un abandono de trabajo. Todos mis compa\u00f1eros y yo decidimos venir a presentarnos en el local\u201d, coment\u00f3 Sandra sobre la convocatoria.<\/p>\n<p>Este medio convers\u00f3 con otro empleado que afirm\u00f3 que &#8220;el compa\u00f1ero con menor antig\u00fcedad tiene diez a\u00f1os&#8221;.<\/p>\n<p>Quienes m\u00e1s angustia manifestaron son quienes tienen m\u00e1s de dos d\u00e9cadas de trabajo en la empresa, pues nunca pensaron verse en esta situaci\u00f3n.<\/p>\n<p>Apertura exclusiva para cobros<\/p>\n<p>Respecto a la operatividad futura de la sucursal de Jun\u00edn, Sandra coment\u00f3 que\u201csupuestamente, en el transcurso de este mes, van a abrir solamente para cobro y cuotas, para recaudar fondos\u201d.<\/p>\n<p>Se trata de una situaci\u00f3n l\u00edmite donde los trabajadores correntinos se suman a compa\u00f1eros afectados en Chaco, Formosa y Misiones, donde se vivieron momentos similares.<\/p>\n<p>Hay que recordar que compa\u00f1\u00eda Carsa, a cargo de la firma Musimundo y radicada en Chaco, atraviesa un proceso de concurso preventivo de acreedores. En julio de 2026, la empresa recurri\u00f3 a la Justicia chaque\u00f1a frente a una deuda que supera los $63.500 millones.<\/p>\n<p>Por otra parte, la web de la empresa, para realizar compras online, se encuentra fuera de servicio desde el domingo a la ma\u00f1ana.<\/p>\n","protected":false},"excerpt":{"rendered":"<p>\u201cNos avisaron verbalmente al cerrar el s\u00e1bado&#8221; Tras bajarse las persianas de las sucursales de la empresa en Capital, los exempleados se presentaron en el local ubicado sobre peatonal Jun\u00edn donde hablaron con El Litoral sobre c\u00f3mo viven esta situaci\u00f3n l\u00edmite. Los exempleados de la sucursal de Musimundo ubicada en la peatonal Jun\u00edn al 1143 [&hellip;]<\/p>\n","protected":false},"author":4,"featured_media":226385,"comment_status":"open","ping_status":"open","sticky":false,"template":"","format":"standard","meta":{"_joinchat":[],"footnotes":""},"categories":[26],"tags":[],"class_list":["post-226384","post","type-post","status-publish","format-standard","has-post-thumbnail","category-provinciales"],"yoast_head":"<!-- This site is optimized with the Yoast SEO plugin v27.7 - https:\/\/yoast.com\/product\/yoast-seo-wordpress\/ -->\n<title>Duro testimonio por el cierre de Musimundo - Radio Infinita Goya<\/title>\n<meta name=\"description\" content=\"\u201cNos avisaron verbalmente al cerrar el s\u00e1bado&quot; Tras bajarse las persianas de las sucursales de la empresa en Capital, los exempleados se presentaron en el\" \/>\n<meta name=\"robots\" content=\"index, follow, max-snippet:-1, max-image-preview:large, max-video-preview:-1\" \/>\n<link rel=\"canonical\" href=\"https:\/\/radioinfinitagoya.com.ar\/v1\/2026\/08\/31\/duro-testimonio-por-el-cierre-de-musimundo\/\" \/>\n<meta property=\"og:locale\" content=\"es_ES\" \/>\n<meta property=\"og:type\" content=\"article\" \/>\n<meta property=\"og:title\" content=\"Duro testimonio por el cierre de Musimundo - Radio Infinita Goya\" \/>\n<meta property=\"og:description\" content=\"\u201cNos avisaron verbalmente al cerrar el s\u00e1bado&quot; Tras bajarse las persianas de las sucursales de la empresa en Capital, los exempleados se presentaron en el\" \/>\n<meta property=\"og:url\" content=\"https:\/\/radioinfinitagoya.com.ar\/v1\/2026\/08\/31\/duro-testimonio-por-el-cierre-de-musimundo\/\" \/>\n<meta property=\"og:site_name\" content=\"Radio Infinita Goya\" \/>\n<meta property=\"article:publisher\" content=\"https:\/\/www.facebook.com\/p\/Infinita-Goya-100063870918311\/\" \/>\n<meta property=\"article:published_time\" content=\"2026-08-31T17:02:25+00:00\" \/>\n<meta property=\"og:image\" content=\"https:\/\/radioinfinitagoya.com.ar\/v1\/wp-content\/uploads\/2026\/08\/1788183960178.webp\" \/>\n\t<meta property=\"og:image:width\" content=\"1200\" \/>\n\t<meta property=\"og:image:height\" content=\"675\" \/>\n\t<meta property=\"og:image:type\" content=\"image\/webp\" \/>\n<meta name=\"author\" content=\"Jorge Mi\u00f1o\" \/>\n<meta name=\"twitter:card\" content=\"summary_large_image\" \/>\n<meta name=\"twitter:label1\" content=\"Escrito por\" \/>\n\t<meta name=\"twitter:data1\" content=\"Jorge Mi\u00f1o\" \/>\n\t<meta name=\"twitter:label2\" content=\"Tiempo de lectura\" \/>\n\t<meta name=\"twitter:data2\" content=\"3 minutos\" \/>\n<script type=\"application\/ld+json\" class=\"yoast-schema-graph\">{\"@context\":\"https:\\\/\\\/schema.org\",\"@graph\":[{\"@type\":\"Article\",\"@id\":\"https:\\\/\\\/radioinfinitagoya.com.ar\\\/v1\\\/2026\\\/08\\\/31\\\/duro-testimonio-por-el-cierre-de-musimundo\\\/#article\",\"isPartOf\":{\"@id\":\"https:\\\/\\\/radioinfinitagoya.com.ar\\\/v1\\\/2026\\\/08\\\/31\\\/duro-testimonio-por-el-cierre-de-musimundo\\\/\"},\"author\":{\"name\":\"Jorge Mi\u00f1o\",\"@id\":\"https:\\\/\\\/radioinfinitagoya.com.ar\\\/v1\\\/#\\\/schema\\\/person\\\/d4cf9c413d4f6edb24aabdccab49ca4a\"},\"headline\":\"Duro testimonio por el cierre de Musimundo\",\"datePublished\":\"2026-08-31T17:02:25+00:00\",\"mainEntityOfPage\":{\"@id\":\"https:\\\/\\\/radioinfinitagoya.com.ar\\\/v1\\\/2026\\\/08\\\/31\\\/duro-testimonio-por-el-cierre-de-musimundo\\\/\"},\"wordCount\":553,\"commentCount\":0,\"publisher\":{\"@id\":\"https:\\\/\\\/radioinfinitagoya.com.ar\\\/v1\\\/#organization\"},\"image\":{\"@id\":\"https:\\\/\\\/radioinfinitagoya.com.ar\\\/v1\\\/2026\\\/08\\\/31\\\/duro-testimonio-por-el-cierre-de-musimundo\\\/#primaryimage\"},\"thumbnailUrl\":\"https:\\\/\\\/radioinfinitagoya.com.ar\\\/v1\\\/wp-content\\\/uploads\\\/2026\\\/08\\\/1788183960178.webp\",\"articleSection\":[\"PROVINCIALES\"],\"inLanguage\":\"es-AR\",\"potentialAction\":[{\"@type\":\"CommentAction\",\"name\":\"Comment\",\"target\":[\"https:\\\/\\\/radioinfinitagoya.com.ar\\\/v1\\\/2026\\\/08\\\/31\\\/duro-testimonio-por-el-cierre-de-musimundo\\\/#respond\"]}]},{\"@type\":\"WebPage\",\"@id\":\"https:\\\/\\\/radioinfinitagoya.com.ar\\\/v1\\\/2026\\\/08\\\/31\\\/duro-testimonio-por-el-cierre-de-musimundo\\\/\",\"url\":\"https:\\\/\\\/radioinfinitagoya.com.ar\\\/v1\\\/2026\\\/08\\\/31\\\/duro-testimonio-por-el-cierre-de-musimundo\\\/\",\"name\":\"Duro testimonio por el cierre de Musimundo - Radio Infinita Goya\",\"isPartOf\":{\"@id\":\"https:\\\/\\\/radioinfinitagoya.com.ar\\\/v1\\\/#website\"},\"primaryImageOfPage\":{\"@id\":\"https:\\\/\\\/radioinfinitagoya.com.ar\\\/v1\\\/2026\\\/08\\\/31\\\/duro-testimonio-por-el-cierre-de-musimundo\\\/#primaryimage\"},\"image\":{\"@id\":\"https:\\\/\\\/radioinfinitagoya.com.ar\\\/v1\\\/2026\\\/08\\\/31\\\/duro-testimonio-por-el-cierre-de-musimundo\\\/#primaryimage\"},\"thumbnailUrl\":\"https:\\\/\\\/radioinfinitagoya.com.ar\\\/v1\\\/wp-content\\\/uploads\\\/2026\\\/08\\\/1788183960178.webp\",\"datePublished\":\"2026-08-31T17:02:25+00:00\",\"description\":\"\u201cNos avisaron verbalmente al cerrar el s\u00e1bado\\\" Tras bajarse las persianas de las sucursales de la empresa en Capital, los exempleados se presentaron en el\",\"breadcrumb\":{\"@id\":\"https:\\\/\\\/radioinfinitagoya.com.ar\\\/v1\\\/2026\\\/08\\\/31\\\/duro-testimonio-por-el-cierre-de-musimundo\\\/#breadcrumb\"},\"inLanguage\":\"es-AR\",\"potentialAction\":[{\"@type\":\"ReadAction\",\"target\":[\"https:\\\/\\\/radioinfinitagoya.com.ar\\\/v1\\\/2026\\\/08\\\/31\\\/duro-testimonio-por-el-cierre-de-musimundo\\\/\"]}]},{\"@type\":\"ImageObject\",\"inLanguage\":\"es-AR\",\"@id\":\"https:\\\/\\\/radioinfinitagoya.com.ar\\\/v1\\\/2026\\\/08\\\/31\\\/duro-testimonio-por-el-cierre-de-musimundo\\\/#primaryimage\",\"url\":\"https:\\\/\\\/radioinfinitagoya.com.ar\\\/v1\\\/wp-content\\\/uploads\\\/2026\\\/08\\\/1788183960178.webp\",\"contentUrl\":\"https:\\\/\\\/radioinfinitagoya.com.ar\\\/v1\\\/wp-content\\\/uploads\\\/2026\\\/08\\\/1788183960178.webp\",\"width\":1200,\"height\":675},{\"@type\":\"BreadcrumbList\",\"@id\":\"https:\\\/\\\/radioinfinitagoya.com.ar\\\/v1\\\/2026\\\/08\\\/31\\\/duro-testimonio-por-el-cierre-de-musimundo\\\/#breadcrumb\",\"itemListElement\":[{\"@type\":\"ListItem\",\"position\":1,\"name\":\"Inicio\",\"item\":\"https:\\\/\\\/radioinfinitagoya.com.ar\\\/v1\\\/\"},{\"@type\":\"ListItem\",\"position\":2,\"name\":\"Duro testimonio por el cierre de Musimundo\"}]},{\"@type\":\"WebSite\",\"@id\":\"https:\\\/\\\/radioinfinitagoya.com.ar\\\/v1\\\/#website\",\"url\":\"https:\\\/\\\/radioinfinitagoya.com.ar\\\/v1\\\/\",\"name\":\"radioinfinitagoya.com.ar\",\"description\":\"Radio de noticias\",\"publisher\":{\"@id\":\"https:\\\/\\\/radioinfinitagoya.com.ar\\\/v1\\\/#organization\"},\"potentialAction\":[{\"@type\":\"SearchAction\",\"target\":{\"@type\":\"EntryPoint\",\"urlTemplate\":\"https:\\\/\\\/radioinfinitagoya.com.ar\\\/v1\\\/?s={search_term_string}\"},\"query-input\":{\"@type\":\"PropertyValueSpecification\",\"valueRequired\":true,\"valueName\":\"search_term_string\"}}],\"inLanguage\":\"es-AR\"},{\"@type\":\"Organization\",\"@id\":\"https:\\\/\\\/radioinfinitagoya.com.ar\\\/v1\\\/#organization\",\"name\":\"Radio Infinita Goya\",\"url\":\"https:\\\/\\\/radioinfinitagoya.com.ar\\\/v1\\\/\",\"logo\":{\"@type\":\"ImageObject\",\"inLanguage\":\"es-AR\",\"@id\":\"https:\\\/\\\/radioinfinitagoya.com.ar\\\/v1\\\/#\\\/schema\\\/logo\\\/image\\\/\",\"url\":\"https:\\\/\\\/radioinfinitagoya.com.ar\\\/v1\\\/wp-content\\\/uploads\\\/2019\\\/11\\\/logo-pie-web.png\",\"contentUrl\":\"https:\\\/\\\/radioinfinitagoya.com.ar\\\/v1\\\/wp-content\\\/uploads\\\/2019\\\/11\\\/logo-pie-web.png\",\"width\":635,\"height\":326,\"caption\":\"Radio Infinita Goya\"},\"image\":{\"@id\":\"https:\\\/\\\/radioinfinitagoya.com.ar\\\/v1\\\/#\\\/schema\\\/logo\\\/image\\\/\"},\"sameAs\":[\"https:\\\/\\\/www.facebook.com\\\/p\\\/Infinita-Goya-100063870918311\\\/\"]},{\"@type\":\"Person\",\"@id\":\"https:\\\/\\\/radioinfinitagoya.com.ar\\\/v1\\\/#\\\/schema\\\/person\\\/d4cf9c413d4f6edb24aabdccab49ca4a\",\"name\":\"Jorge Mi\u00f1o\",\"image\":{\"@type\":\"ImageObject\",\"inLanguage\":\"es-AR\",\"@id\":\"https:\\\/\\\/secure.gravatar.com\\\/avatar\\\/910fcf6728fe95320e07a6643c1581fec1c7fc4bf8ae12e3d8f0d0373dc844be?s=96&d=mm&r=g\",\"url\":\"https:\\\/\\\/secure.gravatar.com\\\/avatar\\\/910fcf6728fe95320e07a6643c1581fec1c7fc4bf8ae12e3d8f0d0373dc844be?s=96&d=mm&r=g\",\"contentUrl\":\"https:\\\/\\\/secure.gravatar.com\\\/avatar\\\/910fcf6728fe95320e07a6643c1581fec1c7fc4bf8ae12e3d8f0d0373dc844be?s=96&d=mm&r=g\",\"caption\":\"Jorge Mi\u00f1o\"},\"sameAs\":[\"http:\\\/\\\/radioinfinitagoya.com.ar\"]}]}<\/script>\n<!-- \/ Yoast SEO plugin. -->","yoast_head_json":{"title":"Duro testimonio por el cierre de Musimundo - Radio Infinita Goya","description":"\u201cNos avisaron verbalmente al cerrar el s\u00e1bado\" Tras bajarse las persianas de las sucursales de la empresa en Capital, los exempleados se presentaron en el","robots":{"index":"index","follow":"follow","max-snippet":"max-snippet:-1","max-image-preview":"max-image-preview:large","max-video-preview":"max-video-preview:-1"},"canonical":"https:\/\/radioinfinitagoya.com.ar\/v1\/2026\/08\/31\/duro-testimonio-por-el-cierre-de-musimundo\/","og_locale":"es_ES","og_type":"article","og_title":"Duro testimonio por el cierre de Musimundo - Radio Infinita Goya","og_description":"\u201cNos avisaron verbalmente al cerrar el s\u00e1bado\" Tras bajarse las persianas de las sucursales de la empresa en Capital, los exempleados se presentaron en el","og_url":"https:\/\/radioinfinitagoya.com.ar\/v1\/2026\/08\/31\/duro-testimonio-por-el-cierre-de-musimundo\/","og_site_name":"Radio Infinita Goya","article_publisher":"https:\/\/www.facebook.com\/p\/Infinita-Goya-100063870918311\/","article_published_time":"2026-08-31T17:02:25+00:00","og_image":[{"width":1200,"height":675,"url":"https:\/\/radioinfinitagoya.com.ar\/v1\/wp-content\/uploads\/2026\/08\/1788183960178.webp","type":"image\/webp"}],"author":"Jorge Mi\u00f1o","twitter_card":"summary_large_image","twitter_misc":{"Escrito por":"Jorge Mi\u00f1o","Tiempo de lectura":"3 minutos"},"schema":{"@context":"https:\/\/schema.org","@graph":[{"@type":"Article","@id":"https:\/\/radioinfinitagoya.com.ar\/v1\/2026\/08\/31\/duro-testimonio-por-el-cierre-de-musimundo\/#article","isPartOf":{"@id":"https:\/\/radioinfinitagoya.com.ar\/v1\/2026\/08\/31\/duro-testimonio-por-el-cierre-de-musimundo\/"},"author":{"name":"Jorge Mi\u00f1o","@id":"https:\/\/radioinfinitagoya.com.ar\/v1\/#\/schema\/person\/d4cf9c413d4f6edb24aabdccab49ca4a"},"headline":"Duro testimonio por el cierre de Musimundo","datePublished":"2026-08-31T17:02:25+00:00","mainEntityOfPage":{"@id":"https:\/\/radioinfinitagoya.com.ar\/v1\/2026\/08\/31\/duro-testimonio-por-el-cierre-de-musimundo\/"},"wordCount":553,"commentCount":0,"publisher":{"@id":"https:\/\/radioinfinitagoya.com.ar\/v1\/#organization"},"image":{"@id":"https:\/\/radioinfinitagoya.com.ar\/v1\/2026\/08\/31\/duro-testimonio-por-el-cierre-de-musimundo\/#primaryimage"},"thumbnailUrl":"https:\/\/radioinfinitagoya.com.ar\/v1\/wp-content\/uploads\/2026\/08\/1788183960178.webp","articleSection":["PROVINCIALES"],"inLanguage":"es-AR","potentialAction":[{"@type":"CommentAction","name":"Comment","target":["https:\/\/radioinfinitagoya.com.ar\/v1\/2026\/08\/31\/duro-testimonio-por-el-cierre-de-musimundo\/#respond"]}]},{"@type":"WebPage","@id":"https:\/\/radioinfinitagoya.com.ar\/v1\/2026\/08\/31\/duro-testimonio-por-el-cierre-de-musimundo\/","url":"https:\/\/radioinfinitagoya.com.ar\/v1\/2026\/08\/31\/duro-testimonio-por-el-cierre-de-musimundo\/","name":"Duro testimonio por el cierre de Musimundo - Radio Infinita Goya","isPartOf":{"@id":"https:\/\/radioinfinitagoya.com.ar\/v1\/#website"},"primaryImageOfPage":{"@id":"https:\/\/radioinfinitagoya.com.ar\/v1\/2026\/08\/31\/duro-testimonio-por-el-cierre-de-musimundo\/#primaryimage"},"image":{"@id":"https:\/\/radioinfinitagoya.com.ar\/v1\/2026\/08\/31\/duro-testimonio-por-el-cierre-de-musimundo\/#primaryimage"},"thumbnailUrl":"https:\/\/radioinfinitagoya.com.ar\/v1\/wp-content\/uploads\/2026\/08\/1788183960178.webp","datePublished":"2026-08-31T17:02:25+00:00","description":"\u201cNos avisaron verbalmente al cerrar el s\u00e1bado\" Tras bajarse las persianas de las sucursales de la empresa en Capital, los exempleados se presentaron en el","breadcrumb":{"@id":"https:\/\/radioinfinitagoya.com.ar\/v1\/2026\/08\/31\/duro-testimonio-por-el-cierre-de-musimundo\/#breadcrumb"},"inLanguage":"es-AR","potentialAction":[{"@type":"ReadAction","target":["https:\/\/radioinfinitagoya.com.ar\/v1\/2026\/08\/31\/duro-testimonio-por-el-cierre-de-musimundo\/"]}]},{"@type":"ImageObject","inLanguage":"es-AR","@id":"https:\/\/radioinfinitagoya.com.ar\/v1\/2026\/08\/31\/duro-testimonio-por-el-cierre-de-musimundo\/#primaryimage","url":"https:\/\/radioinfinitagoya.com.ar\/v1\/wp-content\/uploads\/2026\/08\/1788183960178.webp","contentUrl":"https:\/\/radioinfinitagoya.com.ar\/v1\/wp-content\/uploads\/2026\/08\/1788183960178.webp","width":1200,"height":675},{"@type":"BreadcrumbList","@id":"https:\/\/radioinfinitagoya.com.ar\/v1\/2026\/08\/31\/duro-testimonio-por-el-cierre-de-musimundo\/#breadcrumb","itemListElement":[{"@type":"ListItem","position":1,"name":"Inicio","item":"https:\/\/radioinfinitagoya.com.ar\/v1\/"},{"@type":"ListItem","position":2,"name":"Duro testimonio por el cierre de Musimundo"}]},{"@type":"WebSite","@id":"https:\/\/radioinfinitagoya.com.ar\/v1\/#website","url":"https:\/\/radioinfinitagoya.com.ar\/v1\/","name":"radioinfinitagoya.com.ar","description":"Radio de noticias","publisher":{"@id":"https:\/\/radioinfinitagoya.com.ar\/v1\/#organization"},"potentialAction":[{"@type":"SearchAction","target":{"@type":"EntryPoint","urlTemplate":"https:\/\/radioinfinitagoya.com.ar\/v1\/?s={search_term_string}"},"query-input":{"@type":"PropertyValueSpecification","valueRequired":true,"valueName":"search_term_string"}}],"inLanguage":"es-AR"},{"@type":"Organization","@id":"https:\/\/radioinfinitagoya.com.ar\/v1\/#organization","name":"Radio Infinita Goya","url":"https:\/\/radioinfinitagoya.com.ar\/v1\/","logo":{"@type":"ImageObject","inLanguage":"es-AR","@id":"https:\/\/radioinfinitagoya.com.ar\/v1\/#\/schema\/logo\/image\/","url":"https:\/\/radioinfinitagoya.com.ar\/v1\/wp-content\/uploads\/2019\/11\/logo-pie-web.png","contentUrl":"https:\/\/radioinfinitagoya.com.ar\/v1\/wp-content\/uploads\/2019\/11\/logo-pie-web.png","width":635,"height":326,"caption":"Radio Infinita Goya"},"image":{"@id":"https:\/\/radioinfinitagoya.com.ar\/v1\/#\/schema\/logo\/image\/"},"sameAs":["https:\/\/www.facebook.com\/p\/Infinita-Goya-100063870918311\/"]},{"@type":"Person","@id":"https:\/\/radioinfinitagoya.com.ar\/v1\/#\/schema\/person\/d4cf9c413d4f6edb24aabdccab49ca4a","name":"Jorge Mi\u00f1o","image":{"@type":"ImageObject","inLanguage":"es-AR","@id":"https:\/\/secure.gravatar.com\/avatar\/910fcf6728fe95320e07a6643c1581fec1c7fc4bf8ae12e3d8f0d0373dc844be?s=96&d=mm&r=g","url":"https:\/\/secure.gravatar.com\/avatar\/910fcf6728fe95320e07a6643c1581fec1c7fc4bf8ae12e3d8f0d0373dc844be?s=96&d=mm&r=g","contentUrl":"https:\/\/secure.gravatar.com\/avatar\/910fcf6728fe95320e07a6643c1581fec1c7fc4bf8ae12e3d8f0d0373dc844be?s=96&d=mm&r=g","caption":"Jorge Mi\u00f1o"},"sameAs":["http:\/\/radioinfinitagoya.com.ar"]}]}},"_links":{"self":[{"href":"https:\/\/radioinfinitagoya.com.ar\/v1\/wp-json\/wp\/v2\/posts\/226384","targetHints":{"allow":["GET"]}}],"collection":[{"href":"https:\/\/radioinfinitagoya.com.ar\/v1\/wp-json\/wp\/v2\/posts"}],"about":[{"href":"https:\/\/radioinfinitagoya.com.ar\/v1\/wp-json\/wp\/v2\/types\/post"}],"author":[{"embeddable":true,"href":"https:\/\/radioinfinitagoya.com.ar\/v1\/wp-json\/wp\/v2\/users\/4"}],"replies":[{"embeddable":true,"href":"https:\/\/radioinfinitagoya.com.ar\/v1\/wp-json\/wp\/v2\/comments?post=226384"}],"version-history":[{"count":2,"href":"https:\/\/radioinfinitagoya.com.ar\/v1\/wp-json\/wp\/v2\/posts\/226384\/revisions"}],"predecessor-version":[{"id":226387,"href":"https:\/\/radioinfinitagoya.com.ar\/v1\/wp-json\/wp\/v2\/posts\/226384\/revisions\/226387"}],"wp:featuredmedia":[{"embeddable":true,"href":"https:\/\/radioinfinitagoya.com.ar\/v1\/wp-json\/wp\/v2\/media\/226385"}],"wp:attachment":[{"href":"https:\/\/radioinfinitagoya.com.ar\/v1\/wp-json\/wp\/v2\/media?parent=226384"}],"wp:term":[{"taxonomy":"category","embeddable":true,"href":"https:\/\/radioinfinitagoya.com.ar\/v1\/wp-json\/wp\/v2\/categories?post=226384"},{"taxonomy":"post_tag","embeddable":true,"href":"https:\/\/radioinfinitagoya.com.ar\/v1\/wp-json\/wp\/v2\/tags?post=226384"}],"curies":[{"name":"wp","href":"https:\/\/api.w.org\/{rel}","templated":true}]}}