{"id":226392,"date":"2026-08-31T14:23:56","date_gmt":"2026-08-31T17:23:56","guid":{"rendered":"https:\/\/radioinfinitagoya.com.ar\/v1\/?p=226392"},"modified":"2026-08-31T14:23:56","modified_gmt":"2026-08-31T17:23:56","slug":"messi-anuncio-su-retiro-de-la-seleccion-argentina","status":"publish","type":"post","link":"https:\/\/radioinfinitagoya.com.ar\/v1\/2026\/08\/31\/messi-anuncio-su-retiro-de-la-seleccion-argentina\/","title":{"rendered":"Messi anunci\u00f3 su retiro de la selecci\u00f3n argentina"},"content":{"rendered":"<p>Gan\u00f3 un Mundial y jug\u00f3 la final de otros dos. Adem\u00e1s, levant\u00f3 dos veces la Copa Am\u00e9rica, gan\u00f3 los Juegos Ol\u00edmpicos de 2008 y el Mundial sub 20 de 2005. Se termina una era para el f\u00fatbol argentino<\/p>\n<p>Lionel Andr\u00e9s Messi anunci\u00f3 su retiro de la Selecci\u00f3n argentina de f\u00fatbol. El astro, que gan\u00f3 el Mundial de 2022 en Qatar y disput\u00f3 las finales de 2014 y 2026, inform\u00f3 que tom\u00f3 la decisi\u00f3n el 21 de julio pasado, luego de la derrota ante Espa\u00f1a en la final, y d\u00edas antes de la muerte de su pap\u00e1. Adem\u00e1s de la carta que public\u00f3, subi\u00f3 un emotivo video para marcar su despedida. La noticia gener\u00f3 una gran repercusi\u00f3n y sus compa\u00f1eros lo despidieron con mensajes emocionantes.<\/p>\n<p>\u201cFue una decisi\u00f3n que doli\u00f3 y duele en el alma pero entiendo que es el momento.<\/p>\n<p>Les juro que siempre dej\u00e9 todo, no solo los \u00faltimos a\u00f1os que se gan\u00f3 todo antes tambi\u00e9n y siempre pele\u00e9 y me dej\u00e9 todo por esta camiseta, por darles alegr\u00edas y hacer que se sientan orgullosos de ser argentinos a trav\u00e9s del f\u00fatbol\u201d, asegur\u00f3 el astro rosarino.<\/p>\n<p>El capit\u00e1n, ganador tambi\u00e9n de las Copa Am\u00e9rica 2019 y 2024, asegur\u00f3: \u201cQueda poco y se van cerrando etapas y esta es una que me duele mucho. Amo, am\u00e9 y amar\u00e9 siempre estar en la Selecci\u00f3n. Me vaci\u00e9, ya no tengo m\u00e1s para dar y aparte vienen chicos muy grandes atr\u00e1s que merecen estar\u201d.<\/p>\n<p>\u201cGracias por todo el cari\u00f1o de estos 20 a\u00f1os. Voy a extra\u00f1ar mucho escucharlos desde adentro. Ahora voy a ser uno m\u00e1s de ustedes, alentando y bancando siempre desde afuera (en las buenas y en las malas, mucho m\u00e1s)\u201d, agreg\u00f3.<\/p>\n<p><img loading=\"lazy\" decoding=\"async\" class=\"alignnone size-medium wp-image-226394\" src=\"https:\/\/radioinfinitagoya.com.ar\/v1\/wp-content\/uploads\/2026\/08\/BEMRQYK5ZJECZPCNYOWGMRHPPM-600x386.jpg\" alt=\"\" width=\"600\" height=\"386\" srcset=\"https:\/\/radioinfinitagoya.com.ar\/v1\/wp-content\/uploads\/2026\/08\/BEMRQYK5ZJECZPCNYOWGMRHPPM-600x386.jpg 600w, https:\/\/radioinfinitagoya.com.ar\/v1\/wp-content\/uploads\/2026\/08\/BEMRQYK5ZJECZPCNYOWGMRHPPM-150x97.jpg 150w, https:\/\/radioinfinitagoya.com.ar\/v1\/wp-content\/uploads\/2026\/08\/BEMRQYK5ZJECZPCNYOWGMRHPPM-768x495.jpg 768w, https:\/\/radioinfinitagoya.com.ar\/v1\/wp-content\/uploads\/2026\/08\/BEMRQYK5ZJECZPCNYOWGMRHPPM-652x420.jpg 652w, https:\/\/radioinfinitagoya.com.ar\/v1\/wp-content\/uploads\/2026\/08\/BEMRQYK5ZJECZPCNYOWGMRHPPM-696x448.jpg 696w, https:\/\/radioinfinitagoya.com.ar\/v1\/wp-content\/uploads\/2026\/08\/BEMRQYK5ZJECZPCNYOWGMRHPPM.avif 992w\" sizes=\"auto, (max-width: 600px) 100vw, 600px\" \/><\/p>\n<p>Messi, que el fin de semana volvi\u00f3 a reivindicar su vigencia al marcar cuatro goles para su equipo Inter de Miami en la MLS, sintetiz\u00f3: \u201cGracias a mi familia por estar siempre, por acompa\u00f1arme en este viaje tan hermoso pero dif\u00edcil. Gracias a cada uno de entrenadores, compa\u00f1eros y dirigentes que me toc\u00f3 compartir. Me llevo recuerdos y momentos inolvidables vividos<\/p>\n<p>\u201cMe voy con la tranquilidad y el orgullo de haberles regalado, junto con mis compa\u00f1eros, momentos so\u00f1ados. Fue una locura haberlo vivido con ustedes. \u00a1Los quiero! Gracias Dios por hacerme argentino. \u00a1Vamos Argentina!\u201c, cerr\u00f3.<\/p>\n<p>\u201cEstas palabras las escrib\u00ed el 21 de julio, dos d\u00edas despu\u00e9s de la final. Hoy despu\u00e9s de lo de mi pap\u00e1, estoy m\u00e1s convencido que antes\u201d, aclar\u00f3 sobre el final de su posteo.<\/p>\n<p>Con la despedida de Messi de la Selecci\u00f3n se cerraron m\u00e1s de dos d\u00e9cadas de su magia que abarc\u00f3 207 partidos, 125 goles, 68 asistencias y una colecci\u00f3n de t\u00edtulos que ning\u00fan otro jugador albiceleste logr\u00f3 reunir. Su historia con la mayor comenz\u00f3 de la manera m\u00e1s inesperada. El 17 de agosto de 2005, el joven de 18 a\u00f1os ingres\u00f3 como sustituto en un amistoso ante Hungr\u00eda en Budapest y fue expulsado a los 40 segundos de pisar el campo, tras una acci\u00f3n que el \u00e1rbitro interpret\u00f3 como un codazo. Fue uno de los debuts m\u00e1s pol\u00e9micos del f\u00fatbol internacional, aunque la an\u00e9cdota qued\u00f3 r\u00e1pidamente opacada por lo que vendr\u00eda despu\u00e9s.<\/p>\n<p>Antes de ese partido, el rosarino ya hab\u00eda dejado su marca en las categor\u00edas juveniles. Lider\u00f3 a Argentina en el Campeonato Mundial Sub 20 de 2005 disputado en Pa\u00edses Bajos, donde termin\u00f3 como m\u00e1ximo goleador del torneo con 6 tantos, se alz\u00f3 con el Bal\u00f3n de Oro y guio al equipo hacia el t\u00edtulo. Esa actuaci\u00f3n fue la antesala de su integraci\u00f3n definitiva al plantel mayor<\/p>\n<p><img loading=\"lazy\" decoding=\"async\" class=\"alignnone size-medium wp-image-226395\" src=\"https:\/\/radioinfinitagoya.com.ar\/v1\/wp-content\/uploads\/2026\/08\/Q6NAUMTLL5FKFFIFVPWBNP4YPA-600x338.jpg\" alt=\"\" width=\"600\" height=\"338\" srcset=\"https:\/\/radioinfinitagoya.com.ar\/v1\/wp-content\/uploads\/2026\/08\/Q6NAUMTLL5FKFFIFVPWBNP4YPA-600x338.jpg 600w, https:\/\/radioinfinitagoya.com.ar\/v1\/wp-content\/uploads\/2026\/08\/Q6NAUMTLL5FKFFIFVPWBNP4YPA-150x84.jpg 150w, https:\/\/radioinfinitagoya.com.ar\/v1\/wp-content\/uploads\/2026\/08\/Q6NAUMTLL5FKFFIFVPWBNP4YPA-768x432.jpg 768w, https:\/\/radioinfinitagoya.com.ar\/v1\/wp-content\/uploads\/2026\/08\/Q6NAUMTLL5FKFFIFVPWBNP4YPA-747x420.jpg 747w, https:\/\/radioinfinitagoya.com.ar\/v1\/wp-content\/uploads\/2026\/08\/Q6NAUMTLL5FKFFIFVPWBNP4YPA-696x392.jpg 696w, https:\/\/radioinfinitagoya.com.ar\/v1\/wp-content\/uploads\/2026\/08\/Q6NAUMTLL5FKFFIFVPWBNP4YPA.avif 992w\" sizes=\"auto, (max-width: 600px) 100vw, 600px\" \/><\/p>\n<p>Su primera anotaci\u00f3n con la selecci\u00f3n absoluta lleg\u00f3 el 1 de marzo de 2006, en un amistoso ante Croacia. Tres meses despu\u00e9s, en la Copa del Mundo de Alemania 2006, se convirti\u00f3 en el jugador m\u00e1s joven en representar y marcar para Argentina en un Mundial, al ingresar como sustituto ante Serbia y Montenegro en la fase de grupos. El equipo lleg\u00f3 hasta los cuartos de final, donde cay\u00f3 ante el anfitri\u00f3n.<\/p>\n<p>El periodo comprendido entre 2007 y 2016 estuvo marcado por una sucesi\u00f3n de actuaciones individuales brillantes y derrotas colectivas en las definiciones. En la Copa Am\u00e9rica 2007 disputada en Venezuela, Argentina lleg\u00f3 a la final, donde cay\u00f3 ante Brasil. Messi, de apenas 20 a\u00f1os, fue elegido como el mejor jugador joven del torneo. Al a\u00f1o siguiente, se colg\u00f3 la medalla de oro en los Juegos Ol\u00edmpicos de Beijing 2008. Otro hito de su gloriosa carrera.<\/p>\n<p>Tras asumir la capitan\u00eda del equipo en 2011, el atacante condujo a su selecci\u00f3n a tres finales consecutivas en torneos de m\u00e1xima jerarqu\u00eda. La primera fue la final del Mundial de Brasil 2014, donde Argentina enfrent\u00f3 a Alemania en el estadio Maracan\u00e1 de R\u00edo de Janeiro. El equipo cay\u00f3 1-0 en el tiempo extra, con un gol de Mario G\u00f6tze en el minuto 113. A pesar del resultado, Leo recibi\u00f3 el Bal\u00f3n de Oro del torneo como mejor jugador. Fue la primera vez en la historia que un jugador del equipo perdedor recib\u00eda ese galard\u00f3n en un Mundial.<\/p>\n<p>Al a\u00f1o siguiente, en la Copa Am\u00e9rica 2015 celebrada en Chile, Argentina volvi\u00f3 a llegar a la final y volvi\u00f3 a perder, esta vez ante el anfitri\u00f3n en una definici\u00f3n por penales tras un empate sin goles. Un a\u00f1o m\u00e1s tarde, la historia se repiti\u00f3 por tercera vez consecutiva: la Copa Am\u00e9rica Centenario, organizada en Estados Unidos, termin\u00f3 con otra derrota ante el combinado trasandino otra vez en los penales con un detalle: Messi fall\u00f3 su disparo desde los doce pasos.<\/p>\n<p>Esa noche, en el estadio MetLife de Nueva Jersey, el capit\u00e1n anunci\u00f3 su retiro de la selecci\u00f3n. \u201cPara m\u00ed la selecci\u00f3n termin\u00f3. Ya est\u00e1, son cuatro finales, lo intent\u00e9. Duele no ser campe\u00f3n\u201d, declar\u00f3. El anuncio sacudi\u00f3 al f\u00fatbol argentino y desat\u00f3 una campa\u00f1a popular masiva para convencerlo de que diera marcha atr\u00e1s.<\/p>\n<p><img loading=\"lazy\" decoding=\"async\" class=\"alignnone size-medium wp-image-226396\" src=\"https:\/\/radioinfinitagoya.com.ar\/v1\/wp-content\/uploads\/2026\/08\/OMCVALFCRVG3DOFG6NPI6V3WVQ-600x338.jpg\" alt=\"\" width=\"600\" height=\"338\" srcset=\"https:\/\/radioinfinitagoya.com.ar\/v1\/wp-content\/uploads\/2026\/08\/OMCVALFCRVG3DOFG6NPI6V3WVQ-600x338.jpg 600w, https:\/\/radioinfinitagoya.com.ar\/v1\/wp-content\/uploads\/2026\/08\/OMCVALFCRVG3DOFG6NPI6V3WVQ-150x84.jpg 150w, https:\/\/radioinfinitagoya.com.ar\/v1\/wp-content\/uploads\/2026\/08\/OMCVALFCRVG3DOFG6NPI6V3WVQ-768x432.jpg 768w, https:\/\/radioinfinitagoya.com.ar\/v1\/wp-content\/uploads\/2026\/08\/OMCVALFCRVG3DOFG6NPI6V3WVQ-747x420.jpg 747w, https:\/\/radioinfinitagoya.com.ar\/v1\/wp-content\/uploads\/2026\/08\/OMCVALFCRVG3DOFG6NPI6V3WVQ-696x392.jpg 696w, https:\/\/radioinfinitagoya.com.ar\/v1\/wp-content\/uploads\/2026\/08\/OMCVALFCRVG3DOFG6NPI6V3WVQ.avif 992w\" sizes=\"auto, (max-width: 600px) 100vw, 600px\" \/><\/p>\n<p>Semanas despu\u00e9s de su retiro, Messi revirti\u00f3 la decisi\u00f3n. \u201cPens\u00e9 muchas cosas la noche de la final y me plante\u00e9 seriamente dejarlo, pero amo demasiado este pa\u00eds y esta camiseta\u201d. El Mundial de Rusia 2018 fue un cap\u00edtulo gris. Argentina lleg\u00f3 a octavos de final, donde fue eliminada por Francia. Messi anot\u00f3 un solo gol en todo el torneo. La actuaci\u00f3n del equipo gener\u00f3 cuestionamientos internos y cambios en el cuerpo t\u00e9cnico. Fue el entrenador Lionel Scaloni quien, junto al exfutbolista Pablo Aimar, convenci\u00f3 al capit\u00e1n de continuar con el proyecto y apostar por un ciclo de renovaci\u00f3n.<\/p>\n<p>La apuesta dio sus frutos el 10 de julio de 2021. En el m\u00edtico Maracan\u00e1, la Albiceleste venci\u00f3 a Brasil por 1-0 y se consagr\u00f3 campe\u00f3n de la Copa Am\u00e9rica, su primer t\u00edtulo internacional mayor desde 1993. El gol lo marc\u00f3 \u00c1ngel Di Mar\u00eda. Para Messi, que llevaba 16 a\u00f1os esperando ese momento con el equipo mayor, la conquista fue la ruptura de una sequ\u00eda que hab\u00eda pesado sobre toda su carrera. Ese mismo a\u00f1o, el t\u00edtulo le vali\u00f3 su s\u00e9ptimo Bal\u00f3n de Oro individual. Pero todav\u00eda lo mejor estaba por venir.<\/p>\n<p>La Copa del Mundo de Qatar 2022 represent\u00f3 la cumbre de la trayectoria de Messi con la selecci\u00f3n. El torneo fue el escenario de una actuaci\u00f3n que el capit\u00e1n sostuvo durante siete partidos consecutivos. Anot\u00f3 7 goles y reparti\u00f3 3 asistencias, cifras que lo ubicaron como el segundo m\u00e1ximo goleador del torneo, detr\u00e1s del franc\u00e9s Kylian Mbapp\u00e9. El hist\u00f3rico n\u00famero 10 recibi\u00f3 el Bal\u00f3n de Oro del torneo, convirti\u00e9ndose en el primer jugador en ganar ese galard\u00f3n en dos ediciones distintas de un Mundial, tras haberlo obtenido tambi\u00e9n en 2014.<\/p>\n<p>En junio de 2022, antes del Mundial, Argentina tambi\u00e9n conquist\u00f3 la Finalissima, el duelo entre el campe\u00f3n de la Copa Am\u00e9rica y el campe\u00f3n de la Eurocopa, al vencer a Italia por 3-0 en el estadio Wembley de Londres.<\/p>\n<p>La Copa Am\u00e9rica 2024 a\u00f1adi\u00f3 un t\u00edtulo m\u00e1s al palmar\u00e9s del capit\u00e1n. Argentina defendi\u00f3 el t\u00edtulo continental y Messi aport\u00f3 tanto en la fase ofensiva como en la conducci\u00f3n del equipo. Fue su segunda Copa Am\u00e9rica como campe\u00f3n, la cuarta en t\u00e9rminos de finales disputadas con el seleccionado.<\/p>\n<p><img loading=\"lazy\" decoding=\"async\" class=\"alignnone size-medium wp-image-226397\" src=\"https:\/\/radioinfinitagoya.com.ar\/v1\/wp-content\/uploads\/2026\/08\/FBRCOA2M2NG2FLURQXK7AYE5K4-1-600x457.jpg\" alt=\"\" width=\"600\" height=\"457\" srcset=\"https:\/\/radioinfinitagoya.com.ar\/v1\/wp-content\/uploads\/2026\/08\/FBRCOA2M2NG2FLURQXK7AYE5K4-1-600x457.jpg 600w, https:\/\/radioinfinitagoya.com.ar\/v1\/wp-content\/uploads\/2026\/08\/FBRCOA2M2NG2FLURQXK7AYE5K4-1-150x114.jpg 150w, https:\/\/radioinfinitagoya.com.ar\/v1\/wp-content\/uploads\/2026\/08\/FBRCOA2M2NG2FLURQXK7AYE5K4-1-768x585.jpg 768w, https:\/\/radioinfinitagoya.com.ar\/v1\/wp-content\/uploads\/2026\/08\/FBRCOA2M2NG2FLURQXK7AYE5K4-1-552x420.jpg 552w, https:\/\/radioinfinitagoya.com.ar\/v1\/wp-content\/uploads\/2026\/08\/FBRCOA2M2NG2FLURQXK7AYE5K4-1-80x60.jpg 80w, https:\/\/radioinfinitagoya.com.ar\/v1\/wp-content\/uploads\/2026\/08\/FBRCOA2M2NG2FLURQXK7AYE5K4-1-696x530.jpg 696w, https:\/\/radioinfinitagoya.com.ar\/v1\/wp-content\/uploads\/2026\/08\/FBRCOA2M2NG2FLURQXK7AYE5K4-1.avif 992w\" sizes=\"auto, (max-width: 600px) 100vw, 600px\" \/><\/p>\n<p>Su \u00faltima funci\u00f3n con la celeste y blanca fue incre\u00edble. El Mundial 2026 jugado en Estados Unidos, M\u00e9xico y Canad\u00e1, fue la sexta y \u00faltima participaci\u00f3n de Messi en la competencia. A lo largo del torneo, el capit\u00e1n anot\u00f3 8 goles y reparti\u00f3 4 asistencias, por lo que acab\u00f3 segundo en la tabla de goleadores detr\u00e1s de Mbapp\u00e9. Super\u00f3 adem\u00e1s el r\u00e9cord hist\u00f3rico de anotaciones en Mundiales que ostentaba el alem\u00e1n Miroslav Klose, aunque el propio delantero franc\u00e9s lo super\u00f3 al final del torneo. El astro rosarino termin\u00f3 como el segundo m\u00e1ximo goleador en la historia de los Mundiales con un total de 21 tantos a lo largo de sus seis participaciones.<\/p>\n<p>Las estad\u00edsticas de Messi con la selecci\u00f3n argentina reflejan la magnitud del ciclo que se cerr\u00f3 este lunes 31 de agosto. Sus 207 partidos lo ubican como el jugador con m\u00e1s presencias en la historia del combinado nacional, y sus 125 goles lo consolidan como el m\u00e1ximo anotador de todos los tiempos de la Albiceleste, superando la marca que ten\u00eda Gabriel Batistuta. Sus 68 asistencias tambi\u00e9n constituyen un r\u00e9cord hist\u00f3rico para el equipo. Una era acaba de terminar.<\/p>\n<p><img loading=\"lazy\" decoding=\"async\" class=\"alignnone size-medium wp-image-226398\" src=\"https:\/\/radioinfinitagoya.com.ar\/v1\/wp-content\/uploads\/2026\/08\/BYKDE3CQ2ZER5EFRYG7TOHEW7U-600x438.jpg\" alt=\"\" width=\"600\" height=\"438\" srcset=\"https:\/\/radioinfinitagoya.com.ar\/v1\/wp-content\/uploads\/2026\/08\/BYKDE3CQ2ZER5EFRYG7TOHEW7U-600x438.jpg 600w, https:\/\/radioinfinitagoya.com.ar\/v1\/wp-content\/uploads\/2026\/08\/BYKDE3CQ2ZER5EFRYG7TOHEW7U-150x109.jpg 150w, https:\/\/radioinfinitagoya.com.ar\/v1\/wp-content\/uploads\/2026\/08\/BYKDE3CQ2ZER5EFRYG7TOHEW7U-768x561.jpg 768w, https:\/\/radioinfinitagoya.com.ar\/v1\/wp-content\/uploads\/2026\/08\/BYKDE3CQ2ZER5EFRYG7TOHEW7U-575x420.jpg 575w, https:\/\/radioinfinitagoya.com.ar\/v1\/wp-content\/uploads\/2026\/08\/BYKDE3CQ2ZER5EFRYG7TOHEW7U-696x508.jpg 696w, https:\/\/radioinfinitagoya.com.ar\/v1\/wp-content\/uploads\/2026\/08\/BYKDE3CQ2ZER5EFRYG7TOHEW7U.avif 992w\" sizes=\"auto, (max-width: 600px) 100vw, 600px\" \/><\/p>\n<p>La carta de Lionel Messi:<br \/>\nDespu\u00e9s de este tiempo que pas\u00f3 desde la final, pens\u00e1ndolo mucho, quiero comunicarles a todos que me retiro de la Selecci\u00f3n\u2026<\/p>\n<p>Fue una decisi\u00f3n que doli\u00f3 y duele en el alma pero entiendo que es el momento. Les juro que siempre dej\u00e9 todo, no solo los \u00faltimos a\u00f1os que se gan\u00f3 todo antes tambi\u00e9n y siempre pele\u00e9 y me dej\u00e9 todo por esta camiseta, por darles alegr\u00edas y hacer que se sientan orgullosos de ser argentinos a trav\u00e9s del f\u00fatbol.<\/p>\n<p>Queda poco y se van cerrando etapas y esta es una que me duele mucho. Amo, am\u00e9 y amar\u00e9 siempre estar en la Selecci\u00f3n. Me vaci\u00e9, ya no tengo m\u00e1s para dar y aparte vienen chicos muy grandes atr\u00e1s que merecen estar.<\/p>\n<p>Gracias por todo el cari\u00f1o de estos 20 a\u00f1os. Voy a extra\u00f1ar mucho escucharlos desde adentro. Ahora voy a ser uno m\u00e1s de ustedes, alentando y bancando siempre desde afuera (en las buenas y en las malas, mucho m\u00e1s).<\/p>\n<p>Gracias a mi familia por estar siempre, por acompa\u00f1arme en este viaje tan hermoso pero dif\u00edcil. Gracias a cada uno de entrenadores, compa\u00f1eros y dirigentes que me toc\u00f3 compartir. Me llevo recuerdos y momentos inolvidables vividos.<\/p>\n<p>Me voy con la tranquilidad y el orgullo de haberles regalado, juntos con mis compa\u00f1eros, momentos so\u00f1ados. Fue una locura haberlo vivido con ustedes. \u00a1Los quiero!<\/p>\n<p>Gracias Dios por hacerme argentino.<\/p>\n<p>\u00a1Vamos Argentina!<\/p>\n<p>*Estas palabras las escrib\u00ed el 21 de julio, dos d\u00edas despu\u00e9s de la final. Hoy despu\u00e9s de lo de mi pap\u00e1, estoy m\u00e1s convencido que antes.<\/p>\n","protected":false},"excerpt":{"rendered":"<p>Gan\u00f3 un Mundial y jug\u00f3 la final de otros dos. Adem\u00e1s, levant\u00f3 dos veces la Copa Am\u00e9rica, gan\u00f3 los Juegos Ol\u00edmpicos de 2008 y el Mundial sub 20 de 2005. Se termina una era para el f\u00fatbol argentino Lionel Andr\u00e9s Messi anunci\u00f3 su retiro de la Selecci\u00f3n argentina de f\u00fatbol. El astro, que gan\u00f3 el [&hellip;]<\/p>\n","protected":false},"author":4,"featured_media":226393,"comment_status":"open","ping_status":"open","sticky":false,"template":"","format":"standard","meta":{"_joinchat":[],"footnotes":""},"categories":[25],"tags":[],"class_list":["post-226392","post","type-post","status-publish","format-standard","has-post-thumbnail","category-destacados"],"yoast_head":"<!-- This site is optimized with the Yoast SEO plugin v27.7 - https:\/\/yoast.com\/product\/yoast-seo-wordpress\/ -->\n<title>Messi anunci\u00f3 su retiro de la selecci\u00f3n argentina - Radio Infinita Goya<\/title>\n<meta name=\"description\" content=\"Gan\u00f3 un Mundial y jug\u00f3 la final de otros dos. Adem\u00e1s, levant\u00f3 dos veces la Copa Am\u00e9rica, gan\u00f3 los Juegos Ol\u00edmpicos de 2008 y el Mundial sub 20 de 2005. Se\" \/>\n<meta name=\"robots\" content=\"index, follow, max-snippet:-1, max-image-preview:large, max-video-preview:-1\" \/>\n<link rel=\"canonical\" href=\"https:\/\/radioinfinitagoya.com.ar\/v1\/2026\/08\/31\/messi-anuncio-su-retiro-de-la-seleccion-argentina\/\" \/>\n<meta property=\"og:locale\" content=\"es_ES\" \/>\n<meta property=\"og:type\" content=\"article\" \/>\n<meta property=\"og:title\" content=\"Messi anunci\u00f3 su retiro de la selecci\u00f3n argentina - Radio Infinita Goya\" \/>\n<meta property=\"og:description\" content=\"Gan\u00f3 un Mundial y jug\u00f3 la final de otros dos. Adem\u00e1s, levant\u00f3 dos veces la Copa Am\u00e9rica, gan\u00f3 los Juegos Ol\u00edmpicos de 2008 y el Mundial sub 20 de 2005. Se\" \/>\n<meta property=\"og:url\" content=\"https:\/\/radioinfinitagoya.com.ar\/v1\/2026\/08\/31\/messi-anuncio-su-retiro-de-la-seleccion-argentina\/\" \/>\n<meta property=\"og:site_name\" content=\"Radio Infinita Goya\" \/>\n<meta property=\"article:publisher\" content=\"https:\/\/www.facebook.com\/p\/Infinita-Goya-100063870918311\/\" \/>\n<meta property=\"article:published_time\" content=\"2026-08-31T17:23:56+00:00\" \/>\n<meta name=\"author\" content=\"Jorge Mi\u00f1o\" \/>\n<meta name=\"twitter:card\" content=\"summary_large_image\" \/>\n<meta name=\"twitter:label1\" content=\"Escrito por\" \/>\n\t<meta name=\"twitter:data1\" content=\"Jorge Mi\u00f1o\" \/>\n\t<meta name=\"twitter:label2\" content=\"Tiempo de lectura\" \/>\n\t<meta name=\"twitter:data2\" content=\"10 minutos\" \/>\n<script type=\"application\/ld+json\" class=\"yoast-schema-graph\">{\"@context\":\"https:\\\/\\\/schema.org\",\"@graph\":[{\"@type\":\"Article\",\"@id\":\"https:\\\/\\\/radioinfinitagoya.com.ar\\\/v1\\\/2026\\\/08\\\/31\\\/messi-anuncio-su-retiro-de-la-seleccion-argentina\\\/#article\",\"isPartOf\":{\"@id\":\"https:\\\/\\\/radioinfinitagoya.com.ar\\\/v1\\\/2026\\\/08\\\/31\\\/messi-anuncio-su-retiro-de-la-seleccion-argentina\\\/\"},\"author\":{\"name\":\"Jorge Mi\u00f1o\",\"@id\":\"https:\\\/\\\/radioinfinitagoya.com.ar\\\/v1\\\/#\\\/schema\\\/person\\\/d4cf9c413d4f6edb24aabdccab49ca4a\"},\"headline\":\"Messi anunci\u00f3 su retiro de la selecci\u00f3n argentina\",\"datePublished\":\"2026-08-31T17:23:56+00:00\",\"mainEntityOfPage\":{\"@id\":\"https:\\\/\\\/radioinfinitagoya.com.ar\\\/v1\\\/2026\\\/08\\\/31\\\/messi-anuncio-su-retiro-de-la-seleccion-argentina\\\/\"},\"wordCount\":1928,\"commentCount\":0,\"publisher\":{\"@id\":\"https:\\\/\\\/radioinfinitagoya.com.ar\\\/v1\\\/#organization\"},\"image\":{\"@id\":\"https:\\\/\\\/radioinfinitagoya.com.ar\\\/v1\\\/2026\\\/08\\\/31\\\/messi-anuncio-su-retiro-de-la-seleccion-argentina\\\/#primaryimage\"},\"thumbnailUrl\":\"https:\\\/\\\/radioinfinitagoya.com.ar\\\/v1\\\/wp-content\\\/uploads\\\/2026\\\/08\\\/FBRCOA2M2NG2FLURQXK7AYE5K4.avif\",\"articleSection\":[\"DESTACADOS\"],\"inLanguage\":\"es-AR\",\"potentialAction\":[{\"@type\":\"CommentAction\",\"name\":\"Comment\",\"target\":[\"https:\\\/\\\/radioinfinitagoya.com.ar\\\/v1\\\/2026\\\/08\\\/31\\\/messi-anuncio-su-retiro-de-la-seleccion-argentina\\\/#respond\"]}]},{\"@type\":\"WebPage\",\"@id\":\"https:\\\/\\\/radioinfinitagoya.com.ar\\\/v1\\\/2026\\\/08\\\/31\\\/messi-anuncio-su-retiro-de-la-seleccion-argentina\\\/\",\"url\":\"https:\\\/\\\/radioinfinitagoya.com.ar\\\/v1\\\/2026\\\/08\\\/31\\\/messi-anuncio-su-retiro-de-la-seleccion-argentina\\\/\",\"name\":\"Messi anunci\u00f3 su retiro de la selecci\u00f3n argentina - Radio Infinita Goya\",\"isPartOf\":{\"@id\":\"https:\\\/\\\/radioinfinitagoya.com.ar\\\/v1\\\/#website\"},\"primaryImageOfPage\":{\"@id\":\"https:\\\/\\\/radioinfinitagoya.com.ar\\\/v1\\\/2026\\\/08\\\/31\\\/messi-anuncio-su-retiro-de-la-seleccion-argentina\\\/#primaryimage\"},\"image\":{\"@id\":\"https:\\\/\\\/radioinfinitagoya.com.ar\\\/v1\\\/2026\\\/08\\\/31\\\/messi-anuncio-su-retiro-de-la-seleccion-argentina\\\/#primaryimage\"},\"thumbnailUrl\":\"https:\\\/\\\/radioinfinitagoya.com.ar\\\/v1\\\/wp-content\\\/uploads\\\/2026\\\/08\\\/FBRCOA2M2NG2FLURQXK7AYE5K4.avif\",\"datePublished\":\"2026-08-31T17:23:56+00:00\",\"description\":\"Gan\u00f3 un Mundial y jug\u00f3 la final de otros dos. Adem\u00e1s, levant\u00f3 dos veces la Copa Am\u00e9rica, gan\u00f3 los Juegos Ol\u00edmpicos de 2008 y el Mundial sub 20 de 2005. Se\",\"breadcrumb\":{\"@id\":\"https:\\\/\\\/radioinfinitagoya.com.ar\\\/v1\\\/2026\\\/08\\\/31\\\/messi-anuncio-su-retiro-de-la-seleccion-argentina\\\/#breadcrumb\"},\"inLanguage\":\"es-AR\",\"potentialAction\":[{\"@type\":\"ReadAction\",\"target\":[\"https:\\\/\\\/radioinfinitagoya.com.ar\\\/v1\\\/2026\\\/08\\\/31\\\/messi-anuncio-su-retiro-de-la-seleccion-argentina\\\/\"]}]},{\"@type\":\"ImageObject\",\"inLanguage\":\"es-AR\",\"@id\":\"https:\\\/\\\/radioinfinitagoya.com.ar\\\/v1\\\/2026\\\/08\\\/31\\\/messi-anuncio-su-retiro-de-la-seleccion-argentina\\\/#primaryimage\",\"url\":\"https:\\\/\\\/radioinfinitagoya.com.ar\\\/v1\\\/wp-content\\\/uploads\\\/2026\\\/08\\\/FBRCOA2M2NG2FLURQXK7AYE5K4.avif\",\"contentUrl\":\"https:\\\/\\\/radioinfinitagoya.com.ar\\\/v1\\\/wp-content\\\/uploads\\\/2026\\\/08\\\/FBRCOA2M2NG2FLURQXK7AYE5K4.avif\",\"width\":992,\"height\":755},{\"@type\":\"BreadcrumbList\",\"@id\":\"https:\\\/\\\/radioinfinitagoya.com.ar\\\/v1\\\/2026\\\/08\\\/31\\\/messi-anuncio-su-retiro-de-la-seleccion-argentina\\\/#breadcrumb\",\"itemListElement\":[{\"@type\":\"ListItem\",\"position\":1,\"name\":\"Inicio\",\"item\":\"https:\\\/\\\/radioinfinitagoya.com.ar\\\/v1\\\/\"},{\"@type\":\"ListItem\",\"position\":2,\"name\":\"Messi anunci\u00f3 su retiro de la selecci\u00f3n argentina\"}]},{\"@type\":\"WebSite\",\"@id\":\"https:\\\/\\\/radioinfinitagoya.com.ar\\\/v1\\\/#website\",\"url\":\"https:\\\/\\\/radioinfinitagoya.com.ar\\\/v1\\\/\",\"name\":\"radioinfinitagoya.com.ar\",\"description\":\"Radio de noticias\",\"publisher\":{\"@id\":\"https:\\\/\\\/radioinfinitagoya.com.ar\\\/v1\\\/#organization\"},\"potentialAction\":[{\"@type\":\"SearchAction\",\"target\":{\"@type\":\"EntryPoint\",\"urlTemplate\":\"https:\\\/\\\/radioinfinitagoya.com.ar\\\/v1\\\/?s={search_term_string}\"},\"query-input\":{\"@type\":\"PropertyValueSpecification\",\"valueRequired\":true,\"valueName\":\"search_term_string\"}}],\"inLanguage\":\"es-AR\"},{\"@type\":\"Organization\",\"@id\":\"https:\\\/\\\/radioinfinitagoya.com.ar\\\/v1\\\/#organization\",\"name\":\"Radio Infinita Goya\",\"url\":\"https:\\\/\\\/radioinfinitagoya.com.ar\\\/v1\\\/\",\"logo\":{\"@type\":\"ImageObject\",\"inLanguage\":\"es-AR\",\"@id\":\"https:\\\/\\\/radioinfinitagoya.com.ar\\\/v1\\\/#\\\/schema\\\/logo\\\/image\\\/\",\"url\":\"https:\\\/\\\/radioinfinitagoya.com.ar\\\/v1\\\/wp-content\\\/uploads\\\/2019\\\/11\\\/logo-pie-web.png\",\"contentUrl\":\"https:\\\/\\\/radioinfinitagoya.com.ar\\\/v1\\\/wp-content\\\/uploads\\\/2019\\\/11\\\/logo-pie-web.png\",\"width\":635,\"height\":326,\"caption\":\"Radio Infinita Goya\"},\"image\":{\"@id\":\"https:\\\/\\\/radioinfinitagoya.com.ar\\\/v1\\\/#\\\/schema\\\/logo\\\/image\\\/\"},\"sameAs\":[\"https:\\\/\\\/www.facebook.com\\\/p\\\/Infinita-Goya-100063870918311\\\/\"]},{\"@type\":\"Person\",\"@id\":\"https:\\\/\\\/radioinfinitagoya.com.ar\\\/v1\\\/#\\\/schema\\\/person\\\/d4cf9c413d4f6edb24aabdccab49ca4a\",\"name\":\"Jorge Mi\u00f1o\",\"image\":{\"@type\":\"ImageObject\",\"inLanguage\":\"es-AR\",\"@id\":\"https:\\\/\\\/secure.gravatar.com\\\/avatar\\\/910fcf6728fe95320e07a6643c1581fec1c7fc4bf8ae12e3d8f0d0373dc844be?s=96&d=mm&r=g\",\"url\":\"https:\\\/\\\/secure.gravatar.com\\\/avatar\\\/910fcf6728fe95320e07a6643c1581fec1c7fc4bf8ae12e3d8f0d0373dc844be?s=96&d=mm&r=g\",\"contentUrl\":\"https:\\\/\\\/secure.gravatar.com\\\/avatar\\\/910fcf6728fe95320e07a6643c1581fec1c7fc4bf8ae12e3d8f0d0373dc844be?s=96&d=mm&r=g\",\"caption\":\"Jorge Mi\u00f1o\"},\"sameAs\":[\"http:\\\/\\\/radioinfinitagoya.com.ar\"]}]}<\/script>\n<!-- \/ Yoast SEO plugin. -->","yoast_head_json":{"title":"Messi anunci\u00f3 su retiro de la selecci\u00f3n argentina - Radio Infinita Goya","description":"Gan\u00f3 un Mundial y jug\u00f3 la final de otros dos. Adem\u00e1s, levant\u00f3 dos veces la Copa Am\u00e9rica, gan\u00f3 los Juegos Ol\u00edmpicos de 2008 y el Mundial sub 20 de 2005. Se","robots":{"index":"index","follow":"follow","max-snippet":"max-snippet:-1","max-image-preview":"max-image-preview:large","max-video-preview":"max-video-preview:-1"},"canonical":"https:\/\/radioinfinitagoya.com.ar\/v1\/2026\/08\/31\/messi-anuncio-su-retiro-de-la-seleccion-argentina\/","og_locale":"es_ES","og_type":"article","og_title":"Messi anunci\u00f3 su retiro de la selecci\u00f3n argentina - Radio Infinita Goya","og_description":"Gan\u00f3 un Mundial y jug\u00f3 la final de otros dos. Adem\u00e1s, levant\u00f3 dos veces la Copa Am\u00e9rica, gan\u00f3 los Juegos Ol\u00edmpicos de 2008 y el Mundial sub 20 de 2005. Se","og_url":"https:\/\/radioinfinitagoya.com.ar\/v1\/2026\/08\/31\/messi-anuncio-su-retiro-de-la-seleccion-argentina\/","og_site_name":"Radio Infinita Goya","article_publisher":"https:\/\/www.facebook.com\/p\/Infinita-Goya-100063870918311\/","article_published_time":"2026-08-31T17:23:56+00:00","author":"Jorge Mi\u00f1o","twitter_card":"summary_large_image","twitter_misc":{"Escrito por":"Jorge Mi\u00f1o","Tiempo de lectura":"10 minutos"},"schema":{"@context":"https:\/\/schema.org","@graph":[{"@type":"Article","@id":"https:\/\/radioinfinitagoya.com.ar\/v1\/2026\/08\/31\/messi-anuncio-su-retiro-de-la-seleccion-argentina\/#article","isPartOf":{"@id":"https:\/\/radioinfinitagoya.com.ar\/v1\/2026\/08\/31\/messi-anuncio-su-retiro-de-la-seleccion-argentina\/"},"author":{"name":"Jorge Mi\u00f1o","@id":"https:\/\/radioinfinitagoya.com.ar\/v1\/#\/schema\/person\/d4cf9c413d4f6edb24aabdccab49ca4a"},"headline":"Messi anunci\u00f3 su retiro de la selecci\u00f3n argentina","datePublished":"2026-08-31T17:23:56+00:00","mainEntityOfPage":{"@id":"https:\/\/radioinfinitagoya.com.ar\/v1\/2026\/08\/31\/messi-anuncio-su-retiro-de-la-seleccion-argentina\/"},"wordCount":1928,"commentCount":0,"publisher":{"@id":"https:\/\/radioinfinitagoya.com.ar\/v1\/#organization"},"image":{"@id":"https:\/\/radioinfinitagoya.com.ar\/v1\/2026\/08\/31\/messi-anuncio-su-retiro-de-la-seleccion-argentina\/#primaryimage"},"thumbnailUrl":"https:\/\/radioinfinitagoya.com.ar\/v1\/wp-content\/uploads\/2026\/08\/FBRCOA2M2NG2FLURQXK7AYE5K4.avif","articleSection":["DESTACADOS"],"inLanguage":"es-AR","potentialAction":[{"@type":"CommentAction","name":"Comment","target":["https:\/\/radioinfinitagoya.com.ar\/v1\/2026\/08\/31\/messi-anuncio-su-retiro-de-la-seleccion-argentina\/#respond"]}]},{"@type":"WebPage","@id":"https:\/\/radioinfinitagoya.com.ar\/v1\/2026\/08\/31\/messi-anuncio-su-retiro-de-la-seleccion-argentina\/","url":"https:\/\/radioinfinitagoya.com.ar\/v1\/2026\/08\/31\/messi-anuncio-su-retiro-de-la-seleccion-argentina\/","name":"Messi anunci\u00f3 su retiro de la selecci\u00f3n argentina - Radio Infinita Goya","isPartOf":{"@id":"https:\/\/radioinfinitagoya.com.ar\/v1\/#website"},"primaryImageOfPage":{"@id":"https:\/\/radioinfinitagoya.com.ar\/v1\/2026\/08\/31\/messi-anuncio-su-retiro-de-la-seleccion-argentina\/#primaryimage"},"image":{"@id":"https:\/\/radioinfinitagoya.com.ar\/v1\/2026\/08\/31\/messi-anuncio-su-retiro-de-la-seleccion-argentina\/#primaryimage"},"thumbnailUrl":"https:\/\/radioinfinitagoya.com.ar\/v1\/wp-content\/uploads\/2026\/08\/FBRCOA2M2NG2FLURQXK7AYE5K4.avif","datePublished":"2026-08-31T17:23:56+00:00","description":"Gan\u00f3 un Mundial y jug\u00f3 la final de otros dos. Adem\u00e1s, levant\u00f3 dos veces la Copa Am\u00e9rica, gan\u00f3 los Juegos Ol\u00edmpicos de 2008 y el Mundial sub 20 de 2005. Se","breadcrumb":{"@id":"https:\/\/radioinfinitagoya.com.ar\/v1\/2026\/08\/31\/messi-anuncio-su-retiro-de-la-seleccion-argentina\/#breadcrumb"},"inLanguage":"es-AR","potentialAction":[{"@type":"ReadAction","target":["https:\/\/radioinfinitagoya.com.ar\/v1\/2026\/08\/31\/messi-anuncio-su-retiro-de-la-seleccion-argentina\/"]}]},{"@type":"ImageObject","inLanguage":"es-AR","@id":"https:\/\/radioinfinitagoya.com.ar\/v1\/2026\/08\/31\/messi-anuncio-su-retiro-de-la-seleccion-argentina\/#primaryimage","url":"https:\/\/radioinfinitagoya.com.ar\/v1\/wp-content\/uploads\/2026\/08\/FBRCOA2M2NG2FLURQXK7AYE5K4.avif","contentUrl":"https:\/\/radioinfinitagoya.com.ar\/v1\/wp-content\/uploads\/2026\/08\/FBRCOA2M2NG2FLURQXK7AYE5K4.avif","width":992,"height":755},{"@type":"BreadcrumbList","@id":"https:\/\/radioinfinitagoya.com.ar\/v1\/2026\/08\/31\/messi-anuncio-su-retiro-de-la-seleccion-argentina\/#breadcrumb","itemListElement":[{"@type":"ListItem","position":1,"name":"Inicio","item":"https:\/\/radioinfinitagoya.com.ar\/v1\/"},{"@type":"ListItem","position":2,"name":"Messi anunci\u00f3 su retiro de la selecci\u00f3n argentina"}]},{"@type":"WebSite","@id":"https:\/\/radioinfinitagoya.com.ar\/v1\/#website","url":"https:\/\/radioinfinitagoya.com.ar\/v1\/","name":"radioinfinitagoya.com.ar","description":"Radio de noticias","publisher":{"@id":"https:\/\/radioinfinitagoya.com.ar\/v1\/#organization"},"potentialAction":[{"@type":"SearchAction","target":{"@type":"EntryPoint","urlTemplate":"https:\/\/radioinfinitagoya.com.ar\/v1\/?s={search_term_string}"},"query-input":{"@type":"PropertyValueSpecification","valueRequired":true,"valueName":"search_term_string"}}],"inLanguage":"es-AR"},{"@type":"Organization","@id":"https:\/\/radioinfinitagoya.com.ar\/v1\/#organization","name":"Radio Infinita Goya","url":"https:\/\/radioinfinitagoya.com.ar\/v1\/","logo":{"@type":"ImageObject","inLanguage":"es-AR","@id":"https:\/\/radioinfinitagoya.com.ar\/v1\/#\/schema\/logo\/image\/","url":"https:\/\/radioinfinitagoya.com.ar\/v1\/wp-content\/uploads\/2019\/11\/logo-pie-web.png","contentUrl":"https:\/\/radioinfinitagoya.com.ar\/v1\/wp-content\/uploads\/2019\/11\/logo-pie-web.png","width":635,"height":326,"caption":"Radio Infinita Goya"},"image":{"@id":"https:\/\/radioinfinitagoya.com.ar\/v1\/#\/schema\/logo\/image\/"},"sameAs":["https:\/\/www.facebook.com\/p\/Infinita-Goya-100063870918311\/"]},{"@type":"Person","@id":"https:\/\/radioinfinitagoya.com.ar\/v1\/#\/schema\/person\/d4cf9c413d4f6edb24aabdccab49ca4a","name":"Jorge Mi\u00f1o","image":{"@type":"ImageObject","inLanguage":"es-AR","@id":"https:\/\/secure.gravatar.com\/avatar\/910fcf6728fe95320e07a6643c1581fec1c7fc4bf8ae12e3d8f0d0373dc844be?s=96&d=mm&r=g","url":"https:\/\/secure.gravatar.com\/avatar\/910fcf6728fe95320e07a6643c1581fec1c7fc4bf8ae12e3d8f0d0373dc844be?s=96&d=mm&r=g","contentUrl":"https:\/\/secure.gravatar.com\/avatar\/910fcf6728fe95320e07a6643c1581fec1c7fc4bf8ae12e3d8f0d0373dc844be?s=96&d=mm&r=g","caption":"Jorge Mi\u00f1o"},"sameAs":["http:\/\/radioinfinitagoya.com.ar"]}]}},"_links":{"self":[{"href":"https:\/\/radioinfinitagoya.com.ar\/v1\/wp-json\/wp\/v2\/posts\/226392","targetHints":{"allow":["GET"]}}],"collection":[{"href":"https:\/\/radioinfinitagoya.com.ar\/v1\/wp-json\/wp\/v2\/posts"}],"about":[{"href":"https:\/\/radioinfinitagoya.com.ar\/v1\/wp-json\/wp\/v2\/types\/post"}],"author":[{"embeddable":true,"href":"https:\/\/radioinfinitagoya.com.ar\/v1\/wp-json\/wp\/v2\/users\/4"}],"replies":[{"embeddable":true,"href":"https:\/\/radioinfinitagoya.com.ar\/v1\/wp-json\/wp\/v2\/comments?post=226392"}],"version-history":[{"count":1,"href":"https:\/\/radioinfinitagoya.com.ar\/v1\/wp-json\/wp\/v2\/posts\/226392\/revisions"}],"predecessor-version":[{"id":226399,"href":"https:\/\/radioinfinitagoya.com.ar\/v1\/wp-json\/wp\/v2\/posts\/226392\/revisions\/226399"}],"wp:featuredmedia":[{"embeddable":true,"href":"https:\/\/radioinfinitagoya.com.ar\/v1\/wp-json\/wp\/v2\/media\/226393"}],"wp:attachment":[{"href":"https:\/\/radioinfinitagoya.com.ar\/v1\/wp-json\/wp\/v2\/media?parent=226392"}],"wp:term":[{"taxonomy":"category","embeddable":true,"href":"https:\/\/radioinfinitagoya.com.ar\/v1\/wp-json\/wp\/v2\/categories?post=226392"},{"taxonomy":"post_tag","embeddable":true,"href":"https:\/\/radioinfinitagoya.com.ar\/v1\/wp-json\/wp\/v2\/tags?post=226392"}],"curies":[{"name":"wp","href":"https:\/\/api.w.org\/{rel}","templated":true}]}}