{"id":226400,"date":"2026-08-31T14:31:45","date_gmt":"2026-08-31T17:31:45","guid":{"rendered":"https:\/\/radioinfinitagoya.com.ar\/v1\/?p=226400"},"modified":"2026-08-31T14:31:45","modified_gmt":"2026-08-31T17:31:45","slug":"gran-convocatoria-en-el-festejo-del-dia-del-nino-en-costa-surubi","status":"publish","type":"post","link":"https:\/\/radioinfinitagoya.com.ar\/v1\/2026\/08\/31\/gran-convocatoria-en-el-festejo-del-dia-del-nino-en-costa-surubi\/","title":{"rendered":"Gran convocatoria en el festejo del D\u00eda del Ni\u00f1o en Costa Surub\u00ed"},"content":{"rendered":"<p>El Intendente Mariano Hormaechea compartio la tarde de agasajo a los ninos<\/p>\n<p>La Municipalidad agasaj\u00f3 a los ni\u00f1os en el escenario del Multiespacio Ferial Costa Surub\u00ed, el domingo, una gran convocatoria que comenz\u00f3 a arribar desde las 14 horas, al espacio elegido para el festejo, donde se programaron diversas actividades recreativas, l\u00fadicas, art\u00edsticas para celebrar esta fecha.<\/p>\n<p>\u201cEste es un gran encuentro de las familias para agasajar a nuestros ni\u00f1os, gracias al equipo municipal, a las comisiones barriales, al Ej\u00e9rcito, emprendedores por sumarse a este festejo\u201d Sostuvo el Jefe Comunal.<\/p>\n<p>Los ni\u00f1os disfrutaron las diferentes actuaciones desde el escenario mayor Juan Mellero del Anfiteatro de Costa Surub\u00ed, de las cualidades esc\u00e9nicas y art\u00edsticas del Grupo PASI, La Banda de Carlitos, el aporte de los distintos grupos musicales de la Escuela de M\u00fasica Amanecer Guaran\u00ed, Los Soles Correntinos, en una presentaci\u00f3n revalorizando la m\u00fasica aut\u00f3ctona, el chamam\u00e9 y el folclore, de la misma manera con un repertorio popular se present\u00f3 la Banda Militar \u201cPuerto Argentino\u201d y los Ajolotes de la Cumbia conformada por j\u00f3venes valores (al igual que los Soles), invitaron a divertirse con el ritmo tropical.<\/p>\n<p>Simult\u00e1neamente, en los espacios creados por cada \u00e1rea municipal, los protagonistas de la celebraci\u00f3n, recrearon la tarde con propuestas l\u00fadicas, did\u00e1cticas, recreativas, manteniendo activos a los ni\u00f1os con cada iniciativa desarrollada en la tarde de Costa Surubi.<\/p>\n<p>Un gran despliegue del equipo de la Municipalidad con todas sus \u00e1reas para lograr el \u00e9xito de la propuesta con el objetivo de festejar el d\u00eda del ni\u00f1o, sumando el aporte desde los consejos vecinales para la preparaci\u00f3n del tradicional chocolate servido a los peque\u00f1os, un dispositivo de transporte con colectivos dispuestos para los ni\u00f1os de la ciudad y la zona rural.<\/p>\n<p>Sin dudas el momento aguardado por los ni\u00f1os presentes, incentivado por los animadores y personajes de las series animadas, la extracci\u00f3n de los numeritos de la \u201ccuponera\u201d para saber qui\u00e9n se llevaba de regalo la bicicleta, una vez anunciado el n\u00famero favorecido, el \u201cdue\u00f1o\u201d se acercaba al escenario para recibir el anhelado premio, recibiendo de manos de los funcionarios municipales presentes.<\/p>\n<p>MARIANO HORMAECHEA<\/p>\n<p>El Intendente Mariano Hormaechea, al saludar a las familias convocadas en el festejo, reconoci\u00f3 el trabajo de todo el equipo municipal, de los consejos vecinales, para expresar: \u201cNuevamente estamos celebrando el d\u00eda del ni\u00f1o, en este predio Costa Surub\u00ed, agasajando a cada uno de ellos, durante este mes de agosto, instituciones deportivas, sociales nos disponemos a darle ese protagonismo a nuestros ni\u00f1os, nosotros junto al equipo municipal hemos decidido convocarlos este 30 de agosto, para disfrutar de este encuentro, gracias a las comisiones vecinales, por su trabajo en los d\u00edas previos, por el servicio del chocolate, a los emprendedores, al Ej\u00e9rcito, a APS, por el cuidado, a cada \u00e1rea municipal, concejales, nuestras reinas y reyes que nos acompa\u00f1an, nos ha tocado una tarde maravillosa para disfrutar y compartir en familia, nuevamente muchas gracias a todos y Feliz D\u00eda del Ni\u00f1o\u201d<\/p>\n<p>Una jornada cargada de emoci\u00f3n, ternura, alegr\u00eda con la propuesta de la Municipalidad para agasajar a nuestros ni\u00f1os, reflejado en los rostros de los ni\u00f1os en el retorno hacia sus respectivos lugares, hogares, demostrado en la manera de expresar con cantos y los recuerdos de la tarde compartida una vez que emprend\u00eda el regreso en los colectivos dispuestos para esta celebraci\u00f3n.<\/p>\n<p>Direcci\u00f3n de Prensa-Municipalidad de Goya<\/p>\n","protected":false},"excerpt":{"rendered":"<p>El Intendente Mariano Hormaechea compartio la tarde de agasajo a los ninos La Municipalidad agasaj\u00f3 a los ni\u00f1os en el escenario del Multiespacio Ferial Costa Surub\u00ed, el domingo, una gran convocatoria que comenz\u00f3 a arribar desde las 14 horas, al espacio elegido para el festejo, donde se programaron diversas actividades recreativas, l\u00fadicas, art\u00edsticas para celebrar [&hellip;]<\/p>\n","protected":false},"author":4,"featured_media":226401,"comment_status":"open","ping_status":"open","sticky":false,"template":"","format":"standard","meta":{"_joinchat":[],"footnotes":""},"categories":[27],"tags":[],"class_list":["post-226400","post","type-post","status-publish","format-standard","has-post-thumbnail","category-locales"],"yoast_head":"<!-- This site is optimized with the Yoast SEO plugin v27.7 - https:\/\/yoast.com\/product\/yoast-seo-wordpress\/ -->\n<title>Gran convocatoria en el festejo del D\u00eda del Ni\u00f1o en Costa Surub\u00ed - Radio Infinita Goya<\/title>\n<meta name=\"description\" content=\"El Intendente Mariano Hormaechea compartio la tarde de agasajo a los ninos La Municipalidad agasaj\u00f3 a los ni\u00f1os en el escenario del Multiespacio Ferial\" \/>\n<meta name=\"robots\" content=\"index, follow, max-snippet:-1, max-image-preview:large, max-video-preview:-1\" \/>\n<link rel=\"canonical\" href=\"https:\/\/radioinfinitagoya.com.ar\/v1\/2026\/08\/31\/gran-convocatoria-en-el-festejo-del-dia-del-nino-en-costa-surubi\/\" \/>\n<meta property=\"og:locale\" content=\"es_ES\" \/>\n<meta property=\"og:type\" content=\"article\" \/>\n<meta property=\"og:title\" content=\"Gran convocatoria en el festejo del D\u00eda del Ni\u00f1o en Costa Surub\u00ed - Radio Infinita Goya\" \/>\n<meta property=\"og:description\" content=\"El Intendente Mariano Hormaechea compartio la tarde de agasajo a los ninos La Municipalidad agasaj\u00f3 a los ni\u00f1os en el escenario del Multiespacio Ferial\" \/>\n<meta property=\"og:url\" content=\"https:\/\/radioinfinitagoya.com.ar\/v1\/2026\/08\/31\/gran-convocatoria-en-el-festejo-del-dia-del-nino-en-costa-surubi\/\" \/>\n<meta property=\"og:site_name\" content=\"Radio Infinita Goya\" \/>\n<meta property=\"article:publisher\" content=\"https:\/\/www.facebook.com\/p\/Infinita-Goya-100063870918311\/\" \/>\n<meta property=\"article:published_time\" content=\"2026-08-31T17:31:45+00:00\" \/>\n<meta property=\"og:image\" content=\"https:\/\/radioinfinitagoya.com.ar\/v1\/wp-content\/uploads\/2026\/08\/festejo_dia_del_nino_en_costa_surub.jpg\" \/>\n\t<meta property=\"og:image:width\" content=\"848\" \/>\n\t<meta property=\"og:image:height\" content=\"477\" \/>\n\t<meta property=\"og:image:type\" content=\"image\/jpeg\" \/>\n<meta name=\"author\" content=\"Jorge Mi\u00f1o\" \/>\n<meta name=\"twitter:card\" content=\"summary_large_image\" \/>\n<meta name=\"twitter:label1\" content=\"Escrito por\" \/>\n\t<meta name=\"twitter:data1\" content=\"Jorge Mi\u00f1o\" \/>\n\t<meta name=\"twitter:label2\" content=\"Tiempo de lectura\" \/>\n\t<meta name=\"twitter:data2\" content=\"3 minutos\" \/>\n<script type=\"application\/ld+json\" class=\"yoast-schema-graph\">{\"@context\":\"https:\\\/\\\/schema.org\",\"@graph\":[{\"@type\":\"Article\",\"@id\":\"https:\\\/\\\/radioinfinitagoya.com.ar\\\/v1\\\/2026\\\/08\\\/31\\\/gran-convocatoria-en-el-festejo-del-dia-del-nino-en-costa-surubi\\\/#article\",\"isPartOf\":{\"@id\":\"https:\\\/\\\/radioinfinitagoya.com.ar\\\/v1\\\/2026\\\/08\\\/31\\\/gran-convocatoria-en-el-festejo-del-dia-del-nino-en-costa-surubi\\\/\"},\"author\":{\"name\":\"Jorge Mi\u00f1o\",\"@id\":\"https:\\\/\\\/radioinfinitagoya.com.ar\\\/v1\\\/#\\\/schema\\\/person\\\/d4cf9c413d4f6edb24aabdccab49ca4a\"},\"headline\":\"Gran convocatoria en el festejo del D\u00eda del Ni\u00f1o en Costa Surub\u00ed\",\"datePublished\":\"2026-08-31T17:31:45+00:00\",\"mainEntityOfPage\":{\"@id\":\"https:\\\/\\\/radioinfinitagoya.com.ar\\\/v1\\\/2026\\\/08\\\/31\\\/gran-convocatoria-en-el-festejo-del-dia-del-nino-en-costa-surubi\\\/\"},\"wordCount\":609,\"commentCount\":0,\"publisher\":{\"@id\":\"https:\\\/\\\/radioinfinitagoya.com.ar\\\/v1\\\/#organization\"},\"image\":{\"@id\":\"https:\\\/\\\/radioinfinitagoya.com.ar\\\/v1\\\/2026\\\/08\\\/31\\\/gran-convocatoria-en-el-festejo-del-dia-del-nino-en-costa-surubi\\\/#primaryimage\"},\"thumbnailUrl\":\"https:\\\/\\\/radioinfinitagoya.com.ar\\\/v1\\\/wp-content\\\/uploads\\\/2026\\\/08\\\/festejo_dia_del_nino_en_costa_surub.jpg\",\"articleSection\":[\"LOCALES\"],\"inLanguage\":\"es-AR\",\"potentialAction\":[{\"@type\":\"CommentAction\",\"name\":\"Comment\",\"target\":[\"https:\\\/\\\/radioinfinitagoya.com.ar\\\/v1\\\/2026\\\/08\\\/31\\\/gran-convocatoria-en-el-festejo-del-dia-del-nino-en-costa-surubi\\\/#respond\"]}]},{\"@type\":\"WebPage\",\"@id\":\"https:\\\/\\\/radioinfinitagoya.com.ar\\\/v1\\\/2026\\\/08\\\/31\\\/gran-convocatoria-en-el-festejo-del-dia-del-nino-en-costa-surubi\\\/\",\"url\":\"https:\\\/\\\/radioinfinitagoya.com.ar\\\/v1\\\/2026\\\/08\\\/31\\\/gran-convocatoria-en-el-festejo-del-dia-del-nino-en-costa-surubi\\\/\",\"name\":\"Gran convocatoria en el festejo del D\u00eda del Ni\u00f1o en Costa Surub\u00ed - Radio Infinita Goya\",\"isPartOf\":{\"@id\":\"https:\\\/\\\/radioinfinitagoya.com.ar\\\/v1\\\/#website\"},\"primaryImageOfPage\":{\"@id\":\"https:\\\/\\\/radioinfinitagoya.com.ar\\\/v1\\\/2026\\\/08\\\/31\\\/gran-convocatoria-en-el-festejo-del-dia-del-nino-en-costa-surubi\\\/#primaryimage\"},\"image\":{\"@id\":\"https:\\\/\\\/radioinfinitagoya.com.ar\\\/v1\\\/2026\\\/08\\\/31\\\/gran-convocatoria-en-el-festejo-del-dia-del-nino-en-costa-surubi\\\/#primaryimage\"},\"thumbnailUrl\":\"https:\\\/\\\/radioinfinitagoya.com.ar\\\/v1\\\/wp-content\\\/uploads\\\/2026\\\/08\\\/festejo_dia_del_nino_en_costa_surub.jpg\",\"datePublished\":\"2026-08-31T17:31:45+00:00\",\"description\":\"El Intendente Mariano Hormaechea compartio la tarde de agasajo a los ninos La Municipalidad agasaj\u00f3 a los ni\u00f1os en el escenario del Multiespacio Ferial\",\"breadcrumb\":{\"@id\":\"https:\\\/\\\/radioinfinitagoya.com.ar\\\/v1\\\/2026\\\/08\\\/31\\\/gran-convocatoria-en-el-festejo-del-dia-del-nino-en-costa-surubi\\\/#breadcrumb\"},\"inLanguage\":\"es-AR\",\"potentialAction\":[{\"@type\":\"ReadAction\",\"target\":[\"https:\\\/\\\/radioinfinitagoya.com.ar\\\/v1\\\/2026\\\/08\\\/31\\\/gran-convocatoria-en-el-festejo-del-dia-del-nino-en-costa-surubi\\\/\"]}]},{\"@type\":\"ImageObject\",\"inLanguage\":\"es-AR\",\"@id\":\"https:\\\/\\\/radioinfinitagoya.com.ar\\\/v1\\\/2026\\\/08\\\/31\\\/gran-convocatoria-en-el-festejo-del-dia-del-nino-en-costa-surubi\\\/#primaryimage\",\"url\":\"https:\\\/\\\/radioinfinitagoya.com.ar\\\/v1\\\/wp-content\\\/uploads\\\/2026\\\/08\\\/festejo_dia_del_nino_en_costa_surub.jpg\",\"contentUrl\":\"https:\\\/\\\/radioinfinitagoya.com.ar\\\/v1\\\/wp-content\\\/uploads\\\/2026\\\/08\\\/festejo_dia_del_nino_en_costa_surub.jpg\",\"width\":848,\"height\":477},{\"@type\":\"BreadcrumbList\",\"@id\":\"https:\\\/\\\/radioinfinitagoya.com.ar\\\/v1\\\/2026\\\/08\\\/31\\\/gran-convocatoria-en-el-festejo-del-dia-del-nino-en-costa-surubi\\\/#breadcrumb\",\"itemListElement\":[{\"@type\":\"ListItem\",\"position\":1,\"name\":\"Inicio\",\"item\":\"https:\\\/\\\/radioinfinitagoya.com.ar\\\/v1\\\/\"},{\"@type\":\"ListItem\",\"position\":2,\"name\":\"Gran convocatoria en el festejo del D\u00eda del Ni\u00f1o en Costa Surub\u00ed\"}]},{\"@type\":\"WebSite\",\"@id\":\"https:\\\/\\\/radioinfinitagoya.com.ar\\\/v1\\\/#website\",\"url\":\"https:\\\/\\\/radioinfinitagoya.com.ar\\\/v1\\\/\",\"name\":\"radioinfinitagoya.com.ar\",\"description\":\"Radio de noticias\",\"publisher\":{\"@id\":\"https:\\\/\\\/radioinfinitagoya.com.ar\\\/v1\\\/#organization\"},\"potentialAction\":[{\"@type\":\"SearchAction\",\"target\":{\"@type\":\"EntryPoint\",\"urlTemplate\":\"https:\\\/\\\/radioinfinitagoya.com.ar\\\/v1\\\/?s={search_term_string}\"},\"query-input\":{\"@type\":\"PropertyValueSpecification\",\"valueRequired\":true,\"valueName\":\"search_term_string\"}}],\"inLanguage\":\"es-AR\"},{\"@type\":\"Organization\",\"@id\":\"https:\\\/\\\/radioinfinitagoya.com.ar\\\/v1\\\/#organization\",\"name\":\"Radio Infinita Goya\",\"url\":\"https:\\\/\\\/radioinfinitagoya.com.ar\\\/v1\\\/\",\"logo\":{\"@type\":\"ImageObject\",\"inLanguage\":\"es-AR\",\"@id\":\"https:\\\/\\\/radioinfinitagoya.com.ar\\\/v1\\\/#\\\/schema\\\/logo\\\/image\\\/\",\"url\":\"https:\\\/\\\/radioinfinitagoya.com.ar\\\/v1\\\/wp-content\\\/uploads\\\/2019\\\/11\\\/logo-pie-web.png\",\"contentUrl\":\"https:\\\/\\\/radioinfinitagoya.com.ar\\\/v1\\\/wp-content\\\/uploads\\\/2019\\\/11\\\/logo-pie-web.png\",\"width\":635,\"height\":326,\"caption\":\"Radio Infinita Goya\"},\"image\":{\"@id\":\"https:\\\/\\\/radioinfinitagoya.com.ar\\\/v1\\\/#\\\/schema\\\/logo\\\/image\\\/\"},\"sameAs\":[\"https:\\\/\\\/www.facebook.com\\\/p\\\/Infinita-Goya-100063870918311\\\/\"]},{\"@type\":\"Person\",\"@id\":\"https:\\\/\\\/radioinfinitagoya.com.ar\\\/v1\\\/#\\\/schema\\\/person\\\/d4cf9c413d4f6edb24aabdccab49ca4a\",\"name\":\"Jorge Mi\u00f1o\",\"image\":{\"@type\":\"ImageObject\",\"inLanguage\":\"es-AR\",\"@id\":\"https:\\\/\\\/secure.gravatar.com\\\/avatar\\\/910fcf6728fe95320e07a6643c1581fec1c7fc4bf8ae12e3d8f0d0373dc844be?s=96&d=mm&r=g\",\"url\":\"https:\\\/\\\/secure.gravatar.com\\\/avatar\\\/910fcf6728fe95320e07a6643c1581fec1c7fc4bf8ae12e3d8f0d0373dc844be?s=96&d=mm&r=g\",\"contentUrl\":\"https:\\\/\\\/secure.gravatar.com\\\/avatar\\\/910fcf6728fe95320e07a6643c1581fec1c7fc4bf8ae12e3d8f0d0373dc844be?s=96&d=mm&r=g\",\"caption\":\"Jorge Mi\u00f1o\"},\"sameAs\":[\"http:\\\/\\\/radioinfinitagoya.com.ar\"]}]}<\/script>\n<!-- \/ Yoast SEO plugin. -->","yoast_head_json":{"title":"Gran convocatoria en el festejo del D\u00eda del Ni\u00f1o en Costa Surub\u00ed - Radio Infinita Goya","description":"El Intendente Mariano Hormaechea compartio la tarde de agasajo a los ninos La Municipalidad agasaj\u00f3 a los ni\u00f1os en el escenario del Multiespacio Ferial","robots":{"index":"index","follow":"follow","max-snippet":"max-snippet:-1","max-image-preview":"max-image-preview:large","max-video-preview":"max-video-preview:-1"},"canonical":"https:\/\/radioinfinitagoya.com.ar\/v1\/2026\/08\/31\/gran-convocatoria-en-el-festejo-del-dia-del-nino-en-costa-surubi\/","og_locale":"es_ES","og_type":"article","og_title":"Gran convocatoria en el festejo del D\u00eda del Ni\u00f1o en Costa Surub\u00ed - Radio Infinita Goya","og_description":"El Intendente Mariano Hormaechea compartio la tarde de agasajo a los ninos La Municipalidad agasaj\u00f3 a los ni\u00f1os en el escenario del Multiespacio Ferial","og_url":"https:\/\/radioinfinitagoya.com.ar\/v1\/2026\/08\/31\/gran-convocatoria-en-el-festejo-del-dia-del-nino-en-costa-surubi\/","og_site_name":"Radio Infinita Goya","article_publisher":"https:\/\/www.facebook.com\/p\/Infinita-Goya-100063870918311\/","article_published_time":"2026-08-31T17:31:45+00:00","og_image":[{"width":848,"height":477,"url":"https:\/\/radioinfinitagoya.com.ar\/v1\/wp-content\/uploads\/2026\/08\/festejo_dia_del_nino_en_costa_surub.jpg","type":"image\/jpeg"}],"author":"Jorge Mi\u00f1o","twitter_card":"summary_large_image","twitter_misc":{"Escrito por":"Jorge Mi\u00f1o","Tiempo de lectura":"3 minutos"},"schema":{"@context":"https:\/\/schema.org","@graph":[{"@type":"Article","@id":"https:\/\/radioinfinitagoya.com.ar\/v1\/2026\/08\/31\/gran-convocatoria-en-el-festejo-del-dia-del-nino-en-costa-surubi\/#article","isPartOf":{"@id":"https:\/\/radioinfinitagoya.com.ar\/v1\/2026\/08\/31\/gran-convocatoria-en-el-festejo-del-dia-del-nino-en-costa-surubi\/"},"author":{"name":"Jorge Mi\u00f1o","@id":"https:\/\/radioinfinitagoya.com.ar\/v1\/#\/schema\/person\/d4cf9c413d4f6edb24aabdccab49ca4a"},"headline":"Gran convocatoria en el festejo del D\u00eda del Ni\u00f1o en Costa Surub\u00ed","datePublished":"2026-08-31T17:31:45+00:00","mainEntityOfPage":{"@id":"https:\/\/radioinfinitagoya.com.ar\/v1\/2026\/08\/31\/gran-convocatoria-en-el-festejo-del-dia-del-nino-en-costa-surubi\/"},"wordCount":609,"commentCount":0,"publisher":{"@id":"https:\/\/radioinfinitagoya.com.ar\/v1\/#organization"},"image":{"@id":"https:\/\/radioinfinitagoya.com.ar\/v1\/2026\/08\/31\/gran-convocatoria-en-el-festejo-del-dia-del-nino-en-costa-surubi\/#primaryimage"},"thumbnailUrl":"https:\/\/radioinfinitagoya.com.ar\/v1\/wp-content\/uploads\/2026\/08\/festejo_dia_del_nino_en_costa_surub.jpg","articleSection":["LOCALES"],"inLanguage":"es-AR","potentialAction":[{"@type":"CommentAction","name":"Comment","target":["https:\/\/radioinfinitagoya.com.ar\/v1\/2026\/08\/31\/gran-convocatoria-en-el-festejo-del-dia-del-nino-en-costa-surubi\/#respond"]}]},{"@type":"WebPage","@id":"https:\/\/radioinfinitagoya.com.ar\/v1\/2026\/08\/31\/gran-convocatoria-en-el-festejo-del-dia-del-nino-en-costa-surubi\/","url":"https:\/\/radioinfinitagoya.com.ar\/v1\/2026\/08\/31\/gran-convocatoria-en-el-festejo-del-dia-del-nino-en-costa-surubi\/","name":"Gran convocatoria en el festejo del D\u00eda del Ni\u00f1o en Costa Surub\u00ed - Radio Infinita Goya","isPartOf":{"@id":"https:\/\/radioinfinitagoya.com.ar\/v1\/#website"},"primaryImageOfPage":{"@id":"https:\/\/radioinfinitagoya.com.ar\/v1\/2026\/08\/31\/gran-convocatoria-en-el-festejo-del-dia-del-nino-en-costa-surubi\/#primaryimage"},"image":{"@id":"https:\/\/radioinfinitagoya.com.ar\/v1\/2026\/08\/31\/gran-convocatoria-en-el-festejo-del-dia-del-nino-en-costa-surubi\/#primaryimage"},"thumbnailUrl":"https:\/\/radioinfinitagoya.com.ar\/v1\/wp-content\/uploads\/2026\/08\/festejo_dia_del_nino_en_costa_surub.jpg","datePublished":"2026-08-31T17:31:45+00:00","description":"El Intendente Mariano Hormaechea compartio la tarde de agasajo a los ninos La Municipalidad agasaj\u00f3 a los ni\u00f1os en el escenario del Multiespacio Ferial","breadcrumb":{"@id":"https:\/\/radioinfinitagoya.com.ar\/v1\/2026\/08\/31\/gran-convocatoria-en-el-festejo-del-dia-del-nino-en-costa-surubi\/#breadcrumb"},"inLanguage":"es-AR","potentialAction":[{"@type":"ReadAction","target":["https:\/\/radioinfinitagoya.com.ar\/v1\/2026\/08\/31\/gran-convocatoria-en-el-festejo-del-dia-del-nino-en-costa-surubi\/"]}]},{"@type":"ImageObject","inLanguage":"es-AR","@id":"https:\/\/radioinfinitagoya.com.ar\/v1\/2026\/08\/31\/gran-convocatoria-en-el-festejo-del-dia-del-nino-en-costa-surubi\/#primaryimage","url":"https:\/\/radioinfinitagoya.com.ar\/v1\/wp-content\/uploads\/2026\/08\/festejo_dia_del_nino_en_costa_surub.jpg","contentUrl":"https:\/\/radioinfinitagoya.com.ar\/v1\/wp-content\/uploads\/2026\/08\/festejo_dia_del_nino_en_costa_surub.jpg","width":848,"height":477},{"@type":"BreadcrumbList","@id":"https:\/\/radioinfinitagoya.com.ar\/v1\/2026\/08\/31\/gran-convocatoria-en-el-festejo-del-dia-del-nino-en-costa-surubi\/#breadcrumb","itemListElement":[{"@type":"ListItem","position":1,"name":"Inicio","item":"https:\/\/radioinfinitagoya.com.ar\/v1\/"},{"@type":"ListItem","position":2,"name":"Gran convocatoria en el festejo del D\u00eda del Ni\u00f1o en Costa Surub\u00ed"}]},{"@type":"WebSite","@id":"https:\/\/radioinfinitagoya.com.ar\/v1\/#website","url":"https:\/\/radioinfinitagoya.com.ar\/v1\/","name":"radioinfinitagoya.com.ar","description":"Radio de noticias","publisher":{"@id":"https:\/\/radioinfinitagoya.com.ar\/v1\/#organization"},"potentialAction":[{"@type":"SearchAction","target":{"@type":"EntryPoint","urlTemplate":"https:\/\/radioinfinitagoya.com.ar\/v1\/?s={search_term_string}"},"query-input":{"@type":"PropertyValueSpecification","valueRequired":true,"valueName":"search_term_string"}}],"inLanguage":"es-AR"},{"@type":"Organization","@id":"https:\/\/radioinfinitagoya.com.ar\/v1\/#organization","name":"Radio Infinita Goya","url":"https:\/\/radioinfinitagoya.com.ar\/v1\/","logo":{"@type":"ImageObject","inLanguage":"es-AR","@id":"https:\/\/radioinfinitagoya.com.ar\/v1\/#\/schema\/logo\/image\/","url":"https:\/\/radioinfinitagoya.com.ar\/v1\/wp-content\/uploads\/2019\/11\/logo-pie-web.png","contentUrl":"https:\/\/radioinfinitagoya.com.ar\/v1\/wp-content\/uploads\/2019\/11\/logo-pie-web.png","width":635,"height":326,"caption":"Radio Infinita Goya"},"image":{"@id":"https:\/\/radioinfinitagoya.com.ar\/v1\/#\/schema\/logo\/image\/"},"sameAs":["https:\/\/www.facebook.com\/p\/Infinita-Goya-100063870918311\/"]},{"@type":"Person","@id":"https:\/\/radioinfinitagoya.com.ar\/v1\/#\/schema\/person\/d4cf9c413d4f6edb24aabdccab49ca4a","name":"Jorge Mi\u00f1o","image":{"@type":"ImageObject","inLanguage":"es-AR","@id":"https:\/\/secure.gravatar.com\/avatar\/910fcf6728fe95320e07a6643c1581fec1c7fc4bf8ae12e3d8f0d0373dc844be?s=96&d=mm&r=g","url":"https:\/\/secure.gravatar.com\/avatar\/910fcf6728fe95320e07a6643c1581fec1c7fc4bf8ae12e3d8f0d0373dc844be?s=96&d=mm&r=g","contentUrl":"https:\/\/secure.gravatar.com\/avatar\/910fcf6728fe95320e07a6643c1581fec1c7fc4bf8ae12e3d8f0d0373dc844be?s=96&d=mm&r=g","caption":"Jorge Mi\u00f1o"},"sameAs":["http:\/\/radioinfinitagoya.com.ar"]}]}},"_links":{"self":[{"href":"https:\/\/radioinfinitagoya.com.ar\/v1\/wp-json\/wp\/v2\/posts\/226400","targetHints":{"allow":["GET"]}}],"collection":[{"href":"https:\/\/radioinfinitagoya.com.ar\/v1\/wp-json\/wp\/v2\/posts"}],"about":[{"href":"https:\/\/radioinfinitagoya.com.ar\/v1\/wp-json\/wp\/v2\/types\/post"}],"author":[{"embeddable":true,"href":"https:\/\/radioinfinitagoya.com.ar\/v1\/wp-json\/wp\/v2\/users\/4"}],"replies":[{"embeddable":true,"href":"https:\/\/radioinfinitagoya.com.ar\/v1\/wp-json\/wp\/v2\/comments?post=226400"}],"version-history":[{"count":2,"href":"https:\/\/radioinfinitagoya.com.ar\/v1\/wp-json\/wp\/v2\/posts\/226400\/revisions"}],"predecessor-version":[{"id":226403,"href":"https:\/\/radioinfinitagoya.com.ar\/v1\/wp-json\/wp\/v2\/posts\/226400\/revisions\/226403"}],"wp:featuredmedia":[{"embeddable":true,"href":"https:\/\/radioinfinitagoya.com.ar\/v1\/wp-json\/wp\/v2\/media\/226401"}],"wp:attachment":[{"href":"https:\/\/radioinfinitagoya.com.ar\/v1\/wp-json\/wp\/v2\/media?parent=226400"}],"wp:term":[{"taxonomy":"category","embeddable":true,"href":"https:\/\/radioinfinitagoya.com.ar\/v1\/wp-json\/wp\/v2\/categories?post=226400"},{"taxonomy":"post_tag","embeddable":true,"href":"https:\/\/radioinfinitagoya.com.ar\/v1\/wp-json\/wp\/v2\/tags?post=226400"}],"curies":[{"name":"wp","href":"https:\/\/api.w.org\/{rel}","templated":true}]}}