{"id":226404,"date":"2026-08-31T14:34:36","date_gmt":"2026-08-31T17:34:36","guid":{"rendered":"https:\/\/radioinfinitagoya.com.ar\/v1\/?p=226404"},"modified":"2026-08-31T14:34:36","modified_gmt":"2026-08-31T17:34:36","slug":"goya-conecta","status":"publish","type":"post","link":"https:\/\/radioinfinitagoya.com.ar\/v1\/2026\/08\/31\/goya-conecta\/","title":{"rendered":"Goya Conecta"},"content":{"rendered":"<p>Primera Ronda de Negocios<\/p>\n<p>Con la participaci\u00f3n de emprendedores, operadores tur\u00edsticos, prestadores de servicios varios, agencias y empresas de turismo, se desarroll\u00f3 el s\u00e1bado en horas de la tarde en el Sal\u00f3n de Usos M\u00faltiples (SUM) \u201cCoqui\u201d Correa, ubicado en el predio Costa Surub\u00ed., la Primera Ronda de Negocios, de la propuesta Goya Conecta.<\/p>\n<p>El objetivo de la convocatoria fue crear un espacio, un \u00e1mbito adecuado para generar nuevas alianzas estrat\u00e9gicas entre prestadores y emprendedores del sector, para conocerse, intercambiar ideas y crear propuestas conjuntas.<\/p>\n<p>Con la presencia del Secretario de Turismo Sebasti\u00e1n Candia, la Secretaria de Industria Mar\u00eda Paz Lampugnani, la coordinadora del espacio Stella Araya participaron prestadores, operadores de los siguientes rubros: Alojamientos; Gastronom\u00eda; Gu\u00edas de turismo y pesca; Comercios (rubros varios); Artesanos;<\/p>\n<p>Productores locales; Prestadores de servicios tur\u00edsticos y Agencias de turismo, con una din\u00e1mica de colocar a cada rubro en mesas identificadas por colores, para lograr el intercambio de informaci\u00f3n, adquirir conocimiento de cada actividad desarrollada por cada uno de ellos.<\/p>\n<p>Este primer encuentro finaliz\u00f3 con la pr\u00e1ctica de dise\u00f1o de paquetes tur\u00edsticos para fines de semana y feriados, potenciando todo lo que Goya tiene para ofrecer.<\/p>\n<p>Bajo la marca \u201cGoya Ciudad Energ\u00eda Natural\u201d, se busca que cada vecino se convierta en un verdadero anfitri\u00f3n de nuestra ciudad, reconociendo, valorando y creyendo en nuestros recursos.<\/p>\n<p>Seg\u00fan las opiniones de organizadores y participantes, se puede calificar de positivo, productiva esta primera iniciativa, marcada como una Ronda de Negocios.<\/p>\n<p>Direcci\u00f3n de Prensa-Municipalidad de Goya<\/p>\n<p>&nbsp;<\/p>\n<p>&nbsp;<\/p>\n","protected":false},"excerpt":{"rendered":"<p>Primera Ronda de Negocios Con la participaci\u00f3n de emprendedores, operadores tur\u00edsticos, prestadores de servicios varios, agencias y empresas de turismo, se desarroll\u00f3 el s\u00e1bado en horas de la tarde en el Sal\u00f3n de Usos M\u00faltiples (SUM) \u201cCoqui\u201d Correa, ubicado en el predio Costa Surub\u00ed., la Primera Ronda de Negocios, de la propuesta Goya Conecta. El [&hellip;]<\/p>\n","protected":false},"author":4,"featured_media":226405,"comment_status":"open","ping_status":"open","sticky":false,"template":"","format":"standard","meta":{"_joinchat":[],"footnotes":""},"categories":[27],"tags":[],"class_list":["post-226404","post","type-post","status-publish","format-standard","has-post-thumbnail","category-locales"],"yoast_head":"<!-- This site is optimized with the Yoast SEO plugin v27.7 - https:\/\/yoast.com\/product\/yoast-seo-wordpress\/ -->\n<title>Goya Conecta - Radio Infinita Goya<\/title>\n<meta name=\"description\" content=\"Primera Ronda de Negocios Con la participaci\u00f3n de emprendedores, operadores tur\u00edsticos, prestadores de servicios varios, agencias y empresas de turismo,\" \/>\n<meta name=\"robots\" content=\"index, follow, max-snippet:-1, max-image-preview:large, max-video-preview:-1\" \/>\n<link rel=\"canonical\" href=\"https:\/\/radioinfinitagoya.com.ar\/v1\/2026\/08\/31\/goya-conecta\/\" \/>\n<meta property=\"og:locale\" content=\"es_ES\" \/>\n<meta property=\"og:type\" content=\"article\" \/>\n<meta property=\"og:title\" content=\"Goya Conecta - Radio Infinita Goya\" \/>\n<meta property=\"og:description\" content=\"Primera Ronda de Negocios Con la participaci\u00f3n de emprendedores, operadores tur\u00edsticos, prestadores de servicios varios, agencias y empresas de turismo,\" \/>\n<meta property=\"og:url\" content=\"https:\/\/radioinfinitagoya.com.ar\/v1\/2026\/08\/31\/goya-conecta\/\" \/>\n<meta property=\"og:site_name\" content=\"Radio Infinita Goya\" \/>\n<meta property=\"article:publisher\" content=\"https:\/\/www.facebook.com\/p\/Infinita-Goya-100063870918311\/\" \/>\n<meta property=\"article:published_time\" content=\"2026-08-31T17:34:36+00:00\" \/>\n<meta property=\"og:image\" content=\"https:\/\/radioinfinitagoya.com.ar\/v1\/wp-content\/uploads\/2026\/08\/goya_conecta_primera_ronda_de_negoci.jpg\" \/>\n\t<meta property=\"og:image:width\" content=\"848\" \/>\n\t<meta property=\"og:image:height\" content=\"477\" \/>\n\t<meta property=\"og:image:type\" content=\"image\/jpeg\" \/>\n<meta name=\"author\" content=\"Jorge Mi\u00f1o\" \/>\n<meta name=\"twitter:card\" content=\"summary_large_image\" \/>\n<meta name=\"twitter:label1\" content=\"Escrito por\" \/>\n\t<meta name=\"twitter:data1\" content=\"Jorge Mi\u00f1o\" \/>\n\t<meta name=\"twitter:label2\" content=\"Tiempo de lectura\" \/>\n\t<meta name=\"twitter:data2\" content=\"2 minutos\" \/>\n<script type=\"application\/ld+json\" class=\"yoast-schema-graph\">{\"@context\":\"https:\\\/\\\/schema.org\",\"@graph\":[{\"@type\":\"Article\",\"@id\":\"https:\\\/\\\/radioinfinitagoya.com.ar\\\/v1\\\/2026\\\/08\\\/31\\\/goya-conecta\\\/#article\",\"isPartOf\":{\"@id\":\"https:\\\/\\\/radioinfinitagoya.com.ar\\\/v1\\\/2026\\\/08\\\/31\\\/goya-conecta\\\/\"},\"author\":{\"name\":\"Jorge Mi\u00f1o\",\"@id\":\"https:\\\/\\\/radioinfinitagoya.com.ar\\\/v1\\\/#\\\/schema\\\/person\\\/d4cf9c413d4f6edb24aabdccab49ca4a\"},\"headline\":\"Goya Conecta\",\"datePublished\":\"2026-08-31T17:34:36+00:00\",\"mainEntityOfPage\":{\"@id\":\"https:\\\/\\\/radioinfinitagoya.com.ar\\\/v1\\\/2026\\\/08\\\/31\\\/goya-conecta\\\/\"},\"wordCount\":270,\"commentCount\":0,\"publisher\":{\"@id\":\"https:\\\/\\\/radioinfinitagoya.com.ar\\\/v1\\\/#organization\"},\"image\":{\"@id\":\"https:\\\/\\\/radioinfinitagoya.com.ar\\\/v1\\\/2026\\\/08\\\/31\\\/goya-conecta\\\/#primaryimage\"},\"thumbnailUrl\":\"https:\\\/\\\/radioinfinitagoya.com.ar\\\/v1\\\/wp-content\\\/uploads\\\/2026\\\/08\\\/goya_conecta_primera_ronda_de_negoci.jpg\",\"articleSection\":[\"LOCALES\"],\"inLanguage\":\"es-AR\",\"potentialAction\":[{\"@type\":\"CommentAction\",\"name\":\"Comment\",\"target\":[\"https:\\\/\\\/radioinfinitagoya.com.ar\\\/v1\\\/2026\\\/08\\\/31\\\/goya-conecta\\\/#respond\"]}]},{\"@type\":\"WebPage\",\"@id\":\"https:\\\/\\\/radioinfinitagoya.com.ar\\\/v1\\\/2026\\\/08\\\/31\\\/goya-conecta\\\/\",\"url\":\"https:\\\/\\\/radioinfinitagoya.com.ar\\\/v1\\\/2026\\\/08\\\/31\\\/goya-conecta\\\/\",\"name\":\"Goya Conecta - Radio Infinita Goya\",\"isPartOf\":{\"@id\":\"https:\\\/\\\/radioinfinitagoya.com.ar\\\/v1\\\/#website\"},\"primaryImageOfPage\":{\"@id\":\"https:\\\/\\\/radioinfinitagoya.com.ar\\\/v1\\\/2026\\\/08\\\/31\\\/goya-conecta\\\/#primaryimage\"},\"image\":{\"@id\":\"https:\\\/\\\/radioinfinitagoya.com.ar\\\/v1\\\/2026\\\/08\\\/31\\\/goya-conecta\\\/#primaryimage\"},\"thumbnailUrl\":\"https:\\\/\\\/radioinfinitagoya.com.ar\\\/v1\\\/wp-content\\\/uploads\\\/2026\\\/08\\\/goya_conecta_primera_ronda_de_negoci.jpg\",\"datePublished\":\"2026-08-31T17:34:36+00:00\",\"description\":\"Primera Ronda de Negocios Con la participaci\u00f3n de emprendedores, operadores tur\u00edsticos, prestadores de servicios varios, agencias y empresas de turismo,\",\"breadcrumb\":{\"@id\":\"https:\\\/\\\/radioinfinitagoya.com.ar\\\/v1\\\/2026\\\/08\\\/31\\\/goya-conecta\\\/#breadcrumb\"},\"inLanguage\":\"es-AR\",\"potentialAction\":[{\"@type\":\"ReadAction\",\"target\":[\"https:\\\/\\\/radioinfinitagoya.com.ar\\\/v1\\\/2026\\\/08\\\/31\\\/goya-conecta\\\/\"]}]},{\"@type\":\"ImageObject\",\"inLanguage\":\"es-AR\",\"@id\":\"https:\\\/\\\/radioinfinitagoya.com.ar\\\/v1\\\/2026\\\/08\\\/31\\\/goya-conecta\\\/#primaryimage\",\"url\":\"https:\\\/\\\/radioinfinitagoya.com.ar\\\/v1\\\/wp-content\\\/uploads\\\/2026\\\/08\\\/goya_conecta_primera_ronda_de_negoci.jpg\",\"contentUrl\":\"https:\\\/\\\/radioinfinitagoya.com.ar\\\/v1\\\/wp-content\\\/uploads\\\/2026\\\/08\\\/goya_conecta_primera_ronda_de_negoci.jpg\",\"width\":848,\"height\":477},{\"@type\":\"BreadcrumbList\",\"@id\":\"https:\\\/\\\/radioinfinitagoya.com.ar\\\/v1\\\/2026\\\/08\\\/31\\\/goya-conecta\\\/#breadcrumb\",\"itemListElement\":[{\"@type\":\"ListItem\",\"position\":1,\"name\":\"Inicio\",\"item\":\"https:\\\/\\\/radioinfinitagoya.com.ar\\\/v1\\\/\"},{\"@type\":\"ListItem\",\"position\":2,\"name\":\"Goya Conecta\"}]},{\"@type\":\"WebSite\",\"@id\":\"https:\\\/\\\/radioinfinitagoya.com.ar\\\/v1\\\/#website\",\"url\":\"https:\\\/\\\/radioinfinitagoya.com.ar\\\/v1\\\/\",\"name\":\"radioinfinitagoya.com.ar\",\"description\":\"Radio de noticias\",\"publisher\":{\"@id\":\"https:\\\/\\\/radioinfinitagoya.com.ar\\\/v1\\\/#organization\"},\"potentialAction\":[{\"@type\":\"SearchAction\",\"target\":{\"@type\":\"EntryPoint\",\"urlTemplate\":\"https:\\\/\\\/radioinfinitagoya.com.ar\\\/v1\\\/?s={search_term_string}\"},\"query-input\":{\"@type\":\"PropertyValueSpecification\",\"valueRequired\":true,\"valueName\":\"search_term_string\"}}],\"inLanguage\":\"es-AR\"},{\"@type\":\"Organization\",\"@id\":\"https:\\\/\\\/radioinfinitagoya.com.ar\\\/v1\\\/#organization\",\"name\":\"Radio Infinita Goya\",\"url\":\"https:\\\/\\\/radioinfinitagoya.com.ar\\\/v1\\\/\",\"logo\":{\"@type\":\"ImageObject\",\"inLanguage\":\"es-AR\",\"@id\":\"https:\\\/\\\/radioinfinitagoya.com.ar\\\/v1\\\/#\\\/schema\\\/logo\\\/image\\\/\",\"url\":\"https:\\\/\\\/radioinfinitagoya.com.ar\\\/v1\\\/wp-content\\\/uploads\\\/2019\\\/11\\\/logo-pie-web.png\",\"contentUrl\":\"https:\\\/\\\/radioinfinitagoya.com.ar\\\/v1\\\/wp-content\\\/uploads\\\/2019\\\/11\\\/logo-pie-web.png\",\"width\":635,\"height\":326,\"caption\":\"Radio Infinita Goya\"},\"image\":{\"@id\":\"https:\\\/\\\/radioinfinitagoya.com.ar\\\/v1\\\/#\\\/schema\\\/logo\\\/image\\\/\"},\"sameAs\":[\"https:\\\/\\\/www.facebook.com\\\/p\\\/Infinita-Goya-100063870918311\\\/\"]},{\"@type\":\"Person\",\"@id\":\"https:\\\/\\\/radioinfinitagoya.com.ar\\\/v1\\\/#\\\/schema\\\/person\\\/d4cf9c413d4f6edb24aabdccab49ca4a\",\"name\":\"Jorge Mi\u00f1o\",\"image\":{\"@type\":\"ImageObject\",\"inLanguage\":\"es-AR\",\"@id\":\"https:\\\/\\\/secure.gravatar.com\\\/avatar\\\/910fcf6728fe95320e07a6643c1581fec1c7fc4bf8ae12e3d8f0d0373dc844be?s=96&d=mm&r=g\",\"url\":\"https:\\\/\\\/secure.gravatar.com\\\/avatar\\\/910fcf6728fe95320e07a6643c1581fec1c7fc4bf8ae12e3d8f0d0373dc844be?s=96&d=mm&r=g\",\"contentUrl\":\"https:\\\/\\\/secure.gravatar.com\\\/avatar\\\/910fcf6728fe95320e07a6643c1581fec1c7fc4bf8ae12e3d8f0d0373dc844be?s=96&d=mm&r=g\",\"caption\":\"Jorge Mi\u00f1o\"},\"sameAs\":[\"http:\\\/\\\/radioinfinitagoya.com.ar\"]}]}<\/script>\n<!-- \/ Yoast SEO plugin. -->","yoast_head_json":{"title":"Goya Conecta - Radio Infinita Goya","description":"Primera Ronda de Negocios Con la participaci\u00f3n de emprendedores, operadores tur\u00edsticos, prestadores de servicios varios, agencias y empresas de turismo,","robots":{"index":"index","follow":"follow","max-snippet":"max-snippet:-1","max-image-preview":"max-image-preview:large","max-video-preview":"max-video-preview:-1"},"canonical":"https:\/\/radioinfinitagoya.com.ar\/v1\/2026\/08\/31\/goya-conecta\/","og_locale":"es_ES","og_type":"article","og_title":"Goya Conecta - Radio Infinita Goya","og_description":"Primera Ronda de Negocios Con la participaci\u00f3n de emprendedores, operadores tur\u00edsticos, prestadores de servicios varios, agencias y empresas de turismo,","og_url":"https:\/\/radioinfinitagoya.com.ar\/v1\/2026\/08\/31\/goya-conecta\/","og_site_name":"Radio Infinita Goya","article_publisher":"https:\/\/www.facebook.com\/p\/Infinita-Goya-100063870918311\/","article_published_time":"2026-08-31T17:34:36+00:00","og_image":[{"width":848,"height":477,"url":"https:\/\/radioinfinitagoya.com.ar\/v1\/wp-content\/uploads\/2026\/08\/goya_conecta_primera_ronda_de_negoci.jpg","type":"image\/jpeg"}],"author":"Jorge Mi\u00f1o","twitter_card":"summary_large_image","twitter_misc":{"Escrito por":"Jorge Mi\u00f1o","Tiempo de lectura":"2 minutos"},"schema":{"@context":"https:\/\/schema.org","@graph":[{"@type":"Article","@id":"https:\/\/radioinfinitagoya.com.ar\/v1\/2026\/08\/31\/goya-conecta\/#article","isPartOf":{"@id":"https:\/\/radioinfinitagoya.com.ar\/v1\/2026\/08\/31\/goya-conecta\/"},"author":{"name":"Jorge Mi\u00f1o","@id":"https:\/\/radioinfinitagoya.com.ar\/v1\/#\/schema\/person\/d4cf9c413d4f6edb24aabdccab49ca4a"},"headline":"Goya Conecta","datePublished":"2026-08-31T17:34:36+00:00","mainEntityOfPage":{"@id":"https:\/\/radioinfinitagoya.com.ar\/v1\/2026\/08\/31\/goya-conecta\/"},"wordCount":270,"commentCount":0,"publisher":{"@id":"https:\/\/radioinfinitagoya.com.ar\/v1\/#organization"},"image":{"@id":"https:\/\/radioinfinitagoya.com.ar\/v1\/2026\/08\/31\/goya-conecta\/#primaryimage"},"thumbnailUrl":"https:\/\/radioinfinitagoya.com.ar\/v1\/wp-content\/uploads\/2026\/08\/goya_conecta_primera_ronda_de_negoci.jpg","articleSection":["LOCALES"],"inLanguage":"es-AR","potentialAction":[{"@type":"CommentAction","name":"Comment","target":["https:\/\/radioinfinitagoya.com.ar\/v1\/2026\/08\/31\/goya-conecta\/#respond"]}]},{"@type":"WebPage","@id":"https:\/\/radioinfinitagoya.com.ar\/v1\/2026\/08\/31\/goya-conecta\/","url":"https:\/\/radioinfinitagoya.com.ar\/v1\/2026\/08\/31\/goya-conecta\/","name":"Goya Conecta - Radio Infinita Goya","isPartOf":{"@id":"https:\/\/radioinfinitagoya.com.ar\/v1\/#website"},"primaryImageOfPage":{"@id":"https:\/\/radioinfinitagoya.com.ar\/v1\/2026\/08\/31\/goya-conecta\/#primaryimage"},"image":{"@id":"https:\/\/radioinfinitagoya.com.ar\/v1\/2026\/08\/31\/goya-conecta\/#primaryimage"},"thumbnailUrl":"https:\/\/radioinfinitagoya.com.ar\/v1\/wp-content\/uploads\/2026\/08\/goya_conecta_primera_ronda_de_negoci.jpg","datePublished":"2026-08-31T17:34:36+00:00","description":"Primera Ronda de Negocios Con la participaci\u00f3n de emprendedores, operadores tur\u00edsticos, prestadores de servicios varios, agencias y empresas de turismo,","breadcrumb":{"@id":"https:\/\/radioinfinitagoya.com.ar\/v1\/2026\/08\/31\/goya-conecta\/#breadcrumb"},"inLanguage":"es-AR","potentialAction":[{"@type":"ReadAction","target":["https:\/\/radioinfinitagoya.com.ar\/v1\/2026\/08\/31\/goya-conecta\/"]}]},{"@type":"ImageObject","inLanguage":"es-AR","@id":"https:\/\/radioinfinitagoya.com.ar\/v1\/2026\/08\/31\/goya-conecta\/#primaryimage","url":"https:\/\/radioinfinitagoya.com.ar\/v1\/wp-content\/uploads\/2026\/08\/goya_conecta_primera_ronda_de_negoci.jpg","contentUrl":"https:\/\/radioinfinitagoya.com.ar\/v1\/wp-content\/uploads\/2026\/08\/goya_conecta_primera_ronda_de_negoci.jpg","width":848,"height":477},{"@type":"BreadcrumbList","@id":"https:\/\/radioinfinitagoya.com.ar\/v1\/2026\/08\/31\/goya-conecta\/#breadcrumb","itemListElement":[{"@type":"ListItem","position":1,"name":"Inicio","item":"https:\/\/radioinfinitagoya.com.ar\/v1\/"},{"@type":"ListItem","position":2,"name":"Goya Conecta"}]},{"@type":"WebSite","@id":"https:\/\/radioinfinitagoya.com.ar\/v1\/#website","url":"https:\/\/radioinfinitagoya.com.ar\/v1\/","name":"radioinfinitagoya.com.ar","description":"Radio de noticias","publisher":{"@id":"https:\/\/radioinfinitagoya.com.ar\/v1\/#organization"},"potentialAction":[{"@type":"SearchAction","target":{"@type":"EntryPoint","urlTemplate":"https:\/\/radioinfinitagoya.com.ar\/v1\/?s={search_term_string}"},"query-input":{"@type":"PropertyValueSpecification","valueRequired":true,"valueName":"search_term_string"}}],"inLanguage":"es-AR"},{"@type":"Organization","@id":"https:\/\/radioinfinitagoya.com.ar\/v1\/#organization","name":"Radio Infinita Goya","url":"https:\/\/radioinfinitagoya.com.ar\/v1\/","logo":{"@type":"ImageObject","inLanguage":"es-AR","@id":"https:\/\/radioinfinitagoya.com.ar\/v1\/#\/schema\/logo\/image\/","url":"https:\/\/radioinfinitagoya.com.ar\/v1\/wp-content\/uploads\/2019\/11\/logo-pie-web.png","contentUrl":"https:\/\/radioinfinitagoya.com.ar\/v1\/wp-content\/uploads\/2019\/11\/logo-pie-web.png","width":635,"height":326,"caption":"Radio Infinita Goya"},"image":{"@id":"https:\/\/radioinfinitagoya.com.ar\/v1\/#\/schema\/logo\/image\/"},"sameAs":["https:\/\/www.facebook.com\/p\/Infinita-Goya-100063870918311\/"]},{"@type":"Person","@id":"https:\/\/radioinfinitagoya.com.ar\/v1\/#\/schema\/person\/d4cf9c413d4f6edb24aabdccab49ca4a","name":"Jorge Mi\u00f1o","image":{"@type":"ImageObject","inLanguage":"es-AR","@id":"https:\/\/secure.gravatar.com\/avatar\/910fcf6728fe95320e07a6643c1581fec1c7fc4bf8ae12e3d8f0d0373dc844be?s=96&d=mm&r=g","url":"https:\/\/secure.gravatar.com\/avatar\/910fcf6728fe95320e07a6643c1581fec1c7fc4bf8ae12e3d8f0d0373dc844be?s=96&d=mm&r=g","contentUrl":"https:\/\/secure.gravatar.com\/avatar\/910fcf6728fe95320e07a6643c1581fec1c7fc4bf8ae12e3d8f0d0373dc844be?s=96&d=mm&r=g","caption":"Jorge Mi\u00f1o"},"sameAs":["http:\/\/radioinfinitagoya.com.ar"]}]}},"_links":{"self":[{"href":"https:\/\/radioinfinitagoya.com.ar\/v1\/wp-json\/wp\/v2\/posts\/226404","targetHints":{"allow":["GET"]}}],"collection":[{"href":"https:\/\/radioinfinitagoya.com.ar\/v1\/wp-json\/wp\/v2\/posts"}],"about":[{"href":"https:\/\/radioinfinitagoya.com.ar\/v1\/wp-json\/wp\/v2\/types\/post"}],"author":[{"embeddable":true,"href":"https:\/\/radioinfinitagoya.com.ar\/v1\/wp-json\/wp\/v2\/users\/4"}],"replies":[{"embeddable":true,"href":"https:\/\/radioinfinitagoya.com.ar\/v1\/wp-json\/wp\/v2\/comments?post=226404"}],"version-history":[{"count":2,"href":"https:\/\/radioinfinitagoya.com.ar\/v1\/wp-json\/wp\/v2\/posts\/226404\/revisions"}],"predecessor-version":[{"id":226407,"href":"https:\/\/radioinfinitagoya.com.ar\/v1\/wp-json\/wp\/v2\/posts\/226404\/revisions\/226407"}],"wp:featuredmedia":[{"embeddable":true,"href":"https:\/\/radioinfinitagoya.com.ar\/v1\/wp-json\/wp\/v2\/media\/226405"}],"wp:attachment":[{"href":"https:\/\/radioinfinitagoya.com.ar\/v1\/wp-json\/wp\/v2\/media?parent=226404"}],"wp:term":[{"taxonomy":"category","embeddable":true,"href":"https:\/\/radioinfinitagoya.com.ar\/v1\/wp-json\/wp\/v2\/categories?post=226404"},{"taxonomy":"post_tag","embeddable":true,"href":"https:\/\/radioinfinitagoya.com.ar\/v1\/wp-json\/wp\/v2\/tags?post=226404"}],"curies":[{"name":"wp","href":"https:\/\/api.w.org\/{rel}","templated":true}]}}