{"id":226408,"date":"2026-08-31T14:37:41","date_gmt":"2026-08-31T17:37:41","guid":{"rendered":"https:\/\/radioinfinitagoya.com.ar\/v1\/?p=226408"},"modified":"2026-08-31T14:37:41","modified_gmt":"2026-08-31T17:37:41","slug":"festejo-dia-del-nino-2","status":"publish","type":"post","link":"https:\/\/radioinfinitagoya.com.ar\/v1\/2026\/08\/31\/festejo-dia-del-nino-2\/","title":{"rendered":"Festejo D\u00eda del Ni\u00f1o"},"content":{"rendered":"<p>Un amplio despliegue de todas las \u00e1reas municipales para realzar el festejo destinado a los ni\u00f1os de Goya, de la ciudad y el campo.<\/p>\n<p>Durante la jornada del domingo funcionarios de la Municipalidad acompa\u00f1aron las actividades programadas con este prop\u00f3sito, en tal sentido la Secretaria de Educaci\u00f3n Sonia Espina, entrevistada por el equipo period\u00edstico encargado de la transmisi\u00f3n en vivo requiri\u00f3 la opini\u00f3n de la funcionaria, consultando adem\u00e1s por actividades programadas para el mes que inicia, septiembre, en virtud de las celebraciones de los d\u00edas, del maestro, del profesor y del estudiante.<\/p>\n<p>\u201cTodas las \u00e1reas han dise\u00f1ado actividades recreativas, deportivas, art\u00edsticas, preventivas, no es solamente el juego, el mayor objetivo es generar contenidos para nuestros ni\u00f1os.\u201d Asegur\u00f3 la Secretaria de Educaci\u00f3n<\/p>\n<p>PROPUESTAS RECREATIVAS, DEPORTIVAS Y PREVENTIVAS<\/p>\n<p>La Secretaria de Educaci\u00f3n, sobre el agasajo a los ni\u00f1os, expres\u00f3: \u201cEstamos contentos de volver a realizar este festejo para el d\u00eda del ni\u00f1o, acompa\u00f1ando con diferentes propuestas, en el caso de nuestra secretar\u00eda, juegos did\u00e1cticos, la Escuela de Artes Pl\u00e1sticas para incentivar la creatividad de nuestros ni\u00f1os.<\/p>\n<p>\u201cTodas las \u00e1reas han dise\u00f1ado actividades, -agreg\u00f3- recreativas, deportivas, art\u00edsticas, preventivas, no es solamente el juego sino desde cada Secretar\u00eda, direcciones el mayor objetivo es generar contenidos para nuestros ni\u00f1os.\u201d<\/p>\n<p>SEPTIEMBRE RENACE CON DIFERENTES INICIATIVAS<\/p>\n<p>Consultada por el equipo period\u00edstico durante la transmisi\u00f3n, sobre las actividades programadas para el pr\u00f3ximo mes, la funcionaria adelant\u00f3: \u201cEn el mes de septiembre se vienen diferentes actividades, el d\u00eda del maestro, del profesor, del estudiante, en ese sentido nosotros desde el municipio en algunos casos acompa\u00f1amos a estas posibilidades, en el caso de los educadores estaremos reconociendo a los docentes destacados, en relaci\u00f3n a la estudiantina nos hemos reunido con los estudiantes, con el consejo de rectores para acompa\u00f1ar su encuentro, su fiesta, m\u00e1s all\u00e1 del dif\u00edcil contexto econ\u00f3mico el Intendente Mariano Hormaechea tom\u00f3 la decisi\u00f3n de acompa\u00f1ar, es importante estar junto a ese esfuerzo, no es solo las competencias, sino valorar el compromiso responsable de organizar un evento de esa magnitud, estaremos junto a ellos los d\u00edas 18, 19 y 20 de septiembre, en las instalaciones del predio \u201cCampo Amigo\u201d<\/p>\n<p>DOCENTES DESTACADOS<\/p>\n<p>Ante la pregunta sobre el reconocimiento a docentes, indic\u00f3: \u201cSe gener\u00f3 ese momento especial de reconocer a los docentes, estaremos en contacto con los diferentes establecimientos, este a\u00f1o incluiremos en la menci\u00f3n por su labor educativa a los docentes jubilados, porque han aportado su tiempo, dedicaci\u00f3n a la ense\u00f1anza de nuestros ni\u00f1os y j\u00f3venes.\u201d Concluy\u00f3 la Secretaria de Educaci\u00f3n Sonia Espina.<\/p>\n<p>Direcci\u00f3n de Prensa-Municipalidad de Goya<\/p>\n<p>&nbsp;<\/p>\n","protected":false},"excerpt":{"rendered":"<p>Un amplio despliegue de todas las \u00e1reas municipales para realzar el festejo destinado a los ni\u00f1os de Goya, de la ciudad y el campo. Durante la jornada del domingo funcionarios de la Municipalidad acompa\u00f1aron las actividades programadas con este prop\u00f3sito, en tal sentido la Secretaria de Educaci\u00f3n Sonia Espina, entrevistada por el equipo period\u00edstico encargado [&hellip;]<\/p>\n","protected":false},"author":4,"featured_media":226409,"comment_status":"open","ping_status":"open","sticky":false,"template":"","format":"standard","meta":{"_joinchat":[],"footnotes":""},"categories":[27],"tags":[],"class_list":["post-226408","post","type-post","status-publish","format-standard","has-post-thumbnail","category-locales"],"yoast_head":"<!-- This site is optimized with the Yoast SEO plugin v27.7 - https:\/\/yoast.com\/product\/yoast-seo-wordpress\/ -->\n<title>Festejo D\u00eda del Ni\u00f1o - Radio Infinita Goya<\/title>\n<meta name=\"description\" content=\"Un amplio despliegue de todas las \u00e1reas municipales para realzar el festejo destinado a los ni\u00f1os de Goya, de la ciudad y el campo. Durante la jornada del\" \/>\n<meta name=\"robots\" content=\"index, follow, max-snippet:-1, max-image-preview:large, max-video-preview:-1\" \/>\n<link rel=\"canonical\" href=\"https:\/\/radioinfinitagoya.com.ar\/v1\/2026\/08\/31\/festejo-dia-del-nino-2\/\" \/>\n<meta property=\"og:locale\" content=\"es_ES\" \/>\n<meta property=\"og:type\" content=\"article\" \/>\n<meta property=\"og:title\" content=\"Festejo D\u00eda del Ni\u00f1o - Radio Infinita Goya\" \/>\n<meta property=\"og:description\" content=\"Un amplio despliegue de todas las \u00e1reas municipales para realzar el festejo destinado a los ni\u00f1os de Goya, de la ciudad y el campo. Durante la jornada del\" \/>\n<meta property=\"og:url\" content=\"https:\/\/radioinfinitagoya.com.ar\/v1\/2026\/08\/31\/festejo-dia-del-nino-2\/\" \/>\n<meta property=\"og:site_name\" content=\"Radio Infinita Goya\" \/>\n<meta property=\"article:publisher\" content=\"https:\/\/www.facebook.com\/p\/Infinita-Goya-100063870918311\/\" \/>\n<meta property=\"article:published_time\" content=\"2026-08-31T17:37:41+00:00\" \/>\n<meta property=\"og:image\" content=\"https:\/\/radioinfinitagoya.com.ar\/v1\/wp-content\/uploads\/2026\/08\/dia_del_nino_nota_a_sonia_espin.jpg\" \/>\n\t<meta property=\"og:image:width\" content=\"848\" \/>\n\t<meta property=\"og:image:height\" content=\"477\" \/>\n\t<meta property=\"og:image:type\" content=\"image\/jpeg\" \/>\n<meta name=\"author\" content=\"Jorge Mi\u00f1o\" \/>\n<meta name=\"twitter:card\" content=\"summary_large_image\" \/>\n<meta name=\"twitter:label1\" content=\"Escrito por\" \/>\n\t<meta name=\"twitter:data1\" content=\"Jorge Mi\u00f1o\" \/>\n\t<meta name=\"twitter:label2\" content=\"Tiempo de lectura\" \/>\n\t<meta name=\"twitter:data2\" content=\"3 minutos\" \/>\n<script type=\"application\/ld+json\" class=\"yoast-schema-graph\">{\"@context\":\"https:\\\/\\\/schema.org\",\"@graph\":[{\"@type\":\"Article\",\"@id\":\"https:\\\/\\\/radioinfinitagoya.com.ar\\\/v1\\\/2026\\\/08\\\/31\\\/festejo-dia-del-nino-2\\\/#article\",\"isPartOf\":{\"@id\":\"https:\\\/\\\/radioinfinitagoya.com.ar\\\/v1\\\/2026\\\/08\\\/31\\\/festejo-dia-del-nino-2\\\/\"},\"author\":{\"name\":\"Jorge Mi\u00f1o\",\"@id\":\"https:\\\/\\\/radioinfinitagoya.com.ar\\\/v1\\\/#\\\/schema\\\/person\\\/d4cf9c413d4f6edb24aabdccab49ca4a\"},\"headline\":\"Festejo D\u00eda del Ni\u00f1o\",\"datePublished\":\"2026-08-31T17:37:41+00:00\",\"mainEntityOfPage\":{\"@id\":\"https:\\\/\\\/radioinfinitagoya.com.ar\\\/v1\\\/2026\\\/08\\\/31\\\/festejo-dia-del-nino-2\\\/\"},\"wordCount\":471,\"commentCount\":0,\"publisher\":{\"@id\":\"https:\\\/\\\/radioinfinitagoya.com.ar\\\/v1\\\/#organization\"},\"image\":{\"@id\":\"https:\\\/\\\/radioinfinitagoya.com.ar\\\/v1\\\/2026\\\/08\\\/31\\\/festejo-dia-del-nino-2\\\/#primaryimage\"},\"thumbnailUrl\":\"https:\\\/\\\/radioinfinitagoya.com.ar\\\/v1\\\/wp-content\\\/uploads\\\/2026\\\/08\\\/dia_del_nino_nota_a_sonia_espin.jpg\",\"articleSection\":[\"LOCALES\"],\"inLanguage\":\"es-AR\",\"potentialAction\":[{\"@type\":\"CommentAction\",\"name\":\"Comment\",\"target\":[\"https:\\\/\\\/radioinfinitagoya.com.ar\\\/v1\\\/2026\\\/08\\\/31\\\/festejo-dia-del-nino-2\\\/#respond\"]}]},{\"@type\":\"WebPage\",\"@id\":\"https:\\\/\\\/radioinfinitagoya.com.ar\\\/v1\\\/2026\\\/08\\\/31\\\/festejo-dia-del-nino-2\\\/\",\"url\":\"https:\\\/\\\/radioinfinitagoya.com.ar\\\/v1\\\/2026\\\/08\\\/31\\\/festejo-dia-del-nino-2\\\/\",\"name\":\"Festejo D\u00eda del Ni\u00f1o - Radio Infinita Goya\",\"isPartOf\":{\"@id\":\"https:\\\/\\\/radioinfinitagoya.com.ar\\\/v1\\\/#website\"},\"primaryImageOfPage\":{\"@id\":\"https:\\\/\\\/radioinfinitagoya.com.ar\\\/v1\\\/2026\\\/08\\\/31\\\/festejo-dia-del-nino-2\\\/#primaryimage\"},\"image\":{\"@id\":\"https:\\\/\\\/radioinfinitagoya.com.ar\\\/v1\\\/2026\\\/08\\\/31\\\/festejo-dia-del-nino-2\\\/#primaryimage\"},\"thumbnailUrl\":\"https:\\\/\\\/radioinfinitagoya.com.ar\\\/v1\\\/wp-content\\\/uploads\\\/2026\\\/08\\\/dia_del_nino_nota_a_sonia_espin.jpg\",\"datePublished\":\"2026-08-31T17:37:41+00:00\",\"description\":\"Un amplio despliegue de todas las \u00e1reas municipales para realzar el festejo destinado a los ni\u00f1os de Goya, de la ciudad y el campo. Durante la jornada del\",\"breadcrumb\":{\"@id\":\"https:\\\/\\\/radioinfinitagoya.com.ar\\\/v1\\\/2026\\\/08\\\/31\\\/festejo-dia-del-nino-2\\\/#breadcrumb\"},\"inLanguage\":\"es-AR\",\"potentialAction\":[{\"@type\":\"ReadAction\",\"target\":[\"https:\\\/\\\/radioinfinitagoya.com.ar\\\/v1\\\/2026\\\/08\\\/31\\\/festejo-dia-del-nino-2\\\/\"]}]},{\"@type\":\"ImageObject\",\"inLanguage\":\"es-AR\",\"@id\":\"https:\\\/\\\/radioinfinitagoya.com.ar\\\/v1\\\/2026\\\/08\\\/31\\\/festejo-dia-del-nino-2\\\/#primaryimage\",\"url\":\"https:\\\/\\\/radioinfinitagoya.com.ar\\\/v1\\\/wp-content\\\/uploads\\\/2026\\\/08\\\/dia_del_nino_nota_a_sonia_espin.jpg\",\"contentUrl\":\"https:\\\/\\\/radioinfinitagoya.com.ar\\\/v1\\\/wp-content\\\/uploads\\\/2026\\\/08\\\/dia_del_nino_nota_a_sonia_espin.jpg\",\"width\":848,\"height\":477},{\"@type\":\"BreadcrumbList\",\"@id\":\"https:\\\/\\\/radioinfinitagoya.com.ar\\\/v1\\\/2026\\\/08\\\/31\\\/festejo-dia-del-nino-2\\\/#breadcrumb\",\"itemListElement\":[{\"@type\":\"ListItem\",\"position\":1,\"name\":\"Inicio\",\"item\":\"https:\\\/\\\/radioinfinitagoya.com.ar\\\/v1\\\/\"},{\"@type\":\"ListItem\",\"position\":2,\"name\":\"Festejo D\u00eda del Ni\u00f1o\"}]},{\"@type\":\"WebSite\",\"@id\":\"https:\\\/\\\/radioinfinitagoya.com.ar\\\/v1\\\/#website\",\"url\":\"https:\\\/\\\/radioinfinitagoya.com.ar\\\/v1\\\/\",\"name\":\"radioinfinitagoya.com.ar\",\"description\":\"Radio de noticias\",\"publisher\":{\"@id\":\"https:\\\/\\\/radioinfinitagoya.com.ar\\\/v1\\\/#organization\"},\"potentialAction\":[{\"@type\":\"SearchAction\",\"target\":{\"@type\":\"EntryPoint\",\"urlTemplate\":\"https:\\\/\\\/radioinfinitagoya.com.ar\\\/v1\\\/?s={search_term_string}\"},\"query-input\":{\"@type\":\"PropertyValueSpecification\",\"valueRequired\":true,\"valueName\":\"search_term_string\"}}],\"inLanguage\":\"es-AR\"},{\"@type\":\"Organization\",\"@id\":\"https:\\\/\\\/radioinfinitagoya.com.ar\\\/v1\\\/#organization\",\"name\":\"Radio Infinita Goya\",\"url\":\"https:\\\/\\\/radioinfinitagoya.com.ar\\\/v1\\\/\",\"logo\":{\"@type\":\"ImageObject\",\"inLanguage\":\"es-AR\",\"@id\":\"https:\\\/\\\/radioinfinitagoya.com.ar\\\/v1\\\/#\\\/schema\\\/logo\\\/image\\\/\",\"url\":\"https:\\\/\\\/radioinfinitagoya.com.ar\\\/v1\\\/wp-content\\\/uploads\\\/2019\\\/11\\\/logo-pie-web.png\",\"contentUrl\":\"https:\\\/\\\/radioinfinitagoya.com.ar\\\/v1\\\/wp-content\\\/uploads\\\/2019\\\/11\\\/logo-pie-web.png\",\"width\":635,\"height\":326,\"caption\":\"Radio Infinita Goya\"},\"image\":{\"@id\":\"https:\\\/\\\/radioinfinitagoya.com.ar\\\/v1\\\/#\\\/schema\\\/logo\\\/image\\\/\"},\"sameAs\":[\"https:\\\/\\\/www.facebook.com\\\/p\\\/Infinita-Goya-100063870918311\\\/\"]},{\"@type\":\"Person\",\"@id\":\"https:\\\/\\\/radioinfinitagoya.com.ar\\\/v1\\\/#\\\/schema\\\/person\\\/d4cf9c413d4f6edb24aabdccab49ca4a\",\"name\":\"Jorge Mi\u00f1o\",\"image\":{\"@type\":\"ImageObject\",\"inLanguage\":\"es-AR\",\"@id\":\"https:\\\/\\\/secure.gravatar.com\\\/avatar\\\/910fcf6728fe95320e07a6643c1581fec1c7fc4bf8ae12e3d8f0d0373dc844be?s=96&d=mm&r=g\",\"url\":\"https:\\\/\\\/secure.gravatar.com\\\/avatar\\\/910fcf6728fe95320e07a6643c1581fec1c7fc4bf8ae12e3d8f0d0373dc844be?s=96&d=mm&r=g\",\"contentUrl\":\"https:\\\/\\\/secure.gravatar.com\\\/avatar\\\/910fcf6728fe95320e07a6643c1581fec1c7fc4bf8ae12e3d8f0d0373dc844be?s=96&d=mm&r=g\",\"caption\":\"Jorge Mi\u00f1o\"},\"sameAs\":[\"http:\\\/\\\/radioinfinitagoya.com.ar\"]}]}<\/script>\n<!-- \/ Yoast SEO plugin. -->","yoast_head_json":{"title":"Festejo D\u00eda del Ni\u00f1o - Radio Infinita Goya","description":"Un amplio despliegue de todas las \u00e1reas municipales para realzar el festejo destinado a los ni\u00f1os de Goya, de la ciudad y el campo. Durante la jornada del","robots":{"index":"index","follow":"follow","max-snippet":"max-snippet:-1","max-image-preview":"max-image-preview:large","max-video-preview":"max-video-preview:-1"},"canonical":"https:\/\/radioinfinitagoya.com.ar\/v1\/2026\/08\/31\/festejo-dia-del-nino-2\/","og_locale":"es_ES","og_type":"article","og_title":"Festejo D\u00eda del Ni\u00f1o - Radio Infinita Goya","og_description":"Un amplio despliegue de todas las \u00e1reas municipales para realzar el festejo destinado a los ni\u00f1os de Goya, de la ciudad y el campo. Durante la jornada del","og_url":"https:\/\/radioinfinitagoya.com.ar\/v1\/2026\/08\/31\/festejo-dia-del-nino-2\/","og_site_name":"Radio Infinita Goya","article_publisher":"https:\/\/www.facebook.com\/p\/Infinita-Goya-100063870918311\/","article_published_time":"2026-08-31T17:37:41+00:00","og_image":[{"width":848,"height":477,"url":"https:\/\/radioinfinitagoya.com.ar\/v1\/wp-content\/uploads\/2026\/08\/dia_del_nino_nota_a_sonia_espin.jpg","type":"image\/jpeg"}],"author":"Jorge Mi\u00f1o","twitter_card":"summary_large_image","twitter_misc":{"Escrito por":"Jorge Mi\u00f1o","Tiempo de lectura":"3 minutos"},"schema":{"@context":"https:\/\/schema.org","@graph":[{"@type":"Article","@id":"https:\/\/radioinfinitagoya.com.ar\/v1\/2026\/08\/31\/festejo-dia-del-nino-2\/#article","isPartOf":{"@id":"https:\/\/radioinfinitagoya.com.ar\/v1\/2026\/08\/31\/festejo-dia-del-nino-2\/"},"author":{"name":"Jorge Mi\u00f1o","@id":"https:\/\/radioinfinitagoya.com.ar\/v1\/#\/schema\/person\/d4cf9c413d4f6edb24aabdccab49ca4a"},"headline":"Festejo D\u00eda del Ni\u00f1o","datePublished":"2026-08-31T17:37:41+00:00","mainEntityOfPage":{"@id":"https:\/\/radioinfinitagoya.com.ar\/v1\/2026\/08\/31\/festejo-dia-del-nino-2\/"},"wordCount":471,"commentCount":0,"publisher":{"@id":"https:\/\/radioinfinitagoya.com.ar\/v1\/#organization"},"image":{"@id":"https:\/\/radioinfinitagoya.com.ar\/v1\/2026\/08\/31\/festejo-dia-del-nino-2\/#primaryimage"},"thumbnailUrl":"https:\/\/radioinfinitagoya.com.ar\/v1\/wp-content\/uploads\/2026\/08\/dia_del_nino_nota_a_sonia_espin.jpg","articleSection":["LOCALES"],"inLanguage":"es-AR","potentialAction":[{"@type":"CommentAction","name":"Comment","target":["https:\/\/radioinfinitagoya.com.ar\/v1\/2026\/08\/31\/festejo-dia-del-nino-2\/#respond"]}]},{"@type":"WebPage","@id":"https:\/\/radioinfinitagoya.com.ar\/v1\/2026\/08\/31\/festejo-dia-del-nino-2\/","url":"https:\/\/radioinfinitagoya.com.ar\/v1\/2026\/08\/31\/festejo-dia-del-nino-2\/","name":"Festejo D\u00eda del Ni\u00f1o - Radio Infinita Goya","isPartOf":{"@id":"https:\/\/radioinfinitagoya.com.ar\/v1\/#website"},"primaryImageOfPage":{"@id":"https:\/\/radioinfinitagoya.com.ar\/v1\/2026\/08\/31\/festejo-dia-del-nino-2\/#primaryimage"},"image":{"@id":"https:\/\/radioinfinitagoya.com.ar\/v1\/2026\/08\/31\/festejo-dia-del-nino-2\/#primaryimage"},"thumbnailUrl":"https:\/\/radioinfinitagoya.com.ar\/v1\/wp-content\/uploads\/2026\/08\/dia_del_nino_nota_a_sonia_espin.jpg","datePublished":"2026-08-31T17:37:41+00:00","description":"Un amplio despliegue de todas las \u00e1reas municipales para realzar el festejo destinado a los ni\u00f1os de Goya, de la ciudad y el campo. Durante la jornada del","breadcrumb":{"@id":"https:\/\/radioinfinitagoya.com.ar\/v1\/2026\/08\/31\/festejo-dia-del-nino-2\/#breadcrumb"},"inLanguage":"es-AR","potentialAction":[{"@type":"ReadAction","target":["https:\/\/radioinfinitagoya.com.ar\/v1\/2026\/08\/31\/festejo-dia-del-nino-2\/"]}]},{"@type":"ImageObject","inLanguage":"es-AR","@id":"https:\/\/radioinfinitagoya.com.ar\/v1\/2026\/08\/31\/festejo-dia-del-nino-2\/#primaryimage","url":"https:\/\/radioinfinitagoya.com.ar\/v1\/wp-content\/uploads\/2026\/08\/dia_del_nino_nota_a_sonia_espin.jpg","contentUrl":"https:\/\/radioinfinitagoya.com.ar\/v1\/wp-content\/uploads\/2026\/08\/dia_del_nino_nota_a_sonia_espin.jpg","width":848,"height":477},{"@type":"BreadcrumbList","@id":"https:\/\/radioinfinitagoya.com.ar\/v1\/2026\/08\/31\/festejo-dia-del-nino-2\/#breadcrumb","itemListElement":[{"@type":"ListItem","position":1,"name":"Inicio","item":"https:\/\/radioinfinitagoya.com.ar\/v1\/"},{"@type":"ListItem","position":2,"name":"Festejo D\u00eda del Ni\u00f1o"}]},{"@type":"WebSite","@id":"https:\/\/radioinfinitagoya.com.ar\/v1\/#website","url":"https:\/\/radioinfinitagoya.com.ar\/v1\/","name":"radioinfinitagoya.com.ar","description":"Radio de noticias","publisher":{"@id":"https:\/\/radioinfinitagoya.com.ar\/v1\/#organization"},"potentialAction":[{"@type":"SearchAction","target":{"@type":"EntryPoint","urlTemplate":"https:\/\/radioinfinitagoya.com.ar\/v1\/?s={search_term_string}"},"query-input":{"@type":"PropertyValueSpecification","valueRequired":true,"valueName":"search_term_string"}}],"inLanguage":"es-AR"},{"@type":"Organization","@id":"https:\/\/radioinfinitagoya.com.ar\/v1\/#organization","name":"Radio Infinita Goya","url":"https:\/\/radioinfinitagoya.com.ar\/v1\/","logo":{"@type":"ImageObject","inLanguage":"es-AR","@id":"https:\/\/radioinfinitagoya.com.ar\/v1\/#\/schema\/logo\/image\/","url":"https:\/\/radioinfinitagoya.com.ar\/v1\/wp-content\/uploads\/2019\/11\/logo-pie-web.png","contentUrl":"https:\/\/radioinfinitagoya.com.ar\/v1\/wp-content\/uploads\/2019\/11\/logo-pie-web.png","width":635,"height":326,"caption":"Radio Infinita Goya"},"image":{"@id":"https:\/\/radioinfinitagoya.com.ar\/v1\/#\/schema\/logo\/image\/"},"sameAs":["https:\/\/www.facebook.com\/p\/Infinita-Goya-100063870918311\/"]},{"@type":"Person","@id":"https:\/\/radioinfinitagoya.com.ar\/v1\/#\/schema\/person\/d4cf9c413d4f6edb24aabdccab49ca4a","name":"Jorge Mi\u00f1o","image":{"@type":"ImageObject","inLanguage":"es-AR","@id":"https:\/\/secure.gravatar.com\/avatar\/910fcf6728fe95320e07a6643c1581fec1c7fc4bf8ae12e3d8f0d0373dc844be?s=96&d=mm&r=g","url":"https:\/\/secure.gravatar.com\/avatar\/910fcf6728fe95320e07a6643c1581fec1c7fc4bf8ae12e3d8f0d0373dc844be?s=96&d=mm&r=g","contentUrl":"https:\/\/secure.gravatar.com\/avatar\/910fcf6728fe95320e07a6643c1581fec1c7fc4bf8ae12e3d8f0d0373dc844be?s=96&d=mm&r=g","caption":"Jorge Mi\u00f1o"},"sameAs":["http:\/\/radioinfinitagoya.com.ar"]}]}},"_links":{"self":[{"href":"https:\/\/radioinfinitagoya.com.ar\/v1\/wp-json\/wp\/v2\/posts\/226408","targetHints":{"allow":["GET"]}}],"collection":[{"href":"https:\/\/radioinfinitagoya.com.ar\/v1\/wp-json\/wp\/v2\/posts"}],"about":[{"href":"https:\/\/radioinfinitagoya.com.ar\/v1\/wp-json\/wp\/v2\/types\/post"}],"author":[{"embeddable":true,"href":"https:\/\/radioinfinitagoya.com.ar\/v1\/wp-json\/wp\/v2\/users\/4"}],"replies":[{"embeddable":true,"href":"https:\/\/radioinfinitagoya.com.ar\/v1\/wp-json\/wp\/v2\/comments?post=226408"}],"version-history":[{"count":2,"href":"https:\/\/radioinfinitagoya.com.ar\/v1\/wp-json\/wp\/v2\/posts\/226408\/revisions"}],"predecessor-version":[{"id":226411,"href":"https:\/\/radioinfinitagoya.com.ar\/v1\/wp-json\/wp\/v2\/posts\/226408\/revisions\/226411"}],"wp:featuredmedia":[{"embeddable":true,"href":"https:\/\/radioinfinitagoya.com.ar\/v1\/wp-json\/wp\/v2\/media\/226409"}],"wp:attachment":[{"href":"https:\/\/radioinfinitagoya.com.ar\/v1\/wp-json\/wp\/v2\/media?parent=226408"}],"wp:term":[{"taxonomy":"category","embeddable":true,"href":"https:\/\/radioinfinitagoya.com.ar\/v1\/wp-json\/wp\/v2\/categories?post=226408"},{"taxonomy":"post_tag","embeddable":true,"href":"https:\/\/radioinfinitagoya.com.ar\/v1\/wp-json\/wp\/v2\/tags?post=226408"}],"curies":[{"name":"wp","href":"https:\/\/api.w.org\/{rel}","templated":true}]}}