{"id":226416,"date":"2026-08-31T15:04:06","date_gmt":"2026-08-31T18:04:06","guid":{"rendered":"https:\/\/radioinfinitagoya.com.ar\/v1\/?p=226416"},"modified":"2026-08-31T15:04:06","modified_gmt":"2026-08-31T18:04:06","slug":"el-gobierno-otorgo-un-aumento-para-militares-fuerzas-de-seguridad","status":"publish","type":"post","link":"https:\/\/radioinfinitagoya.com.ar\/v1\/2026\/08\/31\/el-gobierno-otorgo-un-aumento-para-militares-fuerzas-de-seguridad\/","title":{"rendered":"El Gobierno otorg\u00f3 un aumento para militares, fuerzas de seguridad"},"content":{"rendered":"<p>Y empleados p\u00fablicos, Se trata de un esquema de actualizaci\u00f3n en cuatro tramos, que se pagar\u00e1n de manera escalonada hasta fin de a\u00f1o.<\/p>\n<p>El Gobierno public\u00f3 este lunes en Bolet\u00edn Oficial las modificaciones salariales que se ven\u00edan gestionando en las \u00faltimas semanas, incluso algunos ya confirmados. Se trata de incrementos escalonados para el personal de la Administraci\u00f3n P\u00fablica Nacional y las fuerzas de seguridad federales , con vigencia a partir de septiembre y hasta el 31 de diciembre. Las subas quedaron instrumentadas mediante los decretos 832\/2026 y 834\/2026 y la resoluci\u00f3n 844\/2026 del Ministerio de Seguridad Nacional.<\/p>\n<p>Los incrementos se aplican en cuatro tramos mensuales consecutivos y alcanzan a los trabajadores permanentes y no permanentes del Estado comprendidos en el convenio colectivo homologado por el decreto 214\/06.<\/p>\n<p>En lo que refiere a las fuerzas de seguridad, la actualizaci\u00f3n para el personal de la Gendarmer\u00eda Nacional Argentina (GNA) comprende el haber mensual, el suplemento por Funciones de Prevenci\u00f3n Barrial y la compensaci\u00f3n por Recargo de Servicio para el personal con estado militar de gendarme.<\/p>\n<p>Por su parte, Prefectura Naval Argentina (PNA), tendr\u00e1 una suba que abarca el haber mensual y la compensaci\u00f3n por Recargo de Servicio para el personal con estado policial en actividad; mientras que la Polic\u00eda Federal Argentina (PFA) recibi\u00f3 una actualizaci\u00f3n del haber mensual, el suplemento por Zona, el valor del Servicio de Polic\u00eda Adicional y las compensaciones de Custodia y Custodia Ferroviaria.<\/p>\n<p>En lo que respecta a la Polic\u00eda de Seguridad Aeroportuaria (PSA) se actualizaron algunos \u00edtems del decreto 836\/08 y la compensaci\u00f3n por Recargo de Servicio; y en el caso del Servicio Penitenciario Federal (SPF), vio modificados el haber mensual, las compensaciones por Fijaci\u00f3n de Domicilio y Variabilidad de Vivienda, el complemento por Funci\u00f3n Ejecutiva, los suplementos por Zona Sur y T\u00edtulo Acad\u00e9mico, el R\u00e9gimen de Vi\u00e1ticos, el Resarcimiento de Gastos y el Reintegro de Gastos de Sepelio.<\/p>\n<p>Esta medida hab\u00eda sido anticipado por Infobae a partir de la informaci\u00f3n de una fuente relacionada con el tema sobre los valores que constan en los anexos que integran la medida. En los \u00faltimos meses, hubo diferentes incrementos salariales y bonos extraordinarios destinados a este sector, y todos estos beneficios fueron oficializados por resoluciones del Poder Ejecutivo.<\/p>\n<p>De hecho hace algunos meses se estableci\u00f3 un suplemento salarial espec\u00edfico dirigido a todo el personal de las Fuerzas Armadas que acredite la obtenci\u00f3n de t\u00edtulos superiores. Esta disposici\u00f3n comenz\u00f3 a regir desde el 1\u00b0 de julio y est\u00e1 destinada tanto al personal en actividad como a los retirados y pensionados. Dicho reconocimiento econ\u00f3mico por la formaci\u00f3n acad\u00e9mica y la profesionalizaci\u00f3n del capital humano militar, forma parte de los valores actualizados.<\/p>\n<p>La medida se conoci\u00f3 mediante un decreto publicado en Boletin Oficial<\/p>\n<p>En paralelo se conocieron tambi\u00e9n los ajustes para los empleados de la Administraci\u00f3n P\u00fablica. El acuerdo paritario, homologado por el decreto 832\/2026, fij\u00f3 subas del 1,90% a partir del 1\u00b0 de septiembre de 2026, del 1,80% desde el 1\u00b0 de octubre, del 1,60% desde el 1\u00b0 de noviembre y del 1,50% desde el 1\u00b0 de diciembre, siempre sobre las retribuciones vigentes al \u00faltimo d\u00eda del mes anterior. Cada porcentaje se aplica de forma acumulativa sobre la base actualizada del mes previo.<\/p>\n<p>El mismo decreto estableci\u00f3 la pr\u00f3rroga del Premio Est\u00edmulo a la Asistencia hasta fin de a\u00f1o \u2014con actualizaci\u00f3n de sus montos\u2014 y mantuvo las sumas fijas remunerativas y no bonificables previstas por el decreto 56\/20 en id\u00e9nticos valores hasta fin de a\u00f1o.<\/p>\n<p>Tambi\u00e9n se dispuso una suma fija remunerativa y no bonificable de $80.000, de car\u00e1cter excepcional y por \u00fanica vez, que se liquidar\u00e1 con los haberes de diciembre de 2026. La propuesta oficial se cerr\u00f3 el 25 de agosto en un porcentaje de 6,8%, adem\u00e1s del bono.<\/p>\n<p>Sin embargo esta actualizaci\u00f3n solamente fue aceptada por la Uni\u00f3n del Personal Civil de la Naci\u00f3n (UPCN), a diferencia de la Asociaci\u00f3nTrabajadores del Estado (ATE) que rechaz\u00f3 la oferta y anunci\u00f3 inminentes medidas de fuerza por considerarla insuficiente.<\/p>\n<p>Docentes de la Administraci\u00f3n Central y hora c\u00e1tedra<\/p>\n<p>Mediante el decreto 834\/2026, tambi\u00e9n aumentaron el valor de la hora c\u00e1tedra para el personal docente retribuido por ese concepto en la Administraci\u00f3n Central y organismos afines. Los montos quedaron fijados en $8.982 desde el 1\u00b0 de septiembre, $9.144 desde el 1\u00b0 de octubre, $9.290 desde el 1\u00b0 de noviembre y $9.429 desde el 1\u00b0 de diciembre de 2026.<\/p>\n<p>Escuela Nacional de Bibliotecarios e ISER<\/p>\n<p>Para los cargos de Rector, Regente y Ayudante de Trabajos Pr\u00e1cticos de la Escuela Nacional de Bibliotecarios de la Biblioteca Nacional, los nuevos valores se detallan en el Anexo I del mismo decreto.<\/p>\n<p>El cargo de Bedel del Instituto Superior de Ense\u00f1anza Radiof\u00f3nica (ISER), dependiente del Ente Nacional de Comunicaciones (ENACOM), pasar\u00e1 a percibir $122.664 en septiembre, $124.872 en octubre, $126.870 en noviembre y $128.773 en diciembre.<\/p>\n<p>Personal en la Ant\u00e1rtida y Curia Castrense<\/p>\n<p>El adicional remuneratorio por prestaciones de servicios en la Ant\u00e1rtida para el personal militar se actualiz\u00f3 a $1.598.124 desde el 1\u00b0 de septiembre, $1.626.890 desde el 1\u00b0 de octubre, $1.652.920 desde el 1\u00b0 de noviembre y $1.677.714 desde el 1\u00b0 de diciembre de 2026.<\/p>\n<p>En tanto que las remuneraciones de los integrantes de la Curia Castrense u Oficina Central del Obispado Castrense tambi\u00e9n fueron actualizadas por el decreto 834\/2026, con los valores escalonados que constan en el Anexo IV.<\/p>\n","protected":false},"excerpt":{"rendered":"<p>Y empleados p\u00fablicos, Se trata de un esquema de actualizaci\u00f3n en cuatro tramos, que se pagar\u00e1n de manera escalonada hasta fin de a\u00f1o. El Gobierno public\u00f3 este lunes en Bolet\u00edn Oficial las modificaciones salariales que se ven\u00edan gestionando en las \u00faltimas semanas, incluso algunos ya confirmados. Se trata de incrementos escalonados para el personal de [&hellip;]<\/p>\n","protected":false},"author":4,"featured_media":226417,"comment_status":"open","ping_status":"open","sticky":false,"template":"","format":"standard","meta":{"_joinchat":[],"footnotes":""},"categories":[29],"tags":[],"class_list":["post-226416","post","type-post","status-publish","format-standard","has-post-thumbnail","category-nacionales"],"yoast_head":"<!-- This site is optimized with the Yoast SEO plugin v27.7 - https:\/\/yoast.com\/product\/yoast-seo-wordpress\/ -->\n<title>El Gobierno otorg\u00f3 un aumento para militares, fuerzas de seguridad - Radio Infinita Goya<\/title>\n<meta name=\"description\" content=\"Y empleados p\u00fablicos, Se trata de un esquema de actualizaci\u00f3n en cuatro tramos, que se pagar\u00e1n de manera escalonada hasta fin de a\u00f1o. El Gobierno public\u00f3\" \/>\n<meta name=\"robots\" content=\"index, follow, max-snippet:-1, max-image-preview:large, max-video-preview:-1\" \/>\n<link rel=\"canonical\" href=\"https:\/\/radioinfinitagoya.com.ar\/v1\/2026\/08\/31\/el-gobierno-otorgo-un-aumento-para-militares-fuerzas-de-seguridad\/\" \/>\n<meta property=\"og:locale\" content=\"es_ES\" \/>\n<meta property=\"og:type\" content=\"article\" \/>\n<meta property=\"og:title\" content=\"El Gobierno otorg\u00f3 un aumento para militares, fuerzas de seguridad - Radio Infinita Goya\" \/>\n<meta property=\"og:description\" content=\"Y empleados p\u00fablicos, Se trata de un esquema de actualizaci\u00f3n en cuatro tramos, que se pagar\u00e1n de manera escalonada hasta fin de a\u00f1o. El Gobierno public\u00f3\" \/>\n<meta property=\"og:url\" content=\"https:\/\/radioinfinitagoya.com.ar\/v1\/2026\/08\/31\/el-gobierno-otorgo-un-aumento-para-militares-fuerzas-de-seguridad\/\" \/>\n<meta property=\"og:site_name\" content=\"Radio Infinita Goya\" \/>\n<meta property=\"article:publisher\" content=\"https:\/\/www.facebook.com\/p\/Infinita-Goya-100063870918311\/\" \/>\n<meta property=\"article:published_time\" content=\"2026-08-31T18:04:06+00:00\" \/>\n<meta property=\"og:image\" content=\"https:\/\/radioinfinitagoya.com.ar\/v1\/wp-content\/uploads\/2026\/08\/1788171621838.webp\" \/>\n\t<meta property=\"og:image:width\" content=\"1200\" \/>\n\t<meta property=\"og:image:height\" content=\"675\" \/>\n\t<meta property=\"og:image:type\" content=\"image\/webp\" \/>\n<meta name=\"author\" content=\"Jorge Mi\u00f1o\" \/>\n<meta name=\"twitter:card\" content=\"summary_large_image\" \/>\n<meta name=\"twitter:label1\" content=\"Escrito por\" \/>\n\t<meta name=\"twitter:data1\" content=\"Jorge Mi\u00f1o\" \/>\n\t<meta name=\"twitter:label2\" content=\"Tiempo de lectura\" \/>\n\t<meta name=\"twitter:data2\" content=\"5 minutos\" \/>\n<script type=\"application\/ld+json\" class=\"yoast-schema-graph\">{\"@context\":\"https:\\\/\\\/schema.org\",\"@graph\":[{\"@type\":\"Article\",\"@id\":\"https:\\\/\\\/radioinfinitagoya.com.ar\\\/v1\\\/2026\\\/08\\\/31\\\/el-gobierno-otorgo-un-aumento-para-militares-fuerzas-de-seguridad\\\/#article\",\"isPartOf\":{\"@id\":\"https:\\\/\\\/radioinfinitagoya.com.ar\\\/v1\\\/2026\\\/08\\\/31\\\/el-gobierno-otorgo-un-aumento-para-militares-fuerzas-de-seguridad\\\/\"},\"author\":{\"name\":\"Jorge Mi\u00f1o\",\"@id\":\"https:\\\/\\\/radioinfinitagoya.com.ar\\\/v1\\\/#\\\/schema\\\/person\\\/d4cf9c413d4f6edb24aabdccab49ca4a\"},\"headline\":\"El Gobierno otorg\u00f3 un aumento para militares, fuerzas de seguridad\",\"datePublished\":\"2026-08-31T18:04:06+00:00\",\"mainEntityOfPage\":{\"@id\":\"https:\\\/\\\/radioinfinitagoya.com.ar\\\/v1\\\/2026\\\/08\\\/31\\\/el-gobierno-otorgo-un-aumento-para-militares-fuerzas-de-seguridad\\\/\"},\"wordCount\":910,\"commentCount\":0,\"publisher\":{\"@id\":\"https:\\\/\\\/radioinfinitagoya.com.ar\\\/v1\\\/#organization\"},\"image\":{\"@id\":\"https:\\\/\\\/radioinfinitagoya.com.ar\\\/v1\\\/2026\\\/08\\\/31\\\/el-gobierno-otorgo-un-aumento-para-militares-fuerzas-de-seguridad\\\/#primaryimage\"},\"thumbnailUrl\":\"https:\\\/\\\/radioinfinitagoya.com.ar\\\/v1\\\/wp-content\\\/uploads\\\/2026\\\/08\\\/1788171621838.webp\",\"articleSection\":[\"NACIONALES\"],\"inLanguage\":\"es-AR\",\"potentialAction\":[{\"@type\":\"CommentAction\",\"name\":\"Comment\",\"target\":[\"https:\\\/\\\/radioinfinitagoya.com.ar\\\/v1\\\/2026\\\/08\\\/31\\\/el-gobierno-otorgo-un-aumento-para-militares-fuerzas-de-seguridad\\\/#respond\"]}]},{\"@type\":\"WebPage\",\"@id\":\"https:\\\/\\\/radioinfinitagoya.com.ar\\\/v1\\\/2026\\\/08\\\/31\\\/el-gobierno-otorgo-un-aumento-para-militares-fuerzas-de-seguridad\\\/\",\"url\":\"https:\\\/\\\/radioinfinitagoya.com.ar\\\/v1\\\/2026\\\/08\\\/31\\\/el-gobierno-otorgo-un-aumento-para-militares-fuerzas-de-seguridad\\\/\",\"name\":\"El Gobierno otorg\u00f3 un aumento para militares, fuerzas de seguridad - Radio Infinita Goya\",\"isPartOf\":{\"@id\":\"https:\\\/\\\/radioinfinitagoya.com.ar\\\/v1\\\/#website\"},\"primaryImageOfPage\":{\"@id\":\"https:\\\/\\\/radioinfinitagoya.com.ar\\\/v1\\\/2026\\\/08\\\/31\\\/el-gobierno-otorgo-un-aumento-para-militares-fuerzas-de-seguridad\\\/#primaryimage\"},\"image\":{\"@id\":\"https:\\\/\\\/radioinfinitagoya.com.ar\\\/v1\\\/2026\\\/08\\\/31\\\/el-gobierno-otorgo-un-aumento-para-militares-fuerzas-de-seguridad\\\/#primaryimage\"},\"thumbnailUrl\":\"https:\\\/\\\/radioinfinitagoya.com.ar\\\/v1\\\/wp-content\\\/uploads\\\/2026\\\/08\\\/1788171621838.webp\",\"datePublished\":\"2026-08-31T18:04:06+00:00\",\"description\":\"Y empleados p\u00fablicos, Se trata de un esquema de actualizaci\u00f3n en cuatro tramos, que se pagar\u00e1n de manera escalonada hasta fin de a\u00f1o. El Gobierno public\u00f3\",\"breadcrumb\":{\"@id\":\"https:\\\/\\\/radioinfinitagoya.com.ar\\\/v1\\\/2026\\\/08\\\/31\\\/el-gobierno-otorgo-un-aumento-para-militares-fuerzas-de-seguridad\\\/#breadcrumb\"},\"inLanguage\":\"es-AR\",\"potentialAction\":[{\"@type\":\"ReadAction\",\"target\":[\"https:\\\/\\\/radioinfinitagoya.com.ar\\\/v1\\\/2026\\\/08\\\/31\\\/el-gobierno-otorgo-un-aumento-para-militares-fuerzas-de-seguridad\\\/\"]}]},{\"@type\":\"ImageObject\",\"inLanguage\":\"es-AR\",\"@id\":\"https:\\\/\\\/radioinfinitagoya.com.ar\\\/v1\\\/2026\\\/08\\\/31\\\/el-gobierno-otorgo-un-aumento-para-militares-fuerzas-de-seguridad\\\/#primaryimage\",\"url\":\"https:\\\/\\\/radioinfinitagoya.com.ar\\\/v1\\\/wp-content\\\/uploads\\\/2026\\\/08\\\/1788171621838.webp\",\"contentUrl\":\"https:\\\/\\\/radioinfinitagoya.com.ar\\\/v1\\\/wp-content\\\/uploads\\\/2026\\\/08\\\/1788171621838.webp\",\"width\":1200,\"height\":675},{\"@type\":\"BreadcrumbList\",\"@id\":\"https:\\\/\\\/radioinfinitagoya.com.ar\\\/v1\\\/2026\\\/08\\\/31\\\/el-gobierno-otorgo-un-aumento-para-militares-fuerzas-de-seguridad\\\/#breadcrumb\",\"itemListElement\":[{\"@type\":\"ListItem\",\"position\":1,\"name\":\"Inicio\",\"item\":\"https:\\\/\\\/radioinfinitagoya.com.ar\\\/v1\\\/\"},{\"@type\":\"ListItem\",\"position\":2,\"name\":\"El Gobierno otorg\u00f3 un aumento para militares, fuerzas de seguridad\"}]},{\"@type\":\"WebSite\",\"@id\":\"https:\\\/\\\/radioinfinitagoya.com.ar\\\/v1\\\/#website\",\"url\":\"https:\\\/\\\/radioinfinitagoya.com.ar\\\/v1\\\/\",\"name\":\"radioinfinitagoya.com.ar\",\"description\":\"Radio de noticias\",\"publisher\":{\"@id\":\"https:\\\/\\\/radioinfinitagoya.com.ar\\\/v1\\\/#organization\"},\"potentialAction\":[{\"@type\":\"SearchAction\",\"target\":{\"@type\":\"EntryPoint\",\"urlTemplate\":\"https:\\\/\\\/radioinfinitagoya.com.ar\\\/v1\\\/?s={search_term_string}\"},\"query-input\":{\"@type\":\"PropertyValueSpecification\",\"valueRequired\":true,\"valueName\":\"search_term_string\"}}],\"inLanguage\":\"es-AR\"},{\"@type\":\"Organization\",\"@id\":\"https:\\\/\\\/radioinfinitagoya.com.ar\\\/v1\\\/#organization\",\"name\":\"Radio Infinita Goya\",\"url\":\"https:\\\/\\\/radioinfinitagoya.com.ar\\\/v1\\\/\",\"logo\":{\"@type\":\"ImageObject\",\"inLanguage\":\"es-AR\",\"@id\":\"https:\\\/\\\/radioinfinitagoya.com.ar\\\/v1\\\/#\\\/schema\\\/logo\\\/image\\\/\",\"url\":\"https:\\\/\\\/radioinfinitagoya.com.ar\\\/v1\\\/wp-content\\\/uploads\\\/2019\\\/11\\\/logo-pie-web.png\",\"contentUrl\":\"https:\\\/\\\/radioinfinitagoya.com.ar\\\/v1\\\/wp-content\\\/uploads\\\/2019\\\/11\\\/logo-pie-web.png\",\"width\":635,\"height\":326,\"caption\":\"Radio Infinita Goya\"},\"image\":{\"@id\":\"https:\\\/\\\/radioinfinitagoya.com.ar\\\/v1\\\/#\\\/schema\\\/logo\\\/image\\\/\"},\"sameAs\":[\"https:\\\/\\\/www.facebook.com\\\/p\\\/Infinita-Goya-100063870918311\\\/\"]},{\"@type\":\"Person\",\"@id\":\"https:\\\/\\\/radioinfinitagoya.com.ar\\\/v1\\\/#\\\/schema\\\/person\\\/d4cf9c413d4f6edb24aabdccab49ca4a\",\"name\":\"Jorge Mi\u00f1o\",\"image\":{\"@type\":\"ImageObject\",\"inLanguage\":\"es-AR\",\"@id\":\"https:\\\/\\\/secure.gravatar.com\\\/avatar\\\/910fcf6728fe95320e07a6643c1581fec1c7fc4bf8ae12e3d8f0d0373dc844be?s=96&d=mm&r=g\",\"url\":\"https:\\\/\\\/secure.gravatar.com\\\/avatar\\\/910fcf6728fe95320e07a6643c1581fec1c7fc4bf8ae12e3d8f0d0373dc844be?s=96&d=mm&r=g\",\"contentUrl\":\"https:\\\/\\\/secure.gravatar.com\\\/avatar\\\/910fcf6728fe95320e07a6643c1581fec1c7fc4bf8ae12e3d8f0d0373dc844be?s=96&d=mm&r=g\",\"caption\":\"Jorge Mi\u00f1o\"},\"sameAs\":[\"http:\\\/\\\/radioinfinitagoya.com.ar\"]}]}<\/script>\n<!-- \/ Yoast SEO plugin. -->","yoast_head_json":{"title":"El Gobierno otorg\u00f3 un aumento para militares, fuerzas de seguridad - Radio Infinita Goya","description":"Y empleados p\u00fablicos, Se trata de un esquema de actualizaci\u00f3n en cuatro tramos, que se pagar\u00e1n de manera escalonada hasta fin de a\u00f1o. El Gobierno public\u00f3","robots":{"index":"index","follow":"follow","max-snippet":"max-snippet:-1","max-image-preview":"max-image-preview:large","max-video-preview":"max-video-preview:-1"},"canonical":"https:\/\/radioinfinitagoya.com.ar\/v1\/2026\/08\/31\/el-gobierno-otorgo-un-aumento-para-militares-fuerzas-de-seguridad\/","og_locale":"es_ES","og_type":"article","og_title":"El Gobierno otorg\u00f3 un aumento para militares, fuerzas de seguridad - Radio Infinita Goya","og_description":"Y empleados p\u00fablicos, Se trata de un esquema de actualizaci\u00f3n en cuatro tramos, que se pagar\u00e1n de manera escalonada hasta fin de a\u00f1o. El Gobierno public\u00f3","og_url":"https:\/\/radioinfinitagoya.com.ar\/v1\/2026\/08\/31\/el-gobierno-otorgo-un-aumento-para-militares-fuerzas-de-seguridad\/","og_site_name":"Radio Infinita Goya","article_publisher":"https:\/\/www.facebook.com\/p\/Infinita-Goya-100063870918311\/","article_published_time":"2026-08-31T18:04:06+00:00","og_image":[{"width":1200,"height":675,"url":"https:\/\/radioinfinitagoya.com.ar\/v1\/wp-content\/uploads\/2026\/08\/1788171621838.webp","type":"image\/webp"}],"author":"Jorge Mi\u00f1o","twitter_card":"summary_large_image","twitter_misc":{"Escrito por":"Jorge Mi\u00f1o","Tiempo de lectura":"5 minutos"},"schema":{"@context":"https:\/\/schema.org","@graph":[{"@type":"Article","@id":"https:\/\/radioinfinitagoya.com.ar\/v1\/2026\/08\/31\/el-gobierno-otorgo-un-aumento-para-militares-fuerzas-de-seguridad\/#article","isPartOf":{"@id":"https:\/\/radioinfinitagoya.com.ar\/v1\/2026\/08\/31\/el-gobierno-otorgo-un-aumento-para-militares-fuerzas-de-seguridad\/"},"author":{"name":"Jorge Mi\u00f1o","@id":"https:\/\/radioinfinitagoya.com.ar\/v1\/#\/schema\/person\/d4cf9c413d4f6edb24aabdccab49ca4a"},"headline":"El Gobierno otorg\u00f3 un aumento para militares, fuerzas de seguridad","datePublished":"2026-08-31T18:04:06+00:00","mainEntityOfPage":{"@id":"https:\/\/radioinfinitagoya.com.ar\/v1\/2026\/08\/31\/el-gobierno-otorgo-un-aumento-para-militares-fuerzas-de-seguridad\/"},"wordCount":910,"commentCount":0,"publisher":{"@id":"https:\/\/radioinfinitagoya.com.ar\/v1\/#organization"},"image":{"@id":"https:\/\/radioinfinitagoya.com.ar\/v1\/2026\/08\/31\/el-gobierno-otorgo-un-aumento-para-militares-fuerzas-de-seguridad\/#primaryimage"},"thumbnailUrl":"https:\/\/radioinfinitagoya.com.ar\/v1\/wp-content\/uploads\/2026\/08\/1788171621838.webp","articleSection":["NACIONALES"],"inLanguage":"es-AR","potentialAction":[{"@type":"CommentAction","name":"Comment","target":["https:\/\/radioinfinitagoya.com.ar\/v1\/2026\/08\/31\/el-gobierno-otorgo-un-aumento-para-militares-fuerzas-de-seguridad\/#respond"]}]},{"@type":"WebPage","@id":"https:\/\/radioinfinitagoya.com.ar\/v1\/2026\/08\/31\/el-gobierno-otorgo-un-aumento-para-militares-fuerzas-de-seguridad\/","url":"https:\/\/radioinfinitagoya.com.ar\/v1\/2026\/08\/31\/el-gobierno-otorgo-un-aumento-para-militares-fuerzas-de-seguridad\/","name":"El Gobierno otorg\u00f3 un aumento para militares, fuerzas de seguridad - Radio Infinita Goya","isPartOf":{"@id":"https:\/\/radioinfinitagoya.com.ar\/v1\/#website"},"primaryImageOfPage":{"@id":"https:\/\/radioinfinitagoya.com.ar\/v1\/2026\/08\/31\/el-gobierno-otorgo-un-aumento-para-militares-fuerzas-de-seguridad\/#primaryimage"},"image":{"@id":"https:\/\/radioinfinitagoya.com.ar\/v1\/2026\/08\/31\/el-gobierno-otorgo-un-aumento-para-militares-fuerzas-de-seguridad\/#primaryimage"},"thumbnailUrl":"https:\/\/radioinfinitagoya.com.ar\/v1\/wp-content\/uploads\/2026\/08\/1788171621838.webp","datePublished":"2026-08-31T18:04:06+00:00","description":"Y empleados p\u00fablicos, Se trata de un esquema de actualizaci\u00f3n en cuatro tramos, que se pagar\u00e1n de manera escalonada hasta fin de a\u00f1o. El Gobierno public\u00f3","breadcrumb":{"@id":"https:\/\/radioinfinitagoya.com.ar\/v1\/2026\/08\/31\/el-gobierno-otorgo-un-aumento-para-militares-fuerzas-de-seguridad\/#breadcrumb"},"inLanguage":"es-AR","potentialAction":[{"@type":"ReadAction","target":["https:\/\/radioinfinitagoya.com.ar\/v1\/2026\/08\/31\/el-gobierno-otorgo-un-aumento-para-militares-fuerzas-de-seguridad\/"]}]},{"@type":"ImageObject","inLanguage":"es-AR","@id":"https:\/\/radioinfinitagoya.com.ar\/v1\/2026\/08\/31\/el-gobierno-otorgo-un-aumento-para-militares-fuerzas-de-seguridad\/#primaryimage","url":"https:\/\/radioinfinitagoya.com.ar\/v1\/wp-content\/uploads\/2026\/08\/1788171621838.webp","contentUrl":"https:\/\/radioinfinitagoya.com.ar\/v1\/wp-content\/uploads\/2026\/08\/1788171621838.webp","width":1200,"height":675},{"@type":"BreadcrumbList","@id":"https:\/\/radioinfinitagoya.com.ar\/v1\/2026\/08\/31\/el-gobierno-otorgo-un-aumento-para-militares-fuerzas-de-seguridad\/#breadcrumb","itemListElement":[{"@type":"ListItem","position":1,"name":"Inicio","item":"https:\/\/radioinfinitagoya.com.ar\/v1\/"},{"@type":"ListItem","position":2,"name":"El Gobierno otorg\u00f3 un aumento para militares, fuerzas de seguridad"}]},{"@type":"WebSite","@id":"https:\/\/radioinfinitagoya.com.ar\/v1\/#website","url":"https:\/\/radioinfinitagoya.com.ar\/v1\/","name":"radioinfinitagoya.com.ar","description":"Radio de noticias","publisher":{"@id":"https:\/\/radioinfinitagoya.com.ar\/v1\/#organization"},"potentialAction":[{"@type":"SearchAction","target":{"@type":"EntryPoint","urlTemplate":"https:\/\/radioinfinitagoya.com.ar\/v1\/?s={search_term_string}"},"query-input":{"@type":"PropertyValueSpecification","valueRequired":true,"valueName":"search_term_string"}}],"inLanguage":"es-AR"},{"@type":"Organization","@id":"https:\/\/radioinfinitagoya.com.ar\/v1\/#organization","name":"Radio Infinita Goya","url":"https:\/\/radioinfinitagoya.com.ar\/v1\/","logo":{"@type":"ImageObject","inLanguage":"es-AR","@id":"https:\/\/radioinfinitagoya.com.ar\/v1\/#\/schema\/logo\/image\/","url":"https:\/\/radioinfinitagoya.com.ar\/v1\/wp-content\/uploads\/2019\/11\/logo-pie-web.png","contentUrl":"https:\/\/radioinfinitagoya.com.ar\/v1\/wp-content\/uploads\/2019\/11\/logo-pie-web.png","width":635,"height":326,"caption":"Radio Infinita Goya"},"image":{"@id":"https:\/\/radioinfinitagoya.com.ar\/v1\/#\/schema\/logo\/image\/"},"sameAs":["https:\/\/www.facebook.com\/p\/Infinita-Goya-100063870918311\/"]},{"@type":"Person","@id":"https:\/\/radioinfinitagoya.com.ar\/v1\/#\/schema\/person\/d4cf9c413d4f6edb24aabdccab49ca4a","name":"Jorge Mi\u00f1o","image":{"@type":"ImageObject","inLanguage":"es-AR","@id":"https:\/\/secure.gravatar.com\/avatar\/910fcf6728fe95320e07a6643c1581fec1c7fc4bf8ae12e3d8f0d0373dc844be?s=96&d=mm&r=g","url":"https:\/\/secure.gravatar.com\/avatar\/910fcf6728fe95320e07a6643c1581fec1c7fc4bf8ae12e3d8f0d0373dc844be?s=96&d=mm&r=g","contentUrl":"https:\/\/secure.gravatar.com\/avatar\/910fcf6728fe95320e07a6643c1581fec1c7fc4bf8ae12e3d8f0d0373dc844be?s=96&d=mm&r=g","caption":"Jorge Mi\u00f1o"},"sameAs":["http:\/\/radioinfinitagoya.com.ar"]}]}},"_links":{"self":[{"href":"https:\/\/radioinfinitagoya.com.ar\/v1\/wp-json\/wp\/v2\/posts\/226416","targetHints":{"allow":["GET"]}}],"collection":[{"href":"https:\/\/radioinfinitagoya.com.ar\/v1\/wp-json\/wp\/v2\/posts"}],"about":[{"href":"https:\/\/radioinfinitagoya.com.ar\/v1\/wp-json\/wp\/v2\/types\/post"}],"author":[{"embeddable":true,"href":"https:\/\/radioinfinitagoya.com.ar\/v1\/wp-json\/wp\/v2\/users\/4"}],"replies":[{"embeddable":true,"href":"https:\/\/radioinfinitagoya.com.ar\/v1\/wp-json\/wp\/v2\/comments?post=226416"}],"version-history":[{"count":2,"href":"https:\/\/radioinfinitagoya.com.ar\/v1\/wp-json\/wp\/v2\/posts\/226416\/revisions"}],"predecessor-version":[{"id":226419,"href":"https:\/\/radioinfinitagoya.com.ar\/v1\/wp-json\/wp\/v2\/posts\/226416\/revisions\/226419"}],"wp:featuredmedia":[{"embeddable":true,"href":"https:\/\/radioinfinitagoya.com.ar\/v1\/wp-json\/wp\/v2\/media\/226417"}],"wp:attachment":[{"href":"https:\/\/radioinfinitagoya.com.ar\/v1\/wp-json\/wp\/v2\/media?parent=226416"}],"wp:term":[{"taxonomy":"category","embeddable":true,"href":"https:\/\/radioinfinitagoya.com.ar\/v1\/wp-json\/wp\/v2\/categories?post=226416"},{"taxonomy":"post_tag","embeddable":true,"href":"https:\/\/radioinfinitagoya.com.ar\/v1\/wp-json\/wp\/v2\/tags?post=226416"}],"curies":[{"name":"wp","href":"https:\/\/api.w.org\/{rel}","templated":true}]}}