{"id":226420,"date":"2026-08-31T15:12:04","date_gmt":"2026-08-31T18:12:04","guid":{"rendered":"https:\/\/radioinfinitagoya.com.ar\/v1\/?p=226420"},"modified":"2026-08-31T15:12:04","modified_gmt":"2026-08-31T18:12:04","slug":"emotivo-mensaje-de-la-afa-tras-el-retiro-de-messi-de-la-seleccion","status":"publish","type":"post","link":"https:\/\/radioinfinitagoya.com.ar\/v1\/2026\/08\/31\/emotivo-mensaje-de-la-afa-tras-el-retiro-de-messi-de-la-seleccion\/","title":{"rendered":"Emotivo mensaje de la AFA tras el retiro de Messi de la Selecci\u00f3n"},"content":{"rendered":"<p>&#8220;Gracias eternas, Leo&#8221;<\/p>\n<p>La Asociaci\u00f3n del F\u00fatbol Argentino despidi\u00f3 al capit\u00e1n con un sentido homenaje en sus redes sociales y destac\u00f3 el legado que dej\u00f3 durante su hist\u00f3rica etapa con la Albiceleste.<\/p>\n<p>La decisi\u00f3n de Lionel Messi de ponerle punto final a su ciclo con la Selecci\u00f3n Argentina gener\u00f3 una enorme repercusi\u00f3n en el mundo del f\u00fatbol. Tras una trayectoria marcada por t\u00edtulos, r\u00e9cords y momentos inolvidables, el capit\u00e1n recibi\u00f3 un emotivo mensaje de despedida por parte de la Asociaci\u00f3n del F\u00fatbol Argentino (AFA), que utiliz\u00f3 sus redes sociales para homenajear al m\u00e1ximo referente de la Albiceleste.<\/p>\n<p>La cuenta oficial de la Selecci\u00f3n public\u00f3 una imagen especialmente dedicada al futbolista, acompa\u00f1ada por una frase que resumi\u00f3 el sentimiento de millones de argentinos: &#8220;Gracias eternas, Leo. Te vamos a amar hasta el final de nuestros d\u00edas&#8221;, junto a tres corazones con los colores celeste y blanco.<\/p>\n<p>La publicaci\u00f3n estuvo acompa\u00f1ada por una imagen de Messi levantando la Copa del Mundo, una de las postales m\u00e1s representativas de su carrera con la camiseta argentina. El dise\u00f1o muestra al capit\u00e1n en pleno festejo, con el trofeo en alto y una multitud detr\u00e1s, mientras en la parte superior se destaca la palabra &#8220;LEYENDA&#8221; y, en grandes dimensiones, el mensaje &#8220;GRACIAS CAPIT\u00c1N&#8221;.<\/p>\n<p><img loading=\"lazy\" decoding=\"async\" class=\"alignnone size-medium wp-image-226422\" src=\"https:\/\/radioinfinitagoya.com.ar\/v1\/wp-content\/uploads\/2026\/08\/image-7-541x600.webp\" alt=\"\" width=\"541\" height=\"600\" srcset=\"https:\/\/radioinfinitagoya.com.ar\/v1\/wp-content\/uploads\/2026\/08\/image-7-541x600.webp 541w, https:\/\/radioinfinitagoya.com.ar\/v1\/wp-content\/uploads\/2026\/08\/image-7-135x150.webp 135w, https:\/\/radioinfinitagoya.com.ar\/v1\/wp-content\/uploads\/2026\/08\/image-7-378x420.webp 378w, https:\/\/radioinfinitagoya.com.ar\/v1\/wp-content\/uploads\/2026\/08\/image-7.webp 610w\" sizes=\"auto, (max-width: 541px) 100vw, 541px\" \/><\/p>\n<p>El homenaje de la AFA no se limit\u00f3 a una referencia a los t\u00edtulos obtenidos. La entidad tambi\u00e9n puso el foco en todo lo que Messi represent\u00f3 para el seleccionado durante sus a\u00f1os como l\u00edder, desde sus primeros pasos hasta convertirse en capit\u00e1n y protagonista de una de las etapas m\u00e1s exitosas de la historia argentina.<\/p>\n<p>La Selecci\u00f3n Argentina tambi\u00e9n despidi\u00f3 a Messi en ingl\u00e9s<br \/>\nLa cuenta oficial de la Selecci\u00f3n argentina tambi\u00e9n comparti\u00f3 un segundo mensaje en ingl\u00e9s para homenajear al futbolista. En esa publicaci\u00f3n, la AFA hizo referencia al impacto que tuvo Messi no solamente dentro de la cancha, sino tambi\u00e9n en la memoria de todos los hinchas que acompa\u00f1aron al equipo durante su extensa trayectoria.<\/p>\n<p>&#8220;Gracias por regalarnos el viaje m\u00e1s hermoso de nuestras vidas. Tu legado y profesionalismo permanecer\u00e1n grabados para siempre en nuestros corazones. Gracias, Capit\u00e1n. Te queremos&#8221;, expres\u00f3 la cuenta oficial de @Argentina, nuevamente con un coraz\u00f3n celeste.<\/p>\n<p><img loading=\"lazy\" decoding=\"async\" class=\"alignnone size-medium wp-image-226423\" src=\"https:\/\/radioinfinitagoya.com.ar\/v1\/wp-content\/uploads\/2026\/08\/image-1-3-451x600.webp\" alt=\"\" width=\"451\" height=\"600\" srcset=\"https:\/\/radioinfinitagoya.com.ar\/v1\/wp-content\/uploads\/2026\/08\/image-1-3-451x600.webp 451w, https:\/\/radioinfinitagoya.com.ar\/v1\/wp-content\/uploads\/2026\/08\/image-1-3-113x150.webp 113w, https:\/\/radioinfinitagoya.com.ar\/v1\/wp-content\/uploads\/2026\/08\/image-1-3-316x420.webp 316w, https:\/\/radioinfinitagoya.com.ar\/v1\/wp-content\/uploads\/2026\/08\/image-1-3.webp 610w\" sizes=\"auto, (max-width: 451px) 100vw, 451px\" \/><\/p>\n<p>El mensaje sintetiz\u00f3 una etapa que qued\u00f3 marcada por la transformaci\u00f3n de la relaci\u00f3n entre Messi y la Selecci\u00f3n. Despu\u00e9s de a\u00f1os de frustraciones y finales perdidas, el delantero consigui\u00f3 levantar los trofeos que tanto hab\u00eda buscado con la camiseta nacional y termin\u00f3 construyendo un legado hist\u00f3rico.<\/p>\n<p>La Copa Am\u00e9rica 2021, la Finalissima 2022 y el Mundial de Qatar 2022 fueron algunos de los grandes hitos de ese recorrido. A esos t\u00edtulos se sumaron posteriormente nuevos logros que consolidaron a Messi como una de las figuras m\u00e1s importantes de la historia del seleccionado argentino.<\/p>\n<p>El mensaje de la AFA y el legado del capit\u00e1n<br \/>\nLa despedida adquiere una dimensi\u00f3n especial por el significado que tuvo Messi para la Selecci\u00f3n durante m\u00e1s de una d\u00e9cada. El rosarino fue protagonista de diferentes generaciones, atraves\u00f3 momentos de cr\u00edticas y frustraciones y finalmente logr\u00f3 liderar al equipo hacia una etapa dorada.<\/p>\n<p><img loading=\"lazy\" decoding=\"async\" class=\"alignnone size-medium wp-image-226424\" src=\"https:\/\/radioinfinitagoya.com.ar\/v1\/wp-content\/uploads\/2026\/08\/image-2-1-437x600.webp\" alt=\"\" width=\"437\" height=\"600\" srcset=\"https:\/\/radioinfinitagoya.com.ar\/v1\/wp-content\/uploads\/2026\/08\/image-2-1-437x600.webp 437w, https:\/\/radioinfinitagoya.com.ar\/v1\/wp-content\/uploads\/2026\/08\/image-2-1-109x150.webp 109w, https:\/\/radioinfinitagoya.com.ar\/v1\/wp-content\/uploads\/2026\/08\/image-2-1-306x420.webp 306w, https:\/\/radioinfinitagoya.com.ar\/v1\/wp-content\/uploads\/2026\/08\/image-2-1.webp 610w\" sizes=\"auto, (max-width: 437px) 100vw, 437px\" \/><\/p>\n<p>Por eso, las palabras elegidas por la AFA apuntaron directamente al v\u00ednculo construido entre el capit\u00e1n y los hinchas. &#8220;Gracias eternas, Leo&#8221; fue el comienzo de una despedida que busc\u00f3 representar el reconocimiento de todo el f\u00fatbol argentino hacia el m\u00e1ximo referente de la Albiceleste.<\/p>\n<p>Con su retiro, Argentina comienza a cerrar una era que estuvo protagonizada por el futbolista que llev\u00f3 la camiseta n\u00famero 10 durante generaciones y que termin\u00f3 convirti\u00e9ndose en capit\u00e1n, referente y campe\u00f3n del mundo.<\/p>\n<p>La AFA, en sus publicaciones, eligi\u00f3 despedirlo desde el agradecimiento y el reconocimiento. &#8220;Tu legado y profesionalismo permanecer\u00e1n grabados para siempre en nuestros corazones&#8221;, expres\u00f3 la cuenta oficial, una frase que resume el impacto que dej\u00f3 Messi en la Selecci\u00f3n y en los hinchas argentinos.<\/p>\n","protected":false},"excerpt":{"rendered":"<p>&#8220;Gracias eternas, Leo&#8221; La Asociaci\u00f3n del F\u00fatbol Argentino despidi\u00f3 al capit\u00e1n con un sentido homenaje en sus redes sociales y destac\u00f3 el legado que dej\u00f3 durante su hist\u00f3rica etapa con la Albiceleste. La decisi\u00f3n de Lionel Messi de ponerle punto final a su ciclo con la Selecci\u00f3n Argentina gener\u00f3 una enorme repercusi\u00f3n en el mundo [&hellip;]<\/p>\n","protected":false},"author":4,"featured_media":226421,"comment_status":"open","ping_status":"open","sticky":false,"template":"","format":"standard","meta":{"_joinchat":[],"footnotes":""},"categories":[28],"tags":[],"class_list":["post-226420","post","type-post","status-publish","format-standard","has-post-thumbnail","category-deportes"],"yoast_head":"<!-- This site is optimized with the Yoast SEO plugin v27.7 - https:\/\/yoast.com\/product\/yoast-seo-wordpress\/ -->\n<title>Emotivo mensaje de la AFA tras el retiro de Messi de la Selecci\u00f3n - Radio Infinita Goya<\/title>\n<meta name=\"description\" content=\"&quot;Gracias eternas, Leo&quot; La Asociaci\u00f3n del F\u00fatbol Argentino despidi\u00f3 al capit\u00e1n con un sentido homenaje en sus redes sociales y destac\u00f3 el legado que dej\u00f3\" \/>\n<meta name=\"robots\" content=\"index, follow, max-snippet:-1, max-image-preview:large, max-video-preview:-1\" \/>\n<link rel=\"canonical\" href=\"https:\/\/radioinfinitagoya.com.ar\/v1\/2026\/08\/31\/emotivo-mensaje-de-la-afa-tras-el-retiro-de-messi-de-la-seleccion\/\" \/>\n<meta property=\"og:locale\" content=\"es_ES\" \/>\n<meta property=\"og:type\" content=\"article\" \/>\n<meta property=\"og:title\" content=\"Emotivo mensaje de la AFA tras el retiro de Messi de la Selecci\u00f3n - Radio Infinita Goya\" \/>\n<meta property=\"og:description\" content=\"&quot;Gracias eternas, Leo&quot; La Asociaci\u00f3n del F\u00fatbol Argentino despidi\u00f3 al capit\u00e1n con un sentido homenaje en sus redes sociales y destac\u00f3 el legado que dej\u00f3\" \/>\n<meta property=\"og:url\" content=\"https:\/\/radioinfinitagoya.com.ar\/v1\/2026\/08\/31\/emotivo-mensaje-de-la-afa-tras-el-retiro-de-messi-de-la-seleccion\/\" \/>\n<meta property=\"og:site_name\" content=\"Radio Infinita Goya\" \/>\n<meta property=\"article:publisher\" content=\"https:\/\/www.facebook.com\/p\/Infinita-Goya-100063870918311\/\" \/>\n<meta property=\"article:published_time\" content=\"2026-08-31T18:12:04+00:00\" \/>\n<meta property=\"og:image\" content=\"https:\/\/radioinfinitagoya.com.ar\/v1\/wp-content\/uploads\/2026\/08\/292375w380h285c.jpg.webp\" \/>\n\t<meta property=\"og:image:width\" content=\"380\" \/>\n\t<meta property=\"og:image:height\" content=\"285\" \/>\n\t<meta property=\"og:image:type\" content=\"image\/webp\" \/>\n<meta name=\"author\" content=\"Jorge Mi\u00f1o\" \/>\n<meta name=\"twitter:card\" content=\"summary_large_image\" \/>\n<meta name=\"twitter:label1\" content=\"Escrito por\" \/>\n\t<meta name=\"twitter:data1\" content=\"Jorge Mi\u00f1o\" \/>\n\t<meta name=\"twitter:label2\" content=\"Tiempo de lectura\" \/>\n\t<meta name=\"twitter:data2\" content=\"4 minutos\" \/>\n<script type=\"application\/ld+json\" class=\"yoast-schema-graph\">{\"@context\":\"https:\\\/\\\/schema.org\",\"@graph\":[{\"@type\":\"Article\",\"@id\":\"https:\\\/\\\/radioinfinitagoya.com.ar\\\/v1\\\/2026\\\/08\\\/31\\\/emotivo-mensaje-de-la-afa-tras-el-retiro-de-messi-de-la-seleccion\\\/#article\",\"isPartOf\":{\"@id\":\"https:\\\/\\\/radioinfinitagoya.com.ar\\\/v1\\\/2026\\\/08\\\/31\\\/emotivo-mensaje-de-la-afa-tras-el-retiro-de-messi-de-la-seleccion\\\/\"},\"author\":{\"name\":\"Jorge Mi\u00f1o\",\"@id\":\"https:\\\/\\\/radioinfinitagoya.com.ar\\\/v1\\\/#\\\/schema\\\/person\\\/d4cf9c413d4f6edb24aabdccab49ca4a\"},\"headline\":\"Emotivo mensaje de la AFA tras el retiro de Messi de la Selecci\u00f3n\",\"datePublished\":\"2026-08-31T18:12:04+00:00\",\"mainEntityOfPage\":{\"@id\":\"https:\\\/\\\/radioinfinitagoya.com.ar\\\/v1\\\/2026\\\/08\\\/31\\\/emotivo-mensaje-de-la-afa-tras-el-retiro-de-messi-de-la-seleccion\\\/\"},\"wordCount\":711,\"commentCount\":0,\"publisher\":{\"@id\":\"https:\\\/\\\/radioinfinitagoya.com.ar\\\/v1\\\/#organization\"},\"image\":{\"@id\":\"https:\\\/\\\/radioinfinitagoya.com.ar\\\/v1\\\/2026\\\/08\\\/31\\\/emotivo-mensaje-de-la-afa-tras-el-retiro-de-messi-de-la-seleccion\\\/#primaryimage\"},\"thumbnailUrl\":\"https:\\\/\\\/radioinfinitagoya.com.ar\\\/v1\\\/wp-content\\\/uploads\\\/2026\\\/08\\\/292375w380h285c.jpg.webp\",\"articleSection\":[\"DEPORTES\"],\"inLanguage\":\"es-AR\",\"potentialAction\":[{\"@type\":\"CommentAction\",\"name\":\"Comment\",\"target\":[\"https:\\\/\\\/radioinfinitagoya.com.ar\\\/v1\\\/2026\\\/08\\\/31\\\/emotivo-mensaje-de-la-afa-tras-el-retiro-de-messi-de-la-seleccion\\\/#respond\"]}]},{\"@type\":\"WebPage\",\"@id\":\"https:\\\/\\\/radioinfinitagoya.com.ar\\\/v1\\\/2026\\\/08\\\/31\\\/emotivo-mensaje-de-la-afa-tras-el-retiro-de-messi-de-la-seleccion\\\/\",\"url\":\"https:\\\/\\\/radioinfinitagoya.com.ar\\\/v1\\\/2026\\\/08\\\/31\\\/emotivo-mensaje-de-la-afa-tras-el-retiro-de-messi-de-la-seleccion\\\/\",\"name\":\"Emotivo mensaje de la AFA tras el retiro de Messi de la Selecci\u00f3n - Radio Infinita Goya\",\"isPartOf\":{\"@id\":\"https:\\\/\\\/radioinfinitagoya.com.ar\\\/v1\\\/#website\"},\"primaryImageOfPage\":{\"@id\":\"https:\\\/\\\/radioinfinitagoya.com.ar\\\/v1\\\/2026\\\/08\\\/31\\\/emotivo-mensaje-de-la-afa-tras-el-retiro-de-messi-de-la-seleccion\\\/#primaryimage\"},\"image\":{\"@id\":\"https:\\\/\\\/radioinfinitagoya.com.ar\\\/v1\\\/2026\\\/08\\\/31\\\/emotivo-mensaje-de-la-afa-tras-el-retiro-de-messi-de-la-seleccion\\\/#primaryimage\"},\"thumbnailUrl\":\"https:\\\/\\\/radioinfinitagoya.com.ar\\\/v1\\\/wp-content\\\/uploads\\\/2026\\\/08\\\/292375w380h285c.jpg.webp\",\"datePublished\":\"2026-08-31T18:12:04+00:00\",\"description\":\"\\\"Gracias eternas, Leo\\\" La Asociaci\u00f3n del F\u00fatbol Argentino despidi\u00f3 al capit\u00e1n con un sentido homenaje en sus redes sociales y destac\u00f3 el legado que dej\u00f3\",\"breadcrumb\":{\"@id\":\"https:\\\/\\\/radioinfinitagoya.com.ar\\\/v1\\\/2026\\\/08\\\/31\\\/emotivo-mensaje-de-la-afa-tras-el-retiro-de-messi-de-la-seleccion\\\/#breadcrumb\"},\"inLanguage\":\"es-AR\",\"potentialAction\":[{\"@type\":\"ReadAction\",\"target\":[\"https:\\\/\\\/radioinfinitagoya.com.ar\\\/v1\\\/2026\\\/08\\\/31\\\/emotivo-mensaje-de-la-afa-tras-el-retiro-de-messi-de-la-seleccion\\\/\"]}]},{\"@type\":\"ImageObject\",\"inLanguage\":\"es-AR\",\"@id\":\"https:\\\/\\\/radioinfinitagoya.com.ar\\\/v1\\\/2026\\\/08\\\/31\\\/emotivo-mensaje-de-la-afa-tras-el-retiro-de-messi-de-la-seleccion\\\/#primaryimage\",\"url\":\"https:\\\/\\\/radioinfinitagoya.com.ar\\\/v1\\\/wp-content\\\/uploads\\\/2026\\\/08\\\/292375w380h285c.jpg.webp\",\"contentUrl\":\"https:\\\/\\\/radioinfinitagoya.com.ar\\\/v1\\\/wp-content\\\/uploads\\\/2026\\\/08\\\/292375w380h285c.jpg.webp\",\"width\":380,\"height\":285},{\"@type\":\"BreadcrumbList\",\"@id\":\"https:\\\/\\\/radioinfinitagoya.com.ar\\\/v1\\\/2026\\\/08\\\/31\\\/emotivo-mensaje-de-la-afa-tras-el-retiro-de-messi-de-la-seleccion\\\/#breadcrumb\",\"itemListElement\":[{\"@type\":\"ListItem\",\"position\":1,\"name\":\"Inicio\",\"item\":\"https:\\\/\\\/radioinfinitagoya.com.ar\\\/v1\\\/\"},{\"@type\":\"ListItem\",\"position\":2,\"name\":\"Emotivo mensaje de la AFA tras el retiro de Messi de la Selecci\u00f3n\"}]},{\"@type\":\"WebSite\",\"@id\":\"https:\\\/\\\/radioinfinitagoya.com.ar\\\/v1\\\/#website\",\"url\":\"https:\\\/\\\/radioinfinitagoya.com.ar\\\/v1\\\/\",\"name\":\"radioinfinitagoya.com.ar\",\"description\":\"Radio de noticias\",\"publisher\":{\"@id\":\"https:\\\/\\\/radioinfinitagoya.com.ar\\\/v1\\\/#organization\"},\"potentialAction\":[{\"@type\":\"SearchAction\",\"target\":{\"@type\":\"EntryPoint\",\"urlTemplate\":\"https:\\\/\\\/radioinfinitagoya.com.ar\\\/v1\\\/?s={search_term_string}\"},\"query-input\":{\"@type\":\"PropertyValueSpecification\",\"valueRequired\":true,\"valueName\":\"search_term_string\"}}],\"inLanguage\":\"es-AR\"},{\"@type\":\"Organization\",\"@id\":\"https:\\\/\\\/radioinfinitagoya.com.ar\\\/v1\\\/#organization\",\"name\":\"Radio Infinita Goya\",\"url\":\"https:\\\/\\\/radioinfinitagoya.com.ar\\\/v1\\\/\",\"logo\":{\"@type\":\"ImageObject\",\"inLanguage\":\"es-AR\",\"@id\":\"https:\\\/\\\/radioinfinitagoya.com.ar\\\/v1\\\/#\\\/schema\\\/logo\\\/image\\\/\",\"url\":\"https:\\\/\\\/radioinfinitagoya.com.ar\\\/v1\\\/wp-content\\\/uploads\\\/2019\\\/11\\\/logo-pie-web.png\",\"contentUrl\":\"https:\\\/\\\/radioinfinitagoya.com.ar\\\/v1\\\/wp-content\\\/uploads\\\/2019\\\/11\\\/logo-pie-web.png\",\"width\":635,\"height\":326,\"caption\":\"Radio Infinita Goya\"},\"image\":{\"@id\":\"https:\\\/\\\/radioinfinitagoya.com.ar\\\/v1\\\/#\\\/schema\\\/logo\\\/image\\\/\"},\"sameAs\":[\"https:\\\/\\\/www.facebook.com\\\/p\\\/Infinita-Goya-100063870918311\\\/\"]},{\"@type\":\"Person\",\"@id\":\"https:\\\/\\\/radioinfinitagoya.com.ar\\\/v1\\\/#\\\/schema\\\/person\\\/d4cf9c413d4f6edb24aabdccab49ca4a\",\"name\":\"Jorge Mi\u00f1o\",\"image\":{\"@type\":\"ImageObject\",\"inLanguage\":\"es-AR\",\"@id\":\"https:\\\/\\\/secure.gravatar.com\\\/avatar\\\/910fcf6728fe95320e07a6643c1581fec1c7fc4bf8ae12e3d8f0d0373dc844be?s=96&d=mm&r=g\",\"url\":\"https:\\\/\\\/secure.gravatar.com\\\/avatar\\\/910fcf6728fe95320e07a6643c1581fec1c7fc4bf8ae12e3d8f0d0373dc844be?s=96&d=mm&r=g\",\"contentUrl\":\"https:\\\/\\\/secure.gravatar.com\\\/avatar\\\/910fcf6728fe95320e07a6643c1581fec1c7fc4bf8ae12e3d8f0d0373dc844be?s=96&d=mm&r=g\",\"caption\":\"Jorge Mi\u00f1o\"},\"sameAs\":[\"http:\\\/\\\/radioinfinitagoya.com.ar\"]}]}<\/script>\n<!-- \/ Yoast SEO plugin. -->","yoast_head_json":{"title":"Emotivo mensaje de la AFA tras el retiro de Messi de la Selecci\u00f3n - Radio Infinita Goya","description":"\"Gracias eternas, Leo\" La Asociaci\u00f3n del F\u00fatbol Argentino despidi\u00f3 al capit\u00e1n con un sentido homenaje en sus redes sociales y destac\u00f3 el legado que dej\u00f3","robots":{"index":"index","follow":"follow","max-snippet":"max-snippet:-1","max-image-preview":"max-image-preview:large","max-video-preview":"max-video-preview:-1"},"canonical":"https:\/\/radioinfinitagoya.com.ar\/v1\/2026\/08\/31\/emotivo-mensaje-de-la-afa-tras-el-retiro-de-messi-de-la-seleccion\/","og_locale":"es_ES","og_type":"article","og_title":"Emotivo mensaje de la AFA tras el retiro de Messi de la Selecci\u00f3n - Radio Infinita Goya","og_description":"\"Gracias eternas, Leo\" La Asociaci\u00f3n del F\u00fatbol Argentino despidi\u00f3 al capit\u00e1n con un sentido homenaje en sus redes sociales y destac\u00f3 el legado que dej\u00f3","og_url":"https:\/\/radioinfinitagoya.com.ar\/v1\/2026\/08\/31\/emotivo-mensaje-de-la-afa-tras-el-retiro-de-messi-de-la-seleccion\/","og_site_name":"Radio Infinita Goya","article_publisher":"https:\/\/www.facebook.com\/p\/Infinita-Goya-100063870918311\/","article_published_time":"2026-08-31T18:12:04+00:00","og_image":[{"width":380,"height":285,"url":"https:\/\/radioinfinitagoya.com.ar\/v1\/wp-content\/uploads\/2026\/08\/292375w380h285c.jpg.webp","type":"image\/webp"}],"author":"Jorge Mi\u00f1o","twitter_card":"summary_large_image","twitter_misc":{"Escrito por":"Jorge Mi\u00f1o","Tiempo de lectura":"4 minutos"},"schema":{"@context":"https:\/\/schema.org","@graph":[{"@type":"Article","@id":"https:\/\/radioinfinitagoya.com.ar\/v1\/2026\/08\/31\/emotivo-mensaje-de-la-afa-tras-el-retiro-de-messi-de-la-seleccion\/#article","isPartOf":{"@id":"https:\/\/radioinfinitagoya.com.ar\/v1\/2026\/08\/31\/emotivo-mensaje-de-la-afa-tras-el-retiro-de-messi-de-la-seleccion\/"},"author":{"name":"Jorge Mi\u00f1o","@id":"https:\/\/radioinfinitagoya.com.ar\/v1\/#\/schema\/person\/d4cf9c413d4f6edb24aabdccab49ca4a"},"headline":"Emotivo mensaje de la AFA tras el retiro de Messi de la Selecci\u00f3n","datePublished":"2026-08-31T18:12:04+00:00","mainEntityOfPage":{"@id":"https:\/\/radioinfinitagoya.com.ar\/v1\/2026\/08\/31\/emotivo-mensaje-de-la-afa-tras-el-retiro-de-messi-de-la-seleccion\/"},"wordCount":711,"commentCount":0,"publisher":{"@id":"https:\/\/radioinfinitagoya.com.ar\/v1\/#organization"},"image":{"@id":"https:\/\/radioinfinitagoya.com.ar\/v1\/2026\/08\/31\/emotivo-mensaje-de-la-afa-tras-el-retiro-de-messi-de-la-seleccion\/#primaryimage"},"thumbnailUrl":"https:\/\/radioinfinitagoya.com.ar\/v1\/wp-content\/uploads\/2026\/08\/292375w380h285c.jpg.webp","articleSection":["DEPORTES"],"inLanguage":"es-AR","potentialAction":[{"@type":"CommentAction","name":"Comment","target":["https:\/\/radioinfinitagoya.com.ar\/v1\/2026\/08\/31\/emotivo-mensaje-de-la-afa-tras-el-retiro-de-messi-de-la-seleccion\/#respond"]}]},{"@type":"WebPage","@id":"https:\/\/radioinfinitagoya.com.ar\/v1\/2026\/08\/31\/emotivo-mensaje-de-la-afa-tras-el-retiro-de-messi-de-la-seleccion\/","url":"https:\/\/radioinfinitagoya.com.ar\/v1\/2026\/08\/31\/emotivo-mensaje-de-la-afa-tras-el-retiro-de-messi-de-la-seleccion\/","name":"Emotivo mensaje de la AFA tras el retiro de Messi de la Selecci\u00f3n - Radio Infinita Goya","isPartOf":{"@id":"https:\/\/radioinfinitagoya.com.ar\/v1\/#website"},"primaryImageOfPage":{"@id":"https:\/\/radioinfinitagoya.com.ar\/v1\/2026\/08\/31\/emotivo-mensaje-de-la-afa-tras-el-retiro-de-messi-de-la-seleccion\/#primaryimage"},"image":{"@id":"https:\/\/radioinfinitagoya.com.ar\/v1\/2026\/08\/31\/emotivo-mensaje-de-la-afa-tras-el-retiro-de-messi-de-la-seleccion\/#primaryimage"},"thumbnailUrl":"https:\/\/radioinfinitagoya.com.ar\/v1\/wp-content\/uploads\/2026\/08\/292375w380h285c.jpg.webp","datePublished":"2026-08-31T18:12:04+00:00","description":"\"Gracias eternas, Leo\" La Asociaci\u00f3n del F\u00fatbol Argentino despidi\u00f3 al capit\u00e1n con un sentido homenaje en sus redes sociales y destac\u00f3 el legado que dej\u00f3","breadcrumb":{"@id":"https:\/\/radioinfinitagoya.com.ar\/v1\/2026\/08\/31\/emotivo-mensaje-de-la-afa-tras-el-retiro-de-messi-de-la-seleccion\/#breadcrumb"},"inLanguage":"es-AR","potentialAction":[{"@type":"ReadAction","target":["https:\/\/radioinfinitagoya.com.ar\/v1\/2026\/08\/31\/emotivo-mensaje-de-la-afa-tras-el-retiro-de-messi-de-la-seleccion\/"]}]},{"@type":"ImageObject","inLanguage":"es-AR","@id":"https:\/\/radioinfinitagoya.com.ar\/v1\/2026\/08\/31\/emotivo-mensaje-de-la-afa-tras-el-retiro-de-messi-de-la-seleccion\/#primaryimage","url":"https:\/\/radioinfinitagoya.com.ar\/v1\/wp-content\/uploads\/2026\/08\/292375w380h285c.jpg.webp","contentUrl":"https:\/\/radioinfinitagoya.com.ar\/v1\/wp-content\/uploads\/2026\/08\/292375w380h285c.jpg.webp","width":380,"height":285},{"@type":"BreadcrumbList","@id":"https:\/\/radioinfinitagoya.com.ar\/v1\/2026\/08\/31\/emotivo-mensaje-de-la-afa-tras-el-retiro-de-messi-de-la-seleccion\/#breadcrumb","itemListElement":[{"@type":"ListItem","position":1,"name":"Inicio","item":"https:\/\/radioinfinitagoya.com.ar\/v1\/"},{"@type":"ListItem","position":2,"name":"Emotivo mensaje de la AFA tras el retiro de Messi de la Selecci\u00f3n"}]},{"@type":"WebSite","@id":"https:\/\/radioinfinitagoya.com.ar\/v1\/#website","url":"https:\/\/radioinfinitagoya.com.ar\/v1\/","name":"radioinfinitagoya.com.ar","description":"Radio de noticias","publisher":{"@id":"https:\/\/radioinfinitagoya.com.ar\/v1\/#organization"},"potentialAction":[{"@type":"SearchAction","target":{"@type":"EntryPoint","urlTemplate":"https:\/\/radioinfinitagoya.com.ar\/v1\/?s={search_term_string}"},"query-input":{"@type":"PropertyValueSpecification","valueRequired":true,"valueName":"search_term_string"}}],"inLanguage":"es-AR"},{"@type":"Organization","@id":"https:\/\/radioinfinitagoya.com.ar\/v1\/#organization","name":"Radio Infinita Goya","url":"https:\/\/radioinfinitagoya.com.ar\/v1\/","logo":{"@type":"ImageObject","inLanguage":"es-AR","@id":"https:\/\/radioinfinitagoya.com.ar\/v1\/#\/schema\/logo\/image\/","url":"https:\/\/radioinfinitagoya.com.ar\/v1\/wp-content\/uploads\/2019\/11\/logo-pie-web.png","contentUrl":"https:\/\/radioinfinitagoya.com.ar\/v1\/wp-content\/uploads\/2019\/11\/logo-pie-web.png","width":635,"height":326,"caption":"Radio Infinita Goya"},"image":{"@id":"https:\/\/radioinfinitagoya.com.ar\/v1\/#\/schema\/logo\/image\/"},"sameAs":["https:\/\/www.facebook.com\/p\/Infinita-Goya-100063870918311\/"]},{"@type":"Person","@id":"https:\/\/radioinfinitagoya.com.ar\/v1\/#\/schema\/person\/d4cf9c413d4f6edb24aabdccab49ca4a","name":"Jorge Mi\u00f1o","image":{"@type":"ImageObject","inLanguage":"es-AR","@id":"https:\/\/secure.gravatar.com\/avatar\/910fcf6728fe95320e07a6643c1581fec1c7fc4bf8ae12e3d8f0d0373dc844be?s=96&d=mm&r=g","url":"https:\/\/secure.gravatar.com\/avatar\/910fcf6728fe95320e07a6643c1581fec1c7fc4bf8ae12e3d8f0d0373dc844be?s=96&d=mm&r=g","contentUrl":"https:\/\/secure.gravatar.com\/avatar\/910fcf6728fe95320e07a6643c1581fec1c7fc4bf8ae12e3d8f0d0373dc844be?s=96&d=mm&r=g","caption":"Jorge Mi\u00f1o"},"sameAs":["http:\/\/radioinfinitagoya.com.ar"]}]}},"_links":{"self":[{"href":"https:\/\/radioinfinitagoya.com.ar\/v1\/wp-json\/wp\/v2\/posts\/226420","targetHints":{"allow":["GET"]}}],"collection":[{"href":"https:\/\/radioinfinitagoya.com.ar\/v1\/wp-json\/wp\/v2\/posts"}],"about":[{"href":"https:\/\/radioinfinitagoya.com.ar\/v1\/wp-json\/wp\/v2\/types\/post"}],"author":[{"embeddable":true,"href":"https:\/\/radioinfinitagoya.com.ar\/v1\/wp-json\/wp\/v2\/users\/4"}],"replies":[{"embeddable":true,"href":"https:\/\/radioinfinitagoya.com.ar\/v1\/wp-json\/wp\/v2\/comments?post=226420"}],"version-history":[{"count":1,"href":"https:\/\/radioinfinitagoya.com.ar\/v1\/wp-json\/wp\/v2\/posts\/226420\/revisions"}],"predecessor-version":[{"id":226425,"href":"https:\/\/radioinfinitagoya.com.ar\/v1\/wp-json\/wp\/v2\/posts\/226420\/revisions\/226425"}],"wp:featuredmedia":[{"embeddable":true,"href":"https:\/\/radioinfinitagoya.com.ar\/v1\/wp-json\/wp\/v2\/media\/226421"}],"wp:attachment":[{"href":"https:\/\/radioinfinitagoya.com.ar\/v1\/wp-json\/wp\/v2\/media?parent=226420"}],"wp:term":[{"taxonomy":"category","embeddable":true,"href":"https:\/\/radioinfinitagoya.com.ar\/v1\/wp-json\/wp\/v2\/categories?post=226420"},{"taxonomy":"post_tag","embeddable":true,"href":"https:\/\/radioinfinitagoya.com.ar\/v1\/wp-json\/wp\/v2\/tags?post=226420"}],"curies":[{"name":"wp","href":"https:\/\/api.w.org\/{rel}","templated":true}]}}