{"id":226426,"date":"2026-08-31T15:18:45","date_gmt":"2026-08-31T18:18:45","guid":{"rendered":"https:\/\/radioinfinitagoya.com.ar\/v1\/?p=226426"},"modified":"2026-08-31T15:18:45","modified_gmt":"2026-08-31T18:18:45","slug":"las-leonas-volvieron-a-la-argentina-con-la-copa-del-mundo","status":"publish","type":"post","link":"https:\/\/radioinfinitagoya.com.ar\/v1\/2026\/08\/31\/las-leonas-volvieron-a-la-argentina-con-la-copa-del-mundo\/","title":{"rendered":"Las Leonas volvieron a la Argentina con la Copa del Mundo"},"content":{"rendered":"<p>Una multitud las recibi\u00f3 en Ezeiza<\/p>\n<p>El seleccionado argentino fue ovacionado tras conquistar su tercer Mundial de Hockey femenino, con una victoria hist\u00f3rica ante Pa\u00edses Bajos.<\/p>\n<p>Las Leonas regresaron a la Argentina despu\u00e9s de protagonizar una consagraci\u00f3n hist\u00f3rica en el Mundial de Hockey 2026 y fueron recibidas por una multitud en el aeropuerto internacional de Ezeiza. El seleccionado argentino lleg\u00f3 al pa\u00eds con la medalla de oro y la Copa del Mundo luego de vencer a Pa\u00edses Bajos en una final inolvidable disputada en territorio neerland\u00e9s.<\/p>\n<p>El equipo dirigido por Fernando Ferrara consigui\u00f3 as\u00ed el tercer t\u00edtulo mundial de su historia y cerr\u00f3 una campa\u00f1a perfecta, ya que termin\u00f3 el torneo invicto. La conquista tuvo un valor especial por el rival y el escenario: Argentina derrot\u00f3 a Pa\u00edses Bajos, bicampe\u00f3n ol\u00edmpico y defensor del t\u00edtulo mundial, en el Wagener Stadium de Amstelveen, ante aproximadamente 10.000 espectadores.<\/p>\n<p>La llegada de la delegaci\u00f3n estuvo acompa\u00f1ada por el entusiasmo de cientos de personas que se acercaron para recibir a las campeonas. Las banderas celestes y blancas, los aplausos y los cantos marcaron la bienvenida para un plantel que regres\u00f3 al pa\u00eds despu\u00e9s de conseguir uno de los grandes logros del hockey argentino. Entre las voces que se escucharon durante la recepci\u00f3n apareci\u00f3 la tradicional canci\u00f3n &#8220;\u00a1Dale campe\u00f3n, dale campe\u00f3n!&#8221;.<\/p>\n<p>Las Leonas hicieron historia en Pa\u00edses Bajos<br \/>\nMajo Granatto, quien convirti\u00f3 el gol del empate y permiti\u00f3 que Argentina mantuviera sus posibilidades de conquistar el t\u00edtulo hasta la definici\u00f3n, fue una de las integrantes del plantel que habl\u00f3 durante el regreso a la Argentina y expres\u00f3 la emoci\u00f3n que todav\u00eda atravesaba al grupo.<\/p>\n<p>&#8220;Cost\u00f3, pero estamos muy contentas. Fue la mejor final desde hace a\u00f1os. La jugamos con autoridad, fue una final con todos los condimentos. Fue un sue\u00f1o hecho realidad. Sab\u00edamos que era para nosotros&#8221;, expres\u00f3.<\/p>\n<p>Granatto tambi\u00e9n revel\u00f3 un detalle que refleja la emoci\u00f3n del plantel despu\u00e9s de conseguir el campeonato: &#8220;Medalla de oro, no me la saco m\u00e1s. Desayunamos y dormimos con la medalla&#8221;, cont\u00f3 la jugadora de Santa B\u00e1rbara.<\/p>\n<p>M\u00e1s all\u00e1 de la celebraci\u00f3n, la campeona mundial aprovech\u00f3 su llegada al pa\u00eds para dejar un mensaje relacionado con la importancia del deporte y la necesidad de sostener la inversi\u00f3n. &#8220;El deporte es muy importante para el pa\u00eds. Hay que invertir en el deporte, como foco&#8221;, reclam\u00f3.<\/p>\n<p>Fernando Ferrara habl\u00f3 tras la llegada de Las Leonas al pa\u00eds<br \/>\nPara el cuerpo t\u00e9cnico, la conquista fue consecuencia de una planificaci\u00f3n que se desarroll\u00f3 durante los \u00faltimos dos a\u00f1os. Fernando Ferrara destac\u00f3 precisamente ese proceso cuando habl\u00f3 despu\u00e9s de la llegada de la selecci\u00f3n. &#8220;El trabajo fue espectacular, muy preciso en detalle desde hace dos a\u00f1os. Fue un torneo impecable desde el principio hasta el final&#8221;, asegur\u00f3 el entrenador.<\/p>\n<p>Ferrara tambi\u00e9n explic\u00f3 cu\u00e1les fueron, a su entender, los principales factores que permitieron que Argentina terminara invicta y pudiera imponerse en la final. &#8220;Fue una mezcla de talento, coraje, buen juego y buena defensa. Hicimos todo basado en la confianza, desde el cuerpo t\u00e9cnico hasta las jugadoras. Se vio un grupo muy unido&#8221;, se\u00f1al\u00f3.<\/p>\n<p>La llegada a Ezeiza represent\u00f3 as\u00ed el cierre de una celebraci\u00f3n que comenz\u00f3 en Pa\u00edses Bajos. Despu\u00e9s de superar a las locales en una final definida por shoot-outs, Las Leonas regresaron a casa con el trofeo m\u00e1s importante y fueron recibidas como campeonas del mundo. El seleccionado argentino sum\u00f3 su tercer t\u00edtulo mundial y volvi\u00f3 a escribir una p\u00e1gina destacada en la historia del hockey nacional.<\/p>\n<p>&nbsp;<\/p>\n","protected":false},"excerpt":{"rendered":"<p>Una multitud las recibi\u00f3 en Ezeiza El seleccionado argentino fue ovacionado tras conquistar su tercer Mundial de Hockey femenino, con una victoria hist\u00f3rica ante Pa\u00edses Bajos. Las Leonas regresaron a la Argentina despu\u00e9s de protagonizar una consagraci\u00f3n hist\u00f3rica en el Mundial de Hockey 2026 y fueron recibidas por una multitud en el aeropuerto internacional de [&hellip;]<\/p>\n","protected":false},"author":4,"featured_media":226427,"comment_status":"open","ping_status":"open","sticky":false,"template":"","format":"standard","meta":{"_joinchat":[],"footnotes":""},"categories":[28],"tags":[],"class_list":["post-226426","post","type-post","status-publish","format-standard","has-post-thumbnail","category-deportes"],"yoast_head":"<!-- This site is optimized with the Yoast SEO plugin v27.7 - https:\/\/yoast.com\/product\/yoast-seo-wordpress\/ -->\n<title>Las Leonas volvieron a la Argentina con la Copa del Mundo - Radio Infinita Goya<\/title>\n<meta name=\"description\" content=\"Una multitud las recibi\u00f3 en Ezeiza El seleccionado argentino fue ovacionado tras conquistar su tercer Mundial de Hockey femenino, con una victoria\" \/>\n<meta name=\"robots\" content=\"index, follow, max-snippet:-1, max-image-preview:large, max-video-preview:-1\" \/>\n<link rel=\"canonical\" href=\"https:\/\/radioinfinitagoya.com.ar\/v1\/2026\/08\/31\/las-leonas-volvieron-a-la-argentina-con-la-copa-del-mundo\/\" \/>\n<meta property=\"og:locale\" content=\"es_ES\" \/>\n<meta property=\"og:type\" content=\"article\" \/>\n<meta property=\"og:title\" content=\"Las Leonas volvieron a la Argentina con la Copa del Mundo - Radio Infinita Goya\" \/>\n<meta property=\"og:description\" content=\"Una multitud las recibi\u00f3 en Ezeiza El seleccionado argentino fue ovacionado tras conquistar su tercer Mundial de Hockey femenino, con una victoria\" \/>\n<meta property=\"og:url\" content=\"https:\/\/radioinfinitagoya.com.ar\/v1\/2026\/08\/31\/las-leonas-volvieron-a-la-argentina-con-la-copa-del-mundo\/\" \/>\n<meta property=\"og:site_name\" content=\"Radio Infinita Goya\" \/>\n<meta property=\"article:publisher\" content=\"https:\/\/www.facebook.com\/p\/Infinita-Goya-100063870918311\/\" \/>\n<meta property=\"article:published_time\" content=\"2026-08-31T18:18:45+00:00\" \/>\n<meta property=\"og:image\" content=\"https:\/\/radioinfinitagoya.com.ar\/v1\/wp-content\/uploads\/2026\/08\/292345w380h285c.jpg.webp\" \/>\n\t<meta property=\"og:image:width\" content=\"380\" \/>\n\t<meta property=\"og:image:height\" content=\"285\" \/>\n\t<meta property=\"og:image:type\" content=\"image\/webp\" \/>\n<meta name=\"author\" content=\"Jorge Mi\u00f1o\" \/>\n<meta name=\"twitter:card\" content=\"summary_large_image\" \/>\n<meta name=\"twitter:label1\" content=\"Escrito por\" \/>\n\t<meta name=\"twitter:data1\" content=\"Jorge Mi\u00f1o\" \/>\n\t<meta name=\"twitter:label2\" content=\"Tiempo de lectura\" \/>\n\t<meta name=\"twitter:data2\" content=\"3 minutos\" \/>\n<script type=\"application\/ld+json\" class=\"yoast-schema-graph\">{\"@context\":\"https:\\\/\\\/schema.org\",\"@graph\":[{\"@type\":\"Article\",\"@id\":\"https:\\\/\\\/radioinfinitagoya.com.ar\\\/v1\\\/2026\\\/08\\\/31\\\/las-leonas-volvieron-a-la-argentina-con-la-copa-del-mundo\\\/#article\",\"isPartOf\":{\"@id\":\"https:\\\/\\\/radioinfinitagoya.com.ar\\\/v1\\\/2026\\\/08\\\/31\\\/las-leonas-volvieron-a-la-argentina-con-la-copa-del-mundo\\\/\"},\"author\":{\"name\":\"Jorge Mi\u00f1o\",\"@id\":\"https:\\\/\\\/radioinfinitagoya.com.ar\\\/v1\\\/#\\\/schema\\\/person\\\/d4cf9c413d4f6edb24aabdccab49ca4a\"},\"headline\":\"Las Leonas volvieron a la Argentina con la Copa del Mundo\",\"datePublished\":\"2026-08-31T18:18:45+00:00\",\"mainEntityOfPage\":{\"@id\":\"https:\\\/\\\/radioinfinitagoya.com.ar\\\/v1\\\/2026\\\/08\\\/31\\\/las-leonas-volvieron-a-la-argentina-con-la-copa-del-mundo\\\/\"},\"wordCount\":643,\"commentCount\":0,\"publisher\":{\"@id\":\"https:\\\/\\\/radioinfinitagoya.com.ar\\\/v1\\\/#organization\"},\"image\":{\"@id\":\"https:\\\/\\\/radioinfinitagoya.com.ar\\\/v1\\\/2026\\\/08\\\/31\\\/las-leonas-volvieron-a-la-argentina-con-la-copa-del-mundo\\\/#primaryimage\"},\"thumbnailUrl\":\"https:\\\/\\\/radioinfinitagoya.com.ar\\\/v1\\\/wp-content\\\/uploads\\\/2026\\\/08\\\/292345w380h285c.jpg.webp\",\"articleSection\":[\"DEPORTES\"],\"inLanguage\":\"es-AR\",\"potentialAction\":[{\"@type\":\"CommentAction\",\"name\":\"Comment\",\"target\":[\"https:\\\/\\\/radioinfinitagoya.com.ar\\\/v1\\\/2026\\\/08\\\/31\\\/las-leonas-volvieron-a-la-argentina-con-la-copa-del-mundo\\\/#respond\"]}]},{\"@type\":\"WebPage\",\"@id\":\"https:\\\/\\\/radioinfinitagoya.com.ar\\\/v1\\\/2026\\\/08\\\/31\\\/las-leonas-volvieron-a-la-argentina-con-la-copa-del-mundo\\\/\",\"url\":\"https:\\\/\\\/radioinfinitagoya.com.ar\\\/v1\\\/2026\\\/08\\\/31\\\/las-leonas-volvieron-a-la-argentina-con-la-copa-del-mundo\\\/\",\"name\":\"Las Leonas volvieron a la Argentina con la Copa del Mundo - Radio Infinita Goya\",\"isPartOf\":{\"@id\":\"https:\\\/\\\/radioinfinitagoya.com.ar\\\/v1\\\/#website\"},\"primaryImageOfPage\":{\"@id\":\"https:\\\/\\\/radioinfinitagoya.com.ar\\\/v1\\\/2026\\\/08\\\/31\\\/las-leonas-volvieron-a-la-argentina-con-la-copa-del-mundo\\\/#primaryimage\"},\"image\":{\"@id\":\"https:\\\/\\\/radioinfinitagoya.com.ar\\\/v1\\\/2026\\\/08\\\/31\\\/las-leonas-volvieron-a-la-argentina-con-la-copa-del-mundo\\\/#primaryimage\"},\"thumbnailUrl\":\"https:\\\/\\\/radioinfinitagoya.com.ar\\\/v1\\\/wp-content\\\/uploads\\\/2026\\\/08\\\/292345w380h285c.jpg.webp\",\"datePublished\":\"2026-08-31T18:18:45+00:00\",\"description\":\"Una multitud las recibi\u00f3 en Ezeiza El seleccionado argentino fue ovacionado tras conquistar su tercer Mundial de Hockey femenino, con una victoria\",\"breadcrumb\":{\"@id\":\"https:\\\/\\\/radioinfinitagoya.com.ar\\\/v1\\\/2026\\\/08\\\/31\\\/las-leonas-volvieron-a-la-argentina-con-la-copa-del-mundo\\\/#breadcrumb\"},\"inLanguage\":\"es-AR\",\"potentialAction\":[{\"@type\":\"ReadAction\",\"target\":[\"https:\\\/\\\/radioinfinitagoya.com.ar\\\/v1\\\/2026\\\/08\\\/31\\\/las-leonas-volvieron-a-la-argentina-con-la-copa-del-mundo\\\/\"]}]},{\"@type\":\"ImageObject\",\"inLanguage\":\"es-AR\",\"@id\":\"https:\\\/\\\/radioinfinitagoya.com.ar\\\/v1\\\/2026\\\/08\\\/31\\\/las-leonas-volvieron-a-la-argentina-con-la-copa-del-mundo\\\/#primaryimage\",\"url\":\"https:\\\/\\\/radioinfinitagoya.com.ar\\\/v1\\\/wp-content\\\/uploads\\\/2026\\\/08\\\/292345w380h285c.jpg.webp\",\"contentUrl\":\"https:\\\/\\\/radioinfinitagoya.com.ar\\\/v1\\\/wp-content\\\/uploads\\\/2026\\\/08\\\/292345w380h285c.jpg.webp\",\"width\":380,\"height\":285},{\"@type\":\"BreadcrumbList\",\"@id\":\"https:\\\/\\\/radioinfinitagoya.com.ar\\\/v1\\\/2026\\\/08\\\/31\\\/las-leonas-volvieron-a-la-argentina-con-la-copa-del-mundo\\\/#breadcrumb\",\"itemListElement\":[{\"@type\":\"ListItem\",\"position\":1,\"name\":\"Inicio\",\"item\":\"https:\\\/\\\/radioinfinitagoya.com.ar\\\/v1\\\/\"},{\"@type\":\"ListItem\",\"position\":2,\"name\":\"Las Leonas volvieron a la Argentina con la Copa del Mundo\"}]},{\"@type\":\"WebSite\",\"@id\":\"https:\\\/\\\/radioinfinitagoya.com.ar\\\/v1\\\/#website\",\"url\":\"https:\\\/\\\/radioinfinitagoya.com.ar\\\/v1\\\/\",\"name\":\"radioinfinitagoya.com.ar\",\"description\":\"Radio de noticias\",\"publisher\":{\"@id\":\"https:\\\/\\\/radioinfinitagoya.com.ar\\\/v1\\\/#organization\"},\"potentialAction\":[{\"@type\":\"SearchAction\",\"target\":{\"@type\":\"EntryPoint\",\"urlTemplate\":\"https:\\\/\\\/radioinfinitagoya.com.ar\\\/v1\\\/?s={search_term_string}\"},\"query-input\":{\"@type\":\"PropertyValueSpecification\",\"valueRequired\":true,\"valueName\":\"search_term_string\"}}],\"inLanguage\":\"es-AR\"},{\"@type\":\"Organization\",\"@id\":\"https:\\\/\\\/radioinfinitagoya.com.ar\\\/v1\\\/#organization\",\"name\":\"Radio Infinita Goya\",\"url\":\"https:\\\/\\\/radioinfinitagoya.com.ar\\\/v1\\\/\",\"logo\":{\"@type\":\"ImageObject\",\"inLanguage\":\"es-AR\",\"@id\":\"https:\\\/\\\/radioinfinitagoya.com.ar\\\/v1\\\/#\\\/schema\\\/logo\\\/image\\\/\",\"url\":\"https:\\\/\\\/radioinfinitagoya.com.ar\\\/v1\\\/wp-content\\\/uploads\\\/2019\\\/11\\\/logo-pie-web.png\",\"contentUrl\":\"https:\\\/\\\/radioinfinitagoya.com.ar\\\/v1\\\/wp-content\\\/uploads\\\/2019\\\/11\\\/logo-pie-web.png\",\"width\":635,\"height\":326,\"caption\":\"Radio Infinita Goya\"},\"image\":{\"@id\":\"https:\\\/\\\/radioinfinitagoya.com.ar\\\/v1\\\/#\\\/schema\\\/logo\\\/image\\\/\"},\"sameAs\":[\"https:\\\/\\\/www.facebook.com\\\/p\\\/Infinita-Goya-100063870918311\\\/\"]},{\"@type\":\"Person\",\"@id\":\"https:\\\/\\\/radioinfinitagoya.com.ar\\\/v1\\\/#\\\/schema\\\/person\\\/d4cf9c413d4f6edb24aabdccab49ca4a\",\"name\":\"Jorge Mi\u00f1o\",\"image\":{\"@type\":\"ImageObject\",\"inLanguage\":\"es-AR\",\"@id\":\"https:\\\/\\\/secure.gravatar.com\\\/avatar\\\/910fcf6728fe95320e07a6643c1581fec1c7fc4bf8ae12e3d8f0d0373dc844be?s=96&d=mm&r=g\",\"url\":\"https:\\\/\\\/secure.gravatar.com\\\/avatar\\\/910fcf6728fe95320e07a6643c1581fec1c7fc4bf8ae12e3d8f0d0373dc844be?s=96&d=mm&r=g\",\"contentUrl\":\"https:\\\/\\\/secure.gravatar.com\\\/avatar\\\/910fcf6728fe95320e07a6643c1581fec1c7fc4bf8ae12e3d8f0d0373dc844be?s=96&d=mm&r=g\",\"caption\":\"Jorge Mi\u00f1o\"},\"sameAs\":[\"http:\\\/\\\/radioinfinitagoya.com.ar\"]}]}<\/script>\n<!-- \/ Yoast SEO plugin. -->","yoast_head_json":{"title":"Las Leonas volvieron a la Argentina con la Copa del Mundo - Radio Infinita Goya","description":"Una multitud las recibi\u00f3 en Ezeiza El seleccionado argentino fue ovacionado tras conquistar su tercer Mundial de Hockey femenino, con una victoria","robots":{"index":"index","follow":"follow","max-snippet":"max-snippet:-1","max-image-preview":"max-image-preview:large","max-video-preview":"max-video-preview:-1"},"canonical":"https:\/\/radioinfinitagoya.com.ar\/v1\/2026\/08\/31\/las-leonas-volvieron-a-la-argentina-con-la-copa-del-mundo\/","og_locale":"es_ES","og_type":"article","og_title":"Las Leonas volvieron a la Argentina con la Copa del Mundo - Radio Infinita Goya","og_description":"Una multitud las recibi\u00f3 en Ezeiza El seleccionado argentino fue ovacionado tras conquistar su tercer Mundial de Hockey femenino, con una victoria","og_url":"https:\/\/radioinfinitagoya.com.ar\/v1\/2026\/08\/31\/las-leonas-volvieron-a-la-argentina-con-la-copa-del-mundo\/","og_site_name":"Radio Infinita Goya","article_publisher":"https:\/\/www.facebook.com\/p\/Infinita-Goya-100063870918311\/","article_published_time":"2026-08-31T18:18:45+00:00","og_image":[{"width":380,"height":285,"url":"https:\/\/radioinfinitagoya.com.ar\/v1\/wp-content\/uploads\/2026\/08\/292345w380h285c.jpg.webp","type":"image\/webp"}],"author":"Jorge Mi\u00f1o","twitter_card":"summary_large_image","twitter_misc":{"Escrito por":"Jorge Mi\u00f1o","Tiempo de lectura":"3 minutos"},"schema":{"@context":"https:\/\/schema.org","@graph":[{"@type":"Article","@id":"https:\/\/radioinfinitagoya.com.ar\/v1\/2026\/08\/31\/las-leonas-volvieron-a-la-argentina-con-la-copa-del-mundo\/#article","isPartOf":{"@id":"https:\/\/radioinfinitagoya.com.ar\/v1\/2026\/08\/31\/las-leonas-volvieron-a-la-argentina-con-la-copa-del-mundo\/"},"author":{"name":"Jorge Mi\u00f1o","@id":"https:\/\/radioinfinitagoya.com.ar\/v1\/#\/schema\/person\/d4cf9c413d4f6edb24aabdccab49ca4a"},"headline":"Las Leonas volvieron a la Argentina con la Copa del Mundo","datePublished":"2026-08-31T18:18:45+00:00","mainEntityOfPage":{"@id":"https:\/\/radioinfinitagoya.com.ar\/v1\/2026\/08\/31\/las-leonas-volvieron-a-la-argentina-con-la-copa-del-mundo\/"},"wordCount":643,"commentCount":0,"publisher":{"@id":"https:\/\/radioinfinitagoya.com.ar\/v1\/#organization"},"image":{"@id":"https:\/\/radioinfinitagoya.com.ar\/v1\/2026\/08\/31\/las-leonas-volvieron-a-la-argentina-con-la-copa-del-mundo\/#primaryimage"},"thumbnailUrl":"https:\/\/radioinfinitagoya.com.ar\/v1\/wp-content\/uploads\/2026\/08\/292345w380h285c.jpg.webp","articleSection":["DEPORTES"],"inLanguage":"es-AR","potentialAction":[{"@type":"CommentAction","name":"Comment","target":["https:\/\/radioinfinitagoya.com.ar\/v1\/2026\/08\/31\/las-leonas-volvieron-a-la-argentina-con-la-copa-del-mundo\/#respond"]}]},{"@type":"WebPage","@id":"https:\/\/radioinfinitagoya.com.ar\/v1\/2026\/08\/31\/las-leonas-volvieron-a-la-argentina-con-la-copa-del-mundo\/","url":"https:\/\/radioinfinitagoya.com.ar\/v1\/2026\/08\/31\/las-leonas-volvieron-a-la-argentina-con-la-copa-del-mundo\/","name":"Las Leonas volvieron a la Argentina con la Copa del Mundo - Radio Infinita Goya","isPartOf":{"@id":"https:\/\/radioinfinitagoya.com.ar\/v1\/#website"},"primaryImageOfPage":{"@id":"https:\/\/radioinfinitagoya.com.ar\/v1\/2026\/08\/31\/las-leonas-volvieron-a-la-argentina-con-la-copa-del-mundo\/#primaryimage"},"image":{"@id":"https:\/\/radioinfinitagoya.com.ar\/v1\/2026\/08\/31\/las-leonas-volvieron-a-la-argentina-con-la-copa-del-mundo\/#primaryimage"},"thumbnailUrl":"https:\/\/radioinfinitagoya.com.ar\/v1\/wp-content\/uploads\/2026\/08\/292345w380h285c.jpg.webp","datePublished":"2026-08-31T18:18:45+00:00","description":"Una multitud las recibi\u00f3 en Ezeiza El seleccionado argentino fue ovacionado tras conquistar su tercer Mundial de Hockey femenino, con una victoria","breadcrumb":{"@id":"https:\/\/radioinfinitagoya.com.ar\/v1\/2026\/08\/31\/las-leonas-volvieron-a-la-argentina-con-la-copa-del-mundo\/#breadcrumb"},"inLanguage":"es-AR","potentialAction":[{"@type":"ReadAction","target":["https:\/\/radioinfinitagoya.com.ar\/v1\/2026\/08\/31\/las-leonas-volvieron-a-la-argentina-con-la-copa-del-mundo\/"]}]},{"@type":"ImageObject","inLanguage":"es-AR","@id":"https:\/\/radioinfinitagoya.com.ar\/v1\/2026\/08\/31\/las-leonas-volvieron-a-la-argentina-con-la-copa-del-mundo\/#primaryimage","url":"https:\/\/radioinfinitagoya.com.ar\/v1\/wp-content\/uploads\/2026\/08\/292345w380h285c.jpg.webp","contentUrl":"https:\/\/radioinfinitagoya.com.ar\/v1\/wp-content\/uploads\/2026\/08\/292345w380h285c.jpg.webp","width":380,"height":285},{"@type":"BreadcrumbList","@id":"https:\/\/radioinfinitagoya.com.ar\/v1\/2026\/08\/31\/las-leonas-volvieron-a-la-argentina-con-la-copa-del-mundo\/#breadcrumb","itemListElement":[{"@type":"ListItem","position":1,"name":"Inicio","item":"https:\/\/radioinfinitagoya.com.ar\/v1\/"},{"@type":"ListItem","position":2,"name":"Las Leonas volvieron a la Argentina con la Copa del Mundo"}]},{"@type":"WebSite","@id":"https:\/\/radioinfinitagoya.com.ar\/v1\/#website","url":"https:\/\/radioinfinitagoya.com.ar\/v1\/","name":"radioinfinitagoya.com.ar","description":"Radio de noticias","publisher":{"@id":"https:\/\/radioinfinitagoya.com.ar\/v1\/#organization"},"potentialAction":[{"@type":"SearchAction","target":{"@type":"EntryPoint","urlTemplate":"https:\/\/radioinfinitagoya.com.ar\/v1\/?s={search_term_string}"},"query-input":{"@type":"PropertyValueSpecification","valueRequired":true,"valueName":"search_term_string"}}],"inLanguage":"es-AR"},{"@type":"Organization","@id":"https:\/\/radioinfinitagoya.com.ar\/v1\/#organization","name":"Radio Infinita Goya","url":"https:\/\/radioinfinitagoya.com.ar\/v1\/","logo":{"@type":"ImageObject","inLanguage":"es-AR","@id":"https:\/\/radioinfinitagoya.com.ar\/v1\/#\/schema\/logo\/image\/","url":"https:\/\/radioinfinitagoya.com.ar\/v1\/wp-content\/uploads\/2019\/11\/logo-pie-web.png","contentUrl":"https:\/\/radioinfinitagoya.com.ar\/v1\/wp-content\/uploads\/2019\/11\/logo-pie-web.png","width":635,"height":326,"caption":"Radio Infinita Goya"},"image":{"@id":"https:\/\/radioinfinitagoya.com.ar\/v1\/#\/schema\/logo\/image\/"},"sameAs":["https:\/\/www.facebook.com\/p\/Infinita-Goya-100063870918311\/"]},{"@type":"Person","@id":"https:\/\/radioinfinitagoya.com.ar\/v1\/#\/schema\/person\/d4cf9c413d4f6edb24aabdccab49ca4a","name":"Jorge Mi\u00f1o","image":{"@type":"ImageObject","inLanguage":"es-AR","@id":"https:\/\/secure.gravatar.com\/avatar\/910fcf6728fe95320e07a6643c1581fec1c7fc4bf8ae12e3d8f0d0373dc844be?s=96&d=mm&r=g","url":"https:\/\/secure.gravatar.com\/avatar\/910fcf6728fe95320e07a6643c1581fec1c7fc4bf8ae12e3d8f0d0373dc844be?s=96&d=mm&r=g","contentUrl":"https:\/\/secure.gravatar.com\/avatar\/910fcf6728fe95320e07a6643c1581fec1c7fc4bf8ae12e3d8f0d0373dc844be?s=96&d=mm&r=g","caption":"Jorge Mi\u00f1o"},"sameAs":["http:\/\/radioinfinitagoya.com.ar"]}]}},"_links":{"self":[{"href":"https:\/\/radioinfinitagoya.com.ar\/v1\/wp-json\/wp\/v2\/posts\/226426","targetHints":{"allow":["GET"]}}],"collection":[{"href":"https:\/\/radioinfinitagoya.com.ar\/v1\/wp-json\/wp\/v2\/posts"}],"about":[{"href":"https:\/\/radioinfinitagoya.com.ar\/v1\/wp-json\/wp\/v2\/types\/post"}],"author":[{"embeddable":true,"href":"https:\/\/radioinfinitagoya.com.ar\/v1\/wp-json\/wp\/v2\/users\/4"}],"replies":[{"embeddable":true,"href":"https:\/\/radioinfinitagoya.com.ar\/v1\/wp-json\/wp\/v2\/comments?post=226426"}],"version-history":[{"count":2,"href":"https:\/\/radioinfinitagoya.com.ar\/v1\/wp-json\/wp\/v2\/posts\/226426\/revisions"}],"predecessor-version":[{"id":226429,"href":"https:\/\/radioinfinitagoya.com.ar\/v1\/wp-json\/wp\/v2\/posts\/226426\/revisions\/226429"}],"wp:featuredmedia":[{"embeddable":true,"href":"https:\/\/radioinfinitagoya.com.ar\/v1\/wp-json\/wp\/v2\/media\/226427"}],"wp:attachment":[{"href":"https:\/\/radioinfinitagoya.com.ar\/v1\/wp-json\/wp\/v2\/media?parent=226426"}],"wp:term":[{"taxonomy":"category","embeddable":true,"href":"https:\/\/radioinfinitagoya.com.ar\/v1\/wp-json\/wp\/v2\/categories?post=226426"},{"taxonomy":"post_tag","embeddable":true,"href":"https:\/\/radioinfinitagoya.com.ar\/v1\/wp-json\/wp\/v2\/tags?post=226426"}],"curies":[{"name":"wp","href":"https:\/\/api.w.org\/{rel}","templated":true}]}}