{"id":226430,"date":"2026-08-31T15:22:51","date_gmt":"2026-08-31T18:22:51","guid":{"rendered":"https:\/\/radioinfinitagoya.com.ar\/v1\/?p=226430"},"modified":"2026-08-31T15:22:51","modified_gmt":"2026-08-31T18:22:51","slug":"cruce-de-capitalinos-huracan-y-mandiyu-empataron-1-a-1","status":"publish","type":"post","link":"https:\/\/radioinfinitagoya.com.ar\/v1\/2026\/08\/31\/cruce-de-capitalinos-huracan-y-mandiyu-empataron-1-a-1\/","title":{"rendered":"Cruce de capitalinos: Hurac\u00e1n y Mandiy\u00fa empataron 1 a 1"},"content":{"rendered":"<p>Fue 1-1 el final en este cruce de capitalinos que abri\u00f3 la Zona 5 de la Regi\u00f3n Litoral Norte. El &#8220;Albo&#8221; mereci\u00f3 algo m\u00e1s, pero no pudo concretar. Con poco, el local &#8220;Azulgrana&#8221; aprovech\u00f3 y sum\u00f3 un empate.<\/p>\n<p>El largo camino del Regional Federal Amateur enfrent\u00f3 a dos correntinos en la primera fecha. Hurac\u00e1n y Mandiy\u00fa se repartieron hasta los errores y sellaron acuerdo con el empate 1-1, en el encuentro por la Zona 5 de la Regi\u00f3n Litoral Norte.<\/p>\n<p>Sin p\u00fablico visitante, el estadio &#8220;Jos\u00e9 Antonio Romero Feris&#8221; se mostr\u00f3 con pocas luces y ambos equipos quedaron en deudas ante una previa cargada de expectativas. Promediando el ST, Gonzalo Aquilino abri\u00f3 la cuenta para Mandiy\u00fa y minutos despu\u00e9s, un error en defensa de Alejandro Toledo determin\u00f3 el empate para Hurac\u00e1n.<\/p>\n<p>Ninguno de los dos pudo cumplir con su repertorio. Quiz\u00e1s el &#8220;Albo&#8221; insinu\u00f3 un poco m\u00e1s en el primer tiempo. Tard\u00f3 20 en asumir el protagonismo y sumar riesgos al \u00e1rea de Hurac\u00e1n. Fue Hugo Lugo (ex-Azulgrana) el que ingres\u00f3 al \u00e1rea y Brian Ruiz D\u00edaz gan\u00f3 el mano a mano, pero en el rebote le qued\u00f3 a Cerd\u00e1n con el arco libre y se le va por encima del travesa\u00f1o.<\/p>\n<p>Un gol anulado por offside y remates de Aquilino y Hugo en los minutos de cierre de la etapa inicial fueron lo rescatable, sin que pudiera abrirse el score y llegar al descanso 0-0.<\/p>\n<p>En el complemento, Mandiy\u00fa segu\u00eda con la propuesta y jugaba cerca del \u00e1rea rival. &#8220;Ale&#8221; Toledo mostraba su jerarqu\u00eda para la categor\u00eda e interven\u00eda en avances del &#8220;Albo&#8221;. Pero la lucha en mediocampo consumi\u00f3 minutos, hasta que lleg\u00f3 el primer gol de la tarde. Tras un lateral al \u00e1rea, la bajaron de cabeza al ingreso de Aquilino por el sector izquierdo y su remate al segundo palo.<\/p>\n<p>Hurac\u00e1n se despert\u00f3 y no soport\u00f3 la desventaja. Avis\u00f3 con un remate cruzado de Enzo Sandoval que el arquero visitante al c\u00f3rner, pero minutos despu\u00e9s, de un tiro de esquina del lado contrario, el propio &#8220;Ale&#8221; Toledo ayudando en la faceta defensiva la pifia en el primer palo y la coloc\u00f3 en un \u00e1ngulo. Blooper mediante, el gol en contra volv\u00eda a equilibrar las acciones, en una tarde donde no se hizo mucho m\u00e1s para desnivelar.<\/p>\n<p>En Monte Caseros y por la Zona 6, Lipton FC logr\u00f3 un empate como visitante 0-0 ante San Lorenzo. Los capitalinos sufrieron la expulsi\u00f3n de Hern\u00e1n Valenzuela<\/p>\n","protected":false},"excerpt":{"rendered":"<p>Fue 1-1 el final en este cruce de capitalinos que abri\u00f3 la Zona 5 de la Regi\u00f3n Litoral Norte. El &#8220;Albo&#8221; mereci\u00f3 algo m\u00e1s, pero no pudo concretar. Con poco, el local &#8220;Azulgrana&#8221; aprovech\u00f3 y sum\u00f3 un empate. El largo camino del Regional Federal Amateur enfrent\u00f3 a dos correntinos en la primera fecha. Hurac\u00e1n y [&hellip;]<\/p>\n","protected":false},"author":4,"featured_media":226431,"comment_status":"open","ping_status":"open","sticky":false,"template":"","format":"standard","meta":{"_joinchat":[],"footnotes":""},"categories":[28],"tags":[],"class_list":["post-226430","post","type-post","status-publish","format-standard","has-post-thumbnail","category-deportes"],"yoast_head":"<!-- This site is optimized with the Yoast SEO plugin v27.7 - https:\/\/yoast.com\/product\/yoast-seo-wordpress\/ -->\n<title>Cruce de capitalinos: Hurac\u00e1n y Mandiy\u00fa empataron 1 a 1 - Radio Infinita Goya<\/title>\n<meta name=\"description\" content=\"Fue 1-1 el final en este cruce de capitalinos que abri\u00f3 la Zona 5 de la Regi\u00f3n Litoral Norte. El &quot;Albo&quot; mereci\u00f3 algo m\u00e1s, pero no pudo concretar. Con\" \/>\n<meta name=\"robots\" content=\"index, follow, max-snippet:-1, max-image-preview:large, max-video-preview:-1\" \/>\n<link rel=\"canonical\" href=\"https:\/\/radioinfinitagoya.com.ar\/v1\/2026\/08\/31\/cruce-de-capitalinos-huracan-y-mandiyu-empataron-1-a-1\/\" \/>\n<meta property=\"og:locale\" content=\"es_ES\" \/>\n<meta property=\"og:type\" content=\"article\" \/>\n<meta property=\"og:title\" content=\"Cruce de capitalinos: Hurac\u00e1n y Mandiy\u00fa empataron 1 a 1 - Radio Infinita Goya\" \/>\n<meta property=\"og:description\" content=\"Fue 1-1 el final en este cruce de capitalinos que abri\u00f3 la Zona 5 de la Regi\u00f3n Litoral Norte. El &quot;Albo&quot; mereci\u00f3 algo m\u00e1s, pero no pudo concretar. Con\" \/>\n<meta property=\"og:url\" content=\"https:\/\/radioinfinitagoya.com.ar\/v1\/2026\/08\/31\/cruce-de-capitalinos-huracan-y-mandiyu-empataron-1-a-1\/\" \/>\n<meta property=\"og:site_name\" content=\"Radio Infinita Goya\" \/>\n<meta property=\"article:publisher\" content=\"https:\/\/www.facebook.com\/p\/Infinita-Goya-100063870918311\/\" \/>\n<meta property=\"article:published_time\" content=\"2026-08-31T18:22:51+00:00\" \/>\n<meta property=\"og:image\" content=\"https:\/\/radioinfinitagoya.com.ar\/v1\/wp-content\/uploads\/2026\/08\/292312w380h242c.png.webp\" \/>\n\t<meta property=\"og:image:width\" content=\"380\" \/>\n\t<meta property=\"og:image:height\" content=\"242\" \/>\n\t<meta property=\"og:image:type\" content=\"image\/webp\" \/>\n<meta name=\"author\" content=\"Jorge Mi\u00f1o\" \/>\n<meta name=\"twitter:card\" content=\"summary_large_image\" \/>\n<meta name=\"twitter:label1\" content=\"Escrito por\" \/>\n\t<meta name=\"twitter:data1\" content=\"Jorge Mi\u00f1o\" \/>\n\t<meta name=\"twitter:label2\" content=\"Tiempo de lectura\" \/>\n\t<meta name=\"twitter:data2\" content=\"3 minutos\" \/>\n<script type=\"application\/ld+json\" class=\"yoast-schema-graph\">{\"@context\":\"https:\\\/\\\/schema.org\",\"@graph\":[{\"@type\":\"Article\",\"@id\":\"https:\\\/\\\/radioinfinitagoya.com.ar\\\/v1\\\/2026\\\/08\\\/31\\\/cruce-de-capitalinos-huracan-y-mandiyu-empataron-1-a-1\\\/#article\",\"isPartOf\":{\"@id\":\"https:\\\/\\\/radioinfinitagoya.com.ar\\\/v1\\\/2026\\\/08\\\/31\\\/cruce-de-capitalinos-huracan-y-mandiyu-empataron-1-a-1\\\/\"},\"author\":{\"name\":\"Jorge Mi\u00f1o\",\"@id\":\"https:\\\/\\\/radioinfinitagoya.com.ar\\\/v1\\\/#\\\/schema\\\/person\\\/d4cf9c413d4f6edb24aabdccab49ca4a\"},\"headline\":\"Cruce de capitalinos: Hurac\u00e1n y Mandiy\u00fa empataron 1 a 1\",\"datePublished\":\"2026-08-31T18:22:51+00:00\",\"mainEntityOfPage\":{\"@id\":\"https:\\\/\\\/radioinfinitagoya.com.ar\\\/v1\\\/2026\\\/08\\\/31\\\/cruce-de-capitalinos-huracan-y-mandiyu-empataron-1-a-1\\\/\"},\"wordCount\":435,\"commentCount\":0,\"publisher\":{\"@id\":\"https:\\\/\\\/radioinfinitagoya.com.ar\\\/v1\\\/#organization\"},\"image\":{\"@id\":\"https:\\\/\\\/radioinfinitagoya.com.ar\\\/v1\\\/2026\\\/08\\\/31\\\/cruce-de-capitalinos-huracan-y-mandiyu-empataron-1-a-1\\\/#primaryimage\"},\"thumbnailUrl\":\"https:\\\/\\\/radioinfinitagoya.com.ar\\\/v1\\\/wp-content\\\/uploads\\\/2026\\\/08\\\/292312w380h242c.png.webp\",\"articleSection\":[\"DEPORTES\"],\"inLanguage\":\"es-AR\",\"potentialAction\":[{\"@type\":\"CommentAction\",\"name\":\"Comment\",\"target\":[\"https:\\\/\\\/radioinfinitagoya.com.ar\\\/v1\\\/2026\\\/08\\\/31\\\/cruce-de-capitalinos-huracan-y-mandiyu-empataron-1-a-1\\\/#respond\"]}]},{\"@type\":\"WebPage\",\"@id\":\"https:\\\/\\\/radioinfinitagoya.com.ar\\\/v1\\\/2026\\\/08\\\/31\\\/cruce-de-capitalinos-huracan-y-mandiyu-empataron-1-a-1\\\/\",\"url\":\"https:\\\/\\\/radioinfinitagoya.com.ar\\\/v1\\\/2026\\\/08\\\/31\\\/cruce-de-capitalinos-huracan-y-mandiyu-empataron-1-a-1\\\/\",\"name\":\"Cruce de capitalinos: Hurac\u00e1n y Mandiy\u00fa empataron 1 a 1 - Radio Infinita Goya\",\"isPartOf\":{\"@id\":\"https:\\\/\\\/radioinfinitagoya.com.ar\\\/v1\\\/#website\"},\"primaryImageOfPage\":{\"@id\":\"https:\\\/\\\/radioinfinitagoya.com.ar\\\/v1\\\/2026\\\/08\\\/31\\\/cruce-de-capitalinos-huracan-y-mandiyu-empataron-1-a-1\\\/#primaryimage\"},\"image\":{\"@id\":\"https:\\\/\\\/radioinfinitagoya.com.ar\\\/v1\\\/2026\\\/08\\\/31\\\/cruce-de-capitalinos-huracan-y-mandiyu-empataron-1-a-1\\\/#primaryimage\"},\"thumbnailUrl\":\"https:\\\/\\\/radioinfinitagoya.com.ar\\\/v1\\\/wp-content\\\/uploads\\\/2026\\\/08\\\/292312w380h242c.png.webp\",\"datePublished\":\"2026-08-31T18:22:51+00:00\",\"description\":\"Fue 1-1 el final en este cruce de capitalinos que abri\u00f3 la Zona 5 de la Regi\u00f3n Litoral Norte. El \\\"Albo\\\" mereci\u00f3 algo m\u00e1s, pero no pudo concretar. Con\",\"breadcrumb\":{\"@id\":\"https:\\\/\\\/radioinfinitagoya.com.ar\\\/v1\\\/2026\\\/08\\\/31\\\/cruce-de-capitalinos-huracan-y-mandiyu-empataron-1-a-1\\\/#breadcrumb\"},\"inLanguage\":\"es-AR\",\"potentialAction\":[{\"@type\":\"ReadAction\",\"target\":[\"https:\\\/\\\/radioinfinitagoya.com.ar\\\/v1\\\/2026\\\/08\\\/31\\\/cruce-de-capitalinos-huracan-y-mandiyu-empataron-1-a-1\\\/\"]}]},{\"@type\":\"ImageObject\",\"inLanguage\":\"es-AR\",\"@id\":\"https:\\\/\\\/radioinfinitagoya.com.ar\\\/v1\\\/2026\\\/08\\\/31\\\/cruce-de-capitalinos-huracan-y-mandiyu-empataron-1-a-1\\\/#primaryimage\",\"url\":\"https:\\\/\\\/radioinfinitagoya.com.ar\\\/v1\\\/wp-content\\\/uploads\\\/2026\\\/08\\\/292312w380h242c.png.webp\",\"contentUrl\":\"https:\\\/\\\/radioinfinitagoya.com.ar\\\/v1\\\/wp-content\\\/uploads\\\/2026\\\/08\\\/292312w380h242c.png.webp\",\"width\":380,\"height\":242},{\"@type\":\"BreadcrumbList\",\"@id\":\"https:\\\/\\\/radioinfinitagoya.com.ar\\\/v1\\\/2026\\\/08\\\/31\\\/cruce-de-capitalinos-huracan-y-mandiyu-empataron-1-a-1\\\/#breadcrumb\",\"itemListElement\":[{\"@type\":\"ListItem\",\"position\":1,\"name\":\"Inicio\",\"item\":\"https:\\\/\\\/radioinfinitagoya.com.ar\\\/v1\\\/\"},{\"@type\":\"ListItem\",\"position\":2,\"name\":\"Cruce de capitalinos: Hurac\u00e1n y Mandiy\u00fa empataron 1 a 1\"}]},{\"@type\":\"WebSite\",\"@id\":\"https:\\\/\\\/radioinfinitagoya.com.ar\\\/v1\\\/#website\",\"url\":\"https:\\\/\\\/radioinfinitagoya.com.ar\\\/v1\\\/\",\"name\":\"radioinfinitagoya.com.ar\",\"description\":\"Radio de noticias\",\"publisher\":{\"@id\":\"https:\\\/\\\/radioinfinitagoya.com.ar\\\/v1\\\/#organization\"},\"potentialAction\":[{\"@type\":\"SearchAction\",\"target\":{\"@type\":\"EntryPoint\",\"urlTemplate\":\"https:\\\/\\\/radioinfinitagoya.com.ar\\\/v1\\\/?s={search_term_string}\"},\"query-input\":{\"@type\":\"PropertyValueSpecification\",\"valueRequired\":true,\"valueName\":\"search_term_string\"}}],\"inLanguage\":\"es-AR\"},{\"@type\":\"Organization\",\"@id\":\"https:\\\/\\\/radioinfinitagoya.com.ar\\\/v1\\\/#organization\",\"name\":\"Radio Infinita Goya\",\"url\":\"https:\\\/\\\/radioinfinitagoya.com.ar\\\/v1\\\/\",\"logo\":{\"@type\":\"ImageObject\",\"inLanguage\":\"es-AR\",\"@id\":\"https:\\\/\\\/radioinfinitagoya.com.ar\\\/v1\\\/#\\\/schema\\\/logo\\\/image\\\/\",\"url\":\"https:\\\/\\\/radioinfinitagoya.com.ar\\\/v1\\\/wp-content\\\/uploads\\\/2019\\\/11\\\/logo-pie-web.png\",\"contentUrl\":\"https:\\\/\\\/radioinfinitagoya.com.ar\\\/v1\\\/wp-content\\\/uploads\\\/2019\\\/11\\\/logo-pie-web.png\",\"width\":635,\"height\":326,\"caption\":\"Radio Infinita Goya\"},\"image\":{\"@id\":\"https:\\\/\\\/radioinfinitagoya.com.ar\\\/v1\\\/#\\\/schema\\\/logo\\\/image\\\/\"},\"sameAs\":[\"https:\\\/\\\/www.facebook.com\\\/p\\\/Infinita-Goya-100063870918311\\\/\"]},{\"@type\":\"Person\",\"@id\":\"https:\\\/\\\/radioinfinitagoya.com.ar\\\/v1\\\/#\\\/schema\\\/person\\\/d4cf9c413d4f6edb24aabdccab49ca4a\",\"name\":\"Jorge Mi\u00f1o\",\"image\":{\"@type\":\"ImageObject\",\"inLanguage\":\"es-AR\",\"@id\":\"https:\\\/\\\/secure.gravatar.com\\\/avatar\\\/910fcf6728fe95320e07a6643c1581fec1c7fc4bf8ae12e3d8f0d0373dc844be?s=96&d=mm&r=g\",\"url\":\"https:\\\/\\\/secure.gravatar.com\\\/avatar\\\/910fcf6728fe95320e07a6643c1581fec1c7fc4bf8ae12e3d8f0d0373dc844be?s=96&d=mm&r=g\",\"contentUrl\":\"https:\\\/\\\/secure.gravatar.com\\\/avatar\\\/910fcf6728fe95320e07a6643c1581fec1c7fc4bf8ae12e3d8f0d0373dc844be?s=96&d=mm&r=g\",\"caption\":\"Jorge Mi\u00f1o\"},\"sameAs\":[\"http:\\\/\\\/radioinfinitagoya.com.ar\"]}]}<\/script>\n<!-- \/ Yoast SEO plugin. -->","yoast_head_json":{"title":"Cruce de capitalinos: Hurac\u00e1n y Mandiy\u00fa empataron 1 a 1 - Radio Infinita Goya","description":"Fue 1-1 el final en este cruce de capitalinos que abri\u00f3 la Zona 5 de la Regi\u00f3n Litoral Norte. El \"Albo\" mereci\u00f3 algo m\u00e1s, pero no pudo concretar. Con","robots":{"index":"index","follow":"follow","max-snippet":"max-snippet:-1","max-image-preview":"max-image-preview:large","max-video-preview":"max-video-preview:-1"},"canonical":"https:\/\/radioinfinitagoya.com.ar\/v1\/2026\/08\/31\/cruce-de-capitalinos-huracan-y-mandiyu-empataron-1-a-1\/","og_locale":"es_ES","og_type":"article","og_title":"Cruce de capitalinos: Hurac\u00e1n y Mandiy\u00fa empataron 1 a 1 - Radio Infinita Goya","og_description":"Fue 1-1 el final en este cruce de capitalinos que abri\u00f3 la Zona 5 de la Regi\u00f3n Litoral Norte. El \"Albo\" mereci\u00f3 algo m\u00e1s, pero no pudo concretar. Con","og_url":"https:\/\/radioinfinitagoya.com.ar\/v1\/2026\/08\/31\/cruce-de-capitalinos-huracan-y-mandiyu-empataron-1-a-1\/","og_site_name":"Radio Infinita Goya","article_publisher":"https:\/\/www.facebook.com\/p\/Infinita-Goya-100063870918311\/","article_published_time":"2026-08-31T18:22:51+00:00","og_image":[{"width":380,"height":242,"url":"https:\/\/radioinfinitagoya.com.ar\/v1\/wp-content\/uploads\/2026\/08\/292312w380h242c.png.webp","type":"image\/webp"}],"author":"Jorge Mi\u00f1o","twitter_card":"summary_large_image","twitter_misc":{"Escrito por":"Jorge Mi\u00f1o","Tiempo de lectura":"3 minutos"},"schema":{"@context":"https:\/\/schema.org","@graph":[{"@type":"Article","@id":"https:\/\/radioinfinitagoya.com.ar\/v1\/2026\/08\/31\/cruce-de-capitalinos-huracan-y-mandiyu-empataron-1-a-1\/#article","isPartOf":{"@id":"https:\/\/radioinfinitagoya.com.ar\/v1\/2026\/08\/31\/cruce-de-capitalinos-huracan-y-mandiyu-empataron-1-a-1\/"},"author":{"name":"Jorge Mi\u00f1o","@id":"https:\/\/radioinfinitagoya.com.ar\/v1\/#\/schema\/person\/d4cf9c413d4f6edb24aabdccab49ca4a"},"headline":"Cruce de capitalinos: Hurac\u00e1n y Mandiy\u00fa empataron 1 a 1","datePublished":"2026-08-31T18:22:51+00:00","mainEntityOfPage":{"@id":"https:\/\/radioinfinitagoya.com.ar\/v1\/2026\/08\/31\/cruce-de-capitalinos-huracan-y-mandiyu-empataron-1-a-1\/"},"wordCount":435,"commentCount":0,"publisher":{"@id":"https:\/\/radioinfinitagoya.com.ar\/v1\/#organization"},"image":{"@id":"https:\/\/radioinfinitagoya.com.ar\/v1\/2026\/08\/31\/cruce-de-capitalinos-huracan-y-mandiyu-empataron-1-a-1\/#primaryimage"},"thumbnailUrl":"https:\/\/radioinfinitagoya.com.ar\/v1\/wp-content\/uploads\/2026\/08\/292312w380h242c.png.webp","articleSection":["DEPORTES"],"inLanguage":"es-AR","potentialAction":[{"@type":"CommentAction","name":"Comment","target":["https:\/\/radioinfinitagoya.com.ar\/v1\/2026\/08\/31\/cruce-de-capitalinos-huracan-y-mandiyu-empataron-1-a-1\/#respond"]}]},{"@type":"WebPage","@id":"https:\/\/radioinfinitagoya.com.ar\/v1\/2026\/08\/31\/cruce-de-capitalinos-huracan-y-mandiyu-empataron-1-a-1\/","url":"https:\/\/radioinfinitagoya.com.ar\/v1\/2026\/08\/31\/cruce-de-capitalinos-huracan-y-mandiyu-empataron-1-a-1\/","name":"Cruce de capitalinos: Hurac\u00e1n y Mandiy\u00fa empataron 1 a 1 - Radio Infinita Goya","isPartOf":{"@id":"https:\/\/radioinfinitagoya.com.ar\/v1\/#website"},"primaryImageOfPage":{"@id":"https:\/\/radioinfinitagoya.com.ar\/v1\/2026\/08\/31\/cruce-de-capitalinos-huracan-y-mandiyu-empataron-1-a-1\/#primaryimage"},"image":{"@id":"https:\/\/radioinfinitagoya.com.ar\/v1\/2026\/08\/31\/cruce-de-capitalinos-huracan-y-mandiyu-empataron-1-a-1\/#primaryimage"},"thumbnailUrl":"https:\/\/radioinfinitagoya.com.ar\/v1\/wp-content\/uploads\/2026\/08\/292312w380h242c.png.webp","datePublished":"2026-08-31T18:22:51+00:00","description":"Fue 1-1 el final en este cruce de capitalinos que abri\u00f3 la Zona 5 de la Regi\u00f3n Litoral Norte. El \"Albo\" mereci\u00f3 algo m\u00e1s, pero no pudo concretar. Con","breadcrumb":{"@id":"https:\/\/radioinfinitagoya.com.ar\/v1\/2026\/08\/31\/cruce-de-capitalinos-huracan-y-mandiyu-empataron-1-a-1\/#breadcrumb"},"inLanguage":"es-AR","potentialAction":[{"@type":"ReadAction","target":["https:\/\/radioinfinitagoya.com.ar\/v1\/2026\/08\/31\/cruce-de-capitalinos-huracan-y-mandiyu-empataron-1-a-1\/"]}]},{"@type":"ImageObject","inLanguage":"es-AR","@id":"https:\/\/radioinfinitagoya.com.ar\/v1\/2026\/08\/31\/cruce-de-capitalinos-huracan-y-mandiyu-empataron-1-a-1\/#primaryimage","url":"https:\/\/radioinfinitagoya.com.ar\/v1\/wp-content\/uploads\/2026\/08\/292312w380h242c.png.webp","contentUrl":"https:\/\/radioinfinitagoya.com.ar\/v1\/wp-content\/uploads\/2026\/08\/292312w380h242c.png.webp","width":380,"height":242},{"@type":"BreadcrumbList","@id":"https:\/\/radioinfinitagoya.com.ar\/v1\/2026\/08\/31\/cruce-de-capitalinos-huracan-y-mandiyu-empataron-1-a-1\/#breadcrumb","itemListElement":[{"@type":"ListItem","position":1,"name":"Inicio","item":"https:\/\/radioinfinitagoya.com.ar\/v1\/"},{"@type":"ListItem","position":2,"name":"Cruce de capitalinos: Hurac\u00e1n y Mandiy\u00fa empataron 1 a 1"}]},{"@type":"WebSite","@id":"https:\/\/radioinfinitagoya.com.ar\/v1\/#website","url":"https:\/\/radioinfinitagoya.com.ar\/v1\/","name":"radioinfinitagoya.com.ar","description":"Radio de noticias","publisher":{"@id":"https:\/\/radioinfinitagoya.com.ar\/v1\/#organization"},"potentialAction":[{"@type":"SearchAction","target":{"@type":"EntryPoint","urlTemplate":"https:\/\/radioinfinitagoya.com.ar\/v1\/?s={search_term_string}"},"query-input":{"@type":"PropertyValueSpecification","valueRequired":true,"valueName":"search_term_string"}}],"inLanguage":"es-AR"},{"@type":"Organization","@id":"https:\/\/radioinfinitagoya.com.ar\/v1\/#organization","name":"Radio Infinita Goya","url":"https:\/\/radioinfinitagoya.com.ar\/v1\/","logo":{"@type":"ImageObject","inLanguage":"es-AR","@id":"https:\/\/radioinfinitagoya.com.ar\/v1\/#\/schema\/logo\/image\/","url":"https:\/\/radioinfinitagoya.com.ar\/v1\/wp-content\/uploads\/2019\/11\/logo-pie-web.png","contentUrl":"https:\/\/radioinfinitagoya.com.ar\/v1\/wp-content\/uploads\/2019\/11\/logo-pie-web.png","width":635,"height":326,"caption":"Radio Infinita Goya"},"image":{"@id":"https:\/\/radioinfinitagoya.com.ar\/v1\/#\/schema\/logo\/image\/"},"sameAs":["https:\/\/www.facebook.com\/p\/Infinita-Goya-100063870918311\/"]},{"@type":"Person","@id":"https:\/\/radioinfinitagoya.com.ar\/v1\/#\/schema\/person\/d4cf9c413d4f6edb24aabdccab49ca4a","name":"Jorge Mi\u00f1o","image":{"@type":"ImageObject","inLanguage":"es-AR","@id":"https:\/\/secure.gravatar.com\/avatar\/910fcf6728fe95320e07a6643c1581fec1c7fc4bf8ae12e3d8f0d0373dc844be?s=96&d=mm&r=g","url":"https:\/\/secure.gravatar.com\/avatar\/910fcf6728fe95320e07a6643c1581fec1c7fc4bf8ae12e3d8f0d0373dc844be?s=96&d=mm&r=g","contentUrl":"https:\/\/secure.gravatar.com\/avatar\/910fcf6728fe95320e07a6643c1581fec1c7fc4bf8ae12e3d8f0d0373dc844be?s=96&d=mm&r=g","caption":"Jorge Mi\u00f1o"},"sameAs":["http:\/\/radioinfinitagoya.com.ar"]}]}},"_links":{"self":[{"href":"https:\/\/radioinfinitagoya.com.ar\/v1\/wp-json\/wp\/v2\/posts\/226430","targetHints":{"allow":["GET"]}}],"collection":[{"href":"https:\/\/radioinfinitagoya.com.ar\/v1\/wp-json\/wp\/v2\/posts"}],"about":[{"href":"https:\/\/radioinfinitagoya.com.ar\/v1\/wp-json\/wp\/v2\/types\/post"}],"author":[{"embeddable":true,"href":"https:\/\/radioinfinitagoya.com.ar\/v1\/wp-json\/wp\/v2\/users\/4"}],"replies":[{"embeddable":true,"href":"https:\/\/radioinfinitagoya.com.ar\/v1\/wp-json\/wp\/v2\/comments?post=226430"}],"version-history":[{"count":2,"href":"https:\/\/radioinfinitagoya.com.ar\/v1\/wp-json\/wp\/v2\/posts\/226430\/revisions"}],"predecessor-version":[{"id":226433,"href":"https:\/\/radioinfinitagoya.com.ar\/v1\/wp-json\/wp\/v2\/posts\/226430\/revisions\/226433"}],"wp:featuredmedia":[{"embeddable":true,"href":"https:\/\/radioinfinitagoya.com.ar\/v1\/wp-json\/wp\/v2\/media\/226431"}],"wp:attachment":[{"href":"https:\/\/radioinfinitagoya.com.ar\/v1\/wp-json\/wp\/v2\/media?parent=226430"}],"wp:term":[{"taxonomy":"category","embeddable":true,"href":"https:\/\/radioinfinitagoya.com.ar\/v1\/wp-json\/wp\/v2\/categories?post=226430"},{"taxonomy":"post_tag","embeddable":true,"href":"https:\/\/radioinfinitagoya.com.ar\/v1\/wp-json\/wp\/v2\/tags?post=226430"}],"curies":[{"name":"wp","href":"https:\/\/api.w.org\/{rel}","templated":true}]}}