{"id":226434,"date":"2026-08-31T16:33:52","date_gmt":"2026-08-31T19:33:52","guid":{"rendered":"https:\/\/radioinfinitagoya.com.ar\/v1\/?p=226434"},"modified":"2026-08-31T16:33:52","modified_gmt":"2026-08-31T19:33:52","slug":"aumentos-en-septiembre-que-servicios-subiran-y-cuanto-impactaran-en-el-bolsillo","status":"publish","type":"post","link":"https:\/\/radioinfinitagoya.com.ar\/v1\/2026\/08\/31\/aumentos-en-septiembre-que-servicios-subiran-y-cuanto-impactaran-en-el-bolsillo\/","title":{"rendered":"Aumentos en septiembre: qu\u00e9 servicios subir\u00e1n y cu\u00e1nto impactar\u00e1n en el bolsillo"},"content":{"rendered":"<p>Septiembre llegar\u00e1 con aumentos en transporte, peajes, colegios, y con subas que en varios casos superar\u00e1n la inflaci\u00f3n de julio.<\/p>\n<p>El comienzo de septiembre traer\u00e1 nuevos aumentos que tendr\u00e1n impacto directo sobre los gastos mensuales de los hogares. Transporte p\u00fablico, peajes, alquileres, educaci\u00f3n privada y servicios estar\u00e1n entre los rubros que tendr\u00e1n actualizaciones desde el martes 1\u00b0.<\/p>\n<p>Algunos de los incrementos ya tienen porcentajes y valores definidos, mientras que en otros casos todav\u00eda resta conocer los cuadros tarifarios que regir\u00e1n durante el noveno mes del a\u00f1o.<\/p>\n<p>Cu\u00e1nto aumentan los colectivos en septiembre<br \/>\nLos usuarios del transporte p\u00fablico volver\u00e1n a encontrar nuevos valores en los colectivos.<\/p>\n<p>En las l\u00edneas que dependen de la Ciudad de Buenos Aires, el incremento ser\u00e1 del 4,1%. Con la SUBE registrada, el boleto m\u00ednimo pasar\u00e1 a costar $887,99, mientras que los viajes de entre 3 y 6 kil\u00f3metros tendr\u00e1n un precio de $986,70.<\/p>\n<p>Para las l\u00edneas bajo jurisdicci\u00f3n de la provincia de Buenos Aires, la actualizaci\u00f3n alcanzar\u00e1 el 4,3%. En este caso, la tarifa m\u00ednima ser\u00e1 de $1.158,97 y podr\u00e1 llegar hasta $2.043,84 en los trayectos que superen los 27 kil\u00f3metros.<\/p>\n<p>Trenes: cu\u00e1nto costar\u00e1 el boleto m\u00ednimo<br \/>\nSeptiembre tambi\u00e9n llegar\u00e1 con una actualizaci\u00f3n considerable para quienes utilizan el ferrocarril.<\/p>\n<p>El boleto m\u00ednimo de las l\u00edneas Mitre, Sarmiento, San Mart\u00edn, Urquiza, Roca, Belgrano Norte y Belgrano Sur aumentar\u00e1 un 14,29%.<\/p>\n<p>Con una tarjeta SUBE registrada, el valor pasar\u00e1 de $420 a $480. La modificaci\u00f3n corresponde al \u00faltimo tramo del esquema de actualizaci\u00f3n que hab\u00eda sido autorizado por el Gobierno nacional.<\/p>\n<p>Nuevas tarifas para el subte y el Premetro<br \/>\nEn la Ciudad de Buenos Aires, el boleto del subte tendr\u00e1 una suba del 4,1%.<\/p>\n<p>El viaje pasar\u00e1 a costar $1.753 con SUBE registrada, mientras que aquellos pasajeros que no hayan registrado la tarjeta deber\u00e1n pagar $2.541,10.<\/p>\n<p>El Premetro tambi\u00e9n modificar\u00e1 su tarifa y tendr\u00e1 un valor de $613,55.<\/p>\n<p>Peajes: los valores que regir\u00e1n desde septiembre<br \/>\nLas autopistas porte\u00f1as administradas por AUSA tendr\u00e1n una actualizaci\u00f3n del 4,1%.<\/p>\n<p>En las autopistas 25 de Mayo y Perito Moreno, los veh\u00edculos livianos pagar\u00e1n $4.707,81 en horario normal y $6.671,74 durante la hora pico.<\/p>\n<p>Por su parte, en Illia, Sarmiento y Salguero, las tarifas ser\u00e1n de $1.961,39 fuera de los horarios de mayor circulaci\u00f3n y $2.773,69 en hora pico.<\/p>\n<p>C\u00f3mo se actualizar\u00e1n los alquileres<br \/>\nLos aumentos de los alquileres depender\u00e1n del tipo de contrato y de la modalidad de actualizaci\u00f3n establecida.<\/p>\n<p>Aquellos acuerdos que se ajusten mediante el IPC cada tres meses tendr\u00e1n en septiembre un incremento del 6,22%.<\/p>\n<p>Para los contratos con actualizaci\u00f3n cada cuatro meses, la variaci\u00f3n ser\u00e1 del 8,99%.<\/p>\n<p>Distinta ser\u00e1 la situaci\u00f3n de quienes todav\u00eda tengan contratos comprendidos por la anterior Ley de Alquileres. En esos casos, el ajuste anual determinado por el ICL llegar\u00e1 al 35,52%.<\/p>\n<p>Aumentos en los colegios privados<br \/>\nLas familias que env\u00edan a sus hijos a instituciones educativas privadas tambi\u00e9n deber\u00e1n afrontar nuevos valores.<\/p>\n<p>En la Ciudad de Buenos Aires, los establecimientos que reciben aporte estatal estar\u00e1n habilitados para incrementar sus cuotas hasta un 4,2%.<\/p>\n<p>En territorio bonaerense, en tanto, el aumento autorizado para septiembre ser\u00e1 del 2,5%.<\/p>\n<p>Qu\u00e9 pasar\u00e1 con la tarifa de agua<br \/>\nAySA aplicar\u00e1 una nueva actualizaci\u00f3n durante septiembre, aunque todav\u00eda resta determinar cu\u00e1l ser\u00e1 el porcentaje definitivo.<\/p>\n<p>Desde este mes dejar\u00e1 de regir el l\u00edmite de aumento mensual del 3% que estuvo vigente entre mayo y agosto.<\/p>\n<p>El nuevo valor se determinar\u00e1 mediante la f\u00f3rmula basada en el Coeficiente de Modificaci\u00f3n K.<\/p>\n<p>Luz y gas: a la espera de las nuevas tarifas<br \/>\nLos usuarios tambi\u00e9n deber\u00e1n estar atentos a las facturas de electricidad y gas.<\/p>\n<p>Al cierre de agosto todav\u00eda no se hab\u00edan informado los nuevos cuadros tarifarios correspondientes a Edenor, Edesur, Metrogas y Naturgy BAN, por lo que resta conocer cu\u00e1l ser\u00e1 el impacto concreto.<\/p>\n<p>A esto se suma una modificaci\u00f3n en el esquema de subsidios: el l\u00edmite de consumo subsidiado para determinados usuarios bajar\u00e1 de 300 a 150 kWh.<\/p>\n<p>Esto podr\u00eda generar un aumento adicional en las facturas de aquellos hogares que consuman por encima del nuevo l\u00edmite establecido.<\/p>\n<p>Internet, telefon\u00eda y cable tambi\u00e9n tendr\u00e1n ajustes<br \/>\nLas compa\u00f1\u00edas de telecomunicaciones comenzaron a informar a sus clientes sobre las actualizaciones previstas para septiembre.<\/p>\n<p>En promedio, las subas rondar\u00e1n el 2,5%, aunque el porcentaje depender\u00e1 tanto de la empresa como del servicio y plan contratado.<\/p>\n<p>De esta manera, septiembre llegar\u00e1<\/p>\n<p>con una nueva serie de incrementos sobre algunos de los principales gastos de los hogares. Mientras transporte, educaci\u00f3n, alquileres y peajes ya cuentan con porcentajes definidos, todav\u00eda habr\u00e1 que esperar para conocer el impacto final de las actualizaciones en servicios como el agua, la electricidad y el gas.<\/p>\n","protected":false},"excerpt":{"rendered":"<p>Septiembre llegar\u00e1 con aumentos en transporte, peajes, colegios, y con subas que en varios casos superar\u00e1n la inflaci\u00f3n de julio. El comienzo de septiembre traer\u00e1 nuevos aumentos que tendr\u00e1n impacto directo sobre los gastos mensuales de los hogares. Transporte p\u00fablico, peajes, alquileres, educaci\u00f3n privada y servicios estar\u00e1n entre los rubros que tendr\u00e1n actualizaciones desde el [&hellip;]<\/p>\n","protected":false},"author":4,"featured_media":226435,"comment_status":"open","ping_status":"open","sticky":false,"template":"","format":"standard","meta":{"_joinchat":[],"footnotes":""},"categories":[29],"tags":[],"class_list":["post-226434","post","type-post","status-publish","format-standard","has-post-thumbnail","category-nacionales"],"yoast_head":"<!-- This site is optimized with the Yoast SEO plugin v27.7 - https:\/\/yoast.com\/product\/yoast-seo-wordpress\/ -->\n<title>Aumentos en septiembre: qu\u00e9 servicios subir\u00e1n y cu\u00e1nto impactar\u00e1n en el bolsillo - Radio Infinita Goya<\/title>\n<meta name=\"description\" content=\"Septiembre llegar\u00e1 con aumentos en transporte, peajes, colegios, y con subas que en varios casos superar\u00e1n la inflaci\u00f3n de julio. El comienzo de\" \/>\n<meta name=\"robots\" content=\"index, follow, max-snippet:-1, max-image-preview:large, max-video-preview:-1\" \/>\n<link rel=\"canonical\" href=\"https:\/\/radioinfinitagoya.com.ar\/v1\/2026\/08\/31\/aumentos-en-septiembre-que-servicios-subiran-y-cuanto-impactaran-en-el-bolsillo\/\" \/>\n<meta property=\"og:locale\" content=\"es_ES\" \/>\n<meta property=\"og:type\" content=\"article\" \/>\n<meta property=\"og:title\" content=\"Aumentos en septiembre: qu\u00e9 servicios subir\u00e1n y cu\u00e1nto impactar\u00e1n en el bolsillo - Radio Infinita Goya\" \/>\n<meta property=\"og:description\" content=\"Septiembre llegar\u00e1 con aumentos en transporte, peajes, colegios, y con subas que en varios casos superar\u00e1n la inflaci\u00f3n de julio. El comienzo de\" \/>\n<meta property=\"og:url\" content=\"https:\/\/radioinfinitagoya.com.ar\/v1\/2026\/08\/31\/aumentos-en-septiembre-que-servicios-subiran-y-cuanto-impactaran-en-el-bolsillo\/\" \/>\n<meta property=\"og:site_name\" content=\"Radio Infinita Goya\" \/>\n<meta property=\"article:publisher\" content=\"https:\/\/www.facebook.com\/p\/Infinita-Goya-100063870918311\/\" \/>\n<meta property=\"article:published_time\" content=\"2026-08-31T19:33:52+00:00\" \/>\n<meta property=\"og:image\" content=\"https:\/\/radioinfinitagoya.com.ar\/v1\/wp-content\/uploads\/2026\/08\/HQ-DpJjXoAAbdNN.jpg\" \/>\n\t<meta property=\"og:image:width\" content=\"680\" \/>\n\t<meta property=\"og:image:height\" content=\"383\" \/>\n\t<meta property=\"og:image:type\" content=\"image\/jpeg\" \/>\n<meta name=\"author\" content=\"Jorge Mi\u00f1o\" \/>\n<meta name=\"twitter:card\" content=\"summary_large_image\" \/>\n<meta name=\"twitter:label1\" content=\"Escrito por\" \/>\n\t<meta name=\"twitter:data1\" content=\"Jorge Mi\u00f1o\" \/>\n\t<meta name=\"twitter:label2\" content=\"Tiempo de lectura\" \/>\n\t<meta name=\"twitter:data2\" content=\"4 minutos\" \/>\n<script type=\"application\/ld+json\" class=\"yoast-schema-graph\">{\"@context\":\"https:\\\/\\\/schema.org\",\"@graph\":[{\"@type\":\"Article\",\"@id\":\"https:\\\/\\\/radioinfinitagoya.com.ar\\\/v1\\\/2026\\\/08\\\/31\\\/aumentos-en-septiembre-que-servicios-subiran-y-cuanto-impactaran-en-el-bolsillo\\\/#article\",\"isPartOf\":{\"@id\":\"https:\\\/\\\/radioinfinitagoya.com.ar\\\/v1\\\/2026\\\/08\\\/31\\\/aumentos-en-septiembre-que-servicios-subiran-y-cuanto-impactaran-en-el-bolsillo\\\/\"},\"author\":{\"name\":\"Jorge Mi\u00f1o\",\"@id\":\"https:\\\/\\\/radioinfinitagoya.com.ar\\\/v1\\\/#\\\/schema\\\/person\\\/d4cf9c413d4f6edb24aabdccab49ca4a\"},\"headline\":\"Aumentos en septiembre: qu\u00e9 servicios subir\u00e1n y cu\u00e1nto impactar\u00e1n en el bolsillo\",\"datePublished\":\"2026-08-31T19:33:52+00:00\",\"mainEntityOfPage\":{\"@id\":\"https:\\\/\\\/radioinfinitagoya.com.ar\\\/v1\\\/2026\\\/08\\\/31\\\/aumentos-en-septiembre-que-servicios-subiran-y-cuanto-impactaran-en-el-bolsillo\\\/\"},\"wordCount\":827,\"commentCount\":0,\"publisher\":{\"@id\":\"https:\\\/\\\/radioinfinitagoya.com.ar\\\/v1\\\/#organization\"},\"image\":{\"@id\":\"https:\\\/\\\/radioinfinitagoya.com.ar\\\/v1\\\/2026\\\/08\\\/31\\\/aumentos-en-septiembre-que-servicios-subiran-y-cuanto-impactaran-en-el-bolsillo\\\/#primaryimage\"},\"thumbnailUrl\":\"https:\\\/\\\/radioinfinitagoya.com.ar\\\/v1\\\/wp-content\\\/uploads\\\/2026\\\/08\\\/HQ-DpJjXoAAbdNN.jpg\",\"articleSection\":[\"NACIONALES\"],\"inLanguage\":\"es-AR\",\"potentialAction\":[{\"@type\":\"CommentAction\",\"name\":\"Comment\",\"target\":[\"https:\\\/\\\/radioinfinitagoya.com.ar\\\/v1\\\/2026\\\/08\\\/31\\\/aumentos-en-septiembre-que-servicios-subiran-y-cuanto-impactaran-en-el-bolsillo\\\/#respond\"]}]},{\"@type\":\"WebPage\",\"@id\":\"https:\\\/\\\/radioinfinitagoya.com.ar\\\/v1\\\/2026\\\/08\\\/31\\\/aumentos-en-septiembre-que-servicios-subiran-y-cuanto-impactaran-en-el-bolsillo\\\/\",\"url\":\"https:\\\/\\\/radioinfinitagoya.com.ar\\\/v1\\\/2026\\\/08\\\/31\\\/aumentos-en-septiembre-que-servicios-subiran-y-cuanto-impactaran-en-el-bolsillo\\\/\",\"name\":\"Aumentos en septiembre: qu\u00e9 servicios subir\u00e1n y cu\u00e1nto impactar\u00e1n en el bolsillo - Radio Infinita Goya\",\"isPartOf\":{\"@id\":\"https:\\\/\\\/radioinfinitagoya.com.ar\\\/v1\\\/#website\"},\"primaryImageOfPage\":{\"@id\":\"https:\\\/\\\/radioinfinitagoya.com.ar\\\/v1\\\/2026\\\/08\\\/31\\\/aumentos-en-septiembre-que-servicios-subiran-y-cuanto-impactaran-en-el-bolsillo\\\/#primaryimage\"},\"image\":{\"@id\":\"https:\\\/\\\/radioinfinitagoya.com.ar\\\/v1\\\/2026\\\/08\\\/31\\\/aumentos-en-septiembre-que-servicios-subiran-y-cuanto-impactaran-en-el-bolsillo\\\/#primaryimage\"},\"thumbnailUrl\":\"https:\\\/\\\/radioinfinitagoya.com.ar\\\/v1\\\/wp-content\\\/uploads\\\/2026\\\/08\\\/HQ-DpJjXoAAbdNN.jpg\",\"datePublished\":\"2026-08-31T19:33:52+00:00\",\"description\":\"Septiembre llegar\u00e1 con aumentos en transporte, peajes, colegios, y con subas que en varios casos superar\u00e1n la inflaci\u00f3n de julio. El comienzo de\",\"breadcrumb\":{\"@id\":\"https:\\\/\\\/radioinfinitagoya.com.ar\\\/v1\\\/2026\\\/08\\\/31\\\/aumentos-en-septiembre-que-servicios-subiran-y-cuanto-impactaran-en-el-bolsillo\\\/#breadcrumb\"},\"inLanguage\":\"es-AR\",\"potentialAction\":[{\"@type\":\"ReadAction\",\"target\":[\"https:\\\/\\\/radioinfinitagoya.com.ar\\\/v1\\\/2026\\\/08\\\/31\\\/aumentos-en-septiembre-que-servicios-subiran-y-cuanto-impactaran-en-el-bolsillo\\\/\"]}]},{\"@type\":\"ImageObject\",\"inLanguage\":\"es-AR\",\"@id\":\"https:\\\/\\\/radioinfinitagoya.com.ar\\\/v1\\\/2026\\\/08\\\/31\\\/aumentos-en-septiembre-que-servicios-subiran-y-cuanto-impactaran-en-el-bolsillo\\\/#primaryimage\",\"url\":\"https:\\\/\\\/radioinfinitagoya.com.ar\\\/v1\\\/wp-content\\\/uploads\\\/2026\\\/08\\\/HQ-DpJjXoAAbdNN.jpg\",\"contentUrl\":\"https:\\\/\\\/radioinfinitagoya.com.ar\\\/v1\\\/wp-content\\\/uploads\\\/2026\\\/08\\\/HQ-DpJjXoAAbdNN.jpg\",\"width\":680,\"height\":383},{\"@type\":\"BreadcrumbList\",\"@id\":\"https:\\\/\\\/radioinfinitagoya.com.ar\\\/v1\\\/2026\\\/08\\\/31\\\/aumentos-en-septiembre-que-servicios-subiran-y-cuanto-impactaran-en-el-bolsillo\\\/#breadcrumb\",\"itemListElement\":[{\"@type\":\"ListItem\",\"position\":1,\"name\":\"Inicio\",\"item\":\"https:\\\/\\\/radioinfinitagoya.com.ar\\\/v1\\\/\"},{\"@type\":\"ListItem\",\"position\":2,\"name\":\"Aumentos en septiembre: qu\u00e9 servicios subir\u00e1n y cu\u00e1nto impactar\u00e1n en el bolsillo\"}]},{\"@type\":\"WebSite\",\"@id\":\"https:\\\/\\\/radioinfinitagoya.com.ar\\\/v1\\\/#website\",\"url\":\"https:\\\/\\\/radioinfinitagoya.com.ar\\\/v1\\\/\",\"name\":\"radioinfinitagoya.com.ar\",\"description\":\"Radio de noticias\",\"publisher\":{\"@id\":\"https:\\\/\\\/radioinfinitagoya.com.ar\\\/v1\\\/#organization\"},\"potentialAction\":[{\"@type\":\"SearchAction\",\"target\":{\"@type\":\"EntryPoint\",\"urlTemplate\":\"https:\\\/\\\/radioinfinitagoya.com.ar\\\/v1\\\/?s={search_term_string}\"},\"query-input\":{\"@type\":\"PropertyValueSpecification\",\"valueRequired\":true,\"valueName\":\"search_term_string\"}}],\"inLanguage\":\"es-AR\"},{\"@type\":\"Organization\",\"@id\":\"https:\\\/\\\/radioinfinitagoya.com.ar\\\/v1\\\/#organization\",\"name\":\"Radio Infinita Goya\",\"url\":\"https:\\\/\\\/radioinfinitagoya.com.ar\\\/v1\\\/\",\"logo\":{\"@type\":\"ImageObject\",\"inLanguage\":\"es-AR\",\"@id\":\"https:\\\/\\\/radioinfinitagoya.com.ar\\\/v1\\\/#\\\/schema\\\/logo\\\/image\\\/\",\"url\":\"https:\\\/\\\/radioinfinitagoya.com.ar\\\/v1\\\/wp-content\\\/uploads\\\/2019\\\/11\\\/logo-pie-web.png\",\"contentUrl\":\"https:\\\/\\\/radioinfinitagoya.com.ar\\\/v1\\\/wp-content\\\/uploads\\\/2019\\\/11\\\/logo-pie-web.png\",\"width\":635,\"height\":326,\"caption\":\"Radio Infinita Goya\"},\"image\":{\"@id\":\"https:\\\/\\\/radioinfinitagoya.com.ar\\\/v1\\\/#\\\/schema\\\/logo\\\/image\\\/\"},\"sameAs\":[\"https:\\\/\\\/www.facebook.com\\\/p\\\/Infinita-Goya-100063870918311\\\/\"]},{\"@type\":\"Person\",\"@id\":\"https:\\\/\\\/radioinfinitagoya.com.ar\\\/v1\\\/#\\\/schema\\\/person\\\/d4cf9c413d4f6edb24aabdccab49ca4a\",\"name\":\"Jorge Mi\u00f1o\",\"image\":{\"@type\":\"ImageObject\",\"inLanguage\":\"es-AR\",\"@id\":\"https:\\\/\\\/secure.gravatar.com\\\/avatar\\\/910fcf6728fe95320e07a6643c1581fec1c7fc4bf8ae12e3d8f0d0373dc844be?s=96&d=mm&r=g\",\"url\":\"https:\\\/\\\/secure.gravatar.com\\\/avatar\\\/910fcf6728fe95320e07a6643c1581fec1c7fc4bf8ae12e3d8f0d0373dc844be?s=96&d=mm&r=g\",\"contentUrl\":\"https:\\\/\\\/secure.gravatar.com\\\/avatar\\\/910fcf6728fe95320e07a6643c1581fec1c7fc4bf8ae12e3d8f0d0373dc844be?s=96&d=mm&r=g\",\"caption\":\"Jorge Mi\u00f1o\"},\"sameAs\":[\"http:\\\/\\\/radioinfinitagoya.com.ar\"]}]}<\/script>\n<!-- \/ Yoast SEO plugin. -->","yoast_head_json":{"title":"Aumentos en septiembre: qu\u00e9 servicios subir\u00e1n y cu\u00e1nto impactar\u00e1n en el bolsillo - Radio Infinita Goya","description":"Septiembre llegar\u00e1 con aumentos en transporte, peajes, colegios, y con subas que en varios casos superar\u00e1n la inflaci\u00f3n de julio. El comienzo de","robots":{"index":"index","follow":"follow","max-snippet":"max-snippet:-1","max-image-preview":"max-image-preview:large","max-video-preview":"max-video-preview:-1"},"canonical":"https:\/\/radioinfinitagoya.com.ar\/v1\/2026\/08\/31\/aumentos-en-septiembre-que-servicios-subiran-y-cuanto-impactaran-en-el-bolsillo\/","og_locale":"es_ES","og_type":"article","og_title":"Aumentos en septiembre: qu\u00e9 servicios subir\u00e1n y cu\u00e1nto impactar\u00e1n en el bolsillo - Radio Infinita Goya","og_description":"Septiembre llegar\u00e1 con aumentos en transporte, peajes, colegios, y con subas que en varios casos superar\u00e1n la inflaci\u00f3n de julio. El comienzo de","og_url":"https:\/\/radioinfinitagoya.com.ar\/v1\/2026\/08\/31\/aumentos-en-septiembre-que-servicios-subiran-y-cuanto-impactaran-en-el-bolsillo\/","og_site_name":"Radio Infinita Goya","article_publisher":"https:\/\/www.facebook.com\/p\/Infinita-Goya-100063870918311\/","article_published_time":"2026-08-31T19:33:52+00:00","og_image":[{"width":680,"height":383,"url":"https:\/\/radioinfinitagoya.com.ar\/v1\/wp-content\/uploads\/2026\/08\/HQ-DpJjXoAAbdNN.jpg","type":"image\/jpeg"}],"author":"Jorge Mi\u00f1o","twitter_card":"summary_large_image","twitter_misc":{"Escrito por":"Jorge Mi\u00f1o","Tiempo de lectura":"4 minutos"},"schema":{"@context":"https:\/\/schema.org","@graph":[{"@type":"Article","@id":"https:\/\/radioinfinitagoya.com.ar\/v1\/2026\/08\/31\/aumentos-en-septiembre-que-servicios-subiran-y-cuanto-impactaran-en-el-bolsillo\/#article","isPartOf":{"@id":"https:\/\/radioinfinitagoya.com.ar\/v1\/2026\/08\/31\/aumentos-en-septiembre-que-servicios-subiran-y-cuanto-impactaran-en-el-bolsillo\/"},"author":{"name":"Jorge Mi\u00f1o","@id":"https:\/\/radioinfinitagoya.com.ar\/v1\/#\/schema\/person\/d4cf9c413d4f6edb24aabdccab49ca4a"},"headline":"Aumentos en septiembre: qu\u00e9 servicios subir\u00e1n y cu\u00e1nto impactar\u00e1n en el bolsillo","datePublished":"2026-08-31T19:33:52+00:00","mainEntityOfPage":{"@id":"https:\/\/radioinfinitagoya.com.ar\/v1\/2026\/08\/31\/aumentos-en-septiembre-que-servicios-subiran-y-cuanto-impactaran-en-el-bolsillo\/"},"wordCount":827,"commentCount":0,"publisher":{"@id":"https:\/\/radioinfinitagoya.com.ar\/v1\/#organization"},"image":{"@id":"https:\/\/radioinfinitagoya.com.ar\/v1\/2026\/08\/31\/aumentos-en-septiembre-que-servicios-subiran-y-cuanto-impactaran-en-el-bolsillo\/#primaryimage"},"thumbnailUrl":"https:\/\/radioinfinitagoya.com.ar\/v1\/wp-content\/uploads\/2026\/08\/HQ-DpJjXoAAbdNN.jpg","articleSection":["NACIONALES"],"inLanguage":"es-AR","potentialAction":[{"@type":"CommentAction","name":"Comment","target":["https:\/\/radioinfinitagoya.com.ar\/v1\/2026\/08\/31\/aumentos-en-septiembre-que-servicios-subiran-y-cuanto-impactaran-en-el-bolsillo\/#respond"]}]},{"@type":"WebPage","@id":"https:\/\/radioinfinitagoya.com.ar\/v1\/2026\/08\/31\/aumentos-en-septiembre-que-servicios-subiran-y-cuanto-impactaran-en-el-bolsillo\/","url":"https:\/\/radioinfinitagoya.com.ar\/v1\/2026\/08\/31\/aumentos-en-septiembre-que-servicios-subiran-y-cuanto-impactaran-en-el-bolsillo\/","name":"Aumentos en septiembre: qu\u00e9 servicios subir\u00e1n y cu\u00e1nto impactar\u00e1n en el bolsillo - Radio Infinita Goya","isPartOf":{"@id":"https:\/\/radioinfinitagoya.com.ar\/v1\/#website"},"primaryImageOfPage":{"@id":"https:\/\/radioinfinitagoya.com.ar\/v1\/2026\/08\/31\/aumentos-en-septiembre-que-servicios-subiran-y-cuanto-impactaran-en-el-bolsillo\/#primaryimage"},"image":{"@id":"https:\/\/radioinfinitagoya.com.ar\/v1\/2026\/08\/31\/aumentos-en-septiembre-que-servicios-subiran-y-cuanto-impactaran-en-el-bolsillo\/#primaryimage"},"thumbnailUrl":"https:\/\/radioinfinitagoya.com.ar\/v1\/wp-content\/uploads\/2026\/08\/HQ-DpJjXoAAbdNN.jpg","datePublished":"2026-08-31T19:33:52+00:00","description":"Septiembre llegar\u00e1 con aumentos en transporte, peajes, colegios, y con subas que en varios casos superar\u00e1n la inflaci\u00f3n de julio. El comienzo de","breadcrumb":{"@id":"https:\/\/radioinfinitagoya.com.ar\/v1\/2026\/08\/31\/aumentos-en-septiembre-que-servicios-subiran-y-cuanto-impactaran-en-el-bolsillo\/#breadcrumb"},"inLanguage":"es-AR","potentialAction":[{"@type":"ReadAction","target":["https:\/\/radioinfinitagoya.com.ar\/v1\/2026\/08\/31\/aumentos-en-septiembre-que-servicios-subiran-y-cuanto-impactaran-en-el-bolsillo\/"]}]},{"@type":"ImageObject","inLanguage":"es-AR","@id":"https:\/\/radioinfinitagoya.com.ar\/v1\/2026\/08\/31\/aumentos-en-septiembre-que-servicios-subiran-y-cuanto-impactaran-en-el-bolsillo\/#primaryimage","url":"https:\/\/radioinfinitagoya.com.ar\/v1\/wp-content\/uploads\/2026\/08\/HQ-DpJjXoAAbdNN.jpg","contentUrl":"https:\/\/radioinfinitagoya.com.ar\/v1\/wp-content\/uploads\/2026\/08\/HQ-DpJjXoAAbdNN.jpg","width":680,"height":383},{"@type":"BreadcrumbList","@id":"https:\/\/radioinfinitagoya.com.ar\/v1\/2026\/08\/31\/aumentos-en-septiembre-que-servicios-subiran-y-cuanto-impactaran-en-el-bolsillo\/#breadcrumb","itemListElement":[{"@type":"ListItem","position":1,"name":"Inicio","item":"https:\/\/radioinfinitagoya.com.ar\/v1\/"},{"@type":"ListItem","position":2,"name":"Aumentos en septiembre: qu\u00e9 servicios subir\u00e1n y cu\u00e1nto impactar\u00e1n en el bolsillo"}]},{"@type":"WebSite","@id":"https:\/\/radioinfinitagoya.com.ar\/v1\/#website","url":"https:\/\/radioinfinitagoya.com.ar\/v1\/","name":"radioinfinitagoya.com.ar","description":"Radio de noticias","publisher":{"@id":"https:\/\/radioinfinitagoya.com.ar\/v1\/#organization"},"potentialAction":[{"@type":"SearchAction","target":{"@type":"EntryPoint","urlTemplate":"https:\/\/radioinfinitagoya.com.ar\/v1\/?s={search_term_string}"},"query-input":{"@type":"PropertyValueSpecification","valueRequired":true,"valueName":"search_term_string"}}],"inLanguage":"es-AR"},{"@type":"Organization","@id":"https:\/\/radioinfinitagoya.com.ar\/v1\/#organization","name":"Radio Infinita Goya","url":"https:\/\/radioinfinitagoya.com.ar\/v1\/","logo":{"@type":"ImageObject","inLanguage":"es-AR","@id":"https:\/\/radioinfinitagoya.com.ar\/v1\/#\/schema\/logo\/image\/","url":"https:\/\/radioinfinitagoya.com.ar\/v1\/wp-content\/uploads\/2019\/11\/logo-pie-web.png","contentUrl":"https:\/\/radioinfinitagoya.com.ar\/v1\/wp-content\/uploads\/2019\/11\/logo-pie-web.png","width":635,"height":326,"caption":"Radio Infinita Goya"},"image":{"@id":"https:\/\/radioinfinitagoya.com.ar\/v1\/#\/schema\/logo\/image\/"},"sameAs":["https:\/\/www.facebook.com\/p\/Infinita-Goya-100063870918311\/"]},{"@type":"Person","@id":"https:\/\/radioinfinitagoya.com.ar\/v1\/#\/schema\/person\/d4cf9c413d4f6edb24aabdccab49ca4a","name":"Jorge Mi\u00f1o","image":{"@type":"ImageObject","inLanguage":"es-AR","@id":"https:\/\/secure.gravatar.com\/avatar\/910fcf6728fe95320e07a6643c1581fec1c7fc4bf8ae12e3d8f0d0373dc844be?s=96&d=mm&r=g","url":"https:\/\/secure.gravatar.com\/avatar\/910fcf6728fe95320e07a6643c1581fec1c7fc4bf8ae12e3d8f0d0373dc844be?s=96&d=mm&r=g","contentUrl":"https:\/\/secure.gravatar.com\/avatar\/910fcf6728fe95320e07a6643c1581fec1c7fc4bf8ae12e3d8f0d0373dc844be?s=96&d=mm&r=g","caption":"Jorge Mi\u00f1o"},"sameAs":["http:\/\/radioinfinitagoya.com.ar"]}]}},"_links":{"self":[{"href":"https:\/\/radioinfinitagoya.com.ar\/v1\/wp-json\/wp\/v2\/posts\/226434","targetHints":{"allow":["GET"]}}],"collection":[{"href":"https:\/\/radioinfinitagoya.com.ar\/v1\/wp-json\/wp\/v2\/posts"}],"about":[{"href":"https:\/\/radioinfinitagoya.com.ar\/v1\/wp-json\/wp\/v2\/types\/post"}],"author":[{"embeddable":true,"href":"https:\/\/radioinfinitagoya.com.ar\/v1\/wp-json\/wp\/v2\/users\/4"}],"replies":[{"embeddable":true,"href":"https:\/\/radioinfinitagoya.com.ar\/v1\/wp-json\/wp\/v2\/comments?post=226434"}],"version-history":[{"count":1,"href":"https:\/\/radioinfinitagoya.com.ar\/v1\/wp-json\/wp\/v2\/posts\/226434\/revisions"}],"predecessor-version":[{"id":226436,"href":"https:\/\/radioinfinitagoya.com.ar\/v1\/wp-json\/wp\/v2\/posts\/226434\/revisions\/226436"}],"wp:featuredmedia":[{"embeddable":true,"href":"https:\/\/radioinfinitagoya.com.ar\/v1\/wp-json\/wp\/v2\/media\/226435"}],"wp:attachment":[{"href":"https:\/\/radioinfinitagoya.com.ar\/v1\/wp-json\/wp\/v2\/media?parent=226434"}],"wp:term":[{"taxonomy":"category","embeddable":true,"href":"https:\/\/radioinfinitagoya.com.ar\/v1\/wp-json\/wp\/v2\/categories?post=226434"},{"taxonomy":"post_tag","embeddable":true,"href":"https:\/\/radioinfinitagoya.com.ar\/v1\/wp-json\/wp\/v2\/tags?post=226434"}],"curies":[{"name":"wp","href":"https:\/\/api.w.org\/{rel}","templated":true}]}}