{"id":226437,"date":"2026-08-31T16:36:46","date_gmt":"2026-08-31T19:36:46","guid":{"rendered":"https:\/\/radioinfinitagoya.com.ar\/v1\/?p=226437"},"modified":"2026-08-31T16:36:46","modified_gmt":"2026-08-31T19:36:46","slug":"llego-la-mision-del-vaticano-y-preparan-la-llegada-del-papa-leon-xiv","status":"publish","type":"post","link":"https:\/\/radioinfinitagoya.com.ar\/v1\/2026\/08\/31\/llego-la-mision-del-vaticano-y-preparan-la-llegada-del-papa-leon-xiv\/","title":{"rendered":"Lleg\u00f3 la misi\u00f3n del Vaticano y preparan la llegada del Papa Le\u00f3n XIV"},"content":{"rendered":"<p>La comitiva aterriz\u00f3 este domingo en Buenos Aires para coordinar los aspectos log\u00edsticos y de seguridad de la gira que el Pont\u00edfice realizar\u00e1 en noviembre.<\/p>\n<p>La cuenta regresiva rumbo a un acontecimiento sin precedentes entr\u00f3 en etapa definitiva. Una delegaci\u00f3n oficial de avanzada del Vaticano arrib\u00f3 este domingo a las 18:23 a Buenos Aires con el prop\u00f3sito de avanzar en la diagramaci\u00f3n del itinerario, la log\u00edstica y el operativo de seguridad de la visita que el papa Le\u00f3n XIV llevar\u00e1 a cabo en Argentina.<\/p>\n<p>La comitiva, encabezada por el coordinador de los Viajes Apost\u00f3licos, monse\u00f1or Jos\u00e9 Nah\u00fam Jairo Salas Casta\u00f1eda, fue recibida en su llegada por funcionarios de la Canciller\u00eda y representantes de la Nunciatura Apost\u00f3lica.<\/p>\n<p>A partir de este lunes, los enviados papales pondr\u00e1n en marcha una intensa agenda de trabajo que incluir\u00e1 encuentros con referentes de la Conferencia Episcopal Argentina y reuniones t\u00e9cnicas en el Palacio San Mart\u00edn.<\/p>\n<p>El Gobierno ultima detalles para la visita del papa Le\u00f3n XIV.<\/p>\n<p>Agenda de recorridas y los puntos centrales de la gira del papa Le\u00f3n XIV<br \/>\nEl plan de trabajo prev\u00e9 inspecciones presenciales en los posibles escenarios de contacto con los fieles en la Ciudad de Buenos Aires \u2014entre los que figuran las inmediaciones del Monumento a los Espa\u00f1oles\u2014, adem\u00e1s de traslados previstos hacia la provincia de C\u00f3rdoba y la Bas\u00edlica de Luj\u00e1n, epicentros de la gira preliminar estipulada del 8 al 11 de noviembre.<\/p>\n<p>Asimismo, la avanzada evaluar\u00e1 la posible incorporaci\u00f3n de instituciones de asistencia social y espacios de alto valor simb\u00f3lico. La coordinaci\u00f3n de estas tareas se realiza en conjunto con la Secretar\u00eda General de la Presidencia, los gobiernos locales y las fuerzas de seguridad, con el objetivo de dise\u00f1ar un esquema capaz de contener a las multitudes que movilizar\u00e1 el evento.<\/p>\n<p>La visita de Le\u00f3n XIV revestir\u00e1 una magnitud hist\u00f3rica incalculable para el pa\u00eds: marcar\u00e1 el retorno de un pont\u00edfice a la Argentina despu\u00e9s de 39 a\u00f1os, desde aquel recordado viaje pastoral realizado por Juan Pablo II en abril de 1987. Tras el relevamiento de la delegaci\u00f3n vaticana, se aguarda que en las pr\u00f3ximas semanas quede sellado el cronograma definitivo y el protocolo oficial.<\/p>\n","protected":false},"excerpt":{"rendered":"<p>La comitiva aterriz\u00f3 este domingo en Buenos Aires para coordinar los aspectos log\u00edsticos y de seguridad de la gira que el Pont\u00edfice realizar\u00e1 en noviembre. La cuenta regresiva rumbo a un acontecimiento sin precedentes entr\u00f3 en etapa definitiva. Una delegaci\u00f3n oficial de avanzada del Vaticano arrib\u00f3 este domingo a las 18:23 a Buenos Aires con [&hellip;]<\/p>\n","protected":false},"author":4,"featured_media":226438,"comment_status":"open","ping_status":"open","sticky":false,"template":"","format":"standard","meta":{"_joinchat":[],"footnotes":""},"categories":[29],"tags":[],"class_list":["post-226437","post","type-post","status-publish","format-standard","has-post-thumbnail","category-nacionales"],"yoast_head":"<!-- This site is optimized with the Yoast SEO plugin v27.7 - https:\/\/yoast.com\/product\/yoast-seo-wordpress\/ -->\n<title>Lleg\u00f3 la misi\u00f3n del Vaticano y preparan la llegada del Papa Le\u00f3n XIV - Radio Infinita Goya<\/title>\n<meta name=\"description\" content=\"La comitiva aterriz\u00f3 este domingo en Buenos Aires para coordinar los aspectos log\u00edsticos y de seguridad de la gira que el Pont\u00edfice realizar\u00e1 en\" \/>\n<meta name=\"robots\" content=\"index, follow, max-snippet:-1, max-image-preview:large, max-video-preview:-1\" \/>\n<link rel=\"canonical\" href=\"https:\/\/radioinfinitagoya.com.ar\/v1\/2026\/08\/31\/llego-la-mision-del-vaticano-y-preparan-la-llegada-del-papa-leon-xiv\/\" \/>\n<meta property=\"og:locale\" content=\"es_ES\" \/>\n<meta property=\"og:type\" content=\"article\" \/>\n<meta property=\"og:title\" content=\"Lleg\u00f3 la misi\u00f3n del Vaticano y preparan la llegada del Papa Le\u00f3n XIV - Radio Infinita Goya\" \/>\n<meta property=\"og:description\" content=\"La comitiva aterriz\u00f3 este domingo en Buenos Aires para coordinar los aspectos log\u00edsticos y de seguridad de la gira que el Pont\u00edfice realizar\u00e1 en\" \/>\n<meta property=\"og:url\" content=\"https:\/\/radioinfinitagoya.com.ar\/v1\/2026\/08\/31\/llego-la-mision-del-vaticano-y-preparan-la-llegada-del-papa-leon-xiv\/\" \/>\n<meta property=\"og:site_name\" content=\"Radio Infinita Goya\" \/>\n<meta property=\"article:publisher\" content=\"https:\/\/www.facebook.com\/p\/Infinita-Goya-100063870918311\/\" \/>\n<meta property=\"article:published_time\" content=\"2026-08-31T19:36:46+00:00\" \/>\n<meta property=\"og:image\" content=\"https:\/\/radioinfinitagoya.com.ar\/v1\/wp-content\/uploads\/2026\/08\/292361w380h237c.jpg.webp\" \/>\n\t<meta property=\"og:image:width\" content=\"380\" \/>\n\t<meta property=\"og:image:height\" content=\"237\" \/>\n\t<meta property=\"og:image:type\" content=\"image\/webp\" \/>\n<meta name=\"author\" content=\"Jorge Mi\u00f1o\" \/>\n<meta name=\"twitter:card\" content=\"summary_large_image\" \/>\n<meta name=\"twitter:label1\" content=\"Escrito por\" \/>\n\t<meta name=\"twitter:data1\" content=\"Jorge Mi\u00f1o\" \/>\n\t<meta name=\"twitter:label2\" content=\"Tiempo de lectura\" \/>\n\t<meta name=\"twitter:data2\" content=\"2 minutos\" \/>\n<script type=\"application\/ld+json\" class=\"yoast-schema-graph\">{\"@context\":\"https:\\\/\\\/schema.org\",\"@graph\":[{\"@type\":\"Article\",\"@id\":\"https:\\\/\\\/radioinfinitagoya.com.ar\\\/v1\\\/2026\\\/08\\\/31\\\/llego-la-mision-del-vaticano-y-preparan-la-llegada-del-papa-leon-xiv\\\/#article\",\"isPartOf\":{\"@id\":\"https:\\\/\\\/radioinfinitagoya.com.ar\\\/v1\\\/2026\\\/08\\\/31\\\/llego-la-mision-del-vaticano-y-preparan-la-llegada-del-papa-leon-xiv\\\/\"},\"author\":{\"name\":\"Jorge Mi\u00f1o\",\"@id\":\"https:\\\/\\\/radioinfinitagoya.com.ar\\\/v1\\\/#\\\/schema\\\/person\\\/d4cf9c413d4f6edb24aabdccab49ca4a\"},\"headline\":\"Lleg\u00f3 la misi\u00f3n del Vaticano y preparan la llegada del Papa Le\u00f3n XIV\",\"datePublished\":\"2026-08-31T19:36:46+00:00\",\"mainEntityOfPage\":{\"@id\":\"https:\\\/\\\/radioinfinitagoya.com.ar\\\/v1\\\/2026\\\/08\\\/31\\\/llego-la-mision-del-vaticano-y-preparan-la-llegada-del-papa-leon-xiv\\\/\"},\"wordCount\":402,\"commentCount\":0,\"publisher\":{\"@id\":\"https:\\\/\\\/radioinfinitagoya.com.ar\\\/v1\\\/#organization\"},\"image\":{\"@id\":\"https:\\\/\\\/radioinfinitagoya.com.ar\\\/v1\\\/2026\\\/08\\\/31\\\/llego-la-mision-del-vaticano-y-preparan-la-llegada-del-papa-leon-xiv\\\/#primaryimage\"},\"thumbnailUrl\":\"https:\\\/\\\/radioinfinitagoya.com.ar\\\/v1\\\/wp-content\\\/uploads\\\/2026\\\/08\\\/292361w380h237c.jpg.webp\",\"articleSection\":[\"NACIONALES\"],\"inLanguage\":\"es-AR\",\"potentialAction\":[{\"@type\":\"CommentAction\",\"name\":\"Comment\",\"target\":[\"https:\\\/\\\/radioinfinitagoya.com.ar\\\/v1\\\/2026\\\/08\\\/31\\\/llego-la-mision-del-vaticano-y-preparan-la-llegada-del-papa-leon-xiv\\\/#respond\"]}]},{\"@type\":\"WebPage\",\"@id\":\"https:\\\/\\\/radioinfinitagoya.com.ar\\\/v1\\\/2026\\\/08\\\/31\\\/llego-la-mision-del-vaticano-y-preparan-la-llegada-del-papa-leon-xiv\\\/\",\"url\":\"https:\\\/\\\/radioinfinitagoya.com.ar\\\/v1\\\/2026\\\/08\\\/31\\\/llego-la-mision-del-vaticano-y-preparan-la-llegada-del-papa-leon-xiv\\\/\",\"name\":\"Lleg\u00f3 la misi\u00f3n del Vaticano y preparan la llegada del Papa Le\u00f3n XIV - Radio Infinita Goya\",\"isPartOf\":{\"@id\":\"https:\\\/\\\/radioinfinitagoya.com.ar\\\/v1\\\/#website\"},\"primaryImageOfPage\":{\"@id\":\"https:\\\/\\\/radioinfinitagoya.com.ar\\\/v1\\\/2026\\\/08\\\/31\\\/llego-la-mision-del-vaticano-y-preparan-la-llegada-del-papa-leon-xiv\\\/#primaryimage\"},\"image\":{\"@id\":\"https:\\\/\\\/radioinfinitagoya.com.ar\\\/v1\\\/2026\\\/08\\\/31\\\/llego-la-mision-del-vaticano-y-preparan-la-llegada-del-papa-leon-xiv\\\/#primaryimage\"},\"thumbnailUrl\":\"https:\\\/\\\/radioinfinitagoya.com.ar\\\/v1\\\/wp-content\\\/uploads\\\/2026\\\/08\\\/292361w380h237c.jpg.webp\",\"datePublished\":\"2026-08-31T19:36:46+00:00\",\"description\":\"La comitiva aterriz\u00f3 este domingo en Buenos Aires para coordinar los aspectos log\u00edsticos y de seguridad de la gira que el Pont\u00edfice realizar\u00e1 en\",\"breadcrumb\":{\"@id\":\"https:\\\/\\\/radioinfinitagoya.com.ar\\\/v1\\\/2026\\\/08\\\/31\\\/llego-la-mision-del-vaticano-y-preparan-la-llegada-del-papa-leon-xiv\\\/#breadcrumb\"},\"inLanguage\":\"es-AR\",\"potentialAction\":[{\"@type\":\"ReadAction\",\"target\":[\"https:\\\/\\\/radioinfinitagoya.com.ar\\\/v1\\\/2026\\\/08\\\/31\\\/llego-la-mision-del-vaticano-y-preparan-la-llegada-del-papa-leon-xiv\\\/\"]}]},{\"@type\":\"ImageObject\",\"inLanguage\":\"es-AR\",\"@id\":\"https:\\\/\\\/radioinfinitagoya.com.ar\\\/v1\\\/2026\\\/08\\\/31\\\/llego-la-mision-del-vaticano-y-preparan-la-llegada-del-papa-leon-xiv\\\/#primaryimage\",\"url\":\"https:\\\/\\\/radioinfinitagoya.com.ar\\\/v1\\\/wp-content\\\/uploads\\\/2026\\\/08\\\/292361w380h237c.jpg.webp\",\"contentUrl\":\"https:\\\/\\\/radioinfinitagoya.com.ar\\\/v1\\\/wp-content\\\/uploads\\\/2026\\\/08\\\/292361w380h237c.jpg.webp\",\"width\":380,\"height\":237},{\"@type\":\"BreadcrumbList\",\"@id\":\"https:\\\/\\\/radioinfinitagoya.com.ar\\\/v1\\\/2026\\\/08\\\/31\\\/llego-la-mision-del-vaticano-y-preparan-la-llegada-del-papa-leon-xiv\\\/#breadcrumb\",\"itemListElement\":[{\"@type\":\"ListItem\",\"position\":1,\"name\":\"Inicio\",\"item\":\"https:\\\/\\\/radioinfinitagoya.com.ar\\\/v1\\\/\"},{\"@type\":\"ListItem\",\"position\":2,\"name\":\"Lleg\u00f3 la misi\u00f3n del Vaticano y preparan la llegada del Papa Le\u00f3n XIV\"}]},{\"@type\":\"WebSite\",\"@id\":\"https:\\\/\\\/radioinfinitagoya.com.ar\\\/v1\\\/#website\",\"url\":\"https:\\\/\\\/radioinfinitagoya.com.ar\\\/v1\\\/\",\"name\":\"radioinfinitagoya.com.ar\",\"description\":\"Radio de noticias\",\"publisher\":{\"@id\":\"https:\\\/\\\/radioinfinitagoya.com.ar\\\/v1\\\/#organization\"},\"potentialAction\":[{\"@type\":\"SearchAction\",\"target\":{\"@type\":\"EntryPoint\",\"urlTemplate\":\"https:\\\/\\\/radioinfinitagoya.com.ar\\\/v1\\\/?s={search_term_string}\"},\"query-input\":{\"@type\":\"PropertyValueSpecification\",\"valueRequired\":true,\"valueName\":\"search_term_string\"}}],\"inLanguage\":\"es-AR\"},{\"@type\":\"Organization\",\"@id\":\"https:\\\/\\\/radioinfinitagoya.com.ar\\\/v1\\\/#organization\",\"name\":\"Radio Infinita Goya\",\"url\":\"https:\\\/\\\/radioinfinitagoya.com.ar\\\/v1\\\/\",\"logo\":{\"@type\":\"ImageObject\",\"inLanguage\":\"es-AR\",\"@id\":\"https:\\\/\\\/radioinfinitagoya.com.ar\\\/v1\\\/#\\\/schema\\\/logo\\\/image\\\/\",\"url\":\"https:\\\/\\\/radioinfinitagoya.com.ar\\\/v1\\\/wp-content\\\/uploads\\\/2019\\\/11\\\/logo-pie-web.png\",\"contentUrl\":\"https:\\\/\\\/radioinfinitagoya.com.ar\\\/v1\\\/wp-content\\\/uploads\\\/2019\\\/11\\\/logo-pie-web.png\",\"width\":635,\"height\":326,\"caption\":\"Radio Infinita Goya\"},\"image\":{\"@id\":\"https:\\\/\\\/radioinfinitagoya.com.ar\\\/v1\\\/#\\\/schema\\\/logo\\\/image\\\/\"},\"sameAs\":[\"https:\\\/\\\/www.facebook.com\\\/p\\\/Infinita-Goya-100063870918311\\\/\"]},{\"@type\":\"Person\",\"@id\":\"https:\\\/\\\/radioinfinitagoya.com.ar\\\/v1\\\/#\\\/schema\\\/person\\\/d4cf9c413d4f6edb24aabdccab49ca4a\",\"name\":\"Jorge Mi\u00f1o\",\"image\":{\"@type\":\"ImageObject\",\"inLanguage\":\"es-AR\",\"@id\":\"https:\\\/\\\/secure.gravatar.com\\\/avatar\\\/910fcf6728fe95320e07a6643c1581fec1c7fc4bf8ae12e3d8f0d0373dc844be?s=96&d=mm&r=g\",\"url\":\"https:\\\/\\\/secure.gravatar.com\\\/avatar\\\/910fcf6728fe95320e07a6643c1581fec1c7fc4bf8ae12e3d8f0d0373dc844be?s=96&d=mm&r=g\",\"contentUrl\":\"https:\\\/\\\/secure.gravatar.com\\\/avatar\\\/910fcf6728fe95320e07a6643c1581fec1c7fc4bf8ae12e3d8f0d0373dc844be?s=96&d=mm&r=g\",\"caption\":\"Jorge Mi\u00f1o\"},\"sameAs\":[\"http:\\\/\\\/radioinfinitagoya.com.ar\"]}]}<\/script>\n<!-- \/ Yoast SEO plugin. -->","yoast_head_json":{"title":"Lleg\u00f3 la misi\u00f3n del Vaticano y preparan la llegada del Papa Le\u00f3n XIV - Radio Infinita Goya","description":"La comitiva aterriz\u00f3 este domingo en Buenos Aires para coordinar los aspectos log\u00edsticos y de seguridad de la gira que el Pont\u00edfice realizar\u00e1 en","robots":{"index":"index","follow":"follow","max-snippet":"max-snippet:-1","max-image-preview":"max-image-preview:large","max-video-preview":"max-video-preview:-1"},"canonical":"https:\/\/radioinfinitagoya.com.ar\/v1\/2026\/08\/31\/llego-la-mision-del-vaticano-y-preparan-la-llegada-del-papa-leon-xiv\/","og_locale":"es_ES","og_type":"article","og_title":"Lleg\u00f3 la misi\u00f3n del Vaticano y preparan la llegada del Papa Le\u00f3n XIV - Radio Infinita Goya","og_description":"La comitiva aterriz\u00f3 este domingo en Buenos Aires para coordinar los aspectos log\u00edsticos y de seguridad de la gira que el Pont\u00edfice realizar\u00e1 en","og_url":"https:\/\/radioinfinitagoya.com.ar\/v1\/2026\/08\/31\/llego-la-mision-del-vaticano-y-preparan-la-llegada-del-papa-leon-xiv\/","og_site_name":"Radio Infinita Goya","article_publisher":"https:\/\/www.facebook.com\/p\/Infinita-Goya-100063870918311\/","article_published_time":"2026-08-31T19:36:46+00:00","og_image":[{"width":380,"height":237,"url":"https:\/\/radioinfinitagoya.com.ar\/v1\/wp-content\/uploads\/2026\/08\/292361w380h237c.jpg.webp","type":"image\/webp"}],"author":"Jorge Mi\u00f1o","twitter_card":"summary_large_image","twitter_misc":{"Escrito por":"Jorge Mi\u00f1o","Tiempo de lectura":"2 minutos"},"schema":{"@context":"https:\/\/schema.org","@graph":[{"@type":"Article","@id":"https:\/\/radioinfinitagoya.com.ar\/v1\/2026\/08\/31\/llego-la-mision-del-vaticano-y-preparan-la-llegada-del-papa-leon-xiv\/#article","isPartOf":{"@id":"https:\/\/radioinfinitagoya.com.ar\/v1\/2026\/08\/31\/llego-la-mision-del-vaticano-y-preparan-la-llegada-del-papa-leon-xiv\/"},"author":{"name":"Jorge Mi\u00f1o","@id":"https:\/\/radioinfinitagoya.com.ar\/v1\/#\/schema\/person\/d4cf9c413d4f6edb24aabdccab49ca4a"},"headline":"Lleg\u00f3 la misi\u00f3n del Vaticano y preparan la llegada del Papa Le\u00f3n XIV","datePublished":"2026-08-31T19:36:46+00:00","mainEntityOfPage":{"@id":"https:\/\/radioinfinitagoya.com.ar\/v1\/2026\/08\/31\/llego-la-mision-del-vaticano-y-preparan-la-llegada-del-papa-leon-xiv\/"},"wordCount":402,"commentCount":0,"publisher":{"@id":"https:\/\/radioinfinitagoya.com.ar\/v1\/#organization"},"image":{"@id":"https:\/\/radioinfinitagoya.com.ar\/v1\/2026\/08\/31\/llego-la-mision-del-vaticano-y-preparan-la-llegada-del-papa-leon-xiv\/#primaryimage"},"thumbnailUrl":"https:\/\/radioinfinitagoya.com.ar\/v1\/wp-content\/uploads\/2026\/08\/292361w380h237c.jpg.webp","articleSection":["NACIONALES"],"inLanguage":"es-AR","potentialAction":[{"@type":"CommentAction","name":"Comment","target":["https:\/\/radioinfinitagoya.com.ar\/v1\/2026\/08\/31\/llego-la-mision-del-vaticano-y-preparan-la-llegada-del-papa-leon-xiv\/#respond"]}]},{"@type":"WebPage","@id":"https:\/\/radioinfinitagoya.com.ar\/v1\/2026\/08\/31\/llego-la-mision-del-vaticano-y-preparan-la-llegada-del-papa-leon-xiv\/","url":"https:\/\/radioinfinitagoya.com.ar\/v1\/2026\/08\/31\/llego-la-mision-del-vaticano-y-preparan-la-llegada-del-papa-leon-xiv\/","name":"Lleg\u00f3 la misi\u00f3n del Vaticano y preparan la llegada del Papa Le\u00f3n XIV - Radio Infinita Goya","isPartOf":{"@id":"https:\/\/radioinfinitagoya.com.ar\/v1\/#website"},"primaryImageOfPage":{"@id":"https:\/\/radioinfinitagoya.com.ar\/v1\/2026\/08\/31\/llego-la-mision-del-vaticano-y-preparan-la-llegada-del-papa-leon-xiv\/#primaryimage"},"image":{"@id":"https:\/\/radioinfinitagoya.com.ar\/v1\/2026\/08\/31\/llego-la-mision-del-vaticano-y-preparan-la-llegada-del-papa-leon-xiv\/#primaryimage"},"thumbnailUrl":"https:\/\/radioinfinitagoya.com.ar\/v1\/wp-content\/uploads\/2026\/08\/292361w380h237c.jpg.webp","datePublished":"2026-08-31T19:36:46+00:00","description":"La comitiva aterriz\u00f3 este domingo en Buenos Aires para coordinar los aspectos log\u00edsticos y de seguridad de la gira que el Pont\u00edfice realizar\u00e1 en","breadcrumb":{"@id":"https:\/\/radioinfinitagoya.com.ar\/v1\/2026\/08\/31\/llego-la-mision-del-vaticano-y-preparan-la-llegada-del-papa-leon-xiv\/#breadcrumb"},"inLanguage":"es-AR","potentialAction":[{"@type":"ReadAction","target":["https:\/\/radioinfinitagoya.com.ar\/v1\/2026\/08\/31\/llego-la-mision-del-vaticano-y-preparan-la-llegada-del-papa-leon-xiv\/"]}]},{"@type":"ImageObject","inLanguage":"es-AR","@id":"https:\/\/radioinfinitagoya.com.ar\/v1\/2026\/08\/31\/llego-la-mision-del-vaticano-y-preparan-la-llegada-del-papa-leon-xiv\/#primaryimage","url":"https:\/\/radioinfinitagoya.com.ar\/v1\/wp-content\/uploads\/2026\/08\/292361w380h237c.jpg.webp","contentUrl":"https:\/\/radioinfinitagoya.com.ar\/v1\/wp-content\/uploads\/2026\/08\/292361w380h237c.jpg.webp","width":380,"height":237},{"@type":"BreadcrumbList","@id":"https:\/\/radioinfinitagoya.com.ar\/v1\/2026\/08\/31\/llego-la-mision-del-vaticano-y-preparan-la-llegada-del-papa-leon-xiv\/#breadcrumb","itemListElement":[{"@type":"ListItem","position":1,"name":"Inicio","item":"https:\/\/radioinfinitagoya.com.ar\/v1\/"},{"@type":"ListItem","position":2,"name":"Lleg\u00f3 la misi\u00f3n del Vaticano y preparan la llegada del Papa Le\u00f3n XIV"}]},{"@type":"WebSite","@id":"https:\/\/radioinfinitagoya.com.ar\/v1\/#website","url":"https:\/\/radioinfinitagoya.com.ar\/v1\/","name":"radioinfinitagoya.com.ar","description":"Radio de noticias","publisher":{"@id":"https:\/\/radioinfinitagoya.com.ar\/v1\/#organization"},"potentialAction":[{"@type":"SearchAction","target":{"@type":"EntryPoint","urlTemplate":"https:\/\/radioinfinitagoya.com.ar\/v1\/?s={search_term_string}"},"query-input":{"@type":"PropertyValueSpecification","valueRequired":true,"valueName":"search_term_string"}}],"inLanguage":"es-AR"},{"@type":"Organization","@id":"https:\/\/radioinfinitagoya.com.ar\/v1\/#organization","name":"Radio Infinita Goya","url":"https:\/\/radioinfinitagoya.com.ar\/v1\/","logo":{"@type":"ImageObject","inLanguage":"es-AR","@id":"https:\/\/radioinfinitagoya.com.ar\/v1\/#\/schema\/logo\/image\/","url":"https:\/\/radioinfinitagoya.com.ar\/v1\/wp-content\/uploads\/2019\/11\/logo-pie-web.png","contentUrl":"https:\/\/radioinfinitagoya.com.ar\/v1\/wp-content\/uploads\/2019\/11\/logo-pie-web.png","width":635,"height":326,"caption":"Radio Infinita Goya"},"image":{"@id":"https:\/\/radioinfinitagoya.com.ar\/v1\/#\/schema\/logo\/image\/"},"sameAs":["https:\/\/www.facebook.com\/p\/Infinita-Goya-100063870918311\/"]},{"@type":"Person","@id":"https:\/\/radioinfinitagoya.com.ar\/v1\/#\/schema\/person\/d4cf9c413d4f6edb24aabdccab49ca4a","name":"Jorge Mi\u00f1o","image":{"@type":"ImageObject","inLanguage":"es-AR","@id":"https:\/\/secure.gravatar.com\/avatar\/910fcf6728fe95320e07a6643c1581fec1c7fc4bf8ae12e3d8f0d0373dc844be?s=96&d=mm&r=g","url":"https:\/\/secure.gravatar.com\/avatar\/910fcf6728fe95320e07a6643c1581fec1c7fc4bf8ae12e3d8f0d0373dc844be?s=96&d=mm&r=g","contentUrl":"https:\/\/secure.gravatar.com\/avatar\/910fcf6728fe95320e07a6643c1581fec1c7fc4bf8ae12e3d8f0d0373dc844be?s=96&d=mm&r=g","caption":"Jorge Mi\u00f1o"},"sameAs":["http:\/\/radioinfinitagoya.com.ar"]}]}},"_links":{"self":[{"href":"https:\/\/radioinfinitagoya.com.ar\/v1\/wp-json\/wp\/v2\/posts\/226437","targetHints":{"allow":["GET"]}}],"collection":[{"href":"https:\/\/radioinfinitagoya.com.ar\/v1\/wp-json\/wp\/v2\/posts"}],"about":[{"href":"https:\/\/radioinfinitagoya.com.ar\/v1\/wp-json\/wp\/v2\/types\/post"}],"author":[{"embeddable":true,"href":"https:\/\/radioinfinitagoya.com.ar\/v1\/wp-json\/wp\/v2\/users\/4"}],"replies":[{"embeddable":true,"href":"https:\/\/radioinfinitagoya.com.ar\/v1\/wp-json\/wp\/v2\/comments?post=226437"}],"version-history":[{"count":1,"href":"https:\/\/radioinfinitagoya.com.ar\/v1\/wp-json\/wp\/v2\/posts\/226437\/revisions"}],"predecessor-version":[{"id":226439,"href":"https:\/\/radioinfinitagoya.com.ar\/v1\/wp-json\/wp\/v2\/posts\/226437\/revisions\/226439"}],"wp:featuredmedia":[{"embeddable":true,"href":"https:\/\/radioinfinitagoya.com.ar\/v1\/wp-json\/wp\/v2\/media\/226438"}],"wp:attachment":[{"href":"https:\/\/radioinfinitagoya.com.ar\/v1\/wp-json\/wp\/v2\/media?parent=226437"}],"wp:term":[{"taxonomy":"category","embeddable":true,"href":"https:\/\/radioinfinitagoya.com.ar\/v1\/wp-json\/wp\/v2\/categories?post=226437"},{"taxonomy":"post_tag","embeddable":true,"href":"https:\/\/radioinfinitagoya.com.ar\/v1\/wp-json\/wp\/v2\/tags?post=226437"}],"curies":[{"name":"wp","href":"https:\/\/api.w.org\/{rel}","templated":true}]}}