{"id":226443,"date":"2026-08-31T16:46:25","date_gmt":"2026-08-31T19:46:25","guid":{"rendered":"https:\/\/radioinfinitagoya.com.ar\/v1\/?p=226443"},"modified":"2026-08-31T16:46:25","modified_gmt":"2026-08-31T19:46:25","slug":"para-el-gobierno-el-pico-de-morosidad-empezo-a-ceder-y-no-intervendra","status":"publish","type":"post","link":"https:\/\/radioinfinitagoya.com.ar\/v1\/2026\/08\/31\/para-el-gobierno-el-pico-de-morosidad-empezo-a-ceder-y-no-intervendra\/","title":{"rendered":"Para el Gobierno, el pico de morosidad empez\u00f3 a ceder y no intervendr\u00e1"},"content":{"rendered":"<p>Luego de los dichos del titular de la Conferencia Episcopal, Marcelo Colombo, sobre el tema, en Casa Rosada reafirman el rumbo y responsabilizan a la pol\u00edtica por la instalaci\u00f3n del tema. Sin embargo, algunas voces trasladar\u00e1n la problem\u00e1tica a la reuni\u00f3n de Gabinete de ma\u00f1ana<\/p>\n<p>\u201cCada vez que el Estado intervino, termin\u00f3 mal\u201d, resumi\u00f3 una importante fuente de Casa Rosada luego de que el titular de la Conferencia Episcopal Argentina (CEA), monse\u00f1or Marcelo Colombo, advirtiera que la morosidad familiar se convirti\u00f3 en un tema de debate p\u00fablico, y pidiera que el Gobierno no tenga \u201cuna mirada superficial\u201d. Esta tarde, representantes de la administraci\u00f3n libertaria esperan poder hablarlo cara a cara en el marco de la reuni\u00f3n por la organizaci\u00f3n de la visita del Papa Le\u00f3n XIV.<\/p>\n<p>Mientras crecen los cuestionamientos, el Poder Ejecutivo asegura que comenz\u00f3 a detectar, en las \u00faltimas semanas, se\u00f1ales que, seg\u00fan su evaluaci\u00f3n, indican que el aumento de la morosidad habr\u00eda alcanzado un pico y empezar\u00eda a revertirse. Los primeros indicadores de agosto muestran una mejora en los atrasos tempranos, especialmente en las tarjetas de cr\u00e9dito.<\/p>\n<p>Con esos datos, el equipo econ\u00f3mico ratifica la decisi\u00f3n de no avanzar con una intervenci\u00f3n general sobre el mercado y dejar que las entidades financieras administren y refinancien las deudas de sus clientes.<\/p>\n<p>Una de las estad\u00edsticas que alimentan esa evaluaci\u00f3n es la evoluci\u00f3n de la denominada \u201cpremora\u201d de las tarjetas de cr\u00e9dito, es decir, los atrasos iniciales que pueden anticipar un deterioro posterior de la cartera. En julio, el registro era de 57.306 casos con 30 d\u00edas de atraso, mientras que en agosto la cifra descendi\u00f3 a 44.708. Son 12.598 casos menos en apenas un mes, una ca\u00edda del 21,9%. Seg\u00fan los datos disponibles, la reducci\u00f3n se produjo adem\u00e1s de manera generalizada entre los distintos grupos comparables.<\/p>\n<p><img loading=\"lazy\" decoding=\"async\" class=\"alignnone size-medium wp-image-226445\" src=\"https:\/\/radioinfinitagoya.com.ar\/v1\/wp-content\/uploads\/2026\/08\/XJJYJOGA7FCLZKZYRZZPWBTQHE-600x338.jpg\" alt=\"\" width=\"600\" height=\"338\" srcset=\"https:\/\/radioinfinitagoya.com.ar\/v1\/wp-content\/uploads\/2026\/08\/XJJYJOGA7FCLZKZYRZZPWBTQHE-600x338.jpg 600w, https:\/\/radioinfinitagoya.com.ar\/v1\/wp-content\/uploads\/2026\/08\/XJJYJOGA7FCLZKZYRZZPWBTQHE-150x84.jpg 150w, https:\/\/radioinfinitagoya.com.ar\/v1\/wp-content\/uploads\/2026\/08\/XJJYJOGA7FCLZKZYRZZPWBTQHE-768x432.jpg 768w, https:\/\/radioinfinitagoya.com.ar\/v1\/wp-content\/uploads\/2026\/08\/XJJYJOGA7FCLZKZYRZZPWBTQHE-747x420.jpg 747w, https:\/\/radioinfinitagoya.com.ar\/v1\/wp-content\/uploads\/2026\/08\/XJJYJOGA7FCLZKZYRZZPWBTQHE-696x392.jpg 696w, https:\/\/radioinfinitagoya.com.ar\/v1\/wp-content\/uploads\/2026\/08\/XJJYJOGA7FCLZKZYRZZPWBTQHE.avif 992w\" sizes=\"auto, (max-width: 600px) 100vw, 600px\" \/><\/p>\n<p>El Banco Naci\u00f3n despleg\u00f3 durante el a\u00f1o un proceso de refinanciaci\u00f3n que el Gobierno exhibe como ejemplo de la estrategia que pretende aplicar: atender las dificultades de los deudores caso por caso, sin modificar las reglas generales del sistema financiero. Desde comienzos de 2026, la entidad concret\u00f3 102.505 operaciones correspondientes a 89.608 clientes, por un monto total de $476.300 millones. El ticket promedio alcanz\u00f3 los $4,6 millones.<\/p>\n<p>La magnitud de las cifras permite dimensionar las dificultades que enfrent\u00f3 una parte de los tomadores de cr\u00e9dito y muestra, al mismo tiempo, el mecanismo elegido para atenderlas: renegociar plazos y condiciones antes que recurrir a una medida general para el sistema financiero.<\/p>\n<p>Del total refinanciado por la entidad, 64.249 operaciones correspondieron a usuarios que ya se encontraban en mora, por $322.600 millones. Otras 36.424 fueron refinanciaciones de tarjetas de cr\u00e9dito en premora, por $129.600 millones, mientras que 1.832 operaciones por $24.100 millones correspondieron a otros casos de premora.<\/p>\n<p>Adem\u00e1s, la entidad habilit\u00f3 diferentes instrumentos para sus clientes, que incluyen la consolidaci\u00f3n y unificaci\u00f3n de deudas, regularizaci\u00f3n de obligaciones en situaci\u00f3n irregular y planes espec\u00edficos para saldos impagos de tarjetas de cr\u00e9dito.<\/p>\n<p><img loading=\"lazy\" decoding=\"async\" class=\"alignnone size-medium wp-image-226446\" src=\"https:\/\/radioinfinitagoya.com.ar\/v1\/wp-content\/uploads\/2026\/08\/O4SSPZIAEZGCVANNPITCXVOWOY-427x600.jpg\" alt=\"\" width=\"427\" height=\"600\" srcset=\"https:\/\/radioinfinitagoya.com.ar\/v1\/wp-content\/uploads\/2026\/08\/O4SSPZIAEZGCVANNPITCXVOWOY-427x600.jpg 427w, https:\/\/radioinfinitagoya.com.ar\/v1\/wp-content\/uploads\/2026\/08\/O4SSPZIAEZGCVANNPITCXVOWOY-107x150.jpg 107w, https:\/\/radioinfinitagoya.com.ar\/v1\/wp-content\/uploads\/2026\/08\/O4SSPZIAEZGCVANNPITCXVOWOY-768x1080.jpg 768w, https:\/\/radioinfinitagoya.com.ar\/v1\/wp-content\/uploads\/2026\/08\/O4SSPZIAEZGCVANNPITCXVOWOY-299x420.jpg 299w, https:\/\/radioinfinitagoya.com.ar\/v1\/wp-content\/uploads\/2026\/08\/O4SSPZIAEZGCVANNPITCXVOWOY-696x979.jpg 696w, https:\/\/radioinfinitagoya.com.ar\/v1\/wp-content\/uploads\/2026\/08\/O4SSPZIAEZGCVANNPITCXVOWOY.avif 992w\" sizes=\"auto, (max-width: 427px) 100vw, 427px\" \/><\/p>\n<p>En el caso de las tarjetas, los clientes con atrasos de hasta 90 d\u00edas pueden refinanciar saldos de hasta $10 millones, con plazos de hasta 60 meses y una tasa nominal anual del 35%. Para demoras superiores existen alternativas de hasta 96 meses.<\/p>\n<p>Asimismo, para otras deudas, el Naci\u00f3n ofrece esquemas que pueden extenderse hasta 120 meses y, en determinados casos, alcanzar los $100 millones. El Gobierno apuesta as\u00ed a facilitar mecanismos de regularizaci\u00f3n individual sin modificar las reglas generales del cr\u00e9dito. La ca\u00edda de casi 22% registrada en la premora durante agosto aparece, por ahora, como la primera se\u00f1al relevante para sostener esa decisi\u00f3n.<\/p>\n<p>La morosidad familiar, sin embargo, tom\u00f3 relevancia en la agenda p\u00fablica durante los \u00faltimos d\u00edas y, luego de que el Poder Ejecutivo negara la existencia de una crisis, la Iglesia plante\u00f3 la necesidad de encontrar \u201calguna soluci\u00f3n\u201d.<\/p>\n<p>Durante la \u00faltima reuni\u00f3n de Gabinete, el presidente Javier Milei habl\u00f3 del tema y asegur\u00f3 que las estad\u00edsticas muestran una tendencia descendente en los indicadores que despiertan preocupaci\u00f3n. \u201cLos indicadores no reflejan una situaci\u00f3n de crisis\u201d, fue el mensaje que dio ante los ministros y secretarios bajo la instrucci\u00f3n de defender medi\u00e1ticamente el programa econ\u00f3mico. La misma indicaci\u00f3n imparti\u00f3 en la reuni\u00f3n con diputados y senadores que tuvo lugar el pasado martes en la Casa Rosada<\/p>\n<p>En sinton\u00eda con la l\u00ednea discursiva del libertario, distintos representantes de la administraci\u00f3n libertaria culpan a la oposici\u00f3n por la trascendencia que adopt\u00f3 la tem\u00e1tica. \u201c\u00bfCrisis terminal? Es una crisis infligida en gran parte por la pol\u00edtica y la especulaci\u00f3n\u201d, sentenci\u00f3 un integrante de la mesa pol\u00edtica ante Infobae.<\/p>\n<p><img loading=\"lazy\" decoding=\"async\" class=\"alignnone size-medium wp-image-226447\" src=\"https:\/\/radioinfinitagoya.com.ar\/v1\/wp-content\/uploads\/2026\/08\/Y2CVGLLPFBGF7I7SIFCV33LZFE-600x399.jpg\" alt=\"\" width=\"600\" height=\"399\" srcset=\"https:\/\/radioinfinitagoya.com.ar\/v1\/wp-content\/uploads\/2026\/08\/Y2CVGLLPFBGF7I7SIFCV33LZFE-600x399.jpg 600w, https:\/\/radioinfinitagoya.com.ar\/v1\/wp-content\/uploads\/2026\/08\/Y2CVGLLPFBGF7I7SIFCV33LZFE-150x100.jpg 150w, https:\/\/radioinfinitagoya.com.ar\/v1\/wp-content\/uploads\/2026\/08\/Y2CVGLLPFBGF7I7SIFCV33LZFE-768x510.jpg 768w, https:\/\/radioinfinitagoya.com.ar\/v1\/wp-content\/uploads\/2026\/08\/Y2CVGLLPFBGF7I7SIFCV33LZFE-632x420.jpg 632w, https:\/\/radioinfinitagoya.com.ar\/v1\/wp-content\/uploads\/2026\/08\/Y2CVGLLPFBGF7I7SIFCV33LZFE-696x462.jpg 696w, https:\/\/radioinfinitagoya.com.ar\/v1\/wp-content\/uploads\/2026\/08\/Y2CVGLLPFBGF7I7SIFCV33LZFE.avif 992w\" sizes=\"auto, (max-width: 600px) 100vw, 600px\" \/><\/p>\n<p>En la habitual conferencia de prensa de los martes, el vocero presidencial, Adri\u00e1n Ravier, descart\u00f3 que se est\u00e9 pensando en medidas para rescatar a los morosos, aunque en la c\u00fapula del poder existe una coincidencia en torno a que el Costo Financiero Total (CFT), el porcentaje que refleja el costo real y completo de un pr\u00e9stamo o de una compra en cuotas, debe tener mayor visibilidad para los usuarios.<\/p>\n<p>Sin embargo, seg\u00fan supo este medio de fuentes del reducido c\u00edrculo que design\u00f3 el mandatario, la problem\u00e1tica volver\u00e1 a ser abordada este martes en la reuni\u00f3n de Gabinete prevista para las 10. Hay quienes detectan una alarma en la profundizaci\u00f3n de los n\u00fameros que reflejan el deterioro acelerado de la capacidad de pago de los hogares.<\/p>\n<p>\u201cEs un tema que no domino, pero me estuvieron explicando y resulta muy sencillo acceder al cr\u00e9dito, pero las tasas son demasiado elevadas. Es un problema\u201d, plante\u00f3 un funcionario al referirse a una de las principales billeteras virtuales.<\/p>\n<p>Al respecto, la consultora 1816 reflej\u00f3 que, en base a los datos del Banco Central (BCRA), la morosidad total del sector privado no financiero subi\u00f3 de 7,63% en junio a 7,73% el mes pasado, y los atrasos de m\u00e1s de 90 d\u00edas en el segmento de pr\u00e9stamos a hogares aumentaron de 12,77% a 12,94%.<\/p>\n","protected":false},"excerpt":{"rendered":"<p>Luego de los dichos del titular de la Conferencia Episcopal, Marcelo Colombo, sobre el tema, en Casa Rosada reafirman el rumbo y responsabilizan a la pol\u00edtica por la instalaci\u00f3n del tema. Sin embargo, algunas voces trasladar\u00e1n la problem\u00e1tica a la reuni\u00f3n de Gabinete de ma\u00f1ana \u201cCada vez que el Estado intervino, termin\u00f3 mal\u201d, resumi\u00f3 una [&hellip;]<\/p>\n","protected":false},"author":4,"featured_media":226444,"comment_status":"open","ping_status":"open","sticky":false,"template":"","format":"standard","meta":{"_joinchat":[],"footnotes":""},"categories":[34],"tags":[],"class_list":["post-226443","post","type-post","status-publish","format-standard","has-post-thumbnail","category-principal"],"yoast_head":"<!-- This site is optimized with the Yoast SEO plugin v27.7 - https:\/\/yoast.com\/product\/yoast-seo-wordpress\/ -->\n<title>Para el Gobierno, el pico de morosidad empez\u00f3 a ceder y no intervendr\u00e1 - Radio Infinita Goya<\/title>\n<meta name=\"description\" content=\"Luego de los dichos del titular de la Conferencia Episcopal, Marcelo Colombo, sobre el tema, en Casa Rosada reafirman el rumbo y responsabilizan a la\" \/>\n<meta name=\"robots\" content=\"index, follow, max-snippet:-1, max-image-preview:large, max-video-preview:-1\" \/>\n<link rel=\"canonical\" href=\"https:\/\/radioinfinitagoya.com.ar\/v1\/2026\/08\/31\/para-el-gobierno-el-pico-de-morosidad-empezo-a-ceder-y-no-intervendra\/\" \/>\n<meta property=\"og:locale\" content=\"es_ES\" \/>\n<meta property=\"og:type\" content=\"article\" \/>\n<meta property=\"og:title\" content=\"Para el Gobierno, el pico de morosidad empez\u00f3 a ceder y no intervendr\u00e1 - Radio Infinita Goya\" \/>\n<meta property=\"og:description\" content=\"Luego de los dichos del titular de la Conferencia Episcopal, Marcelo Colombo, sobre el tema, en Casa Rosada reafirman el rumbo y responsabilizan a la\" \/>\n<meta property=\"og:url\" content=\"https:\/\/radioinfinitagoya.com.ar\/v1\/2026\/08\/31\/para-el-gobierno-el-pico-de-morosidad-empezo-a-ceder-y-no-intervendra\/\" \/>\n<meta property=\"og:site_name\" content=\"Radio Infinita Goya\" \/>\n<meta property=\"article:publisher\" content=\"https:\/\/www.facebook.com\/p\/Infinita-Goya-100063870918311\/\" \/>\n<meta property=\"article:published_time\" content=\"2026-08-31T19:46:25+00:00\" \/>\n<meta name=\"author\" content=\"Jorge Mi\u00f1o\" \/>\n<meta name=\"twitter:card\" content=\"summary_large_image\" \/>\n<meta name=\"twitter:label1\" content=\"Escrito por\" \/>\n\t<meta name=\"twitter:data1\" content=\"Jorge Mi\u00f1o\" \/>\n\t<meta name=\"twitter:label2\" content=\"Tiempo de lectura\" \/>\n\t<meta name=\"twitter:data2\" content=\"6 minutos\" \/>\n<script type=\"application\/ld+json\" class=\"yoast-schema-graph\">{\"@context\":\"https:\\\/\\\/schema.org\",\"@graph\":[{\"@type\":\"Article\",\"@id\":\"https:\\\/\\\/radioinfinitagoya.com.ar\\\/v1\\\/2026\\\/08\\\/31\\\/para-el-gobierno-el-pico-de-morosidad-empezo-a-ceder-y-no-intervendra\\\/#article\",\"isPartOf\":{\"@id\":\"https:\\\/\\\/radioinfinitagoya.com.ar\\\/v1\\\/2026\\\/08\\\/31\\\/para-el-gobierno-el-pico-de-morosidad-empezo-a-ceder-y-no-intervendra\\\/\"},\"author\":{\"name\":\"Jorge Mi\u00f1o\",\"@id\":\"https:\\\/\\\/radioinfinitagoya.com.ar\\\/v1\\\/#\\\/schema\\\/person\\\/d4cf9c413d4f6edb24aabdccab49ca4a\"},\"headline\":\"Para el Gobierno, el pico de morosidad empez\u00f3 a ceder y no intervendr\u00e1\",\"datePublished\":\"2026-08-31T19:46:25+00:00\",\"mainEntityOfPage\":{\"@id\":\"https:\\\/\\\/radioinfinitagoya.com.ar\\\/v1\\\/2026\\\/08\\\/31\\\/para-el-gobierno-el-pico-de-morosidad-empezo-a-ceder-y-no-intervendra\\\/\"},\"wordCount\":1035,\"commentCount\":0,\"publisher\":{\"@id\":\"https:\\\/\\\/radioinfinitagoya.com.ar\\\/v1\\\/#organization\"},\"image\":{\"@id\":\"https:\\\/\\\/radioinfinitagoya.com.ar\\\/v1\\\/2026\\\/08\\\/31\\\/para-el-gobierno-el-pico-de-morosidad-empezo-a-ceder-y-no-intervendra\\\/#primaryimage\"},\"thumbnailUrl\":\"https:\\\/\\\/radioinfinitagoya.com.ar\\\/v1\\\/wp-content\\\/uploads\\\/2026\\\/08\\\/R457IXM6LVHOZBQMHIFJINIXUE.avif\",\"articleSection\":[\"PRINCIPAL\"],\"inLanguage\":\"es-AR\",\"potentialAction\":[{\"@type\":\"CommentAction\",\"name\":\"Comment\",\"target\":[\"https:\\\/\\\/radioinfinitagoya.com.ar\\\/v1\\\/2026\\\/08\\\/31\\\/para-el-gobierno-el-pico-de-morosidad-empezo-a-ceder-y-no-intervendra\\\/#respond\"]}]},{\"@type\":\"WebPage\",\"@id\":\"https:\\\/\\\/radioinfinitagoya.com.ar\\\/v1\\\/2026\\\/08\\\/31\\\/para-el-gobierno-el-pico-de-morosidad-empezo-a-ceder-y-no-intervendra\\\/\",\"url\":\"https:\\\/\\\/radioinfinitagoya.com.ar\\\/v1\\\/2026\\\/08\\\/31\\\/para-el-gobierno-el-pico-de-morosidad-empezo-a-ceder-y-no-intervendra\\\/\",\"name\":\"Para el Gobierno, el pico de morosidad empez\u00f3 a ceder y no intervendr\u00e1 - Radio Infinita Goya\",\"isPartOf\":{\"@id\":\"https:\\\/\\\/radioinfinitagoya.com.ar\\\/v1\\\/#website\"},\"primaryImageOfPage\":{\"@id\":\"https:\\\/\\\/radioinfinitagoya.com.ar\\\/v1\\\/2026\\\/08\\\/31\\\/para-el-gobierno-el-pico-de-morosidad-empezo-a-ceder-y-no-intervendra\\\/#primaryimage\"},\"image\":{\"@id\":\"https:\\\/\\\/radioinfinitagoya.com.ar\\\/v1\\\/2026\\\/08\\\/31\\\/para-el-gobierno-el-pico-de-morosidad-empezo-a-ceder-y-no-intervendra\\\/#primaryimage\"},\"thumbnailUrl\":\"https:\\\/\\\/radioinfinitagoya.com.ar\\\/v1\\\/wp-content\\\/uploads\\\/2026\\\/08\\\/R457IXM6LVHOZBQMHIFJINIXUE.avif\",\"datePublished\":\"2026-08-31T19:46:25+00:00\",\"description\":\"Luego de los dichos del titular de la Conferencia Episcopal, Marcelo Colombo, sobre el tema, en Casa Rosada reafirman el rumbo y responsabilizan a la\",\"breadcrumb\":{\"@id\":\"https:\\\/\\\/radioinfinitagoya.com.ar\\\/v1\\\/2026\\\/08\\\/31\\\/para-el-gobierno-el-pico-de-morosidad-empezo-a-ceder-y-no-intervendra\\\/#breadcrumb\"},\"inLanguage\":\"es-AR\",\"potentialAction\":[{\"@type\":\"ReadAction\",\"target\":[\"https:\\\/\\\/radioinfinitagoya.com.ar\\\/v1\\\/2026\\\/08\\\/31\\\/para-el-gobierno-el-pico-de-morosidad-empezo-a-ceder-y-no-intervendra\\\/\"]}]},{\"@type\":\"ImageObject\",\"inLanguage\":\"es-AR\",\"@id\":\"https:\\\/\\\/radioinfinitagoya.com.ar\\\/v1\\\/2026\\\/08\\\/31\\\/para-el-gobierno-el-pico-de-morosidad-empezo-a-ceder-y-no-intervendra\\\/#primaryimage\",\"url\":\"https:\\\/\\\/radioinfinitagoya.com.ar\\\/v1\\\/wp-content\\\/uploads\\\/2026\\\/08\\\/R457IXM6LVHOZBQMHIFJINIXUE.avif\",\"contentUrl\":\"https:\\\/\\\/radioinfinitagoya.com.ar\\\/v1\\\/wp-content\\\/uploads\\\/2026\\\/08\\\/R457IXM6LVHOZBQMHIFJINIXUE.avif\",\"width\":992,\"height\":652},{\"@type\":\"BreadcrumbList\",\"@id\":\"https:\\\/\\\/radioinfinitagoya.com.ar\\\/v1\\\/2026\\\/08\\\/31\\\/para-el-gobierno-el-pico-de-morosidad-empezo-a-ceder-y-no-intervendra\\\/#breadcrumb\",\"itemListElement\":[{\"@type\":\"ListItem\",\"position\":1,\"name\":\"Inicio\",\"item\":\"https:\\\/\\\/radioinfinitagoya.com.ar\\\/v1\\\/\"},{\"@type\":\"ListItem\",\"position\":2,\"name\":\"Para el Gobierno, el pico de morosidad empez\u00f3 a ceder y no intervendr\u00e1\"}]},{\"@type\":\"WebSite\",\"@id\":\"https:\\\/\\\/radioinfinitagoya.com.ar\\\/v1\\\/#website\",\"url\":\"https:\\\/\\\/radioinfinitagoya.com.ar\\\/v1\\\/\",\"name\":\"radioinfinitagoya.com.ar\",\"description\":\"Radio de noticias\",\"publisher\":{\"@id\":\"https:\\\/\\\/radioinfinitagoya.com.ar\\\/v1\\\/#organization\"},\"potentialAction\":[{\"@type\":\"SearchAction\",\"target\":{\"@type\":\"EntryPoint\",\"urlTemplate\":\"https:\\\/\\\/radioinfinitagoya.com.ar\\\/v1\\\/?s={search_term_string}\"},\"query-input\":{\"@type\":\"PropertyValueSpecification\",\"valueRequired\":true,\"valueName\":\"search_term_string\"}}],\"inLanguage\":\"es-AR\"},{\"@type\":\"Organization\",\"@id\":\"https:\\\/\\\/radioinfinitagoya.com.ar\\\/v1\\\/#organization\",\"name\":\"Radio Infinita Goya\",\"url\":\"https:\\\/\\\/radioinfinitagoya.com.ar\\\/v1\\\/\",\"logo\":{\"@type\":\"ImageObject\",\"inLanguage\":\"es-AR\",\"@id\":\"https:\\\/\\\/radioinfinitagoya.com.ar\\\/v1\\\/#\\\/schema\\\/logo\\\/image\\\/\",\"url\":\"https:\\\/\\\/radioinfinitagoya.com.ar\\\/v1\\\/wp-content\\\/uploads\\\/2019\\\/11\\\/logo-pie-web.png\",\"contentUrl\":\"https:\\\/\\\/radioinfinitagoya.com.ar\\\/v1\\\/wp-content\\\/uploads\\\/2019\\\/11\\\/logo-pie-web.png\",\"width\":635,\"height\":326,\"caption\":\"Radio Infinita Goya\"},\"image\":{\"@id\":\"https:\\\/\\\/radioinfinitagoya.com.ar\\\/v1\\\/#\\\/schema\\\/logo\\\/image\\\/\"},\"sameAs\":[\"https:\\\/\\\/www.facebook.com\\\/p\\\/Infinita-Goya-100063870918311\\\/\"]},{\"@type\":\"Person\",\"@id\":\"https:\\\/\\\/radioinfinitagoya.com.ar\\\/v1\\\/#\\\/schema\\\/person\\\/d4cf9c413d4f6edb24aabdccab49ca4a\",\"name\":\"Jorge Mi\u00f1o\",\"image\":{\"@type\":\"ImageObject\",\"inLanguage\":\"es-AR\",\"@id\":\"https:\\\/\\\/secure.gravatar.com\\\/avatar\\\/910fcf6728fe95320e07a6643c1581fec1c7fc4bf8ae12e3d8f0d0373dc844be?s=96&d=mm&r=g\",\"url\":\"https:\\\/\\\/secure.gravatar.com\\\/avatar\\\/910fcf6728fe95320e07a6643c1581fec1c7fc4bf8ae12e3d8f0d0373dc844be?s=96&d=mm&r=g\",\"contentUrl\":\"https:\\\/\\\/secure.gravatar.com\\\/avatar\\\/910fcf6728fe95320e07a6643c1581fec1c7fc4bf8ae12e3d8f0d0373dc844be?s=96&d=mm&r=g\",\"caption\":\"Jorge Mi\u00f1o\"},\"sameAs\":[\"http:\\\/\\\/radioinfinitagoya.com.ar\"]}]}<\/script>\n<!-- \/ Yoast SEO plugin. -->","yoast_head_json":{"title":"Para el Gobierno, el pico de morosidad empez\u00f3 a ceder y no intervendr\u00e1 - Radio Infinita Goya","description":"Luego de los dichos del titular de la Conferencia Episcopal, Marcelo Colombo, sobre el tema, en Casa Rosada reafirman el rumbo y responsabilizan a la","robots":{"index":"index","follow":"follow","max-snippet":"max-snippet:-1","max-image-preview":"max-image-preview:large","max-video-preview":"max-video-preview:-1"},"canonical":"https:\/\/radioinfinitagoya.com.ar\/v1\/2026\/08\/31\/para-el-gobierno-el-pico-de-morosidad-empezo-a-ceder-y-no-intervendra\/","og_locale":"es_ES","og_type":"article","og_title":"Para el Gobierno, el pico de morosidad empez\u00f3 a ceder y no intervendr\u00e1 - Radio Infinita Goya","og_description":"Luego de los dichos del titular de la Conferencia Episcopal, Marcelo Colombo, sobre el tema, en Casa Rosada reafirman el rumbo y responsabilizan a la","og_url":"https:\/\/radioinfinitagoya.com.ar\/v1\/2026\/08\/31\/para-el-gobierno-el-pico-de-morosidad-empezo-a-ceder-y-no-intervendra\/","og_site_name":"Radio Infinita Goya","article_publisher":"https:\/\/www.facebook.com\/p\/Infinita-Goya-100063870918311\/","article_published_time":"2026-08-31T19:46:25+00:00","author":"Jorge Mi\u00f1o","twitter_card":"summary_large_image","twitter_misc":{"Escrito por":"Jorge Mi\u00f1o","Tiempo de lectura":"6 minutos"},"schema":{"@context":"https:\/\/schema.org","@graph":[{"@type":"Article","@id":"https:\/\/radioinfinitagoya.com.ar\/v1\/2026\/08\/31\/para-el-gobierno-el-pico-de-morosidad-empezo-a-ceder-y-no-intervendra\/#article","isPartOf":{"@id":"https:\/\/radioinfinitagoya.com.ar\/v1\/2026\/08\/31\/para-el-gobierno-el-pico-de-morosidad-empezo-a-ceder-y-no-intervendra\/"},"author":{"name":"Jorge Mi\u00f1o","@id":"https:\/\/radioinfinitagoya.com.ar\/v1\/#\/schema\/person\/d4cf9c413d4f6edb24aabdccab49ca4a"},"headline":"Para el Gobierno, el pico de morosidad empez\u00f3 a ceder y no intervendr\u00e1","datePublished":"2026-08-31T19:46:25+00:00","mainEntityOfPage":{"@id":"https:\/\/radioinfinitagoya.com.ar\/v1\/2026\/08\/31\/para-el-gobierno-el-pico-de-morosidad-empezo-a-ceder-y-no-intervendra\/"},"wordCount":1035,"commentCount":0,"publisher":{"@id":"https:\/\/radioinfinitagoya.com.ar\/v1\/#organization"},"image":{"@id":"https:\/\/radioinfinitagoya.com.ar\/v1\/2026\/08\/31\/para-el-gobierno-el-pico-de-morosidad-empezo-a-ceder-y-no-intervendra\/#primaryimage"},"thumbnailUrl":"https:\/\/radioinfinitagoya.com.ar\/v1\/wp-content\/uploads\/2026\/08\/R457IXM6LVHOZBQMHIFJINIXUE.avif","articleSection":["PRINCIPAL"],"inLanguage":"es-AR","potentialAction":[{"@type":"CommentAction","name":"Comment","target":["https:\/\/radioinfinitagoya.com.ar\/v1\/2026\/08\/31\/para-el-gobierno-el-pico-de-morosidad-empezo-a-ceder-y-no-intervendra\/#respond"]}]},{"@type":"WebPage","@id":"https:\/\/radioinfinitagoya.com.ar\/v1\/2026\/08\/31\/para-el-gobierno-el-pico-de-morosidad-empezo-a-ceder-y-no-intervendra\/","url":"https:\/\/radioinfinitagoya.com.ar\/v1\/2026\/08\/31\/para-el-gobierno-el-pico-de-morosidad-empezo-a-ceder-y-no-intervendra\/","name":"Para el Gobierno, el pico de morosidad empez\u00f3 a ceder y no intervendr\u00e1 - Radio Infinita Goya","isPartOf":{"@id":"https:\/\/radioinfinitagoya.com.ar\/v1\/#website"},"primaryImageOfPage":{"@id":"https:\/\/radioinfinitagoya.com.ar\/v1\/2026\/08\/31\/para-el-gobierno-el-pico-de-morosidad-empezo-a-ceder-y-no-intervendra\/#primaryimage"},"image":{"@id":"https:\/\/radioinfinitagoya.com.ar\/v1\/2026\/08\/31\/para-el-gobierno-el-pico-de-morosidad-empezo-a-ceder-y-no-intervendra\/#primaryimage"},"thumbnailUrl":"https:\/\/radioinfinitagoya.com.ar\/v1\/wp-content\/uploads\/2026\/08\/R457IXM6LVHOZBQMHIFJINIXUE.avif","datePublished":"2026-08-31T19:46:25+00:00","description":"Luego de los dichos del titular de la Conferencia Episcopal, Marcelo Colombo, sobre el tema, en Casa Rosada reafirman el rumbo y responsabilizan a la","breadcrumb":{"@id":"https:\/\/radioinfinitagoya.com.ar\/v1\/2026\/08\/31\/para-el-gobierno-el-pico-de-morosidad-empezo-a-ceder-y-no-intervendra\/#breadcrumb"},"inLanguage":"es-AR","potentialAction":[{"@type":"ReadAction","target":["https:\/\/radioinfinitagoya.com.ar\/v1\/2026\/08\/31\/para-el-gobierno-el-pico-de-morosidad-empezo-a-ceder-y-no-intervendra\/"]}]},{"@type":"ImageObject","inLanguage":"es-AR","@id":"https:\/\/radioinfinitagoya.com.ar\/v1\/2026\/08\/31\/para-el-gobierno-el-pico-de-morosidad-empezo-a-ceder-y-no-intervendra\/#primaryimage","url":"https:\/\/radioinfinitagoya.com.ar\/v1\/wp-content\/uploads\/2026\/08\/R457IXM6LVHOZBQMHIFJINIXUE.avif","contentUrl":"https:\/\/radioinfinitagoya.com.ar\/v1\/wp-content\/uploads\/2026\/08\/R457IXM6LVHOZBQMHIFJINIXUE.avif","width":992,"height":652},{"@type":"BreadcrumbList","@id":"https:\/\/radioinfinitagoya.com.ar\/v1\/2026\/08\/31\/para-el-gobierno-el-pico-de-morosidad-empezo-a-ceder-y-no-intervendra\/#breadcrumb","itemListElement":[{"@type":"ListItem","position":1,"name":"Inicio","item":"https:\/\/radioinfinitagoya.com.ar\/v1\/"},{"@type":"ListItem","position":2,"name":"Para el Gobierno, el pico de morosidad empez\u00f3 a ceder y no intervendr\u00e1"}]},{"@type":"WebSite","@id":"https:\/\/radioinfinitagoya.com.ar\/v1\/#website","url":"https:\/\/radioinfinitagoya.com.ar\/v1\/","name":"radioinfinitagoya.com.ar","description":"Radio de noticias","publisher":{"@id":"https:\/\/radioinfinitagoya.com.ar\/v1\/#organization"},"potentialAction":[{"@type":"SearchAction","target":{"@type":"EntryPoint","urlTemplate":"https:\/\/radioinfinitagoya.com.ar\/v1\/?s={search_term_string}"},"query-input":{"@type":"PropertyValueSpecification","valueRequired":true,"valueName":"search_term_string"}}],"inLanguage":"es-AR"},{"@type":"Organization","@id":"https:\/\/radioinfinitagoya.com.ar\/v1\/#organization","name":"Radio Infinita Goya","url":"https:\/\/radioinfinitagoya.com.ar\/v1\/","logo":{"@type":"ImageObject","inLanguage":"es-AR","@id":"https:\/\/radioinfinitagoya.com.ar\/v1\/#\/schema\/logo\/image\/","url":"https:\/\/radioinfinitagoya.com.ar\/v1\/wp-content\/uploads\/2019\/11\/logo-pie-web.png","contentUrl":"https:\/\/radioinfinitagoya.com.ar\/v1\/wp-content\/uploads\/2019\/11\/logo-pie-web.png","width":635,"height":326,"caption":"Radio Infinita Goya"},"image":{"@id":"https:\/\/radioinfinitagoya.com.ar\/v1\/#\/schema\/logo\/image\/"},"sameAs":["https:\/\/www.facebook.com\/p\/Infinita-Goya-100063870918311\/"]},{"@type":"Person","@id":"https:\/\/radioinfinitagoya.com.ar\/v1\/#\/schema\/person\/d4cf9c413d4f6edb24aabdccab49ca4a","name":"Jorge Mi\u00f1o","image":{"@type":"ImageObject","inLanguage":"es-AR","@id":"https:\/\/secure.gravatar.com\/avatar\/910fcf6728fe95320e07a6643c1581fec1c7fc4bf8ae12e3d8f0d0373dc844be?s=96&d=mm&r=g","url":"https:\/\/secure.gravatar.com\/avatar\/910fcf6728fe95320e07a6643c1581fec1c7fc4bf8ae12e3d8f0d0373dc844be?s=96&d=mm&r=g","contentUrl":"https:\/\/secure.gravatar.com\/avatar\/910fcf6728fe95320e07a6643c1581fec1c7fc4bf8ae12e3d8f0d0373dc844be?s=96&d=mm&r=g","caption":"Jorge Mi\u00f1o"},"sameAs":["http:\/\/radioinfinitagoya.com.ar"]}]}},"_links":{"self":[{"href":"https:\/\/radioinfinitagoya.com.ar\/v1\/wp-json\/wp\/v2\/posts\/226443","targetHints":{"allow":["GET"]}}],"collection":[{"href":"https:\/\/radioinfinitagoya.com.ar\/v1\/wp-json\/wp\/v2\/posts"}],"about":[{"href":"https:\/\/radioinfinitagoya.com.ar\/v1\/wp-json\/wp\/v2\/types\/post"}],"author":[{"embeddable":true,"href":"https:\/\/radioinfinitagoya.com.ar\/v1\/wp-json\/wp\/v2\/users\/4"}],"replies":[{"embeddable":true,"href":"https:\/\/radioinfinitagoya.com.ar\/v1\/wp-json\/wp\/v2\/comments?post=226443"}],"version-history":[{"count":1,"href":"https:\/\/radioinfinitagoya.com.ar\/v1\/wp-json\/wp\/v2\/posts\/226443\/revisions"}],"predecessor-version":[{"id":226448,"href":"https:\/\/radioinfinitagoya.com.ar\/v1\/wp-json\/wp\/v2\/posts\/226443\/revisions\/226448"}],"wp:featuredmedia":[{"embeddable":true,"href":"https:\/\/radioinfinitagoya.com.ar\/v1\/wp-json\/wp\/v2\/media\/226444"}],"wp:attachment":[{"href":"https:\/\/radioinfinitagoya.com.ar\/v1\/wp-json\/wp\/v2\/media?parent=226443"}],"wp:term":[{"taxonomy":"category","embeddable":true,"href":"https:\/\/radioinfinitagoya.com.ar\/v1\/wp-json\/wp\/v2\/categories?post=226443"},{"taxonomy":"post_tag","embeddable":true,"href":"https:\/\/radioinfinitagoya.com.ar\/v1\/wp-json\/wp\/v2\/tags?post=226443"}],"curies":[{"name":"wp","href":"https:\/\/api.w.org\/{rel}","templated":true}]}}