{"id":226452,"date":"2026-08-31T18:23:06","date_gmt":"2026-08-31T21:23:06","guid":{"rendered":"https:\/\/radioinfinitagoya.com.ar\/v1\/?p=226452"},"modified":"2026-08-31T18:23:06","modified_gmt":"2026-08-31T21:23:06","slug":"el-municipio-dispondra-de-operativos-de-transito-para-estudiantina","status":"publish","type":"post","link":"https:\/\/radioinfinitagoya.com.ar\/v1\/2026\/08\/31\/el-municipio-dispondra-de-operativos-de-transito-para-estudiantina\/","title":{"rendered":"El Municipio dispondr\u00e1 de operativos de tr\u00e1nsito para Estudiantina"},"content":{"rendered":"<p>Lic. Alejandro Stortti:\u00bfPara la Estudiantina 2026, la Municipalidad de Goya, a trav\u00e9s de la Direcci\u00f3n de Tr\u00e1nsito, prepara un operativo de seguridad vial y ordenamiento vehicular coordinado para proteger a los estudiantes y regular la circulaci\u00f3n. El apoyo del Estado municipal es considerado fundamental para allanar el camino hacia la concreci\u00f3n del evento, previsto para los d\u00edas viernes 18, s\u00e1bado 19 y domingo 20 de septiembre.<\/p>\n<p>\u201cTr\u00e1nsito ya tiene armado el dispositivo preventivo\u201d asegur\u00f3 el titular de esa dependencia, Alejandro Stortti.<\/p>\n<p>\u201cEstamos abocados a lo que es el ingreso y egreso de veh\u00edculos all\u00ed en Campo Amigo, por avenida Alem. Ya estamos viendo c\u00f3mo instrumentar en una calle que ser\u00eda paralela al predio que la estamos queriendo habilitar para el ingreso y egreso de personas\u201d explic\u00f3 el director de esta dependencia, Alejandro Stortti.<\/p>\n<p>Se pondr\u00e1 especial \u00e9nfasis en el control del tr\u00e1fico de motoveh\u00edculos por la gran cantidad de p\u00fablico adolescente que se va a transportar en este medio de movilidad hacia dicho predio.<\/p>\n<p>CORTES DE CALLES<\/p>\n<p>Cabe se\u00f1alar que se establecer\u00e1n cortes parciales de calles durante el recorrido de la Antorcha. Durante el tradicional encendido y traslado de la antorcha estudiantil, se realizan cortes din\u00e1micos de calles a medida que avanza la columna de alumnos para evitar el contacto directo con veh\u00edculos en zona del microcentro y avenidas principales.<\/p>\n<p>Desde el municipio se dispondr\u00e1 la intervenci\u00f3n de diversas \u00e1reas como Educaci\u00f3n, Deportes, Juventud, Cultura, Obras y Servicios P\u00fablicos y Tr\u00e1nsito. A esto se suma el trabajo de Prensa y Comunicaci\u00f3n Digital para la difusi\u00f3n y promoci\u00f3n, as\u00ed como la tarea sanitaria a cargo de Desarrollo y Promoci\u00f3n Social junto al servicio de APS.<\/p>\n<p>Direcci\u00f3n de Prensa \u2013 Municipalidad de Goya.<\/p>\n","protected":false},"excerpt":{"rendered":"<p>Lic. Alejandro Stortti:\u00bfPara la Estudiantina 2026, la Municipalidad de Goya, a trav\u00e9s de la Direcci\u00f3n de Tr\u00e1nsito, prepara un operativo de seguridad vial y ordenamiento vehicular coordinado para proteger a los estudiantes y regular la circulaci\u00f3n. El apoyo del Estado municipal es considerado fundamental para allanar el camino hacia la concreci\u00f3n del evento, previsto para [&hellip;]<\/p>\n","protected":false},"author":4,"featured_media":226453,"comment_status":"open","ping_status":"open","sticky":false,"template":"","format":"standard","meta":{"_joinchat":[],"footnotes":""},"categories":[27],"tags":[],"class_list":["post-226452","post","type-post","status-publish","format-standard","has-post-thumbnail","category-locales"],"yoast_head":"<!-- This site is optimized with the Yoast SEO plugin v27.7 - https:\/\/yoast.com\/product\/yoast-seo-wordpress\/ -->\n<title>El Municipio dispondr\u00e1 de operativos de tr\u00e1nsito para Estudiantina - Radio Infinita Goya<\/title>\n<meta name=\"description\" content=\"Lic. Alejandro Stortti:\u00bfPara la Estudiantina 2026, la Municipalidad de Goya, a trav\u00e9s de la Direcci\u00f3n de Tr\u00e1nsito, prepara un operativo de seguridad vial\" \/>\n<meta name=\"robots\" content=\"index, follow, max-snippet:-1, max-image-preview:large, max-video-preview:-1\" \/>\n<link rel=\"canonical\" href=\"https:\/\/radioinfinitagoya.com.ar\/v1\/2026\/08\/31\/el-municipio-dispondra-de-operativos-de-transito-para-estudiantina\/\" \/>\n<meta property=\"og:locale\" content=\"es_ES\" \/>\n<meta property=\"og:type\" content=\"article\" \/>\n<meta property=\"og:title\" content=\"El Municipio dispondr\u00e1 de operativos de tr\u00e1nsito para Estudiantina - Radio Infinita Goya\" \/>\n<meta property=\"og:description\" content=\"Lic. Alejandro Stortti:\u00bfPara la Estudiantina 2026, la Municipalidad de Goya, a trav\u00e9s de la Direcci\u00f3n de Tr\u00e1nsito, prepara un operativo de seguridad vial\" \/>\n<meta property=\"og:url\" content=\"https:\/\/radioinfinitagoya.com.ar\/v1\/2026\/08\/31\/el-municipio-dispondra-de-operativos-de-transito-para-estudiantina\/\" \/>\n<meta property=\"og:site_name\" content=\"Radio Infinita Goya\" \/>\n<meta property=\"article:publisher\" content=\"https:\/\/www.facebook.com\/p\/Infinita-Goya-100063870918311\/\" \/>\n<meta property=\"article:published_time\" content=\"2026-08-31T21:23:06+00:00\" \/>\n<meta property=\"og:image\" content=\"https:\/\/radioinfinitagoya.com.ar\/v1\/wp-content\/uploads\/2026\/08\/transito_2.jpg\" \/>\n\t<meta property=\"og:image:width\" content=\"848\" \/>\n\t<meta property=\"og:image:height\" content=\"477\" \/>\n\t<meta property=\"og:image:type\" content=\"image\/jpeg\" \/>\n<meta name=\"author\" content=\"Jorge Mi\u00f1o\" \/>\n<meta name=\"twitter:card\" content=\"summary_large_image\" \/>\n<meta name=\"twitter:label1\" content=\"Escrito por\" \/>\n\t<meta name=\"twitter:data1\" content=\"Jorge Mi\u00f1o\" \/>\n\t<meta name=\"twitter:label2\" content=\"Tiempo de lectura\" \/>\n\t<meta name=\"twitter:data2\" content=\"2 minutos\" \/>\n<script type=\"application\/ld+json\" class=\"yoast-schema-graph\">{\"@context\":\"https:\\\/\\\/schema.org\",\"@graph\":[{\"@type\":\"Article\",\"@id\":\"https:\\\/\\\/radioinfinitagoya.com.ar\\\/v1\\\/2026\\\/08\\\/31\\\/el-municipio-dispondra-de-operativos-de-transito-para-estudiantina\\\/#article\",\"isPartOf\":{\"@id\":\"https:\\\/\\\/radioinfinitagoya.com.ar\\\/v1\\\/2026\\\/08\\\/31\\\/el-municipio-dispondra-de-operativos-de-transito-para-estudiantina\\\/\"},\"author\":{\"name\":\"Jorge Mi\u00f1o\",\"@id\":\"https:\\\/\\\/radioinfinitagoya.com.ar\\\/v1\\\/#\\\/schema\\\/person\\\/d4cf9c413d4f6edb24aabdccab49ca4a\"},\"headline\":\"El Municipio dispondr\u00e1 de operativos de tr\u00e1nsito para Estudiantina\",\"datePublished\":\"2026-08-31T21:23:06+00:00\",\"mainEntityOfPage\":{\"@id\":\"https:\\\/\\\/radioinfinitagoya.com.ar\\\/v1\\\/2026\\\/08\\\/31\\\/el-municipio-dispondra-de-operativos-de-transito-para-estudiantina\\\/\"},\"wordCount\":314,\"commentCount\":0,\"publisher\":{\"@id\":\"https:\\\/\\\/radioinfinitagoya.com.ar\\\/v1\\\/#organization\"},\"image\":{\"@id\":\"https:\\\/\\\/radioinfinitagoya.com.ar\\\/v1\\\/2026\\\/08\\\/31\\\/el-municipio-dispondra-de-operativos-de-transito-para-estudiantina\\\/#primaryimage\"},\"thumbnailUrl\":\"https:\\\/\\\/radioinfinitagoya.com.ar\\\/v1\\\/wp-content\\\/uploads\\\/2026\\\/08\\\/transito_2.jpg\",\"articleSection\":[\"LOCALES\"],\"inLanguage\":\"es-AR\",\"potentialAction\":[{\"@type\":\"CommentAction\",\"name\":\"Comment\",\"target\":[\"https:\\\/\\\/radioinfinitagoya.com.ar\\\/v1\\\/2026\\\/08\\\/31\\\/el-municipio-dispondra-de-operativos-de-transito-para-estudiantina\\\/#respond\"]}]},{\"@type\":\"WebPage\",\"@id\":\"https:\\\/\\\/radioinfinitagoya.com.ar\\\/v1\\\/2026\\\/08\\\/31\\\/el-municipio-dispondra-de-operativos-de-transito-para-estudiantina\\\/\",\"url\":\"https:\\\/\\\/radioinfinitagoya.com.ar\\\/v1\\\/2026\\\/08\\\/31\\\/el-municipio-dispondra-de-operativos-de-transito-para-estudiantina\\\/\",\"name\":\"El Municipio dispondr\u00e1 de operativos de tr\u00e1nsito para Estudiantina - Radio Infinita Goya\",\"isPartOf\":{\"@id\":\"https:\\\/\\\/radioinfinitagoya.com.ar\\\/v1\\\/#website\"},\"primaryImageOfPage\":{\"@id\":\"https:\\\/\\\/radioinfinitagoya.com.ar\\\/v1\\\/2026\\\/08\\\/31\\\/el-municipio-dispondra-de-operativos-de-transito-para-estudiantina\\\/#primaryimage\"},\"image\":{\"@id\":\"https:\\\/\\\/radioinfinitagoya.com.ar\\\/v1\\\/2026\\\/08\\\/31\\\/el-municipio-dispondra-de-operativos-de-transito-para-estudiantina\\\/#primaryimage\"},\"thumbnailUrl\":\"https:\\\/\\\/radioinfinitagoya.com.ar\\\/v1\\\/wp-content\\\/uploads\\\/2026\\\/08\\\/transito_2.jpg\",\"datePublished\":\"2026-08-31T21:23:06+00:00\",\"description\":\"Lic. Alejandro Stortti:\u00bfPara la Estudiantina 2026, la Municipalidad de Goya, a trav\u00e9s de la Direcci\u00f3n de Tr\u00e1nsito, prepara un operativo de seguridad vial\",\"breadcrumb\":{\"@id\":\"https:\\\/\\\/radioinfinitagoya.com.ar\\\/v1\\\/2026\\\/08\\\/31\\\/el-municipio-dispondra-de-operativos-de-transito-para-estudiantina\\\/#breadcrumb\"},\"inLanguage\":\"es-AR\",\"potentialAction\":[{\"@type\":\"ReadAction\",\"target\":[\"https:\\\/\\\/radioinfinitagoya.com.ar\\\/v1\\\/2026\\\/08\\\/31\\\/el-municipio-dispondra-de-operativos-de-transito-para-estudiantina\\\/\"]}]},{\"@type\":\"ImageObject\",\"inLanguage\":\"es-AR\",\"@id\":\"https:\\\/\\\/radioinfinitagoya.com.ar\\\/v1\\\/2026\\\/08\\\/31\\\/el-municipio-dispondra-de-operativos-de-transito-para-estudiantina\\\/#primaryimage\",\"url\":\"https:\\\/\\\/radioinfinitagoya.com.ar\\\/v1\\\/wp-content\\\/uploads\\\/2026\\\/08\\\/transito_2.jpg\",\"contentUrl\":\"https:\\\/\\\/radioinfinitagoya.com.ar\\\/v1\\\/wp-content\\\/uploads\\\/2026\\\/08\\\/transito_2.jpg\",\"width\":848,\"height\":477},{\"@type\":\"BreadcrumbList\",\"@id\":\"https:\\\/\\\/radioinfinitagoya.com.ar\\\/v1\\\/2026\\\/08\\\/31\\\/el-municipio-dispondra-de-operativos-de-transito-para-estudiantina\\\/#breadcrumb\",\"itemListElement\":[{\"@type\":\"ListItem\",\"position\":1,\"name\":\"Inicio\",\"item\":\"https:\\\/\\\/radioinfinitagoya.com.ar\\\/v1\\\/\"},{\"@type\":\"ListItem\",\"position\":2,\"name\":\"El Municipio dispondr\u00e1 de operativos de tr\u00e1nsito para Estudiantina\"}]},{\"@type\":\"WebSite\",\"@id\":\"https:\\\/\\\/radioinfinitagoya.com.ar\\\/v1\\\/#website\",\"url\":\"https:\\\/\\\/radioinfinitagoya.com.ar\\\/v1\\\/\",\"name\":\"radioinfinitagoya.com.ar\",\"description\":\"Radio de noticias\",\"publisher\":{\"@id\":\"https:\\\/\\\/radioinfinitagoya.com.ar\\\/v1\\\/#organization\"},\"potentialAction\":[{\"@type\":\"SearchAction\",\"target\":{\"@type\":\"EntryPoint\",\"urlTemplate\":\"https:\\\/\\\/radioinfinitagoya.com.ar\\\/v1\\\/?s={search_term_string}\"},\"query-input\":{\"@type\":\"PropertyValueSpecification\",\"valueRequired\":true,\"valueName\":\"search_term_string\"}}],\"inLanguage\":\"es-AR\"},{\"@type\":\"Organization\",\"@id\":\"https:\\\/\\\/radioinfinitagoya.com.ar\\\/v1\\\/#organization\",\"name\":\"Radio Infinita Goya\",\"url\":\"https:\\\/\\\/radioinfinitagoya.com.ar\\\/v1\\\/\",\"logo\":{\"@type\":\"ImageObject\",\"inLanguage\":\"es-AR\",\"@id\":\"https:\\\/\\\/radioinfinitagoya.com.ar\\\/v1\\\/#\\\/schema\\\/logo\\\/image\\\/\",\"url\":\"https:\\\/\\\/radioinfinitagoya.com.ar\\\/v1\\\/wp-content\\\/uploads\\\/2019\\\/11\\\/logo-pie-web.png\",\"contentUrl\":\"https:\\\/\\\/radioinfinitagoya.com.ar\\\/v1\\\/wp-content\\\/uploads\\\/2019\\\/11\\\/logo-pie-web.png\",\"width\":635,\"height\":326,\"caption\":\"Radio Infinita Goya\"},\"image\":{\"@id\":\"https:\\\/\\\/radioinfinitagoya.com.ar\\\/v1\\\/#\\\/schema\\\/logo\\\/image\\\/\"},\"sameAs\":[\"https:\\\/\\\/www.facebook.com\\\/p\\\/Infinita-Goya-100063870918311\\\/\"]},{\"@type\":\"Person\",\"@id\":\"https:\\\/\\\/radioinfinitagoya.com.ar\\\/v1\\\/#\\\/schema\\\/person\\\/d4cf9c413d4f6edb24aabdccab49ca4a\",\"name\":\"Jorge Mi\u00f1o\",\"image\":{\"@type\":\"ImageObject\",\"inLanguage\":\"es-AR\",\"@id\":\"https:\\\/\\\/secure.gravatar.com\\\/avatar\\\/910fcf6728fe95320e07a6643c1581fec1c7fc4bf8ae12e3d8f0d0373dc844be?s=96&d=mm&r=g\",\"url\":\"https:\\\/\\\/secure.gravatar.com\\\/avatar\\\/910fcf6728fe95320e07a6643c1581fec1c7fc4bf8ae12e3d8f0d0373dc844be?s=96&d=mm&r=g\",\"contentUrl\":\"https:\\\/\\\/secure.gravatar.com\\\/avatar\\\/910fcf6728fe95320e07a6643c1581fec1c7fc4bf8ae12e3d8f0d0373dc844be?s=96&d=mm&r=g\",\"caption\":\"Jorge Mi\u00f1o\"},\"sameAs\":[\"http:\\\/\\\/radioinfinitagoya.com.ar\"]}]}<\/script>\n<!-- \/ Yoast SEO plugin. -->","yoast_head_json":{"title":"El Municipio dispondr\u00e1 de operativos de tr\u00e1nsito para Estudiantina - Radio Infinita Goya","description":"Lic. Alejandro Stortti:\u00bfPara la Estudiantina 2026, la Municipalidad de Goya, a trav\u00e9s de la Direcci\u00f3n de Tr\u00e1nsito, prepara un operativo de seguridad vial","robots":{"index":"index","follow":"follow","max-snippet":"max-snippet:-1","max-image-preview":"max-image-preview:large","max-video-preview":"max-video-preview:-1"},"canonical":"https:\/\/radioinfinitagoya.com.ar\/v1\/2026\/08\/31\/el-municipio-dispondra-de-operativos-de-transito-para-estudiantina\/","og_locale":"es_ES","og_type":"article","og_title":"El Municipio dispondr\u00e1 de operativos de tr\u00e1nsito para Estudiantina - Radio Infinita Goya","og_description":"Lic. Alejandro Stortti:\u00bfPara la Estudiantina 2026, la Municipalidad de Goya, a trav\u00e9s de la Direcci\u00f3n de Tr\u00e1nsito, prepara un operativo de seguridad vial","og_url":"https:\/\/radioinfinitagoya.com.ar\/v1\/2026\/08\/31\/el-municipio-dispondra-de-operativos-de-transito-para-estudiantina\/","og_site_name":"Radio Infinita Goya","article_publisher":"https:\/\/www.facebook.com\/p\/Infinita-Goya-100063870918311\/","article_published_time":"2026-08-31T21:23:06+00:00","og_image":[{"width":848,"height":477,"url":"https:\/\/radioinfinitagoya.com.ar\/v1\/wp-content\/uploads\/2026\/08\/transito_2.jpg","type":"image\/jpeg"}],"author":"Jorge Mi\u00f1o","twitter_card":"summary_large_image","twitter_misc":{"Escrito por":"Jorge Mi\u00f1o","Tiempo de lectura":"2 minutos"},"schema":{"@context":"https:\/\/schema.org","@graph":[{"@type":"Article","@id":"https:\/\/radioinfinitagoya.com.ar\/v1\/2026\/08\/31\/el-municipio-dispondra-de-operativos-de-transito-para-estudiantina\/#article","isPartOf":{"@id":"https:\/\/radioinfinitagoya.com.ar\/v1\/2026\/08\/31\/el-municipio-dispondra-de-operativos-de-transito-para-estudiantina\/"},"author":{"name":"Jorge Mi\u00f1o","@id":"https:\/\/radioinfinitagoya.com.ar\/v1\/#\/schema\/person\/d4cf9c413d4f6edb24aabdccab49ca4a"},"headline":"El Municipio dispondr\u00e1 de operativos de tr\u00e1nsito para Estudiantina","datePublished":"2026-08-31T21:23:06+00:00","mainEntityOfPage":{"@id":"https:\/\/radioinfinitagoya.com.ar\/v1\/2026\/08\/31\/el-municipio-dispondra-de-operativos-de-transito-para-estudiantina\/"},"wordCount":314,"commentCount":0,"publisher":{"@id":"https:\/\/radioinfinitagoya.com.ar\/v1\/#organization"},"image":{"@id":"https:\/\/radioinfinitagoya.com.ar\/v1\/2026\/08\/31\/el-municipio-dispondra-de-operativos-de-transito-para-estudiantina\/#primaryimage"},"thumbnailUrl":"https:\/\/radioinfinitagoya.com.ar\/v1\/wp-content\/uploads\/2026\/08\/transito_2.jpg","articleSection":["LOCALES"],"inLanguage":"es-AR","potentialAction":[{"@type":"CommentAction","name":"Comment","target":["https:\/\/radioinfinitagoya.com.ar\/v1\/2026\/08\/31\/el-municipio-dispondra-de-operativos-de-transito-para-estudiantina\/#respond"]}]},{"@type":"WebPage","@id":"https:\/\/radioinfinitagoya.com.ar\/v1\/2026\/08\/31\/el-municipio-dispondra-de-operativos-de-transito-para-estudiantina\/","url":"https:\/\/radioinfinitagoya.com.ar\/v1\/2026\/08\/31\/el-municipio-dispondra-de-operativos-de-transito-para-estudiantina\/","name":"El Municipio dispondr\u00e1 de operativos de tr\u00e1nsito para Estudiantina - Radio Infinita Goya","isPartOf":{"@id":"https:\/\/radioinfinitagoya.com.ar\/v1\/#website"},"primaryImageOfPage":{"@id":"https:\/\/radioinfinitagoya.com.ar\/v1\/2026\/08\/31\/el-municipio-dispondra-de-operativos-de-transito-para-estudiantina\/#primaryimage"},"image":{"@id":"https:\/\/radioinfinitagoya.com.ar\/v1\/2026\/08\/31\/el-municipio-dispondra-de-operativos-de-transito-para-estudiantina\/#primaryimage"},"thumbnailUrl":"https:\/\/radioinfinitagoya.com.ar\/v1\/wp-content\/uploads\/2026\/08\/transito_2.jpg","datePublished":"2026-08-31T21:23:06+00:00","description":"Lic. Alejandro Stortti:\u00bfPara la Estudiantina 2026, la Municipalidad de Goya, a trav\u00e9s de la Direcci\u00f3n de Tr\u00e1nsito, prepara un operativo de seguridad vial","breadcrumb":{"@id":"https:\/\/radioinfinitagoya.com.ar\/v1\/2026\/08\/31\/el-municipio-dispondra-de-operativos-de-transito-para-estudiantina\/#breadcrumb"},"inLanguage":"es-AR","potentialAction":[{"@type":"ReadAction","target":["https:\/\/radioinfinitagoya.com.ar\/v1\/2026\/08\/31\/el-municipio-dispondra-de-operativos-de-transito-para-estudiantina\/"]}]},{"@type":"ImageObject","inLanguage":"es-AR","@id":"https:\/\/radioinfinitagoya.com.ar\/v1\/2026\/08\/31\/el-municipio-dispondra-de-operativos-de-transito-para-estudiantina\/#primaryimage","url":"https:\/\/radioinfinitagoya.com.ar\/v1\/wp-content\/uploads\/2026\/08\/transito_2.jpg","contentUrl":"https:\/\/radioinfinitagoya.com.ar\/v1\/wp-content\/uploads\/2026\/08\/transito_2.jpg","width":848,"height":477},{"@type":"BreadcrumbList","@id":"https:\/\/radioinfinitagoya.com.ar\/v1\/2026\/08\/31\/el-municipio-dispondra-de-operativos-de-transito-para-estudiantina\/#breadcrumb","itemListElement":[{"@type":"ListItem","position":1,"name":"Inicio","item":"https:\/\/radioinfinitagoya.com.ar\/v1\/"},{"@type":"ListItem","position":2,"name":"El Municipio dispondr\u00e1 de operativos de tr\u00e1nsito para Estudiantina"}]},{"@type":"WebSite","@id":"https:\/\/radioinfinitagoya.com.ar\/v1\/#website","url":"https:\/\/radioinfinitagoya.com.ar\/v1\/","name":"radioinfinitagoya.com.ar","description":"Radio de noticias","publisher":{"@id":"https:\/\/radioinfinitagoya.com.ar\/v1\/#organization"},"potentialAction":[{"@type":"SearchAction","target":{"@type":"EntryPoint","urlTemplate":"https:\/\/radioinfinitagoya.com.ar\/v1\/?s={search_term_string}"},"query-input":{"@type":"PropertyValueSpecification","valueRequired":true,"valueName":"search_term_string"}}],"inLanguage":"es-AR"},{"@type":"Organization","@id":"https:\/\/radioinfinitagoya.com.ar\/v1\/#organization","name":"Radio Infinita Goya","url":"https:\/\/radioinfinitagoya.com.ar\/v1\/","logo":{"@type":"ImageObject","inLanguage":"es-AR","@id":"https:\/\/radioinfinitagoya.com.ar\/v1\/#\/schema\/logo\/image\/","url":"https:\/\/radioinfinitagoya.com.ar\/v1\/wp-content\/uploads\/2019\/11\/logo-pie-web.png","contentUrl":"https:\/\/radioinfinitagoya.com.ar\/v1\/wp-content\/uploads\/2019\/11\/logo-pie-web.png","width":635,"height":326,"caption":"Radio Infinita Goya"},"image":{"@id":"https:\/\/radioinfinitagoya.com.ar\/v1\/#\/schema\/logo\/image\/"},"sameAs":["https:\/\/www.facebook.com\/p\/Infinita-Goya-100063870918311\/"]},{"@type":"Person","@id":"https:\/\/radioinfinitagoya.com.ar\/v1\/#\/schema\/person\/d4cf9c413d4f6edb24aabdccab49ca4a","name":"Jorge Mi\u00f1o","image":{"@type":"ImageObject","inLanguage":"es-AR","@id":"https:\/\/secure.gravatar.com\/avatar\/910fcf6728fe95320e07a6643c1581fec1c7fc4bf8ae12e3d8f0d0373dc844be?s=96&d=mm&r=g","url":"https:\/\/secure.gravatar.com\/avatar\/910fcf6728fe95320e07a6643c1581fec1c7fc4bf8ae12e3d8f0d0373dc844be?s=96&d=mm&r=g","contentUrl":"https:\/\/secure.gravatar.com\/avatar\/910fcf6728fe95320e07a6643c1581fec1c7fc4bf8ae12e3d8f0d0373dc844be?s=96&d=mm&r=g","caption":"Jorge Mi\u00f1o"},"sameAs":["http:\/\/radioinfinitagoya.com.ar"]}]}},"_links":{"self":[{"href":"https:\/\/radioinfinitagoya.com.ar\/v1\/wp-json\/wp\/v2\/posts\/226452","targetHints":{"allow":["GET"]}}],"collection":[{"href":"https:\/\/radioinfinitagoya.com.ar\/v1\/wp-json\/wp\/v2\/posts"}],"about":[{"href":"https:\/\/radioinfinitagoya.com.ar\/v1\/wp-json\/wp\/v2\/types\/post"}],"author":[{"embeddable":true,"href":"https:\/\/radioinfinitagoya.com.ar\/v1\/wp-json\/wp\/v2\/users\/4"}],"replies":[{"embeddable":true,"href":"https:\/\/radioinfinitagoya.com.ar\/v1\/wp-json\/wp\/v2\/comments?post=226452"}],"version-history":[{"count":1,"href":"https:\/\/radioinfinitagoya.com.ar\/v1\/wp-json\/wp\/v2\/posts\/226452\/revisions"}],"predecessor-version":[{"id":226454,"href":"https:\/\/radioinfinitagoya.com.ar\/v1\/wp-json\/wp\/v2\/posts\/226452\/revisions\/226454"}],"wp:featuredmedia":[{"embeddable":true,"href":"https:\/\/radioinfinitagoya.com.ar\/v1\/wp-json\/wp\/v2\/media\/226453"}],"wp:attachment":[{"href":"https:\/\/radioinfinitagoya.com.ar\/v1\/wp-json\/wp\/v2\/media?parent=226452"}],"wp:term":[{"taxonomy":"category","embeddable":true,"href":"https:\/\/radioinfinitagoya.com.ar\/v1\/wp-json\/wp\/v2\/categories?post=226452"},{"taxonomy":"post_tag","embeddable":true,"href":"https:\/\/radioinfinitagoya.com.ar\/v1\/wp-json\/wp\/v2\/tags?post=226452"}],"curies":[{"name":"wp","href":"https:\/\/api.w.org\/{rel}","templated":true}]}}