{"id":226455,"date":"2026-08-31T18:26:07","date_gmt":"2026-08-31T21:26:07","guid":{"rendered":"https:\/\/radioinfinitagoya.com.ar\/v1\/?p=226455"},"modified":"2026-08-31T18:26:07","modified_gmt":"2026-08-31T21:26:07","slug":"modernizacion-y-tecnologia-al-servicio-de-los-vecinos","status":"publish","type":"post","link":"https:\/\/radioinfinitagoya.com.ar\/v1\/2026\/08\/31\/modernizacion-y-tecnologia-al-servicio-de-los-vecinos\/","title":{"rendered":"Modernizaci\u00f3n y Tecnolog\u00eda al servicio de los vecinos"},"content":{"rendered":"<p>Los proyectos que impulsan la transformaci\u00f3n digital en Goya<\/p>\n<p>En una entrevista con el secretario de Modernizaci\u00f3n, Innovaci\u00f3n y Tecnolog\u00eda de la Municipalidad de Goya, contador Andr\u00e9s Zajarevich, se dieron a conocer los principales ejes de gesti\u00f3n que buscan integrar la tecnolog\u00eda con la vida cotidiana de los vecinos, fortaleciendo tanto la administraci\u00f3n p\u00fablica como la econom\u00eda del conocimiento en la ciudad.<\/p>\n<p>El di\u00e1logo comenz\u00f3 con una referencia al reciente festejo del D\u00eda del Ni\u00f1o, una jornada que, seg\u00fan destac\u00f3 el funcionario, volvi\u00f3 a evidenciar el trabajo articulado entre el municipio y la comunidad. Zajarevich subray\u00f3 que el evento, impulsado como pol\u00edtica p\u00fablica por la gesti\u00f3n del intendente Mariano Hormaechea, se sostuvo sobre una fuerte organizaci\u00f3n log\u00edstica y un marcado esp\u00edritu de cooperaci\u00f3n.<\/p>\n<p>En ese sentido, remarc\u00f3 la implementaci\u00f3n de herramientas que aportaron transparencia al evento, como el sistema de numeraci\u00f3n y cuponeras para los sorteos, donde cada ni\u00f1o recibi\u00f3 su n\u00famero de manera individual. \u201cEl objetivo es ser lo m\u00e1s transparente y participativo posible\u201d, explic\u00f3. Adem\u00e1s, valor\u00f3 la participaci\u00f3n de las comisiones barriales, instituciones y el Ej\u00e9rcito Argentino, quienes colaboraron en la organizaci\u00f3n, as\u00ed como el aporte cultural de artistas locales, muchos de ellos j\u00f3venes, que formaron parte del espect\u00e1culo.<\/p>\n<p>El funcionario insisti\u00f3 en que el concepto de \u201ctrabajo en equipo\u201d no es solo una expresi\u00f3n discursiva, sino una pr\u00e1ctica concreta que se reflej\u00f3 en cada detalle del evento: desde la distribuci\u00f3n de los colectivos gratuitos por zonas hasta la coordinaci\u00f3n de las distintas \u00e1reas municipales. \u201cQuien recorri\u00f3 el predio pudo ver que fue un verdadero trabajo conjunto entre municipio e instituciones\u201d, afirm\u00f3.<\/p>\n<p>MAYOR CONECTIVIDAD<\/p>\n<p>M\u00e1s all\u00e1 del evento, Zajarevich profundiz\u00f3 sobre las pol\u00edticas estructurales que lleva adelante la Secretar\u00eda. En ese marco, destac\u00f3 el programa \u201cMayor Conectividad\u201d, una iniciativa que promueve la inclusi\u00f3n digital mediante la participaci\u00f3n de estudiantes secundarios que ense\u00f1an a adultos mayores el uso de herramientas tecnol\u00f3gicas.<\/p>\n<p>El programa se desarrolla en distintos espacios de la ciudad, como centros de jubilados y bibliotecas, y tiene un doble impacto: por un lado, acerca soluciones concretas a personas mayores en el uso de aplicaciones como WhatsApp o Google Maps; por otro, permite a los jubilados vincularse con el mundo laboral y social. \u201cBuscamos integrar generaciones y dar respuestas concretas a necesidades reales\u201d, explic\u00f3.<\/p>\n<p>PASANTIAS<\/p>\n<p>En paralelo, el secretario resalt\u00f3 la importancia de los convenios de pasant\u00edas con instituciones educativas, tanto secundarias como terciarias y universitarias. Estos acuerdos permiten a estudiantes de carreras vinculadas a la inform\u00e1tica, software y el dise\u00f1o gr\u00e1fico participar en procesos de digitalizaci\u00f3n dentro del municipio. Entre las instituciones mencionadas se encuentran la Escuela T\u00e9cnica Valent\u00edn Virasoro, el Instituto de Formaci\u00f3n Docente y la Universidad de la Cuenca del Plata.<\/p>\n<p>Estas pr\u00e1cticas no solo contribuyen a modernizar la gesti\u00f3n p\u00fablica \u2014con avances en \u00e1reas como catastro, planeamiento y comunicaci\u00f3n institucional\u2014, sino que tambi\u00e9n apuntan a potenciar la econom\u00eda del conocimiento en Goya. \u201cQueremos mostrarles a los j\u00f3venes las oportunidades que existen y prepararlos para ese mundo\u201d, sostuvo Zajarevich.<\/p>\n<p>Otro de los desarrollos destacados es la creaci\u00f3n de un sistema innovador de registro y seguimiento de salud, impulsado en conjunto con una empresa radicada en el Parque Tecnol\u00f3gico. Actualmente en etapa de prueba, este sistema permitir\u00e1 integrar informaci\u00f3n de distintas \u00e1reas de atenci\u00f3n, especialmente en salud mental, mejorando la coordinaci\u00f3n y el seguimiento de los pacientes.<\/p>\n<p>Seg\u00fan explic\u00f3 el funcionario, la herramienta permitir\u00e1 generar datos estad\u00edsticos y mapas de calor para identificar zonas con mayores demandas, optimizando as\u00ed las pol\u00edticas p\u00fablicas. Adem\u00e1s, destac\u00f3 que el sistema garantizar\u00e1 la confidencialidad de la informaci\u00f3n, al tiempo que aportar\u00e1 mayor transparencia en la gesti\u00f3n.<\/p>\n<p>ARGENTEC<\/p>\n<p>Finalmente, Zajarevich se refiri\u00f3 al programa ArgenTec, una propuesta gratuita orientada a estudiantes de los \u00faltimos a\u00f1os del secundario que funciona como una gu\u00eda vocacional tecnol\u00f3gica. A trav\u00e9s de capacitaciones breves y virtuales, los j\u00f3venes pueden explorar \u00e1reas como software, inteligencia artificial, dise\u00f1o gr\u00e1fico o computaci\u00f3n en la nube.<\/p>\n<p>El objetivo, explic\u00f3, es ayudar a los estudiantes a tomar decisiones informadas sobre su futuro acad\u00e9mico y profesional. \u201cMuchos chicos no saben qu\u00e9 estudiar. Con ArgenTec pueden tener una primera experiencia y definir si quieren seguir ese camino\u201d, indic\u00f3. Adem\u00e1s, el programa cuenta con tutores locales que acompa\u00f1an a los participantes durante el proceso.<\/p>\n<p>Direcci\u00f3n de Prensa \u2013 Municipalidad de Goya.<\/p>\n<p>&nbsp;<\/p>\n","protected":false},"excerpt":{"rendered":"<p>Los proyectos que impulsan la transformaci\u00f3n digital en Goya En una entrevista con el secretario de Modernizaci\u00f3n, Innovaci\u00f3n y Tecnolog\u00eda de la Municipalidad de Goya, contador Andr\u00e9s Zajarevich, se dieron a conocer los principales ejes de gesti\u00f3n que buscan integrar la tecnolog\u00eda con la vida cotidiana de los vecinos, fortaleciendo tanto la administraci\u00f3n p\u00fablica como [&hellip;]<\/p>\n","protected":false},"author":4,"featured_media":226456,"comment_status":"open","ping_status":"open","sticky":false,"template":"","format":"standard","meta":{"_joinchat":[],"footnotes":""},"categories":[27],"tags":[],"class_list":["post-226455","post","type-post","status-publish","format-standard","has-post-thumbnail","category-locales"],"yoast_head":"<!-- This site is optimized with the Yoast SEO plugin v27.7 - https:\/\/yoast.com\/product\/yoast-seo-wordpress\/ -->\n<title>Modernizaci\u00f3n y Tecnolog\u00eda al servicio de los vecinos - Radio Infinita Goya<\/title>\n<meta name=\"description\" content=\"Los proyectos que impulsan la transformaci\u00f3n digital en Goya En una entrevista con el secretario de Modernizaci\u00f3n, Innovaci\u00f3n y Tecnolog\u00eda de la\" \/>\n<meta name=\"robots\" content=\"index, follow, max-snippet:-1, max-image-preview:large, max-video-preview:-1\" \/>\n<link rel=\"canonical\" href=\"https:\/\/radioinfinitagoya.com.ar\/v1\/2026\/08\/31\/modernizacion-y-tecnologia-al-servicio-de-los-vecinos\/\" \/>\n<meta property=\"og:locale\" content=\"es_ES\" \/>\n<meta property=\"og:type\" content=\"article\" \/>\n<meta property=\"og:title\" content=\"Modernizaci\u00f3n y Tecnolog\u00eda al servicio de los vecinos - Radio Infinita Goya\" \/>\n<meta property=\"og:description\" content=\"Los proyectos que impulsan la transformaci\u00f3n digital en Goya En una entrevista con el secretario de Modernizaci\u00f3n, Innovaci\u00f3n y Tecnolog\u00eda de la\" \/>\n<meta property=\"og:url\" content=\"https:\/\/radioinfinitagoya.com.ar\/v1\/2026\/08\/31\/modernizacion-y-tecnologia-al-servicio-de-los-vecinos\/\" \/>\n<meta property=\"og:site_name\" content=\"Radio Infinita Goya\" \/>\n<meta property=\"article:publisher\" content=\"https:\/\/www.facebook.com\/p\/Infinita-Goya-100063870918311\/\" \/>\n<meta property=\"article:published_time\" content=\"2026-08-31T21:26:07+00:00\" \/>\n<meta property=\"og:image\" content=\"https:\/\/radioinfinitagoya.com.ar\/v1\/wp-content\/uploads\/2026\/08\/nota_zajarevic.jpg\" \/>\n\t<meta property=\"og:image:width\" content=\"848\" \/>\n\t<meta property=\"og:image:height\" content=\"477\" \/>\n\t<meta property=\"og:image:type\" content=\"image\/jpeg\" \/>\n<meta name=\"author\" content=\"Jorge Mi\u00f1o\" \/>\n<meta name=\"twitter:card\" content=\"summary_large_image\" \/>\n<meta name=\"twitter:label1\" content=\"Escrito por\" \/>\n\t<meta name=\"twitter:data1\" content=\"Jorge Mi\u00f1o\" \/>\n\t<meta name=\"twitter:label2\" content=\"Tiempo de lectura\" \/>\n\t<meta name=\"twitter:data2\" content=\"4 minutos\" \/>\n<script type=\"application\/ld+json\" class=\"yoast-schema-graph\">{\"@context\":\"https:\\\/\\\/schema.org\",\"@graph\":[{\"@type\":\"Article\",\"@id\":\"https:\\\/\\\/radioinfinitagoya.com.ar\\\/v1\\\/2026\\\/08\\\/31\\\/modernizacion-y-tecnologia-al-servicio-de-los-vecinos\\\/#article\",\"isPartOf\":{\"@id\":\"https:\\\/\\\/radioinfinitagoya.com.ar\\\/v1\\\/2026\\\/08\\\/31\\\/modernizacion-y-tecnologia-al-servicio-de-los-vecinos\\\/\"},\"author\":{\"name\":\"Jorge Mi\u00f1o\",\"@id\":\"https:\\\/\\\/radioinfinitagoya.com.ar\\\/v1\\\/#\\\/schema\\\/person\\\/d4cf9c413d4f6edb24aabdccab49ca4a\"},\"headline\":\"Modernizaci\u00f3n y Tecnolog\u00eda al servicio de los vecinos\",\"datePublished\":\"2026-08-31T21:26:07+00:00\",\"mainEntityOfPage\":{\"@id\":\"https:\\\/\\\/radioinfinitagoya.com.ar\\\/v1\\\/2026\\\/08\\\/31\\\/modernizacion-y-tecnologia-al-servicio-de-los-vecinos\\\/\"},\"wordCount\":799,\"commentCount\":0,\"publisher\":{\"@id\":\"https:\\\/\\\/radioinfinitagoya.com.ar\\\/v1\\\/#organization\"},\"image\":{\"@id\":\"https:\\\/\\\/radioinfinitagoya.com.ar\\\/v1\\\/2026\\\/08\\\/31\\\/modernizacion-y-tecnologia-al-servicio-de-los-vecinos\\\/#primaryimage\"},\"thumbnailUrl\":\"https:\\\/\\\/radioinfinitagoya.com.ar\\\/v1\\\/wp-content\\\/uploads\\\/2026\\\/08\\\/nota_zajarevic.jpg\",\"articleSection\":[\"LOCALES\"],\"inLanguage\":\"es-AR\",\"potentialAction\":[{\"@type\":\"CommentAction\",\"name\":\"Comment\",\"target\":[\"https:\\\/\\\/radioinfinitagoya.com.ar\\\/v1\\\/2026\\\/08\\\/31\\\/modernizacion-y-tecnologia-al-servicio-de-los-vecinos\\\/#respond\"]}]},{\"@type\":\"WebPage\",\"@id\":\"https:\\\/\\\/radioinfinitagoya.com.ar\\\/v1\\\/2026\\\/08\\\/31\\\/modernizacion-y-tecnologia-al-servicio-de-los-vecinos\\\/\",\"url\":\"https:\\\/\\\/radioinfinitagoya.com.ar\\\/v1\\\/2026\\\/08\\\/31\\\/modernizacion-y-tecnologia-al-servicio-de-los-vecinos\\\/\",\"name\":\"Modernizaci\u00f3n y Tecnolog\u00eda al servicio de los vecinos - Radio Infinita Goya\",\"isPartOf\":{\"@id\":\"https:\\\/\\\/radioinfinitagoya.com.ar\\\/v1\\\/#website\"},\"primaryImageOfPage\":{\"@id\":\"https:\\\/\\\/radioinfinitagoya.com.ar\\\/v1\\\/2026\\\/08\\\/31\\\/modernizacion-y-tecnologia-al-servicio-de-los-vecinos\\\/#primaryimage\"},\"image\":{\"@id\":\"https:\\\/\\\/radioinfinitagoya.com.ar\\\/v1\\\/2026\\\/08\\\/31\\\/modernizacion-y-tecnologia-al-servicio-de-los-vecinos\\\/#primaryimage\"},\"thumbnailUrl\":\"https:\\\/\\\/radioinfinitagoya.com.ar\\\/v1\\\/wp-content\\\/uploads\\\/2026\\\/08\\\/nota_zajarevic.jpg\",\"datePublished\":\"2026-08-31T21:26:07+00:00\",\"description\":\"Los proyectos que impulsan la transformaci\u00f3n digital en Goya En una entrevista con el secretario de Modernizaci\u00f3n, Innovaci\u00f3n y Tecnolog\u00eda de la\",\"breadcrumb\":{\"@id\":\"https:\\\/\\\/radioinfinitagoya.com.ar\\\/v1\\\/2026\\\/08\\\/31\\\/modernizacion-y-tecnologia-al-servicio-de-los-vecinos\\\/#breadcrumb\"},\"inLanguage\":\"es-AR\",\"potentialAction\":[{\"@type\":\"ReadAction\",\"target\":[\"https:\\\/\\\/radioinfinitagoya.com.ar\\\/v1\\\/2026\\\/08\\\/31\\\/modernizacion-y-tecnologia-al-servicio-de-los-vecinos\\\/\"]}]},{\"@type\":\"ImageObject\",\"inLanguage\":\"es-AR\",\"@id\":\"https:\\\/\\\/radioinfinitagoya.com.ar\\\/v1\\\/2026\\\/08\\\/31\\\/modernizacion-y-tecnologia-al-servicio-de-los-vecinos\\\/#primaryimage\",\"url\":\"https:\\\/\\\/radioinfinitagoya.com.ar\\\/v1\\\/wp-content\\\/uploads\\\/2026\\\/08\\\/nota_zajarevic.jpg\",\"contentUrl\":\"https:\\\/\\\/radioinfinitagoya.com.ar\\\/v1\\\/wp-content\\\/uploads\\\/2026\\\/08\\\/nota_zajarevic.jpg\",\"width\":848,\"height\":477},{\"@type\":\"BreadcrumbList\",\"@id\":\"https:\\\/\\\/radioinfinitagoya.com.ar\\\/v1\\\/2026\\\/08\\\/31\\\/modernizacion-y-tecnologia-al-servicio-de-los-vecinos\\\/#breadcrumb\",\"itemListElement\":[{\"@type\":\"ListItem\",\"position\":1,\"name\":\"Inicio\",\"item\":\"https:\\\/\\\/radioinfinitagoya.com.ar\\\/v1\\\/\"},{\"@type\":\"ListItem\",\"position\":2,\"name\":\"Modernizaci\u00f3n y Tecnolog\u00eda al servicio de los vecinos\"}]},{\"@type\":\"WebSite\",\"@id\":\"https:\\\/\\\/radioinfinitagoya.com.ar\\\/v1\\\/#website\",\"url\":\"https:\\\/\\\/radioinfinitagoya.com.ar\\\/v1\\\/\",\"name\":\"radioinfinitagoya.com.ar\",\"description\":\"Radio de noticias\",\"publisher\":{\"@id\":\"https:\\\/\\\/radioinfinitagoya.com.ar\\\/v1\\\/#organization\"},\"potentialAction\":[{\"@type\":\"SearchAction\",\"target\":{\"@type\":\"EntryPoint\",\"urlTemplate\":\"https:\\\/\\\/radioinfinitagoya.com.ar\\\/v1\\\/?s={search_term_string}\"},\"query-input\":{\"@type\":\"PropertyValueSpecification\",\"valueRequired\":true,\"valueName\":\"search_term_string\"}}],\"inLanguage\":\"es-AR\"},{\"@type\":\"Organization\",\"@id\":\"https:\\\/\\\/radioinfinitagoya.com.ar\\\/v1\\\/#organization\",\"name\":\"Radio Infinita Goya\",\"url\":\"https:\\\/\\\/radioinfinitagoya.com.ar\\\/v1\\\/\",\"logo\":{\"@type\":\"ImageObject\",\"inLanguage\":\"es-AR\",\"@id\":\"https:\\\/\\\/radioinfinitagoya.com.ar\\\/v1\\\/#\\\/schema\\\/logo\\\/image\\\/\",\"url\":\"https:\\\/\\\/radioinfinitagoya.com.ar\\\/v1\\\/wp-content\\\/uploads\\\/2019\\\/11\\\/logo-pie-web.png\",\"contentUrl\":\"https:\\\/\\\/radioinfinitagoya.com.ar\\\/v1\\\/wp-content\\\/uploads\\\/2019\\\/11\\\/logo-pie-web.png\",\"width\":635,\"height\":326,\"caption\":\"Radio Infinita Goya\"},\"image\":{\"@id\":\"https:\\\/\\\/radioinfinitagoya.com.ar\\\/v1\\\/#\\\/schema\\\/logo\\\/image\\\/\"},\"sameAs\":[\"https:\\\/\\\/www.facebook.com\\\/p\\\/Infinita-Goya-100063870918311\\\/\"]},{\"@type\":\"Person\",\"@id\":\"https:\\\/\\\/radioinfinitagoya.com.ar\\\/v1\\\/#\\\/schema\\\/person\\\/d4cf9c413d4f6edb24aabdccab49ca4a\",\"name\":\"Jorge Mi\u00f1o\",\"image\":{\"@type\":\"ImageObject\",\"inLanguage\":\"es-AR\",\"@id\":\"https:\\\/\\\/secure.gravatar.com\\\/avatar\\\/910fcf6728fe95320e07a6643c1581fec1c7fc4bf8ae12e3d8f0d0373dc844be?s=96&d=mm&r=g\",\"url\":\"https:\\\/\\\/secure.gravatar.com\\\/avatar\\\/910fcf6728fe95320e07a6643c1581fec1c7fc4bf8ae12e3d8f0d0373dc844be?s=96&d=mm&r=g\",\"contentUrl\":\"https:\\\/\\\/secure.gravatar.com\\\/avatar\\\/910fcf6728fe95320e07a6643c1581fec1c7fc4bf8ae12e3d8f0d0373dc844be?s=96&d=mm&r=g\",\"caption\":\"Jorge Mi\u00f1o\"},\"sameAs\":[\"http:\\\/\\\/radioinfinitagoya.com.ar\"]}]}<\/script>\n<!-- \/ Yoast SEO plugin. -->","yoast_head_json":{"title":"Modernizaci\u00f3n y Tecnolog\u00eda al servicio de los vecinos - Radio Infinita Goya","description":"Los proyectos que impulsan la transformaci\u00f3n digital en Goya En una entrevista con el secretario de Modernizaci\u00f3n, Innovaci\u00f3n y Tecnolog\u00eda de la","robots":{"index":"index","follow":"follow","max-snippet":"max-snippet:-1","max-image-preview":"max-image-preview:large","max-video-preview":"max-video-preview:-1"},"canonical":"https:\/\/radioinfinitagoya.com.ar\/v1\/2026\/08\/31\/modernizacion-y-tecnologia-al-servicio-de-los-vecinos\/","og_locale":"es_ES","og_type":"article","og_title":"Modernizaci\u00f3n y Tecnolog\u00eda al servicio de los vecinos - Radio Infinita Goya","og_description":"Los proyectos que impulsan la transformaci\u00f3n digital en Goya En una entrevista con el secretario de Modernizaci\u00f3n, Innovaci\u00f3n y Tecnolog\u00eda de la","og_url":"https:\/\/radioinfinitagoya.com.ar\/v1\/2026\/08\/31\/modernizacion-y-tecnologia-al-servicio-de-los-vecinos\/","og_site_name":"Radio Infinita Goya","article_publisher":"https:\/\/www.facebook.com\/p\/Infinita-Goya-100063870918311\/","article_published_time":"2026-08-31T21:26:07+00:00","og_image":[{"width":848,"height":477,"url":"https:\/\/radioinfinitagoya.com.ar\/v1\/wp-content\/uploads\/2026\/08\/nota_zajarevic.jpg","type":"image\/jpeg"}],"author":"Jorge Mi\u00f1o","twitter_card":"summary_large_image","twitter_misc":{"Escrito por":"Jorge Mi\u00f1o","Tiempo de lectura":"4 minutos"},"schema":{"@context":"https:\/\/schema.org","@graph":[{"@type":"Article","@id":"https:\/\/radioinfinitagoya.com.ar\/v1\/2026\/08\/31\/modernizacion-y-tecnologia-al-servicio-de-los-vecinos\/#article","isPartOf":{"@id":"https:\/\/radioinfinitagoya.com.ar\/v1\/2026\/08\/31\/modernizacion-y-tecnologia-al-servicio-de-los-vecinos\/"},"author":{"name":"Jorge Mi\u00f1o","@id":"https:\/\/radioinfinitagoya.com.ar\/v1\/#\/schema\/person\/d4cf9c413d4f6edb24aabdccab49ca4a"},"headline":"Modernizaci\u00f3n y Tecnolog\u00eda al servicio de los vecinos","datePublished":"2026-08-31T21:26:07+00:00","mainEntityOfPage":{"@id":"https:\/\/radioinfinitagoya.com.ar\/v1\/2026\/08\/31\/modernizacion-y-tecnologia-al-servicio-de-los-vecinos\/"},"wordCount":799,"commentCount":0,"publisher":{"@id":"https:\/\/radioinfinitagoya.com.ar\/v1\/#organization"},"image":{"@id":"https:\/\/radioinfinitagoya.com.ar\/v1\/2026\/08\/31\/modernizacion-y-tecnologia-al-servicio-de-los-vecinos\/#primaryimage"},"thumbnailUrl":"https:\/\/radioinfinitagoya.com.ar\/v1\/wp-content\/uploads\/2026\/08\/nota_zajarevic.jpg","articleSection":["LOCALES"],"inLanguage":"es-AR","potentialAction":[{"@type":"CommentAction","name":"Comment","target":["https:\/\/radioinfinitagoya.com.ar\/v1\/2026\/08\/31\/modernizacion-y-tecnologia-al-servicio-de-los-vecinos\/#respond"]}]},{"@type":"WebPage","@id":"https:\/\/radioinfinitagoya.com.ar\/v1\/2026\/08\/31\/modernizacion-y-tecnologia-al-servicio-de-los-vecinos\/","url":"https:\/\/radioinfinitagoya.com.ar\/v1\/2026\/08\/31\/modernizacion-y-tecnologia-al-servicio-de-los-vecinos\/","name":"Modernizaci\u00f3n y Tecnolog\u00eda al servicio de los vecinos - Radio Infinita Goya","isPartOf":{"@id":"https:\/\/radioinfinitagoya.com.ar\/v1\/#website"},"primaryImageOfPage":{"@id":"https:\/\/radioinfinitagoya.com.ar\/v1\/2026\/08\/31\/modernizacion-y-tecnologia-al-servicio-de-los-vecinos\/#primaryimage"},"image":{"@id":"https:\/\/radioinfinitagoya.com.ar\/v1\/2026\/08\/31\/modernizacion-y-tecnologia-al-servicio-de-los-vecinos\/#primaryimage"},"thumbnailUrl":"https:\/\/radioinfinitagoya.com.ar\/v1\/wp-content\/uploads\/2026\/08\/nota_zajarevic.jpg","datePublished":"2026-08-31T21:26:07+00:00","description":"Los proyectos que impulsan la transformaci\u00f3n digital en Goya En una entrevista con el secretario de Modernizaci\u00f3n, Innovaci\u00f3n y Tecnolog\u00eda de la","breadcrumb":{"@id":"https:\/\/radioinfinitagoya.com.ar\/v1\/2026\/08\/31\/modernizacion-y-tecnologia-al-servicio-de-los-vecinos\/#breadcrumb"},"inLanguage":"es-AR","potentialAction":[{"@type":"ReadAction","target":["https:\/\/radioinfinitagoya.com.ar\/v1\/2026\/08\/31\/modernizacion-y-tecnologia-al-servicio-de-los-vecinos\/"]}]},{"@type":"ImageObject","inLanguage":"es-AR","@id":"https:\/\/radioinfinitagoya.com.ar\/v1\/2026\/08\/31\/modernizacion-y-tecnologia-al-servicio-de-los-vecinos\/#primaryimage","url":"https:\/\/radioinfinitagoya.com.ar\/v1\/wp-content\/uploads\/2026\/08\/nota_zajarevic.jpg","contentUrl":"https:\/\/radioinfinitagoya.com.ar\/v1\/wp-content\/uploads\/2026\/08\/nota_zajarevic.jpg","width":848,"height":477},{"@type":"BreadcrumbList","@id":"https:\/\/radioinfinitagoya.com.ar\/v1\/2026\/08\/31\/modernizacion-y-tecnologia-al-servicio-de-los-vecinos\/#breadcrumb","itemListElement":[{"@type":"ListItem","position":1,"name":"Inicio","item":"https:\/\/radioinfinitagoya.com.ar\/v1\/"},{"@type":"ListItem","position":2,"name":"Modernizaci\u00f3n y Tecnolog\u00eda al servicio de los vecinos"}]},{"@type":"WebSite","@id":"https:\/\/radioinfinitagoya.com.ar\/v1\/#website","url":"https:\/\/radioinfinitagoya.com.ar\/v1\/","name":"radioinfinitagoya.com.ar","description":"Radio de noticias","publisher":{"@id":"https:\/\/radioinfinitagoya.com.ar\/v1\/#organization"},"potentialAction":[{"@type":"SearchAction","target":{"@type":"EntryPoint","urlTemplate":"https:\/\/radioinfinitagoya.com.ar\/v1\/?s={search_term_string}"},"query-input":{"@type":"PropertyValueSpecification","valueRequired":true,"valueName":"search_term_string"}}],"inLanguage":"es-AR"},{"@type":"Organization","@id":"https:\/\/radioinfinitagoya.com.ar\/v1\/#organization","name":"Radio Infinita Goya","url":"https:\/\/radioinfinitagoya.com.ar\/v1\/","logo":{"@type":"ImageObject","inLanguage":"es-AR","@id":"https:\/\/radioinfinitagoya.com.ar\/v1\/#\/schema\/logo\/image\/","url":"https:\/\/radioinfinitagoya.com.ar\/v1\/wp-content\/uploads\/2019\/11\/logo-pie-web.png","contentUrl":"https:\/\/radioinfinitagoya.com.ar\/v1\/wp-content\/uploads\/2019\/11\/logo-pie-web.png","width":635,"height":326,"caption":"Radio Infinita Goya"},"image":{"@id":"https:\/\/radioinfinitagoya.com.ar\/v1\/#\/schema\/logo\/image\/"},"sameAs":["https:\/\/www.facebook.com\/p\/Infinita-Goya-100063870918311\/"]},{"@type":"Person","@id":"https:\/\/radioinfinitagoya.com.ar\/v1\/#\/schema\/person\/d4cf9c413d4f6edb24aabdccab49ca4a","name":"Jorge Mi\u00f1o","image":{"@type":"ImageObject","inLanguage":"es-AR","@id":"https:\/\/secure.gravatar.com\/avatar\/910fcf6728fe95320e07a6643c1581fec1c7fc4bf8ae12e3d8f0d0373dc844be?s=96&d=mm&r=g","url":"https:\/\/secure.gravatar.com\/avatar\/910fcf6728fe95320e07a6643c1581fec1c7fc4bf8ae12e3d8f0d0373dc844be?s=96&d=mm&r=g","contentUrl":"https:\/\/secure.gravatar.com\/avatar\/910fcf6728fe95320e07a6643c1581fec1c7fc4bf8ae12e3d8f0d0373dc844be?s=96&d=mm&r=g","caption":"Jorge Mi\u00f1o"},"sameAs":["http:\/\/radioinfinitagoya.com.ar"]}]}},"_links":{"self":[{"href":"https:\/\/radioinfinitagoya.com.ar\/v1\/wp-json\/wp\/v2\/posts\/226455","targetHints":{"allow":["GET"]}}],"collection":[{"href":"https:\/\/radioinfinitagoya.com.ar\/v1\/wp-json\/wp\/v2\/posts"}],"about":[{"href":"https:\/\/radioinfinitagoya.com.ar\/v1\/wp-json\/wp\/v2\/types\/post"}],"author":[{"embeddable":true,"href":"https:\/\/radioinfinitagoya.com.ar\/v1\/wp-json\/wp\/v2\/users\/4"}],"replies":[{"embeddable":true,"href":"https:\/\/radioinfinitagoya.com.ar\/v1\/wp-json\/wp\/v2\/comments?post=226455"}],"version-history":[{"count":1,"href":"https:\/\/radioinfinitagoya.com.ar\/v1\/wp-json\/wp\/v2\/posts\/226455\/revisions"}],"predecessor-version":[{"id":226457,"href":"https:\/\/radioinfinitagoya.com.ar\/v1\/wp-json\/wp\/v2\/posts\/226455\/revisions\/226457"}],"wp:featuredmedia":[{"embeddable":true,"href":"https:\/\/radioinfinitagoya.com.ar\/v1\/wp-json\/wp\/v2\/media\/226456"}],"wp:attachment":[{"href":"https:\/\/radioinfinitagoya.com.ar\/v1\/wp-json\/wp\/v2\/media?parent=226455"}],"wp:term":[{"taxonomy":"category","embeddable":true,"href":"https:\/\/radioinfinitagoya.com.ar\/v1\/wp-json\/wp\/v2\/categories?post=226455"},{"taxonomy":"post_tag","embeddable":true,"href":"https:\/\/radioinfinitagoya.com.ar\/v1\/wp-json\/wp\/v2\/tags?post=226455"}],"curies":[{"name":"wp","href":"https:\/\/api.w.org\/{rel}","templated":true}]}}