{"id":226458,"date":"2026-08-31T18:28:49","date_gmt":"2026-08-31T21:28:49","guid":{"rendered":"https:\/\/radioinfinitagoya.com.ar\/v1\/?p=226458"},"modified":"2026-08-31T18:28:49","modified_gmt":"2026-08-31T21:28:49","slug":"goya-celebro-un-multitudinario-dia-del-nino-en-costa-surubi","status":"publish","type":"post","link":"https:\/\/radioinfinitagoya.com.ar\/v1\/2026\/08\/31\/goya-celebro-un-multitudinario-dia-del-nino-en-costa-surubi\/","title":{"rendered":"Goya celebr\u00f3 un multitudinario D\u00eda del Ni\u00f1o en Costa Surub\u00ed"},"content":{"rendered":"<p>&#8220;Esta fiesta es para todos y se hace en equipo&#8221; Destac\u00f3 Hormaechea<\/p>\n<p>En una jornada que super\u00f3 los pron\u00f3sticos del clima, el predio Costa Surub\u00ed se colm\u00f3 de familias de toda la ciudad y la zona rural. El primer mandatario de Goya realiz\u00f3 un balance del gran festejo conjunto, la log\u00edstica desplegada y la intensa agenda del fin de semana que incluy\u00f3 la 57\u00b0 Expo Rural.<\/p>\n<p>El intendente municipal de Goya, el doctor Mariano Hormaechea, dialog\u00f3 a trav\u00e9s de una transmisi\u00f3n de streaming durante la gran jornada vivida este pasado domingo 30 en los festejos del \u201cD\u00eda del Ni\u00f1o\u201d, desarrollados en el predio Costa Surub\u00ed.<\/p>\n<p>\u201cLleg\u00f3 el d\u00eda, nos toc\u00f3 un d\u00eda muy lindo porque no hace fr\u00edo, sali\u00f3 el sol\u201d, expres\u00f3 con entusiasmo el jefe comunal, aliviado de que las condiciones meteorol\u00f3gicas acompa\u00f1aron la tarde pese a los pron\u00f3sticos iniciales de lluvia. La tarde se present\u00f3 maravillosa para que ni\u00f1os y familias disfrutaran de las instalaciones a pleno.<\/p>\n<p>Hormaechea resalt\u00f3 el esfuerzo mancomunado detr\u00e1s de la celebraci\u00f3n: \u201cEstamos muy contentos junto con todo el equipo de la municipalidad, los presidentes barriales que siempre se ponen la camiseta y en esta oportunidad muchos emprendedores que se sumaron\u201d.<\/p>\n<p>LOG\u00cdSTICA, TRANSPORTE GRATUITO Y TRABAJO VECINAL<\/p>\n<p>La jornada comenz\u00f3 temprano. Desde las 9.30 de la ma\u00f1ana del domingo, se pusieron en marcha todos los preparativos, incluyendo la elaboraci\u00f3n del tradicional chocolate por parte de los vecinos. El intendente detall\u00f3 que \u201cesto lleva varios d\u00edas de trabajo, las comisiones vecinales se van organizando, realizando los ajustes necesarios con el equipo de la municipalidad para que hoy salga todo bien, a horario y se pueda brindar el chocolate a todos juntos\u201d. La planificaci\u00f3n rindi\u00f3 sus frutos ante la masiva concurrencia, que incluy\u00f3 a familias de diversos barrios y de la zona rural.<\/p>\n<p>Este evento se consolida como uno de los m\u00e1s importantes de Goya, garantizando el acceso totalmente gratuito. La propuesta incluy\u00f3 transporte sin costo, la participaci\u00f3n en m\u00faltiples actividades recreativas, chocolate, sorteos y una variada puesta en escena en el escenario mayor del predio.<\/p>\n<p>Asimismo, diversas \u00e1reas municipales como Educaci\u00f3n, Tr\u00e1nsito, Acci\u00f3n Social y Prevenci\u00f3n entre otras sumaron alternativas interactivas. El objetivo fue que los chicos y sus familias pudieran concientizar, aprender y valorar el trabajo de cada una de estas dependencias.<\/p>\n<p>\u201cEs una convocatoria amplia donde se invita a todos los barrios\u201d, explic\u00f3 Hormaechea, subrayando el nexo clave de las comisiones vecinales. Para hacer esto posible, la Secretar\u00eda de Desarrollo Humano coordin\u00f3 la log\u00edstica de transporte, disponiendo de colectivos que recorrieron los barrios y la zona rural, sumando adem\u00e1s la colaboraci\u00f3n de instituciones intermedias.<\/p>\n<p>COSTA SURUB\u00cd: UN ESCENARIO ESTRAT\u00c9GICO<\/p>\n<p>El mandatario local destac\u00f3 la tradici\u00f3n goyana de dedicar el mes de agosto a agasajar a los m\u00e1s chicos, motivo por el cual naci\u00f3 este festejo conjunto. En ese sentido, ponder\u00f3 las ventajas del predio Costa Surub\u00ed: \u201cNos parec\u00eda importante contar con este predio que est\u00e1 en un lugar estrat\u00e9gico de la ciudad, que tiene todas las instalaciones, las comodidades e inclusive disfrutar del r\u00edo que lo tenemos ac\u00e1 al lado\u201d.<\/p>\n<p>UN FIN DE SEMANA DE DOBLE CELEBRACI\u00d3N: EL CAMPO Y LA NI\u00d1EZ<\/p>\n<p>La agenda del intendente tambi\u00e9n contempl\u00f3 el sector productivo. El s\u00e1bado, Hormaechea asisti\u00f3 a la Sociedad Rural de Goya para participar de la 57\u00b0 Expo Rural junto al Ministro de la Producci\u00f3n de la Provincia.<\/p>\n<p>Durante el evento, convers\u00f3 con el presidente de la Sociedad Rural local, Santiago Decotto, sobre la relevancia de ambas convocatorias de fin de semana. Hormaechea remarc\u00f3 que la Expo Rural trasciende al sector ganadero: \u201cEs tambi\u00e9n para la gente de nuestra ciudad que se identifica, le gusta ir a recorrer, mirar el remate\u201d. En este marco, se realiz\u00f3 tambi\u00e9n un \u201cTaco y Suela\u201d en el predio rural.<\/p>\n<p>El intendente Mariano Hormaechea se mostr\u00f3 sumamente satisfecho por la complementariedad de las actividades: \u201cMuy contento porque en un caso es un agasajo a los ni\u00f1os y en el otro evento un reconocimiento al productor, al trabajador del campo de la zona que es un motor y moviliza tambi\u00e9n la econom\u00eda\u201d.<\/p>\n<p>Antes de concluir la entrevista, el jefe comunal aprovech\u00f3 la oportunidad para enviar un c\u00e1lido saludo a todos los ni\u00f1os de Goya en su d\u00eda.<\/p>\n<p>&nbsp;<\/p>\n<p>&nbsp;<\/p>\n","protected":false},"excerpt":{"rendered":"<p>&#8220;Esta fiesta es para todos y se hace en equipo&#8221; Destac\u00f3 Hormaechea En una jornada que super\u00f3 los pron\u00f3sticos del clima, el predio Costa Surub\u00ed se colm\u00f3 de familias de toda la ciudad y la zona rural. El primer mandatario de Goya realiz\u00f3 un balance del gran festejo conjunto, la log\u00edstica desplegada y la intensa [&hellip;]<\/p>\n","protected":false},"author":4,"featured_media":226459,"comment_status":"open","ping_status":"open","sticky":false,"template":"","format":"standard","meta":{"_joinchat":[],"footnotes":""},"categories":[27],"tags":[],"class_list":["post-226458","post","type-post","status-publish","format-standard","has-post-thumbnail","category-locales"],"yoast_head":"<!-- This site is optimized with the Yoast SEO plugin v27.7 - https:\/\/yoast.com\/product\/yoast-seo-wordpress\/ -->\n<title>Goya celebr\u00f3 un multitudinario D\u00eda del Ni\u00f1o en Costa Surub\u00ed - Radio Infinita Goya<\/title>\n<meta name=\"description\" content=\"&quot;Esta fiesta es para todos y se hace en equipo&quot; Destac\u00f3 Hormaechea En una jornada que super\u00f3 los pron\u00f3sticos del clima, el predio Costa Surub\u00ed se colm\u00f3 de\" \/>\n<meta name=\"robots\" content=\"index, follow, max-snippet:-1, max-image-preview:large, max-video-preview:-1\" \/>\n<link rel=\"canonical\" href=\"https:\/\/radioinfinitagoya.com.ar\/v1\/2026\/08\/31\/goya-celebro-un-multitudinario-dia-del-nino-en-costa-surubi\/\" \/>\n<meta property=\"og:locale\" content=\"es_ES\" \/>\n<meta property=\"og:type\" content=\"article\" \/>\n<meta property=\"og:title\" content=\"Goya celebr\u00f3 un multitudinario D\u00eda del Ni\u00f1o en Costa Surub\u00ed - Radio Infinita Goya\" \/>\n<meta property=\"og:description\" content=\"&quot;Esta fiesta es para todos y se hace en equipo&quot; Destac\u00f3 Hormaechea En una jornada que super\u00f3 los pron\u00f3sticos del clima, el predio Costa Surub\u00ed se colm\u00f3 de\" \/>\n<meta property=\"og:url\" content=\"https:\/\/radioinfinitagoya.com.ar\/v1\/2026\/08\/31\/goya-celebro-un-multitudinario-dia-del-nino-en-costa-surubi\/\" \/>\n<meta property=\"og:site_name\" content=\"Radio Infinita Goya\" \/>\n<meta property=\"article:publisher\" content=\"https:\/\/www.facebook.com\/p\/Infinita-Goya-100063870918311\/\" \/>\n<meta property=\"article:published_time\" content=\"2026-08-31T21:28:49+00:00\" \/>\n<meta property=\"og:image\" content=\"https:\/\/radioinfinitagoya.com.ar\/v1\/wp-content\/uploads\/2026\/08\/entrevista_a_marian.jpg\" \/>\n\t<meta property=\"og:image:width\" content=\"848\" \/>\n\t<meta property=\"og:image:height\" content=\"477\" \/>\n\t<meta property=\"og:image:type\" content=\"image\/jpeg\" \/>\n<meta name=\"author\" content=\"Jorge Mi\u00f1o\" \/>\n<meta name=\"twitter:card\" content=\"summary_large_image\" \/>\n<meta name=\"twitter:label1\" content=\"Escrito por\" \/>\n\t<meta name=\"twitter:data1\" content=\"Jorge Mi\u00f1o\" \/>\n\t<meta name=\"twitter:label2\" content=\"Tiempo de lectura\" \/>\n\t<meta name=\"twitter:data2\" content=\"4 minutos\" \/>\n<script type=\"application\/ld+json\" class=\"yoast-schema-graph\">{\"@context\":\"https:\\\/\\\/schema.org\",\"@graph\":[{\"@type\":\"Article\",\"@id\":\"https:\\\/\\\/radioinfinitagoya.com.ar\\\/v1\\\/2026\\\/08\\\/31\\\/goya-celebro-un-multitudinario-dia-del-nino-en-costa-surubi\\\/#article\",\"isPartOf\":{\"@id\":\"https:\\\/\\\/radioinfinitagoya.com.ar\\\/v1\\\/2026\\\/08\\\/31\\\/goya-celebro-un-multitudinario-dia-del-nino-en-costa-surubi\\\/\"},\"author\":{\"name\":\"Jorge Mi\u00f1o\",\"@id\":\"https:\\\/\\\/radioinfinitagoya.com.ar\\\/v1\\\/#\\\/schema\\\/person\\\/d4cf9c413d4f6edb24aabdccab49ca4a\"},\"headline\":\"Goya celebr\u00f3 un multitudinario D\u00eda del Ni\u00f1o en Costa Surub\u00ed\",\"datePublished\":\"2026-08-31T21:28:49+00:00\",\"mainEntityOfPage\":{\"@id\":\"https:\\\/\\\/radioinfinitagoya.com.ar\\\/v1\\\/2026\\\/08\\\/31\\\/goya-celebro-un-multitudinario-dia-del-nino-en-costa-surubi\\\/\"},\"wordCount\":757,\"commentCount\":0,\"publisher\":{\"@id\":\"https:\\\/\\\/radioinfinitagoya.com.ar\\\/v1\\\/#organization\"},\"image\":{\"@id\":\"https:\\\/\\\/radioinfinitagoya.com.ar\\\/v1\\\/2026\\\/08\\\/31\\\/goya-celebro-un-multitudinario-dia-del-nino-en-costa-surubi\\\/#primaryimage\"},\"thumbnailUrl\":\"https:\\\/\\\/radioinfinitagoya.com.ar\\\/v1\\\/wp-content\\\/uploads\\\/2026\\\/08\\\/entrevista_a_marian.jpg\",\"articleSection\":[\"LOCALES\"],\"inLanguage\":\"es-AR\",\"potentialAction\":[{\"@type\":\"CommentAction\",\"name\":\"Comment\",\"target\":[\"https:\\\/\\\/radioinfinitagoya.com.ar\\\/v1\\\/2026\\\/08\\\/31\\\/goya-celebro-un-multitudinario-dia-del-nino-en-costa-surubi\\\/#respond\"]}]},{\"@type\":\"WebPage\",\"@id\":\"https:\\\/\\\/radioinfinitagoya.com.ar\\\/v1\\\/2026\\\/08\\\/31\\\/goya-celebro-un-multitudinario-dia-del-nino-en-costa-surubi\\\/\",\"url\":\"https:\\\/\\\/radioinfinitagoya.com.ar\\\/v1\\\/2026\\\/08\\\/31\\\/goya-celebro-un-multitudinario-dia-del-nino-en-costa-surubi\\\/\",\"name\":\"Goya celebr\u00f3 un multitudinario D\u00eda del Ni\u00f1o en Costa Surub\u00ed - Radio Infinita Goya\",\"isPartOf\":{\"@id\":\"https:\\\/\\\/radioinfinitagoya.com.ar\\\/v1\\\/#website\"},\"primaryImageOfPage\":{\"@id\":\"https:\\\/\\\/radioinfinitagoya.com.ar\\\/v1\\\/2026\\\/08\\\/31\\\/goya-celebro-un-multitudinario-dia-del-nino-en-costa-surubi\\\/#primaryimage\"},\"image\":{\"@id\":\"https:\\\/\\\/radioinfinitagoya.com.ar\\\/v1\\\/2026\\\/08\\\/31\\\/goya-celebro-un-multitudinario-dia-del-nino-en-costa-surubi\\\/#primaryimage\"},\"thumbnailUrl\":\"https:\\\/\\\/radioinfinitagoya.com.ar\\\/v1\\\/wp-content\\\/uploads\\\/2026\\\/08\\\/entrevista_a_marian.jpg\",\"datePublished\":\"2026-08-31T21:28:49+00:00\",\"description\":\"\\\"Esta fiesta es para todos y se hace en equipo\\\" Destac\u00f3 Hormaechea En una jornada que super\u00f3 los pron\u00f3sticos del clima, el predio Costa Surub\u00ed se colm\u00f3 de\",\"breadcrumb\":{\"@id\":\"https:\\\/\\\/radioinfinitagoya.com.ar\\\/v1\\\/2026\\\/08\\\/31\\\/goya-celebro-un-multitudinario-dia-del-nino-en-costa-surubi\\\/#breadcrumb\"},\"inLanguage\":\"es-AR\",\"potentialAction\":[{\"@type\":\"ReadAction\",\"target\":[\"https:\\\/\\\/radioinfinitagoya.com.ar\\\/v1\\\/2026\\\/08\\\/31\\\/goya-celebro-un-multitudinario-dia-del-nino-en-costa-surubi\\\/\"]}]},{\"@type\":\"ImageObject\",\"inLanguage\":\"es-AR\",\"@id\":\"https:\\\/\\\/radioinfinitagoya.com.ar\\\/v1\\\/2026\\\/08\\\/31\\\/goya-celebro-un-multitudinario-dia-del-nino-en-costa-surubi\\\/#primaryimage\",\"url\":\"https:\\\/\\\/radioinfinitagoya.com.ar\\\/v1\\\/wp-content\\\/uploads\\\/2026\\\/08\\\/entrevista_a_marian.jpg\",\"contentUrl\":\"https:\\\/\\\/radioinfinitagoya.com.ar\\\/v1\\\/wp-content\\\/uploads\\\/2026\\\/08\\\/entrevista_a_marian.jpg\",\"width\":848,\"height\":477},{\"@type\":\"BreadcrumbList\",\"@id\":\"https:\\\/\\\/radioinfinitagoya.com.ar\\\/v1\\\/2026\\\/08\\\/31\\\/goya-celebro-un-multitudinario-dia-del-nino-en-costa-surubi\\\/#breadcrumb\",\"itemListElement\":[{\"@type\":\"ListItem\",\"position\":1,\"name\":\"Inicio\",\"item\":\"https:\\\/\\\/radioinfinitagoya.com.ar\\\/v1\\\/\"},{\"@type\":\"ListItem\",\"position\":2,\"name\":\"Goya celebr\u00f3 un multitudinario D\u00eda del Ni\u00f1o en Costa Surub\u00ed\"}]},{\"@type\":\"WebSite\",\"@id\":\"https:\\\/\\\/radioinfinitagoya.com.ar\\\/v1\\\/#website\",\"url\":\"https:\\\/\\\/radioinfinitagoya.com.ar\\\/v1\\\/\",\"name\":\"radioinfinitagoya.com.ar\",\"description\":\"Radio de noticias\",\"publisher\":{\"@id\":\"https:\\\/\\\/radioinfinitagoya.com.ar\\\/v1\\\/#organization\"},\"potentialAction\":[{\"@type\":\"SearchAction\",\"target\":{\"@type\":\"EntryPoint\",\"urlTemplate\":\"https:\\\/\\\/radioinfinitagoya.com.ar\\\/v1\\\/?s={search_term_string}\"},\"query-input\":{\"@type\":\"PropertyValueSpecification\",\"valueRequired\":true,\"valueName\":\"search_term_string\"}}],\"inLanguage\":\"es-AR\"},{\"@type\":\"Organization\",\"@id\":\"https:\\\/\\\/radioinfinitagoya.com.ar\\\/v1\\\/#organization\",\"name\":\"Radio Infinita Goya\",\"url\":\"https:\\\/\\\/radioinfinitagoya.com.ar\\\/v1\\\/\",\"logo\":{\"@type\":\"ImageObject\",\"inLanguage\":\"es-AR\",\"@id\":\"https:\\\/\\\/radioinfinitagoya.com.ar\\\/v1\\\/#\\\/schema\\\/logo\\\/image\\\/\",\"url\":\"https:\\\/\\\/radioinfinitagoya.com.ar\\\/v1\\\/wp-content\\\/uploads\\\/2019\\\/11\\\/logo-pie-web.png\",\"contentUrl\":\"https:\\\/\\\/radioinfinitagoya.com.ar\\\/v1\\\/wp-content\\\/uploads\\\/2019\\\/11\\\/logo-pie-web.png\",\"width\":635,\"height\":326,\"caption\":\"Radio Infinita Goya\"},\"image\":{\"@id\":\"https:\\\/\\\/radioinfinitagoya.com.ar\\\/v1\\\/#\\\/schema\\\/logo\\\/image\\\/\"},\"sameAs\":[\"https:\\\/\\\/www.facebook.com\\\/p\\\/Infinita-Goya-100063870918311\\\/\"]},{\"@type\":\"Person\",\"@id\":\"https:\\\/\\\/radioinfinitagoya.com.ar\\\/v1\\\/#\\\/schema\\\/person\\\/d4cf9c413d4f6edb24aabdccab49ca4a\",\"name\":\"Jorge Mi\u00f1o\",\"image\":{\"@type\":\"ImageObject\",\"inLanguage\":\"es-AR\",\"@id\":\"https:\\\/\\\/secure.gravatar.com\\\/avatar\\\/910fcf6728fe95320e07a6643c1581fec1c7fc4bf8ae12e3d8f0d0373dc844be?s=96&d=mm&r=g\",\"url\":\"https:\\\/\\\/secure.gravatar.com\\\/avatar\\\/910fcf6728fe95320e07a6643c1581fec1c7fc4bf8ae12e3d8f0d0373dc844be?s=96&d=mm&r=g\",\"contentUrl\":\"https:\\\/\\\/secure.gravatar.com\\\/avatar\\\/910fcf6728fe95320e07a6643c1581fec1c7fc4bf8ae12e3d8f0d0373dc844be?s=96&d=mm&r=g\",\"caption\":\"Jorge Mi\u00f1o\"},\"sameAs\":[\"http:\\\/\\\/radioinfinitagoya.com.ar\"]}]}<\/script>\n<!-- \/ Yoast SEO plugin. -->","yoast_head_json":{"title":"Goya celebr\u00f3 un multitudinario D\u00eda del Ni\u00f1o en Costa Surub\u00ed - Radio Infinita Goya","description":"\"Esta fiesta es para todos y se hace en equipo\" Destac\u00f3 Hormaechea En una jornada que super\u00f3 los pron\u00f3sticos del clima, el predio Costa Surub\u00ed se colm\u00f3 de","robots":{"index":"index","follow":"follow","max-snippet":"max-snippet:-1","max-image-preview":"max-image-preview:large","max-video-preview":"max-video-preview:-1"},"canonical":"https:\/\/radioinfinitagoya.com.ar\/v1\/2026\/08\/31\/goya-celebro-un-multitudinario-dia-del-nino-en-costa-surubi\/","og_locale":"es_ES","og_type":"article","og_title":"Goya celebr\u00f3 un multitudinario D\u00eda del Ni\u00f1o en Costa Surub\u00ed - Radio Infinita Goya","og_description":"\"Esta fiesta es para todos y se hace en equipo\" Destac\u00f3 Hormaechea En una jornada que super\u00f3 los pron\u00f3sticos del clima, el predio Costa Surub\u00ed se colm\u00f3 de","og_url":"https:\/\/radioinfinitagoya.com.ar\/v1\/2026\/08\/31\/goya-celebro-un-multitudinario-dia-del-nino-en-costa-surubi\/","og_site_name":"Radio Infinita Goya","article_publisher":"https:\/\/www.facebook.com\/p\/Infinita-Goya-100063870918311\/","article_published_time":"2026-08-31T21:28:49+00:00","og_image":[{"width":848,"height":477,"url":"https:\/\/radioinfinitagoya.com.ar\/v1\/wp-content\/uploads\/2026\/08\/entrevista_a_marian.jpg","type":"image\/jpeg"}],"author":"Jorge Mi\u00f1o","twitter_card":"summary_large_image","twitter_misc":{"Escrito por":"Jorge Mi\u00f1o","Tiempo de lectura":"4 minutos"},"schema":{"@context":"https:\/\/schema.org","@graph":[{"@type":"Article","@id":"https:\/\/radioinfinitagoya.com.ar\/v1\/2026\/08\/31\/goya-celebro-un-multitudinario-dia-del-nino-en-costa-surubi\/#article","isPartOf":{"@id":"https:\/\/radioinfinitagoya.com.ar\/v1\/2026\/08\/31\/goya-celebro-un-multitudinario-dia-del-nino-en-costa-surubi\/"},"author":{"name":"Jorge Mi\u00f1o","@id":"https:\/\/radioinfinitagoya.com.ar\/v1\/#\/schema\/person\/d4cf9c413d4f6edb24aabdccab49ca4a"},"headline":"Goya celebr\u00f3 un multitudinario D\u00eda del Ni\u00f1o en Costa Surub\u00ed","datePublished":"2026-08-31T21:28:49+00:00","mainEntityOfPage":{"@id":"https:\/\/radioinfinitagoya.com.ar\/v1\/2026\/08\/31\/goya-celebro-un-multitudinario-dia-del-nino-en-costa-surubi\/"},"wordCount":757,"commentCount":0,"publisher":{"@id":"https:\/\/radioinfinitagoya.com.ar\/v1\/#organization"},"image":{"@id":"https:\/\/radioinfinitagoya.com.ar\/v1\/2026\/08\/31\/goya-celebro-un-multitudinario-dia-del-nino-en-costa-surubi\/#primaryimage"},"thumbnailUrl":"https:\/\/radioinfinitagoya.com.ar\/v1\/wp-content\/uploads\/2026\/08\/entrevista_a_marian.jpg","articleSection":["LOCALES"],"inLanguage":"es-AR","potentialAction":[{"@type":"CommentAction","name":"Comment","target":["https:\/\/radioinfinitagoya.com.ar\/v1\/2026\/08\/31\/goya-celebro-un-multitudinario-dia-del-nino-en-costa-surubi\/#respond"]}]},{"@type":"WebPage","@id":"https:\/\/radioinfinitagoya.com.ar\/v1\/2026\/08\/31\/goya-celebro-un-multitudinario-dia-del-nino-en-costa-surubi\/","url":"https:\/\/radioinfinitagoya.com.ar\/v1\/2026\/08\/31\/goya-celebro-un-multitudinario-dia-del-nino-en-costa-surubi\/","name":"Goya celebr\u00f3 un multitudinario D\u00eda del Ni\u00f1o en Costa Surub\u00ed - Radio Infinita Goya","isPartOf":{"@id":"https:\/\/radioinfinitagoya.com.ar\/v1\/#website"},"primaryImageOfPage":{"@id":"https:\/\/radioinfinitagoya.com.ar\/v1\/2026\/08\/31\/goya-celebro-un-multitudinario-dia-del-nino-en-costa-surubi\/#primaryimage"},"image":{"@id":"https:\/\/radioinfinitagoya.com.ar\/v1\/2026\/08\/31\/goya-celebro-un-multitudinario-dia-del-nino-en-costa-surubi\/#primaryimage"},"thumbnailUrl":"https:\/\/radioinfinitagoya.com.ar\/v1\/wp-content\/uploads\/2026\/08\/entrevista_a_marian.jpg","datePublished":"2026-08-31T21:28:49+00:00","description":"\"Esta fiesta es para todos y se hace en equipo\" Destac\u00f3 Hormaechea En una jornada que super\u00f3 los pron\u00f3sticos del clima, el predio Costa Surub\u00ed se colm\u00f3 de","breadcrumb":{"@id":"https:\/\/radioinfinitagoya.com.ar\/v1\/2026\/08\/31\/goya-celebro-un-multitudinario-dia-del-nino-en-costa-surubi\/#breadcrumb"},"inLanguage":"es-AR","potentialAction":[{"@type":"ReadAction","target":["https:\/\/radioinfinitagoya.com.ar\/v1\/2026\/08\/31\/goya-celebro-un-multitudinario-dia-del-nino-en-costa-surubi\/"]}]},{"@type":"ImageObject","inLanguage":"es-AR","@id":"https:\/\/radioinfinitagoya.com.ar\/v1\/2026\/08\/31\/goya-celebro-un-multitudinario-dia-del-nino-en-costa-surubi\/#primaryimage","url":"https:\/\/radioinfinitagoya.com.ar\/v1\/wp-content\/uploads\/2026\/08\/entrevista_a_marian.jpg","contentUrl":"https:\/\/radioinfinitagoya.com.ar\/v1\/wp-content\/uploads\/2026\/08\/entrevista_a_marian.jpg","width":848,"height":477},{"@type":"BreadcrumbList","@id":"https:\/\/radioinfinitagoya.com.ar\/v1\/2026\/08\/31\/goya-celebro-un-multitudinario-dia-del-nino-en-costa-surubi\/#breadcrumb","itemListElement":[{"@type":"ListItem","position":1,"name":"Inicio","item":"https:\/\/radioinfinitagoya.com.ar\/v1\/"},{"@type":"ListItem","position":2,"name":"Goya celebr\u00f3 un multitudinario D\u00eda del Ni\u00f1o en Costa Surub\u00ed"}]},{"@type":"WebSite","@id":"https:\/\/radioinfinitagoya.com.ar\/v1\/#website","url":"https:\/\/radioinfinitagoya.com.ar\/v1\/","name":"radioinfinitagoya.com.ar","description":"Radio de noticias","publisher":{"@id":"https:\/\/radioinfinitagoya.com.ar\/v1\/#organization"},"potentialAction":[{"@type":"SearchAction","target":{"@type":"EntryPoint","urlTemplate":"https:\/\/radioinfinitagoya.com.ar\/v1\/?s={search_term_string}"},"query-input":{"@type":"PropertyValueSpecification","valueRequired":true,"valueName":"search_term_string"}}],"inLanguage":"es-AR"},{"@type":"Organization","@id":"https:\/\/radioinfinitagoya.com.ar\/v1\/#organization","name":"Radio Infinita Goya","url":"https:\/\/radioinfinitagoya.com.ar\/v1\/","logo":{"@type":"ImageObject","inLanguage":"es-AR","@id":"https:\/\/radioinfinitagoya.com.ar\/v1\/#\/schema\/logo\/image\/","url":"https:\/\/radioinfinitagoya.com.ar\/v1\/wp-content\/uploads\/2019\/11\/logo-pie-web.png","contentUrl":"https:\/\/radioinfinitagoya.com.ar\/v1\/wp-content\/uploads\/2019\/11\/logo-pie-web.png","width":635,"height":326,"caption":"Radio Infinita Goya"},"image":{"@id":"https:\/\/radioinfinitagoya.com.ar\/v1\/#\/schema\/logo\/image\/"},"sameAs":["https:\/\/www.facebook.com\/p\/Infinita-Goya-100063870918311\/"]},{"@type":"Person","@id":"https:\/\/radioinfinitagoya.com.ar\/v1\/#\/schema\/person\/d4cf9c413d4f6edb24aabdccab49ca4a","name":"Jorge Mi\u00f1o","image":{"@type":"ImageObject","inLanguage":"es-AR","@id":"https:\/\/secure.gravatar.com\/avatar\/910fcf6728fe95320e07a6643c1581fec1c7fc4bf8ae12e3d8f0d0373dc844be?s=96&d=mm&r=g","url":"https:\/\/secure.gravatar.com\/avatar\/910fcf6728fe95320e07a6643c1581fec1c7fc4bf8ae12e3d8f0d0373dc844be?s=96&d=mm&r=g","contentUrl":"https:\/\/secure.gravatar.com\/avatar\/910fcf6728fe95320e07a6643c1581fec1c7fc4bf8ae12e3d8f0d0373dc844be?s=96&d=mm&r=g","caption":"Jorge Mi\u00f1o"},"sameAs":["http:\/\/radioinfinitagoya.com.ar"]}]}},"_links":{"self":[{"href":"https:\/\/radioinfinitagoya.com.ar\/v1\/wp-json\/wp\/v2\/posts\/226458","targetHints":{"allow":["GET"]}}],"collection":[{"href":"https:\/\/radioinfinitagoya.com.ar\/v1\/wp-json\/wp\/v2\/posts"}],"about":[{"href":"https:\/\/radioinfinitagoya.com.ar\/v1\/wp-json\/wp\/v2\/types\/post"}],"author":[{"embeddable":true,"href":"https:\/\/radioinfinitagoya.com.ar\/v1\/wp-json\/wp\/v2\/users\/4"}],"replies":[{"embeddable":true,"href":"https:\/\/radioinfinitagoya.com.ar\/v1\/wp-json\/wp\/v2\/comments?post=226458"}],"version-history":[{"count":1,"href":"https:\/\/radioinfinitagoya.com.ar\/v1\/wp-json\/wp\/v2\/posts\/226458\/revisions"}],"predecessor-version":[{"id":226460,"href":"https:\/\/radioinfinitagoya.com.ar\/v1\/wp-json\/wp\/v2\/posts\/226458\/revisions\/226460"}],"wp:featuredmedia":[{"embeddable":true,"href":"https:\/\/radioinfinitagoya.com.ar\/v1\/wp-json\/wp\/v2\/media\/226459"}],"wp:attachment":[{"href":"https:\/\/radioinfinitagoya.com.ar\/v1\/wp-json\/wp\/v2\/media?parent=226458"}],"wp:term":[{"taxonomy":"category","embeddable":true,"href":"https:\/\/radioinfinitagoya.com.ar\/v1\/wp-json\/wp\/v2\/categories?post=226458"},{"taxonomy":"post_tag","embeddable":true,"href":"https:\/\/radioinfinitagoya.com.ar\/v1\/wp-json\/wp\/v2\/tags?post=226458"}],"curies":[{"name":"wp","href":"https:\/\/api.w.org\/{rel}","templated":true}]}}