{"id":226463,"date":"2026-09-01T12:39:20","date_gmt":"2026-09-01T15:39:20","guid":{"rendered":"https:\/\/radioinfinitagoya.com.ar\/v1\/?p=226463"},"modified":"2026-09-01T12:39:20","modified_gmt":"2026-09-01T15:39:20","slug":"itaqui-sera-sede-de-la-presentacion-de-la-11a-edicion-arbra-internacional-2026","status":"publish","type":"post","link":"https:\/\/radioinfinitagoya.com.ar\/v1\/2026\/09\/01\/itaqui-sera-sede-de-la-presentacion-de-la-11a-edicion-arbra-internacional-2026\/","title":{"rendered":"Itaqui ser\u00e1 sede de la presentaci\u00f3n de la 11\u00aa Edici\u00f3n ARBRA Internacional 2026"},"content":{"rendered":"<p>Argentina y Brasil: dos pueblos, muchas historias y un futuro construido juntos.<\/p>\n<p>El pr\u00f3ximo 4 de septiembre, a las 10:00 horas, el hist\u00f3rico Teatro Prezewodowsky de Itaqui, R\u00edo Grande do Sul, ser\u00e1 escenario del lanzamiento oficial de la 11.\u00aa edici\u00f3n de ArBra Internacional 2026, iniciativa de integraci\u00f3n binacional que desde hace m\u00e1s de una d\u00e9cada promueve el fortalecimiento de los v\u00ednculos entre Argentina y Brasil.<\/p>\n<p>La presentaci\u00f3n ser\u00e1 encabezada por la Prefeitura Municipal de Itaqui, junto a ArBra Internacional, y contar\u00e1 con la participaci\u00f3n de autoridades, representantes institucionales, referentes de municipios argentinos y brasile\u00f1os, gestores culturales, educativos y tur\u00edsticos, adem\u00e1s de invitados vinculados a las diferentes \u00e1reas que integran el proyecto.<\/p>\n<p>Durante el encuentro se realizar\u00e1 la presentaci\u00f3n oficial de la 11.\u00aa edici\u00f3n, sus objetivos, ejes de trabajo y el calendario de actividades previsto para los pr\u00f3ximos meses. ArBra Internacional propone nuevamente construir puentes entre ambos pa\u00edses a trav\u00e9s de la cultura, el arte, la educaci\u00f3n, el turismo, el deporte, el patrimonio y el desarrollo, generando espacios concretos de cooperaci\u00f3n e intercambio entre las comunidades de frontera.<\/p>\n<p>Uno de los pr\u00f3ximos encuentros tendr\u00e1 lugar el 25 de septiembre, con una jornada especialmente destinada al intercambio y la participaci\u00f3n de estudiantes y delegaciones de Argentina y Brasil. La propuesta contempla instancias educativas, culturales y art\u00edsticas, exposiciones y actividades de integraci\u00f3n, profundizando el encuentro entre las nuevas generaciones de ambos pa\u00edses.<\/p>\n<p>La programaci\u00f3n continuar\u00e1 durante noviembre, cuando ArBra Internacional desarrollar\u00e1 uno de los momentos centrales de su 11.\u00aa edici\u00f3n.<\/p>\n<p>El 13 de noviembre tendr\u00e1 lugar la FITF \u2013 Feria Internacional de Turismo de Frontera, concebida como un espacio para fortalecer la promoci\u00f3n conjunta del turismo, la cultura, el patrimonio y las potencialidades econ\u00f3micas y productivas de las ciudades participantes. La jornada reunir\u00e1 municipios, instituciones y representantes de Argentina y Brasil, favoreciendo la generaci\u00f3n de nuevos v\u00ednculos y oportunidades de cooperaci\u00f3n. La programaci\u00f3n de esa fecha incluir\u00e1 adem\u00e1s actividades de integraci\u00f3n cultural y una pe\u00f1a folkl\u00f3rica.<\/p>\n<p>El 14 de noviembre, las artes visuales ocupan un lugar destacado con la 5.\u00aa Muestra Pict\u00f3rica Internacional, que reunir\u00e1 a artistas y representaciones culturales invitadas de ambos pa\u00edses, promoviendo el intercambio art\u00edstico y poniendo en valor al arte como herramienta de integraci\u00f3n.<\/p>\n<p>Ese mismo d\u00eda, por la noche, se realizar\u00e1 la Noche de Gala de ArBra Internacional, uno de los acontecimientos centrales de esta edici\u00f3n, que tendr\u00e1 como marco la celebraci\u00f3n de los 140 a\u00f1os del Theatro Prezewodowsky. M\u00fasica, danza, teatro y artes visuales confluir\u00e1n en una gran celebraci\u00f3n binacional dedicada tambi\u00e9n a poner en valor el patrimonio hist\u00f3rico y cultural que une a las comunidades de la regi\u00f3n.<\/p>\n<p>De esta manera, la 11.\u00aa edici\u00f3n de ArBra Internacional vuelve a plantear que las fronteras no deben entenderse \u00fanicamente como l\u00edmites geogr\u00e1ficos, sino tambi\u00e9n como espacios de encuentro capaces de unir historias, tradiciones, talentos, experiencias y proyectos de futuro.<\/p>\n<p>El lanzamiento del pr\u00f3ximo 4 de septiembre en Itaqui marcar\u00e1 oficialmente el comienzo de una nueva etapa de este proyecto que, desde 2015, viene construyendo espacios de cooperaci\u00f3n entre argentinos y brasile\u00f1os.<\/p>\n<p>ArBra Internacional 2026 renueva as\u00ed su compromiso con una premisa que atraviesa toda su trayectoria: transformar la integraci\u00f3n entre Argentina y Brasil en acciones concretas, acercando municipios, instituciones y personas bajo un mismo esp\u00edritu de cooperaci\u00f3n.<\/p>\n<p>Direcci\u00f3n de Prensa &#8211; Municipalidad de Goya<\/p>\n","protected":false},"excerpt":{"rendered":"<p>Argentina y Brasil: dos pueblos, muchas historias y un futuro construido juntos. El pr\u00f3ximo 4 de septiembre, a las 10:00 horas, el hist\u00f3rico Teatro Prezewodowsky de Itaqui, R\u00edo Grande do Sul, ser\u00e1 escenario del lanzamiento oficial de la 11.\u00aa edici\u00f3n de ArBra Internacional 2026, iniciativa de integraci\u00f3n binacional que desde hace m\u00e1s de una d\u00e9cada [&hellip;]<\/p>\n","protected":false},"author":4,"featured_media":226464,"comment_status":"open","ping_status":"open","sticky":false,"template":"","format":"standard","meta":{"_joinchat":[],"footnotes":""},"categories":[27],"tags":[],"class_list":["post-226463","post","type-post","status-publish","format-standard","has-post-thumbnail","category-locales"],"yoast_head":"<!-- This site is optimized with the Yoast SEO plugin v27.7 - https:\/\/yoast.com\/product\/yoast-seo-wordpress\/ -->\n<title>Itaqui ser\u00e1 sede de la presentaci\u00f3n de la 11\u00aa Edici\u00f3n ARBRA Internacional 2026 - Radio Infinita Goya<\/title>\n<meta name=\"description\" content=\"Argentina y Brasil: dos pueblos, muchas historias y un futuro construido juntos. El pr\u00f3ximo 4 de septiembre, a las 10:00 horas, el hist\u00f3rico Teatro\" \/>\n<meta name=\"robots\" content=\"index, follow, max-snippet:-1, max-image-preview:large, max-video-preview:-1\" \/>\n<link rel=\"canonical\" href=\"https:\/\/radioinfinitagoya.com.ar\/v1\/2026\/09\/01\/itaqui-sera-sede-de-la-presentacion-de-la-11a-edicion-arbra-internacional-2026\/\" \/>\n<meta property=\"og:locale\" content=\"es_ES\" \/>\n<meta property=\"og:type\" content=\"article\" \/>\n<meta property=\"og:title\" content=\"Itaqui ser\u00e1 sede de la presentaci\u00f3n de la 11\u00aa Edici\u00f3n ARBRA Internacional 2026 - Radio Infinita Goya\" \/>\n<meta property=\"og:description\" content=\"Argentina y Brasil: dos pueblos, muchas historias y un futuro construido juntos. El pr\u00f3ximo 4 de septiembre, a las 10:00 horas, el hist\u00f3rico Teatro\" \/>\n<meta property=\"og:url\" content=\"https:\/\/radioinfinitagoya.com.ar\/v1\/2026\/09\/01\/itaqui-sera-sede-de-la-presentacion-de-la-11a-edicion-arbra-internacional-2026\/\" \/>\n<meta property=\"og:site_name\" content=\"Radio Infinita Goya\" \/>\n<meta property=\"article:publisher\" content=\"https:\/\/www.facebook.com\/p\/Infinita-Goya-100063870918311\/\" \/>\n<meta property=\"article:published_time\" content=\"2026-09-01T15:39:20+00:00\" \/>\n<meta property=\"og:image\" content=\"https:\/\/radioinfinitagoya.com.ar\/v1\/wp-content\/uploads\/2026\/09\/presentacion_arbra_internacional_fl.jpg\" \/>\n\t<meta property=\"og:image:width\" content=\"848\" \/>\n\t<meta property=\"og:image:height\" content=\"477\" \/>\n\t<meta property=\"og:image:type\" content=\"image\/jpeg\" \/>\n<meta name=\"author\" content=\"Jorge Mi\u00f1o\" \/>\n<meta name=\"twitter:card\" content=\"summary_large_image\" \/>\n<meta name=\"twitter:label1\" content=\"Escrito por\" \/>\n\t<meta name=\"twitter:data1\" content=\"Jorge Mi\u00f1o\" \/>\n\t<meta name=\"twitter:label2\" content=\"Tiempo de lectura\" \/>\n\t<meta name=\"twitter:data2\" content=\"3 minutos\" \/>\n<script type=\"application\/ld+json\" class=\"yoast-schema-graph\">{\"@context\":\"https:\\\/\\\/schema.org\",\"@graph\":[{\"@type\":\"Article\",\"@id\":\"https:\\\/\\\/radioinfinitagoya.com.ar\\\/v1\\\/2026\\\/09\\\/01\\\/itaqui-sera-sede-de-la-presentacion-de-la-11a-edicion-arbra-internacional-2026\\\/#article\",\"isPartOf\":{\"@id\":\"https:\\\/\\\/radioinfinitagoya.com.ar\\\/v1\\\/2026\\\/09\\\/01\\\/itaqui-sera-sede-de-la-presentacion-de-la-11a-edicion-arbra-internacional-2026\\\/\"},\"author\":{\"name\":\"Jorge Mi\u00f1o\",\"@id\":\"https:\\\/\\\/radioinfinitagoya.com.ar\\\/v1\\\/#\\\/schema\\\/person\\\/d4cf9c413d4f6edb24aabdccab49ca4a\"},\"headline\":\"Itaqui ser\u00e1 sede de la presentaci\u00f3n de la 11\u00aa Edici\u00f3n ARBRA Internacional 2026\",\"datePublished\":\"2026-09-01T15:39:20+00:00\",\"mainEntityOfPage\":{\"@id\":\"https:\\\/\\\/radioinfinitagoya.com.ar\\\/v1\\\/2026\\\/09\\\/01\\\/itaqui-sera-sede-de-la-presentacion-de-la-11a-edicion-arbra-internacional-2026\\\/\"},\"wordCount\":605,\"commentCount\":0,\"publisher\":{\"@id\":\"https:\\\/\\\/radioinfinitagoya.com.ar\\\/v1\\\/#organization\"},\"image\":{\"@id\":\"https:\\\/\\\/radioinfinitagoya.com.ar\\\/v1\\\/2026\\\/09\\\/01\\\/itaqui-sera-sede-de-la-presentacion-de-la-11a-edicion-arbra-internacional-2026\\\/#primaryimage\"},\"thumbnailUrl\":\"https:\\\/\\\/radioinfinitagoya.com.ar\\\/v1\\\/wp-content\\\/uploads\\\/2026\\\/09\\\/presentacion_arbra_internacional_fl.jpg\",\"articleSection\":[\"LOCALES\"],\"inLanguage\":\"es-AR\",\"potentialAction\":[{\"@type\":\"CommentAction\",\"name\":\"Comment\",\"target\":[\"https:\\\/\\\/radioinfinitagoya.com.ar\\\/v1\\\/2026\\\/09\\\/01\\\/itaqui-sera-sede-de-la-presentacion-de-la-11a-edicion-arbra-internacional-2026\\\/#respond\"]}]},{\"@type\":\"WebPage\",\"@id\":\"https:\\\/\\\/radioinfinitagoya.com.ar\\\/v1\\\/2026\\\/09\\\/01\\\/itaqui-sera-sede-de-la-presentacion-de-la-11a-edicion-arbra-internacional-2026\\\/\",\"url\":\"https:\\\/\\\/radioinfinitagoya.com.ar\\\/v1\\\/2026\\\/09\\\/01\\\/itaqui-sera-sede-de-la-presentacion-de-la-11a-edicion-arbra-internacional-2026\\\/\",\"name\":\"Itaqui ser\u00e1 sede de la presentaci\u00f3n de la 11\u00aa Edici\u00f3n ARBRA Internacional 2026 - Radio Infinita Goya\",\"isPartOf\":{\"@id\":\"https:\\\/\\\/radioinfinitagoya.com.ar\\\/v1\\\/#website\"},\"primaryImageOfPage\":{\"@id\":\"https:\\\/\\\/radioinfinitagoya.com.ar\\\/v1\\\/2026\\\/09\\\/01\\\/itaqui-sera-sede-de-la-presentacion-de-la-11a-edicion-arbra-internacional-2026\\\/#primaryimage\"},\"image\":{\"@id\":\"https:\\\/\\\/radioinfinitagoya.com.ar\\\/v1\\\/2026\\\/09\\\/01\\\/itaqui-sera-sede-de-la-presentacion-de-la-11a-edicion-arbra-internacional-2026\\\/#primaryimage\"},\"thumbnailUrl\":\"https:\\\/\\\/radioinfinitagoya.com.ar\\\/v1\\\/wp-content\\\/uploads\\\/2026\\\/09\\\/presentacion_arbra_internacional_fl.jpg\",\"datePublished\":\"2026-09-01T15:39:20+00:00\",\"description\":\"Argentina y Brasil: dos pueblos, muchas historias y un futuro construido juntos. El pr\u00f3ximo 4 de septiembre, a las 10:00 horas, el hist\u00f3rico Teatro\",\"breadcrumb\":{\"@id\":\"https:\\\/\\\/radioinfinitagoya.com.ar\\\/v1\\\/2026\\\/09\\\/01\\\/itaqui-sera-sede-de-la-presentacion-de-la-11a-edicion-arbra-internacional-2026\\\/#breadcrumb\"},\"inLanguage\":\"es-AR\",\"potentialAction\":[{\"@type\":\"ReadAction\",\"target\":[\"https:\\\/\\\/radioinfinitagoya.com.ar\\\/v1\\\/2026\\\/09\\\/01\\\/itaqui-sera-sede-de-la-presentacion-de-la-11a-edicion-arbra-internacional-2026\\\/\"]}]},{\"@type\":\"ImageObject\",\"inLanguage\":\"es-AR\",\"@id\":\"https:\\\/\\\/radioinfinitagoya.com.ar\\\/v1\\\/2026\\\/09\\\/01\\\/itaqui-sera-sede-de-la-presentacion-de-la-11a-edicion-arbra-internacional-2026\\\/#primaryimage\",\"url\":\"https:\\\/\\\/radioinfinitagoya.com.ar\\\/v1\\\/wp-content\\\/uploads\\\/2026\\\/09\\\/presentacion_arbra_internacional_fl.jpg\",\"contentUrl\":\"https:\\\/\\\/radioinfinitagoya.com.ar\\\/v1\\\/wp-content\\\/uploads\\\/2026\\\/09\\\/presentacion_arbra_internacional_fl.jpg\",\"width\":848,\"height\":477},{\"@type\":\"BreadcrumbList\",\"@id\":\"https:\\\/\\\/radioinfinitagoya.com.ar\\\/v1\\\/2026\\\/09\\\/01\\\/itaqui-sera-sede-de-la-presentacion-de-la-11a-edicion-arbra-internacional-2026\\\/#breadcrumb\",\"itemListElement\":[{\"@type\":\"ListItem\",\"position\":1,\"name\":\"Inicio\",\"item\":\"https:\\\/\\\/radioinfinitagoya.com.ar\\\/v1\\\/\"},{\"@type\":\"ListItem\",\"position\":2,\"name\":\"Itaqui ser\u00e1 sede de la presentaci\u00f3n de la 11\u00aa Edici\u00f3n ARBRA Internacional 2026\"}]},{\"@type\":\"WebSite\",\"@id\":\"https:\\\/\\\/radioinfinitagoya.com.ar\\\/v1\\\/#website\",\"url\":\"https:\\\/\\\/radioinfinitagoya.com.ar\\\/v1\\\/\",\"name\":\"radioinfinitagoya.com.ar\",\"description\":\"Radio de noticias\",\"publisher\":{\"@id\":\"https:\\\/\\\/radioinfinitagoya.com.ar\\\/v1\\\/#organization\"},\"potentialAction\":[{\"@type\":\"SearchAction\",\"target\":{\"@type\":\"EntryPoint\",\"urlTemplate\":\"https:\\\/\\\/radioinfinitagoya.com.ar\\\/v1\\\/?s={search_term_string}\"},\"query-input\":{\"@type\":\"PropertyValueSpecification\",\"valueRequired\":true,\"valueName\":\"search_term_string\"}}],\"inLanguage\":\"es-AR\"},{\"@type\":\"Organization\",\"@id\":\"https:\\\/\\\/radioinfinitagoya.com.ar\\\/v1\\\/#organization\",\"name\":\"Radio Infinita Goya\",\"url\":\"https:\\\/\\\/radioinfinitagoya.com.ar\\\/v1\\\/\",\"logo\":{\"@type\":\"ImageObject\",\"inLanguage\":\"es-AR\",\"@id\":\"https:\\\/\\\/radioinfinitagoya.com.ar\\\/v1\\\/#\\\/schema\\\/logo\\\/image\\\/\",\"url\":\"https:\\\/\\\/radioinfinitagoya.com.ar\\\/v1\\\/wp-content\\\/uploads\\\/2019\\\/11\\\/logo-pie-web.png\",\"contentUrl\":\"https:\\\/\\\/radioinfinitagoya.com.ar\\\/v1\\\/wp-content\\\/uploads\\\/2019\\\/11\\\/logo-pie-web.png\",\"width\":635,\"height\":326,\"caption\":\"Radio Infinita Goya\"},\"image\":{\"@id\":\"https:\\\/\\\/radioinfinitagoya.com.ar\\\/v1\\\/#\\\/schema\\\/logo\\\/image\\\/\"},\"sameAs\":[\"https:\\\/\\\/www.facebook.com\\\/p\\\/Infinita-Goya-100063870918311\\\/\"]},{\"@type\":\"Person\",\"@id\":\"https:\\\/\\\/radioinfinitagoya.com.ar\\\/v1\\\/#\\\/schema\\\/person\\\/d4cf9c413d4f6edb24aabdccab49ca4a\",\"name\":\"Jorge Mi\u00f1o\",\"image\":{\"@type\":\"ImageObject\",\"inLanguage\":\"es-AR\",\"@id\":\"https:\\\/\\\/secure.gravatar.com\\\/avatar\\\/910fcf6728fe95320e07a6643c1581fec1c7fc4bf8ae12e3d8f0d0373dc844be?s=96&d=mm&r=g\",\"url\":\"https:\\\/\\\/secure.gravatar.com\\\/avatar\\\/910fcf6728fe95320e07a6643c1581fec1c7fc4bf8ae12e3d8f0d0373dc844be?s=96&d=mm&r=g\",\"contentUrl\":\"https:\\\/\\\/secure.gravatar.com\\\/avatar\\\/910fcf6728fe95320e07a6643c1581fec1c7fc4bf8ae12e3d8f0d0373dc844be?s=96&d=mm&r=g\",\"caption\":\"Jorge Mi\u00f1o\"},\"sameAs\":[\"http:\\\/\\\/radioinfinitagoya.com.ar\"]}]}<\/script>\n<!-- \/ Yoast SEO plugin. -->","yoast_head_json":{"title":"Itaqui ser\u00e1 sede de la presentaci\u00f3n de la 11\u00aa Edici\u00f3n ARBRA Internacional 2026 - Radio Infinita Goya","description":"Argentina y Brasil: dos pueblos, muchas historias y un futuro construido juntos. El pr\u00f3ximo 4 de septiembre, a las 10:00 horas, el hist\u00f3rico Teatro","robots":{"index":"index","follow":"follow","max-snippet":"max-snippet:-1","max-image-preview":"max-image-preview:large","max-video-preview":"max-video-preview:-1"},"canonical":"https:\/\/radioinfinitagoya.com.ar\/v1\/2026\/09\/01\/itaqui-sera-sede-de-la-presentacion-de-la-11a-edicion-arbra-internacional-2026\/","og_locale":"es_ES","og_type":"article","og_title":"Itaqui ser\u00e1 sede de la presentaci\u00f3n de la 11\u00aa Edici\u00f3n ARBRA Internacional 2026 - Radio Infinita Goya","og_description":"Argentina y Brasil: dos pueblos, muchas historias y un futuro construido juntos. El pr\u00f3ximo 4 de septiembre, a las 10:00 horas, el hist\u00f3rico Teatro","og_url":"https:\/\/radioinfinitagoya.com.ar\/v1\/2026\/09\/01\/itaqui-sera-sede-de-la-presentacion-de-la-11a-edicion-arbra-internacional-2026\/","og_site_name":"Radio Infinita Goya","article_publisher":"https:\/\/www.facebook.com\/p\/Infinita-Goya-100063870918311\/","article_published_time":"2026-09-01T15:39:20+00:00","og_image":[{"width":848,"height":477,"url":"https:\/\/radioinfinitagoya.com.ar\/v1\/wp-content\/uploads\/2026\/09\/presentacion_arbra_internacional_fl.jpg","type":"image\/jpeg"}],"author":"Jorge Mi\u00f1o","twitter_card":"summary_large_image","twitter_misc":{"Escrito por":"Jorge Mi\u00f1o","Tiempo de lectura":"3 minutos"},"schema":{"@context":"https:\/\/schema.org","@graph":[{"@type":"Article","@id":"https:\/\/radioinfinitagoya.com.ar\/v1\/2026\/09\/01\/itaqui-sera-sede-de-la-presentacion-de-la-11a-edicion-arbra-internacional-2026\/#article","isPartOf":{"@id":"https:\/\/radioinfinitagoya.com.ar\/v1\/2026\/09\/01\/itaqui-sera-sede-de-la-presentacion-de-la-11a-edicion-arbra-internacional-2026\/"},"author":{"name":"Jorge Mi\u00f1o","@id":"https:\/\/radioinfinitagoya.com.ar\/v1\/#\/schema\/person\/d4cf9c413d4f6edb24aabdccab49ca4a"},"headline":"Itaqui ser\u00e1 sede de la presentaci\u00f3n de la 11\u00aa Edici\u00f3n ARBRA Internacional 2026","datePublished":"2026-09-01T15:39:20+00:00","mainEntityOfPage":{"@id":"https:\/\/radioinfinitagoya.com.ar\/v1\/2026\/09\/01\/itaqui-sera-sede-de-la-presentacion-de-la-11a-edicion-arbra-internacional-2026\/"},"wordCount":605,"commentCount":0,"publisher":{"@id":"https:\/\/radioinfinitagoya.com.ar\/v1\/#organization"},"image":{"@id":"https:\/\/radioinfinitagoya.com.ar\/v1\/2026\/09\/01\/itaqui-sera-sede-de-la-presentacion-de-la-11a-edicion-arbra-internacional-2026\/#primaryimage"},"thumbnailUrl":"https:\/\/radioinfinitagoya.com.ar\/v1\/wp-content\/uploads\/2026\/09\/presentacion_arbra_internacional_fl.jpg","articleSection":["LOCALES"],"inLanguage":"es-AR","potentialAction":[{"@type":"CommentAction","name":"Comment","target":["https:\/\/radioinfinitagoya.com.ar\/v1\/2026\/09\/01\/itaqui-sera-sede-de-la-presentacion-de-la-11a-edicion-arbra-internacional-2026\/#respond"]}]},{"@type":"WebPage","@id":"https:\/\/radioinfinitagoya.com.ar\/v1\/2026\/09\/01\/itaqui-sera-sede-de-la-presentacion-de-la-11a-edicion-arbra-internacional-2026\/","url":"https:\/\/radioinfinitagoya.com.ar\/v1\/2026\/09\/01\/itaqui-sera-sede-de-la-presentacion-de-la-11a-edicion-arbra-internacional-2026\/","name":"Itaqui ser\u00e1 sede de la presentaci\u00f3n de la 11\u00aa Edici\u00f3n ARBRA Internacional 2026 - Radio Infinita Goya","isPartOf":{"@id":"https:\/\/radioinfinitagoya.com.ar\/v1\/#website"},"primaryImageOfPage":{"@id":"https:\/\/radioinfinitagoya.com.ar\/v1\/2026\/09\/01\/itaqui-sera-sede-de-la-presentacion-de-la-11a-edicion-arbra-internacional-2026\/#primaryimage"},"image":{"@id":"https:\/\/radioinfinitagoya.com.ar\/v1\/2026\/09\/01\/itaqui-sera-sede-de-la-presentacion-de-la-11a-edicion-arbra-internacional-2026\/#primaryimage"},"thumbnailUrl":"https:\/\/radioinfinitagoya.com.ar\/v1\/wp-content\/uploads\/2026\/09\/presentacion_arbra_internacional_fl.jpg","datePublished":"2026-09-01T15:39:20+00:00","description":"Argentina y Brasil: dos pueblos, muchas historias y un futuro construido juntos. El pr\u00f3ximo 4 de septiembre, a las 10:00 horas, el hist\u00f3rico Teatro","breadcrumb":{"@id":"https:\/\/radioinfinitagoya.com.ar\/v1\/2026\/09\/01\/itaqui-sera-sede-de-la-presentacion-de-la-11a-edicion-arbra-internacional-2026\/#breadcrumb"},"inLanguage":"es-AR","potentialAction":[{"@type":"ReadAction","target":["https:\/\/radioinfinitagoya.com.ar\/v1\/2026\/09\/01\/itaqui-sera-sede-de-la-presentacion-de-la-11a-edicion-arbra-internacional-2026\/"]}]},{"@type":"ImageObject","inLanguage":"es-AR","@id":"https:\/\/radioinfinitagoya.com.ar\/v1\/2026\/09\/01\/itaqui-sera-sede-de-la-presentacion-de-la-11a-edicion-arbra-internacional-2026\/#primaryimage","url":"https:\/\/radioinfinitagoya.com.ar\/v1\/wp-content\/uploads\/2026\/09\/presentacion_arbra_internacional_fl.jpg","contentUrl":"https:\/\/radioinfinitagoya.com.ar\/v1\/wp-content\/uploads\/2026\/09\/presentacion_arbra_internacional_fl.jpg","width":848,"height":477},{"@type":"BreadcrumbList","@id":"https:\/\/radioinfinitagoya.com.ar\/v1\/2026\/09\/01\/itaqui-sera-sede-de-la-presentacion-de-la-11a-edicion-arbra-internacional-2026\/#breadcrumb","itemListElement":[{"@type":"ListItem","position":1,"name":"Inicio","item":"https:\/\/radioinfinitagoya.com.ar\/v1\/"},{"@type":"ListItem","position":2,"name":"Itaqui ser\u00e1 sede de la presentaci\u00f3n de la 11\u00aa Edici\u00f3n ARBRA Internacional 2026"}]},{"@type":"WebSite","@id":"https:\/\/radioinfinitagoya.com.ar\/v1\/#website","url":"https:\/\/radioinfinitagoya.com.ar\/v1\/","name":"radioinfinitagoya.com.ar","description":"Radio de noticias","publisher":{"@id":"https:\/\/radioinfinitagoya.com.ar\/v1\/#organization"},"potentialAction":[{"@type":"SearchAction","target":{"@type":"EntryPoint","urlTemplate":"https:\/\/radioinfinitagoya.com.ar\/v1\/?s={search_term_string}"},"query-input":{"@type":"PropertyValueSpecification","valueRequired":true,"valueName":"search_term_string"}}],"inLanguage":"es-AR"},{"@type":"Organization","@id":"https:\/\/radioinfinitagoya.com.ar\/v1\/#organization","name":"Radio Infinita Goya","url":"https:\/\/radioinfinitagoya.com.ar\/v1\/","logo":{"@type":"ImageObject","inLanguage":"es-AR","@id":"https:\/\/radioinfinitagoya.com.ar\/v1\/#\/schema\/logo\/image\/","url":"https:\/\/radioinfinitagoya.com.ar\/v1\/wp-content\/uploads\/2019\/11\/logo-pie-web.png","contentUrl":"https:\/\/radioinfinitagoya.com.ar\/v1\/wp-content\/uploads\/2019\/11\/logo-pie-web.png","width":635,"height":326,"caption":"Radio Infinita Goya"},"image":{"@id":"https:\/\/radioinfinitagoya.com.ar\/v1\/#\/schema\/logo\/image\/"},"sameAs":["https:\/\/www.facebook.com\/p\/Infinita-Goya-100063870918311\/"]},{"@type":"Person","@id":"https:\/\/radioinfinitagoya.com.ar\/v1\/#\/schema\/person\/d4cf9c413d4f6edb24aabdccab49ca4a","name":"Jorge Mi\u00f1o","image":{"@type":"ImageObject","inLanguage":"es-AR","@id":"https:\/\/secure.gravatar.com\/avatar\/910fcf6728fe95320e07a6643c1581fec1c7fc4bf8ae12e3d8f0d0373dc844be?s=96&d=mm&r=g","url":"https:\/\/secure.gravatar.com\/avatar\/910fcf6728fe95320e07a6643c1581fec1c7fc4bf8ae12e3d8f0d0373dc844be?s=96&d=mm&r=g","contentUrl":"https:\/\/secure.gravatar.com\/avatar\/910fcf6728fe95320e07a6643c1581fec1c7fc4bf8ae12e3d8f0d0373dc844be?s=96&d=mm&r=g","caption":"Jorge Mi\u00f1o"},"sameAs":["http:\/\/radioinfinitagoya.com.ar"]}]}},"_links":{"self":[{"href":"https:\/\/radioinfinitagoya.com.ar\/v1\/wp-json\/wp\/v2\/posts\/226463","targetHints":{"allow":["GET"]}}],"collection":[{"href":"https:\/\/radioinfinitagoya.com.ar\/v1\/wp-json\/wp\/v2\/posts"}],"about":[{"href":"https:\/\/radioinfinitagoya.com.ar\/v1\/wp-json\/wp\/v2\/types\/post"}],"author":[{"embeddable":true,"href":"https:\/\/radioinfinitagoya.com.ar\/v1\/wp-json\/wp\/v2\/users\/4"}],"replies":[{"embeddable":true,"href":"https:\/\/radioinfinitagoya.com.ar\/v1\/wp-json\/wp\/v2\/comments?post=226463"}],"version-history":[{"count":1,"href":"https:\/\/radioinfinitagoya.com.ar\/v1\/wp-json\/wp\/v2\/posts\/226463\/revisions"}],"predecessor-version":[{"id":226465,"href":"https:\/\/radioinfinitagoya.com.ar\/v1\/wp-json\/wp\/v2\/posts\/226463\/revisions\/226465"}],"wp:featuredmedia":[{"embeddable":true,"href":"https:\/\/radioinfinitagoya.com.ar\/v1\/wp-json\/wp\/v2\/media\/226464"}],"wp:attachment":[{"href":"https:\/\/radioinfinitagoya.com.ar\/v1\/wp-json\/wp\/v2\/media?parent=226463"}],"wp:term":[{"taxonomy":"category","embeddable":true,"href":"https:\/\/radioinfinitagoya.com.ar\/v1\/wp-json\/wp\/v2\/categories?post=226463"},{"taxonomy":"post_tag","embeddable":true,"href":"https:\/\/radioinfinitagoya.com.ar\/v1\/wp-json\/wp\/v2\/tags?post=226463"}],"curies":[{"name":"wp","href":"https:\/\/api.w.org\/{rel}","templated":true}]}}