{"id":226477,"date":"2026-09-01T12:57:02","date_gmt":"2026-09-01T15:57:02","guid":{"rendered":"https:\/\/radioinfinitagoya.com.ar\/v1\/?p=226477"},"modified":"2026-09-01T12:57:02","modified_gmt":"2026-09-01T15:57:02","slug":"loan-la-justicia-rechazo-el-pedido-de-apartar-al-presidente-del-tribunal","status":"publish","type":"post","link":"https:\/\/radioinfinitagoya.com.ar\/v1\/2026\/09\/01\/loan-la-justicia-rechazo-el-pedido-de-apartar-al-presidente-del-tribunal\/","title":{"rendered":"Loan: la Justicia rechaz\u00f3 el pedido de apartar al presidente del tribunal"},"content":{"rendered":"<p>La recusaci\u00f3n hab\u00eda sido presentada por la defensa de Antonio Ben\u00edtez, que plante\u00f3 un supuesto temor de parcialidad.<\/p>\n<p>La Justicia rechaz\u00f3 el pedido para apartar al juez Ferm\u00edn Amado Ceroleni del juicio por la desaparici\u00f3n de Loan Pe\u00f1a. El magistrado continuar\u00e1 como presidente del Tribunal Oral Federal que lleva adelante el debate en el Escuadr\u00f3n 48 de Gendarmer\u00eda.<\/p>\n<p>Presentaci\u00f3n del abogado de uno de los imputados<\/p>\n<p>La recusaci\u00f3n hab\u00eda sido presentada por Enzo Di Tella, defensor de Antonio Ben\u00edtez, quien es uno de los acusados por la desaparici\u00f3n de Loan. El planteo invoc\u00f3 un supuesto \u201ctemor fundado de parcialidad\u201d y cuestion\u00f3 distintas intervenciones de Ceroleni durante las audiencias.<\/p>\n<p>Entre los argumentos expuestos por la defensa se mencionaron interrupciones y diferencias de criterio en cuestiones vinculadas con el desarrollo del proceso. \u201cQuiero que Antonio Ben\u00edtez sea juzgado y que se dicte una sentencia acorde a la producci\u00f3n de la prueba en este juicio oral y p\u00fablico. No que sea condenado por la presi\u00f3n social y medi\u00e1tica&#8221;, remarc\u00f3 Di Tella en su presentaci\u00f3n de 26 p\u00e1ginas.<\/p>\n<p>El planteo fue rechazado \u201cin limine\u201d, por lo que el juez continuar\u00e1 interviniendo como presidente del tribunal integrando junto a Eduardo Ariel Belforte y Sim\u00f3n Pedro Bracco.<\/p>\n","protected":false},"excerpt":{"rendered":"<p>La recusaci\u00f3n hab\u00eda sido presentada por la defensa de Antonio Ben\u00edtez, que plante\u00f3 un supuesto temor de parcialidad. La Justicia rechaz\u00f3 el pedido para apartar al juez Ferm\u00edn Amado Ceroleni del juicio por la desaparici\u00f3n de Loan Pe\u00f1a. El magistrado continuar\u00e1 como presidente del Tribunal Oral Federal que lleva adelante el debate en el Escuadr\u00f3n [&hellip;]<\/p>\n","protected":false},"author":4,"featured_media":226478,"comment_status":"open","ping_status":"open","sticky":false,"template":"","format":"standard","meta":{"_joinchat":[],"footnotes":""},"categories":[26],"tags":[],"class_list":["post-226477","post","type-post","status-publish","format-standard","has-post-thumbnail","category-provinciales"],"yoast_head":"<!-- This site is optimized with the Yoast SEO plugin v27.7 - https:\/\/yoast.com\/product\/yoast-seo-wordpress\/ -->\n<title>Loan: la Justicia rechaz\u00f3 el pedido de apartar al presidente del tribunal - Radio Infinita Goya<\/title>\n<meta name=\"description\" content=\"La recusaci\u00f3n hab\u00eda sido presentada por la defensa de Antonio Ben\u00edtez, que plante\u00f3 un supuesto temor de parcialidad. La Justicia rechaz\u00f3 el pedido para\" \/>\n<meta name=\"robots\" content=\"index, follow, max-snippet:-1, max-image-preview:large, max-video-preview:-1\" \/>\n<link rel=\"canonical\" href=\"https:\/\/radioinfinitagoya.com.ar\/v1\/2026\/09\/01\/loan-la-justicia-rechazo-el-pedido-de-apartar-al-presidente-del-tribunal\/\" \/>\n<meta property=\"og:locale\" content=\"es_ES\" \/>\n<meta property=\"og:type\" content=\"article\" \/>\n<meta property=\"og:title\" content=\"Loan: la Justicia rechaz\u00f3 el pedido de apartar al presidente del tribunal - Radio Infinita Goya\" \/>\n<meta property=\"og:description\" content=\"La recusaci\u00f3n hab\u00eda sido presentada por la defensa de Antonio Ben\u00edtez, que plante\u00f3 un supuesto temor de parcialidad. La Justicia rechaz\u00f3 el pedido para\" \/>\n<meta property=\"og:url\" content=\"https:\/\/radioinfinitagoya.com.ar\/v1\/2026\/09\/01\/loan-la-justicia-rechazo-el-pedido-de-apartar-al-presidente-del-tribunal\/\" \/>\n<meta property=\"og:site_name\" content=\"Radio Infinita Goya\" \/>\n<meta property=\"article:publisher\" content=\"https:\/\/www.facebook.com\/p\/Infinita-Goya-100063870918311\/\" \/>\n<meta property=\"article:published_time\" content=\"2026-09-01T15:57:02+00:00\" \/>\n<meta property=\"og:image\" content=\"https:\/\/radioinfinitagoya.com.ar\/v1\/wp-content\/uploads\/2026\/09\/1788270977621.webp\" \/>\n\t<meta property=\"og:image:width\" content=\"1200\" \/>\n\t<meta property=\"og:image:height\" content=\"675\" \/>\n\t<meta property=\"og:image:type\" content=\"image\/webp\" \/>\n<meta name=\"author\" content=\"Jorge Mi\u00f1o\" \/>\n<meta name=\"twitter:card\" content=\"summary_large_image\" \/>\n<meta name=\"twitter:label1\" content=\"Escrito por\" \/>\n\t<meta name=\"twitter:data1\" content=\"Jorge Mi\u00f1o\" \/>\n\t<meta name=\"twitter:label2\" content=\"Tiempo de lectura\" \/>\n\t<meta name=\"twitter:data2\" content=\"2 minutos\" \/>\n<script type=\"application\/ld+json\" class=\"yoast-schema-graph\">{\"@context\":\"https:\\\/\\\/schema.org\",\"@graph\":[{\"@type\":\"Article\",\"@id\":\"https:\\\/\\\/radioinfinitagoya.com.ar\\\/v1\\\/2026\\\/09\\\/01\\\/loan-la-justicia-rechazo-el-pedido-de-apartar-al-presidente-del-tribunal\\\/#article\",\"isPartOf\":{\"@id\":\"https:\\\/\\\/radioinfinitagoya.com.ar\\\/v1\\\/2026\\\/09\\\/01\\\/loan-la-justicia-rechazo-el-pedido-de-apartar-al-presidente-del-tribunal\\\/\"},\"author\":{\"name\":\"Jorge Mi\u00f1o\",\"@id\":\"https:\\\/\\\/radioinfinitagoya.com.ar\\\/v1\\\/#\\\/schema\\\/person\\\/d4cf9c413d4f6edb24aabdccab49ca4a\"},\"headline\":\"Loan: la Justicia rechaz\u00f3 el pedido de apartar al presidente del tribunal\",\"datePublished\":\"2026-09-01T15:57:02+00:00\",\"mainEntityOfPage\":{\"@id\":\"https:\\\/\\\/radioinfinitagoya.com.ar\\\/v1\\\/2026\\\/09\\\/01\\\/loan-la-justicia-rechazo-el-pedido-de-apartar-al-presidente-del-tribunal\\\/\"},\"wordCount\":232,\"commentCount\":0,\"publisher\":{\"@id\":\"https:\\\/\\\/radioinfinitagoya.com.ar\\\/v1\\\/#organization\"},\"image\":{\"@id\":\"https:\\\/\\\/radioinfinitagoya.com.ar\\\/v1\\\/2026\\\/09\\\/01\\\/loan-la-justicia-rechazo-el-pedido-de-apartar-al-presidente-del-tribunal\\\/#primaryimage\"},\"thumbnailUrl\":\"https:\\\/\\\/radioinfinitagoya.com.ar\\\/v1\\\/wp-content\\\/uploads\\\/2026\\\/09\\\/1788270977621.webp\",\"articleSection\":[\"PROVINCIALES\"],\"inLanguage\":\"es-AR\",\"potentialAction\":[{\"@type\":\"CommentAction\",\"name\":\"Comment\",\"target\":[\"https:\\\/\\\/radioinfinitagoya.com.ar\\\/v1\\\/2026\\\/09\\\/01\\\/loan-la-justicia-rechazo-el-pedido-de-apartar-al-presidente-del-tribunal\\\/#respond\"]}]},{\"@type\":\"WebPage\",\"@id\":\"https:\\\/\\\/radioinfinitagoya.com.ar\\\/v1\\\/2026\\\/09\\\/01\\\/loan-la-justicia-rechazo-el-pedido-de-apartar-al-presidente-del-tribunal\\\/\",\"url\":\"https:\\\/\\\/radioinfinitagoya.com.ar\\\/v1\\\/2026\\\/09\\\/01\\\/loan-la-justicia-rechazo-el-pedido-de-apartar-al-presidente-del-tribunal\\\/\",\"name\":\"Loan: la Justicia rechaz\u00f3 el pedido de apartar al presidente del tribunal - Radio Infinita Goya\",\"isPartOf\":{\"@id\":\"https:\\\/\\\/radioinfinitagoya.com.ar\\\/v1\\\/#website\"},\"primaryImageOfPage\":{\"@id\":\"https:\\\/\\\/radioinfinitagoya.com.ar\\\/v1\\\/2026\\\/09\\\/01\\\/loan-la-justicia-rechazo-el-pedido-de-apartar-al-presidente-del-tribunal\\\/#primaryimage\"},\"image\":{\"@id\":\"https:\\\/\\\/radioinfinitagoya.com.ar\\\/v1\\\/2026\\\/09\\\/01\\\/loan-la-justicia-rechazo-el-pedido-de-apartar-al-presidente-del-tribunal\\\/#primaryimage\"},\"thumbnailUrl\":\"https:\\\/\\\/radioinfinitagoya.com.ar\\\/v1\\\/wp-content\\\/uploads\\\/2026\\\/09\\\/1788270977621.webp\",\"datePublished\":\"2026-09-01T15:57:02+00:00\",\"description\":\"La recusaci\u00f3n hab\u00eda sido presentada por la defensa de Antonio Ben\u00edtez, que plante\u00f3 un supuesto temor de parcialidad. La Justicia rechaz\u00f3 el pedido para\",\"breadcrumb\":{\"@id\":\"https:\\\/\\\/radioinfinitagoya.com.ar\\\/v1\\\/2026\\\/09\\\/01\\\/loan-la-justicia-rechazo-el-pedido-de-apartar-al-presidente-del-tribunal\\\/#breadcrumb\"},\"inLanguage\":\"es-AR\",\"potentialAction\":[{\"@type\":\"ReadAction\",\"target\":[\"https:\\\/\\\/radioinfinitagoya.com.ar\\\/v1\\\/2026\\\/09\\\/01\\\/loan-la-justicia-rechazo-el-pedido-de-apartar-al-presidente-del-tribunal\\\/\"]}]},{\"@type\":\"ImageObject\",\"inLanguage\":\"es-AR\",\"@id\":\"https:\\\/\\\/radioinfinitagoya.com.ar\\\/v1\\\/2026\\\/09\\\/01\\\/loan-la-justicia-rechazo-el-pedido-de-apartar-al-presidente-del-tribunal\\\/#primaryimage\",\"url\":\"https:\\\/\\\/radioinfinitagoya.com.ar\\\/v1\\\/wp-content\\\/uploads\\\/2026\\\/09\\\/1788270977621.webp\",\"contentUrl\":\"https:\\\/\\\/radioinfinitagoya.com.ar\\\/v1\\\/wp-content\\\/uploads\\\/2026\\\/09\\\/1788270977621.webp\",\"width\":1200,\"height\":675},{\"@type\":\"BreadcrumbList\",\"@id\":\"https:\\\/\\\/radioinfinitagoya.com.ar\\\/v1\\\/2026\\\/09\\\/01\\\/loan-la-justicia-rechazo-el-pedido-de-apartar-al-presidente-del-tribunal\\\/#breadcrumb\",\"itemListElement\":[{\"@type\":\"ListItem\",\"position\":1,\"name\":\"Inicio\",\"item\":\"https:\\\/\\\/radioinfinitagoya.com.ar\\\/v1\\\/\"},{\"@type\":\"ListItem\",\"position\":2,\"name\":\"Loan: la Justicia rechaz\u00f3 el pedido de apartar al presidente del tribunal\"}]},{\"@type\":\"WebSite\",\"@id\":\"https:\\\/\\\/radioinfinitagoya.com.ar\\\/v1\\\/#website\",\"url\":\"https:\\\/\\\/radioinfinitagoya.com.ar\\\/v1\\\/\",\"name\":\"radioinfinitagoya.com.ar\",\"description\":\"Radio de noticias\",\"publisher\":{\"@id\":\"https:\\\/\\\/radioinfinitagoya.com.ar\\\/v1\\\/#organization\"},\"potentialAction\":[{\"@type\":\"SearchAction\",\"target\":{\"@type\":\"EntryPoint\",\"urlTemplate\":\"https:\\\/\\\/radioinfinitagoya.com.ar\\\/v1\\\/?s={search_term_string}\"},\"query-input\":{\"@type\":\"PropertyValueSpecification\",\"valueRequired\":true,\"valueName\":\"search_term_string\"}}],\"inLanguage\":\"es-AR\"},{\"@type\":\"Organization\",\"@id\":\"https:\\\/\\\/radioinfinitagoya.com.ar\\\/v1\\\/#organization\",\"name\":\"Radio Infinita Goya\",\"url\":\"https:\\\/\\\/radioinfinitagoya.com.ar\\\/v1\\\/\",\"logo\":{\"@type\":\"ImageObject\",\"inLanguage\":\"es-AR\",\"@id\":\"https:\\\/\\\/radioinfinitagoya.com.ar\\\/v1\\\/#\\\/schema\\\/logo\\\/image\\\/\",\"url\":\"https:\\\/\\\/radioinfinitagoya.com.ar\\\/v1\\\/wp-content\\\/uploads\\\/2019\\\/11\\\/logo-pie-web.png\",\"contentUrl\":\"https:\\\/\\\/radioinfinitagoya.com.ar\\\/v1\\\/wp-content\\\/uploads\\\/2019\\\/11\\\/logo-pie-web.png\",\"width\":635,\"height\":326,\"caption\":\"Radio Infinita Goya\"},\"image\":{\"@id\":\"https:\\\/\\\/radioinfinitagoya.com.ar\\\/v1\\\/#\\\/schema\\\/logo\\\/image\\\/\"},\"sameAs\":[\"https:\\\/\\\/www.facebook.com\\\/p\\\/Infinita-Goya-100063870918311\\\/\"]},{\"@type\":\"Person\",\"@id\":\"https:\\\/\\\/radioinfinitagoya.com.ar\\\/v1\\\/#\\\/schema\\\/person\\\/d4cf9c413d4f6edb24aabdccab49ca4a\",\"name\":\"Jorge Mi\u00f1o\",\"image\":{\"@type\":\"ImageObject\",\"inLanguage\":\"es-AR\",\"@id\":\"https:\\\/\\\/secure.gravatar.com\\\/avatar\\\/910fcf6728fe95320e07a6643c1581fec1c7fc4bf8ae12e3d8f0d0373dc844be?s=96&d=mm&r=g\",\"url\":\"https:\\\/\\\/secure.gravatar.com\\\/avatar\\\/910fcf6728fe95320e07a6643c1581fec1c7fc4bf8ae12e3d8f0d0373dc844be?s=96&d=mm&r=g\",\"contentUrl\":\"https:\\\/\\\/secure.gravatar.com\\\/avatar\\\/910fcf6728fe95320e07a6643c1581fec1c7fc4bf8ae12e3d8f0d0373dc844be?s=96&d=mm&r=g\",\"caption\":\"Jorge Mi\u00f1o\"},\"sameAs\":[\"http:\\\/\\\/radioinfinitagoya.com.ar\"]}]}<\/script>\n<!-- \/ Yoast SEO plugin. -->","yoast_head_json":{"title":"Loan: la Justicia rechaz\u00f3 el pedido de apartar al presidente del tribunal - Radio Infinita Goya","description":"La recusaci\u00f3n hab\u00eda sido presentada por la defensa de Antonio Ben\u00edtez, que plante\u00f3 un supuesto temor de parcialidad. La Justicia rechaz\u00f3 el pedido para","robots":{"index":"index","follow":"follow","max-snippet":"max-snippet:-1","max-image-preview":"max-image-preview:large","max-video-preview":"max-video-preview:-1"},"canonical":"https:\/\/radioinfinitagoya.com.ar\/v1\/2026\/09\/01\/loan-la-justicia-rechazo-el-pedido-de-apartar-al-presidente-del-tribunal\/","og_locale":"es_ES","og_type":"article","og_title":"Loan: la Justicia rechaz\u00f3 el pedido de apartar al presidente del tribunal - Radio Infinita Goya","og_description":"La recusaci\u00f3n hab\u00eda sido presentada por la defensa de Antonio Ben\u00edtez, que plante\u00f3 un supuesto temor de parcialidad. La Justicia rechaz\u00f3 el pedido para","og_url":"https:\/\/radioinfinitagoya.com.ar\/v1\/2026\/09\/01\/loan-la-justicia-rechazo-el-pedido-de-apartar-al-presidente-del-tribunal\/","og_site_name":"Radio Infinita Goya","article_publisher":"https:\/\/www.facebook.com\/p\/Infinita-Goya-100063870918311\/","article_published_time":"2026-09-01T15:57:02+00:00","og_image":[{"width":1200,"height":675,"url":"https:\/\/radioinfinitagoya.com.ar\/v1\/wp-content\/uploads\/2026\/09\/1788270977621.webp","type":"image\/webp"}],"author":"Jorge Mi\u00f1o","twitter_card":"summary_large_image","twitter_misc":{"Escrito por":"Jorge Mi\u00f1o","Tiempo de lectura":"2 minutos"},"schema":{"@context":"https:\/\/schema.org","@graph":[{"@type":"Article","@id":"https:\/\/radioinfinitagoya.com.ar\/v1\/2026\/09\/01\/loan-la-justicia-rechazo-el-pedido-de-apartar-al-presidente-del-tribunal\/#article","isPartOf":{"@id":"https:\/\/radioinfinitagoya.com.ar\/v1\/2026\/09\/01\/loan-la-justicia-rechazo-el-pedido-de-apartar-al-presidente-del-tribunal\/"},"author":{"name":"Jorge Mi\u00f1o","@id":"https:\/\/radioinfinitagoya.com.ar\/v1\/#\/schema\/person\/d4cf9c413d4f6edb24aabdccab49ca4a"},"headline":"Loan: la Justicia rechaz\u00f3 el pedido de apartar al presidente del tribunal","datePublished":"2026-09-01T15:57:02+00:00","mainEntityOfPage":{"@id":"https:\/\/radioinfinitagoya.com.ar\/v1\/2026\/09\/01\/loan-la-justicia-rechazo-el-pedido-de-apartar-al-presidente-del-tribunal\/"},"wordCount":232,"commentCount":0,"publisher":{"@id":"https:\/\/radioinfinitagoya.com.ar\/v1\/#organization"},"image":{"@id":"https:\/\/radioinfinitagoya.com.ar\/v1\/2026\/09\/01\/loan-la-justicia-rechazo-el-pedido-de-apartar-al-presidente-del-tribunal\/#primaryimage"},"thumbnailUrl":"https:\/\/radioinfinitagoya.com.ar\/v1\/wp-content\/uploads\/2026\/09\/1788270977621.webp","articleSection":["PROVINCIALES"],"inLanguage":"es-AR","potentialAction":[{"@type":"CommentAction","name":"Comment","target":["https:\/\/radioinfinitagoya.com.ar\/v1\/2026\/09\/01\/loan-la-justicia-rechazo-el-pedido-de-apartar-al-presidente-del-tribunal\/#respond"]}]},{"@type":"WebPage","@id":"https:\/\/radioinfinitagoya.com.ar\/v1\/2026\/09\/01\/loan-la-justicia-rechazo-el-pedido-de-apartar-al-presidente-del-tribunal\/","url":"https:\/\/radioinfinitagoya.com.ar\/v1\/2026\/09\/01\/loan-la-justicia-rechazo-el-pedido-de-apartar-al-presidente-del-tribunal\/","name":"Loan: la Justicia rechaz\u00f3 el pedido de apartar al presidente del tribunal - Radio Infinita Goya","isPartOf":{"@id":"https:\/\/radioinfinitagoya.com.ar\/v1\/#website"},"primaryImageOfPage":{"@id":"https:\/\/radioinfinitagoya.com.ar\/v1\/2026\/09\/01\/loan-la-justicia-rechazo-el-pedido-de-apartar-al-presidente-del-tribunal\/#primaryimage"},"image":{"@id":"https:\/\/radioinfinitagoya.com.ar\/v1\/2026\/09\/01\/loan-la-justicia-rechazo-el-pedido-de-apartar-al-presidente-del-tribunal\/#primaryimage"},"thumbnailUrl":"https:\/\/radioinfinitagoya.com.ar\/v1\/wp-content\/uploads\/2026\/09\/1788270977621.webp","datePublished":"2026-09-01T15:57:02+00:00","description":"La recusaci\u00f3n hab\u00eda sido presentada por la defensa de Antonio Ben\u00edtez, que plante\u00f3 un supuesto temor de parcialidad. La Justicia rechaz\u00f3 el pedido para","breadcrumb":{"@id":"https:\/\/radioinfinitagoya.com.ar\/v1\/2026\/09\/01\/loan-la-justicia-rechazo-el-pedido-de-apartar-al-presidente-del-tribunal\/#breadcrumb"},"inLanguage":"es-AR","potentialAction":[{"@type":"ReadAction","target":["https:\/\/radioinfinitagoya.com.ar\/v1\/2026\/09\/01\/loan-la-justicia-rechazo-el-pedido-de-apartar-al-presidente-del-tribunal\/"]}]},{"@type":"ImageObject","inLanguage":"es-AR","@id":"https:\/\/radioinfinitagoya.com.ar\/v1\/2026\/09\/01\/loan-la-justicia-rechazo-el-pedido-de-apartar-al-presidente-del-tribunal\/#primaryimage","url":"https:\/\/radioinfinitagoya.com.ar\/v1\/wp-content\/uploads\/2026\/09\/1788270977621.webp","contentUrl":"https:\/\/radioinfinitagoya.com.ar\/v1\/wp-content\/uploads\/2026\/09\/1788270977621.webp","width":1200,"height":675},{"@type":"BreadcrumbList","@id":"https:\/\/radioinfinitagoya.com.ar\/v1\/2026\/09\/01\/loan-la-justicia-rechazo-el-pedido-de-apartar-al-presidente-del-tribunal\/#breadcrumb","itemListElement":[{"@type":"ListItem","position":1,"name":"Inicio","item":"https:\/\/radioinfinitagoya.com.ar\/v1\/"},{"@type":"ListItem","position":2,"name":"Loan: la Justicia rechaz\u00f3 el pedido de apartar al presidente del tribunal"}]},{"@type":"WebSite","@id":"https:\/\/radioinfinitagoya.com.ar\/v1\/#website","url":"https:\/\/radioinfinitagoya.com.ar\/v1\/","name":"radioinfinitagoya.com.ar","description":"Radio de noticias","publisher":{"@id":"https:\/\/radioinfinitagoya.com.ar\/v1\/#organization"},"potentialAction":[{"@type":"SearchAction","target":{"@type":"EntryPoint","urlTemplate":"https:\/\/radioinfinitagoya.com.ar\/v1\/?s={search_term_string}"},"query-input":{"@type":"PropertyValueSpecification","valueRequired":true,"valueName":"search_term_string"}}],"inLanguage":"es-AR"},{"@type":"Organization","@id":"https:\/\/radioinfinitagoya.com.ar\/v1\/#organization","name":"Radio Infinita Goya","url":"https:\/\/radioinfinitagoya.com.ar\/v1\/","logo":{"@type":"ImageObject","inLanguage":"es-AR","@id":"https:\/\/radioinfinitagoya.com.ar\/v1\/#\/schema\/logo\/image\/","url":"https:\/\/radioinfinitagoya.com.ar\/v1\/wp-content\/uploads\/2019\/11\/logo-pie-web.png","contentUrl":"https:\/\/radioinfinitagoya.com.ar\/v1\/wp-content\/uploads\/2019\/11\/logo-pie-web.png","width":635,"height":326,"caption":"Radio Infinita Goya"},"image":{"@id":"https:\/\/radioinfinitagoya.com.ar\/v1\/#\/schema\/logo\/image\/"},"sameAs":["https:\/\/www.facebook.com\/p\/Infinita-Goya-100063870918311\/"]},{"@type":"Person","@id":"https:\/\/radioinfinitagoya.com.ar\/v1\/#\/schema\/person\/d4cf9c413d4f6edb24aabdccab49ca4a","name":"Jorge Mi\u00f1o","image":{"@type":"ImageObject","inLanguage":"es-AR","@id":"https:\/\/secure.gravatar.com\/avatar\/910fcf6728fe95320e07a6643c1581fec1c7fc4bf8ae12e3d8f0d0373dc844be?s=96&d=mm&r=g","url":"https:\/\/secure.gravatar.com\/avatar\/910fcf6728fe95320e07a6643c1581fec1c7fc4bf8ae12e3d8f0d0373dc844be?s=96&d=mm&r=g","contentUrl":"https:\/\/secure.gravatar.com\/avatar\/910fcf6728fe95320e07a6643c1581fec1c7fc4bf8ae12e3d8f0d0373dc844be?s=96&d=mm&r=g","caption":"Jorge Mi\u00f1o"},"sameAs":["http:\/\/radioinfinitagoya.com.ar"]}]}},"_links":{"self":[{"href":"https:\/\/radioinfinitagoya.com.ar\/v1\/wp-json\/wp\/v2\/posts\/226477","targetHints":{"allow":["GET"]}}],"collection":[{"href":"https:\/\/radioinfinitagoya.com.ar\/v1\/wp-json\/wp\/v2\/posts"}],"about":[{"href":"https:\/\/radioinfinitagoya.com.ar\/v1\/wp-json\/wp\/v2\/types\/post"}],"author":[{"embeddable":true,"href":"https:\/\/radioinfinitagoya.com.ar\/v1\/wp-json\/wp\/v2\/users\/4"}],"replies":[{"embeddable":true,"href":"https:\/\/radioinfinitagoya.com.ar\/v1\/wp-json\/wp\/v2\/comments?post=226477"}],"version-history":[{"count":2,"href":"https:\/\/radioinfinitagoya.com.ar\/v1\/wp-json\/wp\/v2\/posts\/226477\/revisions"}],"predecessor-version":[{"id":226480,"href":"https:\/\/radioinfinitagoya.com.ar\/v1\/wp-json\/wp\/v2\/posts\/226477\/revisions\/226480"}],"wp:featuredmedia":[{"embeddable":true,"href":"https:\/\/radioinfinitagoya.com.ar\/v1\/wp-json\/wp\/v2\/media\/226478"}],"wp:attachment":[{"href":"https:\/\/radioinfinitagoya.com.ar\/v1\/wp-json\/wp\/v2\/media?parent=226477"}],"wp:term":[{"taxonomy":"category","embeddable":true,"href":"https:\/\/radioinfinitagoya.com.ar\/v1\/wp-json\/wp\/v2\/categories?post=226477"},{"taxonomy":"post_tag","embeddable":true,"href":"https:\/\/radioinfinitagoya.com.ar\/v1\/wp-json\/wp\/v2\/tags?post=226477"}],"curies":[{"name":"wp","href":"https:\/\/api.w.org\/{rel}","templated":true}]}}