{"id":226481,"date":"2026-09-01T13:02:51","date_gmt":"2026-09-01T16:02:51","guid":{"rendered":"https:\/\/radioinfinitagoya.com.ar\/v1\/?p=226481"},"modified":"2026-09-01T13:02:51","modified_gmt":"2026-09-01T16:02:51","slug":"juan-pablo-valdes-sobre-un-nuevo-aumento","status":"publish","type":"post","link":"https:\/\/radioinfinitagoya.com.ar\/v1\/2026\/09\/01\/juan-pablo-valdes-sobre-un-nuevo-aumento\/","title":{"rendered":"Juan Pablo Vald\u00e9s sobre un nuevo aumento"},"content":{"rendered":"<p>&#8220;Vamos a trabajar en los porcentajes para no quedar atr\u00e1s&#8221;<\/p>\n<p>El gobernador de Corrientes habl\u00f3 con medios en Casa de Gobierno y toc\u00f3 varios puntos de la agenda provincial.<\/p>\n<p>En Casa de Gobierno, el gobernador Juan Pablo Vald\u00e9s encabez\u00f3 este martes una rueda de prensa donde repas\u00f3 temas de la agenda provincial.<\/p>\n<p>Confirm\u00f3 el env\u00edo de un protocolo municipal para afrontar las lluvias del &#8220;S\u00faper Ni\u00f1o&#8221;, asegur\u00f3 que habr\u00e1 anuncios salariales antes de fin de a\u00f1o y proyect\u00f3 la operatividad del Puerto de Ituzaing\u00f3 en 60 d\u00edas.<\/p>\n<p>Preparativos ante el &#8220;S\u00faper Ni\u00f1o&#8221; y limpieza de canales<\/p>\n<p>El mandatario destac\u00f3 que ante el pron\u00f3stico de precipitaciones extraordinarias, en distintos puntos de la provincia se preparan para evitar contingencias. \u201cDe septiembre a noviembre vamos a estar haciendo un refuerzo de maquinaria y trabajamos junto a los intendentes colaborando activamente para limpiar los canales\u201d, afirm\u00f3 Vald\u00e9s.<\/p>\n<p>Igualmente, el gobernador llam\u00f3 a la calma: \u201cNo es para poner en p\u00e1nico a la poblaci\u00f3n, pero hay que estar preparados; es un fen\u00f3meno que puede ser muy fuerte debido a las condiciones que muestra\u201d.<\/p>\n<p>Adem\u00e1s, confirm\u00f3 que la Provincia est\u00e1 finalizando un protocolo de actuaci\u00f3n que se distribuir\u00e1 en todos los municipios para coordinar los n\u00fameros de emergencia y asistencia.<\/p>\n<p>Anuncios salariales y proyecciones econ\u00f3micas<br \/>\nOtro punto que Vald\u00e9s abord\u00f3 con la prensa fue la posibilidad de anuncios salariales para los trabajadores estatales. En consonancia, aprovech\u00f3 para evaluar la pauta econ\u00f3mica nacional.<\/p>\n<p>\u201cVa a haber anuncio de aumento cuando estemos en condiciones&#8221;, adelant\u00f3 el gobernador y agreg\u00f3 que &#8220;se dar\u00e1 antes de que termine el a\u00f1o para no quedar atrasados\u201d.<\/p>\n<p>Destac\u00f3 que \u201ces la primera vez en la gesti\u00f3n donde hay dos meses seguidos en positivo\u201d respecto a los recursos provinciales.<\/p>\n<p>Con respecto a las proyecciones nacionales pidi\u00f3 \u201ctomar con pinzas\u201d los 18 meses de recuperaci\u00f3n expresadas por el ministro Luis Caputo.<\/p>\n<p>Puerto de Ituzaing\u00f3, log\u00edstica<br \/>\nRespecto al desarrollo industrial y el comercio, el Gobernador repas\u00f3 la infraestructura portuaria y el contexto del sector comercial.<\/p>\n<p>\u201cTuvimos que hacer una obra nueva requerida por Aduana para guardar el esc\u00e1ner asignado&#8221;, aclar\u00f3 Vald\u00e9s y agreg\u00f3 que &#8220;esperamos que en un plazo no mayor a 60 d\u00edas el Puerto de Ituzaing\u00f3 est\u00e9 operativo\u201d.<\/p>\n<p>Adem\u00e1s, destac\u00f3 la llegada de 50 contenedores con tecnolog\u00eda para la primera planta industrial de madera CLT del pa\u00eds a trav\u00e9s del puerto de Corrientes.<\/p>\n<p>Agenda en Misiones e inversiones internacionales<\/p>\n<p>Finalmente, detall\u00f3 los pr\u00f3ximos compromisos del Ejecutivo fuera de la provincia.<\/p>\n<p>El gobernador participar\u00e1 este viernes de un panel junto a los gobernadores Hugo Passalacqua, Alfredo Cornejo y Ra\u00fal Jalil para exponer la oferta exportadora y los beneficios de al\u00edcuota 0 % en Ingresos Brutos de Corrientes.<\/p>\n<p>Vald\u00e9s coment\u00f3 que los mandatarios provinciales insistir\u00e1n por el tratamiento de la ley de Zona Fr\u00eda y la tarifa diferenciada para la regi\u00f3n.<\/p>\n<p>Por otra parte, confirm\u00f3 la participaci\u00f3n de Corrientes en el evento \u201cArgentina Week\u201d para conseguir inversiones en miner\u00eda, tecnolog\u00eda y el sector forestoindustrial.<\/p>\n","protected":false},"excerpt":{"rendered":"<p>&#8220;Vamos a trabajar en los porcentajes para no quedar atr\u00e1s&#8221; El gobernador de Corrientes habl\u00f3 con medios en Casa de Gobierno y toc\u00f3 varios puntos de la agenda provincial. En Casa de Gobierno, el gobernador Juan Pablo Vald\u00e9s encabez\u00f3 este martes una rueda de prensa donde repas\u00f3 temas de la agenda provincial. Confirm\u00f3 el env\u00edo [&hellip;]<\/p>\n","protected":false},"author":4,"featured_media":226482,"comment_status":"open","ping_status":"open","sticky":false,"template":"","format":"standard","meta":{"_joinchat":[],"footnotes":""},"categories":[26],"tags":[],"class_list":["post-226481","post","type-post","status-publish","format-standard","has-post-thumbnail","category-provinciales"],"yoast_head":"<!-- This site is optimized with the Yoast SEO plugin v27.7 - https:\/\/yoast.com\/product\/yoast-seo-wordpress\/ -->\n<title>Juan Pablo Vald\u00e9s sobre un nuevo aumento - Radio Infinita Goya<\/title>\n<meta name=\"description\" content=\"&quot;Vamos a trabajar en los porcentajes para no quedar atr\u00e1s&quot; El gobernador de Corrientes habl\u00f3 con medios en Casa de Gobierno y toc\u00f3 varios puntos de la\" \/>\n<meta name=\"robots\" content=\"index, follow, max-snippet:-1, max-image-preview:large, max-video-preview:-1\" \/>\n<link rel=\"canonical\" href=\"https:\/\/radioinfinitagoya.com.ar\/v1\/2026\/09\/01\/juan-pablo-valdes-sobre-un-nuevo-aumento\/\" \/>\n<meta property=\"og:locale\" content=\"es_ES\" \/>\n<meta property=\"og:type\" content=\"article\" \/>\n<meta property=\"og:title\" content=\"Juan Pablo Vald\u00e9s sobre un nuevo aumento - Radio Infinita Goya\" \/>\n<meta property=\"og:description\" content=\"&quot;Vamos a trabajar en los porcentajes para no quedar atr\u00e1s&quot; El gobernador de Corrientes habl\u00f3 con medios en Casa de Gobierno y toc\u00f3 varios puntos de la\" \/>\n<meta property=\"og:url\" content=\"https:\/\/radioinfinitagoya.com.ar\/v1\/2026\/09\/01\/juan-pablo-valdes-sobre-un-nuevo-aumento\/\" \/>\n<meta property=\"og:site_name\" content=\"Radio Infinita Goya\" \/>\n<meta property=\"article:publisher\" content=\"https:\/\/www.facebook.com\/p\/Infinita-Goya-100063870918311\/\" \/>\n<meta property=\"article:published_time\" content=\"2026-09-01T16:02:51+00:00\" \/>\n<meta property=\"og:image\" content=\"https:\/\/radioinfinitagoya.com.ar\/v1\/wp-content\/uploads\/2026\/09\/1788272756984.webp\" \/>\n\t<meta property=\"og:image:width\" content=\"1200\" \/>\n\t<meta property=\"og:image:height\" content=\"675\" \/>\n\t<meta property=\"og:image:type\" content=\"image\/webp\" \/>\n<meta name=\"author\" content=\"Jorge Mi\u00f1o\" \/>\n<meta name=\"twitter:card\" content=\"summary_large_image\" \/>\n<meta name=\"twitter:label1\" content=\"Escrito por\" \/>\n\t<meta name=\"twitter:data1\" content=\"Jorge Mi\u00f1o\" \/>\n\t<meta name=\"twitter:label2\" content=\"Tiempo de lectura\" \/>\n\t<meta name=\"twitter:data2\" content=\"3 minutos\" \/>\n<script type=\"application\/ld+json\" class=\"yoast-schema-graph\">{\"@context\":\"https:\\\/\\\/schema.org\",\"@graph\":[{\"@type\":\"Article\",\"@id\":\"https:\\\/\\\/radioinfinitagoya.com.ar\\\/v1\\\/2026\\\/09\\\/01\\\/juan-pablo-valdes-sobre-un-nuevo-aumento\\\/#article\",\"isPartOf\":{\"@id\":\"https:\\\/\\\/radioinfinitagoya.com.ar\\\/v1\\\/2026\\\/09\\\/01\\\/juan-pablo-valdes-sobre-un-nuevo-aumento\\\/\"},\"author\":{\"name\":\"Jorge Mi\u00f1o\",\"@id\":\"https:\\\/\\\/radioinfinitagoya.com.ar\\\/v1\\\/#\\\/schema\\\/person\\\/d4cf9c413d4f6edb24aabdccab49ca4a\"},\"headline\":\"Juan Pablo Vald\u00e9s sobre un nuevo aumento\",\"datePublished\":\"2026-09-01T16:02:51+00:00\",\"mainEntityOfPage\":{\"@id\":\"https:\\\/\\\/radioinfinitagoya.com.ar\\\/v1\\\/2026\\\/09\\\/01\\\/juan-pablo-valdes-sobre-un-nuevo-aumento\\\/\"},\"wordCount\":531,\"commentCount\":0,\"publisher\":{\"@id\":\"https:\\\/\\\/radioinfinitagoya.com.ar\\\/v1\\\/#organization\"},\"image\":{\"@id\":\"https:\\\/\\\/radioinfinitagoya.com.ar\\\/v1\\\/2026\\\/09\\\/01\\\/juan-pablo-valdes-sobre-un-nuevo-aumento\\\/#primaryimage\"},\"thumbnailUrl\":\"https:\\\/\\\/radioinfinitagoya.com.ar\\\/v1\\\/wp-content\\\/uploads\\\/2026\\\/09\\\/1788272756984.webp\",\"articleSection\":[\"PROVINCIALES\"],\"inLanguage\":\"es-AR\",\"potentialAction\":[{\"@type\":\"CommentAction\",\"name\":\"Comment\",\"target\":[\"https:\\\/\\\/radioinfinitagoya.com.ar\\\/v1\\\/2026\\\/09\\\/01\\\/juan-pablo-valdes-sobre-un-nuevo-aumento\\\/#respond\"]}]},{\"@type\":\"WebPage\",\"@id\":\"https:\\\/\\\/radioinfinitagoya.com.ar\\\/v1\\\/2026\\\/09\\\/01\\\/juan-pablo-valdes-sobre-un-nuevo-aumento\\\/\",\"url\":\"https:\\\/\\\/radioinfinitagoya.com.ar\\\/v1\\\/2026\\\/09\\\/01\\\/juan-pablo-valdes-sobre-un-nuevo-aumento\\\/\",\"name\":\"Juan Pablo Vald\u00e9s sobre un nuevo aumento - Radio Infinita Goya\",\"isPartOf\":{\"@id\":\"https:\\\/\\\/radioinfinitagoya.com.ar\\\/v1\\\/#website\"},\"primaryImageOfPage\":{\"@id\":\"https:\\\/\\\/radioinfinitagoya.com.ar\\\/v1\\\/2026\\\/09\\\/01\\\/juan-pablo-valdes-sobre-un-nuevo-aumento\\\/#primaryimage\"},\"image\":{\"@id\":\"https:\\\/\\\/radioinfinitagoya.com.ar\\\/v1\\\/2026\\\/09\\\/01\\\/juan-pablo-valdes-sobre-un-nuevo-aumento\\\/#primaryimage\"},\"thumbnailUrl\":\"https:\\\/\\\/radioinfinitagoya.com.ar\\\/v1\\\/wp-content\\\/uploads\\\/2026\\\/09\\\/1788272756984.webp\",\"datePublished\":\"2026-09-01T16:02:51+00:00\",\"description\":\"\\\"Vamos a trabajar en los porcentajes para no quedar atr\u00e1s\\\" El gobernador de Corrientes habl\u00f3 con medios en Casa de Gobierno y toc\u00f3 varios puntos de la\",\"breadcrumb\":{\"@id\":\"https:\\\/\\\/radioinfinitagoya.com.ar\\\/v1\\\/2026\\\/09\\\/01\\\/juan-pablo-valdes-sobre-un-nuevo-aumento\\\/#breadcrumb\"},\"inLanguage\":\"es-AR\",\"potentialAction\":[{\"@type\":\"ReadAction\",\"target\":[\"https:\\\/\\\/radioinfinitagoya.com.ar\\\/v1\\\/2026\\\/09\\\/01\\\/juan-pablo-valdes-sobre-un-nuevo-aumento\\\/\"]}]},{\"@type\":\"ImageObject\",\"inLanguage\":\"es-AR\",\"@id\":\"https:\\\/\\\/radioinfinitagoya.com.ar\\\/v1\\\/2026\\\/09\\\/01\\\/juan-pablo-valdes-sobre-un-nuevo-aumento\\\/#primaryimage\",\"url\":\"https:\\\/\\\/radioinfinitagoya.com.ar\\\/v1\\\/wp-content\\\/uploads\\\/2026\\\/09\\\/1788272756984.webp\",\"contentUrl\":\"https:\\\/\\\/radioinfinitagoya.com.ar\\\/v1\\\/wp-content\\\/uploads\\\/2026\\\/09\\\/1788272756984.webp\",\"width\":1200,\"height\":675},{\"@type\":\"BreadcrumbList\",\"@id\":\"https:\\\/\\\/radioinfinitagoya.com.ar\\\/v1\\\/2026\\\/09\\\/01\\\/juan-pablo-valdes-sobre-un-nuevo-aumento\\\/#breadcrumb\",\"itemListElement\":[{\"@type\":\"ListItem\",\"position\":1,\"name\":\"Inicio\",\"item\":\"https:\\\/\\\/radioinfinitagoya.com.ar\\\/v1\\\/\"},{\"@type\":\"ListItem\",\"position\":2,\"name\":\"Juan Pablo Vald\u00e9s sobre un nuevo aumento\"}]},{\"@type\":\"WebSite\",\"@id\":\"https:\\\/\\\/radioinfinitagoya.com.ar\\\/v1\\\/#website\",\"url\":\"https:\\\/\\\/radioinfinitagoya.com.ar\\\/v1\\\/\",\"name\":\"radioinfinitagoya.com.ar\",\"description\":\"Radio de noticias\",\"publisher\":{\"@id\":\"https:\\\/\\\/radioinfinitagoya.com.ar\\\/v1\\\/#organization\"},\"potentialAction\":[{\"@type\":\"SearchAction\",\"target\":{\"@type\":\"EntryPoint\",\"urlTemplate\":\"https:\\\/\\\/radioinfinitagoya.com.ar\\\/v1\\\/?s={search_term_string}\"},\"query-input\":{\"@type\":\"PropertyValueSpecification\",\"valueRequired\":true,\"valueName\":\"search_term_string\"}}],\"inLanguage\":\"es-AR\"},{\"@type\":\"Organization\",\"@id\":\"https:\\\/\\\/radioinfinitagoya.com.ar\\\/v1\\\/#organization\",\"name\":\"Radio Infinita Goya\",\"url\":\"https:\\\/\\\/radioinfinitagoya.com.ar\\\/v1\\\/\",\"logo\":{\"@type\":\"ImageObject\",\"inLanguage\":\"es-AR\",\"@id\":\"https:\\\/\\\/radioinfinitagoya.com.ar\\\/v1\\\/#\\\/schema\\\/logo\\\/image\\\/\",\"url\":\"https:\\\/\\\/radioinfinitagoya.com.ar\\\/v1\\\/wp-content\\\/uploads\\\/2019\\\/11\\\/logo-pie-web.png\",\"contentUrl\":\"https:\\\/\\\/radioinfinitagoya.com.ar\\\/v1\\\/wp-content\\\/uploads\\\/2019\\\/11\\\/logo-pie-web.png\",\"width\":635,\"height\":326,\"caption\":\"Radio Infinita Goya\"},\"image\":{\"@id\":\"https:\\\/\\\/radioinfinitagoya.com.ar\\\/v1\\\/#\\\/schema\\\/logo\\\/image\\\/\"},\"sameAs\":[\"https:\\\/\\\/www.facebook.com\\\/p\\\/Infinita-Goya-100063870918311\\\/\"]},{\"@type\":\"Person\",\"@id\":\"https:\\\/\\\/radioinfinitagoya.com.ar\\\/v1\\\/#\\\/schema\\\/person\\\/d4cf9c413d4f6edb24aabdccab49ca4a\",\"name\":\"Jorge Mi\u00f1o\",\"image\":{\"@type\":\"ImageObject\",\"inLanguage\":\"es-AR\",\"@id\":\"https:\\\/\\\/secure.gravatar.com\\\/avatar\\\/910fcf6728fe95320e07a6643c1581fec1c7fc4bf8ae12e3d8f0d0373dc844be?s=96&d=mm&r=g\",\"url\":\"https:\\\/\\\/secure.gravatar.com\\\/avatar\\\/910fcf6728fe95320e07a6643c1581fec1c7fc4bf8ae12e3d8f0d0373dc844be?s=96&d=mm&r=g\",\"contentUrl\":\"https:\\\/\\\/secure.gravatar.com\\\/avatar\\\/910fcf6728fe95320e07a6643c1581fec1c7fc4bf8ae12e3d8f0d0373dc844be?s=96&d=mm&r=g\",\"caption\":\"Jorge Mi\u00f1o\"},\"sameAs\":[\"http:\\\/\\\/radioinfinitagoya.com.ar\"]}]}<\/script>\n<!-- \/ Yoast SEO plugin. -->","yoast_head_json":{"title":"Juan Pablo Vald\u00e9s sobre un nuevo aumento - Radio Infinita Goya","description":"\"Vamos a trabajar en los porcentajes para no quedar atr\u00e1s\" El gobernador de Corrientes habl\u00f3 con medios en Casa de Gobierno y toc\u00f3 varios puntos de la","robots":{"index":"index","follow":"follow","max-snippet":"max-snippet:-1","max-image-preview":"max-image-preview:large","max-video-preview":"max-video-preview:-1"},"canonical":"https:\/\/radioinfinitagoya.com.ar\/v1\/2026\/09\/01\/juan-pablo-valdes-sobre-un-nuevo-aumento\/","og_locale":"es_ES","og_type":"article","og_title":"Juan Pablo Vald\u00e9s sobre un nuevo aumento - Radio Infinita Goya","og_description":"\"Vamos a trabajar en los porcentajes para no quedar atr\u00e1s\" El gobernador de Corrientes habl\u00f3 con medios en Casa de Gobierno y toc\u00f3 varios puntos de la","og_url":"https:\/\/radioinfinitagoya.com.ar\/v1\/2026\/09\/01\/juan-pablo-valdes-sobre-un-nuevo-aumento\/","og_site_name":"Radio Infinita Goya","article_publisher":"https:\/\/www.facebook.com\/p\/Infinita-Goya-100063870918311\/","article_published_time":"2026-09-01T16:02:51+00:00","og_image":[{"width":1200,"height":675,"url":"https:\/\/radioinfinitagoya.com.ar\/v1\/wp-content\/uploads\/2026\/09\/1788272756984.webp","type":"image\/webp"}],"author":"Jorge Mi\u00f1o","twitter_card":"summary_large_image","twitter_misc":{"Escrito por":"Jorge Mi\u00f1o","Tiempo de lectura":"3 minutos"},"schema":{"@context":"https:\/\/schema.org","@graph":[{"@type":"Article","@id":"https:\/\/radioinfinitagoya.com.ar\/v1\/2026\/09\/01\/juan-pablo-valdes-sobre-un-nuevo-aumento\/#article","isPartOf":{"@id":"https:\/\/radioinfinitagoya.com.ar\/v1\/2026\/09\/01\/juan-pablo-valdes-sobre-un-nuevo-aumento\/"},"author":{"name":"Jorge Mi\u00f1o","@id":"https:\/\/radioinfinitagoya.com.ar\/v1\/#\/schema\/person\/d4cf9c413d4f6edb24aabdccab49ca4a"},"headline":"Juan Pablo Vald\u00e9s sobre un nuevo aumento","datePublished":"2026-09-01T16:02:51+00:00","mainEntityOfPage":{"@id":"https:\/\/radioinfinitagoya.com.ar\/v1\/2026\/09\/01\/juan-pablo-valdes-sobre-un-nuevo-aumento\/"},"wordCount":531,"commentCount":0,"publisher":{"@id":"https:\/\/radioinfinitagoya.com.ar\/v1\/#organization"},"image":{"@id":"https:\/\/radioinfinitagoya.com.ar\/v1\/2026\/09\/01\/juan-pablo-valdes-sobre-un-nuevo-aumento\/#primaryimage"},"thumbnailUrl":"https:\/\/radioinfinitagoya.com.ar\/v1\/wp-content\/uploads\/2026\/09\/1788272756984.webp","articleSection":["PROVINCIALES"],"inLanguage":"es-AR","potentialAction":[{"@type":"CommentAction","name":"Comment","target":["https:\/\/radioinfinitagoya.com.ar\/v1\/2026\/09\/01\/juan-pablo-valdes-sobre-un-nuevo-aumento\/#respond"]}]},{"@type":"WebPage","@id":"https:\/\/radioinfinitagoya.com.ar\/v1\/2026\/09\/01\/juan-pablo-valdes-sobre-un-nuevo-aumento\/","url":"https:\/\/radioinfinitagoya.com.ar\/v1\/2026\/09\/01\/juan-pablo-valdes-sobre-un-nuevo-aumento\/","name":"Juan Pablo Vald\u00e9s sobre un nuevo aumento - Radio Infinita Goya","isPartOf":{"@id":"https:\/\/radioinfinitagoya.com.ar\/v1\/#website"},"primaryImageOfPage":{"@id":"https:\/\/radioinfinitagoya.com.ar\/v1\/2026\/09\/01\/juan-pablo-valdes-sobre-un-nuevo-aumento\/#primaryimage"},"image":{"@id":"https:\/\/radioinfinitagoya.com.ar\/v1\/2026\/09\/01\/juan-pablo-valdes-sobre-un-nuevo-aumento\/#primaryimage"},"thumbnailUrl":"https:\/\/radioinfinitagoya.com.ar\/v1\/wp-content\/uploads\/2026\/09\/1788272756984.webp","datePublished":"2026-09-01T16:02:51+00:00","description":"\"Vamos a trabajar en los porcentajes para no quedar atr\u00e1s\" El gobernador de Corrientes habl\u00f3 con medios en Casa de Gobierno y toc\u00f3 varios puntos de la","breadcrumb":{"@id":"https:\/\/radioinfinitagoya.com.ar\/v1\/2026\/09\/01\/juan-pablo-valdes-sobre-un-nuevo-aumento\/#breadcrumb"},"inLanguage":"es-AR","potentialAction":[{"@type":"ReadAction","target":["https:\/\/radioinfinitagoya.com.ar\/v1\/2026\/09\/01\/juan-pablo-valdes-sobre-un-nuevo-aumento\/"]}]},{"@type":"ImageObject","inLanguage":"es-AR","@id":"https:\/\/radioinfinitagoya.com.ar\/v1\/2026\/09\/01\/juan-pablo-valdes-sobre-un-nuevo-aumento\/#primaryimage","url":"https:\/\/radioinfinitagoya.com.ar\/v1\/wp-content\/uploads\/2026\/09\/1788272756984.webp","contentUrl":"https:\/\/radioinfinitagoya.com.ar\/v1\/wp-content\/uploads\/2026\/09\/1788272756984.webp","width":1200,"height":675},{"@type":"BreadcrumbList","@id":"https:\/\/radioinfinitagoya.com.ar\/v1\/2026\/09\/01\/juan-pablo-valdes-sobre-un-nuevo-aumento\/#breadcrumb","itemListElement":[{"@type":"ListItem","position":1,"name":"Inicio","item":"https:\/\/radioinfinitagoya.com.ar\/v1\/"},{"@type":"ListItem","position":2,"name":"Juan Pablo Vald\u00e9s sobre un nuevo aumento"}]},{"@type":"WebSite","@id":"https:\/\/radioinfinitagoya.com.ar\/v1\/#website","url":"https:\/\/radioinfinitagoya.com.ar\/v1\/","name":"radioinfinitagoya.com.ar","description":"Radio de noticias","publisher":{"@id":"https:\/\/radioinfinitagoya.com.ar\/v1\/#organization"},"potentialAction":[{"@type":"SearchAction","target":{"@type":"EntryPoint","urlTemplate":"https:\/\/radioinfinitagoya.com.ar\/v1\/?s={search_term_string}"},"query-input":{"@type":"PropertyValueSpecification","valueRequired":true,"valueName":"search_term_string"}}],"inLanguage":"es-AR"},{"@type":"Organization","@id":"https:\/\/radioinfinitagoya.com.ar\/v1\/#organization","name":"Radio Infinita Goya","url":"https:\/\/radioinfinitagoya.com.ar\/v1\/","logo":{"@type":"ImageObject","inLanguage":"es-AR","@id":"https:\/\/radioinfinitagoya.com.ar\/v1\/#\/schema\/logo\/image\/","url":"https:\/\/radioinfinitagoya.com.ar\/v1\/wp-content\/uploads\/2019\/11\/logo-pie-web.png","contentUrl":"https:\/\/radioinfinitagoya.com.ar\/v1\/wp-content\/uploads\/2019\/11\/logo-pie-web.png","width":635,"height":326,"caption":"Radio Infinita Goya"},"image":{"@id":"https:\/\/radioinfinitagoya.com.ar\/v1\/#\/schema\/logo\/image\/"},"sameAs":["https:\/\/www.facebook.com\/p\/Infinita-Goya-100063870918311\/"]},{"@type":"Person","@id":"https:\/\/radioinfinitagoya.com.ar\/v1\/#\/schema\/person\/d4cf9c413d4f6edb24aabdccab49ca4a","name":"Jorge Mi\u00f1o","image":{"@type":"ImageObject","inLanguage":"es-AR","@id":"https:\/\/secure.gravatar.com\/avatar\/910fcf6728fe95320e07a6643c1581fec1c7fc4bf8ae12e3d8f0d0373dc844be?s=96&d=mm&r=g","url":"https:\/\/secure.gravatar.com\/avatar\/910fcf6728fe95320e07a6643c1581fec1c7fc4bf8ae12e3d8f0d0373dc844be?s=96&d=mm&r=g","contentUrl":"https:\/\/secure.gravatar.com\/avatar\/910fcf6728fe95320e07a6643c1581fec1c7fc4bf8ae12e3d8f0d0373dc844be?s=96&d=mm&r=g","caption":"Jorge Mi\u00f1o"},"sameAs":["http:\/\/radioinfinitagoya.com.ar"]}]}},"_links":{"self":[{"href":"https:\/\/radioinfinitagoya.com.ar\/v1\/wp-json\/wp\/v2\/posts\/226481","targetHints":{"allow":["GET"]}}],"collection":[{"href":"https:\/\/radioinfinitagoya.com.ar\/v1\/wp-json\/wp\/v2\/posts"}],"about":[{"href":"https:\/\/radioinfinitagoya.com.ar\/v1\/wp-json\/wp\/v2\/types\/post"}],"author":[{"embeddable":true,"href":"https:\/\/radioinfinitagoya.com.ar\/v1\/wp-json\/wp\/v2\/users\/4"}],"replies":[{"embeddable":true,"href":"https:\/\/radioinfinitagoya.com.ar\/v1\/wp-json\/wp\/v2\/comments?post=226481"}],"version-history":[{"count":1,"href":"https:\/\/radioinfinitagoya.com.ar\/v1\/wp-json\/wp\/v2\/posts\/226481\/revisions"}],"predecessor-version":[{"id":226483,"href":"https:\/\/radioinfinitagoya.com.ar\/v1\/wp-json\/wp\/v2\/posts\/226481\/revisions\/226483"}],"wp:featuredmedia":[{"embeddable":true,"href":"https:\/\/radioinfinitagoya.com.ar\/v1\/wp-json\/wp\/v2\/media\/226482"}],"wp:attachment":[{"href":"https:\/\/radioinfinitagoya.com.ar\/v1\/wp-json\/wp\/v2\/media?parent=226481"}],"wp:term":[{"taxonomy":"category","embeddable":true,"href":"https:\/\/radioinfinitagoya.com.ar\/v1\/wp-json\/wp\/v2\/categories?post=226481"},{"taxonomy":"post_tag","embeddable":true,"href":"https:\/\/radioinfinitagoya.com.ar\/v1\/wp-json\/wp\/v2\/tags?post=226481"}],"curies":[{"name":"wp","href":"https:\/\/api.w.org\/{rel}","templated":true}]}}