{"id":226484,"date":"2026-09-01T13:10:25","date_gmt":"2026-09-01T16:10:25","guid":{"rendered":"https:\/\/radioinfinitagoya.com.ar\/v1\/?p=226484"},"modified":"2026-09-01T13:10:25","modified_gmt":"2026-09-01T16:10:25","slug":"el-gobierno-oficializara-el-aumento-del-salario-minimo-a-437-000-en-abril-2027","status":"publish","type":"post","link":"https:\/\/radioinfinitagoya.com.ar\/v1\/2026\/09\/01\/el-gobierno-oficializara-el-aumento-del-salario-minimo-a-437-000-en-abril-2027\/","title":{"rendered":"El Gobierno oficializar\u00e1 el aumento del salario m\u00ednimo a $437.000 en abril 2027"},"content":{"rendered":"<p>Los detalles se publicar\u00e1n en las pr\u00f3ximas horas a trav\u00e9s de un decreto, luego de que se frustrara la negociaci\u00f3n entre sindicatos y empresarios durante la reuni\u00f3n del Consejo del Salario.<\/p>\n<p>Luego del fracaso de la reuni\u00f3n del Consejo del Salario del viernes pasado, el Gobierno oficializar\u00e1 por decreto esta semana una seria de aumentos escalonados mensuales para llevar el Salario M\u00ednimo Vital y M\u00f3vil (SMVM) a $437.000 en abril de 2027.<\/p>\n<p>El esquema establece subas mes a mes que arrancan en septiembre con un 1,91% y se extienden hasta abril del a\u00f1o pr\u00f3ximo. As\u00ed, el SMVM pasar\u00e1 de los actuales $376.600 a $437.000 en ocho meses.<\/p>\n<p>En paralelo, el valor de la hora para los trabajadores jornalizados tambi\u00e9n se ajustar\u00e1 en la misma proporci\u00f3n y pasar\u00e1 de los $1883 actuales a $2185 en abril de 2027.<\/p>\n<p>Los aumentos del Salario M\u00ednimo que fijar\u00e1 el Gobierno<br \/>\nEl cronograma de aumentos -que se publicar\u00e1 en las pr\u00f3ximas horas- ser\u00e1 de la siguiente manera:<\/p>\n<p>Septiembre 2026: $383.800 (+1,91% respecto a agosto)<\/p>\n<p>Octubre 2026: $391.200 (+1,93%)<br \/>\nNoviembre 2026: $398.800 (+1,94%)<br \/>\nDiciembre 2026: $406.400 (+1,91%)<br \/>\nEnero 2027: $414.200 (+1,92%)<br \/>\nFebrero 2027: $422.000 (+1,88%)<br \/>\nMarzo 2027: $429.600 (+1,80%)<br \/>\nAbril 2027: $437.000 (+1,72%)<\/p>\n<p>En este escenario, analistas del Instituto Interdisciplinario de Econom\u00eda Pol\u00edtica (IIEP) de la UBA analizaron la evoluci\u00f3n del poder de compra y determinaron que el salario m\u00ednimo real acumul\u00f3 una ca\u00edda de 40,5% entre noviembre de 2023 (equivalentes a $626.106) y julio de 2026 ($372.400).<\/p>\n<p>Qu\u00e9 pas\u00f3 en el Consejo del Salario<\/p>\n<p>La definici\u00f3n por decreto llega despu\u00e9s de que la reuni\u00f3n del Consejo del Salario, convocada para el viernes pasado, se levantara sin acuerdo. La CGT y las dos CTA rechazaron la propuesta empresaria, que ofrec\u00eda un 1,8% para septiembre y 1,7% para los meses siguientes hasta abril, y se retiraron del encuentro virtual.<\/p>\n<p>El Consejo del Salario es el \u00e1mbito donde dialogan representantes de los trabajadores, los empleadores, el Estado nacional y los gobiernos provinciales para fijar ese piso salarial. Dicho ajuste tambi\u00e9n impacta en la prestaci\u00f3n por desempleo, que es equivalente al 75% de la mejor remuneraci\u00f3n mensual del trabajador en los seis meses previos al cese.<\/p>\n<p>Ante la falta de consenso, qued\u00f3 nuevamente en manos del Poder Ejecutivo definir la actualizaci\u00f3n tal como hab\u00eda ocurrido el a\u00f1o pasado, cuando el Gobierno resolvi\u00f3 por laudo un alza en diez tramos.<\/p>\n<p>Qu\u00e9 pasa con los salarios acordados bajo convenio<\/p>\n<p>En paralelo a la discusi\u00f3n por el salario m\u00ednimo, el Gobierno abri\u00f3 la puerta a impulsar nuevas negociaciones colectivas entre los empresarios y los sindicatos para que los sueldos de convenio empiecen con un piso de $1 mill\u00f3n bruto -alrededor de $830.000, dependiendo el caso-.<\/p>\n<p>\u201cA ra\u00edz de la nueva ley laboral se convoc\u00f3 a las partes de todos los convenios a negociar nuevos acuerdos y se les dijo: \u2018J\u00fantense y traten de subir los pisos\u2019. Fue una sugerencia\u201c, explic\u00f3 a TN una fuente del Ejecutivo. Sin embargo, esa misma fuente aclar\u00f3 que fueron tan solo conversaciones informales. De todos modos, la Secretar\u00eda de Trabajo es la encargada de homologar los convenios.<\/p>\n","protected":false},"excerpt":{"rendered":"<p>Los detalles se publicar\u00e1n en las pr\u00f3ximas horas a trav\u00e9s de un decreto, luego de que se frustrara la negociaci\u00f3n entre sindicatos y empresarios durante la reuni\u00f3n del Consejo del Salario. Luego del fracaso de la reuni\u00f3n del Consejo del Salario del viernes pasado, el Gobierno oficializar\u00e1 por decreto esta semana una seria de aumentos [&hellip;]<\/p>\n","protected":false},"author":4,"featured_media":226485,"comment_status":"open","ping_status":"open","sticky":false,"template":"","format":"standard","meta":{"_joinchat":[],"footnotes":""},"categories":[29],"tags":[],"class_list":["post-226484","post","type-post","status-publish","format-standard","has-post-thumbnail","category-nacionales"],"yoast_head":"<!-- This site is optimized with the Yoast SEO plugin v27.7 - https:\/\/yoast.com\/product\/yoast-seo-wordpress\/ -->\n<title>El Gobierno oficializar\u00e1 el aumento del salario m\u00ednimo a $437.000 en abril 2027 - Radio Infinita Goya<\/title>\n<meta name=\"description\" content=\"Los detalles se publicar\u00e1n en las pr\u00f3ximas horas a trav\u00e9s de un decreto, luego de que se frustrara la negociaci\u00f3n entre sindicatos y empresarios durante\" \/>\n<meta name=\"robots\" content=\"index, follow, max-snippet:-1, max-image-preview:large, max-video-preview:-1\" \/>\n<link rel=\"canonical\" href=\"https:\/\/radioinfinitagoya.com.ar\/v1\/2026\/09\/01\/el-gobierno-oficializara-el-aumento-del-salario-minimo-a-437-000-en-abril-2027\/\" \/>\n<meta property=\"og:locale\" content=\"es_ES\" \/>\n<meta property=\"og:type\" content=\"article\" \/>\n<meta property=\"og:title\" content=\"El Gobierno oficializar\u00e1 el aumento del salario m\u00ednimo a $437.000 en abril 2027 - Radio Infinita Goya\" \/>\n<meta property=\"og:description\" content=\"Los detalles se publicar\u00e1n en las pr\u00f3ximas horas a trav\u00e9s de un decreto, luego de que se frustrara la negociaci\u00f3n entre sindicatos y empresarios durante\" \/>\n<meta property=\"og:url\" content=\"https:\/\/radioinfinitagoya.com.ar\/v1\/2026\/09\/01\/el-gobierno-oficializara-el-aumento-del-salario-minimo-a-437-000-en-abril-2027\/\" \/>\n<meta property=\"og:site_name\" content=\"Radio Infinita Goya\" \/>\n<meta property=\"article:publisher\" content=\"https:\/\/www.facebook.com\/p\/Infinita-Goya-100063870918311\/\" \/>\n<meta property=\"article:published_time\" content=\"2026-09-01T16:10:25+00:00\" \/>\n<meta property=\"og:image\" content=\"https:\/\/radioinfinitagoya.com.ar\/v1\/wp-content\/uploads\/2026\/09\/1788213190957.webp\" \/>\n\t<meta property=\"og:image:width\" content=\"1200\" \/>\n\t<meta property=\"og:image:height\" content=\"675\" \/>\n\t<meta property=\"og:image:type\" content=\"image\/webp\" \/>\n<meta name=\"author\" content=\"Jorge Mi\u00f1o\" \/>\n<meta name=\"twitter:card\" content=\"summary_large_image\" \/>\n<meta name=\"twitter:label1\" content=\"Escrito por\" \/>\n\t<meta name=\"twitter:data1\" content=\"Jorge Mi\u00f1o\" \/>\n\t<meta name=\"twitter:label2\" content=\"Tiempo de lectura\" \/>\n\t<meta name=\"twitter:data2\" content=\"3 minutos\" \/>\n<script type=\"application\/ld+json\" class=\"yoast-schema-graph\">{\"@context\":\"https:\\\/\\\/schema.org\",\"@graph\":[{\"@type\":\"Article\",\"@id\":\"https:\\\/\\\/radioinfinitagoya.com.ar\\\/v1\\\/2026\\\/09\\\/01\\\/el-gobierno-oficializara-el-aumento-del-salario-minimo-a-437-000-en-abril-2027\\\/#article\",\"isPartOf\":{\"@id\":\"https:\\\/\\\/radioinfinitagoya.com.ar\\\/v1\\\/2026\\\/09\\\/01\\\/el-gobierno-oficializara-el-aumento-del-salario-minimo-a-437-000-en-abril-2027\\\/\"},\"author\":{\"name\":\"Jorge Mi\u00f1o\",\"@id\":\"https:\\\/\\\/radioinfinitagoya.com.ar\\\/v1\\\/#\\\/schema\\\/person\\\/d4cf9c413d4f6edb24aabdccab49ca4a\"},\"headline\":\"El Gobierno oficializar\u00e1 el aumento del salario m\u00ednimo a $437.000 en abril 2027\",\"datePublished\":\"2026-09-01T16:10:25+00:00\",\"mainEntityOfPage\":{\"@id\":\"https:\\\/\\\/radioinfinitagoya.com.ar\\\/v1\\\/2026\\\/09\\\/01\\\/el-gobierno-oficializara-el-aumento-del-salario-minimo-a-437-000-en-abril-2027\\\/\"},\"wordCount\":515,\"commentCount\":0,\"publisher\":{\"@id\":\"https:\\\/\\\/radioinfinitagoya.com.ar\\\/v1\\\/#organization\"},\"image\":{\"@id\":\"https:\\\/\\\/radioinfinitagoya.com.ar\\\/v1\\\/2026\\\/09\\\/01\\\/el-gobierno-oficializara-el-aumento-del-salario-minimo-a-437-000-en-abril-2027\\\/#primaryimage\"},\"thumbnailUrl\":\"https:\\\/\\\/radioinfinitagoya.com.ar\\\/v1\\\/wp-content\\\/uploads\\\/2026\\\/09\\\/1788213190957.webp\",\"articleSection\":[\"NACIONALES\"],\"inLanguage\":\"es-AR\",\"potentialAction\":[{\"@type\":\"CommentAction\",\"name\":\"Comment\",\"target\":[\"https:\\\/\\\/radioinfinitagoya.com.ar\\\/v1\\\/2026\\\/09\\\/01\\\/el-gobierno-oficializara-el-aumento-del-salario-minimo-a-437-000-en-abril-2027\\\/#respond\"]}]},{\"@type\":\"WebPage\",\"@id\":\"https:\\\/\\\/radioinfinitagoya.com.ar\\\/v1\\\/2026\\\/09\\\/01\\\/el-gobierno-oficializara-el-aumento-del-salario-minimo-a-437-000-en-abril-2027\\\/\",\"url\":\"https:\\\/\\\/radioinfinitagoya.com.ar\\\/v1\\\/2026\\\/09\\\/01\\\/el-gobierno-oficializara-el-aumento-del-salario-minimo-a-437-000-en-abril-2027\\\/\",\"name\":\"El Gobierno oficializar\u00e1 el aumento del salario m\u00ednimo a $437.000 en abril 2027 - Radio Infinita Goya\",\"isPartOf\":{\"@id\":\"https:\\\/\\\/radioinfinitagoya.com.ar\\\/v1\\\/#website\"},\"primaryImageOfPage\":{\"@id\":\"https:\\\/\\\/radioinfinitagoya.com.ar\\\/v1\\\/2026\\\/09\\\/01\\\/el-gobierno-oficializara-el-aumento-del-salario-minimo-a-437-000-en-abril-2027\\\/#primaryimage\"},\"image\":{\"@id\":\"https:\\\/\\\/radioinfinitagoya.com.ar\\\/v1\\\/2026\\\/09\\\/01\\\/el-gobierno-oficializara-el-aumento-del-salario-minimo-a-437-000-en-abril-2027\\\/#primaryimage\"},\"thumbnailUrl\":\"https:\\\/\\\/radioinfinitagoya.com.ar\\\/v1\\\/wp-content\\\/uploads\\\/2026\\\/09\\\/1788213190957.webp\",\"datePublished\":\"2026-09-01T16:10:25+00:00\",\"description\":\"Los detalles se publicar\u00e1n en las pr\u00f3ximas horas a trav\u00e9s de un decreto, luego de que se frustrara la negociaci\u00f3n entre sindicatos y empresarios durante\",\"breadcrumb\":{\"@id\":\"https:\\\/\\\/radioinfinitagoya.com.ar\\\/v1\\\/2026\\\/09\\\/01\\\/el-gobierno-oficializara-el-aumento-del-salario-minimo-a-437-000-en-abril-2027\\\/#breadcrumb\"},\"inLanguage\":\"es-AR\",\"potentialAction\":[{\"@type\":\"ReadAction\",\"target\":[\"https:\\\/\\\/radioinfinitagoya.com.ar\\\/v1\\\/2026\\\/09\\\/01\\\/el-gobierno-oficializara-el-aumento-del-salario-minimo-a-437-000-en-abril-2027\\\/\"]}]},{\"@type\":\"ImageObject\",\"inLanguage\":\"es-AR\",\"@id\":\"https:\\\/\\\/radioinfinitagoya.com.ar\\\/v1\\\/2026\\\/09\\\/01\\\/el-gobierno-oficializara-el-aumento-del-salario-minimo-a-437-000-en-abril-2027\\\/#primaryimage\",\"url\":\"https:\\\/\\\/radioinfinitagoya.com.ar\\\/v1\\\/wp-content\\\/uploads\\\/2026\\\/09\\\/1788213190957.webp\",\"contentUrl\":\"https:\\\/\\\/radioinfinitagoya.com.ar\\\/v1\\\/wp-content\\\/uploads\\\/2026\\\/09\\\/1788213190957.webp\",\"width\":1200,\"height\":675},{\"@type\":\"BreadcrumbList\",\"@id\":\"https:\\\/\\\/radioinfinitagoya.com.ar\\\/v1\\\/2026\\\/09\\\/01\\\/el-gobierno-oficializara-el-aumento-del-salario-minimo-a-437-000-en-abril-2027\\\/#breadcrumb\",\"itemListElement\":[{\"@type\":\"ListItem\",\"position\":1,\"name\":\"Inicio\",\"item\":\"https:\\\/\\\/radioinfinitagoya.com.ar\\\/v1\\\/\"},{\"@type\":\"ListItem\",\"position\":2,\"name\":\"El Gobierno oficializar\u00e1 el aumento del salario m\u00ednimo a $437.000 en abril 2027\"}]},{\"@type\":\"WebSite\",\"@id\":\"https:\\\/\\\/radioinfinitagoya.com.ar\\\/v1\\\/#website\",\"url\":\"https:\\\/\\\/radioinfinitagoya.com.ar\\\/v1\\\/\",\"name\":\"radioinfinitagoya.com.ar\",\"description\":\"Radio de noticias\",\"publisher\":{\"@id\":\"https:\\\/\\\/radioinfinitagoya.com.ar\\\/v1\\\/#organization\"},\"potentialAction\":[{\"@type\":\"SearchAction\",\"target\":{\"@type\":\"EntryPoint\",\"urlTemplate\":\"https:\\\/\\\/radioinfinitagoya.com.ar\\\/v1\\\/?s={search_term_string}\"},\"query-input\":{\"@type\":\"PropertyValueSpecification\",\"valueRequired\":true,\"valueName\":\"search_term_string\"}}],\"inLanguage\":\"es-AR\"},{\"@type\":\"Organization\",\"@id\":\"https:\\\/\\\/radioinfinitagoya.com.ar\\\/v1\\\/#organization\",\"name\":\"Radio Infinita Goya\",\"url\":\"https:\\\/\\\/radioinfinitagoya.com.ar\\\/v1\\\/\",\"logo\":{\"@type\":\"ImageObject\",\"inLanguage\":\"es-AR\",\"@id\":\"https:\\\/\\\/radioinfinitagoya.com.ar\\\/v1\\\/#\\\/schema\\\/logo\\\/image\\\/\",\"url\":\"https:\\\/\\\/radioinfinitagoya.com.ar\\\/v1\\\/wp-content\\\/uploads\\\/2019\\\/11\\\/logo-pie-web.png\",\"contentUrl\":\"https:\\\/\\\/radioinfinitagoya.com.ar\\\/v1\\\/wp-content\\\/uploads\\\/2019\\\/11\\\/logo-pie-web.png\",\"width\":635,\"height\":326,\"caption\":\"Radio Infinita Goya\"},\"image\":{\"@id\":\"https:\\\/\\\/radioinfinitagoya.com.ar\\\/v1\\\/#\\\/schema\\\/logo\\\/image\\\/\"},\"sameAs\":[\"https:\\\/\\\/www.facebook.com\\\/p\\\/Infinita-Goya-100063870918311\\\/\"]},{\"@type\":\"Person\",\"@id\":\"https:\\\/\\\/radioinfinitagoya.com.ar\\\/v1\\\/#\\\/schema\\\/person\\\/d4cf9c413d4f6edb24aabdccab49ca4a\",\"name\":\"Jorge Mi\u00f1o\",\"image\":{\"@type\":\"ImageObject\",\"inLanguage\":\"es-AR\",\"@id\":\"https:\\\/\\\/secure.gravatar.com\\\/avatar\\\/910fcf6728fe95320e07a6643c1581fec1c7fc4bf8ae12e3d8f0d0373dc844be?s=96&d=mm&r=g\",\"url\":\"https:\\\/\\\/secure.gravatar.com\\\/avatar\\\/910fcf6728fe95320e07a6643c1581fec1c7fc4bf8ae12e3d8f0d0373dc844be?s=96&d=mm&r=g\",\"contentUrl\":\"https:\\\/\\\/secure.gravatar.com\\\/avatar\\\/910fcf6728fe95320e07a6643c1581fec1c7fc4bf8ae12e3d8f0d0373dc844be?s=96&d=mm&r=g\",\"caption\":\"Jorge Mi\u00f1o\"},\"sameAs\":[\"http:\\\/\\\/radioinfinitagoya.com.ar\"]}]}<\/script>\n<!-- \/ Yoast SEO plugin. -->","yoast_head_json":{"title":"El Gobierno oficializar\u00e1 el aumento del salario m\u00ednimo a $437.000 en abril 2027 - Radio Infinita Goya","description":"Los detalles se publicar\u00e1n en las pr\u00f3ximas horas a trav\u00e9s de un decreto, luego de que se frustrara la negociaci\u00f3n entre sindicatos y empresarios durante","robots":{"index":"index","follow":"follow","max-snippet":"max-snippet:-1","max-image-preview":"max-image-preview:large","max-video-preview":"max-video-preview:-1"},"canonical":"https:\/\/radioinfinitagoya.com.ar\/v1\/2026\/09\/01\/el-gobierno-oficializara-el-aumento-del-salario-minimo-a-437-000-en-abril-2027\/","og_locale":"es_ES","og_type":"article","og_title":"El Gobierno oficializar\u00e1 el aumento del salario m\u00ednimo a $437.000 en abril 2027 - Radio Infinita Goya","og_description":"Los detalles se publicar\u00e1n en las pr\u00f3ximas horas a trav\u00e9s de un decreto, luego de que se frustrara la negociaci\u00f3n entre sindicatos y empresarios durante","og_url":"https:\/\/radioinfinitagoya.com.ar\/v1\/2026\/09\/01\/el-gobierno-oficializara-el-aumento-del-salario-minimo-a-437-000-en-abril-2027\/","og_site_name":"Radio Infinita Goya","article_publisher":"https:\/\/www.facebook.com\/p\/Infinita-Goya-100063870918311\/","article_published_time":"2026-09-01T16:10:25+00:00","og_image":[{"width":1200,"height":675,"url":"https:\/\/radioinfinitagoya.com.ar\/v1\/wp-content\/uploads\/2026\/09\/1788213190957.webp","type":"image\/webp"}],"author":"Jorge Mi\u00f1o","twitter_card":"summary_large_image","twitter_misc":{"Escrito por":"Jorge Mi\u00f1o","Tiempo de lectura":"3 minutos"},"schema":{"@context":"https:\/\/schema.org","@graph":[{"@type":"Article","@id":"https:\/\/radioinfinitagoya.com.ar\/v1\/2026\/09\/01\/el-gobierno-oficializara-el-aumento-del-salario-minimo-a-437-000-en-abril-2027\/#article","isPartOf":{"@id":"https:\/\/radioinfinitagoya.com.ar\/v1\/2026\/09\/01\/el-gobierno-oficializara-el-aumento-del-salario-minimo-a-437-000-en-abril-2027\/"},"author":{"name":"Jorge Mi\u00f1o","@id":"https:\/\/radioinfinitagoya.com.ar\/v1\/#\/schema\/person\/d4cf9c413d4f6edb24aabdccab49ca4a"},"headline":"El Gobierno oficializar\u00e1 el aumento del salario m\u00ednimo a $437.000 en abril 2027","datePublished":"2026-09-01T16:10:25+00:00","mainEntityOfPage":{"@id":"https:\/\/radioinfinitagoya.com.ar\/v1\/2026\/09\/01\/el-gobierno-oficializara-el-aumento-del-salario-minimo-a-437-000-en-abril-2027\/"},"wordCount":515,"commentCount":0,"publisher":{"@id":"https:\/\/radioinfinitagoya.com.ar\/v1\/#organization"},"image":{"@id":"https:\/\/radioinfinitagoya.com.ar\/v1\/2026\/09\/01\/el-gobierno-oficializara-el-aumento-del-salario-minimo-a-437-000-en-abril-2027\/#primaryimage"},"thumbnailUrl":"https:\/\/radioinfinitagoya.com.ar\/v1\/wp-content\/uploads\/2026\/09\/1788213190957.webp","articleSection":["NACIONALES"],"inLanguage":"es-AR","potentialAction":[{"@type":"CommentAction","name":"Comment","target":["https:\/\/radioinfinitagoya.com.ar\/v1\/2026\/09\/01\/el-gobierno-oficializara-el-aumento-del-salario-minimo-a-437-000-en-abril-2027\/#respond"]}]},{"@type":"WebPage","@id":"https:\/\/radioinfinitagoya.com.ar\/v1\/2026\/09\/01\/el-gobierno-oficializara-el-aumento-del-salario-minimo-a-437-000-en-abril-2027\/","url":"https:\/\/radioinfinitagoya.com.ar\/v1\/2026\/09\/01\/el-gobierno-oficializara-el-aumento-del-salario-minimo-a-437-000-en-abril-2027\/","name":"El Gobierno oficializar\u00e1 el aumento del salario m\u00ednimo a $437.000 en abril 2027 - Radio Infinita Goya","isPartOf":{"@id":"https:\/\/radioinfinitagoya.com.ar\/v1\/#website"},"primaryImageOfPage":{"@id":"https:\/\/radioinfinitagoya.com.ar\/v1\/2026\/09\/01\/el-gobierno-oficializara-el-aumento-del-salario-minimo-a-437-000-en-abril-2027\/#primaryimage"},"image":{"@id":"https:\/\/radioinfinitagoya.com.ar\/v1\/2026\/09\/01\/el-gobierno-oficializara-el-aumento-del-salario-minimo-a-437-000-en-abril-2027\/#primaryimage"},"thumbnailUrl":"https:\/\/radioinfinitagoya.com.ar\/v1\/wp-content\/uploads\/2026\/09\/1788213190957.webp","datePublished":"2026-09-01T16:10:25+00:00","description":"Los detalles se publicar\u00e1n en las pr\u00f3ximas horas a trav\u00e9s de un decreto, luego de que se frustrara la negociaci\u00f3n entre sindicatos y empresarios durante","breadcrumb":{"@id":"https:\/\/radioinfinitagoya.com.ar\/v1\/2026\/09\/01\/el-gobierno-oficializara-el-aumento-del-salario-minimo-a-437-000-en-abril-2027\/#breadcrumb"},"inLanguage":"es-AR","potentialAction":[{"@type":"ReadAction","target":["https:\/\/radioinfinitagoya.com.ar\/v1\/2026\/09\/01\/el-gobierno-oficializara-el-aumento-del-salario-minimo-a-437-000-en-abril-2027\/"]}]},{"@type":"ImageObject","inLanguage":"es-AR","@id":"https:\/\/radioinfinitagoya.com.ar\/v1\/2026\/09\/01\/el-gobierno-oficializara-el-aumento-del-salario-minimo-a-437-000-en-abril-2027\/#primaryimage","url":"https:\/\/radioinfinitagoya.com.ar\/v1\/wp-content\/uploads\/2026\/09\/1788213190957.webp","contentUrl":"https:\/\/radioinfinitagoya.com.ar\/v1\/wp-content\/uploads\/2026\/09\/1788213190957.webp","width":1200,"height":675},{"@type":"BreadcrumbList","@id":"https:\/\/radioinfinitagoya.com.ar\/v1\/2026\/09\/01\/el-gobierno-oficializara-el-aumento-del-salario-minimo-a-437-000-en-abril-2027\/#breadcrumb","itemListElement":[{"@type":"ListItem","position":1,"name":"Inicio","item":"https:\/\/radioinfinitagoya.com.ar\/v1\/"},{"@type":"ListItem","position":2,"name":"El Gobierno oficializar\u00e1 el aumento del salario m\u00ednimo a $437.000 en abril 2027"}]},{"@type":"WebSite","@id":"https:\/\/radioinfinitagoya.com.ar\/v1\/#website","url":"https:\/\/radioinfinitagoya.com.ar\/v1\/","name":"radioinfinitagoya.com.ar","description":"Radio de noticias","publisher":{"@id":"https:\/\/radioinfinitagoya.com.ar\/v1\/#organization"},"potentialAction":[{"@type":"SearchAction","target":{"@type":"EntryPoint","urlTemplate":"https:\/\/radioinfinitagoya.com.ar\/v1\/?s={search_term_string}"},"query-input":{"@type":"PropertyValueSpecification","valueRequired":true,"valueName":"search_term_string"}}],"inLanguage":"es-AR"},{"@type":"Organization","@id":"https:\/\/radioinfinitagoya.com.ar\/v1\/#organization","name":"Radio Infinita Goya","url":"https:\/\/radioinfinitagoya.com.ar\/v1\/","logo":{"@type":"ImageObject","inLanguage":"es-AR","@id":"https:\/\/radioinfinitagoya.com.ar\/v1\/#\/schema\/logo\/image\/","url":"https:\/\/radioinfinitagoya.com.ar\/v1\/wp-content\/uploads\/2019\/11\/logo-pie-web.png","contentUrl":"https:\/\/radioinfinitagoya.com.ar\/v1\/wp-content\/uploads\/2019\/11\/logo-pie-web.png","width":635,"height":326,"caption":"Radio Infinita Goya"},"image":{"@id":"https:\/\/radioinfinitagoya.com.ar\/v1\/#\/schema\/logo\/image\/"},"sameAs":["https:\/\/www.facebook.com\/p\/Infinita-Goya-100063870918311\/"]},{"@type":"Person","@id":"https:\/\/radioinfinitagoya.com.ar\/v1\/#\/schema\/person\/d4cf9c413d4f6edb24aabdccab49ca4a","name":"Jorge Mi\u00f1o","image":{"@type":"ImageObject","inLanguage":"es-AR","@id":"https:\/\/secure.gravatar.com\/avatar\/910fcf6728fe95320e07a6643c1581fec1c7fc4bf8ae12e3d8f0d0373dc844be?s=96&d=mm&r=g","url":"https:\/\/secure.gravatar.com\/avatar\/910fcf6728fe95320e07a6643c1581fec1c7fc4bf8ae12e3d8f0d0373dc844be?s=96&d=mm&r=g","contentUrl":"https:\/\/secure.gravatar.com\/avatar\/910fcf6728fe95320e07a6643c1581fec1c7fc4bf8ae12e3d8f0d0373dc844be?s=96&d=mm&r=g","caption":"Jorge Mi\u00f1o"},"sameAs":["http:\/\/radioinfinitagoya.com.ar"]}]}},"_links":{"self":[{"href":"https:\/\/radioinfinitagoya.com.ar\/v1\/wp-json\/wp\/v2\/posts\/226484","targetHints":{"allow":["GET"]}}],"collection":[{"href":"https:\/\/radioinfinitagoya.com.ar\/v1\/wp-json\/wp\/v2\/posts"}],"about":[{"href":"https:\/\/radioinfinitagoya.com.ar\/v1\/wp-json\/wp\/v2\/types\/post"}],"author":[{"embeddable":true,"href":"https:\/\/radioinfinitagoya.com.ar\/v1\/wp-json\/wp\/v2\/users\/4"}],"replies":[{"embeddable":true,"href":"https:\/\/radioinfinitagoya.com.ar\/v1\/wp-json\/wp\/v2\/comments?post=226484"}],"version-history":[{"count":1,"href":"https:\/\/radioinfinitagoya.com.ar\/v1\/wp-json\/wp\/v2\/posts\/226484\/revisions"}],"predecessor-version":[{"id":226486,"href":"https:\/\/radioinfinitagoya.com.ar\/v1\/wp-json\/wp\/v2\/posts\/226484\/revisions\/226486"}],"wp:featuredmedia":[{"embeddable":true,"href":"https:\/\/radioinfinitagoya.com.ar\/v1\/wp-json\/wp\/v2\/media\/226485"}],"wp:attachment":[{"href":"https:\/\/radioinfinitagoya.com.ar\/v1\/wp-json\/wp\/v2\/media?parent=226484"}],"wp:term":[{"taxonomy":"category","embeddable":true,"href":"https:\/\/radioinfinitagoya.com.ar\/v1\/wp-json\/wp\/v2\/categories?post=226484"},{"taxonomy":"post_tag","embeddable":true,"href":"https:\/\/radioinfinitagoya.com.ar\/v1\/wp-json\/wp\/v2\/tags?post=226484"}],"curies":[{"name":"wp","href":"https:\/\/api.w.org\/{rel}","templated":true}]}}