{"id":226493,"date":"2026-09-01T15:55:05","date_gmt":"2026-09-01T18:55:05","guid":{"rendered":"https:\/\/radioinfinitagoya.com.ar\/v1\/?p=226493"},"modified":"2026-09-01T16:17:02","modified_gmt":"2026-09-01T19:17:02","slug":"bessent-elogio-a-argentina-antes-de-la-reunion-con-caputo","status":"publish","type":"post","link":"https:\/\/radioinfinitagoya.com.ar\/v1\/2026\/09\/01\/bessent-elogio-a-argentina-antes-de-la-reunion-con-caputo\/","title":{"rendered":"Bessent elogi\u00f3 a Argentina antes de la reuni\u00f3n con Caputo"},"content":{"rendered":"<p>&#8220;Lidera una oportunidad hist\u00f3rica&#8221;<\/p>\n<p>Antes de la reuni\u00f3n bilateral en la cumbre de finanzas del G20, el ministro de Econom\u00eda de Estados Unidos renov\u00f3 sus elogios al plan econ\u00f3mico del pa\u00eds. Se vuelve a ver con el ministro Luis Caputo.<\/p>\n<p>El secretario del Tesoro de Estados Unidos, Scott Bessent, volvi\u00f3 a respaldar p\u00fablicamente al gobierno de Javier Milei y destac\u00f3 el rumbo econ\u00f3mico que lleva adelante la Argentina, al considerar que el pa\u00eds est\u00e1 frente a una \u201coportunidad hist\u00f3rica para el hemisferio occidental\u201d.<\/p>\n<p>Las declaraciones se conocieron mientras se desarrolla la cumbre del G20 de ministros de Finanzas en Asheville, Carolina del Norte, donde la delegaci\u00f3n argentina busca consolidar el v\u00ednculo estrat\u00e9gico con Washington y defender ante las principales econom\u00edas del mundo el programa implementado por Milei.<\/p>\n<p>Bessent destac\u00f3 especialmente las reformas impulsadas por el Gobierno y la reducci\u00f3n de la inflaci\u00f3n, dos de los principales argumentos utilizados por la administraci\u00f3n argentina para mostrar los resultados de su pol\u00edtica econ\u00f3mica.<\/p>\n<p>En este contexto, el ministro de Econom\u00eda, Luis Caputo, mantiene este martes una reuni\u00f3n con Bessent en el marco del encuentro del G20. El encuentro est\u00e1 previsto para las 15, en el hotel Omni Grove Park Inn, sede de la cumbre. All\u00ed analizar\u00e1n la situaci\u00f3n econ\u00f3mica internacional y buscar\u00e1n ratificar la alianza estrat\u00e9gica entre Buenos Aires y Washington.<\/p>\n<p>La reuni\u00f3n se produce en un escenario internacional atravesado por las tensiones en Medio Oriente y sus consecuencias sobre los mercados, la energ\u00eda y la econom\u00eda global.<\/p>\n<p>Para el Gobierno argentino, el respaldo de Bessent representa una se\u00f1al pol\u00edtica y financiera de peso, especialmente mientras busca profundizar la estabilizaci\u00f3n macroecon\u00f3mica, atraer inversiones y recuperar plenamente el acceso a los mercados internacionales.<\/p>\n<p>El encuentro entre Caputo y Bessent concentra ahora la atenci\u00f3n sobre cu\u00e1les ser\u00e1n los pr\u00f3ximos pasos de la relaci\u00f3n econ\u00f3mica entre Argentina y Estados Unidos.<\/p>\n<p>Caputo y Bessent: una reuni\u00f3n clave en medio de la tensi\u00f3n global<br \/>\nM\u00e1s all\u00e1 del respaldo pol\u00edtico de Washington a la administraci\u00f3n de Javier Milei, el encuentro entre Luis Caputo y Scott Bessent estar\u00e1 atravesado por un escenario internacional cada vez m\u00e1s complejo. La crisis en Medio Oriente, las sanciones contra Ir\u00e1n, el impacto sobre los precios de la energ\u00eda y las dificultades en las cadenas globales de suministro forman parte de la agenda central del G20 de Finanzas que se desarrolla en Asheville, Carolina del Norte.<\/p>\n<p>Bessent llega a la reuni\u00f3n con una agenda internacional particularmente cargada. El funcionario de Donald Trump anticip\u00f3 que Estados Unidos prepara nuevas sanciones contra entidades financieras vinculadas con Ir\u00e1n y busca profundizar el aislamiento econ\u00f3mico de Teher\u00e1n. La estrategia tambi\u00e9n contempla medidas contra empresas que mantienen negocios con la Guardia Revolucionaria iran\u00ed.<\/p>\n<p>En ese contexto, Caputo tendr\u00e1 la posibilidad de conocer de primera mano cu\u00e1les son las pr\u00f3ximas decisiones econ\u00f3micas de la administraci\u00f3n Trump y c\u00f3mo podr\u00edan impactar sobre los mercados internacionales. Por ejemplo, ser\u00e1 una buena oportunidad para hablar de la pol\u00edtica tarifaria que volvi\u00f3 a incluir a la Argentina. O el tema de los cupos ampliados de carne, en el que nuestro pa\u00eds no pudo ingresar.<\/p>\n<p>Bessent puso al plan econ\u00f3mico argentino como un caso con proyecci\u00f3n para el hemisferio occidental. El elogio contrasta con lo que habitualmente dice Donald Trump sobre sus viejos aliados occidentales de Europa a quienes critica cada vez con m\u00e1s frecuencia y por diferentes motivos.<\/p>\n<p>Adem\u00e1s, la reuni\u00f3n bilateral tambi\u00e9n permitir\u00e1 avanzar en la coordinaci\u00f3n entre ambos gobiernos y evaluar nuevas \u00e1reas de cooperaci\u00f3n econ\u00f3mica, comercial y financiera. El encuentro se desarrolla adem\u00e1s en un momento en que Estados Unidos busca consolidar una agenda internacional basada en crecimiento, desregulaci\u00f3n y mayor participaci\u00f3n del sector privado.<\/p>\n<p>Aspectos de los que siempre habla el presidente Milei y tambi\u00e9n el ministro Luis Caputo. Bessent destac\u00f3 sobre las reformas en el pa\u00eds: \u201cDijeron que no pod\u00eda hacerlas y ahora vemos que la inflaci\u00f3n ha bajado y las circunstancias econ\u00f3micas tambi\u00e9n\u201d.<\/p>\n<p>En pocas palabras<\/p>\n<p>Scott Bessent: El secretario del Tesoro de EE.UU. elogi\u00f3 la econom\u00eda argentina en la cumbre del G20.<\/p>\n<p>Oportunidad hist\u00f3rica: Bessent destac\u00f3 las reformas y la reducci\u00f3n de la inflaci\u00f3n como un hito para Occidente.<\/p>\n<p>Reuni\u00f3n clave: Bessent se reuni\u00f3 con el ministro Luis Caputo para analizar la alianza estrat\u00e9gica.<\/p>\n","protected":false},"excerpt":{"rendered":"<p>&#8220;Lidera una oportunidad hist\u00f3rica&#8221; Antes de la reuni\u00f3n bilateral en la cumbre de finanzas del G20, el ministro de Econom\u00eda de Estados Unidos renov\u00f3 sus elogios al plan econ\u00f3mico del pa\u00eds. Se vuelve a ver con el ministro Luis Caputo. El secretario del Tesoro de Estados Unidos, Scott Bessent, volvi\u00f3 a respaldar p\u00fablicamente al gobierno [&hellip;]<\/p>\n","protected":false},"author":4,"featured_media":226494,"comment_status":"open","ping_status":"open","sticky":false,"template":"","format":"standard","meta":{"_joinchat":[],"footnotes":""},"categories":[1],"tags":[],"class_list":["post-226493","post","type-post","status-publish","format-standard","has-post-thumbnail","category-sin-categoria"],"yoast_head":"<!-- This site is optimized with the Yoast SEO plugin v27.7 - https:\/\/yoast.com\/product\/yoast-seo-wordpress\/ -->\n<title>Bessent elogi\u00f3 a Argentina antes de la reuni\u00f3n con Caputo - Radio Infinita Goya<\/title>\n<meta name=\"description\" content=\"&quot;Lidera una oportunidad hist\u00f3rica&quot; Antes de la reuni\u00f3n bilateral en la cumbre de finanzas del G20, el ministro de Econom\u00eda de Estados Unidos renov\u00f3 sus\" \/>\n<meta name=\"robots\" content=\"index, follow, max-snippet:-1, max-image-preview:large, max-video-preview:-1\" \/>\n<link rel=\"canonical\" href=\"https:\/\/radioinfinitagoya.com.ar\/v1\/2026\/09\/01\/bessent-elogio-a-argentina-antes-de-la-reunion-con-caputo\/\" \/>\n<meta property=\"og:locale\" content=\"es_ES\" \/>\n<meta property=\"og:type\" content=\"article\" \/>\n<meta property=\"og:title\" content=\"Bessent elogi\u00f3 a Argentina antes de la reuni\u00f3n con Caputo - Radio Infinita Goya\" \/>\n<meta property=\"og:description\" content=\"&quot;Lidera una oportunidad hist\u00f3rica&quot; Antes de la reuni\u00f3n bilateral en la cumbre de finanzas del G20, el ministro de Econom\u00eda de Estados Unidos renov\u00f3 sus\" \/>\n<meta property=\"og:url\" content=\"https:\/\/radioinfinitagoya.com.ar\/v1\/2026\/09\/01\/bessent-elogio-a-argentina-antes-de-la-reunion-con-caputo\/\" \/>\n<meta property=\"og:site_name\" content=\"Radio Infinita Goya\" \/>\n<meta property=\"article:publisher\" content=\"https:\/\/www.facebook.com\/p\/Infinita-Goya-100063870918311\/\" \/>\n<meta property=\"article:published_time\" content=\"2026-09-01T18:55:05+00:00\" \/>\n<meta property=\"article:modified_time\" content=\"2026-09-01T19:17:02+00:00\" \/>\n<meta property=\"og:image\" content=\"https:\/\/radioinfinitagoya.com.ar\/v1\/wp-content\/uploads\/2026\/09\/caputo-bessent.webp\" \/>\n\t<meta property=\"og:image:width\" content=\"1200\" \/>\n\t<meta property=\"og:image:height\" content=\"675\" \/>\n\t<meta property=\"og:image:type\" content=\"image\/webp\" \/>\n<meta name=\"author\" content=\"Jorge Mi\u00f1o\" \/>\n<meta name=\"twitter:card\" content=\"summary_large_image\" \/>\n<meta name=\"twitter:label1\" content=\"Escrito por\" \/>\n\t<meta name=\"twitter:data1\" content=\"Jorge Mi\u00f1o\" \/>\n\t<meta name=\"twitter:label2\" content=\"Tiempo de lectura\" \/>\n\t<meta name=\"twitter:data2\" content=\"4 minutos\" \/>\n<script type=\"application\/ld+json\" class=\"yoast-schema-graph\">{\"@context\":\"https:\\\/\\\/schema.org\",\"@graph\":[{\"@type\":\"Article\",\"@id\":\"https:\\\/\\\/radioinfinitagoya.com.ar\\\/v1\\\/2026\\\/09\\\/01\\\/bessent-elogio-a-argentina-antes-de-la-reunion-con-caputo\\\/#article\",\"isPartOf\":{\"@id\":\"https:\\\/\\\/radioinfinitagoya.com.ar\\\/v1\\\/2026\\\/09\\\/01\\\/bessent-elogio-a-argentina-antes-de-la-reunion-con-caputo\\\/\"},\"author\":{\"name\":\"Jorge Mi\u00f1o\",\"@id\":\"https:\\\/\\\/radioinfinitagoya.com.ar\\\/v1\\\/#\\\/schema\\\/person\\\/d4cf9c413d4f6edb24aabdccab49ca4a\"},\"headline\":\"Bessent elogi\u00f3 a Argentina antes de la reuni\u00f3n con Caputo\",\"datePublished\":\"2026-09-01T18:55:05+00:00\",\"dateModified\":\"2026-09-01T19:17:02+00:00\",\"mainEntityOfPage\":{\"@id\":\"https:\\\/\\\/radioinfinitagoya.com.ar\\\/v1\\\/2026\\\/09\\\/01\\\/bessent-elogio-a-argentina-antes-de-la-reunion-con-caputo\\\/\"},\"wordCount\":790,\"commentCount\":0,\"publisher\":{\"@id\":\"https:\\\/\\\/radioinfinitagoya.com.ar\\\/v1\\\/#organization\"},\"image\":{\"@id\":\"https:\\\/\\\/radioinfinitagoya.com.ar\\\/v1\\\/2026\\\/09\\\/01\\\/bessent-elogio-a-argentina-antes-de-la-reunion-con-caputo\\\/#primaryimage\"},\"thumbnailUrl\":\"https:\\\/\\\/radioinfinitagoya.com.ar\\\/v1\\\/wp-content\\\/uploads\\\/2026\\\/09\\\/caputo-bessent.webp\",\"inLanguage\":\"es-AR\",\"potentialAction\":[{\"@type\":\"CommentAction\",\"name\":\"Comment\",\"target\":[\"https:\\\/\\\/radioinfinitagoya.com.ar\\\/v1\\\/2026\\\/09\\\/01\\\/bessent-elogio-a-argentina-antes-de-la-reunion-con-caputo\\\/#respond\"]}]},{\"@type\":\"WebPage\",\"@id\":\"https:\\\/\\\/radioinfinitagoya.com.ar\\\/v1\\\/2026\\\/09\\\/01\\\/bessent-elogio-a-argentina-antes-de-la-reunion-con-caputo\\\/\",\"url\":\"https:\\\/\\\/radioinfinitagoya.com.ar\\\/v1\\\/2026\\\/09\\\/01\\\/bessent-elogio-a-argentina-antes-de-la-reunion-con-caputo\\\/\",\"name\":\"Bessent elogi\u00f3 a Argentina antes de la reuni\u00f3n con Caputo - Radio Infinita Goya\",\"isPartOf\":{\"@id\":\"https:\\\/\\\/radioinfinitagoya.com.ar\\\/v1\\\/#website\"},\"primaryImageOfPage\":{\"@id\":\"https:\\\/\\\/radioinfinitagoya.com.ar\\\/v1\\\/2026\\\/09\\\/01\\\/bessent-elogio-a-argentina-antes-de-la-reunion-con-caputo\\\/#primaryimage\"},\"image\":{\"@id\":\"https:\\\/\\\/radioinfinitagoya.com.ar\\\/v1\\\/2026\\\/09\\\/01\\\/bessent-elogio-a-argentina-antes-de-la-reunion-con-caputo\\\/#primaryimage\"},\"thumbnailUrl\":\"https:\\\/\\\/radioinfinitagoya.com.ar\\\/v1\\\/wp-content\\\/uploads\\\/2026\\\/09\\\/caputo-bessent.webp\",\"datePublished\":\"2026-09-01T18:55:05+00:00\",\"dateModified\":\"2026-09-01T19:17:02+00:00\",\"description\":\"\\\"Lidera una oportunidad hist\u00f3rica\\\" Antes de la reuni\u00f3n bilateral en la cumbre de finanzas del G20, el ministro de Econom\u00eda de Estados Unidos renov\u00f3 sus\",\"breadcrumb\":{\"@id\":\"https:\\\/\\\/radioinfinitagoya.com.ar\\\/v1\\\/2026\\\/09\\\/01\\\/bessent-elogio-a-argentina-antes-de-la-reunion-con-caputo\\\/#breadcrumb\"},\"inLanguage\":\"es-AR\",\"potentialAction\":[{\"@type\":\"ReadAction\",\"target\":[\"https:\\\/\\\/radioinfinitagoya.com.ar\\\/v1\\\/2026\\\/09\\\/01\\\/bessent-elogio-a-argentina-antes-de-la-reunion-con-caputo\\\/\"]}]},{\"@type\":\"ImageObject\",\"inLanguage\":\"es-AR\",\"@id\":\"https:\\\/\\\/radioinfinitagoya.com.ar\\\/v1\\\/2026\\\/09\\\/01\\\/bessent-elogio-a-argentina-antes-de-la-reunion-con-caputo\\\/#primaryimage\",\"url\":\"https:\\\/\\\/radioinfinitagoya.com.ar\\\/v1\\\/wp-content\\\/uploads\\\/2026\\\/09\\\/caputo-bessent.webp\",\"contentUrl\":\"https:\\\/\\\/radioinfinitagoya.com.ar\\\/v1\\\/wp-content\\\/uploads\\\/2026\\\/09\\\/caputo-bessent.webp\",\"width\":1200,\"height\":675},{\"@type\":\"BreadcrumbList\",\"@id\":\"https:\\\/\\\/radioinfinitagoya.com.ar\\\/v1\\\/2026\\\/09\\\/01\\\/bessent-elogio-a-argentina-antes-de-la-reunion-con-caputo\\\/#breadcrumb\",\"itemListElement\":[{\"@type\":\"ListItem\",\"position\":1,\"name\":\"Inicio\",\"item\":\"https:\\\/\\\/radioinfinitagoya.com.ar\\\/v1\\\/\"},{\"@type\":\"ListItem\",\"position\":2,\"name\":\"Bessent elogi\u00f3 a Argentina antes de la reuni\u00f3n con Caputo\"}]},{\"@type\":\"WebSite\",\"@id\":\"https:\\\/\\\/radioinfinitagoya.com.ar\\\/v1\\\/#website\",\"url\":\"https:\\\/\\\/radioinfinitagoya.com.ar\\\/v1\\\/\",\"name\":\"radioinfinitagoya.com.ar\",\"description\":\"Radio de noticias\",\"publisher\":{\"@id\":\"https:\\\/\\\/radioinfinitagoya.com.ar\\\/v1\\\/#organization\"},\"potentialAction\":[{\"@type\":\"SearchAction\",\"target\":{\"@type\":\"EntryPoint\",\"urlTemplate\":\"https:\\\/\\\/radioinfinitagoya.com.ar\\\/v1\\\/?s={search_term_string}\"},\"query-input\":{\"@type\":\"PropertyValueSpecification\",\"valueRequired\":true,\"valueName\":\"search_term_string\"}}],\"inLanguage\":\"es-AR\"},{\"@type\":\"Organization\",\"@id\":\"https:\\\/\\\/radioinfinitagoya.com.ar\\\/v1\\\/#organization\",\"name\":\"Radio Infinita Goya\",\"url\":\"https:\\\/\\\/radioinfinitagoya.com.ar\\\/v1\\\/\",\"logo\":{\"@type\":\"ImageObject\",\"inLanguage\":\"es-AR\",\"@id\":\"https:\\\/\\\/radioinfinitagoya.com.ar\\\/v1\\\/#\\\/schema\\\/logo\\\/image\\\/\",\"url\":\"https:\\\/\\\/radioinfinitagoya.com.ar\\\/v1\\\/wp-content\\\/uploads\\\/2019\\\/11\\\/logo-pie-web.png\",\"contentUrl\":\"https:\\\/\\\/radioinfinitagoya.com.ar\\\/v1\\\/wp-content\\\/uploads\\\/2019\\\/11\\\/logo-pie-web.png\",\"width\":635,\"height\":326,\"caption\":\"Radio Infinita Goya\"},\"image\":{\"@id\":\"https:\\\/\\\/radioinfinitagoya.com.ar\\\/v1\\\/#\\\/schema\\\/logo\\\/image\\\/\"},\"sameAs\":[\"https:\\\/\\\/www.facebook.com\\\/p\\\/Infinita-Goya-100063870918311\\\/\"]},{\"@type\":\"Person\",\"@id\":\"https:\\\/\\\/radioinfinitagoya.com.ar\\\/v1\\\/#\\\/schema\\\/person\\\/d4cf9c413d4f6edb24aabdccab49ca4a\",\"name\":\"Jorge Mi\u00f1o\",\"image\":{\"@type\":\"ImageObject\",\"inLanguage\":\"es-AR\",\"@id\":\"https:\\\/\\\/secure.gravatar.com\\\/avatar\\\/910fcf6728fe95320e07a6643c1581fec1c7fc4bf8ae12e3d8f0d0373dc844be?s=96&d=mm&r=g\",\"url\":\"https:\\\/\\\/secure.gravatar.com\\\/avatar\\\/910fcf6728fe95320e07a6643c1581fec1c7fc4bf8ae12e3d8f0d0373dc844be?s=96&d=mm&r=g\",\"contentUrl\":\"https:\\\/\\\/secure.gravatar.com\\\/avatar\\\/910fcf6728fe95320e07a6643c1581fec1c7fc4bf8ae12e3d8f0d0373dc844be?s=96&d=mm&r=g\",\"caption\":\"Jorge Mi\u00f1o\"},\"sameAs\":[\"http:\\\/\\\/radioinfinitagoya.com.ar\"]}]}<\/script>\n<!-- \/ Yoast SEO plugin. -->","yoast_head_json":{"title":"Bessent elogi\u00f3 a Argentina antes de la reuni\u00f3n con Caputo - Radio Infinita Goya","description":"\"Lidera una oportunidad hist\u00f3rica\" Antes de la reuni\u00f3n bilateral en la cumbre de finanzas del G20, el ministro de Econom\u00eda de Estados Unidos renov\u00f3 sus","robots":{"index":"index","follow":"follow","max-snippet":"max-snippet:-1","max-image-preview":"max-image-preview:large","max-video-preview":"max-video-preview:-1"},"canonical":"https:\/\/radioinfinitagoya.com.ar\/v1\/2026\/09\/01\/bessent-elogio-a-argentina-antes-de-la-reunion-con-caputo\/","og_locale":"es_ES","og_type":"article","og_title":"Bessent elogi\u00f3 a Argentina antes de la reuni\u00f3n con Caputo - Radio Infinita Goya","og_description":"\"Lidera una oportunidad hist\u00f3rica\" Antes de la reuni\u00f3n bilateral en la cumbre de finanzas del G20, el ministro de Econom\u00eda de Estados Unidos renov\u00f3 sus","og_url":"https:\/\/radioinfinitagoya.com.ar\/v1\/2026\/09\/01\/bessent-elogio-a-argentina-antes-de-la-reunion-con-caputo\/","og_site_name":"Radio Infinita Goya","article_publisher":"https:\/\/www.facebook.com\/p\/Infinita-Goya-100063870918311\/","article_published_time":"2026-09-01T18:55:05+00:00","article_modified_time":"2026-09-01T19:17:02+00:00","og_image":[{"width":1200,"height":675,"url":"https:\/\/radioinfinitagoya.com.ar\/v1\/wp-content\/uploads\/2026\/09\/caputo-bessent.webp","type":"image\/webp"}],"author":"Jorge Mi\u00f1o","twitter_card":"summary_large_image","twitter_misc":{"Escrito por":"Jorge Mi\u00f1o","Tiempo de lectura":"4 minutos"},"schema":{"@context":"https:\/\/schema.org","@graph":[{"@type":"Article","@id":"https:\/\/radioinfinitagoya.com.ar\/v1\/2026\/09\/01\/bessent-elogio-a-argentina-antes-de-la-reunion-con-caputo\/#article","isPartOf":{"@id":"https:\/\/radioinfinitagoya.com.ar\/v1\/2026\/09\/01\/bessent-elogio-a-argentina-antes-de-la-reunion-con-caputo\/"},"author":{"name":"Jorge Mi\u00f1o","@id":"https:\/\/radioinfinitagoya.com.ar\/v1\/#\/schema\/person\/d4cf9c413d4f6edb24aabdccab49ca4a"},"headline":"Bessent elogi\u00f3 a Argentina antes de la reuni\u00f3n con Caputo","datePublished":"2026-09-01T18:55:05+00:00","dateModified":"2026-09-01T19:17:02+00:00","mainEntityOfPage":{"@id":"https:\/\/radioinfinitagoya.com.ar\/v1\/2026\/09\/01\/bessent-elogio-a-argentina-antes-de-la-reunion-con-caputo\/"},"wordCount":790,"commentCount":0,"publisher":{"@id":"https:\/\/radioinfinitagoya.com.ar\/v1\/#organization"},"image":{"@id":"https:\/\/radioinfinitagoya.com.ar\/v1\/2026\/09\/01\/bessent-elogio-a-argentina-antes-de-la-reunion-con-caputo\/#primaryimage"},"thumbnailUrl":"https:\/\/radioinfinitagoya.com.ar\/v1\/wp-content\/uploads\/2026\/09\/caputo-bessent.webp","inLanguage":"es-AR","potentialAction":[{"@type":"CommentAction","name":"Comment","target":["https:\/\/radioinfinitagoya.com.ar\/v1\/2026\/09\/01\/bessent-elogio-a-argentina-antes-de-la-reunion-con-caputo\/#respond"]}]},{"@type":"WebPage","@id":"https:\/\/radioinfinitagoya.com.ar\/v1\/2026\/09\/01\/bessent-elogio-a-argentina-antes-de-la-reunion-con-caputo\/","url":"https:\/\/radioinfinitagoya.com.ar\/v1\/2026\/09\/01\/bessent-elogio-a-argentina-antes-de-la-reunion-con-caputo\/","name":"Bessent elogi\u00f3 a Argentina antes de la reuni\u00f3n con Caputo - Radio Infinita Goya","isPartOf":{"@id":"https:\/\/radioinfinitagoya.com.ar\/v1\/#website"},"primaryImageOfPage":{"@id":"https:\/\/radioinfinitagoya.com.ar\/v1\/2026\/09\/01\/bessent-elogio-a-argentina-antes-de-la-reunion-con-caputo\/#primaryimage"},"image":{"@id":"https:\/\/radioinfinitagoya.com.ar\/v1\/2026\/09\/01\/bessent-elogio-a-argentina-antes-de-la-reunion-con-caputo\/#primaryimage"},"thumbnailUrl":"https:\/\/radioinfinitagoya.com.ar\/v1\/wp-content\/uploads\/2026\/09\/caputo-bessent.webp","datePublished":"2026-09-01T18:55:05+00:00","dateModified":"2026-09-01T19:17:02+00:00","description":"\"Lidera una oportunidad hist\u00f3rica\" Antes de la reuni\u00f3n bilateral en la cumbre de finanzas del G20, el ministro de Econom\u00eda de Estados Unidos renov\u00f3 sus","breadcrumb":{"@id":"https:\/\/radioinfinitagoya.com.ar\/v1\/2026\/09\/01\/bessent-elogio-a-argentina-antes-de-la-reunion-con-caputo\/#breadcrumb"},"inLanguage":"es-AR","potentialAction":[{"@type":"ReadAction","target":["https:\/\/radioinfinitagoya.com.ar\/v1\/2026\/09\/01\/bessent-elogio-a-argentina-antes-de-la-reunion-con-caputo\/"]}]},{"@type":"ImageObject","inLanguage":"es-AR","@id":"https:\/\/radioinfinitagoya.com.ar\/v1\/2026\/09\/01\/bessent-elogio-a-argentina-antes-de-la-reunion-con-caputo\/#primaryimage","url":"https:\/\/radioinfinitagoya.com.ar\/v1\/wp-content\/uploads\/2026\/09\/caputo-bessent.webp","contentUrl":"https:\/\/radioinfinitagoya.com.ar\/v1\/wp-content\/uploads\/2026\/09\/caputo-bessent.webp","width":1200,"height":675},{"@type":"BreadcrumbList","@id":"https:\/\/radioinfinitagoya.com.ar\/v1\/2026\/09\/01\/bessent-elogio-a-argentina-antes-de-la-reunion-con-caputo\/#breadcrumb","itemListElement":[{"@type":"ListItem","position":1,"name":"Inicio","item":"https:\/\/radioinfinitagoya.com.ar\/v1\/"},{"@type":"ListItem","position":2,"name":"Bessent elogi\u00f3 a Argentina antes de la reuni\u00f3n con Caputo"}]},{"@type":"WebSite","@id":"https:\/\/radioinfinitagoya.com.ar\/v1\/#website","url":"https:\/\/radioinfinitagoya.com.ar\/v1\/","name":"radioinfinitagoya.com.ar","description":"Radio de noticias","publisher":{"@id":"https:\/\/radioinfinitagoya.com.ar\/v1\/#organization"},"potentialAction":[{"@type":"SearchAction","target":{"@type":"EntryPoint","urlTemplate":"https:\/\/radioinfinitagoya.com.ar\/v1\/?s={search_term_string}"},"query-input":{"@type":"PropertyValueSpecification","valueRequired":true,"valueName":"search_term_string"}}],"inLanguage":"es-AR"},{"@type":"Organization","@id":"https:\/\/radioinfinitagoya.com.ar\/v1\/#organization","name":"Radio Infinita Goya","url":"https:\/\/radioinfinitagoya.com.ar\/v1\/","logo":{"@type":"ImageObject","inLanguage":"es-AR","@id":"https:\/\/radioinfinitagoya.com.ar\/v1\/#\/schema\/logo\/image\/","url":"https:\/\/radioinfinitagoya.com.ar\/v1\/wp-content\/uploads\/2019\/11\/logo-pie-web.png","contentUrl":"https:\/\/radioinfinitagoya.com.ar\/v1\/wp-content\/uploads\/2019\/11\/logo-pie-web.png","width":635,"height":326,"caption":"Radio Infinita Goya"},"image":{"@id":"https:\/\/radioinfinitagoya.com.ar\/v1\/#\/schema\/logo\/image\/"},"sameAs":["https:\/\/www.facebook.com\/p\/Infinita-Goya-100063870918311\/"]},{"@type":"Person","@id":"https:\/\/radioinfinitagoya.com.ar\/v1\/#\/schema\/person\/d4cf9c413d4f6edb24aabdccab49ca4a","name":"Jorge Mi\u00f1o","image":{"@type":"ImageObject","inLanguage":"es-AR","@id":"https:\/\/secure.gravatar.com\/avatar\/910fcf6728fe95320e07a6643c1581fec1c7fc4bf8ae12e3d8f0d0373dc844be?s=96&d=mm&r=g","url":"https:\/\/secure.gravatar.com\/avatar\/910fcf6728fe95320e07a6643c1581fec1c7fc4bf8ae12e3d8f0d0373dc844be?s=96&d=mm&r=g","contentUrl":"https:\/\/secure.gravatar.com\/avatar\/910fcf6728fe95320e07a6643c1581fec1c7fc4bf8ae12e3d8f0d0373dc844be?s=96&d=mm&r=g","caption":"Jorge Mi\u00f1o"},"sameAs":["http:\/\/radioinfinitagoya.com.ar"]}]}},"_links":{"self":[{"href":"https:\/\/radioinfinitagoya.com.ar\/v1\/wp-json\/wp\/v2\/posts\/226493","targetHints":{"allow":["GET"]}}],"collection":[{"href":"https:\/\/radioinfinitagoya.com.ar\/v1\/wp-json\/wp\/v2\/posts"}],"about":[{"href":"https:\/\/radioinfinitagoya.com.ar\/v1\/wp-json\/wp\/v2\/types\/post"}],"author":[{"embeddable":true,"href":"https:\/\/radioinfinitagoya.com.ar\/v1\/wp-json\/wp\/v2\/users\/4"}],"replies":[{"embeddable":true,"href":"https:\/\/radioinfinitagoya.com.ar\/v1\/wp-json\/wp\/v2\/comments?post=226493"}],"version-history":[{"count":1,"href":"https:\/\/radioinfinitagoya.com.ar\/v1\/wp-json\/wp\/v2\/posts\/226493\/revisions"}],"predecessor-version":[{"id":226495,"href":"https:\/\/radioinfinitagoya.com.ar\/v1\/wp-json\/wp\/v2\/posts\/226493\/revisions\/226495"}],"wp:featuredmedia":[{"embeddable":true,"href":"https:\/\/radioinfinitagoya.com.ar\/v1\/wp-json\/wp\/v2\/media\/226494"}],"wp:attachment":[{"href":"https:\/\/radioinfinitagoya.com.ar\/v1\/wp-json\/wp\/v2\/media?parent=226493"}],"wp:term":[{"taxonomy":"category","embeddable":true,"href":"https:\/\/radioinfinitagoya.com.ar\/v1\/wp-json\/wp\/v2\/categories?post=226493"},{"taxonomy":"post_tag","embeddable":true,"href":"https:\/\/radioinfinitagoya.com.ar\/v1\/wp-json\/wp\/v2\/tags?post=226493"}],"curies":[{"name":"wp","href":"https:\/\/api.w.org\/{rel}","templated":true}]}}