{"id":226496,"date":"2026-09-01T15:56:50","date_gmt":"2026-09-01T18:56:50","guid":{"rendered":"https:\/\/radioinfinitagoya.com.ar\/v1\/?p=226496"},"modified":"2026-09-01T15:56:50","modified_gmt":"2026-09-01T18:56:50","slug":"leandro-paredes-puso-en-duda-su-continuidad-en-la-seleccion-tras-el-retiro-de-messi","status":"publish","type":"post","link":"https:\/\/radioinfinitagoya.com.ar\/v1\/2026\/09\/01\/leandro-paredes-puso-en-duda-su-continuidad-en-la-seleccion-tras-el-retiro-de-messi\/","title":{"rendered":"Leandro Paredes puso en duda su continuidad en la Selecci\u00f3n tras el retiro de Messi"},"content":{"rendered":"<p>&#8220;Va a ser dif\u00edcil que siga&#8221;<\/p>\n<p>Leandro Paredes admiti\u00f3 que eval\u00faa dejar la Selecci\u00f3n Argentina tras el retiro de Messi y la sanci\u00f3n de la FIFA. Sus emotivas declaraciones.<\/p>\n<p>El anuncio de la despedida de Lionel Messi de la Selecci\u00f3n Argentina contin\u00faa generando r\u00e9plicas de profundo impacto en la intimidad del plantel nacional. Luego de confirmarse la decisi\u00f3n del hist\u00f3rico capit\u00e1n, Leandro Paredes se convirti\u00f3 en una de las primeras voces referentes en manifestar el dolor del grupo y en admitir que su propio recorrido con la camiseta albiceleste podr\u00eda estar atravesando sus momentos finales.<\/p>\n<p>En el marco de una conferencia de prensa brindada tras el entrenamiento de Boca Juniors, el mediocampista de 32 a\u00f1os no ocult\u00f3 el impacto emocional que provoc\u00f3 la noticia entre sus compa\u00f1eros: \u201cFue dur\u00edsimo, seguramente la noticia la recibi\u00f3 as\u00ed todo el pa\u00eds. Lo que significa Leo para el f\u00fatbol, para nosotros, es enorme&#8230; El legado que deja va a quedar para siempre\u201d. En esa misma l\u00ednea, el volante ponder\u00f3 el camino del astro rosarino resaltando su perseverancia: \u201cPor lo que significa para nosotros, por no rendirse nunca, por demostrar que los sue\u00f1os se sufren, se persiguen y al final se cumplen\u201d.<\/p>\n<p>C\u00f3mo afect\u00f3 el retiro de Lionel Messi a la intimidad del plantel argentino<br \/>\nLa partida del capit\u00e1n dej\u00f3 una marca irremplazable en el vestuario. El propio futbolista xeneize reconoci\u00f3 que la posibilidad del retiro era una instancia que la delegaci\u00f3n deseaba postergar lo m\u00e1ximo posible, revelando que ya se hab\u00edan producido conversaciones al respecto en el tramo final de la cita m\u00e1xima: \u201cSiempre queremos jugar con \u00e9l, soy de los que siempre lo quiere tener al lado. Era una decisi\u00f3n que no quer\u00edamos que llegue, y lleg\u00f3\u201d.<\/p>\n<p>A su vez, Paredes dio detalles del manejo que tuvo respecto a la intimidad del rosarino en estas horas tan movilizadas. Explic\u00f3 que durante los d\u00edas finales del certamen mundialista mantuvieron diversos intercambios sobre temas variados, pero opt\u00f3 por no escribirle en esta oportunidad tras el comunicado p\u00fablico: \u201cNo le quise mandar mensaje porque entiendo lo que debe estar pasando\u201d.<\/p>\n<p>Por qu\u00e9 Leandro Paredes analiza dejar la Selecci\u00f3n Argentina<br \/>\nM\u00e1s all\u00e1 del cimbronazo que provoc\u00f3 el adi\u00f3s de la Pulga, la incertidumbre sobre el futuro internacional del volante responde a una acumulaci\u00f3n de factores deportivos y disciplinarios. \u201cVa a ser dif\u00edcil que siga, lo dije hace un tiempo. No lo habl\u00e9 con el entrenador, lo hablar\u00e9 con \u00e9l y veremos la decisi\u00f3n que tome\u201d, adelant\u00f3 con franqueza al ser consultado sobre sus pr\u00f3ximos pasos.<\/p>\n<p>Entre las razones principales que lo conducen a este replanteo personal se encuentra la exigencia competitiva del ciclo y una severa medida disciplinaria impuesta por los organismos internacionales. \u201cTodo tiene que ver, la sanci\u00f3n y que la vara qued\u00f3 muy alta tambi\u00e9n\u201d, fundament\u00f3 el volante.<\/p>\n<p>El mediocampista carga con una sanci\u00f3n de 10 partidos de inhabilitaci\u00f3n otorgada por la FIFA, dictaminada a ra\u00edz de su participaci\u00f3n en una pelea frente a los futbolistas de Espa\u00f1a tras la disputa del partido definitivo del pasado 19 de julio en Nueva Jersey. Esta inhabilitaci\u00f3n, sumada al desgaste del proceso y al retiro del 10, posicionan a Paredes ante una seria evaluaci\u00f3n sobre su continuidad en el equipo que dirige Lionel Scaloni.<\/p>\n","protected":false},"excerpt":{"rendered":"<p>&#8220;Va a ser dif\u00edcil que siga&#8221; Leandro Paredes admiti\u00f3 que eval\u00faa dejar la Selecci\u00f3n Argentina tras el retiro de Messi y la sanci\u00f3n de la FIFA. Sus emotivas declaraciones. El anuncio de la despedida de Lionel Messi de la Selecci\u00f3n Argentina contin\u00faa generando r\u00e9plicas de profundo impacto en la intimidad del plantel nacional. Luego de [&hellip;]<\/p>\n","protected":false},"author":4,"featured_media":226497,"comment_status":"open","ping_status":"open","sticky":false,"template":"","format":"standard","meta":{"_joinchat":[],"footnotes":""},"categories":[28],"tags":[],"class_list":["post-226496","post","type-post","status-publish","format-standard","has-post-thumbnail","category-deportes"],"yoast_head":"<!-- This site is optimized with the Yoast SEO plugin v27.7 - https:\/\/yoast.com\/product\/yoast-seo-wordpress\/ -->\n<title>Leandro Paredes puso en duda su continuidad en la Selecci\u00f3n tras el retiro de Messi - Radio Infinita Goya<\/title>\n<meta name=\"description\" content=\"&quot;Va a ser dif\u00edcil que siga&quot; Leandro Paredes admiti\u00f3 que eval\u00faa dejar la Selecci\u00f3n Argentina tras el retiro de Messi y la sanci\u00f3n de la FIFA. Sus emotivas\" \/>\n<meta name=\"robots\" content=\"index, follow, max-snippet:-1, max-image-preview:large, max-video-preview:-1\" \/>\n<link rel=\"canonical\" href=\"https:\/\/radioinfinitagoya.com.ar\/v1\/2026\/09\/01\/leandro-paredes-puso-en-duda-su-continuidad-en-la-seleccion-tras-el-retiro-de-messi\/\" \/>\n<meta property=\"og:locale\" content=\"es_ES\" \/>\n<meta property=\"og:type\" content=\"article\" \/>\n<meta property=\"og:title\" content=\"Leandro Paredes puso en duda su continuidad en la Selecci\u00f3n tras el retiro de Messi - Radio Infinita Goya\" \/>\n<meta property=\"og:description\" content=\"&quot;Va a ser dif\u00edcil que siga&quot; Leandro Paredes admiti\u00f3 que eval\u00faa dejar la Selecci\u00f3n Argentina tras el retiro de Messi y la sanci\u00f3n de la FIFA. Sus emotivas\" \/>\n<meta property=\"og:url\" content=\"https:\/\/radioinfinitagoya.com.ar\/v1\/2026\/09\/01\/leandro-paredes-puso-en-duda-su-continuidad-en-la-seleccion-tras-el-retiro-de-messi\/\" \/>\n<meta property=\"og:site_name\" content=\"Radio Infinita Goya\" \/>\n<meta property=\"article:publisher\" content=\"https:\/\/www.facebook.com\/p\/Infinita-Goya-100063870918311\/\" \/>\n<meta property=\"article:published_time\" content=\"2026-09-01T18:56:50+00:00\" \/>\n<meta property=\"og:image\" content=\"https:\/\/radioinfinitagoya.com.ar\/v1\/wp-content\/uploads\/2026\/09\/image.webp\" \/>\n\t<meta property=\"og:image:width\" content=\"1200\" \/>\n\t<meta property=\"og:image:height\" content=\"675\" \/>\n\t<meta property=\"og:image:type\" content=\"image\/webp\" \/>\n<meta name=\"author\" content=\"Jorge Mi\u00f1o\" \/>\n<meta name=\"twitter:card\" content=\"summary_large_image\" \/>\n<meta name=\"twitter:label1\" content=\"Escrito por\" \/>\n\t<meta name=\"twitter:data1\" content=\"Jorge Mi\u00f1o\" \/>\n\t<meta name=\"twitter:label2\" content=\"Tiempo de lectura\" \/>\n\t<meta name=\"twitter:data2\" content=\"3 minutos\" \/>\n<script type=\"application\/ld+json\" class=\"yoast-schema-graph\">{\"@context\":\"https:\\\/\\\/schema.org\",\"@graph\":[{\"@type\":\"Article\",\"@id\":\"https:\\\/\\\/radioinfinitagoya.com.ar\\\/v1\\\/2026\\\/09\\\/01\\\/leandro-paredes-puso-en-duda-su-continuidad-en-la-seleccion-tras-el-retiro-de-messi\\\/#article\",\"isPartOf\":{\"@id\":\"https:\\\/\\\/radioinfinitagoya.com.ar\\\/v1\\\/2026\\\/09\\\/01\\\/leandro-paredes-puso-en-duda-su-continuidad-en-la-seleccion-tras-el-retiro-de-messi\\\/\"},\"author\":{\"name\":\"Jorge Mi\u00f1o\",\"@id\":\"https:\\\/\\\/radioinfinitagoya.com.ar\\\/v1\\\/#\\\/schema\\\/person\\\/d4cf9c413d4f6edb24aabdccab49ca4a\"},\"headline\":\"Leandro Paredes puso en duda su continuidad en la Selecci\u00f3n tras el retiro de Messi\",\"datePublished\":\"2026-09-01T18:56:50+00:00\",\"mainEntityOfPage\":{\"@id\":\"https:\\\/\\\/radioinfinitagoya.com.ar\\\/v1\\\/2026\\\/09\\\/01\\\/leandro-paredes-puso-en-duda-su-continuidad-en-la-seleccion-tras-el-retiro-de-messi\\\/\"},\"wordCount\":592,\"commentCount\":0,\"publisher\":{\"@id\":\"https:\\\/\\\/radioinfinitagoya.com.ar\\\/v1\\\/#organization\"},\"image\":{\"@id\":\"https:\\\/\\\/radioinfinitagoya.com.ar\\\/v1\\\/2026\\\/09\\\/01\\\/leandro-paredes-puso-en-duda-su-continuidad-en-la-seleccion-tras-el-retiro-de-messi\\\/#primaryimage\"},\"thumbnailUrl\":\"https:\\\/\\\/radioinfinitagoya.com.ar\\\/v1\\\/wp-content\\\/uploads\\\/2026\\\/09\\\/image.webp\",\"articleSection\":[\"DEPORTES\"],\"inLanguage\":\"es-AR\",\"potentialAction\":[{\"@type\":\"CommentAction\",\"name\":\"Comment\",\"target\":[\"https:\\\/\\\/radioinfinitagoya.com.ar\\\/v1\\\/2026\\\/09\\\/01\\\/leandro-paredes-puso-en-duda-su-continuidad-en-la-seleccion-tras-el-retiro-de-messi\\\/#respond\"]}]},{\"@type\":\"WebPage\",\"@id\":\"https:\\\/\\\/radioinfinitagoya.com.ar\\\/v1\\\/2026\\\/09\\\/01\\\/leandro-paredes-puso-en-duda-su-continuidad-en-la-seleccion-tras-el-retiro-de-messi\\\/\",\"url\":\"https:\\\/\\\/radioinfinitagoya.com.ar\\\/v1\\\/2026\\\/09\\\/01\\\/leandro-paredes-puso-en-duda-su-continuidad-en-la-seleccion-tras-el-retiro-de-messi\\\/\",\"name\":\"Leandro Paredes puso en duda su continuidad en la Selecci\u00f3n tras el retiro de Messi - Radio Infinita Goya\",\"isPartOf\":{\"@id\":\"https:\\\/\\\/radioinfinitagoya.com.ar\\\/v1\\\/#website\"},\"primaryImageOfPage\":{\"@id\":\"https:\\\/\\\/radioinfinitagoya.com.ar\\\/v1\\\/2026\\\/09\\\/01\\\/leandro-paredes-puso-en-duda-su-continuidad-en-la-seleccion-tras-el-retiro-de-messi\\\/#primaryimage\"},\"image\":{\"@id\":\"https:\\\/\\\/radioinfinitagoya.com.ar\\\/v1\\\/2026\\\/09\\\/01\\\/leandro-paredes-puso-en-duda-su-continuidad-en-la-seleccion-tras-el-retiro-de-messi\\\/#primaryimage\"},\"thumbnailUrl\":\"https:\\\/\\\/radioinfinitagoya.com.ar\\\/v1\\\/wp-content\\\/uploads\\\/2026\\\/09\\\/image.webp\",\"datePublished\":\"2026-09-01T18:56:50+00:00\",\"description\":\"\\\"Va a ser dif\u00edcil que siga\\\" Leandro Paredes admiti\u00f3 que eval\u00faa dejar la Selecci\u00f3n Argentina tras el retiro de Messi y la sanci\u00f3n de la FIFA. Sus emotivas\",\"breadcrumb\":{\"@id\":\"https:\\\/\\\/radioinfinitagoya.com.ar\\\/v1\\\/2026\\\/09\\\/01\\\/leandro-paredes-puso-en-duda-su-continuidad-en-la-seleccion-tras-el-retiro-de-messi\\\/#breadcrumb\"},\"inLanguage\":\"es-AR\",\"potentialAction\":[{\"@type\":\"ReadAction\",\"target\":[\"https:\\\/\\\/radioinfinitagoya.com.ar\\\/v1\\\/2026\\\/09\\\/01\\\/leandro-paredes-puso-en-duda-su-continuidad-en-la-seleccion-tras-el-retiro-de-messi\\\/\"]}]},{\"@type\":\"ImageObject\",\"inLanguage\":\"es-AR\",\"@id\":\"https:\\\/\\\/radioinfinitagoya.com.ar\\\/v1\\\/2026\\\/09\\\/01\\\/leandro-paredes-puso-en-duda-su-continuidad-en-la-seleccion-tras-el-retiro-de-messi\\\/#primaryimage\",\"url\":\"https:\\\/\\\/radioinfinitagoya.com.ar\\\/v1\\\/wp-content\\\/uploads\\\/2026\\\/09\\\/image.webp\",\"contentUrl\":\"https:\\\/\\\/radioinfinitagoya.com.ar\\\/v1\\\/wp-content\\\/uploads\\\/2026\\\/09\\\/image.webp\",\"width\":1200,\"height\":675},{\"@type\":\"BreadcrumbList\",\"@id\":\"https:\\\/\\\/radioinfinitagoya.com.ar\\\/v1\\\/2026\\\/09\\\/01\\\/leandro-paredes-puso-en-duda-su-continuidad-en-la-seleccion-tras-el-retiro-de-messi\\\/#breadcrumb\",\"itemListElement\":[{\"@type\":\"ListItem\",\"position\":1,\"name\":\"Inicio\",\"item\":\"https:\\\/\\\/radioinfinitagoya.com.ar\\\/v1\\\/\"},{\"@type\":\"ListItem\",\"position\":2,\"name\":\"Leandro Paredes puso en duda su continuidad en la Selecci\u00f3n tras el retiro de Messi\"}]},{\"@type\":\"WebSite\",\"@id\":\"https:\\\/\\\/radioinfinitagoya.com.ar\\\/v1\\\/#website\",\"url\":\"https:\\\/\\\/radioinfinitagoya.com.ar\\\/v1\\\/\",\"name\":\"radioinfinitagoya.com.ar\",\"description\":\"Radio de noticias\",\"publisher\":{\"@id\":\"https:\\\/\\\/radioinfinitagoya.com.ar\\\/v1\\\/#organization\"},\"potentialAction\":[{\"@type\":\"SearchAction\",\"target\":{\"@type\":\"EntryPoint\",\"urlTemplate\":\"https:\\\/\\\/radioinfinitagoya.com.ar\\\/v1\\\/?s={search_term_string}\"},\"query-input\":{\"@type\":\"PropertyValueSpecification\",\"valueRequired\":true,\"valueName\":\"search_term_string\"}}],\"inLanguage\":\"es-AR\"},{\"@type\":\"Organization\",\"@id\":\"https:\\\/\\\/radioinfinitagoya.com.ar\\\/v1\\\/#organization\",\"name\":\"Radio Infinita Goya\",\"url\":\"https:\\\/\\\/radioinfinitagoya.com.ar\\\/v1\\\/\",\"logo\":{\"@type\":\"ImageObject\",\"inLanguage\":\"es-AR\",\"@id\":\"https:\\\/\\\/radioinfinitagoya.com.ar\\\/v1\\\/#\\\/schema\\\/logo\\\/image\\\/\",\"url\":\"https:\\\/\\\/radioinfinitagoya.com.ar\\\/v1\\\/wp-content\\\/uploads\\\/2019\\\/11\\\/logo-pie-web.png\",\"contentUrl\":\"https:\\\/\\\/radioinfinitagoya.com.ar\\\/v1\\\/wp-content\\\/uploads\\\/2019\\\/11\\\/logo-pie-web.png\",\"width\":635,\"height\":326,\"caption\":\"Radio Infinita Goya\"},\"image\":{\"@id\":\"https:\\\/\\\/radioinfinitagoya.com.ar\\\/v1\\\/#\\\/schema\\\/logo\\\/image\\\/\"},\"sameAs\":[\"https:\\\/\\\/www.facebook.com\\\/p\\\/Infinita-Goya-100063870918311\\\/\"]},{\"@type\":\"Person\",\"@id\":\"https:\\\/\\\/radioinfinitagoya.com.ar\\\/v1\\\/#\\\/schema\\\/person\\\/d4cf9c413d4f6edb24aabdccab49ca4a\",\"name\":\"Jorge Mi\u00f1o\",\"image\":{\"@type\":\"ImageObject\",\"inLanguage\":\"es-AR\",\"@id\":\"https:\\\/\\\/secure.gravatar.com\\\/avatar\\\/910fcf6728fe95320e07a6643c1581fec1c7fc4bf8ae12e3d8f0d0373dc844be?s=96&d=mm&r=g\",\"url\":\"https:\\\/\\\/secure.gravatar.com\\\/avatar\\\/910fcf6728fe95320e07a6643c1581fec1c7fc4bf8ae12e3d8f0d0373dc844be?s=96&d=mm&r=g\",\"contentUrl\":\"https:\\\/\\\/secure.gravatar.com\\\/avatar\\\/910fcf6728fe95320e07a6643c1581fec1c7fc4bf8ae12e3d8f0d0373dc844be?s=96&d=mm&r=g\",\"caption\":\"Jorge Mi\u00f1o\"},\"sameAs\":[\"http:\\\/\\\/radioinfinitagoya.com.ar\"]}]}<\/script>\n<!-- \/ Yoast SEO plugin. -->","yoast_head_json":{"title":"Leandro Paredes puso en duda su continuidad en la Selecci\u00f3n tras el retiro de Messi - Radio Infinita Goya","description":"\"Va a ser dif\u00edcil que siga\" Leandro Paredes admiti\u00f3 que eval\u00faa dejar la Selecci\u00f3n Argentina tras el retiro de Messi y la sanci\u00f3n de la FIFA. Sus emotivas","robots":{"index":"index","follow":"follow","max-snippet":"max-snippet:-1","max-image-preview":"max-image-preview:large","max-video-preview":"max-video-preview:-1"},"canonical":"https:\/\/radioinfinitagoya.com.ar\/v1\/2026\/09\/01\/leandro-paredes-puso-en-duda-su-continuidad-en-la-seleccion-tras-el-retiro-de-messi\/","og_locale":"es_ES","og_type":"article","og_title":"Leandro Paredes puso en duda su continuidad en la Selecci\u00f3n tras el retiro de Messi - Radio Infinita Goya","og_description":"\"Va a ser dif\u00edcil que siga\" Leandro Paredes admiti\u00f3 que eval\u00faa dejar la Selecci\u00f3n Argentina tras el retiro de Messi y la sanci\u00f3n de la FIFA. Sus emotivas","og_url":"https:\/\/radioinfinitagoya.com.ar\/v1\/2026\/09\/01\/leandro-paredes-puso-en-duda-su-continuidad-en-la-seleccion-tras-el-retiro-de-messi\/","og_site_name":"Radio Infinita Goya","article_publisher":"https:\/\/www.facebook.com\/p\/Infinita-Goya-100063870918311\/","article_published_time":"2026-09-01T18:56:50+00:00","og_image":[{"width":1200,"height":675,"url":"https:\/\/radioinfinitagoya.com.ar\/v1\/wp-content\/uploads\/2026\/09\/image.webp","type":"image\/webp"}],"author":"Jorge Mi\u00f1o","twitter_card":"summary_large_image","twitter_misc":{"Escrito por":"Jorge Mi\u00f1o","Tiempo de lectura":"3 minutos"},"schema":{"@context":"https:\/\/schema.org","@graph":[{"@type":"Article","@id":"https:\/\/radioinfinitagoya.com.ar\/v1\/2026\/09\/01\/leandro-paredes-puso-en-duda-su-continuidad-en-la-seleccion-tras-el-retiro-de-messi\/#article","isPartOf":{"@id":"https:\/\/radioinfinitagoya.com.ar\/v1\/2026\/09\/01\/leandro-paredes-puso-en-duda-su-continuidad-en-la-seleccion-tras-el-retiro-de-messi\/"},"author":{"name":"Jorge Mi\u00f1o","@id":"https:\/\/radioinfinitagoya.com.ar\/v1\/#\/schema\/person\/d4cf9c413d4f6edb24aabdccab49ca4a"},"headline":"Leandro Paredes puso en duda su continuidad en la Selecci\u00f3n tras el retiro de Messi","datePublished":"2026-09-01T18:56:50+00:00","mainEntityOfPage":{"@id":"https:\/\/radioinfinitagoya.com.ar\/v1\/2026\/09\/01\/leandro-paredes-puso-en-duda-su-continuidad-en-la-seleccion-tras-el-retiro-de-messi\/"},"wordCount":592,"commentCount":0,"publisher":{"@id":"https:\/\/radioinfinitagoya.com.ar\/v1\/#organization"},"image":{"@id":"https:\/\/radioinfinitagoya.com.ar\/v1\/2026\/09\/01\/leandro-paredes-puso-en-duda-su-continuidad-en-la-seleccion-tras-el-retiro-de-messi\/#primaryimage"},"thumbnailUrl":"https:\/\/radioinfinitagoya.com.ar\/v1\/wp-content\/uploads\/2026\/09\/image.webp","articleSection":["DEPORTES"],"inLanguage":"es-AR","potentialAction":[{"@type":"CommentAction","name":"Comment","target":["https:\/\/radioinfinitagoya.com.ar\/v1\/2026\/09\/01\/leandro-paredes-puso-en-duda-su-continuidad-en-la-seleccion-tras-el-retiro-de-messi\/#respond"]}]},{"@type":"WebPage","@id":"https:\/\/radioinfinitagoya.com.ar\/v1\/2026\/09\/01\/leandro-paredes-puso-en-duda-su-continuidad-en-la-seleccion-tras-el-retiro-de-messi\/","url":"https:\/\/radioinfinitagoya.com.ar\/v1\/2026\/09\/01\/leandro-paredes-puso-en-duda-su-continuidad-en-la-seleccion-tras-el-retiro-de-messi\/","name":"Leandro Paredes puso en duda su continuidad en la Selecci\u00f3n tras el retiro de Messi - Radio Infinita Goya","isPartOf":{"@id":"https:\/\/radioinfinitagoya.com.ar\/v1\/#website"},"primaryImageOfPage":{"@id":"https:\/\/radioinfinitagoya.com.ar\/v1\/2026\/09\/01\/leandro-paredes-puso-en-duda-su-continuidad-en-la-seleccion-tras-el-retiro-de-messi\/#primaryimage"},"image":{"@id":"https:\/\/radioinfinitagoya.com.ar\/v1\/2026\/09\/01\/leandro-paredes-puso-en-duda-su-continuidad-en-la-seleccion-tras-el-retiro-de-messi\/#primaryimage"},"thumbnailUrl":"https:\/\/radioinfinitagoya.com.ar\/v1\/wp-content\/uploads\/2026\/09\/image.webp","datePublished":"2026-09-01T18:56:50+00:00","description":"\"Va a ser dif\u00edcil que siga\" Leandro Paredes admiti\u00f3 que eval\u00faa dejar la Selecci\u00f3n Argentina tras el retiro de Messi y la sanci\u00f3n de la FIFA. Sus emotivas","breadcrumb":{"@id":"https:\/\/radioinfinitagoya.com.ar\/v1\/2026\/09\/01\/leandro-paredes-puso-en-duda-su-continuidad-en-la-seleccion-tras-el-retiro-de-messi\/#breadcrumb"},"inLanguage":"es-AR","potentialAction":[{"@type":"ReadAction","target":["https:\/\/radioinfinitagoya.com.ar\/v1\/2026\/09\/01\/leandro-paredes-puso-en-duda-su-continuidad-en-la-seleccion-tras-el-retiro-de-messi\/"]}]},{"@type":"ImageObject","inLanguage":"es-AR","@id":"https:\/\/radioinfinitagoya.com.ar\/v1\/2026\/09\/01\/leandro-paredes-puso-en-duda-su-continuidad-en-la-seleccion-tras-el-retiro-de-messi\/#primaryimage","url":"https:\/\/radioinfinitagoya.com.ar\/v1\/wp-content\/uploads\/2026\/09\/image.webp","contentUrl":"https:\/\/radioinfinitagoya.com.ar\/v1\/wp-content\/uploads\/2026\/09\/image.webp","width":1200,"height":675},{"@type":"BreadcrumbList","@id":"https:\/\/radioinfinitagoya.com.ar\/v1\/2026\/09\/01\/leandro-paredes-puso-en-duda-su-continuidad-en-la-seleccion-tras-el-retiro-de-messi\/#breadcrumb","itemListElement":[{"@type":"ListItem","position":1,"name":"Inicio","item":"https:\/\/radioinfinitagoya.com.ar\/v1\/"},{"@type":"ListItem","position":2,"name":"Leandro Paredes puso en duda su continuidad en la Selecci\u00f3n tras el retiro de Messi"}]},{"@type":"WebSite","@id":"https:\/\/radioinfinitagoya.com.ar\/v1\/#website","url":"https:\/\/radioinfinitagoya.com.ar\/v1\/","name":"radioinfinitagoya.com.ar","description":"Radio de noticias","publisher":{"@id":"https:\/\/radioinfinitagoya.com.ar\/v1\/#organization"},"potentialAction":[{"@type":"SearchAction","target":{"@type":"EntryPoint","urlTemplate":"https:\/\/radioinfinitagoya.com.ar\/v1\/?s={search_term_string}"},"query-input":{"@type":"PropertyValueSpecification","valueRequired":true,"valueName":"search_term_string"}}],"inLanguage":"es-AR"},{"@type":"Organization","@id":"https:\/\/radioinfinitagoya.com.ar\/v1\/#organization","name":"Radio Infinita Goya","url":"https:\/\/radioinfinitagoya.com.ar\/v1\/","logo":{"@type":"ImageObject","inLanguage":"es-AR","@id":"https:\/\/radioinfinitagoya.com.ar\/v1\/#\/schema\/logo\/image\/","url":"https:\/\/radioinfinitagoya.com.ar\/v1\/wp-content\/uploads\/2019\/11\/logo-pie-web.png","contentUrl":"https:\/\/radioinfinitagoya.com.ar\/v1\/wp-content\/uploads\/2019\/11\/logo-pie-web.png","width":635,"height":326,"caption":"Radio Infinita Goya"},"image":{"@id":"https:\/\/radioinfinitagoya.com.ar\/v1\/#\/schema\/logo\/image\/"},"sameAs":["https:\/\/www.facebook.com\/p\/Infinita-Goya-100063870918311\/"]},{"@type":"Person","@id":"https:\/\/radioinfinitagoya.com.ar\/v1\/#\/schema\/person\/d4cf9c413d4f6edb24aabdccab49ca4a","name":"Jorge Mi\u00f1o","image":{"@type":"ImageObject","inLanguage":"es-AR","@id":"https:\/\/secure.gravatar.com\/avatar\/910fcf6728fe95320e07a6643c1581fec1c7fc4bf8ae12e3d8f0d0373dc844be?s=96&d=mm&r=g","url":"https:\/\/secure.gravatar.com\/avatar\/910fcf6728fe95320e07a6643c1581fec1c7fc4bf8ae12e3d8f0d0373dc844be?s=96&d=mm&r=g","contentUrl":"https:\/\/secure.gravatar.com\/avatar\/910fcf6728fe95320e07a6643c1581fec1c7fc4bf8ae12e3d8f0d0373dc844be?s=96&d=mm&r=g","caption":"Jorge Mi\u00f1o"},"sameAs":["http:\/\/radioinfinitagoya.com.ar"]}]}},"_links":{"self":[{"href":"https:\/\/radioinfinitagoya.com.ar\/v1\/wp-json\/wp\/v2\/posts\/226496","targetHints":{"allow":["GET"]}}],"collection":[{"href":"https:\/\/radioinfinitagoya.com.ar\/v1\/wp-json\/wp\/v2\/posts"}],"about":[{"href":"https:\/\/radioinfinitagoya.com.ar\/v1\/wp-json\/wp\/v2\/types\/post"}],"author":[{"embeddable":true,"href":"https:\/\/radioinfinitagoya.com.ar\/v1\/wp-json\/wp\/v2\/users\/4"}],"replies":[{"embeddable":true,"href":"https:\/\/radioinfinitagoya.com.ar\/v1\/wp-json\/wp\/v2\/comments?post=226496"}],"version-history":[{"count":1,"href":"https:\/\/radioinfinitagoya.com.ar\/v1\/wp-json\/wp\/v2\/posts\/226496\/revisions"}],"predecessor-version":[{"id":226498,"href":"https:\/\/radioinfinitagoya.com.ar\/v1\/wp-json\/wp\/v2\/posts\/226496\/revisions\/226498"}],"wp:featuredmedia":[{"embeddable":true,"href":"https:\/\/radioinfinitagoya.com.ar\/v1\/wp-json\/wp\/v2\/media\/226497"}],"wp:attachment":[{"href":"https:\/\/radioinfinitagoya.com.ar\/v1\/wp-json\/wp\/v2\/media?parent=226496"}],"wp:term":[{"taxonomy":"category","embeddable":true,"href":"https:\/\/radioinfinitagoya.com.ar\/v1\/wp-json\/wp\/v2\/categories?post=226496"},{"taxonomy":"post_tag","embeddable":true,"href":"https:\/\/radioinfinitagoya.com.ar\/v1\/wp-json\/wp\/v2\/tags?post=226496"}],"curies":[{"name":"wp","href":"https:\/\/api.w.org\/{rel}","templated":true}]}}