{"id":226499,"date":"2026-09-01T15:58:25","date_gmt":"2026-09-01T18:58:25","guid":{"rendered":"https:\/\/radioinfinitagoya.com.ar\/v1\/?p=226499"},"modified":"2026-09-01T15:58:25","modified_gmt":"2026-09-01T18:58:25","slug":"enzo-fernandez-deja-chelsea-y-se-va-al-manchester-city-en-una-venta-record","status":"publish","type":"post","link":"https:\/\/radioinfinitagoya.com.ar\/v1\/2026\/09\/01\/enzo-fernandez-deja-chelsea-y-se-va-al-manchester-city-en-una-venta-record\/","title":{"rendered":"Enzo Fern\u00e1ndez deja Chelsea y se va al Manchester City en una venta r\u00e9cord"},"content":{"rendered":"<p>Enzo Fern\u00e1ndez pasa de Chelsea a Manchester City por 145 millones de euros, la cifra m\u00e1s alta en la historia de la Premier.<\/p>\n<p>La Premier League es escenario de la transferencia m\u00e1s impactante del a\u00f1o en el f\u00fatbol europeo. Enzo Fern\u00e1ndez deja las filas del Chelsea para convertirse en flamante refuerzo del Manchester City, en una operaci\u00f3n que se concreta por una suma cercana a los 145 millones de euros. De esta manera, el mediocampista argentino de 25 a\u00f1os no compartir\u00e1 plantel con Emiliano &#8220;Dibu&#8221; Mart\u00ednez, quien se sum\u00f3 como incorporaci\u00f3n al conjunto londinense.<\/p>\n<p>Mientras se cerraban los \u00faltimos detalles entre los clubes, el volante de la Selecci\u00f3n Argentina no estuvo a disposici\u00f3n del entrenador Xabi Alonso en los compromisos recientes frente a Luton Town por la Carabao Cup y ante Brighton por la liga inglesa. Con este traspaso, el jugador firmar\u00e1 un v\u00ednculo con los Citizens hasta 2032 y se transformar\u00e1 en la compra m\u00e1s cara en la historia del f\u00fatbol brit\u00e1nico, compartiendo ese lugar de privilegio con Alexander Isak, por quien Liverpool desembols\u00f3 el mismo monto en 2025.<\/p>\n<p>Por qu\u00e9 Enzo Fern\u00e1ndez decidi\u00f3 irse del Chelsea<br \/>\nEl cambio de aire para el mediocampista se da tras un 2026 convulsionado en su relaci\u00f3n con la hinchada en Londres. Las tensiones comenzaron a principios de a\u00f1o cuando declar\u00f3 que le gustaba &#8220;mucho Madrid&#8221;, frase que en Chelsea fue interpretada como un gesto hacia el Real Madrid. La tirantez aument\u00f3 durante el Mundial 2026 por su festejo con el gesto del Topo Gigio luego de convertirle un golazo a Inglaterra en las semifinales.<\/p>\n<p>El clima se volvi\u00f3 a\u00fan m\u00e1s tenso semanas atr\u00e1s en medio de las negociaciones con el equipo de M\u00e1nchester: el volante fue abucheado por los simpatizantes durante un amistoso frente a la Real Sociedad, donde adem\u00e1s le mostraron una bandera asignada por la corona brit\u00e1nica al territorio de las Islas Malvinas tras su ocupaci\u00f3n ilegal.<\/p>\n<p>As\u00ed concluye una etapa de tres a\u00f1os y medio en Stamford Bridge, donde lleg\u00f3 a ser capit\u00e1n y cosech\u00f3 dos t\u00edtulos: la Conference League 2025 y el Mundial de Clubes 2025 tras vencer en la final al PSG. En el Manchester City se reencontrar\u00e1 con el entrenador Enzo Maresca, sum\u00e1ndose a un proyecto que busca suplir la ausencia de su gran figura, Rodri, y que ya hab\u00eda contratado al joven crack marroqu\u00ed Ayyoub Bouaddi desde el Lille por 100 millones de euros.<\/p>\n<p>Cu\u00e1nto dinero movi\u00f3 Enzo Fern\u00e1ndez en pases a lo largo de su carrera<br \/>\nCon este nuevo movimiento de mercado, el argentino ya acumula 284 millones de euros en transferencias a lo largo de su trayectoria profesional:<\/p>\n<p>De Chelsea a Manchester City (2026): 145 millones de euros.<\/p>\n<p>De Benfica a Chelsea (2023): 121 millones de euros.<\/p>\n<p>De River a Benfica (2022): 18 millones de euros.<\/p>\n<p>Adem\u00e1s, su llegada al equipo ciudadano ubica a la operaci\u00f3n entre las transferencias m\u00e1s elevadas de todos los tiempos a nivel global:<\/p>\n<p>Neymar a PSG: 222M\u20ac.<\/p>\n<p>Kylian Mbapp\u00e9 a PSG: 180M\u20ac.<\/p>\n<p>Ousmane Demb\u00e9l\u00e9 a Barcelona: 148M\u20ac.<\/p>\n<p>Enzo Fern\u00e1ndez a Manchester City: 145M\u20ac.<\/p>\n<p>Alexander Isak a Liverpool: 145M\u20ac.<\/p>\n<p>Morgan Rogers a Chelsea: 138M\u20ac.<\/p>\n<p>Elliot Anderson a Manchester City: 135M\u20ac.<\/p>\n<p>Philippe Coutinho a Barcelona: 135M\u20ac.<\/p>\n<p>Jo\u00e3o F\u00e9lix a Atl\u00e9tico Madrid: 127M\u20ac.<\/p>\n<p>Jude Bellingham a Real Madrid: 127M\u20ac.<\/p>\n","protected":false},"excerpt":{"rendered":"<p>Enzo Fern\u00e1ndez pasa de Chelsea a Manchester City por 145 millones de euros, la cifra m\u00e1s alta en la historia de la Premier. La Premier League es escenario de la transferencia m\u00e1s impactante del a\u00f1o en el f\u00fatbol europeo. Enzo Fern\u00e1ndez deja las filas del Chelsea para convertirse en flamante refuerzo del Manchester City, en [&hellip;]<\/p>\n","protected":false},"author":4,"featured_media":226500,"comment_status":"open","ping_status":"open","sticky":false,"template":"","format":"standard","meta":{"_joinchat":[],"footnotes":""},"categories":[28],"tags":[],"class_list":["post-226499","post","type-post","status-publish","format-standard","has-post-thumbnail","category-deportes"],"yoast_head":"<!-- This site is optimized with the Yoast SEO plugin v27.7 - https:\/\/yoast.com\/product\/yoast-seo-wordpress\/ -->\n<title>Enzo Fern\u00e1ndez deja Chelsea y se va al Manchester City en una venta r\u00e9cord - Radio Infinita Goya<\/title>\n<meta name=\"description\" content=\"Enzo Fern\u00e1ndez pasa de Chelsea a Manchester City por 145 millones de euros, la cifra m\u00e1s alta en la historia de la Premier. La Premier League es escenario\" \/>\n<meta name=\"robots\" content=\"index, follow, max-snippet:-1, max-image-preview:large, max-video-preview:-1\" \/>\n<link rel=\"canonical\" href=\"https:\/\/radioinfinitagoya.com.ar\/v1\/2026\/09\/01\/enzo-fernandez-deja-chelsea-y-se-va-al-manchester-city-en-una-venta-record\/\" \/>\n<meta property=\"og:locale\" content=\"es_ES\" \/>\n<meta property=\"og:type\" content=\"article\" \/>\n<meta property=\"og:title\" content=\"Enzo Fern\u00e1ndez deja Chelsea y se va al Manchester City en una venta r\u00e9cord - Radio Infinita Goya\" \/>\n<meta property=\"og:description\" content=\"Enzo Fern\u00e1ndez pasa de Chelsea a Manchester City por 145 millones de euros, la cifra m\u00e1s alta en la historia de la Premier. La Premier League es escenario\" \/>\n<meta property=\"og:url\" content=\"https:\/\/radioinfinitagoya.com.ar\/v1\/2026\/09\/01\/enzo-fernandez-deja-chelsea-y-se-va-al-manchester-city-en-una-venta-record\/\" \/>\n<meta property=\"og:site_name\" content=\"Radio Infinita Goya\" \/>\n<meta property=\"article:publisher\" content=\"https:\/\/www.facebook.com\/p\/Infinita-Goya-100063870918311\/\" \/>\n<meta property=\"article:published_time\" content=\"2026-09-01T18:58:25+00:00\" \/>\n<meta property=\"og:image\" content=\"https:\/\/radioinfinitagoya.com.ar\/v1\/wp-content\/uploads\/2026\/09\/image-1.webp\" \/>\n\t<meta property=\"og:image:width\" content=\"1200\" \/>\n\t<meta property=\"og:image:height\" content=\"675\" \/>\n\t<meta property=\"og:image:type\" content=\"image\/webp\" \/>\n<meta name=\"author\" content=\"Jorge Mi\u00f1o\" \/>\n<meta name=\"twitter:card\" content=\"summary_large_image\" \/>\n<meta name=\"twitter:label1\" content=\"Escrito por\" \/>\n\t<meta name=\"twitter:data1\" content=\"Jorge Mi\u00f1o\" \/>\n\t<meta name=\"twitter:label2\" content=\"Tiempo de lectura\" \/>\n\t<meta name=\"twitter:data2\" content=\"3 minutos\" \/>\n<script type=\"application\/ld+json\" class=\"yoast-schema-graph\">{\"@context\":\"https:\\\/\\\/schema.org\",\"@graph\":[{\"@type\":\"Article\",\"@id\":\"https:\\\/\\\/radioinfinitagoya.com.ar\\\/v1\\\/2026\\\/09\\\/01\\\/enzo-fernandez-deja-chelsea-y-se-va-al-manchester-city-en-una-venta-record\\\/#article\",\"isPartOf\":{\"@id\":\"https:\\\/\\\/radioinfinitagoya.com.ar\\\/v1\\\/2026\\\/09\\\/01\\\/enzo-fernandez-deja-chelsea-y-se-va-al-manchester-city-en-una-venta-record\\\/\"},\"author\":{\"name\":\"Jorge Mi\u00f1o\",\"@id\":\"https:\\\/\\\/radioinfinitagoya.com.ar\\\/v1\\\/#\\\/schema\\\/person\\\/d4cf9c413d4f6edb24aabdccab49ca4a\"},\"headline\":\"Enzo Fern\u00e1ndez deja Chelsea y se va al Manchester City en una venta r\u00e9cord\",\"datePublished\":\"2026-09-01T18:58:25+00:00\",\"mainEntityOfPage\":{\"@id\":\"https:\\\/\\\/radioinfinitagoya.com.ar\\\/v1\\\/2026\\\/09\\\/01\\\/enzo-fernandez-deja-chelsea-y-se-va-al-manchester-city-en-una-venta-record\\\/\"},\"wordCount\":578,\"commentCount\":0,\"publisher\":{\"@id\":\"https:\\\/\\\/radioinfinitagoya.com.ar\\\/v1\\\/#organization\"},\"image\":{\"@id\":\"https:\\\/\\\/radioinfinitagoya.com.ar\\\/v1\\\/2026\\\/09\\\/01\\\/enzo-fernandez-deja-chelsea-y-se-va-al-manchester-city-en-una-venta-record\\\/#primaryimage\"},\"thumbnailUrl\":\"https:\\\/\\\/radioinfinitagoya.com.ar\\\/v1\\\/wp-content\\\/uploads\\\/2026\\\/09\\\/image-1.webp\",\"articleSection\":[\"DEPORTES\"],\"inLanguage\":\"es-AR\",\"potentialAction\":[{\"@type\":\"CommentAction\",\"name\":\"Comment\",\"target\":[\"https:\\\/\\\/radioinfinitagoya.com.ar\\\/v1\\\/2026\\\/09\\\/01\\\/enzo-fernandez-deja-chelsea-y-se-va-al-manchester-city-en-una-venta-record\\\/#respond\"]}]},{\"@type\":\"WebPage\",\"@id\":\"https:\\\/\\\/radioinfinitagoya.com.ar\\\/v1\\\/2026\\\/09\\\/01\\\/enzo-fernandez-deja-chelsea-y-se-va-al-manchester-city-en-una-venta-record\\\/\",\"url\":\"https:\\\/\\\/radioinfinitagoya.com.ar\\\/v1\\\/2026\\\/09\\\/01\\\/enzo-fernandez-deja-chelsea-y-se-va-al-manchester-city-en-una-venta-record\\\/\",\"name\":\"Enzo Fern\u00e1ndez deja Chelsea y se va al Manchester City en una venta r\u00e9cord - Radio Infinita Goya\",\"isPartOf\":{\"@id\":\"https:\\\/\\\/radioinfinitagoya.com.ar\\\/v1\\\/#website\"},\"primaryImageOfPage\":{\"@id\":\"https:\\\/\\\/radioinfinitagoya.com.ar\\\/v1\\\/2026\\\/09\\\/01\\\/enzo-fernandez-deja-chelsea-y-se-va-al-manchester-city-en-una-venta-record\\\/#primaryimage\"},\"image\":{\"@id\":\"https:\\\/\\\/radioinfinitagoya.com.ar\\\/v1\\\/2026\\\/09\\\/01\\\/enzo-fernandez-deja-chelsea-y-se-va-al-manchester-city-en-una-venta-record\\\/#primaryimage\"},\"thumbnailUrl\":\"https:\\\/\\\/radioinfinitagoya.com.ar\\\/v1\\\/wp-content\\\/uploads\\\/2026\\\/09\\\/image-1.webp\",\"datePublished\":\"2026-09-01T18:58:25+00:00\",\"description\":\"Enzo Fern\u00e1ndez pasa de Chelsea a Manchester City por 145 millones de euros, la cifra m\u00e1s alta en la historia de la Premier. La Premier League es escenario\",\"breadcrumb\":{\"@id\":\"https:\\\/\\\/radioinfinitagoya.com.ar\\\/v1\\\/2026\\\/09\\\/01\\\/enzo-fernandez-deja-chelsea-y-se-va-al-manchester-city-en-una-venta-record\\\/#breadcrumb\"},\"inLanguage\":\"es-AR\",\"potentialAction\":[{\"@type\":\"ReadAction\",\"target\":[\"https:\\\/\\\/radioinfinitagoya.com.ar\\\/v1\\\/2026\\\/09\\\/01\\\/enzo-fernandez-deja-chelsea-y-se-va-al-manchester-city-en-una-venta-record\\\/\"]}]},{\"@type\":\"ImageObject\",\"inLanguage\":\"es-AR\",\"@id\":\"https:\\\/\\\/radioinfinitagoya.com.ar\\\/v1\\\/2026\\\/09\\\/01\\\/enzo-fernandez-deja-chelsea-y-se-va-al-manchester-city-en-una-venta-record\\\/#primaryimage\",\"url\":\"https:\\\/\\\/radioinfinitagoya.com.ar\\\/v1\\\/wp-content\\\/uploads\\\/2026\\\/09\\\/image-1.webp\",\"contentUrl\":\"https:\\\/\\\/radioinfinitagoya.com.ar\\\/v1\\\/wp-content\\\/uploads\\\/2026\\\/09\\\/image-1.webp\",\"width\":1200,\"height\":675},{\"@type\":\"BreadcrumbList\",\"@id\":\"https:\\\/\\\/radioinfinitagoya.com.ar\\\/v1\\\/2026\\\/09\\\/01\\\/enzo-fernandez-deja-chelsea-y-se-va-al-manchester-city-en-una-venta-record\\\/#breadcrumb\",\"itemListElement\":[{\"@type\":\"ListItem\",\"position\":1,\"name\":\"Inicio\",\"item\":\"https:\\\/\\\/radioinfinitagoya.com.ar\\\/v1\\\/\"},{\"@type\":\"ListItem\",\"position\":2,\"name\":\"Enzo Fern\u00e1ndez deja Chelsea y se va al Manchester City en una venta r\u00e9cord\"}]},{\"@type\":\"WebSite\",\"@id\":\"https:\\\/\\\/radioinfinitagoya.com.ar\\\/v1\\\/#website\",\"url\":\"https:\\\/\\\/radioinfinitagoya.com.ar\\\/v1\\\/\",\"name\":\"radioinfinitagoya.com.ar\",\"description\":\"Radio de noticias\",\"publisher\":{\"@id\":\"https:\\\/\\\/radioinfinitagoya.com.ar\\\/v1\\\/#organization\"},\"potentialAction\":[{\"@type\":\"SearchAction\",\"target\":{\"@type\":\"EntryPoint\",\"urlTemplate\":\"https:\\\/\\\/radioinfinitagoya.com.ar\\\/v1\\\/?s={search_term_string}\"},\"query-input\":{\"@type\":\"PropertyValueSpecification\",\"valueRequired\":true,\"valueName\":\"search_term_string\"}}],\"inLanguage\":\"es-AR\"},{\"@type\":\"Organization\",\"@id\":\"https:\\\/\\\/radioinfinitagoya.com.ar\\\/v1\\\/#organization\",\"name\":\"Radio Infinita Goya\",\"url\":\"https:\\\/\\\/radioinfinitagoya.com.ar\\\/v1\\\/\",\"logo\":{\"@type\":\"ImageObject\",\"inLanguage\":\"es-AR\",\"@id\":\"https:\\\/\\\/radioinfinitagoya.com.ar\\\/v1\\\/#\\\/schema\\\/logo\\\/image\\\/\",\"url\":\"https:\\\/\\\/radioinfinitagoya.com.ar\\\/v1\\\/wp-content\\\/uploads\\\/2019\\\/11\\\/logo-pie-web.png\",\"contentUrl\":\"https:\\\/\\\/radioinfinitagoya.com.ar\\\/v1\\\/wp-content\\\/uploads\\\/2019\\\/11\\\/logo-pie-web.png\",\"width\":635,\"height\":326,\"caption\":\"Radio Infinita Goya\"},\"image\":{\"@id\":\"https:\\\/\\\/radioinfinitagoya.com.ar\\\/v1\\\/#\\\/schema\\\/logo\\\/image\\\/\"},\"sameAs\":[\"https:\\\/\\\/www.facebook.com\\\/p\\\/Infinita-Goya-100063870918311\\\/\"]},{\"@type\":\"Person\",\"@id\":\"https:\\\/\\\/radioinfinitagoya.com.ar\\\/v1\\\/#\\\/schema\\\/person\\\/d4cf9c413d4f6edb24aabdccab49ca4a\",\"name\":\"Jorge Mi\u00f1o\",\"image\":{\"@type\":\"ImageObject\",\"inLanguage\":\"es-AR\",\"@id\":\"https:\\\/\\\/secure.gravatar.com\\\/avatar\\\/910fcf6728fe95320e07a6643c1581fec1c7fc4bf8ae12e3d8f0d0373dc844be?s=96&d=mm&r=g\",\"url\":\"https:\\\/\\\/secure.gravatar.com\\\/avatar\\\/910fcf6728fe95320e07a6643c1581fec1c7fc4bf8ae12e3d8f0d0373dc844be?s=96&d=mm&r=g\",\"contentUrl\":\"https:\\\/\\\/secure.gravatar.com\\\/avatar\\\/910fcf6728fe95320e07a6643c1581fec1c7fc4bf8ae12e3d8f0d0373dc844be?s=96&d=mm&r=g\",\"caption\":\"Jorge Mi\u00f1o\"},\"sameAs\":[\"http:\\\/\\\/radioinfinitagoya.com.ar\"]}]}<\/script>\n<!-- \/ Yoast SEO plugin. -->","yoast_head_json":{"title":"Enzo Fern\u00e1ndez deja Chelsea y se va al Manchester City en una venta r\u00e9cord - Radio Infinita Goya","description":"Enzo Fern\u00e1ndez pasa de Chelsea a Manchester City por 145 millones de euros, la cifra m\u00e1s alta en la historia de la Premier. La Premier League es escenario","robots":{"index":"index","follow":"follow","max-snippet":"max-snippet:-1","max-image-preview":"max-image-preview:large","max-video-preview":"max-video-preview:-1"},"canonical":"https:\/\/radioinfinitagoya.com.ar\/v1\/2026\/09\/01\/enzo-fernandez-deja-chelsea-y-se-va-al-manchester-city-en-una-venta-record\/","og_locale":"es_ES","og_type":"article","og_title":"Enzo Fern\u00e1ndez deja Chelsea y se va al Manchester City en una venta r\u00e9cord - Radio Infinita Goya","og_description":"Enzo Fern\u00e1ndez pasa de Chelsea a Manchester City por 145 millones de euros, la cifra m\u00e1s alta en la historia de la Premier. La Premier League es escenario","og_url":"https:\/\/radioinfinitagoya.com.ar\/v1\/2026\/09\/01\/enzo-fernandez-deja-chelsea-y-se-va-al-manchester-city-en-una-venta-record\/","og_site_name":"Radio Infinita Goya","article_publisher":"https:\/\/www.facebook.com\/p\/Infinita-Goya-100063870918311\/","article_published_time":"2026-09-01T18:58:25+00:00","og_image":[{"width":1200,"height":675,"url":"https:\/\/radioinfinitagoya.com.ar\/v1\/wp-content\/uploads\/2026\/09\/image-1.webp","type":"image\/webp"}],"author":"Jorge Mi\u00f1o","twitter_card":"summary_large_image","twitter_misc":{"Escrito por":"Jorge Mi\u00f1o","Tiempo de lectura":"3 minutos"},"schema":{"@context":"https:\/\/schema.org","@graph":[{"@type":"Article","@id":"https:\/\/radioinfinitagoya.com.ar\/v1\/2026\/09\/01\/enzo-fernandez-deja-chelsea-y-se-va-al-manchester-city-en-una-venta-record\/#article","isPartOf":{"@id":"https:\/\/radioinfinitagoya.com.ar\/v1\/2026\/09\/01\/enzo-fernandez-deja-chelsea-y-se-va-al-manchester-city-en-una-venta-record\/"},"author":{"name":"Jorge Mi\u00f1o","@id":"https:\/\/radioinfinitagoya.com.ar\/v1\/#\/schema\/person\/d4cf9c413d4f6edb24aabdccab49ca4a"},"headline":"Enzo Fern\u00e1ndez deja Chelsea y se va al Manchester City en una venta r\u00e9cord","datePublished":"2026-09-01T18:58:25+00:00","mainEntityOfPage":{"@id":"https:\/\/radioinfinitagoya.com.ar\/v1\/2026\/09\/01\/enzo-fernandez-deja-chelsea-y-se-va-al-manchester-city-en-una-venta-record\/"},"wordCount":578,"commentCount":0,"publisher":{"@id":"https:\/\/radioinfinitagoya.com.ar\/v1\/#organization"},"image":{"@id":"https:\/\/radioinfinitagoya.com.ar\/v1\/2026\/09\/01\/enzo-fernandez-deja-chelsea-y-se-va-al-manchester-city-en-una-venta-record\/#primaryimage"},"thumbnailUrl":"https:\/\/radioinfinitagoya.com.ar\/v1\/wp-content\/uploads\/2026\/09\/image-1.webp","articleSection":["DEPORTES"],"inLanguage":"es-AR","potentialAction":[{"@type":"CommentAction","name":"Comment","target":["https:\/\/radioinfinitagoya.com.ar\/v1\/2026\/09\/01\/enzo-fernandez-deja-chelsea-y-se-va-al-manchester-city-en-una-venta-record\/#respond"]}]},{"@type":"WebPage","@id":"https:\/\/radioinfinitagoya.com.ar\/v1\/2026\/09\/01\/enzo-fernandez-deja-chelsea-y-se-va-al-manchester-city-en-una-venta-record\/","url":"https:\/\/radioinfinitagoya.com.ar\/v1\/2026\/09\/01\/enzo-fernandez-deja-chelsea-y-se-va-al-manchester-city-en-una-venta-record\/","name":"Enzo Fern\u00e1ndez deja Chelsea y se va al Manchester City en una venta r\u00e9cord - Radio Infinita Goya","isPartOf":{"@id":"https:\/\/radioinfinitagoya.com.ar\/v1\/#website"},"primaryImageOfPage":{"@id":"https:\/\/radioinfinitagoya.com.ar\/v1\/2026\/09\/01\/enzo-fernandez-deja-chelsea-y-se-va-al-manchester-city-en-una-venta-record\/#primaryimage"},"image":{"@id":"https:\/\/radioinfinitagoya.com.ar\/v1\/2026\/09\/01\/enzo-fernandez-deja-chelsea-y-se-va-al-manchester-city-en-una-venta-record\/#primaryimage"},"thumbnailUrl":"https:\/\/radioinfinitagoya.com.ar\/v1\/wp-content\/uploads\/2026\/09\/image-1.webp","datePublished":"2026-09-01T18:58:25+00:00","description":"Enzo Fern\u00e1ndez pasa de Chelsea a Manchester City por 145 millones de euros, la cifra m\u00e1s alta en la historia de la Premier. La Premier League es escenario","breadcrumb":{"@id":"https:\/\/radioinfinitagoya.com.ar\/v1\/2026\/09\/01\/enzo-fernandez-deja-chelsea-y-se-va-al-manchester-city-en-una-venta-record\/#breadcrumb"},"inLanguage":"es-AR","potentialAction":[{"@type":"ReadAction","target":["https:\/\/radioinfinitagoya.com.ar\/v1\/2026\/09\/01\/enzo-fernandez-deja-chelsea-y-se-va-al-manchester-city-en-una-venta-record\/"]}]},{"@type":"ImageObject","inLanguage":"es-AR","@id":"https:\/\/radioinfinitagoya.com.ar\/v1\/2026\/09\/01\/enzo-fernandez-deja-chelsea-y-se-va-al-manchester-city-en-una-venta-record\/#primaryimage","url":"https:\/\/radioinfinitagoya.com.ar\/v1\/wp-content\/uploads\/2026\/09\/image-1.webp","contentUrl":"https:\/\/radioinfinitagoya.com.ar\/v1\/wp-content\/uploads\/2026\/09\/image-1.webp","width":1200,"height":675},{"@type":"BreadcrumbList","@id":"https:\/\/radioinfinitagoya.com.ar\/v1\/2026\/09\/01\/enzo-fernandez-deja-chelsea-y-se-va-al-manchester-city-en-una-venta-record\/#breadcrumb","itemListElement":[{"@type":"ListItem","position":1,"name":"Inicio","item":"https:\/\/radioinfinitagoya.com.ar\/v1\/"},{"@type":"ListItem","position":2,"name":"Enzo Fern\u00e1ndez deja Chelsea y se va al Manchester City en una venta r\u00e9cord"}]},{"@type":"WebSite","@id":"https:\/\/radioinfinitagoya.com.ar\/v1\/#website","url":"https:\/\/radioinfinitagoya.com.ar\/v1\/","name":"radioinfinitagoya.com.ar","description":"Radio de noticias","publisher":{"@id":"https:\/\/radioinfinitagoya.com.ar\/v1\/#organization"},"potentialAction":[{"@type":"SearchAction","target":{"@type":"EntryPoint","urlTemplate":"https:\/\/radioinfinitagoya.com.ar\/v1\/?s={search_term_string}"},"query-input":{"@type":"PropertyValueSpecification","valueRequired":true,"valueName":"search_term_string"}}],"inLanguage":"es-AR"},{"@type":"Organization","@id":"https:\/\/radioinfinitagoya.com.ar\/v1\/#organization","name":"Radio Infinita Goya","url":"https:\/\/radioinfinitagoya.com.ar\/v1\/","logo":{"@type":"ImageObject","inLanguage":"es-AR","@id":"https:\/\/radioinfinitagoya.com.ar\/v1\/#\/schema\/logo\/image\/","url":"https:\/\/radioinfinitagoya.com.ar\/v1\/wp-content\/uploads\/2019\/11\/logo-pie-web.png","contentUrl":"https:\/\/radioinfinitagoya.com.ar\/v1\/wp-content\/uploads\/2019\/11\/logo-pie-web.png","width":635,"height":326,"caption":"Radio Infinita Goya"},"image":{"@id":"https:\/\/radioinfinitagoya.com.ar\/v1\/#\/schema\/logo\/image\/"},"sameAs":["https:\/\/www.facebook.com\/p\/Infinita-Goya-100063870918311\/"]},{"@type":"Person","@id":"https:\/\/radioinfinitagoya.com.ar\/v1\/#\/schema\/person\/d4cf9c413d4f6edb24aabdccab49ca4a","name":"Jorge Mi\u00f1o","image":{"@type":"ImageObject","inLanguage":"es-AR","@id":"https:\/\/secure.gravatar.com\/avatar\/910fcf6728fe95320e07a6643c1581fec1c7fc4bf8ae12e3d8f0d0373dc844be?s=96&d=mm&r=g","url":"https:\/\/secure.gravatar.com\/avatar\/910fcf6728fe95320e07a6643c1581fec1c7fc4bf8ae12e3d8f0d0373dc844be?s=96&d=mm&r=g","contentUrl":"https:\/\/secure.gravatar.com\/avatar\/910fcf6728fe95320e07a6643c1581fec1c7fc4bf8ae12e3d8f0d0373dc844be?s=96&d=mm&r=g","caption":"Jorge Mi\u00f1o"},"sameAs":["http:\/\/radioinfinitagoya.com.ar"]}]}},"_links":{"self":[{"href":"https:\/\/radioinfinitagoya.com.ar\/v1\/wp-json\/wp\/v2\/posts\/226499","targetHints":{"allow":["GET"]}}],"collection":[{"href":"https:\/\/radioinfinitagoya.com.ar\/v1\/wp-json\/wp\/v2\/posts"}],"about":[{"href":"https:\/\/radioinfinitagoya.com.ar\/v1\/wp-json\/wp\/v2\/types\/post"}],"author":[{"embeddable":true,"href":"https:\/\/radioinfinitagoya.com.ar\/v1\/wp-json\/wp\/v2\/users\/4"}],"replies":[{"embeddable":true,"href":"https:\/\/radioinfinitagoya.com.ar\/v1\/wp-json\/wp\/v2\/comments?post=226499"}],"version-history":[{"count":1,"href":"https:\/\/radioinfinitagoya.com.ar\/v1\/wp-json\/wp\/v2\/posts\/226499\/revisions"}],"predecessor-version":[{"id":226501,"href":"https:\/\/radioinfinitagoya.com.ar\/v1\/wp-json\/wp\/v2\/posts\/226499\/revisions\/226501"}],"wp:featuredmedia":[{"embeddable":true,"href":"https:\/\/radioinfinitagoya.com.ar\/v1\/wp-json\/wp\/v2\/media\/226500"}],"wp:attachment":[{"href":"https:\/\/radioinfinitagoya.com.ar\/v1\/wp-json\/wp\/v2\/media?parent=226499"}],"wp:term":[{"taxonomy":"category","embeddable":true,"href":"https:\/\/radioinfinitagoya.com.ar\/v1\/wp-json\/wp\/v2\/categories?post=226499"},{"taxonomy":"post_tag","embeddable":true,"href":"https:\/\/radioinfinitagoya.com.ar\/v1\/wp-json\/wp\/v2\/tags?post=226499"}],"curies":[{"name":"wp","href":"https:\/\/api.w.org\/{rel}","templated":true}]}}