{"id":226502,"date":"2026-09-01T15:59:56","date_gmt":"2026-09-01T18:59:56","guid":{"rendered":"https:\/\/radioinfinitagoya.com.ar\/v1\/?p=226502"},"modified":"2026-09-01T15:59:56","modified_gmt":"2026-09-01T18:59:56","slug":"nestor-gorosito-dejo-de-ser-el-tecnico-de-san-lorenzo","status":"publish","type":"post","link":"https:\/\/radioinfinitagoya.com.ar\/v1\/2026\/09\/01\/nestor-gorosito-dejo-de-ser-el-tecnico-de-san-lorenzo\/","title":{"rendered":"N\u00e9stor Gorosito dej\u00f3 de ser el t\u00e9cnico de San Lorenzo"},"content":{"rendered":"<p>N\u00e9stor Gorosito dej\u00f3 de ser el DT de San Lorenzo tras reunirse con la CD. La derrota con Instituto dej\u00f3 al Cicl\u00f3n ante\u00faltimo.<\/p>\n<p>N\u00e9stor Gorosito dej\u00f3 de ser el entrenador de San Lorenzo de Almagro. Luego de una reuni\u00f3n clave mantenida entre el cuerpo t\u00e9cnico y la comisi\u00f3n directiva del club, las autoridades de la instituci\u00f3n de Boedo tomaron la determinaci\u00f3n de ponerle fin al ciclo de Pipo, motivados por el complicado presente deportivo que atraviesa el primer equipo.<\/p>\n<p>El detonante principal del encuentro directivo fue la derrota sufrida en Alta C\u00f3rdoba frente a Instituto por 1-0. Ese resultado dej\u00f3 al conjunto azulgrana relegado a la ante\u00faltima posici\u00f3n de la Zona A del Torneo Clausura con apenas siete puntos cosechados sobre 21 posibles, producto de dos victorias, un empate y cuatro ca\u00eddas en las primeras siete jornadas del certamen.<\/p>\n<p>Cu\u00e1les fueron los factores que precipitaron la salida de N\u00e9stor Gorosito de San Lorenzo<br \/>\nLa campa\u00f1a del entrenador no logr\u00f3 encauzarse desde su retorno a la instituci\u00f3n tras la partida de Gustavo \u00c1lvarez. El ciclo sum\u00f3 un duro golpe en el plano de las eliminatorias directas al quedar fuera de la Copa Argentina en los dieciseisavos de final tras caer por penales ante Deportivo Riestra.<\/p>\n<p>A la eliminaci\u00f3n en el certamen federal y a los escasos puntos obtenidos en el torneo local se le a\u00f1adi\u00f3 un traspi\u00e9 de fuerte impacto institucional. Durante su gesti\u00f3n, San Lorenzo cay\u00f3 en el cl\u00e1sico frente a Hurac\u00e1n, una derrota que cort\u00f3 un invicto hist\u00f3rico de 25 a\u00f1os del Cicl\u00f3n como local en el Nuevo Gas\u00f3metro. Esta serie de resultados negativos desgast\u00f3 de manera definitiva la continuidad del director t\u00e9cnico al frente del plantel profesional.<\/p>\n<p>Qu\u00e9 hab\u00eda declarado Pipo Gorosito antes de que la dirigencia confirmara su desvinculaci\u00f3n<br \/>\nLuego de la ca\u00edda sufrida ante Instituto en C\u00f3rdoba, el DT se present\u00f3 a hablar en conferencia de prensa y hab\u00eda descartado de plano la idea de dar un paso al costado por decisi\u00f3n propia. En su contacto con los medios, el entrenador depositaba sus intenciones de revertir el presente en la incorporaci\u00f3n de Facundo Far\u00edas, quien lleg\u00f3 a pr\u00e9stamo desde Estudiantes de La Plata: &#8220;Ser\u00e1 extraordinario si puede jugar porque le va a cambiar completamente la cara al equipo&#8221;.<\/p>\n<p>Sin embargo, las intenciones manifestadas por el entrenador no alteraron la postura de la dirigencia azulgrana. Tras la reuni\u00f3n mantenida este martes, la comisi\u00f3n directiva ratific\u00f3 que Gorosito no contin\u00fae al frente del equipo, por lo que San Lorenzo dar\u00e1 inicio de forma inmediata a la b\u00fasqueda de un nuevo director t\u00e9cnico para encarar lo que resta de la temporada.<\/p>\n","protected":false},"excerpt":{"rendered":"<p>N\u00e9stor Gorosito dej\u00f3 de ser el DT de San Lorenzo tras reunirse con la CD. La derrota con Instituto dej\u00f3 al Cicl\u00f3n ante\u00faltimo. N\u00e9stor Gorosito dej\u00f3 de ser el entrenador de San Lorenzo de Almagro. Luego de una reuni\u00f3n clave mantenida entre el cuerpo t\u00e9cnico y la comisi\u00f3n directiva del club, las autoridades de la [&hellip;]<\/p>\n","protected":false},"author":4,"featured_media":226503,"comment_status":"open","ping_status":"open","sticky":false,"template":"","format":"standard","meta":{"_joinchat":[],"footnotes":""},"categories":[28],"tags":[],"class_list":["post-226502","post","type-post","status-publish","format-standard","has-post-thumbnail","category-deportes"],"yoast_head":"<!-- This site is optimized with the Yoast SEO plugin v27.7 - https:\/\/yoast.com\/product\/yoast-seo-wordpress\/ -->\n<title>N\u00e9stor Gorosito dej\u00f3 de ser el t\u00e9cnico de San Lorenzo - Radio Infinita Goya<\/title>\n<meta name=\"description\" content=\"N\u00e9stor Gorosito dej\u00f3 de ser el DT de San Lorenzo tras reunirse con la CD. La derrota con Instituto dej\u00f3 al Cicl\u00f3n ante\u00faltimo. N\u00e9stor Gorosito dej\u00f3 de ser\" \/>\n<meta name=\"robots\" content=\"index, follow, max-snippet:-1, max-image-preview:large, max-video-preview:-1\" \/>\n<link rel=\"canonical\" href=\"https:\/\/radioinfinitagoya.com.ar\/v1\/2026\/09\/01\/nestor-gorosito-dejo-de-ser-el-tecnico-de-san-lorenzo\/\" \/>\n<meta property=\"og:locale\" content=\"es_ES\" \/>\n<meta property=\"og:type\" content=\"article\" \/>\n<meta property=\"og:title\" content=\"N\u00e9stor Gorosito dej\u00f3 de ser el t\u00e9cnico de San Lorenzo - Radio Infinita Goya\" \/>\n<meta property=\"og:description\" content=\"N\u00e9stor Gorosito dej\u00f3 de ser el DT de San Lorenzo tras reunirse con la CD. La derrota con Instituto dej\u00f3 al Cicl\u00f3n ante\u00faltimo. N\u00e9stor Gorosito dej\u00f3 de ser\" \/>\n<meta property=\"og:url\" content=\"https:\/\/radioinfinitagoya.com.ar\/v1\/2026\/09\/01\/nestor-gorosito-dejo-de-ser-el-tecnico-de-san-lorenzo\/\" \/>\n<meta property=\"og:site_name\" content=\"Radio Infinita Goya\" \/>\n<meta property=\"article:publisher\" content=\"https:\/\/www.facebook.com\/p\/Infinita-Goya-100063870918311\/\" \/>\n<meta property=\"article:published_time\" content=\"2026-09-01T18:59:56+00:00\" \/>\n<meta property=\"og:image\" content=\"https:\/\/radioinfinitagoya.com.ar\/v1\/wp-content\/uploads\/2026\/09\/imagenes-notas-a24-2026-09-01t154509392.webp\" \/>\n\t<meta property=\"og:image:width\" content=\"1200\" \/>\n\t<meta property=\"og:image:height\" content=\"675\" \/>\n\t<meta property=\"og:image:type\" content=\"image\/webp\" \/>\n<meta name=\"author\" content=\"Jorge Mi\u00f1o\" \/>\n<meta name=\"twitter:card\" content=\"summary_large_image\" \/>\n<meta name=\"twitter:label1\" content=\"Escrito por\" \/>\n\t<meta name=\"twitter:data1\" content=\"Jorge Mi\u00f1o\" \/>\n\t<meta name=\"twitter:label2\" content=\"Tiempo de lectura\" \/>\n\t<meta name=\"twitter:data2\" content=\"3 minutos\" \/>\n<script type=\"application\/ld+json\" class=\"yoast-schema-graph\">{\"@context\":\"https:\\\/\\\/schema.org\",\"@graph\":[{\"@type\":\"Article\",\"@id\":\"https:\\\/\\\/radioinfinitagoya.com.ar\\\/v1\\\/2026\\\/09\\\/01\\\/nestor-gorosito-dejo-de-ser-el-tecnico-de-san-lorenzo\\\/#article\",\"isPartOf\":{\"@id\":\"https:\\\/\\\/radioinfinitagoya.com.ar\\\/v1\\\/2026\\\/09\\\/01\\\/nestor-gorosito-dejo-de-ser-el-tecnico-de-san-lorenzo\\\/\"},\"author\":{\"name\":\"Jorge Mi\u00f1o\",\"@id\":\"https:\\\/\\\/radioinfinitagoya.com.ar\\\/v1\\\/#\\\/schema\\\/person\\\/d4cf9c413d4f6edb24aabdccab49ca4a\"},\"headline\":\"N\u00e9stor Gorosito dej\u00f3 de ser el t\u00e9cnico de San Lorenzo\",\"datePublished\":\"2026-09-01T18:59:56+00:00\",\"mainEntityOfPage\":{\"@id\":\"https:\\\/\\\/radioinfinitagoya.com.ar\\\/v1\\\/2026\\\/09\\\/01\\\/nestor-gorosito-dejo-de-ser-el-tecnico-de-san-lorenzo\\\/\"},\"wordCount\":483,\"commentCount\":0,\"publisher\":{\"@id\":\"https:\\\/\\\/radioinfinitagoya.com.ar\\\/v1\\\/#organization\"},\"image\":{\"@id\":\"https:\\\/\\\/radioinfinitagoya.com.ar\\\/v1\\\/2026\\\/09\\\/01\\\/nestor-gorosito-dejo-de-ser-el-tecnico-de-san-lorenzo\\\/#primaryimage\"},\"thumbnailUrl\":\"https:\\\/\\\/radioinfinitagoya.com.ar\\\/v1\\\/wp-content\\\/uploads\\\/2026\\\/09\\\/imagenes-notas-a24-2026-09-01t154509392.webp\",\"articleSection\":[\"DEPORTES\"],\"inLanguage\":\"es-AR\",\"potentialAction\":[{\"@type\":\"CommentAction\",\"name\":\"Comment\",\"target\":[\"https:\\\/\\\/radioinfinitagoya.com.ar\\\/v1\\\/2026\\\/09\\\/01\\\/nestor-gorosito-dejo-de-ser-el-tecnico-de-san-lorenzo\\\/#respond\"]}]},{\"@type\":\"WebPage\",\"@id\":\"https:\\\/\\\/radioinfinitagoya.com.ar\\\/v1\\\/2026\\\/09\\\/01\\\/nestor-gorosito-dejo-de-ser-el-tecnico-de-san-lorenzo\\\/\",\"url\":\"https:\\\/\\\/radioinfinitagoya.com.ar\\\/v1\\\/2026\\\/09\\\/01\\\/nestor-gorosito-dejo-de-ser-el-tecnico-de-san-lorenzo\\\/\",\"name\":\"N\u00e9stor Gorosito dej\u00f3 de ser el t\u00e9cnico de San Lorenzo - Radio Infinita Goya\",\"isPartOf\":{\"@id\":\"https:\\\/\\\/radioinfinitagoya.com.ar\\\/v1\\\/#website\"},\"primaryImageOfPage\":{\"@id\":\"https:\\\/\\\/radioinfinitagoya.com.ar\\\/v1\\\/2026\\\/09\\\/01\\\/nestor-gorosito-dejo-de-ser-el-tecnico-de-san-lorenzo\\\/#primaryimage\"},\"image\":{\"@id\":\"https:\\\/\\\/radioinfinitagoya.com.ar\\\/v1\\\/2026\\\/09\\\/01\\\/nestor-gorosito-dejo-de-ser-el-tecnico-de-san-lorenzo\\\/#primaryimage\"},\"thumbnailUrl\":\"https:\\\/\\\/radioinfinitagoya.com.ar\\\/v1\\\/wp-content\\\/uploads\\\/2026\\\/09\\\/imagenes-notas-a24-2026-09-01t154509392.webp\",\"datePublished\":\"2026-09-01T18:59:56+00:00\",\"description\":\"N\u00e9stor Gorosito dej\u00f3 de ser el DT de San Lorenzo tras reunirse con la CD. La derrota con Instituto dej\u00f3 al Cicl\u00f3n ante\u00faltimo. N\u00e9stor Gorosito dej\u00f3 de ser\",\"breadcrumb\":{\"@id\":\"https:\\\/\\\/radioinfinitagoya.com.ar\\\/v1\\\/2026\\\/09\\\/01\\\/nestor-gorosito-dejo-de-ser-el-tecnico-de-san-lorenzo\\\/#breadcrumb\"},\"inLanguage\":\"es-AR\",\"potentialAction\":[{\"@type\":\"ReadAction\",\"target\":[\"https:\\\/\\\/radioinfinitagoya.com.ar\\\/v1\\\/2026\\\/09\\\/01\\\/nestor-gorosito-dejo-de-ser-el-tecnico-de-san-lorenzo\\\/\"]}]},{\"@type\":\"ImageObject\",\"inLanguage\":\"es-AR\",\"@id\":\"https:\\\/\\\/radioinfinitagoya.com.ar\\\/v1\\\/2026\\\/09\\\/01\\\/nestor-gorosito-dejo-de-ser-el-tecnico-de-san-lorenzo\\\/#primaryimage\",\"url\":\"https:\\\/\\\/radioinfinitagoya.com.ar\\\/v1\\\/wp-content\\\/uploads\\\/2026\\\/09\\\/imagenes-notas-a24-2026-09-01t154509392.webp\",\"contentUrl\":\"https:\\\/\\\/radioinfinitagoya.com.ar\\\/v1\\\/wp-content\\\/uploads\\\/2026\\\/09\\\/imagenes-notas-a24-2026-09-01t154509392.webp\",\"width\":1200,\"height\":675},{\"@type\":\"BreadcrumbList\",\"@id\":\"https:\\\/\\\/radioinfinitagoya.com.ar\\\/v1\\\/2026\\\/09\\\/01\\\/nestor-gorosito-dejo-de-ser-el-tecnico-de-san-lorenzo\\\/#breadcrumb\",\"itemListElement\":[{\"@type\":\"ListItem\",\"position\":1,\"name\":\"Inicio\",\"item\":\"https:\\\/\\\/radioinfinitagoya.com.ar\\\/v1\\\/\"},{\"@type\":\"ListItem\",\"position\":2,\"name\":\"N\u00e9stor Gorosito dej\u00f3 de ser el t\u00e9cnico de San Lorenzo\"}]},{\"@type\":\"WebSite\",\"@id\":\"https:\\\/\\\/radioinfinitagoya.com.ar\\\/v1\\\/#website\",\"url\":\"https:\\\/\\\/radioinfinitagoya.com.ar\\\/v1\\\/\",\"name\":\"radioinfinitagoya.com.ar\",\"description\":\"Radio de noticias\",\"publisher\":{\"@id\":\"https:\\\/\\\/radioinfinitagoya.com.ar\\\/v1\\\/#organization\"},\"potentialAction\":[{\"@type\":\"SearchAction\",\"target\":{\"@type\":\"EntryPoint\",\"urlTemplate\":\"https:\\\/\\\/radioinfinitagoya.com.ar\\\/v1\\\/?s={search_term_string}\"},\"query-input\":{\"@type\":\"PropertyValueSpecification\",\"valueRequired\":true,\"valueName\":\"search_term_string\"}}],\"inLanguage\":\"es-AR\"},{\"@type\":\"Organization\",\"@id\":\"https:\\\/\\\/radioinfinitagoya.com.ar\\\/v1\\\/#organization\",\"name\":\"Radio Infinita Goya\",\"url\":\"https:\\\/\\\/radioinfinitagoya.com.ar\\\/v1\\\/\",\"logo\":{\"@type\":\"ImageObject\",\"inLanguage\":\"es-AR\",\"@id\":\"https:\\\/\\\/radioinfinitagoya.com.ar\\\/v1\\\/#\\\/schema\\\/logo\\\/image\\\/\",\"url\":\"https:\\\/\\\/radioinfinitagoya.com.ar\\\/v1\\\/wp-content\\\/uploads\\\/2019\\\/11\\\/logo-pie-web.png\",\"contentUrl\":\"https:\\\/\\\/radioinfinitagoya.com.ar\\\/v1\\\/wp-content\\\/uploads\\\/2019\\\/11\\\/logo-pie-web.png\",\"width\":635,\"height\":326,\"caption\":\"Radio Infinita Goya\"},\"image\":{\"@id\":\"https:\\\/\\\/radioinfinitagoya.com.ar\\\/v1\\\/#\\\/schema\\\/logo\\\/image\\\/\"},\"sameAs\":[\"https:\\\/\\\/www.facebook.com\\\/p\\\/Infinita-Goya-100063870918311\\\/\"]},{\"@type\":\"Person\",\"@id\":\"https:\\\/\\\/radioinfinitagoya.com.ar\\\/v1\\\/#\\\/schema\\\/person\\\/d4cf9c413d4f6edb24aabdccab49ca4a\",\"name\":\"Jorge Mi\u00f1o\",\"image\":{\"@type\":\"ImageObject\",\"inLanguage\":\"es-AR\",\"@id\":\"https:\\\/\\\/secure.gravatar.com\\\/avatar\\\/910fcf6728fe95320e07a6643c1581fec1c7fc4bf8ae12e3d8f0d0373dc844be?s=96&d=mm&r=g\",\"url\":\"https:\\\/\\\/secure.gravatar.com\\\/avatar\\\/910fcf6728fe95320e07a6643c1581fec1c7fc4bf8ae12e3d8f0d0373dc844be?s=96&d=mm&r=g\",\"contentUrl\":\"https:\\\/\\\/secure.gravatar.com\\\/avatar\\\/910fcf6728fe95320e07a6643c1581fec1c7fc4bf8ae12e3d8f0d0373dc844be?s=96&d=mm&r=g\",\"caption\":\"Jorge Mi\u00f1o\"},\"sameAs\":[\"http:\\\/\\\/radioinfinitagoya.com.ar\"]}]}<\/script>\n<!-- \/ Yoast SEO plugin. -->","yoast_head_json":{"title":"N\u00e9stor Gorosito dej\u00f3 de ser el t\u00e9cnico de San Lorenzo - Radio Infinita Goya","description":"N\u00e9stor Gorosito dej\u00f3 de ser el DT de San Lorenzo tras reunirse con la CD. La derrota con Instituto dej\u00f3 al Cicl\u00f3n ante\u00faltimo. N\u00e9stor Gorosito dej\u00f3 de ser","robots":{"index":"index","follow":"follow","max-snippet":"max-snippet:-1","max-image-preview":"max-image-preview:large","max-video-preview":"max-video-preview:-1"},"canonical":"https:\/\/radioinfinitagoya.com.ar\/v1\/2026\/09\/01\/nestor-gorosito-dejo-de-ser-el-tecnico-de-san-lorenzo\/","og_locale":"es_ES","og_type":"article","og_title":"N\u00e9stor Gorosito dej\u00f3 de ser el t\u00e9cnico de San Lorenzo - Radio Infinita Goya","og_description":"N\u00e9stor Gorosito dej\u00f3 de ser el DT de San Lorenzo tras reunirse con la CD. La derrota con Instituto dej\u00f3 al Cicl\u00f3n ante\u00faltimo. N\u00e9stor Gorosito dej\u00f3 de ser","og_url":"https:\/\/radioinfinitagoya.com.ar\/v1\/2026\/09\/01\/nestor-gorosito-dejo-de-ser-el-tecnico-de-san-lorenzo\/","og_site_name":"Radio Infinita Goya","article_publisher":"https:\/\/www.facebook.com\/p\/Infinita-Goya-100063870918311\/","article_published_time":"2026-09-01T18:59:56+00:00","og_image":[{"width":1200,"height":675,"url":"https:\/\/radioinfinitagoya.com.ar\/v1\/wp-content\/uploads\/2026\/09\/imagenes-notas-a24-2026-09-01t154509392.webp","type":"image\/webp"}],"author":"Jorge Mi\u00f1o","twitter_card":"summary_large_image","twitter_misc":{"Escrito por":"Jorge Mi\u00f1o","Tiempo de lectura":"3 minutos"},"schema":{"@context":"https:\/\/schema.org","@graph":[{"@type":"Article","@id":"https:\/\/radioinfinitagoya.com.ar\/v1\/2026\/09\/01\/nestor-gorosito-dejo-de-ser-el-tecnico-de-san-lorenzo\/#article","isPartOf":{"@id":"https:\/\/radioinfinitagoya.com.ar\/v1\/2026\/09\/01\/nestor-gorosito-dejo-de-ser-el-tecnico-de-san-lorenzo\/"},"author":{"name":"Jorge Mi\u00f1o","@id":"https:\/\/radioinfinitagoya.com.ar\/v1\/#\/schema\/person\/d4cf9c413d4f6edb24aabdccab49ca4a"},"headline":"N\u00e9stor Gorosito dej\u00f3 de ser el t\u00e9cnico de San Lorenzo","datePublished":"2026-09-01T18:59:56+00:00","mainEntityOfPage":{"@id":"https:\/\/radioinfinitagoya.com.ar\/v1\/2026\/09\/01\/nestor-gorosito-dejo-de-ser-el-tecnico-de-san-lorenzo\/"},"wordCount":483,"commentCount":0,"publisher":{"@id":"https:\/\/radioinfinitagoya.com.ar\/v1\/#organization"},"image":{"@id":"https:\/\/radioinfinitagoya.com.ar\/v1\/2026\/09\/01\/nestor-gorosito-dejo-de-ser-el-tecnico-de-san-lorenzo\/#primaryimage"},"thumbnailUrl":"https:\/\/radioinfinitagoya.com.ar\/v1\/wp-content\/uploads\/2026\/09\/imagenes-notas-a24-2026-09-01t154509392.webp","articleSection":["DEPORTES"],"inLanguage":"es-AR","potentialAction":[{"@type":"CommentAction","name":"Comment","target":["https:\/\/radioinfinitagoya.com.ar\/v1\/2026\/09\/01\/nestor-gorosito-dejo-de-ser-el-tecnico-de-san-lorenzo\/#respond"]}]},{"@type":"WebPage","@id":"https:\/\/radioinfinitagoya.com.ar\/v1\/2026\/09\/01\/nestor-gorosito-dejo-de-ser-el-tecnico-de-san-lorenzo\/","url":"https:\/\/radioinfinitagoya.com.ar\/v1\/2026\/09\/01\/nestor-gorosito-dejo-de-ser-el-tecnico-de-san-lorenzo\/","name":"N\u00e9stor Gorosito dej\u00f3 de ser el t\u00e9cnico de San Lorenzo - Radio Infinita Goya","isPartOf":{"@id":"https:\/\/radioinfinitagoya.com.ar\/v1\/#website"},"primaryImageOfPage":{"@id":"https:\/\/radioinfinitagoya.com.ar\/v1\/2026\/09\/01\/nestor-gorosito-dejo-de-ser-el-tecnico-de-san-lorenzo\/#primaryimage"},"image":{"@id":"https:\/\/radioinfinitagoya.com.ar\/v1\/2026\/09\/01\/nestor-gorosito-dejo-de-ser-el-tecnico-de-san-lorenzo\/#primaryimage"},"thumbnailUrl":"https:\/\/radioinfinitagoya.com.ar\/v1\/wp-content\/uploads\/2026\/09\/imagenes-notas-a24-2026-09-01t154509392.webp","datePublished":"2026-09-01T18:59:56+00:00","description":"N\u00e9stor Gorosito dej\u00f3 de ser el DT de San Lorenzo tras reunirse con la CD. La derrota con Instituto dej\u00f3 al Cicl\u00f3n ante\u00faltimo. N\u00e9stor Gorosito dej\u00f3 de ser","breadcrumb":{"@id":"https:\/\/radioinfinitagoya.com.ar\/v1\/2026\/09\/01\/nestor-gorosito-dejo-de-ser-el-tecnico-de-san-lorenzo\/#breadcrumb"},"inLanguage":"es-AR","potentialAction":[{"@type":"ReadAction","target":["https:\/\/radioinfinitagoya.com.ar\/v1\/2026\/09\/01\/nestor-gorosito-dejo-de-ser-el-tecnico-de-san-lorenzo\/"]}]},{"@type":"ImageObject","inLanguage":"es-AR","@id":"https:\/\/radioinfinitagoya.com.ar\/v1\/2026\/09\/01\/nestor-gorosito-dejo-de-ser-el-tecnico-de-san-lorenzo\/#primaryimage","url":"https:\/\/radioinfinitagoya.com.ar\/v1\/wp-content\/uploads\/2026\/09\/imagenes-notas-a24-2026-09-01t154509392.webp","contentUrl":"https:\/\/radioinfinitagoya.com.ar\/v1\/wp-content\/uploads\/2026\/09\/imagenes-notas-a24-2026-09-01t154509392.webp","width":1200,"height":675},{"@type":"BreadcrumbList","@id":"https:\/\/radioinfinitagoya.com.ar\/v1\/2026\/09\/01\/nestor-gorosito-dejo-de-ser-el-tecnico-de-san-lorenzo\/#breadcrumb","itemListElement":[{"@type":"ListItem","position":1,"name":"Inicio","item":"https:\/\/radioinfinitagoya.com.ar\/v1\/"},{"@type":"ListItem","position":2,"name":"N\u00e9stor Gorosito dej\u00f3 de ser el t\u00e9cnico de San Lorenzo"}]},{"@type":"WebSite","@id":"https:\/\/radioinfinitagoya.com.ar\/v1\/#website","url":"https:\/\/radioinfinitagoya.com.ar\/v1\/","name":"radioinfinitagoya.com.ar","description":"Radio de noticias","publisher":{"@id":"https:\/\/radioinfinitagoya.com.ar\/v1\/#organization"},"potentialAction":[{"@type":"SearchAction","target":{"@type":"EntryPoint","urlTemplate":"https:\/\/radioinfinitagoya.com.ar\/v1\/?s={search_term_string}"},"query-input":{"@type":"PropertyValueSpecification","valueRequired":true,"valueName":"search_term_string"}}],"inLanguage":"es-AR"},{"@type":"Organization","@id":"https:\/\/radioinfinitagoya.com.ar\/v1\/#organization","name":"Radio Infinita Goya","url":"https:\/\/radioinfinitagoya.com.ar\/v1\/","logo":{"@type":"ImageObject","inLanguage":"es-AR","@id":"https:\/\/radioinfinitagoya.com.ar\/v1\/#\/schema\/logo\/image\/","url":"https:\/\/radioinfinitagoya.com.ar\/v1\/wp-content\/uploads\/2019\/11\/logo-pie-web.png","contentUrl":"https:\/\/radioinfinitagoya.com.ar\/v1\/wp-content\/uploads\/2019\/11\/logo-pie-web.png","width":635,"height":326,"caption":"Radio Infinita Goya"},"image":{"@id":"https:\/\/radioinfinitagoya.com.ar\/v1\/#\/schema\/logo\/image\/"},"sameAs":["https:\/\/www.facebook.com\/p\/Infinita-Goya-100063870918311\/"]},{"@type":"Person","@id":"https:\/\/radioinfinitagoya.com.ar\/v1\/#\/schema\/person\/d4cf9c413d4f6edb24aabdccab49ca4a","name":"Jorge Mi\u00f1o","image":{"@type":"ImageObject","inLanguage":"es-AR","@id":"https:\/\/secure.gravatar.com\/avatar\/910fcf6728fe95320e07a6643c1581fec1c7fc4bf8ae12e3d8f0d0373dc844be?s=96&d=mm&r=g","url":"https:\/\/secure.gravatar.com\/avatar\/910fcf6728fe95320e07a6643c1581fec1c7fc4bf8ae12e3d8f0d0373dc844be?s=96&d=mm&r=g","contentUrl":"https:\/\/secure.gravatar.com\/avatar\/910fcf6728fe95320e07a6643c1581fec1c7fc4bf8ae12e3d8f0d0373dc844be?s=96&d=mm&r=g","caption":"Jorge Mi\u00f1o"},"sameAs":["http:\/\/radioinfinitagoya.com.ar"]}]}},"_links":{"self":[{"href":"https:\/\/radioinfinitagoya.com.ar\/v1\/wp-json\/wp\/v2\/posts\/226502","targetHints":{"allow":["GET"]}}],"collection":[{"href":"https:\/\/radioinfinitagoya.com.ar\/v1\/wp-json\/wp\/v2\/posts"}],"about":[{"href":"https:\/\/radioinfinitagoya.com.ar\/v1\/wp-json\/wp\/v2\/types\/post"}],"author":[{"embeddable":true,"href":"https:\/\/radioinfinitagoya.com.ar\/v1\/wp-json\/wp\/v2\/users\/4"}],"replies":[{"embeddable":true,"href":"https:\/\/radioinfinitagoya.com.ar\/v1\/wp-json\/wp\/v2\/comments?post=226502"}],"version-history":[{"count":1,"href":"https:\/\/radioinfinitagoya.com.ar\/v1\/wp-json\/wp\/v2\/posts\/226502\/revisions"}],"predecessor-version":[{"id":226504,"href":"https:\/\/radioinfinitagoya.com.ar\/v1\/wp-json\/wp\/v2\/posts\/226502\/revisions\/226504"}],"wp:featuredmedia":[{"embeddable":true,"href":"https:\/\/radioinfinitagoya.com.ar\/v1\/wp-json\/wp\/v2\/media\/226503"}],"wp:attachment":[{"href":"https:\/\/radioinfinitagoya.com.ar\/v1\/wp-json\/wp\/v2\/media?parent=226502"}],"wp:term":[{"taxonomy":"category","embeddable":true,"href":"https:\/\/radioinfinitagoya.com.ar\/v1\/wp-json\/wp\/v2\/categories?post=226502"},{"taxonomy":"post_tag","embeddable":true,"href":"https:\/\/radioinfinitagoya.com.ar\/v1\/wp-json\/wp\/v2\/tags?post=226502"}],"curies":[{"name":"wp","href":"https:\/\/api.w.org\/{rel}","templated":true}]}}