{"id":226511,"date":"2026-09-01T16:06:03","date_gmt":"2026-09-01T19:06:03","guid":{"rendered":"https:\/\/radioinfinitagoya.com.ar\/v1\/?p=226511"},"modified":"2026-09-01T16:06:03","modified_gmt":"2026-09-01T19:06:03","slug":"en-la-capital-correntina-instituciones-educativas-diran-presente-en-la-feria-provincial-de-ciencia-y-tecnologia","status":"publish","type":"post","link":"https:\/\/radioinfinitagoya.com.ar\/v1\/2026\/09\/01\/en-la-capital-correntina-instituciones-educativas-diran-presente-en-la-feria-provincial-de-ciencia-y-tecnologia\/","title":{"rendered":"En la capital correntina: Instituciones educativas dir\u00e1n presente en la Feria Provincial de Ciencia y Tecnolog\u00eda"},"content":{"rendered":"<p>La provincia de Corrientes se prepara para vivir una nueva edici\u00f3n de la Feria de Ciencia y Tecnolog\u00eda en su instancia provincial, un evento que reunir\u00e1 a los proyectos m\u00e1s representativos del \u00e1mbito educativo tras un proceso de selecci\u00f3n que involucr\u00f3 a miles de estudiantes y docentes.<\/p>\n<p>El profesor y coordinador de Ciencia y Tecnolog\u00eda del Ministerio de Educaci\u00f3n de Corrientes, Gustavo Berbere, destac\u00f3 la magnitud de la convocatoria y el crecimiento sostenido de la iniciativa. \u201cComenzamos el 2 y 3 de septiembre con la instancia provincial, con la participaci\u00f3n de 60 equipos provenientes de toda la provincia, seleccionados entre m\u00e1s de 10.000 proyectos presentados en la etapa escolar\u201d, explic\u00f3.<\/p>\n<p>La feria se desarrollar\u00e1 en el Centro de Educaci\u00f3n F\u00edsica N\u00b01 de la ciudad de Corrientes, con acceso libre y gratuito para el p\u00fablico. Durante ambas jornadas, los asistentes podr\u00e1n conocer los trabajos elaborados por estudiantes de todos los niveles y modalidades, en una propuesta que combina investigaci\u00f3n, creatividad e innovaci\u00f3n.<\/p>\n<p>El mi\u00e9rcoles la muestra estar\u00e1 abierta de 9.30 a 18 horas, mientras que el jueves podr\u00e1 visitarse de 9 a 17.30, culminando con la entrega de certificados y el anuncio de los proyectos que avanzar\u00e1n a la instancia nacional. En total, ser\u00e1n 18 los trabajos que representar\u00e1n a Corrientes en el pr\u00f3ximo nivel.<\/p>\n<p>El proceso de selecci\u00f3n incluy\u00f3 una instancia zonal y una evaluaci\u00f3n a cargo de m\u00e1s de 300 docentes, quienes analizaron cerca de 450 proyectos finalistas antes de definir los 60 que llegaron a esta etapa. \u201cNo hablamos de los mejores, sino de los m\u00e1s representativos de cada instituci\u00f3n, regi\u00f3n y de toda la provincia\u201d, remarc\u00f3 Berbere.<\/p>\n<p>STEAM<\/p>\n<p>Uno de los aspectos destacados de esta edici\u00f3n es la fuerte impronta del enfoque STEAM (Ciencia, Tecnolog\u00eda, Ingenier\u00eda, Arte y Matem\u00e1tica), una metodolog\u00eda que promueve el trabajo interdisciplinario. \u201cEste enfoque se viene implementando desde hace tres a\u00f1os en la provincia y permite integrar distintas \u00e1reas del conocimiento con un eje central y otros complementarios, siempre atravesados por la lengua y la comunicaci\u00f3n\u201d, detall\u00f3 el funcionario.<\/p>\n<p>Adem\u00e1s, subray\u00f3 el impacto positivo de esta modalidad en el sistema educativo: \u201cHoy los estudiantes y docentes se apropiaron de la feria de ciencias, quieren participar, investigar y mostrar sus trabajos. Eso es resultado de un camino sostenido en el tiempo\u201d.<\/p>\n<p>En cuanto a la representaci\u00f3n regional, Goya tendr\u00e1 una destacada presencia con proyectos de instituciones como la Escuela N\u00b0511, el Jard\u00edn Panamb\u00ed, la Escuela Especial N\u00b02 John F. Kennedy y el Instituto Superior de Profesorado General San Mart\u00edn, adem\u00e1s de un trabajo proveniente de la localidad de Buenavista.<\/p>\n<p>La instancia nacional de la Feria de Ciencia y Tecnolog\u00eda se desarrollar\u00e1 en noviembre en diferentes sedes del pa\u00eds, incluyendo San Luis, Jujuy y C\u00f3rdoba, donde se realizar\u00e1 el cierre del evento.<\/p>\n<p>Con cifras r\u00e9cord de participaci\u00f3n y un marcado compromiso de toda la comunidad educativa, la feria se consolida como un espacio clave para fomentar la investigaci\u00f3n, el pensamiento cr\u00edtico y la innovaci\u00f3n en las aulas correntinas.<\/p>\n","protected":false},"excerpt":{"rendered":"<p>La provincia de Corrientes se prepara para vivir una nueva edici\u00f3n de la Feria de Ciencia y Tecnolog\u00eda en su instancia provincial, un evento que reunir\u00e1 a los proyectos m\u00e1s representativos del \u00e1mbito educativo tras un proceso de selecci\u00f3n que involucr\u00f3 a miles de estudiantes y docentes. El profesor y coordinador de Ciencia y Tecnolog\u00eda [&hellip;]<\/p>\n","protected":false},"author":4,"featured_media":226512,"comment_status":"open","ping_status":"open","sticky":false,"template":"","format":"standard","meta":{"_joinchat":[],"footnotes":""},"categories":[31],"tags":[],"class_list":["post-226511","post","type-post","status-publish","format-standard","has-post-thumbnail","category-informacion-general"],"yoast_head":"<!-- This site is optimized with the Yoast SEO plugin v27.7 - https:\/\/yoast.com\/product\/yoast-seo-wordpress\/ -->\n<title>En la capital correntina: Instituciones educativas dir\u00e1n presente en la Feria Provincial de Ciencia y Tecnolog\u00eda - Radio Infinita Goya<\/title>\n<meta name=\"description\" content=\"La provincia de Corrientes se prepara para vivir una nueva edici\u00f3n de la Feria de Ciencia y Tecnolog\u00eda en su instancia provincial, un evento que reunir\u00e1 a\" \/>\n<meta name=\"robots\" content=\"index, follow, max-snippet:-1, max-image-preview:large, max-video-preview:-1\" \/>\n<link rel=\"canonical\" href=\"https:\/\/radioinfinitagoya.com.ar\/v1\/2026\/09\/01\/en-la-capital-correntina-instituciones-educativas-diran-presente-en-la-feria-provincial-de-ciencia-y-tecnologia\/\" \/>\n<meta property=\"og:locale\" content=\"es_ES\" \/>\n<meta property=\"og:type\" content=\"article\" \/>\n<meta property=\"og:title\" content=\"En la capital correntina: Instituciones educativas dir\u00e1n presente en la Feria Provincial de Ciencia y Tecnolog\u00eda - Radio Infinita Goya\" \/>\n<meta property=\"og:description\" content=\"La provincia de Corrientes se prepara para vivir una nueva edici\u00f3n de la Feria de Ciencia y Tecnolog\u00eda en su instancia provincial, un evento que reunir\u00e1 a\" \/>\n<meta property=\"og:url\" content=\"https:\/\/radioinfinitagoya.com.ar\/v1\/2026\/09\/01\/en-la-capital-correntina-instituciones-educativas-diran-presente-en-la-feria-provincial-de-ciencia-y-tecnologia\/\" \/>\n<meta property=\"og:site_name\" content=\"Radio Infinita Goya\" \/>\n<meta property=\"article:publisher\" content=\"https:\/\/www.facebook.com\/p\/Infinita-Goya-100063870918311\/\" \/>\n<meta property=\"article:published_time\" content=\"2026-09-01T19:06:03+00:00\" \/>\n<meta property=\"og:image\" content=\"https:\/\/radioinfinitagoya.com.ar\/v1\/wp-content\/uploads\/2026\/09\/feria_de_cienci.jpg\" \/>\n\t<meta property=\"og:image:width\" content=\"848\" \/>\n\t<meta property=\"og:image:height\" content=\"477\" \/>\n\t<meta property=\"og:image:type\" content=\"image\/jpeg\" \/>\n<meta name=\"author\" content=\"Jorge Mi\u00f1o\" \/>\n<meta name=\"twitter:card\" content=\"summary_large_image\" \/>\n<meta name=\"twitter:label1\" content=\"Escrito por\" \/>\n\t<meta name=\"twitter:data1\" content=\"Jorge Mi\u00f1o\" \/>\n\t<meta name=\"twitter:label2\" content=\"Tiempo de lectura\" \/>\n\t<meta name=\"twitter:data2\" content=\"3 minutos\" \/>\n<script type=\"application\/ld+json\" class=\"yoast-schema-graph\">{\"@context\":\"https:\\\/\\\/schema.org\",\"@graph\":[{\"@type\":\"Article\",\"@id\":\"https:\\\/\\\/radioinfinitagoya.com.ar\\\/v1\\\/2026\\\/09\\\/01\\\/en-la-capital-correntina-instituciones-educativas-diran-presente-en-la-feria-provincial-de-ciencia-y-tecnologia\\\/#article\",\"isPartOf\":{\"@id\":\"https:\\\/\\\/radioinfinitagoya.com.ar\\\/v1\\\/2026\\\/09\\\/01\\\/en-la-capital-correntina-instituciones-educativas-diran-presente-en-la-feria-provincial-de-ciencia-y-tecnologia\\\/\"},\"author\":{\"name\":\"Jorge Mi\u00f1o\",\"@id\":\"https:\\\/\\\/radioinfinitagoya.com.ar\\\/v1\\\/#\\\/schema\\\/person\\\/d4cf9c413d4f6edb24aabdccab49ca4a\"},\"headline\":\"En la capital correntina: Instituciones educativas dir\u00e1n presente en la Feria Provincial de Ciencia y Tecnolog\u00eda\",\"datePublished\":\"2026-09-01T19:06:03+00:00\",\"mainEntityOfPage\":{\"@id\":\"https:\\\/\\\/radioinfinitagoya.com.ar\\\/v1\\\/2026\\\/09\\\/01\\\/en-la-capital-correntina-instituciones-educativas-diran-presente-en-la-feria-provincial-de-ciencia-y-tecnologia\\\/\"},\"wordCount\":544,\"commentCount\":0,\"publisher\":{\"@id\":\"https:\\\/\\\/radioinfinitagoya.com.ar\\\/v1\\\/#organization\"},\"image\":{\"@id\":\"https:\\\/\\\/radioinfinitagoya.com.ar\\\/v1\\\/2026\\\/09\\\/01\\\/en-la-capital-correntina-instituciones-educativas-diran-presente-en-la-feria-provincial-de-ciencia-y-tecnologia\\\/#primaryimage\"},\"thumbnailUrl\":\"https:\\\/\\\/radioinfinitagoya.com.ar\\\/v1\\\/wp-content\\\/uploads\\\/2026\\\/09\\\/feria_de_cienci.jpg\",\"articleSection\":[\"INFORMACI\u00d3N GENERAL\"],\"inLanguage\":\"es-AR\",\"potentialAction\":[{\"@type\":\"CommentAction\",\"name\":\"Comment\",\"target\":[\"https:\\\/\\\/radioinfinitagoya.com.ar\\\/v1\\\/2026\\\/09\\\/01\\\/en-la-capital-correntina-instituciones-educativas-diran-presente-en-la-feria-provincial-de-ciencia-y-tecnologia\\\/#respond\"]}]},{\"@type\":\"WebPage\",\"@id\":\"https:\\\/\\\/radioinfinitagoya.com.ar\\\/v1\\\/2026\\\/09\\\/01\\\/en-la-capital-correntina-instituciones-educativas-diran-presente-en-la-feria-provincial-de-ciencia-y-tecnologia\\\/\",\"url\":\"https:\\\/\\\/radioinfinitagoya.com.ar\\\/v1\\\/2026\\\/09\\\/01\\\/en-la-capital-correntina-instituciones-educativas-diran-presente-en-la-feria-provincial-de-ciencia-y-tecnologia\\\/\",\"name\":\"En la capital correntina: Instituciones educativas dir\u00e1n presente en la Feria Provincial de Ciencia y Tecnolog\u00eda - Radio Infinita Goya\",\"isPartOf\":{\"@id\":\"https:\\\/\\\/radioinfinitagoya.com.ar\\\/v1\\\/#website\"},\"primaryImageOfPage\":{\"@id\":\"https:\\\/\\\/radioinfinitagoya.com.ar\\\/v1\\\/2026\\\/09\\\/01\\\/en-la-capital-correntina-instituciones-educativas-diran-presente-en-la-feria-provincial-de-ciencia-y-tecnologia\\\/#primaryimage\"},\"image\":{\"@id\":\"https:\\\/\\\/radioinfinitagoya.com.ar\\\/v1\\\/2026\\\/09\\\/01\\\/en-la-capital-correntina-instituciones-educativas-diran-presente-en-la-feria-provincial-de-ciencia-y-tecnologia\\\/#primaryimage\"},\"thumbnailUrl\":\"https:\\\/\\\/radioinfinitagoya.com.ar\\\/v1\\\/wp-content\\\/uploads\\\/2026\\\/09\\\/feria_de_cienci.jpg\",\"datePublished\":\"2026-09-01T19:06:03+00:00\",\"description\":\"La provincia de Corrientes se prepara para vivir una nueva edici\u00f3n de la Feria de Ciencia y Tecnolog\u00eda en su instancia provincial, un evento que reunir\u00e1 a\",\"breadcrumb\":{\"@id\":\"https:\\\/\\\/radioinfinitagoya.com.ar\\\/v1\\\/2026\\\/09\\\/01\\\/en-la-capital-correntina-instituciones-educativas-diran-presente-en-la-feria-provincial-de-ciencia-y-tecnologia\\\/#breadcrumb\"},\"inLanguage\":\"es-AR\",\"potentialAction\":[{\"@type\":\"ReadAction\",\"target\":[\"https:\\\/\\\/radioinfinitagoya.com.ar\\\/v1\\\/2026\\\/09\\\/01\\\/en-la-capital-correntina-instituciones-educativas-diran-presente-en-la-feria-provincial-de-ciencia-y-tecnologia\\\/\"]}]},{\"@type\":\"ImageObject\",\"inLanguage\":\"es-AR\",\"@id\":\"https:\\\/\\\/radioinfinitagoya.com.ar\\\/v1\\\/2026\\\/09\\\/01\\\/en-la-capital-correntina-instituciones-educativas-diran-presente-en-la-feria-provincial-de-ciencia-y-tecnologia\\\/#primaryimage\",\"url\":\"https:\\\/\\\/radioinfinitagoya.com.ar\\\/v1\\\/wp-content\\\/uploads\\\/2026\\\/09\\\/feria_de_cienci.jpg\",\"contentUrl\":\"https:\\\/\\\/radioinfinitagoya.com.ar\\\/v1\\\/wp-content\\\/uploads\\\/2026\\\/09\\\/feria_de_cienci.jpg\",\"width\":848,\"height\":477},{\"@type\":\"BreadcrumbList\",\"@id\":\"https:\\\/\\\/radioinfinitagoya.com.ar\\\/v1\\\/2026\\\/09\\\/01\\\/en-la-capital-correntina-instituciones-educativas-diran-presente-en-la-feria-provincial-de-ciencia-y-tecnologia\\\/#breadcrumb\",\"itemListElement\":[{\"@type\":\"ListItem\",\"position\":1,\"name\":\"Inicio\",\"item\":\"https:\\\/\\\/radioinfinitagoya.com.ar\\\/v1\\\/\"},{\"@type\":\"ListItem\",\"position\":2,\"name\":\"En la capital correntina: Instituciones educativas dir\u00e1n presente en la Feria Provincial de Ciencia y Tecnolog\u00eda\"}]},{\"@type\":\"WebSite\",\"@id\":\"https:\\\/\\\/radioinfinitagoya.com.ar\\\/v1\\\/#website\",\"url\":\"https:\\\/\\\/radioinfinitagoya.com.ar\\\/v1\\\/\",\"name\":\"radioinfinitagoya.com.ar\",\"description\":\"Radio de noticias\",\"publisher\":{\"@id\":\"https:\\\/\\\/radioinfinitagoya.com.ar\\\/v1\\\/#organization\"},\"potentialAction\":[{\"@type\":\"SearchAction\",\"target\":{\"@type\":\"EntryPoint\",\"urlTemplate\":\"https:\\\/\\\/radioinfinitagoya.com.ar\\\/v1\\\/?s={search_term_string}\"},\"query-input\":{\"@type\":\"PropertyValueSpecification\",\"valueRequired\":true,\"valueName\":\"search_term_string\"}}],\"inLanguage\":\"es-AR\"},{\"@type\":\"Organization\",\"@id\":\"https:\\\/\\\/radioinfinitagoya.com.ar\\\/v1\\\/#organization\",\"name\":\"Radio Infinita Goya\",\"url\":\"https:\\\/\\\/radioinfinitagoya.com.ar\\\/v1\\\/\",\"logo\":{\"@type\":\"ImageObject\",\"inLanguage\":\"es-AR\",\"@id\":\"https:\\\/\\\/radioinfinitagoya.com.ar\\\/v1\\\/#\\\/schema\\\/logo\\\/image\\\/\",\"url\":\"https:\\\/\\\/radioinfinitagoya.com.ar\\\/v1\\\/wp-content\\\/uploads\\\/2019\\\/11\\\/logo-pie-web.png\",\"contentUrl\":\"https:\\\/\\\/radioinfinitagoya.com.ar\\\/v1\\\/wp-content\\\/uploads\\\/2019\\\/11\\\/logo-pie-web.png\",\"width\":635,\"height\":326,\"caption\":\"Radio Infinita Goya\"},\"image\":{\"@id\":\"https:\\\/\\\/radioinfinitagoya.com.ar\\\/v1\\\/#\\\/schema\\\/logo\\\/image\\\/\"},\"sameAs\":[\"https:\\\/\\\/www.facebook.com\\\/p\\\/Infinita-Goya-100063870918311\\\/\"]},{\"@type\":\"Person\",\"@id\":\"https:\\\/\\\/radioinfinitagoya.com.ar\\\/v1\\\/#\\\/schema\\\/person\\\/d4cf9c413d4f6edb24aabdccab49ca4a\",\"name\":\"Jorge Mi\u00f1o\",\"image\":{\"@type\":\"ImageObject\",\"inLanguage\":\"es-AR\",\"@id\":\"https:\\\/\\\/secure.gravatar.com\\\/avatar\\\/910fcf6728fe95320e07a6643c1581fec1c7fc4bf8ae12e3d8f0d0373dc844be?s=96&d=mm&r=g\",\"url\":\"https:\\\/\\\/secure.gravatar.com\\\/avatar\\\/910fcf6728fe95320e07a6643c1581fec1c7fc4bf8ae12e3d8f0d0373dc844be?s=96&d=mm&r=g\",\"contentUrl\":\"https:\\\/\\\/secure.gravatar.com\\\/avatar\\\/910fcf6728fe95320e07a6643c1581fec1c7fc4bf8ae12e3d8f0d0373dc844be?s=96&d=mm&r=g\",\"caption\":\"Jorge Mi\u00f1o\"},\"sameAs\":[\"http:\\\/\\\/radioinfinitagoya.com.ar\"]}]}<\/script>\n<!-- \/ Yoast SEO plugin. -->","yoast_head_json":{"title":"En la capital correntina: Instituciones educativas dir\u00e1n presente en la Feria Provincial de Ciencia y Tecnolog\u00eda - Radio Infinita Goya","description":"La provincia de Corrientes se prepara para vivir una nueva edici\u00f3n de la Feria de Ciencia y Tecnolog\u00eda en su instancia provincial, un evento que reunir\u00e1 a","robots":{"index":"index","follow":"follow","max-snippet":"max-snippet:-1","max-image-preview":"max-image-preview:large","max-video-preview":"max-video-preview:-1"},"canonical":"https:\/\/radioinfinitagoya.com.ar\/v1\/2026\/09\/01\/en-la-capital-correntina-instituciones-educativas-diran-presente-en-la-feria-provincial-de-ciencia-y-tecnologia\/","og_locale":"es_ES","og_type":"article","og_title":"En la capital correntina: Instituciones educativas dir\u00e1n presente en la Feria Provincial de Ciencia y Tecnolog\u00eda - Radio Infinita Goya","og_description":"La provincia de Corrientes se prepara para vivir una nueva edici\u00f3n de la Feria de Ciencia y Tecnolog\u00eda en su instancia provincial, un evento que reunir\u00e1 a","og_url":"https:\/\/radioinfinitagoya.com.ar\/v1\/2026\/09\/01\/en-la-capital-correntina-instituciones-educativas-diran-presente-en-la-feria-provincial-de-ciencia-y-tecnologia\/","og_site_name":"Radio Infinita Goya","article_publisher":"https:\/\/www.facebook.com\/p\/Infinita-Goya-100063870918311\/","article_published_time":"2026-09-01T19:06:03+00:00","og_image":[{"width":848,"height":477,"url":"https:\/\/radioinfinitagoya.com.ar\/v1\/wp-content\/uploads\/2026\/09\/feria_de_cienci.jpg","type":"image\/jpeg"}],"author":"Jorge Mi\u00f1o","twitter_card":"summary_large_image","twitter_misc":{"Escrito por":"Jorge Mi\u00f1o","Tiempo de lectura":"3 minutos"},"schema":{"@context":"https:\/\/schema.org","@graph":[{"@type":"Article","@id":"https:\/\/radioinfinitagoya.com.ar\/v1\/2026\/09\/01\/en-la-capital-correntina-instituciones-educativas-diran-presente-en-la-feria-provincial-de-ciencia-y-tecnologia\/#article","isPartOf":{"@id":"https:\/\/radioinfinitagoya.com.ar\/v1\/2026\/09\/01\/en-la-capital-correntina-instituciones-educativas-diran-presente-en-la-feria-provincial-de-ciencia-y-tecnologia\/"},"author":{"name":"Jorge Mi\u00f1o","@id":"https:\/\/radioinfinitagoya.com.ar\/v1\/#\/schema\/person\/d4cf9c413d4f6edb24aabdccab49ca4a"},"headline":"En la capital correntina: Instituciones educativas dir\u00e1n presente en la Feria Provincial de Ciencia y Tecnolog\u00eda","datePublished":"2026-09-01T19:06:03+00:00","mainEntityOfPage":{"@id":"https:\/\/radioinfinitagoya.com.ar\/v1\/2026\/09\/01\/en-la-capital-correntina-instituciones-educativas-diran-presente-en-la-feria-provincial-de-ciencia-y-tecnologia\/"},"wordCount":544,"commentCount":0,"publisher":{"@id":"https:\/\/radioinfinitagoya.com.ar\/v1\/#organization"},"image":{"@id":"https:\/\/radioinfinitagoya.com.ar\/v1\/2026\/09\/01\/en-la-capital-correntina-instituciones-educativas-diran-presente-en-la-feria-provincial-de-ciencia-y-tecnologia\/#primaryimage"},"thumbnailUrl":"https:\/\/radioinfinitagoya.com.ar\/v1\/wp-content\/uploads\/2026\/09\/feria_de_cienci.jpg","articleSection":["INFORMACI\u00d3N GENERAL"],"inLanguage":"es-AR","potentialAction":[{"@type":"CommentAction","name":"Comment","target":["https:\/\/radioinfinitagoya.com.ar\/v1\/2026\/09\/01\/en-la-capital-correntina-instituciones-educativas-diran-presente-en-la-feria-provincial-de-ciencia-y-tecnologia\/#respond"]}]},{"@type":"WebPage","@id":"https:\/\/radioinfinitagoya.com.ar\/v1\/2026\/09\/01\/en-la-capital-correntina-instituciones-educativas-diran-presente-en-la-feria-provincial-de-ciencia-y-tecnologia\/","url":"https:\/\/radioinfinitagoya.com.ar\/v1\/2026\/09\/01\/en-la-capital-correntina-instituciones-educativas-diran-presente-en-la-feria-provincial-de-ciencia-y-tecnologia\/","name":"En la capital correntina: Instituciones educativas dir\u00e1n presente en la Feria Provincial de Ciencia y Tecnolog\u00eda - Radio Infinita Goya","isPartOf":{"@id":"https:\/\/radioinfinitagoya.com.ar\/v1\/#website"},"primaryImageOfPage":{"@id":"https:\/\/radioinfinitagoya.com.ar\/v1\/2026\/09\/01\/en-la-capital-correntina-instituciones-educativas-diran-presente-en-la-feria-provincial-de-ciencia-y-tecnologia\/#primaryimage"},"image":{"@id":"https:\/\/radioinfinitagoya.com.ar\/v1\/2026\/09\/01\/en-la-capital-correntina-instituciones-educativas-diran-presente-en-la-feria-provincial-de-ciencia-y-tecnologia\/#primaryimage"},"thumbnailUrl":"https:\/\/radioinfinitagoya.com.ar\/v1\/wp-content\/uploads\/2026\/09\/feria_de_cienci.jpg","datePublished":"2026-09-01T19:06:03+00:00","description":"La provincia de Corrientes se prepara para vivir una nueva edici\u00f3n de la Feria de Ciencia y Tecnolog\u00eda en su instancia provincial, un evento que reunir\u00e1 a","breadcrumb":{"@id":"https:\/\/radioinfinitagoya.com.ar\/v1\/2026\/09\/01\/en-la-capital-correntina-instituciones-educativas-diran-presente-en-la-feria-provincial-de-ciencia-y-tecnologia\/#breadcrumb"},"inLanguage":"es-AR","potentialAction":[{"@type":"ReadAction","target":["https:\/\/radioinfinitagoya.com.ar\/v1\/2026\/09\/01\/en-la-capital-correntina-instituciones-educativas-diran-presente-en-la-feria-provincial-de-ciencia-y-tecnologia\/"]}]},{"@type":"ImageObject","inLanguage":"es-AR","@id":"https:\/\/radioinfinitagoya.com.ar\/v1\/2026\/09\/01\/en-la-capital-correntina-instituciones-educativas-diran-presente-en-la-feria-provincial-de-ciencia-y-tecnologia\/#primaryimage","url":"https:\/\/radioinfinitagoya.com.ar\/v1\/wp-content\/uploads\/2026\/09\/feria_de_cienci.jpg","contentUrl":"https:\/\/radioinfinitagoya.com.ar\/v1\/wp-content\/uploads\/2026\/09\/feria_de_cienci.jpg","width":848,"height":477},{"@type":"BreadcrumbList","@id":"https:\/\/radioinfinitagoya.com.ar\/v1\/2026\/09\/01\/en-la-capital-correntina-instituciones-educativas-diran-presente-en-la-feria-provincial-de-ciencia-y-tecnologia\/#breadcrumb","itemListElement":[{"@type":"ListItem","position":1,"name":"Inicio","item":"https:\/\/radioinfinitagoya.com.ar\/v1\/"},{"@type":"ListItem","position":2,"name":"En la capital correntina: Instituciones educativas dir\u00e1n presente en la Feria Provincial de Ciencia y Tecnolog\u00eda"}]},{"@type":"WebSite","@id":"https:\/\/radioinfinitagoya.com.ar\/v1\/#website","url":"https:\/\/radioinfinitagoya.com.ar\/v1\/","name":"radioinfinitagoya.com.ar","description":"Radio de noticias","publisher":{"@id":"https:\/\/radioinfinitagoya.com.ar\/v1\/#organization"},"potentialAction":[{"@type":"SearchAction","target":{"@type":"EntryPoint","urlTemplate":"https:\/\/radioinfinitagoya.com.ar\/v1\/?s={search_term_string}"},"query-input":{"@type":"PropertyValueSpecification","valueRequired":true,"valueName":"search_term_string"}}],"inLanguage":"es-AR"},{"@type":"Organization","@id":"https:\/\/radioinfinitagoya.com.ar\/v1\/#organization","name":"Radio Infinita Goya","url":"https:\/\/radioinfinitagoya.com.ar\/v1\/","logo":{"@type":"ImageObject","inLanguage":"es-AR","@id":"https:\/\/radioinfinitagoya.com.ar\/v1\/#\/schema\/logo\/image\/","url":"https:\/\/radioinfinitagoya.com.ar\/v1\/wp-content\/uploads\/2019\/11\/logo-pie-web.png","contentUrl":"https:\/\/radioinfinitagoya.com.ar\/v1\/wp-content\/uploads\/2019\/11\/logo-pie-web.png","width":635,"height":326,"caption":"Radio Infinita Goya"},"image":{"@id":"https:\/\/radioinfinitagoya.com.ar\/v1\/#\/schema\/logo\/image\/"},"sameAs":["https:\/\/www.facebook.com\/p\/Infinita-Goya-100063870918311\/"]},{"@type":"Person","@id":"https:\/\/radioinfinitagoya.com.ar\/v1\/#\/schema\/person\/d4cf9c413d4f6edb24aabdccab49ca4a","name":"Jorge Mi\u00f1o","image":{"@type":"ImageObject","inLanguage":"es-AR","@id":"https:\/\/secure.gravatar.com\/avatar\/910fcf6728fe95320e07a6643c1581fec1c7fc4bf8ae12e3d8f0d0373dc844be?s=96&d=mm&r=g","url":"https:\/\/secure.gravatar.com\/avatar\/910fcf6728fe95320e07a6643c1581fec1c7fc4bf8ae12e3d8f0d0373dc844be?s=96&d=mm&r=g","contentUrl":"https:\/\/secure.gravatar.com\/avatar\/910fcf6728fe95320e07a6643c1581fec1c7fc4bf8ae12e3d8f0d0373dc844be?s=96&d=mm&r=g","caption":"Jorge Mi\u00f1o"},"sameAs":["http:\/\/radioinfinitagoya.com.ar"]}]}},"_links":{"self":[{"href":"https:\/\/radioinfinitagoya.com.ar\/v1\/wp-json\/wp\/v2\/posts\/226511","targetHints":{"allow":["GET"]}}],"collection":[{"href":"https:\/\/radioinfinitagoya.com.ar\/v1\/wp-json\/wp\/v2\/posts"}],"about":[{"href":"https:\/\/radioinfinitagoya.com.ar\/v1\/wp-json\/wp\/v2\/types\/post"}],"author":[{"embeddable":true,"href":"https:\/\/radioinfinitagoya.com.ar\/v1\/wp-json\/wp\/v2\/users\/4"}],"replies":[{"embeddable":true,"href":"https:\/\/radioinfinitagoya.com.ar\/v1\/wp-json\/wp\/v2\/comments?post=226511"}],"version-history":[{"count":1,"href":"https:\/\/radioinfinitagoya.com.ar\/v1\/wp-json\/wp\/v2\/posts\/226511\/revisions"}],"predecessor-version":[{"id":226513,"href":"https:\/\/radioinfinitagoya.com.ar\/v1\/wp-json\/wp\/v2\/posts\/226511\/revisions\/226513"}],"wp:featuredmedia":[{"embeddable":true,"href":"https:\/\/radioinfinitagoya.com.ar\/v1\/wp-json\/wp\/v2\/media\/226512"}],"wp:attachment":[{"href":"https:\/\/radioinfinitagoya.com.ar\/v1\/wp-json\/wp\/v2\/media?parent=226511"}],"wp:term":[{"taxonomy":"category","embeddable":true,"href":"https:\/\/radioinfinitagoya.com.ar\/v1\/wp-json\/wp\/v2\/categories?post=226511"},{"taxonomy":"post_tag","embeddable":true,"href":"https:\/\/radioinfinitagoya.com.ar\/v1\/wp-json\/wp\/v2\/tags?post=226511"}],"curies":[{"name":"wp","href":"https:\/\/api.w.org\/{rel}","templated":true}]}}