{"id":226517,"date":"2026-09-01T16:13:53","date_gmt":"2026-09-01T19:13:53","guid":{"rendered":"https:\/\/radioinfinitagoya.com.ar\/v1\/?p=226517"},"modified":"2026-09-01T16:13:53","modified_gmt":"2026-09-01T19:13:53","slug":"salud-publica-insiste-en-que-las-vacunas-para-el-ingreso-escolar-deben-colocarse-a-los-5-anos","status":"publish","type":"post","link":"https:\/\/radioinfinitagoya.com.ar\/v1\/2026\/09\/01\/salud-publica-insiste-en-que-las-vacunas-para-el-ingreso-escolar-deben-colocarse-a-los-5-anos\/","title":{"rendered":"Salud P\u00fablica insiste en que las vacunas para el ingreso escolar deben colocarse a los 5 a\u00f1os"},"content":{"rendered":"<p>Son 4 aplicaciones que previenen ocho enfermedades, entre estas est\u00e1 Sarampi\u00f3n. Las dosis est\u00e1n disponibles en los vacunatorios de la provincia.<\/p>\n<p>El Ministerio de Salud P\u00fablica recuerda que las vacunas para el ingreso escolar deben colocarse a los 5 a\u00f1os. Los tutores, tienen que controlar el Calendario Obligatorio y completar en el tiempo que se le indica.<\/p>\n<p>Las 4 vacunas, son recomendable poner en el nivel inicial. Estas son: Poliomielitis (IPV \/ Salk), refuerzo; Triple viral (SRP) que protege contra Sarampi\u00f3n, Rub\u00e9ola y Paperas (segunda dosis); Triple bacteriana celular (DPT), protege contra Difteria, T\u00e9tanos y Tos Convulsa y, Varicela (segunda dosis).<\/p>\n<p>Las dosis est\u00e1n disponibles en los vacunatorios de la provincia. Solicitan, concurrir con DNI y carnet de vacunaci\u00f3n.<\/p>\n<p>\u201cEs importante reforzar el mensaje, tienen que vacunar a los chicos a los 5 a\u00f1os. Estas vacunas previenen enfermedades que est\u00e1n circulando en el mundo. Hubo casos de muerte por Sarampi\u00f3n en Estados Unidos\u201d, dijo la directora de Inmunizaciones, Marina Cantero.<\/p>\n<p>El Sarampi\u00f3n es una enfermedad viral febril exantem\u00e1tica que puede presentarse en todas las edades, siendo de mayor gravedad en menores de 5 a\u00f1os, personas con desnutrici\u00f3n o con inmunocompromiso, en los cuales puede causar graves complicaciones respiratorias como neumon\u00eda, enfermedades del sistema nervioso central como convulsiones, meningoencefalitis, ceguera y enfermedades tard\u00edas con complicaciones cr\u00f3nicas, en algunas ocasiones generando la muerte.<\/p>\n<p>Cronograma Calendario\/Covid-19\/Dengue\/Antigripal Capital<\/p>\n<p>Puntos de vacunaci\u00f3n<\/p>\n<p>De lunes a viernes de 8 a 12 y de 14 a 18.<\/p>\n<p>-Estaci\u00f3n Saludable Plaza Cabral<\/p>\n<p>-Hospital de Campa\u00f1a Escuela Hogar (a partir de 15 a\u00f1os de edad).<\/p>\n<p>Asistir con DNI y carnet de vacunaci\u00f3n.<\/p>\n<p><img loading=\"lazy\" decoding=\"async\" class=\"alignnone size-medium wp-image-226519\" src=\"https:\/\/radioinfinitagoya.com.ar\/v1\/wp-content\/uploads\/2026\/09\/imagen-111990-480x600.jpg\" alt=\"\" width=\"480\" height=\"600\" srcset=\"https:\/\/radioinfinitagoya.com.ar\/v1\/wp-content\/uploads\/2026\/09\/imagen-111990-480x600.jpg 480w, https:\/\/radioinfinitagoya.com.ar\/v1\/wp-content\/uploads\/2026\/09\/imagen-111990-120x150.jpg 120w, https:\/\/radioinfinitagoya.com.ar\/v1\/wp-content\/uploads\/2026\/09\/imagen-111990-336x420.jpg 336w, https:\/\/radioinfinitagoya.com.ar\/v1\/wp-content\/uploads\/2026\/09\/imagen-111990.jpg 560w\" sizes=\"auto, (max-width: 480px) 100vw, 480px\" \/><\/p>\n<p>&nbsp;<\/p>\n<p>&nbsp;<\/p>\n","protected":false},"excerpt":{"rendered":"<p>Son 4 aplicaciones que previenen ocho enfermedades, entre estas est\u00e1 Sarampi\u00f3n. Las dosis est\u00e1n disponibles en los vacunatorios de la provincia. El Ministerio de Salud P\u00fablica recuerda que las vacunas para el ingreso escolar deben colocarse a los 5 a\u00f1os. Los tutores, tienen que controlar el Calendario Obligatorio y completar en el tiempo que se [&hellip;]<\/p>\n","protected":false},"author":4,"featured_media":226518,"comment_status":"open","ping_status":"open","sticky":false,"template":"","format":"standard","meta":{"_joinchat":[],"footnotes":""},"categories":[26],"tags":[],"class_list":["post-226517","post","type-post","status-publish","format-standard","has-post-thumbnail","category-provinciales"],"yoast_head":"<!-- This site is optimized with the Yoast SEO plugin v27.7 - https:\/\/yoast.com\/product\/yoast-seo-wordpress\/ -->\n<title>Salud P\u00fablica insiste en que las vacunas para el ingreso escolar deben colocarse a los 5 a\u00f1os - Radio Infinita Goya<\/title>\n<meta name=\"description\" content=\"Son 4 aplicaciones que previenen ocho enfermedades, entre estas est\u00e1 Sarampi\u00f3n. Las dosis est\u00e1n disponibles en los vacunatorios de la provincia. El\" \/>\n<meta name=\"robots\" content=\"index, follow, max-snippet:-1, max-image-preview:large, max-video-preview:-1\" \/>\n<link rel=\"canonical\" href=\"https:\/\/radioinfinitagoya.com.ar\/v1\/2026\/09\/01\/salud-publica-insiste-en-que-las-vacunas-para-el-ingreso-escolar-deben-colocarse-a-los-5-anos\/\" \/>\n<meta property=\"og:locale\" content=\"es_ES\" \/>\n<meta property=\"og:type\" content=\"article\" \/>\n<meta property=\"og:title\" content=\"Salud P\u00fablica insiste en que las vacunas para el ingreso escolar deben colocarse a los 5 a\u00f1os - Radio Infinita Goya\" \/>\n<meta property=\"og:description\" content=\"Son 4 aplicaciones que previenen ocho enfermedades, entre estas est\u00e1 Sarampi\u00f3n. Las dosis est\u00e1n disponibles en los vacunatorios de la provincia. El\" \/>\n<meta property=\"og:url\" content=\"https:\/\/radioinfinitagoya.com.ar\/v1\/2026\/09\/01\/salud-publica-insiste-en-que-las-vacunas-para-el-ingreso-escolar-deben-colocarse-a-los-5-anos\/\" \/>\n<meta property=\"og:site_name\" content=\"Radio Infinita Goya\" \/>\n<meta property=\"article:publisher\" content=\"https:\/\/www.facebook.com\/p\/Infinita-Goya-100063870918311\/\" \/>\n<meta property=\"article:published_time\" content=\"2026-09-01T19:13:53+00:00\" \/>\n<meta property=\"og:image\" content=\"https:\/\/radioinfinitagoya.com.ar\/v1\/wp-content\/uploads\/2026\/09\/imagen-111989.jpg\" \/>\n\t<meta property=\"og:image:width\" content=\"560\" \/>\n\t<meta property=\"og:image:height\" content=\"374\" \/>\n\t<meta property=\"og:image:type\" content=\"image\/jpeg\" \/>\n<meta name=\"author\" content=\"Jorge Mi\u00f1o\" \/>\n<meta name=\"twitter:card\" content=\"summary_large_image\" \/>\n<meta name=\"twitter:label1\" content=\"Escrito por\" \/>\n\t<meta name=\"twitter:data1\" content=\"Jorge Mi\u00f1o\" \/>\n\t<meta name=\"twitter:label2\" content=\"Tiempo de lectura\" \/>\n\t<meta name=\"twitter:data2\" content=\"2 minutos\" \/>\n<script type=\"application\/ld+json\" class=\"yoast-schema-graph\">{\"@context\":\"https:\\\/\\\/schema.org\",\"@graph\":[{\"@type\":\"Article\",\"@id\":\"https:\\\/\\\/radioinfinitagoya.com.ar\\\/v1\\\/2026\\\/09\\\/01\\\/salud-publica-insiste-en-que-las-vacunas-para-el-ingreso-escolar-deben-colocarse-a-los-5-anos\\\/#article\",\"isPartOf\":{\"@id\":\"https:\\\/\\\/radioinfinitagoya.com.ar\\\/v1\\\/2026\\\/09\\\/01\\\/salud-publica-insiste-en-que-las-vacunas-para-el-ingreso-escolar-deben-colocarse-a-los-5-anos\\\/\"},\"author\":{\"name\":\"Jorge Mi\u00f1o\",\"@id\":\"https:\\\/\\\/radioinfinitagoya.com.ar\\\/v1\\\/#\\\/schema\\\/person\\\/d4cf9c413d4f6edb24aabdccab49ca4a\"},\"headline\":\"Salud P\u00fablica insiste en que las vacunas para el ingreso escolar deben colocarse a los 5 a\u00f1os\",\"datePublished\":\"2026-09-01T19:13:53+00:00\",\"mainEntityOfPage\":{\"@id\":\"https:\\\/\\\/radioinfinitagoya.com.ar\\\/v1\\\/2026\\\/09\\\/01\\\/salud-publica-insiste-en-que-las-vacunas-para-el-ingreso-escolar-deben-colocarse-a-los-5-anos\\\/\"},\"wordCount\":299,\"commentCount\":0,\"publisher\":{\"@id\":\"https:\\\/\\\/radioinfinitagoya.com.ar\\\/v1\\\/#organization\"},\"image\":{\"@id\":\"https:\\\/\\\/radioinfinitagoya.com.ar\\\/v1\\\/2026\\\/09\\\/01\\\/salud-publica-insiste-en-que-las-vacunas-para-el-ingreso-escolar-deben-colocarse-a-los-5-anos\\\/#primaryimage\"},\"thumbnailUrl\":\"https:\\\/\\\/radioinfinitagoya.com.ar\\\/v1\\\/wp-content\\\/uploads\\\/2026\\\/09\\\/imagen-111989.jpg\",\"articleSection\":[\"PROVINCIALES\"],\"inLanguage\":\"es-AR\",\"potentialAction\":[{\"@type\":\"CommentAction\",\"name\":\"Comment\",\"target\":[\"https:\\\/\\\/radioinfinitagoya.com.ar\\\/v1\\\/2026\\\/09\\\/01\\\/salud-publica-insiste-en-que-las-vacunas-para-el-ingreso-escolar-deben-colocarse-a-los-5-anos\\\/#respond\"]}]},{\"@type\":\"WebPage\",\"@id\":\"https:\\\/\\\/radioinfinitagoya.com.ar\\\/v1\\\/2026\\\/09\\\/01\\\/salud-publica-insiste-en-que-las-vacunas-para-el-ingreso-escolar-deben-colocarse-a-los-5-anos\\\/\",\"url\":\"https:\\\/\\\/radioinfinitagoya.com.ar\\\/v1\\\/2026\\\/09\\\/01\\\/salud-publica-insiste-en-que-las-vacunas-para-el-ingreso-escolar-deben-colocarse-a-los-5-anos\\\/\",\"name\":\"Salud P\u00fablica insiste en que las vacunas para el ingreso escolar deben colocarse a los 5 a\u00f1os - Radio Infinita Goya\",\"isPartOf\":{\"@id\":\"https:\\\/\\\/radioinfinitagoya.com.ar\\\/v1\\\/#website\"},\"primaryImageOfPage\":{\"@id\":\"https:\\\/\\\/radioinfinitagoya.com.ar\\\/v1\\\/2026\\\/09\\\/01\\\/salud-publica-insiste-en-que-las-vacunas-para-el-ingreso-escolar-deben-colocarse-a-los-5-anos\\\/#primaryimage\"},\"image\":{\"@id\":\"https:\\\/\\\/radioinfinitagoya.com.ar\\\/v1\\\/2026\\\/09\\\/01\\\/salud-publica-insiste-en-que-las-vacunas-para-el-ingreso-escolar-deben-colocarse-a-los-5-anos\\\/#primaryimage\"},\"thumbnailUrl\":\"https:\\\/\\\/radioinfinitagoya.com.ar\\\/v1\\\/wp-content\\\/uploads\\\/2026\\\/09\\\/imagen-111989.jpg\",\"datePublished\":\"2026-09-01T19:13:53+00:00\",\"description\":\"Son 4 aplicaciones que previenen ocho enfermedades, entre estas est\u00e1 Sarampi\u00f3n. Las dosis est\u00e1n disponibles en los vacunatorios de la provincia. El\",\"breadcrumb\":{\"@id\":\"https:\\\/\\\/radioinfinitagoya.com.ar\\\/v1\\\/2026\\\/09\\\/01\\\/salud-publica-insiste-en-que-las-vacunas-para-el-ingreso-escolar-deben-colocarse-a-los-5-anos\\\/#breadcrumb\"},\"inLanguage\":\"es-AR\",\"potentialAction\":[{\"@type\":\"ReadAction\",\"target\":[\"https:\\\/\\\/radioinfinitagoya.com.ar\\\/v1\\\/2026\\\/09\\\/01\\\/salud-publica-insiste-en-que-las-vacunas-para-el-ingreso-escolar-deben-colocarse-a-los-5-anos\\\/\"]}]},{\"@type\":\"ImageObject\",\"inLanguage\":\"es-AR\",\"@id\":\"https:\\\/\\\/radioinfinitagoya.com.ar\\\/v1\\\/2026\\\/09\\\/01\\\/salud-publica-insiste-en-que-las-vacunas-para-el-ingreso-escolar-deben-colocarse-a-los-5-anos\\\/#primaryimage\",\"url\":\"https:\\\/\\\/radioinfinitagoya.com.ar\\\/v1\\\/wp-content\\\/uploads\\\/2026\\\/09\\\/imagen-111989.jpg\",\"contentUrl\":\"https:\\\/\\\/radioinfinitagoya.com.ar\\\/v1\\\/wp-content\\\/uploads\\\/2026\\\/09\\\/imagen-111989.jpg\",\"width\":560,\"height\":374},{\"@type\":\"BreadcrumbList\",\"@id\":\"https:\\\/\\\/radioinfinitagoya.com.ar\\\/v1\\\/2026\\\/09\\\/01\\\/salud-publica-insiste-en-que-las-vacunas-para-el-ingreso-escolar-deben-colocarse-a-los-5-anos\\\/#breadcrumb\",\"itemListElement\":[{\"@type\":\"ListItem\",\"position\":1,\"name\":\"Inicio\",\"item\":\"https:\\\/\\\/radioinfinitagoya.com.ar\\\/v1\\\/\"},{\"@type\":\"ListItem\",\"position\":2,\"name\":\"Salud P\u00fablica insiste en que las vacunas para el ingreso escolar deben colocarse a los 5 a\u00f1os\"}]},{\"@type\":\"WebSite\",\"@id\":\"https:\\\/\\\/radioinfinitagoya.com.ar\\\/v1\\\/#website\",\"url\":\"https:\\\/\\\/radioinfinitagoya.com.ar\\\/v1\\\/\",\"name\":\"radioinfinitagoya.com.ar\",\"description\":\"Radio de noticias\",\"publisher\":{\"@id\":\"https:\\\/\\\/radioinfinitagoya.com.ar\\\/v1\\\/#organization\"},\"potentialAction\":[{\"@type\":\"SearchAction\",\"target\":{\"@type\":\"EntryPoint\",\"urlTemplate\":\"https:\\\/\\\/radioinfinitagoya.com.ar\\\/v1\\\/?s={search_term_string}\"},\"query-input\":{\"@type\":\"PropertyValueSpecification\",\"valueRequired\":true,\"valueName\":\"search_term_string\"}}],\"inLanguage\":\"es-AR\"},{\"@type\":\"Organization\",\"@id\":\"https:\\\/\\\/radioinfinitagoya.com.ar\\\/v1\\\/#organization\",\"name\":\"Radio Infinita Goya\",\"url\":\"https:\\\/\\\/radioinfinitagoya.com.ar\\\/v1\\\/\",\"logo\":{\"@type\":\"ImageObject\",\"inLanguage\":\"es-AR\",\"@id\":\"https:\\\/\\\/radioinfinitagoya.com.ar\\\/v1\\\/#\\\/schema\\\/logo\\\/image\\\/\",\"url\":\"https:\\\/\\\/radioinfinitagoya.com.ar\\\/v1\\\/wp-content\\\/uploads\\\/2019\\\/11\\\/logo-pie-web.png\",\"contentUrl\":\"https:\\\/\\\/radioinfinitagoya.com.ar\\\/v1\\\/wp-content\\\/uploads\\\/2019\\\/11\\\/logo-pie-web.png\",\"width\":635,\"height\":326,\"caption\":\"Radio Infinita Goya\"},\"image\":{\"@id\":\"https:\\\/\\\/radioinfinitagoya.com.ar\\\/v1\\\/#\\\/schema\\\/logo\\\/image\\\/\"},\"sameAs\":[\"https:\\\/\\\/www.facebook.com\\\/p\\\/Infinita-Goya-100063870918311\\\/\"]},{\"@type\":\"Person\",\"@id\":\"https:\\\/\\\/radioinfinitagoya.com.ar\\\/v1\\\/#\\\/schema\\\/person\\\/d4cf9c413d4f6edb24aabdccab49ca4a\",\"name\":\"Jorge Mi\u00f1o\",\"image\":{\"@type\":\"ImageObject\",\"inLanguage\":\"es-AR\",\"@id\":\"https:\\\/\\\/secure.gravatar.com\\\/avatar\\\/910fcf6728fe95320e07a6643c1581fec1c7fc4bf8ae12e3d8f0d0373dc844be?s=96&d=mm&r=g\",\"url\":\"https:\\\/\\\/secure.gravatar.com\\\/avatar\\\/910fcf6728fe95320e07a6643c1581fec1c7fc4bf8ae12e3d8f0d0373dc844be?s=96&d=mm&r=g\",\"contentUrl\":\"https:\\\/\\\/secure.gravatar.com\\\/avatar\\\/910fcf6728fe95320e07a6643c1581fec1c7fc4bf8ae12e3d8f0d0373dc844be?s=96&d=mm&r=g\",\"caption\":\"Jorge Mi\u00f1o\"},\"sameAs\":[\"http:\\\/\\\/radioinfinitagoya.com.ar\"]}]}<\/script>\n<!-- \/ Yoast SEO plugin. -->","yoast_head_json":{"title":"Salud P\u00fablica insiste en que las vacunas para el ingreso escolar deben colocarse a los 5 a\u00f1os - Radio Infinita Goya","description":"Son 4 aplicaciones que previenen ocho enfermedades, entre estas est\u00e1 Sarampi\u00f3n. Las dosis est\u00e1n disponibles en los vacunatorios de la provincia. El","robots":{"index":"index","follow":"follow","max-snippet":"max-snippet:-1","max-image-preview":"max-image-preview:large","max-video-preview":"max-video-preview:-1"},"canonical":"https:\/\/radioinfinitagoya.com.ar\/v1\/2026\/09\/01\/salud-publica-insiste-en-que-las-vacunas-para-el-ingreso-escolar-deben-colocarse-a-los-5-anos\/","og_locale":"es_ES","og_type":"article","og_title":"Salud P\u00fablica insiste en que las vacunas para el ingreso escolar deben colocarse a los 5 a\u00f1os - Radio Infinita Goya","og_description":"Son 4 aplicaciones que previenen ocho enfermedades, entre estas est\u00e1 Sarampi\u00f3n. Las dosis est\u00e1n disponibles en los vacunatorios de la provincia. El","og_url":"https:\/\/radioinfinitagoya.com.ar\/v1\/2026\/09\/01\/salud-publica-insiste-en-que-las-vacunas-para-el-ingreso-escolar-deben-colocarse-a-los-5-anos\/","og_site_name":"Radio Infinita Goya","article_publisher":"https:\/\/www.facebook.com\/p\/Infinita-Goya-100063870918311\/","article_published_time":"2026-09-01T19:13:53+00:00","og_image":[{"width":560,"height":374,"url":"https:\/\/radioinfinitagoya.com.ar\/v1\/wp-content\/uploads\/2026\/09\/imagen-111989.jpg","type":"image\/jpeg"}],"author":"Jorge Mi\u00f1o","twitter_card":"summary_large_image","twitter_misc":{"Escrito por":"Jorge Mi\u00f1o","Tiempo de lectura":"2 minutos"},"schema":{"@context":"https:\/\/schema.org","@graph":[{"@type":"Article","@id":"https:\/\/radioinfinitagoya.com.ar\/v1\/2026\/09\/01\/salud-publica-insiste-en-que-las-vacunas-para-el-ingreso-escolar-deben-colocarse-a-los-5-anos\/#article","isPartOf":{"@id":"https:\/\/radioinfinitagoya.com.ar\/v1\/2026\/09\/01\/salud-publica-insiste-en-que-las-vacunas-para-el-ingreso-escolar-deben-colocarse-a-los-5-anos\/"},"author":{"name":"Jorge Mi\u00f1o","@id":"https:\/\/radioinfinitagoya.com.ar\/v1\/#\/schema\/person\/d4cf9c413d4f6edb24aabdccab49ca4a"},"headline":"Salud P\u00fablica insiste en que las vacunas para el ingreso escolar deben colocarse a los 5 a\u00f1os","datePublished":"2026-09-01T19:13:53+00:00","mainEntityOfPage":{"@id":"https:\/\/radioinfinitagoya.com.ar\/v1\/2026\/09\/01\/salud-publica-insiste-en-que-las-vacunas-para-el-ingreso-escolar-deben-colocarse-a-los-5-anos\/"},"wordCount":299,"commentCount":0,"publisher":{"@id":"https:\/\/radioinfinitagoya.com.ar\/v1\/#organization"},"image":{"@id":"https:\/\/radioinfinitagoya.com.ar\/v1\/2026\/09\/01\/salud-publica-insiste-en-que-las-vacunas-para-el-ingreso-escolar-deben-colocarse-a-los-5-anos\/#primaryimage"},"thumbnailUrl":"https:\/\/radioinfinitagoya.com.ar\/v1\/wp-content\/uploads\/2026\/09\/imagen-111989.jpg","articleSection":["PROVINCIALES"],"inLanguage":"es-AR","potentialAction":[{"@type":"CommentAction","name":"Comment","target":["https:\/\/radioinfinitagoya.com.ar\/v1\/2026\/09\/01\/salud-publica-insiste-en-que-las-vacunas-para-el-ingreso-escolar-deben-colocarse-a-los-5-anos\/#respond"]}]},{"@type":"WebPage","@id":"https:\/\/radioinfinitagoya.com.ar\/v1\/2026\/09\/01\/salud-publica-insiste-en-que-las-vacunas-para-el-ingreso-escolar-deben-colocarse-a-los-5-anos\/","url":"https:\/\/radioinfinitagoya.com.ar\/v1\/2026\/09\/01\/salud-publica-insiste-en-que-las-vacunas-para-el-ingreso-escolar-deben-colocarse-a-los-5-anos\/","name":"Salud P\u00fablica insiste en que las vacunas para el ingreso escolar deben colocarse a los 5 a\u00f1os - Radio Infinita Goya","isPartOf":{"@id":"https:\/\/radioinfinitagoya.com.ar\/v1\/#website"},"primaryImageOfPage":{"@id":"https:\/\/radioinfinitagoya.com.ar\/v1\/2026\/09\/01\/salud-publica-insiste-en-que-las-vacunas-para-el-ingreso-escolar-deben-colocarse-a-los-5-anos\/#primaryimage"},"image":{"@id":"https:\/\/radioinfinitagoya.com.ar\/v1\/2026\/09\/01\/salud-publica-insiste-en-que-las-vacunas-para-el-ingreso-escolar-deben-colocarse-a-los-5-anos\/#primaryimage"},"thumbnailUrl":"https:\/\/radioinfinitagoya.com.ar\/v1\/wp-content\/uploads\/2026\/09\/imagen-111989.jpg","datePublished":"2026-09-01T19:13:53+00:00","description":"Son 4 aplicaciones que previenen ocho enfermedades, entre estas est\u00e1 Sarampi\u00f3n. Las dosis est\u00e1n disponibles en los vacunatorios de la provincia. El","breadcrumb":{"@id":"https:\/\/radioinfinitagoya.com.ar\/v1\/2026\/09\/01\/salud-publica-insiste-en-que-las-vacunas-para-el-ingreso-escolar-deben-colocarse-a-los-5-anos\/#breadcrumb"},"inLanguage":"es-AR","potentialAction":[{"@type":"ReadAction","target":["https:\/\/radioinfinitagoya.com.ar\/v1\/2026\/09\/01\/salud-publica-insiste-en-que-las-vacunas-para-el-ingreso-escolar-deben-colocarse-a-los-5-anos\/"]}]},{"@type":"ImageObject","inLanguage":"es-AR","@id":"https:\/\/radioinfinitagoya.com.ar\/v1\/2026\/09\/01\/salud-publica-insiste-en-que-las-vacunas-para-el-ingreso-escolar-deben-colocarse-a-los-5-anos\/#primaryimage","url":"https:\/\/radioinfinitagoya.com.ar\/v1\/wp-content\/uploads\/2026\/09\/imagen-111989.jpg","contentUrl":"https:\/\/radioinfinitagoya.com.ar\/v1\/wp-content\/uploads\/2026\/09\/imagen-111989.jpg","width":560,"height":374},{"@type":"BreadcrumbList","@id":"https:\/\/radioinfinitagoya.com.ar\/v1\/2026\/09\/01\/salud-publica-insiste-en-que-las-vacunas-para-el-ingreso-escolar-deben-colocarse-a-los-5-anos\/#breadcrumb","itemListElement":[{"@type":"ListItem","position":1,"name":"Inicio","item":"https:\/\/radioinfinitagoya.com.ar\/v1\/"},{"@type":"ListItem","position":2,"name":"Salud P\u00fablica insiste en que las vacunas para el ingreso escolar deben colocarse a los 5 a\u00f1os"}]},{"@type":"WebSite","@id":"https:\/\/radioinfinitagoya.com.ar\/v1\/#website","url":"https:\/\/radioinfinitagoya.com.ar\/v1\/","name":"radioinfinitagoya.com.ar","description":"Radio de noticias","publisher":{"@id":"https:\/\/radioinfinitagoya.com.ar\/v1\/#organization"},"potentialAction":[{"@type":"SearchAction","target":{"@type":"EntryPoint","urlTemplate":"https:\/\/radioinfinitagoya.com.ar\/v1\/?s={search_term_string}"},"query-input":{"@type":"PropertyValueSpecification","valueRequired":true,"valueName":"search_term_string"}}],"inLanguage":"es-AR"},{"@type":"Organization","@id":"https:\/\/radioinfinitagoya.com.ar\/v1\/#organization","name":"Radio Infinita Goya","url":"https:\/\/radioinfinitagoya.com.ar\/v1\/","logo":{"@type":"ImageObject","inLanguage":"es-AR","@id":"https:\/\/radioinfinitagoya.com.ar\/v1\/#\/schema\/logo\/image\/","url":"https:\/\/radioinfinitagoya.com.ar\/v1\/wp-content\/uploads\/2019\/11\/logo-pie-web.png","contentUrl":"https:\/\/radioinfinitagoya.com.ar\/v1\/wp-content\/uploads\/2019\/11\/logo-pie-web.png","width":635,"height":326,"caption":"Radio Infinita Goya"},"image":{"@id":"https:\/\/radioinfinitagoya.com.ar\/v1\/#\/schema\/logo\/image\/"},"sameAs":["https:\/\/www.facebook.com\/p\/Infinita-Goya-100063870918311\/"]},{"@type":"Person","@id":"https:\/\/radioinfinitagoya.com.ar\/v1\/#\/schema\/person\/d4cf9c413d4f6edb24aabdccab49ca4a","name":"Jorge Mi\u00f1o","image":{"@type":"ImageObject","inLanguage":"es-AR","@id":"https:\/\/secure.gravatar.com\/avatar\/910fcf6728fe95320e07a6643c1581fec1c7fc4bf8ae12e3d8f0d0373dc844be?s=96&d=mm&r=g","url":"https:\/\/secure.gravatar.com\/avatar\/910fcf6728fe95320e07a6643c1581fec1c7fc4bf8ae12e3d8f0d0373dc844be?s=96&d=mm&r=g","contentUrl":"https:\/\/secure.gravatar.com\/avatar\/910fcf6728fe95320e07a6643c1581fec1c7fc4bf8ae12e3d8f0d0373dc844be?s=96&d=mm&r=g","caption":"Jorge Mi\u00f1o"},"sameAs":["http:\/\/radioinfinitagoya.com.ar"]}]}},"_links":{"self":[{"href":"https:\/\/radioinfinitagoya.com.ar\/v1\/wp-json\/wp\/v2\/posts\/226517","targetHints":{"allow":["GET"]}}],"collection":[{"href":"https:\/\/radioinfinitagoya.com.ar\/v1\/wp-json\/wp\/v2\/posts"}],"about":[{"href":"https:\/\/radioinfinitagoya.com.ar\/v1\/wp-json\/wp\/v2\/types\/post"}],"author":[{"embeddable":true,"href":"https:\/\/radioinfinitagoya.com.ar\/v1\/wp-json\/wp\/v2\/users\/4"}],"replies":[{"embeddable":true,"href":"https:\/\/radioinfinitagoya.com.ar\/v1\/wp-json\/wp\/v2\/comments?post=226517"}],"version-history":[{"count":1,"href":"https:\/\/radioinfinitagoya.com.ar\/v1\/wp-json\/wp\/v2\/posts\/226517\/revisions"}],"predecessor-version":[{"id":226520,"href":"https:\/\/radioinfinitagoya.com.ar\/v1\/wp-json\/wp\/v2\/posts\/226517\/revisions\/226520"}],"wp:featuredmedia":[{"embeddable":true,"href":"https:\/\/radioinfinitagoya.com.ar\/v1\/wp-json\/wp\/v2\/media\/226518"}],"wp:attachment":[{"href":"https:\/\/radioinfinitagoya.com.ar\/v1\/wp-json\/wp\/v2\/media?parent=226517"}],"wp:term":[{"taxonomy":"category","embeddable":true,"href":"https:\/\/radioinfinitagoya.com.ar\/v1\/wp-json\/wp\/v2\/categories?post=226517"},{"taxonomy":"post_tag","embeddable":true,"href":"https:\/\/radioinfinitagoya.com.ar\/v1\/wp-json\/wp\/v2\/tags?post=226517"}],"curies":[{"name":"wp","href":"https:\/\/api.w.org\/{rel}","templated":true}]}}