{"id":226521,"date":"2026-09-01T16:22:44","date_gmt":"2026-09-01T19:22:44","guid":{"rendered":"https:\/\/radioinfinitagoya.com.ar\/v1\/?p=226521"},"modified":"2026-09-01T16:22:44","modified_gmt":"2026-09-01T19:22:44","slug":"caputo-se-reunio-con-bessent-para-analizar-la-alianza-bilateral-y-el-escenario-global","status":"publish","type":"post","link":"https:\/\/radioinfinitagoya.com.ar\/v1\/2026\/09\/01\/caputo-se-reunio-con-bessent-para-analizar-la-alianza-bilateral-y-el-escenario-global\/","title":{"rendered":"Caputo se reuni\u00f3 con Bessent para analizar la alianza bilateral y el escenario global"},"content":{"rendered":"<p>Tras elogiar los resultados del programa de ajuste, el secretario del Tesoro recibi\u00f3 al ministro de Econom\u00eda para avanzar en la agenda com\u00fan entre la administraci\u00f3n Trump y el gobierno de Milei<\/p>\n<p>Enviado especial a Asheville, Carolina del Norte, EEUU &#8211; A pocas horas de concluir el G20 de Finanzas, Luis Caputo y Scott Bessent se reunieron el hotel Ommi Grove Park Inn para profundizar la alianza estrat\u00e9gica entre Donald Trump y Javier Milei.<\/p>\n<p>Caputo aprovech\u00f3 la oportunidad para \u201cconocer de primera mano\u201d que piensa la administraci\u00f3n republicana sobre la crisis en Medio Oriente y su impacto geopol\u00edtico.<\/p>\n<p>Bessent es un jugador clave para Trump, ya que dise\u00f1\u00f3 las sanciones econ\u00f3micas y financieras que despliega Estados Unidos para asfixiar al r\u00e9gimen chi\u00edta.<\/p>\n<p>El c\u00f3nclave fue previo al cierre del G20 de Finanzas,\u00a0<b>y se extendi\u00f3 por veinte minutos<\/b><\/p>\n<p><img loading=\"lazy\" decoding=\"async\" class=\"alignnone size-medium wp-image-226523\" src=\"https:\/\/radioinfinitagoya.com.ar\/v1\/wp-content\/uploads\/2026\/09\/GQJNQT2Z45FYDBWZNDXMGBTWC4-1-600x338.jpg\" alt=\"\" width=\"600\" height=\"338\" srcset=\"https:\/\/radioinfinitagoya.com.ar\/v1\/wp-content\/uploads\/2026\/09\/GQJNQT2Z45FYDBWZNDXMGBTWC4-1-600x338.jpg 600w, https:\/\/radioinfinitagoya.com.ar\/v1\/wp-content\/uploads\/2026\/09\/GQJNQT2Z45FYDBWZNDXMGBTWC4-1-150x84.jpg 150w, https:\/\/radioinfinitagoya.com.ar\/v1\/wp-content\/uploads\/2026\/09\/GQJNQT2Z45FYDBWZNDXMGBTWC4-1-768x432.jpg 768w, https:\/\/radioinfinitagoya.com.ar\/v1\/wp-content\/uploads\/2026\/09\/GQJNQT2Z45FYDBWZNDXMGBTWC4-1-747x420.jpg 747w, https:\/\/radioinfinitagoya.com.ar\/v1\/wp-content\/uploads\/2026\/09\/GQJNQT2Z45FYDBWZNDXMGBTWC4-1-696x392.jpg 696w, https:\/\/radioinfinitagoya.com.ar\/v1\/wp-content\/uploads\/2026\/09\/GQJNQT2Z45FYDBWZNDXMGBTWC4-1.avif 992w\" sizes=\"auto, (max-width: 600px) 100vw, 600px\" \/><\/p>\n<p>La reuni\u00f3n fue precedida por un elogio contundente del secretario del Tesoro al plan de ajuste de la Argentina, que arranc\u00f3 una sonrisa espont\u00e1nea al jefe del Palacio de Hacienda.<\/p>\n<p>Cuando Bessent ponder\u00f3 al programa econ\u00f3mico, Caputo estaba sentado en la segunda fila del Pabell\u00f3n Seely, adonde el secretario del Tesoro era entrevistado por Larry Kudlow.<\/p>\n<p>\u201cArgentina est\u00e1 liderando una oportunidad hist\u00f3rica en el hemisferio occidental\u201d, destac\u00f3 Bessent.<\/p>\n<p>Y complet\u00f3:<\/p>\n<p>\u201cSi analizamos en detalle la \u00faltima elecci\u00f3n del presidente Milei, vemos que los sectores m\u00e1s pobres de la sociedady los j\u00f3venes\u2014que antes se inclinaban por la izquierda\u2014le dieron su apoyo. As\u00ed que, como usted mencion\u00f3, estamos viendo cambios en Argentina, Bolivia, Colombia, Chile y Ecuador, y creo que veremos muchos m\u00e1s casos similares\u201d.<\/p>\n<p>En el auditorio estaban todos los ministros de Finanzas del G20, m\u00e1s Kristalina Georgieva -titular del FMI- y Ajay Banga, presidente del Banco Mundial. Georgieva y Banga, como Bessent, son aliados clave de la Argentina en el sistema econ\u00f3mico global.<\/p>\n<p>La relaci\u00f3n pol\u00edtica y la sinton\u00eda ideol\u00f3gica entre Caputo y Bessent es notoria: anoche en la cena oficial del G20 de Finanzas, el secretario del Tesoro sent\u00f3 en su mesa al ministro de Econom\u00eda junto a sus colegas de Italia, Francia, Jap\u00f3n y Polonia, en un gesto pol\u00edtico que fue observado con atenci\u00f3n.<\/p>\n<p>Y al otro d\u00eda, cuando est\u00e1 concluyendo el G20, Bessent acuerda una cita a puertas cerradas para profundizar la relaci\u00f3n bilateral entre Balcarce 50 y la Casa Blanca.<\/p>\n<p>Bessent es el anfitri\u00f3n del G20 y su agenda estaba en jaque por los constantes pedidos de los 20 ministros de Econom\u00eda, los 20 presidentes de los Bancos Centrales y las decenas de funcionarios y bur\u00f3cratas que se api\u00f1an en los pasillos del hotel Ommi Grove Park.<\/p>\n<p>Sin embargo, el secretario del Tesoro fue selectivo al momento de cerrar su agenda de trabajo, y no dud\u00f3 cuando desde el Palacio de Hacienda pidieron una reuni\u00f3n formal.<\/p>\n<p>Bessent y Caputo repasaron la relaci\u00f3n bilateral entre ambos pa\u00edses, y adem\u00e1s el ministro argentino le pregunt\u00f3 al secretario del Tesoro su mirada sobre la crisis de Medio Oriente, que impacta sobre los mercados globales y las econom\u00edas dom\u00e9sticas.<\/p>\n<p>Bessent se encuentra en el centro de la toma de decisiones de Trump. El secretario del Tesoro dise\u00f1\u00f3 las sanciones comerciales contra Ir\u00e1n y juega un papel esencial al momento de fijar disposiciones que sirvan para contener la inflaci\u00f3n dom\u00e9stica.<\/p>\n<p>Hasta hora, ese paquete de medidas no han tenido resultados concretos. Ir\u00e1n sigue controlando el estrecho de Ormuz, China -que comercia en secreto con Teher\u00e1n- se ha mostrado reluctante y la Uni\u00f3n Europea ha criticado su sentido y alcance.<\/p>\n<p><img loading=\"lazy\" decoding=\"async\" class=\"alignnone size-medium wp-image-226524\" src=\"https:\/\/radioinfinitagoya.com.ar\/v1\/wp-content\/uploads\/2026\/09\/HS4EE3I25NAZ7HDUTXC3SBWVZQ-600x368.jpg\" alt=\"\" width=\"600\" height=\"368\" srcset=\"https:\/\/radioinfinitagoya.com.ar\/v1\/wp-content\/uploads\/2026\/09\/HS4EE3I25NAZ7HDUTXC3SBWVZQ-600x368.jpg 600w, https:\/\/radioinfinitagoya.com.ar\/v1\/wp-content\/uploads\/2026\/09\/HS4EE3I25NAZ7HDUTXC3SBWVZQ-150x92.jpg 150w, https:\/\/radioinfinitagoya.com.ar\/v1\/wp-content\/uploads\/2026\/09\/HS4EE3I25NAZ7HDUTXC3SBWVZQ-768x471.jpg 768w, https:\/\/radioinfinitagoya.com.ar\/v1\/wp-content\/uploads\/2026\/09\/HS4EE3I25NAZ7HDUTXC3SBWVZQ-684x420.jpg 684w, https:\/\/radioinfinitagoya.com.ar\/v1\/wp-content\/uploads\/2026\/09\/HS4EE3I25NAZ7HDUTXC3SBWVZQ-696x427.jpg 696w, https:\/\/radioinfinitagoya.com.ar\/v1\/wp-content\/uploads\/2026\/09\/HS4EE3I25NAZ7HDUTXC3SBWVZQ.avif 992w\" sizes=\"auto, (max-width: 600px) 100vw, 600px\" \/><\/p>\n<p>Antes del encuentro con Bessent, Caputo dialog\u00f3 con Kristalina Georgieva. La relaci\u00f3n entre ellos es \u00f3ptima, y el di\u00e1logo es frecuente entre el jefe del Palacio de Hacienda y la directora gerente del FMI.<\/p>\n<p>Gran encuentro con en el marco de las reuniones del G20. Aprovechamos para conversar sobre la agenda econ\u00f3mica de la Argentina y los avances que estamos logrando para consolidar la estabilidad y fortalecer el crecimiento\u201d, poste\u00f3 el jefe del Palacio de Hacienda.<\/p>\n<p>Por su parte, la titular del FMI expres\u00f3: \u201cFue un gusto ponerme al d\u00eda con Luis Caputo sobre la impresionante recuperaci\u00f3n econ\u00f3mica de Argentina, fruto de buenas pol\u00edticas y una implementaci\u00f3n s\u00f3lida\u201d.<\/p>\n<p>Tras su participaci\u00f3n en el G20 de Finanzas, Caputo tiene previsto volar directo a Buenos Aires.<\/p>\n<p>&nbsp;<\/p>\n","protected":false},"excerpt":{"rendered":"<p>Tras elogiar los resultados del programa de ajuste, el secretario del Tesoro recibi\u00f3 al ministro de Econom\u00eda para avanzar en la agenda com\u00fan entre la administraci\u00f3n Trump y el gobierno de Milei Enviado especial a Asheville, Carolina del Norte, EEUU &#8211; A pocas horas de concluir el G20 de Finanzas, Luis Caputo y Scott Bessent [&hellip;]<\/p>\n","protected":false},"author":4,"featured_media":226522,"comment_status":"open","ping_status":"open","sticky":false,"template":"","format":"standard","meta":{"_joinchat":[],"footnotes":""},"categories":[34],"tags":[],"class_list":["post-226521","post","type-post","status-publish","format-standard","has-post-thumbnail","category-principal"],"yoast_head":"<!-- This site is optimized with the Yoast SEO plugin v27.7 - https:\/\/yoast.com\/product\/yoast-seo-wordpress\/ -->\n<title>Caputo se reuni\u00f3 con Bessent para analizar la alianza bilateral y el escenario global - Radio Infinita Goya<\/title>\n<meta name=\"description\" content=\"Tras elogiar los resultados del programa de ajuste, el secretario del Tesoro recibi\u00f3 al ministro de Econom\u00eda para avanzar en la agenda com\u00fan entre la\" \/>\n<meta name=\"robots\" content=\"index, follow, max-snippet:-1, max-image-preview:large, max-video-preview:-1\" \/>\n<link rel=\"canonical\" href=\"https:\/\/radioinfinitagoya.com.ar\/v1\/2026\/09\/01\/caputo-se-reunio-con-bessent-para-analizar-la-alianza-bilateral-y-el-escenario-global\/\" \/>\n<meta property=\"og:locale\" content=\"es_ES\" \/>\n<meta property=\"og:type\" content=\"article\" \/>\n<meta property=\"og:title\" content=\"Caputo se reuni\u00f3 con Bessent para analizar la alianza bilateral y el escenario global - Radio Infinita Goya\" \/>\n<meta property=\"og:description\" content=\"Tras elogiar los resultados del programa de ajuste, el secretario del Tesoro recibi\u00f3 al ministro de Econom\u00eda para avanzar en la agenda com\u00fan entre la\" \/>\n<meta property=\"og:url\" content=\"https:\/\/radioinfinitagoya.com.ar\/v1\/2026\/09\/01\/caputo-se-reunio-con-bessent-para-analizar-la-alianza-bilateral-y-el-escenario-global\/\" \/>\n<meta property=\"og:site_name\" content=\"Radio Infinita Goya\" \/>\n<meta property=\"article:publisher\" content=\"https:\/\/www.facebook.com\/p\/Infinita-Goya-100063870918311\/\" \/>\n<meta property=\"article:published_time\" content=\"2026-09-01T19:22:44+00:00\" \/>\n<meta name=\"author\" content=\"Jorge Mi\u00f1o\" \/>\n<meta name=\"twitter:card\" content=\"summary_large_image\" \/>\n<meta name=\"twitter:label1\" content=\"Escrito por\" \/>\n\t<meta name=\"twitter:data1\" content=\"Jorge Mi\u00f1o\" \/>\n\t<meta name=\"twitter:label2\" content=\"Tiempo de lectura\" \/>\n\t<meta name=\"twitter:data2\" content=\"4 minutos\" \/>\n<script type=\"application\/ld+json\" class=\"yoast-schema-graph\">{\"@context\":\"https:\\\/\\\/schema.org\",\"@graph\":[{\"@type\":\"Article\",\"@id\":\"https:\\\/\\\/radioinfinitagoya.com.ar\\\/v1\\\/2026\\\/09\\\/01\\\/caputo-se-reunio-con-bessent-para-analizar-la-alianza-bilateral-y-el-escenario-global\\\/#article\",\"isPartOf\":{\"@id\":\"https:\\\/\\\/radioinfinitagoya.com.ar\\\/v1\\\/2026\\\/09\\\/01\\\/caputo-se-reunio-con-bessent-para-analizar-la-alianza-bilateral-y-el-escenario-global\\\/\"},\"author\":{\"name\":\"Jorge Mi\u00f1o\",\"@id\":\"https:\\\/\\\/radioinfinitagoya.com.ar\\\/v1\\\/#\\\/schema\\\/person\\\/d4cf9c413d4f6edb24aabdccab49ca4a\"},\"headline\":\"Caputo se reuni\u00f3 con Bessent para analizar la alianza bilateral y el escenario global\",\"datePublished\":\"2026-09-01T19:22:44+00:00\",\"mainEntityOfPage\":{\"@id\":\"https:\\\/\\\/radioinfinitagoya.com.ar\\\/v1\\\/2026\\\/09\\\/01\\\/caputo-se-reunio-con-bessent-para-analizar-la-alianza-bilateral-y-el-escenario-global\\\/\"},\"wordCount\":771,\"commentCount\":0,\"publisher\":{\"@id\":\"https:\\\/\\\/radioinfinitagoya.com.ar\\\/v1\\\/#organization\"},\"image\":{\"@id\":\"https:\\\/\\\/radioinfinitagoya.com.ar\\\/v1\\\/2026\\\/09\\\/01\\\/caputo-se-reunio-con-bessent-para-analizar-la-alianza-bilateral-y-el-escenario-global\\\/#primaryimage\"},\"thumbnailUrl\":\"https:\\\/\\\/radioinfinitagoya.com.ar\\\/v1\\\/wp-content\\\/uploads\\\/2026\\\/09\\\/XCROJDOT3BDP5JL4HTFYWLRPUY.avif\",\"articleSection\":[\"PRINCIPAL\"],\"inLanguage\":\"es-AR\",\"potentialAction\":[{\"@type\":\"CommentAction\",\"name\":\"Comment\",\"target\":[\"https:\\\/\\\/radioinfinitagoya.com.ar\\\/v1\\\/2026\\\/09\\\/01\\\/caputo-se-reunio-con-bessent-para-analizar-la-alianza-bilateral-y-el-escenario-global\\\/#respond\"]}]},{\"@type\":\"WebPage\",\"@id\":\"https:\\\/\\\/radioinfinitagoya.com.ar\\\/v1\\\/2026\\\/09\\\/01\\\/caputo-se-reunio-con-bessent-para-analizar-la-alianza-bilateral-y-el-escenario-global\\\/\",\"url\":\"https:\\\/\\\/radioinfinitagoya.com.ar\\\/v1\\\/2026\\\/09\\\/01\\\/caputo-se-reunio-con-bessent-para-analizar-la-alianza-bilateral-y-el-escenario-global\\\/\",\"name\":\"Caputo se reuni\u00f3 con Bessent para analizar la alianza bilateral y el escenario global - Radio Infinita Goya\",\"isPartOf\":{\"@id\":\"https:\\\/\\\/radioinfinitagoya.com.ar\\\/v1\\\/#website\"},\"primaryImageOfPage\":{\"@id\":\"https:\\\/\\\/radioinfinitagoya.com.ar\\\/v1\\\/2026\\\/09\\\/01\\\/caputo-se-reunio-con-bessent-para-analizar-la-alianza-bilateral-y-el-escenario-global\\\/#primaryimage\"},\"image\":{\"@id\":\"https:\\\/\\\/radioinfinitagoya.com.ar\\\/v1\\\/2026\\\/09\\\/01\\\/caputo-se-reunio-con-bessent-para-analizar-la-alianza-bilateral-y-el-escenario-global\\\/#primaryimage\"},\"thumbnailUrl\":\"https:\\\/\\\/radioinfinitagoya.com.ar\\\/v1\\\/wp-content\\\/uploads\\\/2026\\\/09\\\/XCROJDOT3BDP5JL4HTFYWLRPUY.avif\",\"datePublished\":\"2026-09-01T19:22:44+00:00\",\"description\":\"Tras elogiar los resultados del programa de ajuste, el secretario del Tesoro recibi\u00f3 al ministro de Econom\u00eda para avanzar en la agenda com\u00fan entre la\",\"breadcrumb\":{\"@id\":\"https:\\\/\\\/radioinfinitagoya.com.ar\\\/v1\\\/2026\\\/09\\\/01\\\/caputo-se-reunio-con-bessent-para-analizar-la-alianza-bilateral-y-el-escenario-global\\\/#breadcrumb\"},\"inLanguage\":\"es-AR\",\"potentialAction\":[{\"@type\":\"ReadAction\",\"target\":[\"https:\\\/\\\/radioinfinitagoya.com.ar\\\/v1\\\/2026\\\/09\\\/01\\\/caputo-se-reunio-con-bessent-para-analizar-la-alianza-bilateral-y-el-escenario-global\\\/\"]}]},{\"@type\":\"ImageObject\",\"inLanguage\":\"es-AR\",\"@id\":\"https:\\\/\\\/radioinfinitagoya.com.ar\\\/v1\\\/2026\\\/09\\\/01\\\/caputo-se-reunio-con-bessent-para-analizar-la-alianza-bilateral-y-el-escenario-global\\\/#primaryimage\",\"url\":\"https:\\\/\\\/radioinfinitagoya.com.ar\\\/v1\\\/wp-content\\\/uploads\\\/2026\\\/09\\\/XCROJDOT3BDP5JL4HTFYWLRPUY.avif\",\"contentUrl\":\"https:\\\/\\\/radioinfinitagoya.com.ar\\\/v1\\\/wp-content\\\/uploads\\\/2026\\\/09\\\/XCROJDOT3BDP5JL4HTFYWLRPUY.avif\",\"width\":992,\"height\":558},{\"@type\":\"BreadcrumbList\",\"@id\":\"https:\\\/\\\/radioinfinitagoya.com.ar\\\/v1\\\/2026\\\/09\\\/01\\\/caputo-se-reunio-con-bessent-para-analizar-la-alianza-bilateral-y-el-escenario-global\\\/#breadcrumb\",\"itemListElement\":[{\"@type\":\"ListItem\",\"position\":1,\"name\":\"Inicio\",\"item\":\"https:\\\/\\\/radioinfinitagoya.com.ar\\\/v1\\\/\"},{\"@type\":\"ListItem\",\"position\":2,\"name\":\"Caputo se reuni\u00f3 con Bessent para analizar la alianza bilateral y el escenario global\"}]},{\"@type\":\"WebSite\",\"@id\":\"https:\\\/\\\/radioinfinitagoya.com.ar\\\/v1\\\/#website\",\"url\":\"https:\\\/\\\/radioinfinitagoya.com.ar\\\/v1\\\/\",\"name\":\"radioinfinitagoya.com.ar\",\"description\":\"Radio de noticias\",\"publisher\":{\"@id\":\"https:\\\/\\\/radioinfinitagoya.com.ar\\\/v1\\\/#organization\"},\"potentialAction\":[{\"@type\":\"SearchAction\",\"target\":{\"@type\":\"EntryPoint\",\"urlTemplate\":\"https:\\\/\\\/radioinfinitagoya.com.ar\\\/v1\\\/?s={search_term_string}\"},\"query-input\":{\"@type\":\"PropertyValueSpecification\",\"valueRequired\":true,\"valueName\":\"search_term_string\"}}],\"inLanguage\":\"es-AR\"},{\"@type\":\"Organization\",\"@id\":\"https:\\\/\\\/radioinfinitagoya.com.ar\\\/v1\\\/#organization\",\"name\":\"Radio Infinita Goya\",\"url\":\"https:\\\/\\\/radioinfinitagoya.com.ar\\\/v1\\\/\",\"logo\":{\"@type\":\"ImageObject\",\"inLanguage\":\"es-AR\",\"@id\":\"https:\\\/\\\/radioinfinitagoya.com.ar\\\/v1\\\/#\\\/schema\\\/logo\\\/image\\\/\",\"url\":\"https:\\\/\\\/radioinfinitagoya.com.ar\\\/v1\\\/wp-content\\\/uploads\\\/2019\\\/11\\\/logo-pie-web.png\",\"contentUrl\":\"https:\\\/\\\/radioinfinitagoya.com.ar\\\/v1\\\/wp-content\\\/uploads\\\/2019\\\/11\\\/logo-pie-web.png\",\"width\":635,\"height\":326,\"caption\":\"Radio Infinita Goya\"},\"image\":{\"@id\":\"https:\\\/\\\/radioinfinitagoya.com.ar\\\/v1\\\/#\\\/schema\\\/logo\\\/image\\\/\"},\"sameAs\":[\"https:\\\/\\\/www.facebook.com\\\/p\\\/Infinita-Goya-100063870918311\\\/\"]},{\"@type\":\"Person\",\"@id\":\"https:\\\/\\\/radioinfinitagoya.com.ar\\\/v1\\\/#\\\/schema\\\/person\\\/d4cf9c413d4f6edb24aabdccab49ca4a\",\"name\":\"Jorge Mi\u00f1o\",\"image\":{\"@type\":\"ImageObject\",\"inLanguage\":\"es-AR\",\"@id\":\"https:\\\/\\\/secure.gravatar.com\\\/avatar\\\/910fcf6728fe95320e07a6643c1581fec1c7fc4bf8ae12e3d8f0d0373dc844be?s=96&d=mm&r=g\",\"url\":\"https:\\\/\\\/secure.gravatar.com\\\/avatar\\\/910fcf6728fe95320e07a6643c1581fec1c7fc4bf8ae12e3d8f0d0373dc844be?s=96&d=mm&r=g\",\"contentUrl\":\"https:\\\/\\\/secure.gravatar.com\\\/avatar\\\/910fcf6728fe95320e07a6643c1581fec1c7fc4bf8ae12e3d8f0d0373dc844be?s=96&d=mm&r=g\",\"caption\":\"Jorge Mi\u00f1o\"},\"sameAs\":[\"http:\\\/\\\/radioinfinitagoya.com.ar\"]}]}<\/script>\n<!-- \/ Yoast SEO plugin. -->","yoast_head_json":{"title":"Caputo se reuni\u00f3 con Bessent para analizar la alianza bilateral y el escenario global - Radio Infinita Goya","description":"Tras elogiar los resultados del programa de ajuste, el secretario del Tesoro recibi\u00f3 al ministro de Econom\u00eda para avanzar en la agenda com\u00fan entre la","robots":{"index":"index","follow":"follow","max-snippet":"max-snippet:-1","max-image-preview":"max-image-preview:large","max-video-preview":"max-video-preview:-1"},"canonical":"https:\/\/radioinfinitagoya.com.ar\/v1\/2026\/09\/01\/caputo-se-reunio-con-bessent-para-analizar-la-alianza-bilateral-y-el-escenario-global\/","og_locale":"es_ES","og_type":"article","og_title":"Caputo se reuni\u00f3 con Bessent para analizar la alianza bilateral y el escenario global - Radio Infinita Goya","og_description":"Tras elogiar los resultados del programa de ajuste, el secretario del Tesoro recibi\u00f3 al ministro de Econom\u00eda para avanzar en la agenda com\u00fan entre la","og_url":"https:\/\/radioinfinitagoya.com.ar\/v1\/2026\/09\/01\/caputo-se-reunio-con-bessent-para-analizar-la-alianza-bilateral-y-el-escenario-global\/","og_site_name":"Radio Infinita Goya","article_publisher":"https:\/\/www.facebook.com\/p\/Infinita-Goya-100063870918311\/","article_published_time":"2026-09-01T19:22:44+00:00","author":"Jorge Mi\u00f1o","twitter_card":"summary_large_image","twitter_misc":{"Escrito por":"Jorge Mi\u00f1o","Tiempo de lectura":"4 minutos"},"schema":{"@context":"https:\/\/schema.org","@graph":[{"@type":"Article","@id":"https:\/\/radioinfinitagoya.com.ar\/v1\/2026\/09\/01\/caputo-se-reunio-con-bessent-para-analizar-la-alianza-bilateral-y-el-escenario-global\/#article","isPartOf":{"@id":"https:\/\/radioinfinitagoya.com.ar\/v1\/2026\/09\/01\/caputo-se-reunio-con-bessent-para-analizar-la-alianza-bilateral-y-el-escenario-global\/"},"author":{"name":"Jorge Mi\u00f1o","@id":"https:\/\/radioinfinitagoya.com.ar\/v1\/#\/schema\/person\/d4cf9c413d4f6edb24aabdccab49ca4a"},"headline":"Caputo se reuni\u00f3 con Bessent para analizar la alianza bilateral y el escenario global","datePublished":"2026-09-01T19:22:44+00:00","mainEntityOfPage":{"@id":"https:\/\/radioinfinitagoya.com.ar\/v1\/2026\/09\/01\/caputo-se-reunio-con-bessent-para-analizar-la-alianza-bilateral-y-el-escenario-global\/"},"wordCount":771,"commentCount":0,"publisher":{"@id":"https:\/\/radioinfinitagoya.com.ar\/v1\/#organization"},"image":{"@id":"https:\/\/radioinfinitagoya.com.ar\/v1\/2026\/09\/01\/caputo-se-reunio-con-bessent-para-analizar-la-alianza-bilateral-y-el-escenario-global\/#primaryimage"},"thumbnailUrl":"https:\/\/radioinfinitagoya.com.ar\/v1\/wp-content\/uploads\/2026\/09\/XCROJDOT3BDP5JL4HTFYWLRPUY.avif","articleSection":["PRINCIPAL"],"inLanguage":"es-AR","potentialAction":[{"@type":"CommentAction","name":"Comment","target":["https:\/\/radioinfinitagoya.com.ar\/v1\/2026\/09\/01\/caputo-se-reunio-con-bessent-para-analizar-la-alianza-bilateral-y-el-escenario-global\/#respond"]}]},{"@type":"WebPage","@id":"https:\/\/radioinfinitagoya.com.ar\/v1\/2026\/09\/01\/caputo-se-reunio-con-bessent-para-analizar-la-alianza-bilateral-y-el-escenario-global\/","url":"https:\/\/radioinfinitagoya.com.ar\/v1\/2026\/09\/01\/caputo-se-reunio-con-bessent-para-analizar-la-alianza-bilateral-y-el-escenario-global\/","name":"Caputo se reuni\u00f3 con Bessent para analizar la alianza bilateral y el escenario global - Radio Infinita Goya","isPartOf":{"@id":"https:\/\/radioinfinitagoya.com.ar\/v1\/#website"},"primaryImageOfPage":{"@id":"https:\/\/radioinfinitagoya.com.ar\/v1\/2026\/09\/01\/caputo-se-reunio-con-bessent-para-analizar-la-alianza-bilateral-y-el-escenario-global\/#primaryimage"},"image":{"@id":"https:\/\/radioinfinitagoya.com.ar\/v1\/2026\/09\/01\/caputo-se-reunio-con-bessent-para-analizar-la-alianza-bilateral-y-el-escenario-global\/#primaryimage"},"thumbnailUrl":"https:\/\/radioinfinitagoya.com.ar\/v1\/wp-content\/uploads\/2026\/09\/XCROJDOT3BDP5JL4HTFYWLRPUY.avif","datePublished":"2026-09-01T19:22:44+00:00","description":"Tras elogiar los resultados del programa de ajuste, el secretario del Tesoro recibi\u00f3 al ministro de Econom\u00eda para avanzar en la agenda com\u00fan entre la","breadcrumb":{"@id":"https:\/\/radioinfinitagoya.com.ar\/v1\/2026\/09\/01\/caputo-se-reunio-con-bessent-para-analizar-la-alianza-bilateral-y-el-escenario-global\/#breadcrumb"},"inLanguage":"es-AR","potentialAction":[{"@type":"ReadAction","target":["https:\/\/radioinfinitagoya.com.ar\/v1\/2026\/09\/01\/caputo-se-reunio-con-bessent-para-analizar-la-alianza-bilateral-y-el-escenario-global\/"]}]},{"@type":"ImageObject","inLanguage":"es-AR","@id":"https:\/\/radioinfinitagoya.com.ar\/v1\/2026\/09\/01\/caputo-se-reunio-con-bessent-para-analizar-la-alianza-bilateral-y-el-escenario-global\/#primaryimage","url":"https:\/\/radioinfinitagoya.com.ar\/v1\/wp-content\/uploads\/2026\/09\/XCROJDOT3BDP5JL4HTFYWLRPUY.avif","contentUrl":"https:\/\/radioinfinitagoya.com.ar\/v1\/wp-content\/uploads\/2026\/09\/XCROJDOT3BDP5JL4HTFYWLRPUY.avif","width":992,"height":558},{"@type":"BreadcrumbList","@id":"https:\/\/radioinfinitagoya.com.ar\/v1\/2026\/09\/01\/caputo-se-reunio-con-bessent-para-analizar-la-alianza-bilateral-y-el-escenario-global\/#breadcrumb","itemListElement":[{"@type":"ListItem","position":1,"name":"Inicio","item":"https:\/\/radioinfinitagoya.com.ar\/v1\/"},{"@type":"ListItem","position":2,"name":"Caputo se reuni\u00f3 con Bessent para analizar la alianza bilateral y el escenario global"}]},{"@type":"WebSite","@id":"https:\/\/radioinfinitagoya.com.ar\/v1\/#website","url":"https:\/\/radioinfinitagoya.com.ar\/v1\/","name":"radioinfinitagoya.com.ar","description":"Radio de noticias","publisher":{"@id":"https:\/\/radioinfinitagoya.com.ar\/v1\/#organization"},"potentialAction":[{"@type":"SearchAction","target":{"@type":"EntryPoint","urlTemplate":"https:\/\/radioinfinitagoya.com.ar\/v1\/?s={search_term_string}"},"query-input":{"@type":"PropertyValueSpecification","valueRequired":true,"valueName":"search_term_string"}}],"inLanguage":"es-AR"},{"@type":"Organization","@id":"https:\/\/radioinfinitagoya.com.ar\/v1\/#organization","name":"Radio Infinita Goya","url":"https:\/\/radioinfinitagoya.com.ar\/v1\/","logo":{"@type":"ImageObject","inLanguage":"es-AR","@id":"https:\/\/radioinfinitagoya.com.ar\/v1\/#\/schema\/logo\/image\/","url":"https:\/\/radioinfinitagoya.com.ar\/v1\/wp-content\/uploads\/2019\/11\/logo-pie-web.png","contentUrl":"https:\/\/radioinfinitagoya.com.ar\/v1\/wp-content\/uploads\/2019\/11\/logo-pie-web.png","width":635,"height":326,"caption":"Radio Infinita Goya"},"image":{"@id":"https:\/\/radioinfinitagoya.com.ar\/v1\/#\/schema\/logo\/image\/"},"sameAs":["https:\/\/www.facebook.com\/p\/Infinita-Goya-100063870918311\/"]},{"@type":"Person","@id":"https:\/\/radioinfinitagoya.com.ar\/v1\/#\/schema\/person\/d4cf9c413d4f6edb24aabdccab49ca4a","name":"Jorge Mi\u00f1o","image":{"@type":"ImageObject","inLanguage":"es-AR","@id":"https:\/\/secure.gravatar.com\/avatar\/910fcf6728fe95320e07a6643c1581fec1c7fc4bf8ae12e3d8f0d0373dc844be?s=96&d=mm&r=g","url":"https:\/\/secure.gravatar.com\/avatar\/910fcf6728fe95320e07a6643c1581fec1c7fc4bf8ae12e3d8f0d0373dc844be?s=96&d=mm&r=g","contentUrl":"https:\/\/secure.gravatar.com\/avatar\/910fcf6728fe95320e07a6643c1581fec1c7fc4bf8ae12e3d8f0d0373dc844be?s=96&d=mm&r=g","caption":"Jorge Mi\u00f1o"},"sameAs":["http:\/\/radioinfinitagoya.com.ar"]}]}},"_links":{"self":[{"href":"https:\/\/radioinfinitagoya.com.ar\/v1\/wp-json\/wp\/v2\/posts\/226521","targetHints":{"allow":["GET"]}}],"collection":[{"href":"https:\/\/radioinfinitagoya.com.ar\/v1\/wp-json\/wp\/v2\/posts"}],"about":[{"href":"https:\/\/radioinfinitagoya.com.ar\/v1\/wp-json\/wp\/v2\/types\/post"}],"author":[{"embeddable":true,"href":"https:\/\/radioinfinitagoya.com.ar\/v1\/wp-json\/wp\/v2\/users\/4"}],"replies":[{"embeddable":true,"href":"https:\/\/radioinfinitagoya.com.ar\/v1\/wp-json\/wp\/v2\/comments?post=226521"}],"version-history":[{"count":1,"href":"https:\/\/radioinfinitagoya.com.ar\/v1\/wp-json\/wp\/v2\/posts\/226521\/revisions"}],"predecessor-version":[{"id":226525,"href":"https:\/\/radioinfinitagoya.com.ar\/v1\/wp-json\/wp\/v2\/posts\/226521\/revisions\/226525"}],"wp:featuredmedia":[{"embeddable":true,"href":"https:\/\/radioinfinitagoya.com.ar\/v1\/wp-json\/wp\/v2\/media\/226522"}],"wp:attachment":[{"href":"https:\/\/radioinfinitagoya.com.ar\/v1\/wp-json\/wp\/v2\/media?parent=226521"}],"wp:term":[{"taxonomy":"category","embeddable":true,"href":"https:\/\/radioinfinitagoya.com.ar\/v1\/wp-json\/wp\/v2\/categories?post=226521"},{"taxonomy":"post_tag","embeddable":true,"href":"https:\/\/radioinfinitagoya.com.ar\/v1\/wp-json\/wp\/v2\/tags?post=226521"}],"curies":[{"name":"wp","href":"https:\/\/api.w.org\/{rel}","templated":true}]}}