{"id":226532,"date":"2026-09-01T16:29:45","date_gmt":"2026-09-01T19:29:45","guid":{"rendered":"https:\/\/radioinfinitagoya.com.ar\/v1\/?p=226532"},"modified":"2026-09-01T16:29:45","modified_gmt":"2026-09-01T19:29:45","slug":"javier-milei-hablara-el-jueves-por-cadena-nacional-sobre-el-tema-malvinas","status":"publish","type":"post","link":"https:\/\/radioinfinitagoya.com.ar\/v1\/2026\/09\/01\/javier-milei-hablara-el-jueves-por-cadena-nacional-sobre-el-tema-malvinas\/","title":{"rendered":"Javier Milei hablar\u00e1 el jueves por cadena nacional sobre el tema Malvinas"},"content":{"rendered":"<p>En medio de las versiones sobre una quita del apoyo de Trump a Gran Breta\u00f1a y un posible respaldo al reclamo de soberan\u00eda de Argentina sobre las islas, el Presidente anticip\u00f3 la decisi\u00f3n en la reuni\u00f3n de Gabinete de este martes.<\/p>\n<p>El presidente Javier Milei encabez\u00f3 este martes una nueva reuni\u00f3n del Gabinete en Casa Rosada, en la que seg\u00fan se inform\u00f3 oficialmente, &#8220;repas\u00f3 los logros del plan econ\u00f3mico del Gobierno&#8221; y las pol\u00edticas que llevan adelante los diferentes ministerios, as\u00ed como &#8220;el avance diplom\u00e1tico en materia de defensa de la soberan\u00eda de las Islas Malvinas&#8221;.<\/p>\n<p>Durante el encuentro, que comenz\u00f3 a las 10 y culmin\u00f3 minutos despu\u00e9s de las 12:30 en el Sal\u00f3n Eva Per\u00f3n, el jefe de Estado analiz\u00f3 la &#8220;evoluci\u00f3n de los indicadores que dan cuenta del mercado laboral, la baja de la tasa de inflaci\u00f3n y el proceso de crecimiento de la econom\u00eda&#8221;.<\/p>\n<p>En este punto, &#8220;se tom\u00f3 como referencia el art\u00edculo publicado, el \u00faltimo fin de semana, por el ministro de Desregulaci\u00f3n y Transformaci\u00f3n del Estado, Federico Sturzenegger, quien busc\u00f3 contrastar los resultados de la gesti\u00f3n frente a la informaci\u00f3n que publican los medios de comunicaci\u00f3n&#8221;, informaron a A24.com, desde la oficina de prensa de Presidencia.<\/p>\n<p>En la segunda parte de la reuni\u00f3n, fue el turno de la pol\u00edtica de relaciones exteriores, donde el canciller, Pablo Quirno, hizo un an\u00e1lisis sobre los avances diplom\u00e1ticos que lleva adelante en defensa de la soberan\u00eda de las islas Malvinas&#8221;. El anuncio se enmarca en el posible cambio de posici\u00f3n del gobierno de Donald Trump respecto a la cuesti\u00f3n Malvinas.<\/p>\n<p>En ese marco se inform\u00f3 que &#8220;el jueves por la noche&#8221;, tras regresar de un viaje rel\u00e1mpago a Chile, donde participar\u00e1 de una cumbre de presidentes de gobiernos de derecha en la regi\u00f3n, Milei regresar\u00e1 a la Casa Rosada para &#8220;realizar una cadena nacional donde brindar\u00e1 mayores detalles a la poblaci\u00f3n sobre el tema Malvinas&#8221;.<\/p>\n<p>En la reuni\u00f3n de Gabinete de este martes estuvieron presentes la secretaria general de la Presidencia, Karina Milei; el jefe de Gabinete, Diego Santilli; los ministros Federico Sturzenegger (Desregulaci\u00f3n); Alejandra Monteoliva (Seguridad Nacional); Carlos Presti (Defensa); Mario Lugones (Salud); Juan Bautista Mahiques (Justicia) y Pablo Quirno (Relaciones Exteriores, Comercio Internacional y Culto).<\/p>\n<p>Tambi\u00e9n asistieron el titular de la C\u00e1mara de Diputados, Mart\u00edn Menem; la senadora nacional Patricia Bullrich; el asesor presidencial Santiago Caputo; la secretaria de Legal y T\u00e9cnica, Mar\u00eda Ibarz\u00e1bal Murphy; el vocero presidencial, Adri\u00e1n Ravier; y el secretario de Comunicaci\u00f3n y Medios, Fabi\u00e1n Fern\u00e1ndez.<\/p>\n<p>Solo faltaron, con aviso, el ministro de Econom\u00eda, Luis Caputo, de gira en Estados Unidos para participar de la cumbre del G20, y la ministra de Capital Humano, Sandra Pettovello.<\/p>\n<p>La nueva advertencia de Trump al Reino Unido, que desat\u00f3 el optimismo en la Casa Rosada<\/p>\n<p>En una conferencia de prensa en la Casa Blanca el lunes, Trump dej\u00f3 abierta la posibilidad de revisar la posici\u00f3n de Washington sobre la soberan\u00eda del archipi\u00e9lago. Sus declaraciones se conocieron luego de versiones sobre una eventual presi\u00f3n a Londres para que aumente el gasto en defensa internacional, y aumente su aporte a la OTAN al 5% de su PBI, una presi\u00f3n similar que impulsa el norteamericano a todos los pa\u00edses de Europa.<\/p>\n<p>Consultado espec\u00edficamente sobre la posibilidad de que Washington retire su respaldo a la soberan\u00eda brit\u00e1nica sobre el archipi\u00e9lago, Trump respondi\u00f3 en el Sal\u00f3n Oval. \u201cSiempre reviso todas las posiciones. Esa es apenas una entre muchas\u201d, afirm\u00f3.<\/p>\n<p>En ese marco, en solo cuatro meses, el tema Malvinas volvi\u00f3 a ser usado por Trump para presionar a Gran Breta\u00f1a por los gastos de defensa de la OTAN.<\/p>\n<p>El primero fue meses atr\u00e1s, cuando se filtr\u00f3 una comunicaci\u00f3n interna del Pent\u00e1gono sobre un posible retiro del &#8220;respaldo o apoyo&#8221; de EE.UU. a su aliado europeo por la ocupaci\u00f3n de las islas del Atl\u00e1ntico sur.<\/p>\n<p>En ese momento, el primer ministro era el laborista Keir Starmer. Pero luego debi\u00f3 dejar su puesto y lo sucedi\u00f3 el laborista Andy Burham.<\/p>\n<p>Tras las declaraciones de Trump, el Reino Unido sali\u00f3 a responder. &#8220;Las islas Malvinas son brit\u00e1nicas y seguir\u00e1n siendo brit\u00e1nicas&#8221;, asegur\u00f3 John Healey, ministro de Econom\u00eda del Reino Unido, en declaraciones a The Times. &#8220;No hemos recibido &#8216;ninguna sugerencia&#8217; de los funcionarios de los Estados Unidos&#8221;, agreg\u00f3.<\/p>\n<p>En pocas palabras<\/p>\n<p>Javier Milei: Anunci\u00f3 cadena nacional para este jueves sobre las Islas Malvinas.<\/p>\n<p>Reuni\u00f3n de Gabinete: Se repasaron logros econ\u00f3micos y avances diplom\u00e1ticos.<\/p>\n<p>Soberan\u00eda Malvinas: Se destac\u00f3 el an\u00e1lisis del Canciller Pablo Quirno sobre la defensa del reclamo.<\/p>\n","protected":false},"excerpt":{"rendered":"<p>En medio de las versiones sobre una quita del apoyo de Trump a Gran Breta\u00f1a y un posible respaldo al reclamo de soberan\u00eda de Argentina sobre las islas, el Presidente anticip\u00f3 la decisi\u00f3n en la reuni\u00f3n de Gabinete de este martes. El presidente Javier Milei encabez\u00f3 este martes una nueva reuni\u00f3n del Gabinete en Casa [&hellip;]<\/p>\n","protected":false},"author":4,"featured_media":226533,"comment_status":"open","ping_status":"open","sticky":false,"template":"","format":"standard","meta":{"_joinchat":[],"footnotes":""},"categories":[29],"tags":[],"class_list":["post-226532","post","type-post","status-publish","format-standard","has-post-thumbnail","category-nacionales"],"yoast_head":"<!-- This site is optimized with the Yoast SEO plugin v27.7 - https:\/\/yoast.com\/product\/yoast-seo-wordpress\/ -->\n<title>Javier Milei hablar\u00e1 el jueves por cadena nacional sobre el tema Malvinas - Radio Infinita Goya<\/title>\n<meta name=\"description\" content=\"En medio de las versiones sobre una quita del apoyo de Trump a Gran Breta\u00f1a y un posible respaldo al reclamo de soberan\u00eda de Argentina sobre las islas, el\" \/>\n<meta name=\"robots\" content=\"index, follow, max-snippet:-1, max-image-preview:large, max-video-preview:-1\" \/>\n<link rel=\"canonical\" href=\"https:\/\/radioinfinitagoya.com.ar\/v1\/2026\/09\/01\/javier-milei-hablara-el-jueves-por-cadena-nacional-sobre-el-tema-malvinas\/\" \/>\n<meta property=\"og:locale\" content=\"es_ES\" \/>\n<meta property=\"og:type\" content=\"article\" \/>\n<meta property=\"og:title\" content=\"Javier Milei hablar\u00e1 el jueves por cadena nacional sobre el tema Malvinas - Radio Infinita Goya\" \/>\n<meta property=\"og:description\" content=\"En medio de las versiones sobre una quita del apoyo de Trump a Gran Breta\u00f1a y un posible respaldo al reclamo de soberan\u00eda de Argentina sobre las islas, el\" \/>\n<meta property=\"og:url\" content=\"https:\/\/radioinfinitagoya.com.ar\/v1\/2026\/09\/01\/javier-milei-hablara-el-jueves-por-cadena-nacional-sobre-el-tema-malvinas\/\" \/>\n<meta property=\"og:site_name\" content=\"Radio Infinita Goya\" \/>\n<meta property=\"article:publisher\" content=\"https:\/\/www.facebook.com\/p\/Infinita-Goya-100063870918311\/\" \/>\n<meta property=\"article:published_time\" content=\"2026-09-01T19:29:45+00:00\" \/>\n<meta property=\"og:image\" content=\"https:\/\/radioinfinitagoya.com.ar\/v1\/wp-content\/uploads\/2026\/09\/milei-reunion-gabinete-9-julio.webp\" \/>\n\t<meta property=\"og:image:width\" content=\"1200\" \/>\n\t<meta property=\"og:image:height\" content=\"675\" \/>\n\t<meta property=\"og:image:type\" content=\"image\/webp\" \/>\n<meta name=\"author\" content=\"Jorge Mi\u00f1o\" \/>\n<meta name=\"twitter:card\" content=\"summary_large_image\" \/>\n<meta name=\"twitter:label1\" content=\"Escrito por\" \/>\n\t<meta name=\"twitter:data1\" content=\"Jorge Mi\u00f1o\" \/>\n\t<meta name=\"twitter:label2\" content=\"Tiempo de lectura\" \/>\n\t<meta name=\"twitter:data2\" content=\"4 minutos\" \/>\n<script type=\"application\/ld+json\" class=\"yoast-schema-graph\">{\"@context\":\"https:\\\/\\\/schema.org\",\"@graph\":[{\"@type\":\"Article\",\"@id\":\"https:\\\/\\\/radioinfinitagoya.com.ar\\\/v1\\\/2026\\\/09\\\/01\\\/javier-milei-hablara-el-jueves-por-cadena-nacional-sobre-el-tema-malvinas\\\/#article\",\"isPartOf\":{\"@id\":\"https:\\\/\\\/radioinfinitagoya.com.ar\\\/v1\\\/2026\\\/09\\\/01\\\/javier-milei-hablara-el-jueves-por-cadena-nacional-sobre-el-tema-malvinas\\\/\"},\"author\":{\"name\":\"Jorge Mi\u00f1o\",\"@id\":\"https:\\\/\\\/radioinfinitagoya.com.ar\\\/v1\\\/#\\\/schema\\\/person\\\/d4cf9c413d4f6edb24aabdccab49ca4a\"},\"headline\":\"Javier Milei hablar\u00e1 el jueves por cadena nacional sobre el tema Malvinas\",\"datePublished\":\"2026-09-01T19:29:45+00:00\",\"mainEntityOfPage\":{\"@id\":\"https:\\\/\\\/radioinfinitagoya.com.ar\\\/v1\\\/2026\\\/09\\\/01\\\/javier-milei-hablara-el-jueves-por-cadena-nacional-sobre-el-tema-malvinas\\\/\"},\"wordCount\":825,\"commentCount\":0,\"publisher\":{\"@id\":\"https:\\\/\\\/radioinfinitagoya.com.ar\\\/v1\\\/#organization\"},\"image\":{\"@id\":\"https:\\\/\\\/radioinfinitagoya.com.ar\\\/v1\\\/2026\\\/09\\\/01\\\/javier-milei-hablara-el-jueves-por-cadena-nacional-sobre-el-tema-malvinas\\\/#primaryimage\"},\"thumbnailUrl\":\"https:\\\/\\\/radioinfinitagoya.com.ar\\\/v1\\\/wp-content\\\/uploads\\\/2026\\\/09\\\/milei-reunion-gabinete-9-julio.webp\",\"articleSection\":[\"NACIONALES\"],\"inLanguage\":\"es-AR\",\"potentialAction\":[{\"@type\":\"CommentAction\",\"name\":\"Comment\",\"target\":[\"https:\\\/\\\/radioinfinitagoya.com.ar\\\/v1\\\/2026\\\/09\\\/01\\\/javier-milei-hablara-el-jueves-por-cadena-nacional-sobre-el-tema-malvinas\\\/#respond\"]}]},{\"@type\":\"WebPage\",\"@id\":\"https:\\\/\\\/radioinfinitagoya.com.ar\\\/v1\\\/2026\\\/09\\\/01\\\/javier-milei-hablara-el-jueves-por-cadena-nacional-sobre-el-tema-malvinas\\\/\",\"url\":\"https:\\\/\\\/radioinfinitagoya.com.ar\\\/v1\\\/2026\\\/09\\\/01\\\/javier-milei-hablara-el-jueves-por-cadena-nacional-sobre-el-tema-malvinas\\\/\",\"name\":\"Javier Milei hablar\u00e1 el jueves por cadena nacional sobre el tema Malvinas - Radio Infinita Goya\",\"isPartOf\":{\"@id\":\"https:\\\/\\\/radioinfinitagoya.com.ar\\\/v1\\\/#website\"},\"primaryImageOfPage\":{\"@id\":\"https:\\\/\\\/radioinfinitagoya.com.ar\\\/v1\\\/2026\\\/09\\\/01\\\/javier-milei-hablara-el-jueves-por-cadena-nacional-sobre-el-tema-malvinas\\\/#primaryimage\"},\"image\":{\"@id\":\"https:\\\/\\\/radioinfinitagoya.com.ar\\\/v1\\\/2026\\\/09\\\/01\\\/javier-milei-hablara-el-jueves-por-cadena-nacional-sobre-el-tema-malvinas\\\/#primaryimage\"},\"thumbnailUrl\":\"https:\\\/\\\/radioinfinitagoya.com.ar\\\/v1\\\/wp-content\\\/uploads\\\/2026\\\/09\\\/milei-reunion-gabinete-9-julio.webp\",\"datePublished\":\"2026-09-01T19:29:45+00:00\",\"description\":\"En medio de las versiones sobre una quita del apoyo de Trump a Gran Breta\u00f1a y un posible respaldo al reclamo de soberan\u00eda de Argentina sobre las islas, el\",\"breadcrumb\":{\"@id\":\"https:\\\/\\\/radioinfinitagoya.com.ar\\\/v1\\\/2026\\\/09\\\/01\\\/javier-milei-hablara-el-jueves-por-cadena-nacional-sobre-el-tema-malvinas\\\/#breadcrumb\"},\"inLanguage\":\"es-AR\",\"potentialAction\":[{\"@type\":\"ReadAction\",\"target\":[\"https:\\\/\\\/radioinfinitagoya.com.ar\\\/v1\\\/2026\\\/09\\\/01\\\/javier-milei-hablara-el-jueves-por-cadena-nacional-sobre-el-tema-malvinas\\\/\"]}]},{\"@type\":\"ImageObject\",\"inLanguage\":\"es-AR\",\"@id\":\"https:\\\/\\\/radioinfinitagoya.com.ar\\\/v1\\\/2026\\\/09\\\/01\\\/javier-milei-hablara-el-jueves-por-cadena-nacional-sobre-el-tema-malvinas\\\/#primaryimage\",\"url\":\"https:\\\/\\\/radioinfinitagoya.com.ar\\\/v1\\\/wp-content\\\/uploads\\\/2026\\\/09\\\/milei-reunion-gabinete-9-julio.webp\",\"contentUrl\":\"https:\\\/\\\/radioinfinitagoya.com.ar\\\/v1\\\/wp-content\\\/uploads\\\/2026\\\/09\\\/milei-reunion-gabinete-9-julio.webp\",\"width\":1200,\"height\":675},{\"@type\":\"BreadcrumbList\",\"@id\":\"https:\\\/\\\/radioinfinitagoya.com.ar\\\/v1\\\/2026\\\/09\\\/01\\\/javier-milei-hablara-el-jueves-por-cadena-nacional-sobre-el-tema-malvinas\\\/#breadcrumb\",\"itemListElement\":[{\"@type\":\"ListItem\",\"position\":1,\"name\":\"Inicio\",\"item\":\"https:\\\/\\\/radioinfinitagoya.com.ar\\\/v1\\\/\"},{\"@type\":\"ListItem\",\"position\":2,\"name\":\"Javier Milei hablar\u00e1 el jueves por cadena nacional sobre el tema Malvinas\"}]},{\"@type\":\"WebSite\",\"@id\":\"https:\\\/\\\/radioinfinitagoya.com.ar\\\/v1\\\/#website\",\"url\":\"https:\\\/\\\/radioinfinitagoya.com.ar\\\/v1\\\/\",\"name\":\"radioinfinitagoya.com.ar\",\"description\":\"Radio de noticias\",\"publisher\":{\"@id\":\"https:\\\/\\\/radioinfinitagoya.com.ar\\\/v1\\\/#organization\"},\"potentialAction\":[{\"@type\":\"SearchAction\",\"target\":{\"@type\":\"EntryPoint\",\"urlTemplate\":\"https:\\\/\\\/radioinfinitagoya.com.ar\\\/v1\\\/?s={search_term_string}\"},\"query-input\":{\"@type\":\"PropertyValueSpecification\",\"valueRequired\":true,\"valueName\":\"search_term_string\"}}],\"inLanguage\":\"es-AR\"},{\"@type\":\"Organization\",\"@id\":\"https:\\\/\\\/radioinfinitagoya.com.ar\\\/v1\\\/#organization\",\"name\":\"Radio Infinita Goya\",\"url\":\"https:\\\/\\\/radioinfinitagoya.com.ar\\\/v1\\\/\",\"logo\":{\"@type\":\"ImageObject\",\"inLanguage\":\"es-AR\",\"@id\":\"https:\\\/\\\/radioinfinitagoya.com.ar\\\/v1\\\/#\\\/schema\\\/logo\\\/image\\\/\",\"url\":\"https:\\\/\\\/radioinfinitagoya.com.ar\\\/v1\\\/wp-content\\\/uploads\\\/2019\\\/11\\\/logo-pie-web.png\",\"contentUrl\":\"https:\\\/\\\/radioinfinitagoya.com.ar\\\/v1\\\/wp-content\\\/uploads\\\/2019\\\/11\\\/logo-pie-web.png\",\"width\":635,\"height\":326,\"caption\":\"Radio Infinita Goya\"},\"image\":{\"@id\":\"https:\\\/\\\/radioinfinitagoya.com.ar\\\/v1\\\/#\\\/schema\\\/logo\\\/image\\\/\"},\"sameAs\":[\"https:\\\/\\\/www.facebook.com\\\/p\\\/Infinita-Goya-100063870918311\\\/\"]},{\"@type\":\"Person\",\"@id\":\"https:\\\/\\\/radioinfinitagoya.com.ar\\\/v1\\\/#\\\/schema\\\/person\\\/d4cf9c413d4f6edb24aabdccab49ca4a\",\"name\":\"Jorge Mi\u00f1o\",\"image\":{\"@type\":\"ImageObject\",\"inLanguage\":\"es-AR\",\"@id\":\"https:\\\/\\\/secure.gravatar.com\\\/avatar\\\/910fcf6728fe95320e07a6643c1581fec1c7fc4bf8ae12e3d8f0d0373dc844be?s=96&d=mm&r=g\",\"url\":\"https:\\\/\\\/secure.gravatar.com\\\/avatar\\\/910fcf6728fe95320e07a6643c1581fec1c7fc4bf8ae12e3d8f0d0373dc844be?s=96&d=mm&r=g\",\"contentUrl\":\"https:\\\/\\\/secure.gravatar.com\\\/avatar\\\/910fcf6728fe95320e07a6643c1581fec1c7fc4bf8ae12e3d8f0d0373dc844be?s=96&d=mm&r=g\",\"caption\":\"Jorge Mi\u00f1o\"},\"sameAs\":[\"http:\\\/\\\/radioinfinitagoya.com.ar\"]}]}<\/script>\n<!-- \/ Yoast SEO plugin. -->","yoast_head_json":{"title":"Javier Milei hablar\u00e1 el jueves por cadena nacional sobre el tema Malvinas - Radio Infinita Goya","description":"En medio de las versiones sobre una quita del apoyo de Trump a Gran Breta\u00f1a y un posible respaldo al reclamo de soberan\u00eda de Argentina sobre las islas, el","robots":{"index":"index","follow":"follow","max-snippet":"max-snippet:-1","max-image-preview":"max-image-preview:large","max-video-preview":"max-video-preview:-1"},"canonical":"https:\/\/radioinfinitagoya.com.ar\/v1\/2026\/09\/01\/javier-milei-hablara-el-jueves-por-cadena-nacional-sobre-el-tema-malvinas\/","og_locale":"es_ES","og_type":"article","og_title":"Javier Milei hablar\u00e1 el jueves por cadena nacional sobre el tema Malvinas - Radio Infinita Goya","og_description":"En medio de las versiones sobre una quita del apoyo de Trump a Gran Breta\u00f1a y un posible respaldo al reclamo de soberan\u00eda de Argentina sobre las islas, el","og_url":"https:\/\/radioinfinitagoya.com.ar\/v1\/2026\/09\/01\/javier-milei-hablara-el-jueves-por-cadena-nacional-sobre-el-tema-malvinas\/","og_site_name":"Radio Infinita Goya","article_publisher":"https:\/\/www.facebook.com\/p\/Infinita-Goya-100063870918311\/","article_published_time":"2026-09-01T19:29:45+00:00","og_image":[{"width":1200,"height":675,"url":"https:\/\/radioinfinitagoya.com.ar\/v1\/wp-content\/uploads\/2026\/09\/milei-reunion-gabinete-9-julio.webp","type":"image\/webp"}],"author":"Jorge Mi\u00f1o","twitter_card":"summary_large_image","twitter_misc":{"Escrito por":"Jorge Mi\u00f1o","Tiempo de lectura":"4 minutos"},"schema":{"@context":"https:\/\/schema.org","@graph":[{"@type":"Article","@id":"https:\/\/radioinfinitagoya.com.ar\/v1\/2026\/09\/01\/javier-milei-hablara-el-jueves-por-cadena-nacional-sobre-el-tema-malvinas\/#article","isPartOf":{"@id":"https:\/\/radioinfinitagoya.com.ar\/v1\/2026\/09\/01\/javier-milei-hablara-el-jueves-por-cadena-nacional-sobre-el-tema-malvinas\/"},"author":{"name":"Jorge Mi\u00f1o","@id":"https:\/\/radioinfinitagoya.com.ar\/v1\/#\/schema\/person\/d4cf9c413d4f6edb24aabdccab49ca4a"},"headline":"Javier Milei hablar\u00e1 el jueves por cadena nacional sobre el tema Malvinas","datePublished":"2026-09-01T19:29:45+00:00","mainEntityOfPage":{"@id":"https:\/\/radioinfinitagoya.com.ar\/v1\/2026\/09\/01\/javier-milei-hablara-el-jueves-por-cadena-nacional-sobre-el-tema-malvinas\/"},"wordCount":825,"commentCount":0,"publisher":{"@id":"https:\/\/radioinfinitagoya.com.ar\/v1\/#organization"},"image":{"@id":"https:\/\/radioinfinitagoya.com.ar\/v1\/2026\/09\/01\/javier-milei-hablara-el-jueves-por-cadena-nacional-sobre-el-tema-malvinas\/#primaryimage"},"thumbnailUrl":"https:\/\/radioinfinitagoya.com.ar\/v1\/wp-content\/uploads\/2026\/09\/milei-reunion-gabinete-9-julio.webp","articleSection":["NACIONALES"],"inLanguage":"es-AR","potentialAction":[{"@type":"CommentAction","name":"Comment","target":["https:\/\/radioinfinitagoya.com.ar\/v1\/2026\/09\/01\/javier-milei-hablara-el-jueves-por-cadena-nacional-sobre-el-tema-malvinas\/#respond"]}]},{"@type":"WebPage","@id":"https:\/\/radioinfinitagoya.com.ar\/v1\/2026\/09\/01\/javier-milei-hablara-el-jueves-por-cadena-nacional-sobre-el-tema-malvinas\/","url":"https:\/\/radioinfinitagoya.com.ar\/v1\/2026\/09\/01\/javier-milei-hablara-el-jueves-por-cadena-nacional-sobre-el-tema-malvinas\/","name":"Javier Milei hablar\u00e1 el jueves por cadena nacional sobre el tema Malvinas - Radio Infinita Goya","isPartOf":{"@id":"https:\/\/radioinfinitagoya.com.ar\/v1\/#website"},"primaryImageOfPage":{"@id":"https:\/\/radioinfinitagoya.com.ar\/v1\/2026\/09\/01\/javier-milei-hablara-el-jueves-por-cadena-nacional-sobre-el-tema-malvinas\/#primaryimage"},"image":{"@id":"https:\/\/radioinfinitagoya.com.ar\/v1\/2026\/09\/01\/javier-milei-hablara-el-jueves-por-cadena-nacional-sobre-el-tema-malvinas\/#primaryimage"},"thumbnailUrl":"https:\/\/radioinfinitagoya.com.ar\/v1\/wp-content\/uploads\/2026\/09\/milei-reunion-gabinete-9-julio.webp","datePublished":"2026-09-01T19:29:45+00:00","description":"En medio de las versiones sobre una quita del apoyo de Trump a Gran Breta\u00f1a y un posible respaldo al reclamo de soberan\u00eda de Argentina sobre las islas, el","breadcrumb":{"@id":"https:\/\/radioinfinitagoya.com.ar\/v1\/2026\/09\/01\/javier-milei-hablara-el-jueves-por-cadena-nacional-sobre-el-tema-malvinas\/#breadcrumb"},"inLanguage":"es-AR","potentialAction":[{"@type":"ReadAction","target":["https:\/\/radioinfinitagoya.com.ar\/v1\/2026\/09\/01\/javier-milei-hablara-el-jueves-por-cadena-nacional-sobre-el-tema-malvinas\/"]}]},{"@type":"ImageObject","inLanguage":"es-AR","@id":"https:\/\/radioinfinitagoya.com.ar\/v1\/2026\/09\/01\/javier-milei-hablara-el-jueves-por-cadena-nacional-sobre-el-tema-malvinas\/#primaryimage","url":"https:\/\/radioinfinitagoya.com.ar\/v1\/wp-content\/uploads\/2026\/09\/milei-reunion-gabinete-9-julio.webp","contentUrl":"https:\/\/radioinfinitagoya.com.ar\/v1\/wp-content\/uploads\/2026\/09\/milei-reunion-gabinete-9-julio.webp","width":1200,"height":675},{"@type":"BreadcrumbList","@id":"https:\/\/radioinfinitagoya.com.ar\/v1\/2026\/09\/01\/javier-milei-hablara-el-jueves-por-cadena-nacional-sobre-el-tema-malvinas\/#breadcrumb","itemListElement":[{"@type":"ListItem","position":1,"name":"Inicio","item":"https:\/\/radioinfinitagoya.com.ar\/v1\/"},{"@type":"ListItem","position":2,"name":"Javier Milei hablar\u00e1 el jueves por cadena nacional sobre el tema Malvinas"}]},{"@type":"WebSite","@id":"https:\/\/radioinfinitagoya.com.ar\/v1\/#website","url":"https:\/\/radioinfinitagoya.com.ar\/v1\/","name":"radioinfinitagoya.com.ar","description":"Radio de noticias","publisher":{"@id":"https:\/\/radioinfinitagoya.com.ar\/v1\/#organization"},"potentialAction":[{"@type":"SearchAction","target":{"@type":"EntryPoint","urlTemplate":"https:\/\/radioinfinitagoya.com.ar\/v1\/?s={search_term_string}"},"query-input":{"@type":"PropertyValueSpecification","valueRequired":true,"valueName":"search_term_string"}}],"inLanguage":"es-AR"},{"@type":"Organization","@id":"https:\/\/radioinfinitagoya.com.ar\/v1\/#organization","name":"Radio Infinita Goya","url":"https:\/\/radioinfinitagoya.com.ar\/v1\/","logo":{"@type":"ImageObject","inLanguage":"es-AR","@id":"https:\/\/radioinfinitagoya.com.ar\/v1\/#\/schema\/logo\/image\/","url":"https:\/\/radioinfinitagoya.com.ar\/v1\/wp-content\/uploads\/2019\/11\/logo-pie-web.png","contentUrl":"https:\/\/radioinfinitagoya.com.ar\/v1\/wp-content\/uploads\/2019\/11\/logo-pie-web.png","width":635,"height":326,"caption":"Radio Infinita Goya"},"image":{"@id":"https:\/\/radioinfinitagoya.com.ar\/v1\/#\/schema\/logo\/image\/"},"sameAs":["https:\/\/www.facebook.com\/p\/Infinita-Goya-100063870918311\/"]},{"@type":"Person","@id":"https:\/\/radioinfinitagoya.com.ar\/v1\/#\/schema\/person\/d4cf9c413d4f6edb24aabdccab49ca4a","name":"Jorge Mi\u00f1o","image":{"@type":"ImageObject","inLanguage":"es-AR","@id":"https:\/\/secure.gravatar.com\/avatar\/910fcf6728fe95320e07a6643c1581fec1c7fc4bf8ae12e3d8f0d0373dc844be?s=96&d=mm&r=g","url":"https:\/\/secure.gravatar.com\/avatar\/910fcf6728fe95320e07a6643c1581fec1c7fc4bf8ae12e3d8f0d0373dc844be?s=96&d=mm&r=g","contentUrl":"https:\/\/secure.gravatar.com\/avatar\/910fcf6728fe95320e07a6643c1581fec1c7fc4bf8ae12e3d8f0d0373dc844be?s=96&d=mm&r=g","caption":"Jorge Mi\u00f1o"},"sameAs":["http:\/\/radioinfinitagoya.com.ar"]}]}},"_links":{"self":[{"href":"https:\/\/radioinfinitagoya.com.ar\/v1\/wp-json\/wp\/v2\/posts\/226532","targetHints":{"allow":["GET"]}}],"collection":[{"href":"https:\/\/radioinfinitagoya.com.ar\/v1\/wp-json\/wp\/v2\/posts"}],"about":[{"href":"https:\/\/radioinfinitagoya.com.ar\/v1\/wp-json\/wp\/v2\/types\/post"}],"author":[{"embeddable":true,"href":"https:\/\/radioinfinitagoya.com.ar\/v1\/wp-json\/wp\/v2\/users\/4"}],"replies":[{"embeddable":true,"href":"https:\/\/radioinfinitagoya.com.ar\/v1\/wp-json\/wp\/v2\/comments?post=226532"}],"version-history":[{"count":1,"href":"https:\/\/radioinfinitagoya.com.ar\/v1\/wp-json\/wp\/v2\/posts\/226532\/revisions"}],"predecessor-version":[{"id":226534,"href":"https:\/\/radioinfinitagoya.com.ar\/v1\/wp-json\/wp\/v2\/posts\/226532\/revisions\/226534"}],"wp:featuredmedia":[{"embeddable":true,"href":"https:\/\/radioinfinitagoya.com.ar\/v1\/wp-json\/wp\/v2\/media\/226533"}],"wp:attachment":[{"href":"https:\/\/radioinfinitagoya.com.ar\/v1\/wp-json\/wp\/v2\/media?parent=226532"}],"wp:term":[{"taxonomy":"category","embeddable":true,"href":"https:\/\/radioinfinitagoya.com.ar\/v1\/wp-json\/wp\/v2\/categories?post=226532"},{"taxonomy":"post_tag","embeddable":true,"href":"https:\/\/radioinfinitagoya.com.ar\/v1\/wp-json\/wp\/v2\/tags?post=226532"}],"curies":[{"name":"wp","href":"https:\/\/api.w.org\/{rel}","templated":true}]}}