{"id":226536,"date":"2026-09-02T12:51:37","date_gmt":"2026-09-02T15:51:37","guid":{"rendered":"https:\/\/radioinfinitagoya.com.ar\/v1\/?p=226536"},"modified":"2026-09-02T12:51:37","modified_gmt":"2026-09-02T15:51:37","slug":"el-ciclismo-goyano-con-nombre-propio","status":"publish","type":"post","link":"https:\/\/radioinfinitagoya.com.ar\/v1\/2026\/09\/02\/el-ciclismo-goyano-con-nombre-propio\/","title":{"rendered":"El ciclismo goyano con nombre propio"},"content":{"rendered":"<p>Nicol\u00e1s y Jazm\u00edn Almada brillaron en la competencia Copa Santa Fe, realizada el fin de semana en Reconquista.<\/p>\n<p>La Copa Santa Fe de Ciclismo de Pista en Reconquista, Santa Fe, reuni\u00f3 a destacados ciclistas de varias provincias, con el correntino, oriundo de Goya, Nicol\u00e1s Almada y la local Martina Aquino como principales protagonistas de la jornada.<\/p>\n<p>El vel\u00f3dromo \u201cAroldo Pitog\u00fce D\u00edaz\u201d reuni\u00f3 a ciclistas de Santa Fe, Chaco, Corrientes y Misiones. Desde las 11 del domingo, la jornada deportiva se inici\u00f3 con las pruebas de scratch de las damas elite y junior. Desde las 12 fue el turno de los varones en las categor\u00edas elite y junior. Y m\u00e1s tarde, comenzaron las carreras puntuables, con la participaci\u00f3n de las distintas categor\u00edas hasta el cierre final, a las 16, con la premiaci\u00f3n de los ganadores.<\/p>\n<p>En la competencia de Elite y Juniors Varones, el triunfo qued\u00f3 en manos del juvenil de Goya Nicol\u00e1s Almada, que se dio el gusto de ocupar el lugar m\u00e1s alto del podio.<\/p>\n<p>El segundo puesto fue para Federico Dalmazo, de Rafaela y tercero se ubic\u00f3 el correntino de Capital, L\u00e1zaro Escalante.<\/p>\n<p>En la categor\u00eda General Damas, la reconqu\u00edstense Martina Aquino consigui\u00f3 el primer puesto, apenas una semana despu\u00e9s de haber alcanzado el subcampeonato en el Campeonato Argentino.<\/p>\n<p>GOYANAS DESTACADAS<\/p>\n<p>El podio femenino se complet\u00f3 con Sonia Vanessa Ferrara, de Goya, Corrientes, en el segundo lugar, y Jazm\u00edn Almada, tambi\u00e9n de Goya, tercera. Mientras, Romina Stebner, de Juan Jos\u00e9 Castelli, Chaco, termin\u00f3 cuarta.<\/p>\n<p>Vale mencionar que Jazm\u00edn result\u00f3 2da en su categor\u00eda (Especial Damas Junior).<\/p>\n<p>La joven deportista cursa sus estudios secundarios en el Colegio \u201cGregoria Morales\u201d. Desde la instituci\u00f3n educativa compartieron la alegr\u00eda, en los siguientes t\u00e9rminos y desde las redes oficiales del colegio: \u201cFelicitaciones por todos sus logros y por representar no solo al colegio, tambi\u00e9n a nuestra localidad. Muchas gracias al Profe Armando G\u00f3mez por acompa\u00f1arla\u201d.<\/p>\n<p>Direcci\u00f3n de Prensa &#8211; Municipalidad de Goya<\/p>\n<p>&nbsp;<\/p>\n","protected":false},"excerpt":{"rendered":"<p>Nicol\u00e1s y Jazm\u00edn Almada brillaron en la competencia Copa Santa Fe, realizada el fin de semana en Reconquista. La Copa Santa Fe de Ciclismo de Pista en Reconquista, Santa Fe, reuni\u00f3 a destacados ciclistas de varias provincias, con el correntino, oriundo de Goya, Nicol\u00e1s Almada y la local Martina Aquino como principales protagonistas de la [&hellip;]<\/p>\n","protected":false},"author":4,"featured_media":226537,"comment_status":"open","ping_status":"open","sticky":false,"template":"","format":"standard","meta":{"_joinchat":[],"footnotes":""},"categories":[27],"tags":[],"class_list":["post-226536","post","type-post","status-publish","format-standard","has-post-thumbnail","category-locales"],"yoast_head":"<!-- This site is optimized with the Yoast SEO plugin v27.7 - https:\/\/yoast.com\/product\/yoast-seo-wordpress\/ -->\n<title>El ciclismo goyano con nombre propio - Radio Infinita Goya<\/title>\n<meta name=\"description\" content=\"Nicol\u00e1s y Jazm\u00edn Almada brillaron en la competencia Copa Santa Fe, realizada el fin de semana en Reconquista. La Copa Santa Fe de Ciclismo de Pista en\" \/>\n<meta name=\"robots\" content=\"index, follow, max-snippet:-1, max-image-preview:large, max-video-preview:-1\" \/>\n<link rel=\"canonical\" href=\"https:\/\/radioinfinitagoya.com.ar\/v1\/2026\/09\/02\/el-ciclismo-goyano-con-nombre-propio\/\" \/>\n<meta property=\"og:locale\" content=\"es_ES\" \/>\n<meta property=\"og:type\" content=\"article\" \/>\n<meta property=\"og:title\" content=\"El ciclismo goyano con nombre propio - Radio Infinita Goya\" \/>\n<meta property=\"og:description\" content=\"Nicol\u00e1s y Jazm\u00edn Almada brillaron en la competencia Copa Santa Fe, realizada el fin de semana en Reconquista. La Copa Santa Fe de Ciclismo de Pista en\" \/>\n<meta property=\"og:url\" content=\"https:\/\/radioinfinitagoya.com.ar\/v1\/2026\/09\/02\/el-ciclismo-goyano-con-nombre-propio\/\" \/>\n<meta property=\"og:site_name\" content=\"Radio Infinita Goya\" \/>\n<meta property=\"article:publisher\" content=\"https:\/\/www.facebook.com\/p\/Infinita-Goya-100063870918311\/\" \/>\n<meta property=\"article:published_time\" content=\"2026-09-02T15:51:37+00:00\" \/>\n<meta property=\"og:image\" content=\"https:\/\/radioinfinitagoya.com.ar\/v1\/wp-content\/uploads\/2026\/09\/copa_santa_fe_de_ciclismo_excelente_perfomance_de_hermanos_almada_3_nicol.jpg\" \/>\n\t<meta property=\"og:image:width\" content=\"848\" \/>\n\t<meta property=\"og:image:height\" content=\"477\" \/>\n\t<meta property=\"og:image:type\" content=\"image\/jpeg\" \/>\n<meta name=\"author\" content=\"Jorge Mi\u00f1o\" \/>\n<meta name=\"twitter:card\" content=\"summary_large_image\" \/>\n<meta name=\"twitter:label1\" content=\"Escrito por\" \/>\n\t<meta name=\"twitter:data1\" content=\"Jorge Mi\u00f1o\" \/>\n\t<meta name=\"twitter:label2\" content=\"Tiempo de lectura\" \/>\n\t<meta name=\"twitter:data2\" content=\"2 minutos\" \/>\n<script type=\"application\/ld+json\" class=\"yoast-schema-graph\">{\"@context\":\"https:\\\/\\\/schema.org\",\"@graph\":[{\"@type\":\"Article\",\"@id\":\"https:\\\/\\\/radioinfinitagoya.com.ar\\\/v1\\\/2026\\\/09\\\/02\\\/el-ciclismo-goyano-con-nombre-propio\\\/#article\",\"isPartOf\":{\"@id\":\"https:\\\/\\\/radioinfinitagoya.com.ar\\\/v1\\\/2026\\\/09\\\/02\\\/el-ciclismo-goyano-con-nombre-propio\\\/\"},\"author\":{\"name\":\"Jorge Mi\u00f1o\",\"@id\":\"https:\\\/\\\/radioinfinitagoya.com.ar\\\/v1\\\/#\\\/schema\\\/person\\\/d4cf9c413d4f6edb24aabdccab49ca4a\"},\"headline\":\"El ciclismo goyano con nombre propio\",\"datePublished\":\"2026-09-02T15:51:37+00:00\",\"mainEntityOfPage\":{\"@id\":\"https:\\\/\\\/radioinfinitagoya.com.ar\\\/v1\\\/2026\\\/09\\\/02\\\/el-ciclismo-goyano-con-nombre-propio\\\/\"},\"wordCount\":351,\"commentCount\":0,\"publisher\":{\"@id\":\"https:\\\/\\\/radioinfinitagoya.com.ar\\\/v1\\\/#organization\"},\"image\":{\"@id\":\"https:\\\/\\\/radioinfinitagoya.com.ar\\\/v1\\\/2026\\\/09\\\/02\\\/el-ciclismo-goyano-con-nombre-propio\\\/#primaryimage\"},\"thumbnailUrl\":\"https:\\\/\\\/radioinfinitagoya.com.ar\\\/v1\\\/wp-content\\\/uploads\\\/2026\\\/09\\\/copa_santa_fe_de_ciclismo_excelente_perfomance_de_hermanos_almada_3_nicol.jpg\",\"articleSection\":[\"LOCALES\"],\"inLanguage\":\"es-AR\",\"potentialAction\":[{\"@type\":\"CommentAction\",\"name\":\"Comment\",\"target\":[\"https:\\\/\\\/radioinfinitagoya.com.ar\\\/v1\\\/2026\\\/09\\\/02\\\/el-ciclismo-goyano-con-nombre-propio\\\/#respond\"]}]},{\"@type\":\"WebPage\",\"@id\":\"https:\\\/\\\/radioinfinitagoya.com.ar\\\/v1\\\/2026\\\/09\\\/02\\\/el-ciclismo-goyano-con-nombre-propio\\\/\",\"url\":\"https:\\\/\\\/radioinfinitagoya.com.ar\\\/v1\\\/2026\\\/09\\\/02\\\/el-ciclismo-goyano-con-nombre-propio\\\/\",\"name\":\"El ciclismo goyano con nombre propio - Radio Infinita Goya\",\"isPartOf\":{\"@id\":\"https:\\\/\\\/radioinfinitagoya.com.ar\\\/v1\\\/#website\"},\"primaryImageOfPage\":{\"@id\":\"https:\\\/\\\/radioinfinitagoya.com.ar\\\/v1\\\/2026\\\/09\\\/02\\\/el-ciclismo-goyano-con-nombre-propio\\\/#primaryimage\"},\"image\":{\"@id\":\"https:\\\/\\\/radioinfinitagoya.com.ar\\\/v1\\\/2026\\\/09\\\/02\\\/el-ciclismo-goyano-con-nombre-propio\\\/#primaryimage\"},\"thumbnailUrl\":\"https:\\\/\\\/radioinfinitagoya.com.ar\\\/v1\\\/wp-content\\\/uploads\\\/2026\\\/09\\\/copa_santa_fe_de_ciclismo_excelente_perfomance_de_hermanos_almada_3_nicol.jpg\",\"datePublished\":\"2026-09-02T15:51:37+00:00\",\"description\":\"Nicol\u00e1s y Jazm\u00edn Almada brillaron en la competencia Copa Santa Fe, realizada el fin de semana en Reconquista. La Copa Santa Fe de Ciclismo de Pista en\",\"breadcrumb\":{\"@id\":\"https:\\\/\\\/radioinfinitagoya.com.ar\\\/v1\\\/2026\\\/09\\\/02\\\/el-ciclismo-goyano-con-nombre-propio\\\/#breadcrumb\"},\"inLanguage\":\"es-AR\",\"potentialAction\":[{\"@type\":\"ReadAction\",\"target\":[\"https:\\\/\\\/radioinfinitagoya.com.ar\\\/v1\\\/2026\\\/09\\\/02\\\/el-ciclismo-goyano-con-nombre-propio\\\/\"]}]},{\"@type\":\"ImageObject\",\"inLanguage\":\"es-AR\",\"@id\":\"https:\\\/\\\/radioinfinitagoya.com.ar\\\/v1\\\/2026\\\/09\\\/02\\\/el-ciclismo-goyano-con-nombre-propio\\\/#primaryimage\",\"url\":\"https:\\\/\\\/radioinfinitagoya.com.ar\\\/v1\\\/wp-content\\\/uploads\\\/2026\\\/09\\\/copa_santa_fe_de_ciclismo_excelente_perfomance_de_hermanos_almada_3_nicol.jpg\",\"contentUrl\":\"https:\\\/\\\/radioinfinitagoya.com.ar\\\/v1\\\/wp-content\\\/uploads\\\/2026\\\/09\\\/copa_santa_fe_de_ciclismo_excelente_perfomance_de_hermanos_almada_3_nicol.jpg\",\"width\":848,\"height\":477},{\"@type\":\"BreadcrumbList\",\"@id\":\"https:\\\/\\\/radioinfinitagoya.com.ar\\\/v1\\\/2026\\\/09\\\/02\\\/el-ciclismo-goyano-con-nombre-propio\\\/#breadcrumb\",\"itemListElement\":[{\"@type\":\"ListItem\",\"position\":1,\"name\":\"Inicio\",\"item\":\"https:\\\/\\\/radioinfinitagoya.com.ar\\\/v1\\\/\"},{\"@type\":\"ListItem\",\"position\":2,\"name\":\"El ciclismo goyano con nombre propio\"}]},{\"@type\":\"WebSite\",\"@id\":\"https:\\\/\\\/radioinfinitagoya.com.ar\\\/v1\\\/#website\",\"url\":\"https:\\\/\\\/radioinfinitagoya.com.ar\\\/v1\\\/\",\"name\":\"radioinfinitagoya.com.ar\",\"description\":\"Radio de noticias\",\"publisher\":{\"@id\":\"https:\\\/\\\/radioinfinitagoya.com.ar\\\/v1\\\/#organization\"},\"potentialAction\":[{\"@type\":\"SearchAction\",\"target\":{\"@type\":\"EntryPoint\",\"urlTemplate\":\"https:\\\/\\\/radioinfinitagoya.com.ar\\\/v1\\\/?s={search_term_string}\"},\"query-input\":{\"@type\":\"PropertyValueSpecification\",\"valueRequired\":true,\"valueName\":\"search_term_string\"}}],\"inLanguage\":\"es-AR\"},{\"@type\":\"Organization\",\"@id\":\"https:\\\/\\\/radioinfinitagoya.com.ar\\\/v1\\\/#organization\",\"name\":\"Radio Infinita Goya\",\"url\":\"https:\\\/\\\/radioinfinitagoya.com.ar\\\/v1\\\/\",\"logo\":{\"@type\":\"ImageObject\",\"inLanguage\":\"es-AR\",\"@id\":\"https:\\\/\\\/radioinfinitagoya.com.ar\\\/v1\\\/#\\\/schema\\\/logo\\\/image\\\/\",\"url\":\"https:\\\/\\\/radioinfinitagoya.com.ar\\\/v1\\\/wp-content\\\/uploads\\\/2019\\\/11\\\/logo-pie-web.png\",\"contentUrl\":\"https:\\\/\\\/radioinfinitagoya.com.ar\\\/v1\\\/wp-content\\\/uploads\\\/2019\\\/11\\\/logo-pie-web.png\",\"width\":635,\"height\":326,\"caption\":\"Radio Infinita Goya\"},\"image\":{\"@id\":\"https:\\\/\\\/radioinfinitagoya.com.ar\\\/v1\\\/#\\\/schema\\\/logo\\\/image\\\/\"},\"sameAs\":[\"https:\\\/\\\/www.facebook.com\\\/p\\\/Infinita-Goya-100063870918311\\\/\"]},{\"@type\":\"Person\",\"@id\":\"https:\\\/\\\/radioinfinitagoya.com.ar\\\/v1\\\/#\\\/schema\\\/person\\\/d4cf9c413d4f6edb24aabdccab49ca4a\",\"name\":\"Jorge Mi\u00f1o\",\"image\":{\"@type\":\"ImageObject\",\"inLanguage\":\"es-AR\",\"@id\":\"https:\\\/\\\/secure.gravatar.com\\\/avatar\\\/910fcf6728fe95320e07a6643c1581fec1c7fc4bf8ae12e3d8f0d0373dc844be?s=96&d=mm&r=g\",\"url\":\"https:\\\/\\\/secure.gravatar.com\\\/avatar\\\/910fcf6728fe95320e07a6643c1581fec1c7fc4bf8ae12e3d8f0d0373dc844be?s=96&d=mm&r=g\",\"contentUrl\":\"https:\\\/\\\/secure.gravatar.com\\\/avatar\\\/910fcf6728fe95320e07a6643c1581fec1c7fc4bf8ae12e3d8f0d0373dc844be?s=96&d=mm&r=g\",\"caption\":\"Jorge Mi\u00f1o\"},\"sameAs\":[\"http:\\\/\\\/radioinfinitagoya.com.ar\"]}]}<\/script>\n<!-- \/ Yoast SEO plugin. -->","yoast_head_json":{"title":"El ciclismo goyano con nombre propio - Radio Infinita Goya","description":"Nicol\u00e1s y Jazm\u00edn Almada brillaron en la competencia Copa Santa Fe, realizada el fin de semana en Reconquista. La Copa Santa Fe de Ciclismo de Pista en","robots":{"index":"index","follow":"follow","max-snippet":"max-snippet:-1","max-image-preview":"max-image-preview:large","max-video-preview":"max-video-preview:-1"},"canonical":"https:\/\/radioinfinitagoya.com.ar\/v1\/2026\/09\/02\/el-ciclismo-goyano-con-nombre-propio\/","og_locale":"es_ES","og_type":"article","og_title":"El ciclismo goyano con nombre propio - Radio Infinita Goya","og_description":"Nicol\u00e1s y Jazm\u00edn Almada brillaron en la competencia Copa Santa Fe, realizada el fin de semana en Reconquista. La Copa Santa Fe de Ciclismo de Pista en","og_url":"https:\/\/radioinfinitagoya.com.ar\/v1\/2026\/09\/02\/el-ciclismo-goyano-con-nombre-propio\/","og_site_name":"Radio Infinita Goya","article_publisher":"https:\/\/www.facebook.com\/p\/Infinita-Goya-100063870918311\/","article_published_time":"2026-09-02T15:51:37+00:00","og_image":[{"width":848,"height":477,"url":"https:\/\/radioinfinitagoya.com.ar\/v1\/wp-content\/uploads\/2026\/09\/copa_santa_fe_de_ciclismo_excelente_perfomance_de_hermanos_almada_3_nicol.jpg","type":"image\/jpeg"}],"author":"Jorge Mi\u00f1o","twitter_card":"summary_large_image","twitter_misc":{"Escrito por":"Jorge Mi\u00f1o","Tiempo de lectura":"2 minutos"},"schema":{"@context":"https:\/\/schema.org","@graph":[{"@type":"Article","@id":"https:\/\/radioinfinitagoya.com.ar\/v1\/2026\/09\/02\/el-ciclismo-goyano-con-nombre-propio\/#article","isPartOf":{"@id":"https:\/\/radioinfinitagoya.com.ar\/v1\/2026\/09\/02\/el-ciclismo-goyano-con-nombre-propio\/"},"author":{"name":"Jorge Mi\u00f1o","@id":"https:\/\/radioinfinitagoya.com.ar\/v1\/#\/schema\/person\/d4cf9c413d4f6edb24aabdccab49ca4a"},"headline":"El ciclismo goyano con nombre propio","datePublished":"2026-09-02T15:51:37+00:00","mainEntityOfPage":{"@id":"https:\/\/radioinfinitagoya.com.ar\/v1\/2026\/09\/02\/el-ciclismo-goyano-con-nombre-propio\/"},"wordCount":351,"commentCount":0,"publisher":{"@id":"https:\/\/radioinfinitagoya.com.ar\/v1\/#organization"},"image":{"@id":"https:\/\/radioinfinitagoya.com.ar\/v1\/2026\/09\/02\/el-ciclismo-goyano-con-nombre-propio\/#primaryimage"},"thumbnailUrl":"https:\/\/radioinfinitagoya.com.ar\/v1\/wp-content\/uploads\/2026\/09\/copa_santa_fe_de_ciclismo_excelente_perfomance_de_hermanos_almada_3_nicol.jpg","articleSection":["LOCALES"],"inLanguage":"es-AR","potentialAction":[{"@type":"CommentAction","name":"Comment","target":["https:\/\/radioinfinitagoya.com.ar\/v1\/2026\/09\/02\/el-ciclismo-goyano-con-nombre-propio\/#respond"]}]},{"@type":"WebPage","@id":"https:\/\/radioinfinitagoya.com.ar\/v1\/2026\/09\/02\/el-ciclismo-goyano-con-nombre-propio\/","url":"https:\/\/radioinfinitagoya.com.ar\/v1\/2026\/09\/02\/el-ciclismo-goyano-con-nombre-propio\/","name":"El ciclismo goyano con nombre propio - Radio Infinita Goya","isPartOf":{"@id":"https:\/\/radioinfinitagoya.com.ar\/v1\/#website"},"primaryImageOfPage":{"@id":"https:\/\/radioinfinitagoya.com.ar\/v1\/2026\/09\/02\/el-ciclismo-goyano-con-nombre-propio\/#primaryimage"},"image":{"@id":"https:\/\/radioinfinitagoya.com.ar\/v1\/2026\/09\/02\/el-ciclismo-goyano-con-nombre-propio\/#primaryimage"},"thumbnailUrl":"https:\/\/radioinfinitagoya.com.ar\/v1\/wp-content\/uploads\/2026\/09\/copa_santa_fe_de_ciclismo_excelente_perfomance_de_hermanos_almada_3_nicol.jpg","datePublished":"2026-09-02T15:51:37+00:00","description":"Nicol\u00e1s y Jazm\u00edn Almada brillaron en la competencia Copa Santa Fe, realizada el fin de semana en Reconquista. La Copa Santa Fe de Ciclismo de Pista en","breadcrumb":{"@id":"https:\/\/radioinfinitagoya.com.ar\/v1\/2026\/09\/02\/el-ciclismo-goyano-con-nombre-propio\/#breadcrumb"},"inLanguage":"es-AR","potentialAction":[{"@type":"ReadAction","target":["https:\/\/radioinfinitagoya.com.ar\/v1\/2026\/09\/02\/el-ciclismo-goyano-con-nombre-propio\/"]}]},{"@type":"ImageObject","inLanguage":"es-AR","@id":"https:\/\/radioinfinitagoya.com.ar\/v1\/2026\/09\/02\/el-ciclismo-goyano-con-nombre-propio\/#primaryimage","url":"https:\/\/radioinfinitagoya.com.ar\/v1\/wp-content\/uploads\/2026\/09\/copa_santa_fe_de_ciclismo_excelente_perfomance_de_hermanos_almada_3_nicol.jpg","contentUrl":"https:\/\/radioinfinitagoya.com.ar\/v1\/wp-content\/uploads\/2026\/09\/copa_santa_fe_de_ciclismo_excelente_perfomance_de_hermanos_almada_3_nicol.jpg","width":848,"height":477},{"@type":"BreadcrumbList","@id":"https:\/\/radioinfinitagoya.com.ar\/v1\/2026\/09\/02\/el-ciclismo-goyano-con-nombre-propio\/#breadcrumb","itemListElement":[{"@type":"ListItem","position":1,"name":"Inicio","item":"https:\/\/radioinfinitagoya.com.ar\/v1\/"},{"@type":"ListItem","position":2,"name":"El ciclismo goyano con nombre propio"}]},{"@type":"WebSite","@id":"https:\/\/radioinfinitagoya.com.ar\/v1\/#website","url":"https:\/\/radioinfinitagoya.com.ar\/v1\/","name":"radioinfinitagoya.com.ar","description":"Radio de noticias","publisher":{"@id":"https:\/\/radioinfinitagoya.com.ar\/v1\/#organization"},"potentialAction":[{"@type":"SearchAction","target":{"@type":"EntryPoint","urlTemplate":"https:\/\/radioinfinitagoya.com.ar\/v1\/?s={search_term_string}"},"query-input":{"@type":"PropertyValueSpecification","valueRequired":true,"valueName":"search_term_string"}}],"inLanguage":"es-AR"},{"@type":"Organization","@id":"https:\/\/radioinfinitagoya.com.ar\/v1\/#organization","name":"Radio Infinita Goya","url":"https:\/\/radioinfinitagoya.com.ar\/v1\/","logo":{"@type":"ImageObject","inLanguage":"es-AR","@id":"https:\/\/radioinfinitagoya.com.ar\/v1\/#\/schema\/logo\/image\/","url":"https:\/\/radioinfinitagoya.com.ar\/v1\/wp-content\/uploads\/2019\/11\/logo-pie-web.png","contentUrl":"https:\/\/radioinfinitagoya.com.ar\/v1\/wp-content\/uploads\/2019\/11\/logo-pie-web.png","width":635,"height":326,"caption":"Radio Infinita Goya"},"image":{"@id":"https:\/\/radioinfinitagoya.com.ar\/v1\/#\/schema\/logo\/image\/"},"sameAs":["https:\/\/www.facebook.com\/p\/Infinita-Goya-100063870918311\/"]},{"@type":"Person","@id":"https:\/\/radioinfinitagoya.com.ar\/v1\/#\/schema\/person\/d4cf9c413d4f6edb24aabdccab49ca4a","name":"Jorge Mi\u00f1o","image":{"@type":"ImageObject","inLanguage":"es-AR","@id":"https:\/\/secure.gravatar.com\/avatar\/910fcf6728fe95320e07a6643c1581fec1c7fc4bf8ae12e3d8f0d0373dc844be?s=96&d=mm&r=g","url":"https:\/\/secure.gravatar.com\/avatar\/910fcf6728fe95320e07a6643c1581fec1c7fc4bf8ae12e3d8f0d0373dc844be?s=96&d=mm&r=g","contentUrl":"https:\/\/secure.gravatar.com\/avatar\/910fcf6728fe95320e07a6643c1581fec1c7fc4bf8ae12e3d8f0d0373dc844be?s=96&d=mm&r=g","caption":"Jorge Mi\u00f1o"},"sameAs":["http:\/\/radioinfinitagoya.com.ar"]}]}},"_links":{"self":[{"href":"https:\/\/radioinfinitagoya.com.ar\/v1\/wp-json\/wp\/v2\/posts\/226536","targetHints":{"allow":["GET"]}}],"collection":[{"href":"https:\/\/radioinfinitagoya.com.ar\/v1\/wp-json\/wp\/v2\/posts"}],"about":[{"href":"https:\/\/radioinfinitagoya.com.ar\/v1\/wp-json\/wp\/v2\/types\/post"}],"author":[{"embeddable":true,"href":"https:\/\/radioinfinitagoya.com.ar\/v1\/wp-json\/wp\/v2\/users\/4"}],"replies":[{"embeddable":true,"href":"https:\/\/radioinfinitagoya.com.ar\/v1\/wp-json\/wp\/v2\/comments?post=226536"}],"version-history":[{"count":2,"href":"https:\/\/radioinfinitagoya.com.ar\/v1\/wp-json\/wp\/v2\/posts\/226536\/revisions"}],"predecessor-version":[{"id":226539,"href":"https:\/\/radioinfinitagoya.com.ar\/v1\/wp-json\/wp\/v2\/posts\/226536\/revisions\/226539"}],"wp:featuredmedia":[{"embeddable":true,"href":"https:\/\/radioinfinitagoya.com.ar\/v1\/wp-json\/wp\/v2\/media\/226537"}],"wp:attachment":[{"href":"https:\/\/radioinfinitagoya.com.ar\/v1\/wp-json\/wp\/v2\/media?parent=226536"}],"wp:term":[{"taxonomy":"category","embeddable":true,"href":"https:\/\/radioinfinitagoya.com.ar\/v1\/wp-json\/wp\/v2\/categories?post=226536"},{"taxonomy":"post_tag","embeddable":true,"href":"https:\/\/radioinfinitagoya.com.ar\/v1\/wp-json\/wp\/v2\/tags?post=226536"}],"curies":[{"name":"wp","href":"https:\/\/api.w.org\/{rel}","templated":true}]}}