{"id":226543,"date":"2026-09-02T12:59:43","date_gmt":"2026-09-02T15:59:43","guid":{"rendered":"https:\/\/radioinfinitagoya.com.ar\/v1\/?p=226543"},"modified":"2026-09-02T12:59:43","modified_gmt":"2026-09-02T15:59:43","slug":"abultada-agenda-educativa-en-el-mes-de-la-educacion","status":"publish","type":"post","link":"https:\/\/radioinfinitagoya.com.ar\/v1\/2026\/09\/02\/abultada-agenda-educativa-en-el-mes-de-la-educacion\/","title":{"rendered":"Abultada agenda educativa en el &#8220;Mes de la Educaci\u00f3n&#8221;"},"content":{"rendered":"<p>La secretaria de Educaci\u00f3n Sonia Espina, en contacto con Radio Ciudad, habl\u00f3 de las distintas actividades que tiene previsto llevar adelante su \u00e1rea en estos d\u00edas. La agenda contiene charlas tem\u00e1ticas, cursos, becas, actividades culturales y el acompa\u00f1amiento en la organizaci\u00f3n de la pr\u00f3xima Estudiantina.<\/p>\n<p>Coment\u00f3 que se vienen comunicando con directivos de escuelas primarias, secundarias y tambi\u00e9n del nivel inicial, para seguir trabajando en forma conjunta con la propuesta educativa. Por eso, casi todas las semanas se organizan charlas, tanto desde la propia Secretar\u00eda y desde el ITG, como tambi\u00e9n desde otras \u00e1reas del municipio.<\/p>\n<p>CHARLAS INFORMATIVAS Y PREVENTIVAS DEL FEN\u00d3MENO DEL \u201cNI\u00d1O\u201d<\/p>\n<p>La funcionaria expres\u00f3 que \u201cpor indicaci\u00f3n del intendente Mariano Hormaechea se est\u00e1n realizando charlas de prevenci\u00f3n sobre el fen\u00f3meno de El Ni\u00f1o, con la presencia del administrador del PRODEGO, Gustavo Gabiassi, y del secretario de Desarrollo Humano, Julio Canteros. Esta semana se brind\u00f3 en la Escuela N\u00b0 511 \u201cPrefectura Naval Argentina\u201d, y est\u00e1 previsto continuar en las escuelas 601 y 207, adem\u00e1s de otros pedidos que siguen llegando\u201d.<\/p>\n<p>SEGURIDAD DIGITAL Y VIAL<\/p>\n<p>La secretaria indic\u00f3 en la entrevista: \u201cse brind\u00f3 charla sobre seguridad digital en la Escuela Profesional \u201cG\u00fcemes de Tejada\u201d, y esta semana contin\u00faan las de seguridad vial en otros establecimientos educativos\u201d.<\/p>\n<p>COLABORACI\u00d3N DE LAS ESCUELAS MUNICIPALES<\/p>\n<p>Ante la consulta del trabajo y colaboraci\u00f3n de las escuelas municipales, asegur\u00f3: \u201csiempre est\u00e1n activas\u201d, y ejemplific\u00f3 con la colaboraci\u00f3n con los colegios secundarios en la organizaci\u00f3n de la estudiantina interna, particularmente lo relativo a elecci\u00f3n de reyes de la instituci\u00f3n, ayudando con peinado y maquillaje de las postulantes, as\u00ed como los intercolegiales.<\/p>\n<p>\u201cLa Escuela Municipal de Artes Pl\u00e1sticas particip\u00f3 del festejo del D\u00eda del Ni\u00f1o y adem\u00e1s organiz\u00f3 sus propias actividades en dos s\u00e1bados distintos, para agasajar a los ni\u00f1os que asisten a la escuela de arte\u201d, agreg\u00f3.<\/p>\n<p>\u201cEl ITG tambi\u00e9n tiene su agenda en marcha: se presentan varios cursos cortos y particip\u00f3 el s\u00e1bado por la tarde en \u201cGoya Conecta\u201d, indic\u00f3 finalmente.<\/p>\n<p>RELACI\u00d3N INSTITUCIONAL CON CASAS DE ESTUDIOS SUPERIORES<\/p>\n<p>Para este s\u00e1bado anunci\u00f3 dos actividades importantes. Por un lado, \u201cse presentar\u00e1 la Licenciatura en Educaci\u00f3n, en un acto encabezado por el intendente Mariano Hormaechea, junto a la Fundaci\u00f3n \u00c1gora. All\u00ed se volver\u00e1n a entregar becas para que docentes puedan cursar la carrera. Ese mismo s\u00e1bado llegar\u00e1n profesionales de las Facultades de Medicina y Odontolog\u00eda para brindar atenci\u00f3n en la ciudad, acompa\u00f1ados por el equipo de Educaci\u00f3n\u201d.<\/p>\n<p>D\u00cdA DEL MAESTRO<\/p>\n<p>En el di\u00e1logo radial, puntualiz\u00f3 las actividades para recordar el d\u00eda del maestro: \u201cEl 11 de septiembre, en el acto va a participar la Escuela Municipal y una propuesta de una escuela primaria para cantar el Himno Nacional en lengua de se\u00f1as\u201d. Adem\u00e1s, adelant\u00f3 que durante septiembre se realizar\u00e1 el acto de reconocimiento a los docentes destacados.<\/p>\n<p>ESTUDIANTINA 2026<\/p>\n<p>La Estudiantina, organizada por la UCESG junto al Consejo de Rectores y con acompa\u00f1amiento de la Municipalidad, se har\u00e1 los d\u00edas 18, 19 y 20 de septiembre, en el predio \u201cCampo Amigo\u201d.<\/p>\n<p>Al respecto, Sonia Espina precis\u00f3 que \u201cel municipio acompa\u00f1a con recursos para que sea accesible, con limpieza y con personal de salud para cuidar a los chicos\u201d.<\/p>\n<p>Direcci\u00f3n de Prensa &#8211; Municipalidad de Goya<\/p>\n<p>&nbsp;<\/p>\n","protected":false},"excerpt":{"rendered":"<p>La secretaria de Educaci\u00f3n Sonia Espina, en contacto con Radio Ciudad, habl\u00f3 de las distintas actividades que tiene previsto llevar adelante su \u00e1rea en estos d\u00edas. La agenda contiene charlas tem\u00e1ticas, cursos, becas, actividades culturales y el acompa\u00f1amiento en la organizaci\u00f3n de la pr\u00f3xima Estudiantina. Coment\u00f3 que se vienen comunicando con directivos de escuelas primarias, [&hellip;]<\/p>\n","protected":false},"author":4,"featured_media":226544,"comment_status":"open","ping_status":"open","sticky":false,"template":"","format":"standard","meta":{"_joinchat":[],"footnotes":""},"categories":[27],"tags":[],"class_list":["post-226543","post","type-post","status-publish","format-standard","has-post-thumbnail","category-locales"],"yoast_head":"<!-- This site is optimized with the Yoast SEO plugin v27.7 - https:\/\/yoast.com\/product\/yoast-seo-wordpress\/ -->\n<title>Abultada agenda educativa en el &quot;Mes de la Educaci\u00f3n&quot; - Radio Infinita Goya<\/title>\n<meta name=\"description\" content=\"La secretaria de Educaci\u00f3n Sonia Espina, en contacto con Radio Ciudad, habl\u00f3 de las distintas actividades que tiene previsto llevar adelante su \u00e1rea en\" \/>\n<meta name=\"robots\" content=\"index, follow, max-snippet:-1, max-image-preview:large, max-video-preview:-1\" \/>\n<link rel=\"canonical\" href=\"https:\/\/radioinfinitagoya.com.ar\/v1\/2026\/09\/02\/abultada-agenda-educativa-en-el-mes-de-la-educacion\/\" \/>\n<meta property=\"og:locale\" content=\"es_ES\" \/>\n<meta property=\"og:type\" content=\"article\" \/>\n<meta property=\"og:title\" content=\"Abultada agenda educativa en el &quot;Mes de la Educaci\u00f3n&quot; - Radio Infinita Goya\" \/>\n<meta property=\"og:description\" content=\"La secretaria de Educaci\u00f3n Sonia Espina, en contacto con Radio Ciudad, habl\u00f3 de las distintas actividades que tiene previsto llevar adelante su \u00e1rea en\" \/>\n<meta property=\"og:url\" content=\"https:\/\/radioinfinitagoya.com.ar\/v1\/2026\/09\/02\/abultada-agenda-educativa-en-el-mes-de-la-educacion\/\" \/>\n<meta property=\"og:site_name\" content=\"Radio Infinita Goya\" \/>\n<meta property=\"article:publisher\" content=\"https:\/\/www.facebook.com\/p\/Infinita-Goya-100063870918311\/\" \/>\n<meta property=\"article:published_time\" content=\"2026-09-02T15:59:43+00:00\" \/>\n<meta property=\"og:image\" content=\"https:\/\/radioinfinitagoya.com.ar\/v1\/wp-content\/uploads\/2026\/09\/ilustracion_nota_a_sonia_espina_estudianti.jpg\" \/>\n\t<meta property=\"og:image:width\" content=\"848\" \/>\n\t<meta property=\"og:image:height\" content=\"477\" \/>\n\t<meta property=\"og:image:type\" content=\"image\/jpeg\" \/>\n<meta name=\"author\" content=\"Jorge Mi\u00f1o\" \/>\n<meta name=\"twitter:card\" content=\"summary_large_image\" \/>\n<meta name=\"twitter:label1\" content=\"Escrito por\" \/>\n\t<meta name=\"twitter:data1\" content=\"Jorge Mi\u00f1o\" \/>\n\t<meta name=\"twitter:label2\" content=\"Tiempo de lectura\" \/>\n\t<meta name=\"twitter:data2\" content=\"3 minutos\" \/>\n<script type=\"application\/ld+json\" class=\"yoast-schema-graph\">{\"@context\":\"https:\\\/\\\/schema.org\",\"@graph\":[{\"@type\":\"Article\",\"@id\":\"https:\\\/\\\/radioinfinitagoya.com.ar\\\/v1\\\/2026\\\/09\\\/02\\\/abultada-agenda-educativa-en-el-mes-de-la-educacion\\\/#article\",\"isPartOf\":{\"@id\":\"https:\\\/\\\/radioinfinitagoya.com.ar\\\/v1\\\/2026\\\/09\\\/02\\\/abultada-agenda-educativa-en-el-mes-de-la-educacion\\\/\"},\"author\":{\"name\":\"Jorge Mi\u00f1o\",\"@id\":\"https:\\\/\\\/radioinfinitagoya.com.ar\\\/v1\\\/#\\\/schema\\\/person\\\/d4cf9c413d4f6edb24aabdccab49ca4a\"},\"headline\":\"Abultada agenda educativa en el &#8220;Mes de la Educaci\u00f3n&#8221;\",\"datePublished\":\"2026-09-02T15:59:43+00:00\",\"mainEntityOfPage\":{\"@id\":\"https:\\\/\\\/radioinfinitagoya.com.ar\\\/v1\\\/2026\\\/09\\\/02\\\/abultada-agenda-educativa-en-el-mes-de-la-educacion\\\/\"},\"wordCount\":585,\"commentCount\":0,\"publisher\":{\"@id\":\"https:\\\/\\\/radioinfinitagoya.com.ar\\\/v1\\\/#organization\"},\"image\":{\"@id\":\"https:\\\/\\\/radioinfinitagoya.com.ar\\\/v1\\\/2026\\\/09\\\/02\\\/abultada-agenda-educativa-en-el-mes-de-la-educacion\\\/#primaryimage\"},\"thumbnailUrl\":\"https:\\\/\\\/radioinfinitagoya.com.ar\\\/v1\\\/wp-content\\\/uploads\\\/2026\\\/09\\\/ilustracion_nota_a_sonia_espina_estudianti.jpg\",\"articleSection\":[\"LOCALES\"],\"inLanguage\":\"es-AR\",\"potentialAction\":[{\"@type\":\"CommentAction\",\"name\":\"Comment\",\"target\":[\"https:\\\/\\\/radioinfinitagoya.com.ar\\\/v1\\\/2026\\\/09\\\/02\\\/abultada-agenda-educativa-en-el-mes-de-la-educacion\\\/#respond\"]}]},{\"@type\":\"WebPage\",\"@id\":\"https:\\\/\\\/radioinfinitagoya.com.ar\\\/v1\\\/2026\\\/09\\\/02\\\/abultada-agenda-educativa-en-el-mes-de-la-educacion\\\/\",\"url\":\"https:\\\/\\\/radioinfinitagoya.com.ar\\\/v1\\\/2026\\\/09\\\/02\\\/abultada-agenda-educativa-en-el-mes-de-la-educacion\\\/\",\"name\":\"Abultada agenda educativa en el \\\"Mes de la Educaci\u00f3n\\\" - Radio Infinita Goya\",\"isPartOf\":{\"@id\":\"https:\\\/\\\/radioinfinitagoya.com.ar\\\/v1\\\/#website\"},\"primaryImageOfPage\":{\"@id\":\"https:\\\/\\\/radioinfinitagoya.com.ar\\\/v1\\\/2026\\\/09\\\/02\\\/abultada-agenda-educativa-en-el-mes-de-la-educacion\\\/#primaryimage\"},\"image\":{\"@id\":\"https:\\\/\\\/radioinfinitagoya.com.ar\\\/v1\\\/2026\\\/09\\\/02\\\/abultada-agenda-educativa-en-el-mes-de-la-educacion\\\/#primaryimage\"},\"thumbnailUrl\":\"https:\\\/\\\/radioinfinitagoya.com.ar\\\/v1\\\/wp-content\\\/uploads\\\/2026\\\/09\\\/ilustracion_nota_a_sonia_espina_estudianti.jpg\",\"datePublished\":\"2026-09-02T15:59:43+00:00\",\"description\":\"La secretaria de Educaci\u00f3n Sonia Espina, en contacto con Radio Ciudad, habl\u00f3 de las distintas actividades que tiene previsto llevar adelante su \u00e1rea en\",\"breadcrumb\":{\"@id\":\"https:\\\/\\\/radioinfinitagoya.com.ar\\\/v1\\\/2026\\\/09\\\/02\\\/abultada-agenda-educativa-en-el-mes-de-la-educacion\\\/#breadcrumb\"},\"inLanguage\":\"es-AR\",\"potentialAction\":[{\"@type\":\"ReadAction\",\"target\":[\"https:\\\/\\\/radioinfinitagoya.com.ar\\\/v1\\\/2026\\\/09\\\/02\\\/abultada-agenda-educativa-en-el-mes-de-la-educacion\\\/\"]}]},{\"@type\":\"ImageObject\",\"inLanguage\":\"es-AR\",\"@id\":\"https:\\\/\\\/radioinfinitagoya.com.ar\\\/v1\\\/2026\\\/09\\\/02\\\/abultada-agenda-educativa-en-el-mes-de-la-educacion\\\/#primaryimage\",\"url\":\"https:\\\/\\\/radioinfinitagoya.com.ar\\\/v1\\\/wp-content\\\/uploads\\\/2026\\\/09\\\/ilustracion_nota_a_sonia_espina_estudianti.jpg\",\"contentUrl\":\"https:\\\/\\\/radioinfinitagoya.com.ar\\\/v1\\\/wp-content\\\/uploads\\\/2026\\\/09\\\/ilustracion_nota_a_sonia_espina_estudianti.jpg\",\"width\":848,\"height\":477},{\"@type\":\"BreadcrumbList\",\"@id\":\"https:\\\/\\\/radioinfinitagoya.com.ar\\\/v1\\\/2026\\\/09\\\/02\\\/abultada-agenda-educativa-en-el-mes-de-la-educacion\\\/#breadcrumb\",\"itemListElement\":[{\"@type\":\"ListItem\",\"position\":1,\"name\":\"Inicio\",\"item\":\"https:\\\/\\\/radioinfinitagoya.com.ar\\\/v1\\\/\"},{\"@type\":\"ListItem\",\"position\":2,\"name\":\"Abultada agenda educativa en el &#8220;Mes de la Educaci\u00f3n&#8221;\"}]},{\"@type\":\"WebSite\",\"@id\":\"https:\\\/\\\/radioinfinitagoya.com.ar\\\/v1\\\/#website\",\"url\":\"https:\\\/\\\/radioinfinitagoya.com.ar\\\/v1\\\/\",\"name\":\"radioinfinitagoya.com.ar\",\"description\":\"Radio de noticias\",\"publisher\":{\"@id\":\"https:\\\/\\\/radioinfinitagoya.com.ar\\\/v1\\\/#organization\"},\"potentialAction\":[{\"@type\":\"SearchAction\",\"target\":{\"@type\":\"EntryPoint\",\"urlTemplate\":\"https:\\\/\\\/radioinfinitagoya.com.ar\\\/v1\\\/?s={search_term_string}\"},\"query-input\":{\"@type\":\"PropertyValueSpecification\",\"valueRequired\":true,\"valueName\":\"search_term_string\"}}],\"inLanguage\":\"es-AR\"},{\"@type\":\"Organization\",\"@id\":\"https:\\\/\\\/radioinfinitagoya.com.ar\\\/v1\\\/#organization\",\"name\":\"Radio Infinita Goya\",\"url\":\"https:\\\/\\\/radioinfinitagoya.com.ar\\\/v1\\\/\",\"logo\":{\"@type\":\"ImageObject\",\"inLanguage\":\"es-AR\",\"@id\":\"https:\\\/\\\/radioinfinitagoya.com.ar\\\/v1\\\/#\\\/schema\\\/logo\\\/image\\\/\",\"url\":\"https:\\\/\\\/radioinfinitagoya.com.ar\\\/v1\\\/wp-content\\\/uploads\\\/2019\\\/11\\\/logo-pie-web.png\",\"contentUrl\":\"https:\\\/\\\/radioinfinitagoya.com.ar\\\/v1\\\/wp-content\\\/uploads\\\/2019\\\/11\\\/logo-pie-web.png\",\"width\":635,\"height\":326,\"caption\":\"Radio Infinita Goya\"},\"image\":{\"@id\":\"https:\\\/\\\/radioinfinitagoya.com.ar\\\/v1\\\/#\\\/schema\\\/logo\\\/image\\\/\"},\"sameAs\":[\"https:\\\/\\\/www.facebook.com\\\/p\\\/Infinita-Goya-100063870918311\\\/\"]},{\"@type\":\"Person\",\"@id\":\"https:\\\/\\\/radioinfinitagoya.com.ar\\\/v1\\\/#\\\/schema\\\/person\\\/d4cf9c413d4f6edb24aabdccab49ca4a\",\"name\":\"Jorge Mi\u00f1o\",\"image\":{\"@type\":\"ImageObject\",\"inLanguage\":\"es-AR\",\"@id\":\"https:\\\/\\\/secure.gravatar.com\\\/avatar\\\/910fcf6728fe95320e07a6643c1581fec1c7fc4bf8ae12e3d8f0d0373dc844be?s=96&d=mm&r=g\",\"url\":\"https:\\\/\\\/secure.gravatar.com\\\/avatar\\\/910fcf6728fe95320e07a6643c1581fec1c7fc4bf8ae12e3d8f0d0373dc844be?s=96&d=mm&r=g\",\"contentUrl\":\"https:\\\/\\\/secure.gravatar.com\\\/avatar\\\/910fcf6728fe95320e07a6643c1581fec1c7fc4bf8ae12e3d8f0d0373dc844be?s=96&d=mm&r=g\",\"caption\":\"Jorge Mi\u00f1o\"},\"sameAs\":[\"http:\\\/\\\/radioinfinitagoya.com.ar\"]}]}<\/script>\n<!-- \/ Yoast SEO plugin. -->","yoast_head_json":{"title":"Abultada agenda educativa en el \"Mes de la Educaci\u00f3n\" - Radio Infinita Goya","description":"La secretaria de Educaci\u00f3n Sonia Espina, en contacto con Radio Ciudad, habl\u00f3 de las distintas actividades que tiene previsto llevar adelante su \u00e1rea en","robots":{"index":"index","follow":"follow","max-snippet":"max-snippet:-1","max-image-preview":"max-image-preview:large","max-video-preview":"max-video-preview:-1"},"canonical":"https:\/\/radioinfinitagoya.com.ar\/v1\/2026\/09\/02\/abultada-agenda-educativa-en-el-mes-de-la-educacion\/","og_locale":"es_ES","og_type":"article","og_title":"Abultada agenda educativa en el \"Mes de la Educaci\u00f3n\" - Radio Infinita Goya","og_description":"La secretaria de Educaci\u00f3n Sonia Espina, en contacto con Radio Ciudad, habl\u00f3 de las distintas actividades que tiene previsto llevar adelante su \u00e1rea en","og_url":"https:\/\/radioinfinitagoya.com.ar\/v1\/2026\/09\/02\/abultada-agenda-educativa-en-el-mes-de-la-educacion\/","og_site_name":"Radio Infinita Goya","article_publisher":"https:\/\/www.facebook.com\/p\/Infinita-Goya-100063870918311\/","article_published_time":"2026-09-02T15:59:43+00:00","og_image":[{"width":848,"height":477,"url":"https:\/\/radioinfinitagoya.com.ar\/v1\/wp-content\/uploads\/2026\/09\/ilustracion_nota_a_sonia_espina_estudianti.jpg","type":"image\/jpeg"}],"author":"Jorge Mi\u00f1o","twitter_card":"summary_large_image","twitter_misc":{"Escrito por":"Jorge Mi\u00f1o","Tiempo de lectura":"3 minutos"},"schema":{"@context":"https:\/\/schema.org","@graph":[{"@type":"Article","@id":"https:\/\/radioinfinitagoya.com.ar\/v1\/2026\/09\/02\/abultada-agenda-educativa-en-el-mes-de-la-educacion\/#article","isPartOf":{"@id":"https:\/\/radioinfinitagoya.com.ar\/v1\/2026\/09\/02\/abultada-agenda-educativa-en-el-mes-de-la-educacion\/"},"author":{"name":"Jorge Mi\u00f1o","@id":"https:\/\/radioinfinitagoya.com.ar\/v1\/#\/schema\/person\/d4cf9c413d4f6edb24aabdccab49ca4a"},"headline":"Abultada agenda educativa en el &#8220;Mes de la Educaci\u00f3n&#8221;","datePublished":"2026-09-02T15:59:43+00:00","mainEntityOfPage":{"@id":"https:\/\/radioinfinitagoya.com.ar\/v1\/2026\/09\/02\/abultada-agenda-educativa-en-el-mes-de-la-educacion\/"},"wordCount":585,"commentCount":0,"publisher":{"@id":"https:\/\/radioinfinitagoya.com.ar\/v1\/#organization"},"image":{"@id":"https:\/\/radioinfinitagoya.com.ar\/v1\/2026\/09\/02\/abultada-agenda-educativa-en-el-mes-de-la-educacion\/#primaryimage"},"thumbnailUrl":"https:\/\/radioinfinitagoya.com.ar\/v1\/wp-content\/uploads\/2026\/09\/ilustracion_nota_a_sonia_espina_estudianti.jpg","articleSection":["LOCALES"],"inLanguage":"es-AR","potentialAction":[{"@type":"CommentAction","name":"Comment","target":["https:\/\/radioinfinitagoya.com.ar\/v1\/2026\/09\/02\/abultada-agenda-educativa-en-el-mes-de-la-educacion\/#respond"]}]},{"@type":"WebPage","@id":"https:\/\/radioinfinitagoya.com.ar\/v1\/2026\/09\/02\/abultada-agenda-educativa-en-el-mes-de-la-educacion\/","url":"https:\/\/radioinfinitagoya.com.ar\/v1\/2026\/09\/02\/abultada-agenda-educativa-en-el-mes-de-la-educacion\/","name":"Abultada agenda educativa en el \"Mes de la Educaci\u00f3n\" - Radio Infinita Goya","isPartOf":{"@id":"https:\/\/radioinfinitagoya.com.ar\/v1\/#website"},"primaryImageOfPage":{"@id":"https:\/\/radioinfinitagoya.com.ar\/v1\/2026\/09\/02\/abultada-agenda-educativa-en-el-mes-de-la-educacion\/#primaryimage"},"image":{"@id":"https:\/\/radioinfinitagoya.com.ar\/v1\/2026\/09\/02\/abultada-agenda-educativa-en-el-mes-de-la-educacion\/#primaryimage"},"thumbnailUrl":"https:\/\/radioinfinitagoya.com.ar\/v1\/wp-content\/uploads\/2026\/09\/ilustracion_nota_a_sonia_espina_estudianti.jpg","datePublished":"2026-09-02T15:59:43+00:00","description":"La secretaria de Educaci\u00f3n Sonia Espina, en contacto con Radio Ciudad, habl\u00f3 de las distintas actividades que tiene previsto llevar adelante su \u00e1rea en","breadcrumb":{"@id":"https:\/\/radioinfinitagoya.com.ar\/v1\/2026\/09\/02\/abultada-agenda-educativa-en-el-mes-de-la-educacion\/#breadcrumb"},"inLanguage":"es-AR","potentialAction":[{"@type":"ReadAction","target":["https:\/\/radioinfinitagoya.com.ar\/v1\/2026\/09\/02\/abultada-agenda-educativa-en-el-mes-de-la-educacion\/"]}]},{"@type":"ImageObject","inLanguage":"es-AR","@id":"https:\/\/radioinfinitagoya.com.ar\/v1\/2026\/09\/02\/abultada-agenda-educativa-en-el-mes-de-la-educacion\/#primaryimage","url":"https:\/\/radioinfinitagoya.com.ar\/v1\/wp-content\/uploads\/2026\/09\/ilustracion_nota_a_sonia_espina_estudianti.jpg","contentUrl":"https:\/\/radioinfinitagoya.com.ar\/v1\/wp-content\/uploads\/2026\/09\/ilustracion_nota_a_sonia_espina_estudianti.jpg","width":848,"height":477},{"@type":"BreadcrumbList","@id":"https:\/\/radioinfinitagoya.com.ar\/v1\/2026\/09\/02\/abultada-agenda-educativa-en-el-mes-de-la-educacion\/#breadcrumb","itemListElement":[{"@type":"ListItem","position":1,"name":"Inicio","item":"https:\/\/radioinfinitagoya.com.ar\/v1\/"},{"@type":"ListItem","position":2,"name":"Abultada agenda educativa en el &#8220;Mes de la Educaci\u00f3n&#8221;"}]},{"@type":"WebSite","@id":"https:\/\/radioinfinitagoya.com.ar\/v1\/#website","url":"https:\/\/radioinfinitagoya.com.ar\/v1\/","name":"radioinfinitagoya.com.ar","description":"Radio de noticias","publisher":{"@id":"https:\/\/radioinfinitagoya.com.ar\/v1\/#organization"},"potentialAction":[{"@type":"SearchAction","target":{"@type":"EntryPoint","urlTemplate":"https:\/\/radioinfinitagoya.com.ar\/v1\/?s={search_term_string}"},"query-input":{"@type":"PropertyValueSpecification","valueRequired":true,"valueName":"search_term_string"}}],"inLanguage":"es-AR"},{"@type":"Organization","@id":"https:\/\/radioinfinitagoya.com.ar\/v1\/#organization","name":"Radio Infinita Goya","url":"https:\/\/radioinfinitagoya.com.ar\/v1\/","logo":{"@type":"ImageObject","inLanguage":"es-AR","@id":"https:\/\/radioinfinitagoya.com.ar\/v1\/#\/schema\/logo\/image\/","url":"https:\/\/radioinfinitagoya.com.ar\/v1\/wp-content\/uploads\/2019\/11\/logo-pie-web.png","contentUrl":"https:\/\/radioinfinitagoya.com.ar\/v1\/wp-content\/uploads\/2019\/11\/logo-pie-web.png","width":635,"height":326,"caption":"Radio Infinita Goya"},"image":{"@id":"https:\/\/radioinfinitagoya.com.ar\/v1\/#\/schema\/logo\/image\/"},"sameAs":["https:\/\/www.facebook.com\/p\/Infinita-Goya-100063870918311\/"]},{"@type":"Person","@id":"https:\/\/radioinfinitagoya.com.ar\/v1\/#\/schema\/person\/d4cf9c413d4f6edb24aabdccab49ca4a","name":"Jorge Mi\u00f1o","image":{"@type":"ImageObject","inLanguage":"es-AR","@id":"https:\/\/secure.gravatar.com\/avatar\/910fcf6728fe95320e07a6643c1581fec1c7fc4bf8ae12e3d8f0d0373dc844be?s=96&d=mm&r=g","url":"https:\/\/secure.gravatar.com\/avatar\/910fcf6728fe95320e07a6643c1581fec1c7fc4bf8ae12e3d8f0d0373dc844be?s=96&d=mm&r=g","contentUrl":"https:\/\/secure.gravatar.com\/avatar\/910fcf6728fe95320e07a6643c1581fec1c7fc4bf8ae12e3d8f0d0373dc844be?s=96&d=mm&r=g","caption":"Jorge Mi\u00f1o"},"sameAs":["http:\/\/radioinfinitagoya.com.ar"]}]}},"_links":{"self":[{"href":"https:\/\/radioinfinitagoya.com.ar\/v1\/wp-json\/wp\/v2\/posts\/226543","targetHints":{"allow":["GET"]}}],"collection":[{"href":"https:\/\/radioinfinitagoya.com.ar\/v1\/wp-json\/wp\/v2\/posts"}],"about":[{"href":"https:\/\/radioinfinitagoya.com.ar\/v1\/wp-json\/wp\/v2\/types\/post"}],"author":[{"embeddable":true,"href":"https:\/\/radioinfinitagoya.com.ar\/v1\/wp-json\/wp\/v2\/users\/4"}],"replies":[{"embeddable":true,"href":"https:\/\/radioinfinitagoya.com.ar\/v1\/wp-json\/wp\/v2\/comments?post=226543"}],"version-history":[{"count":1,"href":"https:\/\/radioinfinitagoya.com.ar\/v1\/wp-json\/wp\/v2\/posts\/226543\/revisions"}],"predecessor-version":[{"id":226545,"href":"https:\/\/radioinfinitagoya.com.ar\/v1\/wp-json\/wp\/v2\/posts\/226543\/revisions\/226545"}],"wp:featuredmedia":[{"embeddable":true,"href":"https:\/\/radioinfinitagoya.com.ar\/v1\/wp-json\/wp\/v2\/media\/226544"}],"wp:attachment":[{"href":"https:\/\/radioinfinitagoya.com.ar\/v1\/wp-json\/wp\/v2\/media?parent=226543"}],"wp:term":[{"taxonomy":"category","embeddable":true,"href":"https:\/\/radioinfinitagoya.com.ar\/v1\/wp-json\/wp\/v2\/categories?post=226543"},{"taxonomy":"post_tag","embeddable":true,"href":"https:\/\/radioinfinitagoya.com.ar\/v1\/wp-json\/wp\/v2\/tags?post=226543"}],"curies":[{"name":"wp","href":"https:\/\/api.w.org\/{rel}","templated":true}]}}