{"id":226552,"date":"2026-09-02T13:25:45","date_gmt":"2026-09-02T16:25:45","guid":{"rendered":"https:\/\/radioinfinitagoya.com.ar\/v1\/?p=226552"},"modified":"2026-09-02T13:25:45","modified_gmt":"2026-09-02T16:25:45","slug":"juan-pablo-valdes-viaja-a-misiones-para-una-cumbre-economica-que-cerrara-javier-milei","status":"publish","type":"post","link":"https:\/\/radioinfinitagoya.com.ar\/v1\/2026\/09\/02\/juan-pablo-valdes-viaja-a-misiones-para-una-cumbre-economica-que-cerrara-javier-milei\/","title":{"rendered":"Juan Pablo Vald\u00e9s viaja a Misiones para una cumbre econ\u00f3mica que cerrar\u00e1 Javier Milei"},"content":{"rendered":"<p>El gobernador de Corrientes participar\u00e1 de la Convenci\u00f3n Anual del Instituto Argentino de Ejecutivos de Finanzas. Compartir\u00e1 un panel con otros mandatarios de la regi\u00f3n.<\/p>\n<p>El gobernador Juan Pablo Vald\u00e9s viajar\u00e1 este viernes a Misiones para participar de la 47\u00aa Convenci\u00f3n Anual del Instituto Argentino de Ejecutivos de Finanzas (Iaef). El correntino integrar\u00e1 un panel en Puerto Iguaz\u00fa junto a otros mandatarios, mientras que el presidente Javier Milei cerrar\u00e1 la cumbre ante empresarios y referentes econ\u00f3micos.<\/p>\n<p>Vald\u00e9s compartir\u00e1 el panel con Hugo Passalacqua, de Misiones; Alfredo Cornejo, de Mendoza; y Ra\u00fal Jalil, de Catamarca. El encuentro en el hotel Loi Suites tambi\u00e9n estar\u00e1 atravesado por el rol de las provincias frente a las reformas econ\u00f3micas y productivas impulsadas por el Gobierno nacional.<\/p>\n<p>Durante su exposici\u00f3n, el gobernador correntino plantear\u00e1 la importancia de la oferta exportadora de la provincia. Tambi\u00e9n destacar\u00e1 los beneficios de la al\u00edcuota cero en ingresos brutos que aplica Corrientes.<\/p>\n<p>Adem\u00e1s, los mandatarios provinciales insistir\u00e1n con el tratamiento de la ley de Zona Fr\u00eda para la regi\u00f3n. A esto sumar\u00e1n el reclamo por una tarifa energ\u00e9tica diferenciada que contemple las temperaturas altas de la regi\u00f3n.<\/p>\n<p>La primera visita de Milei a Misiones<\/p>\n<p>Javier Milei llegar\u00e1 este viernes a Puerto Iguaz\u00fa para cerrar la cumbre econ\u00f3mica. Su exposici\u00f3n est\u00e1 prevista para las 18.15, luego del desarrollo de las distintas actividades programadas. Ser\u00e1 su primera visita a Misiones desde que asumi\u00f3 la presidencia.<\/p>\n<p>En di\u00e1logo con la prensa, Vald\u00e9s descart\u00f3 que tenga previsto mantener un encuentro con el presidente en Misiones. De esta manera, la participaci\u00f3n del mandatario correntino estar\u00e1 concentrada en el panel junto a sus pares provinciales.<\/p>\n<p>La Convenci\u00f3n es el m\u00e1s antiguo de los dos grandes eventos anuales del Iaef y, en esta edici\u00f3n, tambi\u00e9n estar\u00e1n tres ministros del gabinete nacional: Luis Caputo (Econom\u00eda), Federico Sturzenegger (Desregulaci\u00f3n y Transformaci\u00f3n del Estado) y Pablo Quirno (Relaciones Exteriores).<\/p>\n<p>El programa comenzar\u00e1 ma\u00f1ana con el vicepresidente del Banco Central, Vladimir Werning, y la exposici\u00f3n de Sturzenegger.<\/p>\n","protected":false},"excerpt":{"rendered":"<p>El gobernador de Corrientes participar\u00e1 de la Convenci\u00f3n Anual del Instituto Argentino de Ejecutivos de Finanzas. Compartir\u00e1 un panel con otros mandatarios de la regi\u00f3n. El gobernador Juan Pablo Vald\u00e9s viajar\u00e1 este viernes a Misiones para participar de la 47\u00aa Convenci\u00f3n Anual del Instituto Argentino de Ejecutivos de Finanzas (Iaef). El correntino integrar\u00e1 un panel [&hellip;]<\/p>\n","protected":false},"author":4,"featured_media":226553,"comment_status":"open","ping_status":"open","sticky":false,"template":"","format":"standard","meta":{"_joinchat":[],"footnotes":""},"categories":[31],"tags":[],"class_list":["post-226552","post","type-post","status-publish","format-standard","has-post-thumbnail","category-informacion-general"],"yoast_head":"<!-- This site is optimized with the Yoast SEO plugin v27.7 - https:\/\/yoast.com\/product\/yoast-seo-wordpress\/ -->\n<title>Juan Pablo Vald\u00e9s viaja a Misiones para una cumbre econ\u00f3mica que cerrar\u00e1 Javier Milei - Radio Infinita Goya<\/title>\n<meta name=\"description\" content=\"El gobernador de Corrientes participar\u00e1 de la Convenci\u00f3n Anual del Instituto Argentino de Ejecutivos de Finanzas. Compartir\u00e1 un panel con otros\" \/>\n<meta name=\"robots\" content=\"index, follow, max-snippet:-1, max-image-preview:large, max-video-preview:-1\" \/>\n<link rel=\"canonical\" href=\"https:\/\/radioinfinitagoya.com.ar\/v1\/2026\/09\/02\/juan-pablo-valdes-viaja-a-misiones-para-una-cumbre-economica-que-cerrara-javier-milei\/\" \/>\n<meta property=\"og:locale\" content=\"es_ES\" \/>\n<meta property=\"og:type\" content=\"article\" \/>\n<meta property=\"og:title\" content=\"Juan Pablo Vald\u00e9s viaja a Misiones para una cumbre econ\u00f3mica que cerrar\u00e1 Javier Milei - Radio Infinita Goya\" \/>\n<meta property=\"og:description\" content=\"El gobernador de Corrientes participar\u00e1 de la Convenci\u00f3n Anual del Instituto Argentino de Ejecutivos de Finanzas. Compartir\u00e1 un panel con otros\" \/>\n<meta property=\"og:url\" content=\"https:\/\/radioinfinitagoya.com.ar\/v1\/2026\/09\/02\/juan-pablo-valdes-viaja-a-misiones-para-una-cumbre-economica-que-cerrara-javier-milei\/\" \/>\n<meta property=\"og:site_name\" content=\"Radio Infinita Goya\" \/>\n<meta property=\"article:publisher\" content=\"https:\/\/www.facebook.com\/p\/Infinita-Goya-100063870918311\/\" \/>\n<meta property=\"article:published_time\" content=\"2026-09-02T16:25:45+00:00\" \/>\n<meta property=\"og:image\" content=\"https:\/\/radioinfinitagoya.com.ar\/v1\/wp-content\/uploads\/2026\/09\/1788349754599.webp\" \/>\n\t<meta property=\"og:image:width\" content=\"1200\" \/>\n\t<meta property=\"og:image:height\" content=\"675\" \/>\n\t<meta property=\"og:image:type\" content=\"image\/webp\" \/>\n<meta name=\"author\" content=\"Jorge Mi\u00f1o\" \/>\n<meta name=\"twitter:card\" content=\"summary_large_image\" \/>\n<meta name=\"twitter:label1\" content=\"Escrito por\" \/>\n\t<meta name=\"twitter:data1\" content=\"Jorge Mi\u00f1o\" \/>\n\t<meta name=\"twitter:label2\" content=\"Tiempo de lectura\" \/>\n\t<meta name=\"twitter:data2\" content=\"2 minutos\" \/>\n<script type=\"application\/ld+json\" class=\"yoast-schema-graph\">{\"@context\":\"https:\\\/\\\/schema.org\",\"@graph\":[{\"@type\":\"Article\",\"@id\":\"https:\\\/\\\/radioinfinitagoya.com.ar\\\/v1\\\/2026\\\/09\\\/02\\\/juan-pablo-valdes-viaja-a-misiones-para-una-cumbre-economica-que-cerrara-javier-milei\\\/#article\",\"isPartOf\":{\"@id\":\"https:\\\/\\\/radioinfinitagoya.com.ar\\\/v1\\\/2026\\\/09\\\/02\\\/juan-pablo-valdes-viaja-a-misiones-para-una-cumbre-economica-que-cerrara-javier-milei\\\/\"},\"author\":{\"name\":\"Jorge Mi\u00f1o\",\"@id\":\"https:\\\/\\\/radioinfinitagoya.com.ar\\\/v1\\\/#\\\/schema\\\/person\\\/d4cf9c413d4f6edb24aabdccab49ca4a\"},\"headline\":\"Juan Pablo Vald\u00e9s viaja a Misiones para una cumbre econ\u00f3mica que cerrar\u00e1 Javier Milei\",\"datePublished\":\"2026-09-02T16:25:45+00:00\",\"mainEntityOfPage\":{\"@id\":\"https:\\\/\\\/radioinfinitagoya.com.ar\\\/v1\\\/2026\\\/09\\\/02\\\/juan-pablo-valdes-viaja-a-misiones-para-una-cumbre-economica-que-cerrara-javier-milei\\\/\"},\"wordCount\":374,\"commentCount\":0,\"publisher\":{\"@id\":\"https:\\\/\\\/radioinfinitagoya.com.ar\\\/v1\\\/#organization\"},\"image\":{\"@id\":\"https:\\\/\\\/radioinfinitagoya.com.ar\\\/v1\\\/2026\\\/09\\\/02\\\/juan-pablo-valdes-viaja-a-misiones-para-una-cumbre-economica-que-cerrara-javier-milei\\\/#primaryimage\"},\"thumbnailUrl\":\"https:\\\/\\\/radioinfinitagoya.com.ar\\\/v1\\\/wp-content\\\/uploads\\\/2026\\\/09\\\/1788349754599.webp\",\"articleSection\":[\"INFORMACI\u00d3N GENERAL\"],\"inLanguage\":\"es-AR\",\"potentialAction\":[{\"@type\":\"CommentAction\",\"name\":\"Comment\",\"target\":[\"https:\\\/\\\/radioinfinitagoya.com.ar\\\/v1\\\/2026\\\/09\\\/02\\\/juan-pablo-valdes-viaja-a-misiones-para-una-cumbre-economica-que-cerrara-javier-milei\\\/#respond\"]}]},{\"@type\":\"WebPage\",\"@id\":\"https:\\\/\\\/radioinfinitagoya.com.ar\\\/v1\\\/2026\\\/09\\\/02\\\/juan-pablo-valdes-viaja-a-misiones-para-una-cumbre-economica-que-cerrara-javier-milei\\\/\",\"url\":\"https:\\\/\\\/radioinfinitagoya.com.ar\\\/v1\\\/2026\\\/09\\\/02\\\/juan-pablo-valdes-viaja-a-misiones-para-una-cumbre-economica-que-cerrara-javier-milei\\\/\",\"name\":\"Juan Pablo Vald\u00e9s viaja a Misiones para una cumbre econ\u00f3mica que cerrar\u00e1 Javier Milei - Radio Infinita Goya\",\"isPartOf\":{\"@id\":\"https:\\\/\\\/radioinfinitagoya.com.ar\\\/v1\\\/#website\"},\"primaryImageOfPage\":{\"@id\":\"https:\\\/\\\/radioinfinitagoya.com.ar\\\/v1\\\/2026\\\/09\\\/02\\\/juan-pablo-valdes-viaja-a-misiones-para-una-cumbre-economica-que-cerrara-javier-milei\\\/#primaryimage\"},\"image\":{\"@id\":\"https:\\\/\\\/radioinfinitagoya.com.ar\\\/v1\\\/2026\\\/09\\\/02\\\/juan-pablo-valdes-viaja-a-misiones-para-una-cumbre-economica-que-cerrara-javier-milei\\\/#primaryimage\"},\"thumbnailUrl\":\"https:\\\/\\\/radioinfinitagoya.com.ar\\\/v1\\\/wp-content\\\/uploads\\\/2026\\\/09\\\/1788349754599.webp\",\"datePublished\":\"2026-09-02T16:25:45+00:00\",\"description\":\"El gobernador de Corrientes participar\u00e1 de la Convenci\u00f3n Anual del Instituto Argentino de Ejecutivos de Finanzas. Compartir\u00e1 un panel con otros\",\"breadcrumb\":{\"@id\":\"https:\\\/\\\/radioinfinitagoya.com.ar\\\/v1\\\/2026\\\/09\\\/02\\\/juan-pablo-valdes-viaja-a-misiones-para-una-cumbre-economica-que-cerrara-javier-milei\\\/#breadcrumb\"},\"inLanguage\":\"es-AR\",\"potentialAction\":[{\"@type\":\"ReadAction\",\"target\":[\"https:\\\/\\\/radioinfinitagoya.com.ar\\\/v1\\\/2026\\\/09\\\/02\\\/juan-pablo-valdes-viaja-a-misiones-para-una-cumbre-economica-que-cerrara-javier-milei\\\/\"]}]},{\"@type\":\"ImageObject\",\"inLanguage\":\"es-AR\",\"@id\":\"https:\\\/\\\/radioinfinitagoya.com.ar\\\/v1\\\/2026\\\/09\\\/02\\\/juan-pablo-valdes-viaja-a-misiones-para-una-cumbre-economica-que-cerrara-javier-milei\\\/#primaryimage\",\"url\":\"https:\\\/\\\/radioinfinitagoya.com.ar\\\/v1\\\/wp-content\\\/uploads\\\/2026\\\/09\\\/1788349754599.webp\",\"contentUrl\":\"https:\\\/\\\/radioinfinitagoya.com.ar\\\/v1\\\/wp-content\\\/uploads\\\/2026\\\/09\\\/1788349754599.webp\",\"width\":1200,\"height\":675},{\"@type\":\"BreadcrumbList\",\"@id\":\"https:\\\/\\\/radioinfinitagoya.com.ar\\\/v1\\\/2026\\\/09\\\/02\\\/juan-pablo-valdes-viaja-a-misiones-para-una-cumbre-economica-que-cerrara-javier-milei\\\/#breadcrumb\",\"itemListElement\":[{\"@type\":\"ListItem\",\"position\":1,\"name\":\"Inicio\",\"item\":\"https:\\\/\\\/radioinfinitagoya.com.ar\\\/v1\\\/\"},{\"@type\":\"ListItem\",\"position\":2,\"name\":\"Juan Pablo Vald\u00e9s viaja a Misiones para una cumbre econ\u00f3mica que cerrar\u00e1 Javier Milei\"}]},{\"@type\":\"WebSite\",\"@id\":\"https:\\\/\\\/radioinfinitagoya.com.ar\\\/v1\\\/#website\",\"url\":\"https:\\\/\\\/radioinfinitagoya.com.ar\\\/v1\\\/\",\"name\":\"radioinfinitagoya.com.ar\",\"description\":\"Radio de noticias\",\"publisher\":{\"@id\":\"https:\\\/\\\/radioinfinitagoya.com.ar\\\/v1\\\/#organization\"},\"potentialAction\":[{\"@type\":\"SearchAction\",\"target\":{\"@type\":\"EntryPoint\",\"urlTemplate\":\"https:\\\/\\\/radioinfinitagoya.com.ar\\\/v1\\\/?s={search_term_string}\"},\"query-input\":{\"@type\":\"PropertyValueSpecification\",\"valueRequired\":true,\"valueName\":\"search_term_string\"}}],\"inLanguage\":\"es-AR\"},{\"@type\":\"Organization\",\"@id\":\"https:\\\/\\\/radioinfinitagoya.com.ar\\\/v1\\\/#organization\",\"name\":\"Radio Infinita Goya\",\"url\":\"https:\\\/\\\/radioinfinitagoya.com.ar\\\/v1\\\/\",\"logo\":{\"@type\":\"ImageObject\",\"inLanguage\":\"es-AR\",\"@id\":\"https:\\\/\\\/radioinfinitagoya.com.ar\\\/v1\\\/#\\\/schema\\\/logo\\\/image\\\/\",\"url\":\"https:\\\/\\\/radioinfinitagoya.com.ar\\\/v1\\\/wp-content\\\/uploads\\\/2019\\\/11\\\/logo-pie-web.png\",\"contentUrl\":\"https:\\\/\\\/radioinfinitagoya.com.ar\\\/v1\\\/wp-content\\\/uploads\\\/2019\\\/11\\\/logo-pie-web.png\",\"width\":635,\"height\":326,\"caption\":\"Radio Infinita Goya\"},\"image\":{\"@id\":\"https:\\\/\\\/radioinfinitagoya.com.ar\\\/v1\\\/#\\\/schema\\\/logo\\\/image\\\/\"},\"sameAs\":[\"https:\\\/\\\/www.facebook.com\\\/p\\\/Infinita-Goya-100063870918311\\\/\"]},{\"@type\":\"Person\",\"@id\":\"https:\\\/\\\/radioinfinitagoya.com.ar\\\/v1\\\/#\\\/schema\\\/person\\\/d4cf9c413d4f6edb24aabdccab49ca4a\",\"name\":\"Jorge Mi\u00f1o\",\"image\":{\"@type\":\"ImageObject\",\"inLanguage\":\"es-AR\",\"@id\":\"https:\\\/\\\/secure.gravatar.com\\\/avatar\\\/910fcf6728fe95320e07a6643c1581fec1c7fc4bf8ae12e3d8f0d0373dc844be?s=96&d=mm&r=g\",\"url\":\"https:\\\/\\\/secure.gravatar.com\\\/avatar\\\/910fcf6728fe95320e07a6643c1581fec1c7fc4bf8ae12e3d8f0d0373dc844be?s=96&d=mm&r=g\",\"contentUrl\":\"https:\\\/\\\/secure.gravatar.com\\\/avatar\\\/910fcf6728fe95320e07a6643c1581fec1c7fc4bf8ae12e3d8f0d0373dc844be?s=96&d=mm&r=g\",\"caption\":\"Jorge Mi\u00f1o\"},\"sameAs\":[\"http:\\\/\\\/radioinfinitagoya.com.ar\"]}]}<\/script>\n<!-- \/ Yoast SEO plugin. -->","yoast_head_json":{"title":"Juan Pablo Vald\u00e9s viaja a Misiones para una cumbre econ\u00f3mica que cerrar\u00e1 Javier Milei - Radio Infinita Goya","description":"El gobernador de Corrientes participar\u00e1 de la Convenci\u00f3n Anual del Instituto Argentino de Ejecutivos de Finanzas. Compartir\u00e1 un panel con otros","robots":{"index":"index","follow":"follow","max-snippet":"max-snippet:-1","max-image-preview":"max-image-preview:large","max-video-preview":"max-video-preview:-1"},"canonical":"https:\/\/radioinfinitagoya.com.ar\/v1\/2026\/09\/02\/juan-pablo-valdes-viaja-a-misiones-para-una-cumbre-economica-que-cerrara-javier-milei\/","og_locale":"es_ES","og_type":"article","og_title":"Juan Pablo Vald\u00e9s viaja a Misiones para una cumbre econ\u00f3mica que cerrar\u00e1 Javier Milei - Radio Infinita Goya","og_description":"El gobernador de Corrientes participar\u00e1 de la Convenci\u00f3n Anual del Instituto Argentino de Ejecutivos de Finanzas. Compartir\u00e1 un panel con otros","og_url":"https:\/\/radioinfinitagoya.com.ar\/v1\/2026\/09\/02\/juan-pablo-valdes-viaja-a-misiones-para-una-cumbre-economica-que-cerrara-javier-milei\/","og_site_name":"Radio Infinita Goya","article_publisher":"https:\/\/www.facebook.com\/p\/Infinita-Goya-100063870918311\/","article_published_time":"2026-09-02T16:25:45+00:00","og_image":[{"width":1200,"height":675,"url":"https:\/\/radioinfinitagoya.com.ar\/v1\/wp-content\/uploads\/2026\/09\/1788349754599.webp","type":"image\/webp"}],"author":"Jorge Mi\u00f1o","twitter_card":"summary_large_image","twitter_misc":{"Escrito por":"Jorge Mi\u00f1o","Tiempo de lectura":"2 minutos"},"schema":{"@context":"https:\/\/schema.org","@graph":[{"@type":"Article","@id":"https:\/\/radioinfinitagoya.com.ar\/v1\/2026\/09\/02\/juan-pablo-valdes-viaja-a-misiones-para-una-cumbre-economica-que-cerrara-javier-milei\/#article","isPartOf":{"@id":"https:\/\/radioinfinitagoya.com.ar\/v1\/2026\/09\/02\/juan-pablo-valdes-viaja-a-misiones-para-una-cumbre-economica-que-cerrara-javier-milei\/"},"author":{"name":"Jorge Mi\u00f1o","@id":"https:\/\/radioinfinitagoya.com.ar\/v1\/#\/schema\/person\/d4cf9c413d4f6edb24aabdccab49ca4a"},"headline":"Juan Pablo Vald\u00e9s viaja a Misiones para una cumbre econ\u00f3mica que cerrar\u00e1 Javier Milei","datePublished":"2026-09-02T16:25:45+00:00","mainEntityOfPage":{"@id":"https:\/\/radioinfinitagoya.com.ar\/v1\/2026\/09\/02\/juan-pablo-valdes-viaja-a-misiones-para-una-cumbre-economica-que-cerrara-javier-milei\/"},"wordCount":374,"commentCount":0,"publisher":{"@id":"https:\/\/radioinfinitagoya.com.ar\/v1\/#organization"},"image":{"@id":"https:\/\/radioinfinitagoya.com.ar\/v1\/2026\/09\/02\/juan-pablo-valdes-viaja-a-misiones-para-una-cumbre-economica-que-cerrara-javier-milei\/#primaryimage"},"thumbnailUrl":"https:\/\/radioinfinitagoya.com.ar\/v1\/wp-content\/uploads\/2026\/09\/1788349754599.webp","articleSection":["INFORMACI\u00d3N GENERAL"],"inLanguage":"es-AR","potentialAction":[{"@type":"CommentAction","name":"Comment","target":["https:\/\/radioinfinitagoya.com.ar\/v1\/2026\/09\/02\/juan-pablo-valdes-viaja-a-misiones-para-una-cumbre-economica-que-cerrara-javier-milei\/#respond"]}]},{"@type":"WebPage","@id":"https:\/\/radioinfinitagoya.com.ar\/v1\/2026\/09\/02\/juan-pablo-valdes-viaja-a-misiones-para-una-cumbre-economica-que-cerrara-javier-milei\/","url":"https:\/\/radioinfinitagoya.com.ar\/v1\/2026\/09\/02\/juan-pablo-valdes-viaja-a-misiones-para-una-cumbre-economica-que-cerrara-javier-milei\/","name":"Juan Pablo Vald\u00e9s viaja a Misiones para una cumbre econ\u00f3mica que cerrar\u00e1 Javier Milei - Radio Infinita Goya","isPartOf":{"@id":"https:\/\/radioinfinitagoya.com.ar\/v1\/#website"},"primaryImageOfPage":{"@id":"https:\/\/radioinfinitagoya.com.ar\/v1\/2026\/09\/02\/juan-pablo-valdes-viaja-a-misiones-para-una-cumbre-economica-que-cerrara-javier-milei\/#primaryimage"},"image":{"@id":"https:\/\/radioinfinitagoya.com.ar\/v1\/2026\/09\/02\/juan-pablo-valdes-viaja-a-misiones-para-una-cumbre-economica-que-cerrara-javier-milei\/#primaryimage"},"thumbnailUrl":"https:\/\/radioinfinitagoya.com.ar\/v1\/wp-content\/uploads\/2026\/09\/1788349754599.webp","datePublished":"2026-09-02T16:25:45+00:00","description":"El gobernador de Corrientes participar\u00e1 de la Convenci\u00f3n Anual del Instituto Argentino de Ejecutivos de Finanzas. Compartir\u00e1 un panel con otros","breadcrumb":{"@id":"https:\/\/radioinfinitagoya.com.ar\/v1\/2026\/09\/02\/juan-pablo-valdes-viaja-a-misiones-para-una-cumbre-economica-que-cerrara-javier-milei\/#breadcrumb"},"inLanguage":"es-AR","potentialAction":[{"@type":"ReadAction","target":["https:\/\/radioinfinitagoya.com.ar\/v1\/2026\/09\/02\/juan-pablo-valdes-viaja-a-misiones-para-una-cumbre-economica-que-cerrara-javier-milei\/"]}]},{"@type":"ImageObject","inLanguage":"es-AR","@id":"https:\/\/radioinfinitagoya.com.ar\/v1\/2026\/09\/02\/juan-pablo-valdes-viaja-a-misiones-para-una-cumbre-economica-que-cerrara-javier-milei\/#primaryimage","url":"https:\/\/radioinfinitagoya.com.ar\/v1\/wp-content\/uploads\/2026\/09\/1788349754599.webp","contentUrl":"https:\/\/radioinfinitagoya.com.ar\/v1\/wp-content\/uploads\/2026\/09\/1788349754599.webp","width":1200,"height":675},{"@type":"BreadcrumbList","@id":"https:\/\/radioinfinitagoya.com.ar\/v1\/2026\/09\/02\/juan-pablo-valdes-viaja-a-misiones-para-una-cumbre-economica-que-cerrara-javier-milei\/#breadcrumb","itemListElement":[{"@type":"ListItem","position":1,"name":"Inicio","item":"https:\/\/radioinfinitagoya.com.ar\/v1\/"},{"@type":"ListItem","position":2,"name":"Juan Pablo Vald\u00e9s viaja a Misiones para una cumbre econ\u00f3mica que cerrar\u00e1 Javier Milei"}]},{"@type":"WebSite","@id":"https:\/\/radioinfinitagoya.com.ar\/v1\/#website","url":"https:\/\/radioinfinitagoya.com.ar\/v1\/","name":"radioinfinitagoya.com.ar","description":"Radio de noticias","publisher":{"@id":"https:\/\/radioinfinitagoya.com.ar\/v1\/#organization"},"potentialAction":[{"@type":"SearchAction","target":{"@type":"EntryPoint","urlTemplate":"https:\/\/radioinfinitagoya.com.ar\/v1\/?s={search_term_string}"},"query-input":{"@type":"PropertyValueSpecification","valueRequired":true,"valueName":"search_term_string"}}],"inLanguage":"es-AR"},{"@type":"Organization","@id":"https:\/\/radioinfinitagoya.com.ar\/v1\/#organization","name":"Radio Infinita Goya","url":"https:\/\/radioinfinitagoya.com.ar\/v1\/","logo":{"@type":"ImageObject","inLanguage":"es-AR","@id":"https:\/\/radioinfinitagoya.com.ar\/v1\/#\/schema\/logo\/image\/","url":"https:\/\/radioinfinitagoya.com.ar\/v1\/wp-content\/uploads\/2019\/11\/logo-pie-web.png","contentUrl":"https:\/\/radioinfinitagoya.com.ar\/v1\/wp-content\/uploads\/2019\/11\/logo-pie-web.png","width":635,"height":326,"caption":"Radio Infinita Goya"},"image":{"@id":"https:\/\/radioinfinitagoya.com.ar\/v1\/#\/schema\/logo\/image\/"},"sameAs":["https:\/\/www.facebook.com\/p\/Infinita-Goya-100063870918311\/"]},{"@type":"Person","@id":"https:\/\/radioinfinitagoya.com.ar\/v1\/#\/schema\/person\/d4cf9c413d4f6edb24aabdccab49ca4a","name":"Jorge Mi\u00f1o","image":{"@type":"ImageObject","inLanguage":"es-AR","@id":"https:\/\/secure.gravatar.com\/avatar\/910fcf6728fe95320e07a6643c1581fec1c7fc4bf8ae12e3d8f0d0373dc844be?s=96&d=mm&r=g","url":"https:\/\/secure.gravatar.com\/avatar\/910fcf6728fe95320e07a6643c1581fec1c7fc4bf8ae12e3d8f0d0373dc844be?s=96&d=mm&r=g","contentUrl":"https:\/\/secure.gravatar.com\/avatar\/910fcf6728fe95320e07a6643c1581fec1c7fc4bf8ae12e3d8f0d0373dc844be?s=96&d=mm&r=g","caption":"Jorge Mi\u00f1o"},"sameAs":["http:\/\/radioinfinitagoya.com.ar"]}]}},"_links":{"self":[{"href":"https:\/\/radioinfinitagoya.com.ar\/v1\/wp-json\/wp\/v2\/posts\/226552","targetHints":{"allow":["GET"]}}],"collection":[{"href":"https:\/\/radioinfinitagoya.com.ar\/v1\/wp-json\/wp\/v2\/posts"}],"about":[{"href":"https:\/\/radioinfinitagoya.com.ar\/v1\/wp-json\/wp\/v2\/types\/post"}],"author":[{"embeddable":true,"href":"https:\/\/radioinfinitagoya.com.ar\/v1\/wp-json\/wp\/v2\/users\/4"}],"replies":[{"embeddable":true,"href":"https:\/\/radioinfinitagoya.com.ar\/v1\/wp-json\/wp\/v2\/comments?post=226552"}],"version-history":[{"count":1,"href":"https:\/\/radioinfinitagoya.com.ar\/v1\/wp-json\/wp\/v2\/posts\/226552\/revisions"}],"predecessor-version":[{"id":226554,"href":"https:\/\/radioinfinitagoya.com.ar\/v1\/wp-json\/wp\/v2\/posts\/226552\/revisions\/226554"}],"wp:featuredmedia":[{"embeddable":true,"href":"https:\/\/radioinfinitagoya.com.ar\/v1\/wp-json\/wp\/v2\/media\/226553"}],"wp:attachment":[{"href":"https:\/\/radioinfinitagoya.com.ar\/v1\/wp-json\/wp\/v2\/media?parent=226552"}],"wp:term":[{"taxonomy":"category","embeddable":true,"href":"https:\/\/radioinfinitagoya.com.ar\/v1\/wp-json\/wp\/v2\/categories?post=226552"},{"taxonomy":"post_tag","embeddable":true,"href":"https:\/\/radioinfinitagoya.com.ar\/v1\/wp-json\/wp\/v2\/tags?post=226552"}],"curies":[{"name":"wp","href":"https:\/\/api.w.org\/{rel}","templated":true}]}}