{"id":226558,"date":"2026-09-02T13:39:16","date_gmt":"2026-09-02T16:39:16","guid":{"rendered":"https:\/\/radioinfinitagoya.com.ar\/v1\/?p=226558"},"modified":"2026-09-02T13:39:16","modified_gmt":"2026-09-02T16:39:16","slug":"lamine-yamal-opino-sobre-julian-alvarez-tras-su-pase-frustrado-al-barcelona","status":"publish","type":"post","link":"https:\/\/radioinfinitagoya.com.ar\/v1\/2026\/09\/02\/lamine-yamal-opino-sobre-julian-alvarez-tras-su-pase-frustrado-al-barcelona\/","title":{"rendered":"Lamine Yamal opin\u00f3 sobre Juli\u00e1n \u00c1lvarez tras su pase frustrado al Barcelona"},"content":{"rendered":"<p>&#8220;Obviamente es&#8230;&#8221;<\/p>\n<p>Luego de que se confirmara la permanencia del delantero en Atl\u00e9tico de Madrid, el joven blaugrana rompi\u00f3 el silencio. Su sincera postura sobre el argentino.<\/p>\n<p>La novela m\u00e1s vibrante de la ventana de transferencias lleg\u00f3 a su punto final sin el desenlace esperado por el jugador. Pese al marcado deseo de Juli\u00e1n \u00c1lvarez por desembarcar en la Ciudad Condal y a los intentos formales por concretar la operaci\u00f3n, la dirigencia del Atl\u00e9tico Madrid se plant\u00f3 de forma tajante: se neg\u00f3 rotundamente a transferir a una de sus principales figuras a un rival directo del \u00e1mbito local. Ante este escenario, la Ara\u00f1a continuar\u00e1 bajo las \u00f3rdenes de Diego Simeone en la capital espa\u00f1ola.<\/p>\n<p>En medio de las repercusiones por el fallido traspaso, quien tom\u00f3 la palabra fue Lamine Yamal. Durante su asistencia a la Gala de la Asociaci\u00f3n de Futbolistas Espa\u00f1oles (AFE) celebrada en Madrid, el joven delantero del conjunto cul\u00e9 fue consultado de manera directa sobre el frustrado arribo del cordob\u00e9s y dej\u00f3 una respuesta tan categ\u00f3rica como elocuente.<\/p>\n<p>Lamine Yamal, la negativa del Atl\u00e9tico de Madrid y el ataque del Barcelona<br \/>\n&#8220;Es un gran jugador, pero a nosotros no nos est\u00e1n faltando goles. Obviamente es un enorme jugador, pero estoy muy contento con la plantilla que tenemos&#8221;, solt\u00f3 la joya de 19 a\u00f1os. De esta forma, si bien reconoci\u00f3 el calibre internacional del campe\u00f3n del mundo, respald\u00f3 al plantel que conduce Hansi Flick de cara a los exigentes objetivos del calendario.<\/p>\n<p>M\u00e1s all\u00e1 de referirse al mercado de pases, el atacante espa\u00f1ol dej\u00f3 en claro que la gran meta de la temporada es pelear en todos los frentes y conquistar la UEFA Champions League, buscando extender una racha gloriosa tras consagrarse campe\u00f3n del mundo con su selecci\u00f3n. &#8220;Todos los d\u00edas que te levantas siendo campe\u00f3n del mundo eres muy feliz. La victoria nos hizo creer que pod\u00edamos lograrlo y me quedo con eso&#8221;, reflexion\u00f3.<\/p>\n<p>De esta manera, las puertas para ver al atacante surgido en River luciendo la camiseta blaugrana quedaron cerradas en el corto plazo. Con el libro de pases en sus horas definitivas, el delantero de la Selecci\u00f3n Argentina permanecer\u00e1 en el Colchonero al menos hasta enero de 2027, momento en que volver\u00e1 a abrirse la ventana de transferencias europea.<\/p>\n","protected":false},"excerpt":{"rendered":"<p>&#8220;Obviamente es&#8230;&#8221; Luego de que se confirmara la permanencia del delantero en Atl\u00e9tico de Madrid, el joven blaugrana rompi\u00f3 el silencio. Su sincera postura sobre el argentino. La novela m\u00e1s vibrante de la ventana de transferencias lleg\u00f3 a su punto final sin el desenlace esperado por el jugador. Pese al marcado deseo de Juli\u00e1n \u00c1lvarez [&hellip;]<\/p>\n","protected":false},"author":4,"featured_media":226559,"comment_status":"open","ping_status":"open","sticky":false,"template":"","format":"standard","meta":{"_joinchat":[],"footnotes":""},"categories":[28],"tags":[],"class_list":["post-226558","post","type-post","status-publish","format-standard","has-post-thumbnail","category-deportes"],"yoast_head":"<!-- This site is optimized with the Yoast SEO plugin v27.7 - https:\/\/yoast.com\/product\/yoast-seo-wordpress\/ -->\n<title>Lamine Yamal opin\u00f3 sobre Juli\u00e1n \u00c1lvarez tras su pase frustrado al Barcelona - Radio Infinita Goya<\/title>\n<meta name=\"description\" content=\"&quot;Obviamente es...&quot; Luego de que se confirmara la permanencia del delantero en Atl\u00e9tico de Madrid, el joven blaugrana rompi\u00f3 el silencio. Su sincera\" \/>\n<meta name=\"robots\" content=\"index, follow, max-snippet:-1, max-image-preview:large, max-video-preview:-1\" \/>\n<link rel=\"canonical\" href=\"https:\/\/radioinfinitagoya.com.ar\/v1\/2026\/09\/02\/lamine-yamal-opino-sobre-julian-alvarez-tras-su-pase-frustrado-al-barcelona\/\" \/>\n<meta property=\"og:locale\" content=\"es_ES\" \/>\n<meta property=\"og:type\" content=\"article\" \/>\n<meta property=\"og:title\" content=\"Lamine Yamal opin\u00f3 sobre Juli\u00e1n \u00c1lvarez tras su pase frustrado al Barcelona - Radio Infinita Goya\" \/>\n<meta property=\"og:description\" content=\"&quot;Obviamente es...&quot; Luego de que se confirmara la permanencia del delantero en Atl\u00e9tico de Madrid, el joven blaugrana rompi\u00f3 el silencio. Su sincera\" \/>\n<meta property=\"og:url\" content=\"https:\/\/radioinfinitagoya.com.ar\/v1\/2026\/09\/02\/lamine-yamal-opino-sobre-julian-alvarez-tras-su-pase-frustrado-al-barcelona\/\" \/>\n<meta property=\"og:site_name\" content=\"Radio Infinita Goya\" \/>\n<meta property=\"article:publisher\" content=\"https:\/\/www.facebook.com\/p\/Infinita-Goya-100063870918311\/\" \/>\n<meta property=\"article:published_time\" content=\"2026-09-02T16:39:16+00:00\" \/>\n<meta property=\"og:image\" content=\"https:\/\/radioinfinitagoya.com.ar\/v1\/wp-content\/uploads\/2026\/09\/lamine-yamal.webp\" \/>\n\t<meta property=\"og:image:width\" content=\"610\" \/>\n\t<meta property=\"og:image:height\" content=\"381\" \/>\n\t<meta property=\"og:image:type\" content=\"image\/webp\" \/>\n<meta name=\"author\" content=\"Jorge Mi\u00f1o\" \/>\n<meta name=\"twitter:card\" content=\"summary_large_image\" \/>\n<meta name=\"twitter:label1\" content=\"Escrito por\" \/>\n\t<meta name=\"twitter:data1\" content=\"Jorge Mi\u00f1o\" \/>\n\t<meta name=\"twitter:label2\" content=\"Tiempo de lectura\" \/>\n\t<meta name=\"twitter:data2\" content=\"2 minutos\" \/>\n<script type=\"application\/ld+json\" class=\"yoast-schema-graph\">{\"@context\":\"https:\\\/\\\/schema.org\",\"@graph\":[{\"@type\":\"Article\",\"@id\":\"https:\\\/\\\/radioinfinitagoya.com.ar\\\/v1\\\/2026\\\/09\\\/02\\\/lamine-yamal-opino-sobre-julian-alvarez-tras-su-pase-frustrado-al-barcelona\\\/#article\",\"isPartOf\":{\"@id\":\"https:\\\/\\\/radioinfinitagoya.com.ar\\\/v1\\\/2026\\\/09\\\/02\\\/lamine-yamal-opino-sobre-julian-alvarez-tras-su-pase-frustrado-al-barcelona\\\/\"},\"author\":{\"name\":\"Jorge Mi\u00f1o\",\"@id\":\"https:\\\/\\\/radioinfinitagoya.com.ar\\\/v1\\\/#\\\/schema\\\/person\\\/d4cf9c413d4f6edb24aabdccab49ca4a\"},\"headline\":\"Lamine Yamal opin\u00f3 sobre Juli\u00e1n \u00c1lvarez tras su pase frustrado al Barcelona\",\"datePublished\":\"2026-09-02T16:39:16+00:00\",\"mainEntityOfPage\":{\"@id\":\"https:\\\/\\\/radioinfinitagoya.com.ar\\\/v1\\\/2026\\\/09\\\/02\\\/lamine-yamal-opino-sobre-julian-alvarez-tras-su-pase-frustrado-al-barcelona\\\/\"},\"wordCount\":409,\"commentCount\":0,\"publisher\":{\"@id\":\"https:\\\/\\\/radioinfinitagoya.com.ar\\\/v1\\\/#organization\"},\"image\":{\"@id\":\"https:\\\/\\\/radioinfinitagoya.com.ar\\\/v1\\\/2026\\\/09\\\/02\\\/lamine-yamal-opino-sobre-julian-alvarez-tras-su-pase-frustrado-al-barcelona\\\/#primaryimage\"},\"thumbnailUrl\":\"https:\\\/\\\/radioinfinitagoya.com.ar\\\/v1\\\/wp-content\\\/uploads\\\/2026\\\/09\\\/lamine-yamal.webp\",\"articleSection\":[\"DEPORTES\"],\"inLanguage\":\"es-AR\",\"potentialAction\":[{\"@type\":\"CommentAction\",\"name\":\"Comment\",\"target\":[\"https:\\\/\\\/radioinfinitagoya.com.ar\\\/v1\\\/2026\\\/09\\\/02\\\/lamine-yamal-opino-sobre-julian-alvarez-tras-su-pase-frustrado-al-barcelona\\\/#respond\"]}]},{\"@type\":\"WebPage\",\"@id\":\"https:\\\/\\\/radioinfinitagoya.com.ar\\\/v1\\\/2026\\\/09\\\/02\\\/lamine-yamal-opino-sobre-julian-alvarez-tras-su-pase-frustrado-al-barcelona\\\/\",\"url\":\"https:\\\/\\\/radioinfinitagoya.com.ar\\\/v1\\\/2026\\\/09\\\/02\\\/lamine-yamal-opino-sobre-julian-alvarez-tras-su-pase-frustrado-al-barcelona\\\/\",\"name\":\"Lamine Yamal opin\u00f3 sobre Juli\u00e1n \u00c1lvarez tras su pase frustrado al Barcelona - Radio Infinita Goya\",\"isPartOf\":{\"@id\":\"https:\\\/\\\/radioinfinitagoya.com.ar\\\/v1\\\/#website\"},\"primaryImageOfPage\":{\"@id\":\"https:\\\/\\\/radioinfinitagoya.com.ar\\\/v1\\\/2026\\\/09\\\/02\\\/lamine-yamal-opino-sobre-julian-alvarez-tras-su-pase-frustrado-al-barcelona\\\/#primaryimage\"},\"image\":{\"@id\":\"https:\\\/\\\/radioinfinitagoya.com.ar\\\/v1\\\/2026\\\/09\\\/02\\\/lamine-yamal-opino-sobre-julian-alvarez-tras-su-pase-frustrado-al-barcelona\\\/#primaryimage\"},\"thumbnailUrl\":\"https:\\\/\\\/radioinfinitagoya.com.ar\\\/v1\\\/wp-content\\\/uploads\\\/2026\\\/09\\\/lamine-yamal.webp\",\"datePublished\":\"2026-09-02T16:39:16+00:00\",\"description\":\"\\\"Obviamente es...\\\" Luego de que se confirmara la permanencia del delantero en Atl\u00e9tico de Madrid, el joven blaugrana rompi\u00f3 el silencio. Su sincera\",\"breadcrumb\":{\"@id\":\"https:\\\/\\\/radioinfinitagoya.com.ar\\\/v1\\\/2026\\\/09\\\/02\\\/lamine-yamal-opino-sobre-julian-alvarez-tras-su-pase-frustrado-al-barcelona\\\/#breadcrumb\"},\"inLanguage\":\"es-AR\",\"potentialAction\":[{\"@type\":\"ReadAction\",\"target\":[\"https:\\\/\\\/radioinfinitagoya.com.ar\\\/v1\\\/2026\\\/09\\\/02\\\/lamine-yamal-opino-sobre-julian-alvarez-tras-su-pase-frustrado-al-barcelona\\\/\"]}]},{\"@type\":\"ImageObject\",\"inLanguage\":\"es-AR\",\"@id\":\"https:\\\/\\\/radioinfinitagoya.com.ar\\\/v1\\\/2026\\\/09\\\/02\\\/lamine-yamal-opino-sobre-julian-alvarez-tras-su-pase-frustrado-al-barcelona\\\/#primaryimage\",\"url\":\"https:\\\/\\\/radioinfinitagoya.com.ar\\\/v1\\\/wp-content\\\/uploads\\\/2026\\\/09\\\/lamine-yamal.webp\",\"contentUrl\":\"https:\\\/\\\/radioinfinitagoya.com.ar\\\/v1\\\/wp-content\\\/uploads\\\/2026\\\/09\\\/lamine-yamal.webp\",\"width\":610,\"height\":381},{\"@type\":\"BreadcrumbList\",\"@id\":\"https:\\\/\\\/radioinfinitagoya.com.ar\\\/v1\\\/2026\\\/09\\\/02\\\/lamine-yamal-opino-sobre-julian-alvarez-tras-su-pase-frustrado-al-barcelona\\\/#breadcrumb\",\"itemListElement\":[{\"@type\":\"ListItem\",\"position\":1,\"name\":\"Inicio\",\"item\":\"https:\\\/\\\/radioinfinitagoya.com.ar\\\/v1\\\/\"},{\"@type\":\"ListItem\",\"position\":2,\"name\":\"Lamine Yamal opin\u00f3 sobre Juli\u00e1n \u00c1lvarez tras su pase frustrado al Barcelona\"}]},{\"@type\":\"WebSite\",\"@id\":\"https:\\\/\\\/radioinfinitagoya.com.ar\\\/v1\\\/#website\",\"url\":\"https:\\\/\\\/radioinfinitagoya.com.ar\\\/v1\\\/\",\"name\":\"radioinfinitagoya.com.ar\",\"description\":\"Radio de noticias\",\"publisher\":{\"@id\":\"https:\\\/\\\/radioinfinitagoya.com.ar\\\/v1\\\/#organization\"},\"potentialAction\":[{\"@type\":\"SearchAction\",\"target\":{\"@type\":\"EntryPoint\",\"urlTemplate\":\"https:\\\/\\\/radioinfinitagoya.com.ar\\\/v1\\\/?s={search_term_string}\"},\"query-input\":{\"@type\":\"PropertyValueSpecification\",\"valueRequired\":true,\"valueName\":\"search_term_string\"}}],\"inLanguage\":\"es-AR\"},{\"@type\":\"Organization\",\"@id\":\"https:\\\/\\\/radioinfinitagoya.com.ar\\\/v1\\\/#organization\",\"name\":\"Radio Infinita Goya\",\"url\":\"https:\\\/\\\/radioinfinitagoya.com.ar\\\/v1\\\/\",\"logo\":{\"@type\":\"ImageObject\",\"inLanguage\":\"es-AR\",\"@id\":\"https:\\\/\\\/radioinfinitagoya.com.ar\\\/v1\\\/#\\\/schema\\\/logo\\\/image\\\/\",\"url\":\"https:\\\/\\\/radioinfinitagoya.com.ar\\\/v1\\\/wp-content\\\/uploads\\\/2019\\\/11\\\/logo-pie-web.png\",\"contentUrl\":\"https:\\\/\\\/radioinfinitagoya.com.ar\\\/v1\\\/wp-content\\\/uploads\\\/2019\\\/11\\\/logo-pie-web.png\",\"width\":635,\"height\":326,\"caption\":\"Radio Infinita Goya\"},\"image\":{\"@id\":\"https:\\\/\\\/radioinfinitagoya.com.ar\\\/v1\\\/#\\\/schema\\\/logo\\\/image\\\/\"},\"sameAs\":[\"https:\\\/\\\/www.facebook.com\\\/p\\\/Infinita-Goya-100063870918311\\\/\"]},{\"@type\":\"Person\",\"@id\":\"https:\\\/\\\/radioinfinitagoya.com.ar\\\/v1\\\/#\\\/schema\\\/person\\\/d4cf9c413d4f6edb24aabdccab49ca4a\",\"name\":\"Jorge Mi\u00f1o\",\"image\":{\"@type\":\"ImageObject\",\"inLanguage\":\"es-AR\",\"@id\":\"https:\\\/\\\/secure.gravatar.com\\\/avatar\\\/910fcf6728fe95320e07a6643c1581fec1c7fc4bf8ae12e3d8f0d0373dc844be?s=96&d=mm&r=g\",\"url\":\"https:\\\/\\\/secure.gravatar.com\\\/avatar\\\/910fcf6728fe95320e07a6643c1581fec1c7fc4bf8ae12e3d8f0d0373dc844be?s=96&d=mm&r=g\",\"contentUrl\":\"https:\\\/\\\/secure.gravatar.com\\\/avatar\\\/910fcf6728fe95320e07a6643c1581fec1c7fc4bf8ae12e3d8f0d0373dc844be?s=96&d=mm&r=g\",\"caption\":\"Jorge Mi\u00f1o\"},\"sameAs\":[\"http:\\\/\\\/radioinfinitagoya.com.ar\"]}]}<\/script>\n<!-- \/ Yoast SEO plugin. -->","yoast_head_json":{"title":"Lamine Yamal opin\u00f3 sobre Juli\u00e1n \u00c1lvarez tras su pase frustrado al Barcelona - Radio Infinita Goya","description":"\"Obviamente es...\" Luego de que se confirmara la permanencia del delantero en Atl\u00e9tico de Madrid, el joven blaugrana rompi\u00f3 el silencio. Su sincera","robots":{"index":"index","follow":"follow","max-snippet":"max-snippet:-1","max-image-preview":"max-image-preview:large","max-video-preview":"max-video-preview:-1"},"canonical":"https:\/\/radioinfinitagoya.com.ar\/v1\/2026\/09\/02\/lamine-yamal-opino-sobre-julian-alvarez-tras-su-pase-frustrado-al-barcelona\/","og_locale":"es_ES","og_type":"article","og_title":"Lamine Yamal opin\u00f3 sobre Juli\u00e1n \u00c1lvarez tras su pase frustrado al Barcelona - Radio Infinita Goya","og_description":"\"Obviamente es...\" Luego de que se confirmara la permanencia del delantero en Atl\u00e9tico de Madrid, el joven blaugrana rompi\u00f3 el silencio. Su sincera","og_url":"https:\/\/radioinfinitagoya.com.ar\/v1\/2026\/09\/02\/lamine-yamal-opino-sobre-julian-alvarez-tras-su-pase-frustrado-al-barcelona\/","og_site_name":"Radio Infinita Goya","article_publisher":"https:\/\/www.facebook.com\/p\/Infinita-Goya-100063870918311\/","article_published_time":"2026-09-02T16:39:16+00:00","og_image":[{"width":610,"height":381,"url":"https:\/\/radioinfinitagoya.com.ar\/v1\/wp-content\/uploads\/2026\/09\/lamine-yamal.webp","type":"image\/webp"}],"author":"Jorge Mi\u00f1o","twitter_card":"summary_large_image","twitter_misc":{"Escrito por":"Jorge Mi\u00f1o","Tiempo de lectura":"2 minutos"},"schema":{"@context":"https:\/\/schema.org","@graph":[{"@type":"Article","@id":"https:\/\/radioinfinitagoya.com.ar\/v1\/2026\/09\/02\/lamine-yamal-opino-sobre-julian-alvarez-tras-su-pase-frustrado-al-barcelona\/#article","isPartOf":{"@id":"https:\/\/radioinfinitagoya.com.ar\/v1\/2026\/09\/02\/lamine-yamal-opino-sobre-julian-alvarez-tras-su-pase-frustrado-al-barcelona\/"},"author":{"name":"Jorge Mi\u00f1o","@id":"https:\/\/radioinfinitagoya.com.ar\/v1\/#\/schema\/person\/d4cf9c413d4f6edb24aabdccab49ca4a"},"headline":"Lamine Yamal opin\u00f3 sobre Juli\u00e1n \u00c1lvarez tras su pase frustrado al Barcelona","datePublished":"2026-09-02T16:39:16+00:00","mainEntityOfPage":{"@id":"https:\/\/radioinfinitagoya.com.ar\/v1\/2026\/09\/02\/lamine-yamal-opino-sobre-julian-alvarez-tras-su-pase-frustrado-al-barcelona\/"},"wordCount":409,"commentCount":0,"publisher":{"@id":"https:\/\/radioinfinitagoya.com.ar\/v1\/#organization"},"image":{"@id":"https:\/\/radioinfinitagoya.com.ar\/v1\/2026\/09\/02\/lamine-yamal-opino-sobre-julian-alvarez-tras-su-pase-frustrado-al-barcelona\/#primaryimage"},"thumbnailUrl":"https:\/\/radioinfinitagoya.com.ar\/v1\/wp-content\/uploads\/2026\/09\/lamine-yamal.webp","articleSection":["DEPORTES"],"inLanguage":"es-AR","potentialAction":[{"@type":"CommentAction","name":"Comment","target":["https:\/\/radioinfinitagoya.com.ar\/v1\/2026\/09\/02\/lamine-yamal-opino-sobre-julian-alvarez-tras-su-pase-frustrado-al-barcelona\/#respond"]}]},{"@type":"WebPage","@id":"https:\/\/radioinfinitagoya.com.ar\/v1\/2026\/09\/02\/lamine-yamal-opino-sobre-julian-alvarez-tras-su-pase-frustrado-al-barcelona\/","url":"https:\/\/radioinfinitagoya.com.ar\/v1\/2026\/09\/02\/lamine-yamal-opino-sobre-julian-alvarez-tras-su-pase-frustrado-al-barcelona\/","name":"Lamine Yamal opin\u00f3 sobre Juli\u00e1n \u00c1lvarez tras su pase frustrado al Barcelona - Radio Infinita Goya","isPartOf":{"@id":"https:\/\/radioinfinitagoya.com.ar\/v1\/#website"},"primaryImageOfPage":{"@id":"https:\/\/radioinfinitagoya.com.ar\/v1\/2026\/09\/02\/lamine-yamal-opino-sobre-julian-alvarez-tras-su-pase-frustrado-al-barcelona\/#primaryimage"},"image":{"@id":"https:\/\/radioinfinitagoya.com.ar\/v1\/2026\/09\/02\/lamine-yamal-opino-sobre-julian-alvarez-tras-su-pase-frustrado-al-barcelona\/#primaryimage"},"thumbnailUrl":"https:\/\/radioinfinitagoya.com.ar\/v1\/wp-content\/uploads\/2026\/09\/lamine-yamal.webp","datePublished":"2026-09-02T16:39:16+00:00","description":"\"Obviamente es...\" Luego de que se confirmara la permanencia del delantero en Atl\u00e9tico de Madrid, el joven blaugrana rompi\u00f3 el silencio. Su sincera","breadcrumb":{"@id":"https:\/\/radioinfinitagoya.com.ar\/v1\/2026\/09\/02\/lamine-yamal-opino-sobre-julian-alvarez-tras-su-pase-frustrado-al-barcelona\/#breadcrumb"},"inLanguage":"es-AR","potentialAction":[{"@type":"ReadAction","target":["https:\/\/radioinfinitagoya.com.ar\/v1\/2026\/09\/02\/lamine-yamal-opino-sobre-julian-alvarez-tras-su-pase-frustrado-al-barcelona\/"]}]},{"@type":"ImageObject","inLanguage":"es-AR","@id":"https:\/\/radioinfinitagoya.com.ar\/v1\/2026\/09\/02\/lamine-yamal-opino-sobre-julian-alvarez-tras-su-pase-frustrado-al-barcelona\/#primaryimage","url":"https:\/\/radioinfinitagoya.com.ar\/v1\/wp-content\/uploads\/2026\/09\/lamine-yamal.webp","contentUrl":"https:\/\/radioinfinitagoya.com.ar\/v1\/wp-content\/uploads\/2026\/09\/lamine-yamal.webp","width":610,"height":381},{"@type":"BreadcrumbList","@id":"https:\/\/radioinfinitagoya.com.ar\/v1\/2026\/09\/02\/lamine-yamal-opino-sobre-julian-alvarez-tras-su-pase-frustrado-al-barcelona\/#breadcrumb","itemListElement":[{"@type":"ListItem","position":1,"name":"Inicio","item":"https:\/\/radioinfinitagoya.com.ar\/v1\/"},{"@type":"ListItem","position":2,"name":"Lamine Yamal opin\u00f3 sobre Juli\u00e1n \u00c1lvarez tras su pase frustrado al Barcelona"}]},{"@type":"WebSite","@id":"https:\/\/radioinfinitagoya.com.ar\/v1\/#website","url":"https:\/\/radioinfinitagoya.com.ar\/v1\/","name":"radioinfinitagoya.com.ar","description":"Radio de noticias","publisher":{"@id":"https:\/\/radioinfinitagoya.com.ar\/v1\/#organization"},"potentialAction":[{"@type":"SearchAction","target":{"@type":"EntryPoint","urlTemplate":"https:\/\/radioinfinitagoya.com.ar\/v1\/?s={search_term_string}"},"query-input":{"@type":"PropertyValueSpecification","valueRequired":true,"valueName":"search_term_string"}}],"inLanguage":"es-AR"},{"@type":"Organization","@id":"https:\/\/radioinfinitagoya.com.ar\/v1\/#organization","name":"Radio Infinita Goya","url":"https:\/\/radioinfinitagoya.com.ar\/v1\/","logo":{"@type":"ImageObject","inLanguage":"es-AR","@id":"https:\/\/radioinfinitagoya.com.ar\/v1\/#\/schema\/logo\/image\/","url":"https:\/\/radioinfinitagoya.com.ar\/v1\/wp-content\/uploads\/2019\/11\/logo-pie-web.png","contentUrl":"https:\/\/radioinfinitagoya.com.ar\/v1\/wp-content\/uploads\/2019\/11\/logo-pie-web.png","width":635,"height":326,"caption":"Radio Infinita Goya"},"image":{"@id":"https:\/\/radioinfinitagoya.com.ar\/v1\/#\/schema\/logo\/image\/"},"sameAs":["https:\/\/www.facebook.com\/p\/Infinita-Goya-100063870918311\/"]},{"@type":"Person","@id":"https:\/\/radioinfinitagoya.com.ar\/v1\/#\/schema\/person\/d4cf9c413d4f6edb24aabdccab49ca4a","name":"Jorge Mi\u00f1o","image":{"@type":"ImageObject","inLanguage":"es-AR","@id":"https:\/\/secure.gravatar.com\/avatar\/910fcf6728fe95320e07a6643c1581fec1c7fc4bf8ae12e3d8f0d0373dc844be?s=96&d=mm&r=g","url":"https:\/\/secure.gravatar.com\/avatar\/910fcf6728fe95320e07a6643c1581fec1c7fc4bf8ae12e3d8f0d0373dc844be?s=96&d=mm&r=g","contentUrl":"https:\/\/secure.gravatar.com\/avatar\/910fcf6728fe95320e07a6643c1581fec1c7fc4bf8ae12e3d8f0d0373dc844be?s=96&d=mm&r=g","caption":"Jorge Mi\u00f1o"},"sameAs":["http:\/\/radioinfinitagoya.com.ar"]}]}},"_links":{"self":[{"href":"https:\/\/radioinfinitagoya.com.ar\/v1\/wp-json\/wp\/v2\/posts\/226558","targetHints":{"allow":["GET"]}}],"collection":[{"href":"https:\/\/radioinfinitagoya.com.ar\/v1\/wp-json\/wp\/v2\/posts"}],"about":[{"href":"https:\/\/radioinfinitagoya.com.ar\/v1\/wp-json\/wp\/v2\/types\/post"}],"author":[{"embeddable":true,"href":"https:\/\/radioinfinitagoya.com.ar\/v1\/wp-json\/wp\/v2\/users\/4"}],"replies":[{"embeddable":true,"href":"https:\/\/radioinfinitagoya.com.ar\/v1\/wp-json\/wp\/v2\/comments?post=226558"}],"version-history":[{"count":1,"href":"https:\/\/radioinfinitagoya.com.ar\/v1\/wp-json\/wp\/v2\/posts\/226558\/revisions"}],"predecessor-version":[{"id":226560,"href":"https:\/\/radioinfinitagoya.com.ar\/v1\/wp-json\/wp\/v2\/posts\/226558\/revisions\/226560"}],"wp:featuredmedia":[{"embeddable":true,"href":"https:\/\/radioinfinitagoya.com.ar\/v1\/wp-json\/wp\/v2\/media\/226559"}],"wp:attachment":[{"href":"https:\/\/radioinfinitagoya.com.ar\/v1\/wp-json\/wp\/v2\/media?parent=226558"}],"wp:term":[{"taxonomy":"category","embeddable":true,"href":"https:\/\/radioinfinitagoya.com.ar\/v1\/wp-json\/wp\/v2\/categories?post=226558"},{"taxonomy":"post_tag","embeddable":true,"href":"https:\/\/radioinfinitagoya.com.ar\/v1\/wp-json\/wp\/v2\/tags?post=226558"}],"curies":[{"name":"wp","href":"https:\/\/api.w.org\/{rel}","templated":true}]}}